{"id":17762,"date":"2010-03-17T22:38:51","date_gmt":"2010-03-17T22:38:51","guid":{"rendered":"https:\/\/www.institutodeengenharia.org.br\/?p=17762"},"modified":"2010-03-17T09:39:50","modified_gmt":"2010-03-17T09:39:50","slug":"brasil-tem-condicao-tecnica-de-receber-uranio-do-ira","status":"publish","type":"post","link":"https:\/\/www.institutodeengenharia.org.br\/site\/2010\/03\/17\/brasil-tem-condicao-tecnica-de-receber-uranio-do-ira\/","title":{"rendered":"Brasil tem condi\u00e7\u00e3o t\u00e9cnica de receber ur\u00e2nio do Ir\u00e3"},"content":{"rendered":"<p>Um dos pa\u00edses que levantam a voz para defender o direito do Ir\u00e3 a um programa nuclear pac\u00edfico, o Brasil tem condi\u00e7\u00f5es t\u00e9cnicas de receber o ur\u00e2nio enriquecido daquele pa\u00eds em troca de combust\u00edvel nuclear para uso cient\u00edfico, disse o engenheiro Leonam Guimar\u00e3es, assistente da presid\u00eancia da Eletronuclear, que passa a integrar um grupo de especialistas da ag\u00eancia nuclear da ONU. <\/p>\n<p>&#8220;O que o Ir\u00e3 est\u00e1 querendo \u00e9 recarga de combust\u00edvel para um reator de pesquisa&#8230; no Brasil n\u00f3s temos quatro reatores deste tipo&#8221;, disse Guimar\u00e3es \u00e0 Reuters. <\/p>\n<p>&#8220;Essa possibilidade t\u00e9cnica existe, mas a\u00ed \u00e9 um problema pol\u00edtico&#8221;, acrescentou, lembrando que o Brasil j\u00e1 produz seu pr\u00f3prio combust\u00edvel nuclear. <\/p>\n<p>As pot\u00eancias ocidentais acusam o Ir\u00e3 de ter a inten\u00e7\u00e3o de desenvolver armas at\u00f4micas, o que o governo de Teer\u00e3 nega. E um acordo para a troca de combust\u00edvel poderia significar uma sa\u00edda para a longa disputa sobre seu programa nuclear. <\/p>\n<p>\nSob a proposta de interc\u00e2mbio de material feita no ano passado pela Ag\u00eancia Internacional de Energia At\u00f4mica (AIEA), o Ir\u00e3 embarcaria 70 por cento de seu estoque de ur\u00e2nio baixamente enriquecido para o exterior, onde seria convertido em c\u00e1psulas de combust\u00edvel compat\u00edveis para o uso no reator m\u00e9dico, mas invi\u00e1vel para o desenvolvimento de armas nucleares. <\/p>\n<p>Em fevereiro, o chanceler iraniano, Manouchehr Mottaki, disse que aceitaria enviar o material para ser reprocessado na Turquia, no Brasil ou no Jap\u00e3o, mas os Estados Unidos e seus aliados n\u00e3o chegaram a um acordo com a Rep\u00fablica Isl\u00e2mica, que corre o risco de enfrentar uma quarta rodada de san\u00e7\u00f5es da ONU. <\/p>\n<p>A postura do governo brasileiro em insistir no di\u00e1logo e afirmar que \u00e9 poss\u00edvel desenvolver um programa nuclear para fins pac\u00edficos, como o Brasil, tem sido criticada pelos Estados Unidos. Durante visita a Bras\u00edlia na semana passada, a secret\u00e1ria de Estado norte-americana, Hillary Clinton, n\u00e3o conseguiu obter apoio do pa\u00eds para as novas san\u00e7\u00f5es. <\/p>\n<p>&#8220;A comunidade internacional, em especial os pa\u00edses desenvolvidos, eles n\u00e3o acreditam, eles questionam (&#8230;) acham que o Ir\u00e3 est\u00e1 mentindo, mas o Brasil n\u00e3o pode partir do princ\u00edpio que um pa\u00eds est\u00e1 mentindo&#8221;, disse Guimar\u00e3es. <\/p>\n<p>Conselheiro na AIEA <br \/>\nO engenheiro naval especializado em energia nuclear, de 50 anos, foi convidado pelo diretor-geral da Ag\u00eancia Internacional de Energia At\u00f4mica (AIEA), Yukiya Amano, para integrar um grupo de especialistas a fim de assessor\u00e1-lo no desenvolvimento sustent\u00e1vel da energia nuclear no mundo. <\/p>\n<p>A cada tr\u00eas anos, 20 especialistas dos pa\u00edses membros da ag\u00eancia s\u00e3o convidados a integrar o grupo, que em 2010 inicia seu quarto mandato. Segundo Guimar\u00e3es, Amano fez quest\u00e3o de que um brasileiro participasse da equipe conselheira, que n\u00e3o tem caracter\u00edstica de representa\u00e7\u00e3o nacional. <\/p>\n<p>&#8220;\u00c9 um reconhecimento da pr\u00f3pria ag\u00eancia quanto \u00e0 import\u00e2ncia do Brasil dentro do contexto da energia nuclear no mundo&#8221;, afirmou. <\/p>\n<p>A energia nuclear passou a ser vista como uma alternativa ao combust\u00edvel f\u00f3ssil, mas ambientalistas ainda questionam o tratamento que ser\u00e1 dado aos res\u00edduos que gera. <\/p>\n<p>Segundo Guimar\u00e3es, a Comiss\u00e3o Nacional de Energia Nuclear desenvolve dois projetos que devem equacionar o gerenciamento do lixo nuclear: o dep\u00f3sito definitivo de res\u00edduos de baixa e m\u00e9dia radioatividade e o dep\u00f3sito intermedi\u00e1rio de longa dura\u00e7\u00e3o para combust\u00edvel usado. <\/p>\n<p>O principal desafio, no entanto, ser\u00e1 viabilizar a expans\u00e3o da gera\u00e7\u00e3o el\u00e9trica nuclear em pa\u00edses que ainda n\u00e3o t\u00eam um programa em desenvolvimento, disse ele. <\/p>\n<p>Ele afirmou que a expans\u00e3o da energia nuclear no Brasil n\u00e3o compromete sua matriz energ\u00e9tica, uma vez que &#8220;a energia nuclear \u00e9 limpa, contribuindo para a redu\u00e7\u00e3o das emiss\u00f5es de di\u00f3xido de carbono&#8221;, apontado como um dos principais gases do efeito estufa. <\/p>\n<p>&#8220;A energia nuclear n\u00e3o \u00e9 a solu\u00e7\u00e3o, mas faz certamente parte da solu\u00e7\u00e3o, e a longo prazo a import\u00e2ncia dela tende a crescer significativamente&#8221;, disse. <\/p>\n<p>No Brasil, 90 por cento da energia el\u00e9trica \u00e9 gerada por fonte renov\u00e1vel, seguida de 3 por cento por energia nuclear e o restante por carv\u00e3o e a biomassa. Somente a &#8220;energia hidr\u00e1ulica, limpa e barata&#8221; n\u00e3o \u00e9 mais suficiente para atender a demanda atual e futura, precisando cada vez mais da complementa\u00e7\u00e3o t\u00e9rmica, segundo ele. <\/p>\n<p>&#8220;A\u00ed sim a energia nuclear tem um papel importante a desempenhar.&#8221; <\/p>\n<p>Guimar\u00e3es disse que essa complementa\u00e7\u00e3o tende a crescer pela pr\u00f3pria necessidade de amplia\u00e7\u00e3o do sistema energ\u00e9tico, que j\u00e1 n\u00e3o consegue ser atendido somente pelas hidrel\u00e9tricas. \n<\/p>\n<p><b>Autor: Reuters\/Brasil Online<\/b><\/p>\n","protected":false},"excerpt":{"rendered":"<p>Um dos pa\u00edses que levantam a voz para defender o direito do Ir\u00e3 a um programa nuclear pac\u00edfico, o Brasil tem condi\u00e7\u00f5es t\u00e9cnicas de receber o ur\u00e2nio enriquecido daquele pa\u00eds em troca de combust\u00edvel nuclear para uso cient\u00edfico, disse o engenheiro Leonam Guimar\u00e3es, assistente da presid\u00eancia da Eletronuclear, que passa a integrar um grupo de [&hellip;]<\/p>\n","protected":false},"author":1,"featured_media":0,"comment_status":"open","ping_status":"open","sticky":false,"template":"","format":"standard","meta":{"footnotes":""},"categories":[24,6],"tags":[],"class_list":{"0":"post-17762","1":"post","2":"type-post","3":"status-publish","4":"format-standard","6":"category-energia","7":"category-noticias"},"yoast_head":"<!-- This site is optimized with the Yoast SEO plugin v27.2 - https:\/\/yoast.com\/product\/yoast-seo-wordpress\/ -->\n<title>Brasil tem condi\u00e7\u00e3o t\u00e9cnica de receber ur\u00e2nio do Ir\u00e3 - Instituto de Engenharia<\/title>\n<meta name=\"robots\" content=\"index, follow, max-snippet:-1, max-image-preview:large, max-video-preview:-1\" \/>\n<link rel=\"canonical\" href=\"https:\/\/www.institutodeengenharia.org.br\/site\/2010\/03\/17\/brasil-tem-condicao-tecnica-de-receber-uranio-do-ira\/\" \/>\n<meta property=\"og:locale\" content=\"pt_BR\" \/>\n<meta property=\"og:type\" content=\"article\" \/>\n<meta property=\"og:title\" content=\"Brasil tem condi\u00e7\u00e3o t\u00e9cnica de receber ur\u00e2nio do Ir\u00e3 - Instituto de Engenharia\" \/>\n<meta property=\"og:description\" content=\"Um dos pa\u00edses que levantam a voz para defender o direito do Ir\u00e3 a um programa nuclear pac\u00edfico, o Brasil tem condi\u00e7\u00f5es t\u00e9cnicas de receber o ur\u00e2nio enriquecido daquele pa\u00eds em troca de combust\u00edvel nuclear para uso cient\u00edfico, disse o engenheiro Leonam Guimar\u00e3es, assistente da presid\u00eancia da Eletronuclear, que passa a integrar um grupo de [&hellip;]\" \/>\n<meta property=\"og:url\" content=\"https:\/\/www.institutodeengenharia.org.br\/site\/2010\/03\/17\/brasil-tem-condicao-tecnica-de-receber-uranio-do-ira\/\" \/>\n<meta property=\"og:site_name\" content=\"Instituto de Engenharia\" \/>\n<meta property=\"article:publisher\" content=\"https:\/\/www.facebook.com\/institutodeengenharia\" \/>\n<meta property=\"article:published_time\" content=\"2010-03-17T22:38:51+00:00\" \/>\n<meta name=\"author\" content=\"TMax Tecnologia\" \/>\n<meta name=\"twitter:card\" content=\"summary_large_image\" \/>\n<meta name=\"twitter:creator\" content=\"@iengenharia\" \/>\n<meta name=\"twitter:site\" content=\"@iengenharia\" \/>\n<meta name=\"twitter:label1\" content=\"Escrito por\" \/>\n\t<meta name=\"twitter:data1\" content=\"TMax Tecnologia\" \/>\n\t<meta name=\"twitter:label2\" content=\"Est. tempo de leitura\" \/>\n\t<meta name=\"twitter:data2\" content=\"4 minutos\" \/>\n<script type=\"application\/ld+json\" class=\"yoast-schema-graph\">{\"@context\":\"https:\/\/schema.org\",\"@graph\":[{\"@type\":\"Article\",\"@id\":\"https:\/\/www.institutodeengenharia.org.br\/site\/2010\/03\/17\/brasil-tem-condicao-tecnica-de-receber-uranio-do-ira\/#article\",\"isPartOf\":{\"@id\":\"https:\/\/www.institutodeengenharia.org.br\/site\/2010\/03\/17\/brasil-tem-condicao-tecnica-de-receber-uranio-do-ira\/\"},\"author\":{\"name\":\"TMax Tecnologia\",\"@id\":\"https:\/\/www.institutodeengenharia.org.br\/site\/#\/schema\/person\/3b1ff109facef084739fc2edcb9a127f\"},\"headline\":\"Brasil tem condi\u00e7\u00e3o t\u00e9cnica de receber ur\u00e2nio do Ir\u00e3\",\"datePublished\":\"2010-03-17T22:38:51+00:00\",\"mainEntityOfPage\":{\"@id\":\"https:\/\/www.institutodeengenharia.org.br\/site\/2010\/03\/17\/brasil-tem-condicao-tecnica-de-receber-uranio-do-ira\/\"},\"wordCount\":812,\"commentCount\":0,\"publisher\":{\"@id\":\"https:\/\/www.institutodeengenharia.org.br\/site\/#organization\"},\"articleSection\":[\"Energia\",\"Not\u00edcias\"],\"inLanguage\":\"pt-BR\",\"potentialAction\":[{\"@type\":\"CommentAction\",\"name\":\"Comment\",\"target\":[\"https:\/\/www.institutodeengenharia.org.br\/site\/2010\/03\/17\/brasil-tem-condicao-tecnica-de-receber-uranio-do-ira\/#respond\"]}]},{\"@type\":\"WebPage\",\"@id\":\"https:\/\/www.institutodeengenharia.org.br\/site\/2010\/03\/17\/brasil-tem-condicao-tecnica-de-receber-uranio-do-ira\/\",\"url\":\"https:\/\/www.institutodeengenharia.org.br\/site\/2010\/03\/17\/brasil-tem-condicao-tecnica-de-receber-uranio-do-ira\/\",\"name\":\"Brasil tem condi\u00e7\u00e3o t\u00e9cnica de receber ur\u00e2nio do Ir\u00e3 - Instituto de Engenharia\",\"isPartOf\":{\"@id\":\"https:\/\/www.institutodeengenharia.org.br\/site\/#website\"},\"datePublished\":\"2010-03-17T22:38:51+00:00\",\"breadcrumb\":{\"@id\":\"https:\/\/www.institutodeengenharia.org.br\/site\/2010\/03\/17\/brasil-tem-condicao-tecnica-de-receber-uranio-do-ira\/#breadcrumb\"},\"inLanguage\":\"pt-BR\",\"potentialAction\":[{\"@type\":\"ReadAction\",\"target\":[\"https:\/\/www.institutodeengenharia.org.br\/site\/2010\/03\/17\/brasil-tem-condicao-tecnica-de-receber-uranio-do-ira\/\"]}]},{\"@type\":\"BreadcrumbList\",\"@id\":\"https:\/\/www.institutodeengenharia.org.br\/site\/2010\/03\/17\/brasil-tem-condicao-tecnica-de-receber-uranio-do-ira\/#breadcrumb\",\"itemListElement\":[{\"@type\":\"ListItem\",\"position\":1,\"name\":\"In\u00edcio\",\"item\":\"https:\/\/www.institutodeengenharia.org.br\/site\/\"},{\"@type\":\"ListItem\",\"position\":2,\"name\":\"Brasil tem condi\u00e7\u00e3o t\u00e9cnica de receber ur\u00e2nio do Ir\u00e3\"}]},{\"@type\":\"WebSite\",\"@id\":\"https:\/\/www.institutodeengenharia.org.br\/site\/#website\",\"url\":\"https:\/\/www.institutodeengenharia.org.br\/site\/\",\"name\":\"Instituto de Engenharia\",\"description\":\"O Instituto de Engenharia promove a Engenharia em benef\u00edcio do desenvolvimento e da qualidade de vida da sociedade.\",\"publisher\":{\"@id\":\"https:\/\/www.institutodeengenharia.org.br\/site\/#organization\"},\"potentialAction\":[{\"@type\":\"SearchAction\",\"target\":{\"@type\":\"EntryPoint\",\"urlTemplate\":\"https:\/\/www.institutodeengenharia.org.br\/site\/?s={search_term_string}\"},\"query-input\":{\"@type\":\"PropertyValueSpecification\",\"valueRequired\":true,\"valueName\":\"search_term_string\"}}],\"inLanguage\":\"pt-BR\"},{\"@type\":\"Organization\",\"@id\":\"https:\/\/www.institutodeengenharia.org.br\/site\/#organization\",\"name\":\"Instituto de Engenharia\",\"url\":\"https:\/\/www.institutodeengenharia.org.br\/site\/\",\"logo\":{\"@type\":\"ImageObject\",\"inLanguage\":\"pt-BR\",\"@id\":\"https:\/\/www.institutodeengenharia.org.br\/site\/#\/schema\/logo\/image\/\",\"url\":\"https:\/\/www.institutodeengenharia.org.br\/site\/wp-content\/uploads\/2019\/03\/logo-novo-IE2018-1.jpg\",\"contentUrl\":\"https:\/\/www.institutodeengenharia.org.br\/site\/wp-content\/uploads\/2019\/03\/logo-novo-IE2018-1.jpg\",\"width\":1486,\"height\":1879,\"caption\":\"Instituto de Engenharia\"},\"image\":{\"@id\":\"https:\/\/www.institutodeengenharia.org.br\/site\/#\/schema\/logo\/image\/\"},\"sameAs\":[\"https:\/\/www.facebook.com\/institutodeengenharia\",\"https:\/\/x.com\/iengenharia\",\"https:\/\/www.instagram.com\/institutodeengenharia\/\",\"https:\/\/www.linkedin.com\/company\/instituto-de-engenharia\/\",\"https:\/\/www.youtube.com\/channel\/UCXiCAlsSMe977vamW915HxA\"]},{\"@type\":\"Person\",\"@id\":\"https:\/\/www.institutodeengenharia.org.br\/site\/#\/schema\/person\/3b1ff109facef084739fc2edcb9a127f\",\"name\":\"TMax Tecnologia\",\"image\":{\"@type\":\"ImageObject\",\"inLanguage\":\"pt-BR\",\"@id\":\"https:\/\/secure.gravatar.com\/avatar\/f912434ef7f389c92cb311fcdae346af848465d638912574b3c669070f797701?s=96&d=mm&r=g\",\"url\":\"https:\/\/secure.gravatar.com\/avatar\/f912434ef7f389c92cb311fcdae346af848465d638912574b3c669070f797701?s=96&d=mm&r=g\",\"contentUrl\":\"https:\/\/secure.gravatar.com\/avatar\/f912434ef7f389c92cb311fcdae346af848465d638912574b3c669070f797701?s=96&d=mm&r=g\",\"caption\":\"TMax Tecnologia\"},\"url\":\"https:\/\/www.institutodeengenharia.org.br\/site\/author\/tmax\/\"}]}<\/script>\n<!-- \/ Yoast SEO plugin. -->","yoast_head_json":{"title":"Brasil tem condi\u00e7\u00e3o t\u00e9cnica de receber ur\u00e2nio do Ir\u00e3 - Instituto de Engenharia","robots":{"index":"index","follow":"follow","max-snippet":"max-snippet:-1","max-image-preview":"max-image-preview:large","max-video-preview":"max-video-preview:-1"},"canonical":"https:\/\/www.institutodeengenharia.org.br\/site\/2010\/03\/17\/brasil-tem-condicao-tecnica-de-receber-uranio-do-ira\/","og_locale":"pt_BR","og_type":"article","og_title":"Brasil tem condi\u00e7\u00e3o t\u00e9cnica de receber ur\u00e2nio do Ir\u00e3 - Instituto de Engenharia","og_description":"Um dos pa\u00edses que levantam a voz para defender o direito do Ir\u00e3 a um programa nuclear pac\u00edfico, o Brasil tem condi\u00e7\u00f5es t\u00e9cnicas de receber o ur\u00e2nio enriquecido daquele pa\u00eds em troca de combust\u00edvel nuclear para uso cient\u00edfico, disse o engenheiro Leonam Guimar\u00e3es, assistente da presid\u00eancia da Eletronuclear, que passa a integrar um grupo de [&hellip;]","og_url":"https:\/\/www.institutodeengenharia.org.br\/site\/2010\/03\/17\/brasil-tem-condicao-tecnica-de-receber-uranio-do-ira\/","og_site_name":"Instituto de Engenharia","article_publisher":"https:\/\/www.facebook.com\/institutodeengenharia","article_published_time":"2010-03-17T22:38:51+00:00","author":"TMax Tecnologia","twitter_card":"summary_large_image","twitter_creator":"@iengenharia","twitter_site":"@iengenharia","twitter_misc":{"Escrito por":"TMax Tecnologia","Est. tempo de leitura":"4 minutos"},"schema":{"@context":"https:\/\/schema.org","@graph":[{"@type":"Article","@id":"https:\/\/www.institutodeengenharia.org.br\/site\/2010\/03\/17\/brasil-tem-condicao-tecnica-de-receber-uranio-do-ira\/#article","isPartOf":{"@id":"https:\/\/www.institutodeengenharia.org.br\/site\/2010\/03\/17\/brasil-tem-condicao-tecnica-de-receber-uranio-do-ira\/"},"author":{"name":"TMax Tecnologia","@id":"https:\/\/www.institutodeengenharia.org.br\/site\/#\/schema\/person\/3b1ff109facef084739fc2edcb9a127f"},"headline":"Brasil tem condi\u00e7\u00e3o t\u00e9cnica de receber ur\u00e2nio do Ir\u00e3","datePublished":"2010-03-17T22:38:51+00:00","mainEntityOfPage":{"@id":"https:\/\/www.institutodeengenharia.org.br\/site\/2010\/03\/17\/brasil-tem-condicao-tecnica-de-receber-uranio-do-ira\/"},"wordCount":812,"commentCount":0,"publisher":{"@id":"https:\/\/www.institutodeengenharia.org.br\/site\/#organization"},"articleSection":["Energia","Not\u00edcias"],"inLanguage":"pt-BR","potentialAction":[{"@type":"CommentAction","name":"Comment","target":["https:\/\/www.institutodeengenharia.org.br\/site\/2010\/03\/17\/brasil-tem-condicao-tecnica-de-receber-uranio-do-ira\/#respond"]}]},{"@type":"WebPage","@id":"https:\/\/www.institutodeengenharia.org.br\/site\/2010\/03\/17\/brasil-tem-condicao-tecnica-de-receber-uranio-do-ira\/","url":"https:\/\/www.institutodeengenharia.org.br\/site\/2010\/03\/17\/brasil-tem-condicao-tecnica-de-receber-uranio-do-ira\/","name":"Brasil tem condi\u00e7\u00e3o t\u00e9cnica de receber ur\u00e2nio do Ir\u00e3 - Instituto de Engenharia","isPartOf":{"@id":"https:\/\/www.institutodeengenharia.org.br\/site\/#website"},"datePublished":"2010-03-17T22:38:51+00:00","breadcrumb":{"@id":"https:\/\/www.institutodeengenharia.org.br\/site\/2010\/03\/17\/brasil-tem-condicao-tecnica-de-receber-uranio-do-ira\/#breadcrumb"},"inLanguage":"pt-BR","potentialAction":[{"@type":"ReadAction","target":["https:\/\/www.institutodeengenharia.org.br\/site\/2010\/03\/17\/brasil-tem-condicao-tecnica-de-receber-uranio-do-ira\/"]}]},{"@type":"BreadcrumbList","@id":"https:\/\/www.institutodeengenharia.org.br\/site\/2010\/03\/17\/brasil-tem-condicao-tecnica-de-receber-uranio-do-ira\/#breadcrumb","itemListElement":[{"@type":"ListItem","position":1,"name":"In\u00edcio","item":"https:\/\/www.institutodeengenharia.org.br\/site\/"},{"@type":"ListItem","position":2,"name":"Brasil tem condi\u00e7\u00e3o t\u00e9cnica de receber ur\u00e2nio do Ir\u00e3"}]},{"@type":"WebSite","@id":"https:\/\/www.institutodeengenharia.org.br\/site\/#website","url":"https:\/\/www.institutodeengenharia.org.br\/site\/","name":"Instituto de Engenharia","description":"O Instituto de Engenharia promove a Engenharia em benef\u00edcio do desenvolvimento e da qualidade de vida da sociedade.","publisher":{"@id":"https:\/\/www.institutodeengenharia.org.br\/site\/#organization"},"potentialAction":[{"@type":"SearchAction","target":{"@type":"EntryPoint","urlTemplate":"https:\/\/www.institutodeengenharia.org.br\/site\/?s={search_term_string}"},"query-input":{"@type":"PropertyValueSpecification","valueRequired":true,"valueName":"search_term_string"}}],"inLanguage":"pt-BR"},{"@type":"Organization","@id":"https:\/\/www.institutodeengenharia.org.br\/site\/#organization","name":"Instituto de Engenharia","url":"https:\/\/www.institutodeengenharia.org.br\/site\/","logo":{"@type":"ImageObject","inLanguage":"pt-BR","@id":"https:\/\/www.institutodeengenharia.org.br\/site\/#\/schema\/logo\/image\/","url":"https:\/\/www.institutodeengenharia.org.br\/site\/wp-content\/uploads\/2019\/03\/logo-novo-IE2018-1.jpg","contentUrl":"https:\/\/www.institutodeengenharia.org.br\/site\/wp-content\/uploads\/2019\/03\/logo-novo-IE2018-1.jpg","width":1486,"height":1879,"caption":"Instituto de Engenharia"},"image":{"@id":"https:\/\/www.institutodeengenharia.org.br\/site\/#\/schema\/logo\/image\/"},"sameAs":["https:\/\/www.facebook.com\/institutodeengenharia","https:\/\/x.com\/iengenharia","https:\/\/www.instagram.com\/institutodeengenharia\/","https:\/\/www.linkedin.com\/company\/instituto-de-engenharia\/","https:\/\/www.youtube.com\/channel\/UCXiCAlsSMe977vamW915HxA"]},{"@type":"Person","@id":"https:\/\/www.institutodeengenharia.org.br\/site\/#\/schema\/person\/3b1ff109facef084739fc2edcb9a127f","name":"TMax Tecnologia","image":{"@type":"ImageObject","inLanguage":"pt-BR","@id":"https:\/\/secure.gravatar.com\/avatar\/f912434ef7f389c92cb311fcdae346af848465d638912574b3c669070f797701?s=96&d=mm&r=g","url":"https:\/\/secure.gravatar.com\/avatar\/f912434ef7f389c92cb311fcdae346af848465d638912574b3c669070f797701?s=96&d=mm&r=g","contentUrl":"https:\/\/secure.gravatar.com\/avatar\/f912434ef7f389c92cb311fcdae346af848465d638912574b3c669070f797701?s=96&d=mm&r=g","caption":"TMax Tecnologia"},"url":"https:\/\/www.institutodeengenharia.org.br\/site\/author\/tmax\/"}]}},"_links":{"self":[{"href":"https:\/\/www.institutodeengenharia.org.br\/site\/wp-json\/wp\/v2\/posts\/17762","targetHints":{"allow":["GET"]}}],"collection":[{"href":"https:\/\/www.institutodeengenharia.org.br\/site\/wp-json\/wp\/v2\/posts"}],"about":[{"href":"https:\/\/www.institutodeengenharia.org.br\/site\/wp-json\/wp\/v2\/types\/post"}],"author":[{"embeddable":true,"href":"https:\/\/www.institutodeengenharia.org.br\/site\/wp-json\/wp\/v2\/users\/1"}],"replies":[{"embeddable":true,"href":"https:\/\/www.institutodeengenharia.org.br\/site\/wp-json\/wp\/v2\/comments?post=17762"}],"version-history":[{"count":0,"href":"https:\/\/www.institutodeengenharia.org.br\/site\/wp-json\/wp\/v2\/posts\/17762\/revisions"}],"wp:attachment":[{"href":"https:\/\/www.institutodeengenharia.org.br\/site\/wp-json\/wp\/v2\/media?parent=17762"}],"wp:term":[{"taxonomy":"category","embeddable":true,"href":"https:\/\/www.institutodeengenharia.org.br\/site\/wp-json\/wp\/v2\/categories?post=17762"},{"taxonomy":"post_tag","embeddable":true,"href":"https:\/\/www.institutodeengenharia.org.br\/site\/wp-json\/wp\/v2\/tags?post=17762"}],"curies":[{"name":"wp","href":"https:\/\/api.w.org\/{rel}","templated":true}]}}