{"id":17731,"date":"2010-03-15T22:38:28","date_gmt":"2010-03-15T22:38:28","guid":{"rendered":"https:\/\/www.institutodeengenharia.org.br\/?p=17731"},"modified":"2010-03-15T16:11:29","modified_gmt":"2010-03-15T16:11:29","slug":"ufrj-presidente-do-cnpq-preocupado-com-baixo-numero-de-engenheiros","status":"publish","type":"post","link":"https:\/\/www.institutodeengenharia.org.br\/site\/2010\/03\/15\/ufrj-presidente-do-cnpq-preocupado-com-baixo-numero-de-engenheiros\/","title":{"rendered":"UFRJ &#8211; Presidente do CNPq preocupado com baixo n\u00famero de engenheiros"},"content":{"rendered":"<p>Carlos Alberto Arag\u00e3o de Carvalho Filho, revelou preocupa\u00e7\u00e3o com a pequena quantidade de estudantes que terminam os cursos de Engenharia no pa\u00eds por ano. Ele alertou, durante a aula inaugural do Programa de Planejamento Energ\u00e9tico (PPE) da Coppe\u2013UFRJ, na semana passada, que o n\u00famero de novos engenheiros ficou em 4,28% do total de formados no n\u00edvel superior em 2007, em contraste com os 29% para a mesma \u00e1rea na Coreia do Sul.\u00a0<\/p>\n<p>Estat\u00edsticas de fato deram o tom da palestra \u201cO CNPq e a pesquisa no Brasil: desafios e realiza\u00e7\u00f5es\u201d. Carvalho Filho, que tamb\u00e9m \u00e9 professor do Instituto de F\u00edsica da UFRJ, lembrou que seis em cada 10 estudantes de Engenharia nas universidades p\u00fablicas n\u00e3o terminam o curso. Em universidades particulares, o n\u00famero pode chegar a 75%. Segundo ele, o motivo \u00e9 a baixa qualidade da educa\u00e7\u00e3o fundamental e m\u00e9dia. Na R\u00fassia, na \u00cdndia e na China, que ao lado do Brasil destacam-se no cen\u00e1rio mundial pela ascens\u00e3o r\u00e1pida das economias em desenvolvimento (Bric), s\u00e3o formados 190 mil, 220 mil e 650 mil engenheiros por ano, respectivamente. Em 2007, o Brasil formou apenas 30 mil engenheiros. <\/p>\n<p>A rela\u00e7\u00e3o entre o CNPq e a Coordena\u00e7\u00e3o de Aperfei\u00e7oamento de Pessoal de N\u00edvel Superior (Capes) \u2014 as duas maiores ag\u00eancias de fomento \u00e0 pesquisa no Brasil \u2014 tamb\u00e9m foi tratada por Carvalho Filho, que tomou posse em 27 de janeiro, no lugar de Marco Antonio Zago. Ele anunciou que ser\u00e1 criada uma portaria conjunta do CNPq e da Capes que permitir\u00e1 que o bolsista de mestrado e doutorado complemente a renda at\u00e9 o dobro do valor da bolsa com atividades extras, como a doc\u00eancia. <\/p>\n<p>Quanto \u00e0s realiza\u00e7\u00f5es, Carvalho Filho deu destaque ao fato de o CNPq ter sido um dos principais motores para colocar o Brasil em 13\u00ba lugar no ranking mundial de publica\u00e7\u00f5es cient\u00edficas, com cerca de 2% de tudo que \u00e9 divulgado. A partir da d\u00e9cada de 1970 a produ\u00e7\u00e3o cient\u00edfica no Brasil cresceu quatro vezes mais que a dos outros pa\u00edses, inclusive os desenvolvidos. <\/p>\n<p>O presidente da primeira institui\u00e7\u00e3o de fomento \u00e0 pesquisa, fundada em 1951 (tamb\u00e9m ano do nascimento dele), encerrou o evento afirmando que espera \u201cn\u00e3o acabar seus dias achando que o Brasil \u00e9 o pa\u00eds do futuro\u201d e que quer ver um brasileiro ganhar o Nobel de F\u00edsica. <\/p>\n<p><b>Autor: Planeta Universit\u00e1rio<\/b><\/p>\n","protected":false},"excerpt":{"rendered":"<p>Carlos Alberto Arag\u00e3o de Carvalho Filho, revelou preocupa\u00e7\u00e3o com a pequena quantidade de estudantes que terminam os cursos de Engenharia no pa\u00eds por ano. Ele alertou, durante a aula inaugural do Programa de Planejamento Energ\u00e9tico (PPE) da Coppe\u2013UFRJ, na semana passada, que o n\u00famero de novos engenheiros ficou em 4,28% do total de formados no [&hellip;]<\/p>\n","protected":false},"author":1,"featured_media":0,"comment_status":"open","ping_status":"open","sticky":false,"template":"","format":"standard","meta":{"footnotes":""},"categories":[6,35],"tags":[],"class_list":{"0":"post-17731","1":"post","2":"type-post","3":"status-publish","4":"format-standard","6":"category-noticias","7":"category-pesquisa-e-desenvolvimento"},"yoast_head":"<!-- This site is optimized with the Yoast SEO plugin v27.2 - https:\/\/yoast.com\/product\/yoast-seo-wordpress\/ -->\n<title>UFRJ - Presidente do CNPq preocupado com baixo n\u00famero de engenheiros - Instituto de Engenharia<\/title>\n<meta name=\"robots\" content=\"index, follow, max-snippet:-1, max-image-preview:large, max-video-preview:-1\" \/>\n<link rel=\"canonical\" href=\"https:\/\/www.institutodeengenharia.org.br\/site\/2010\/03\/15\/ufrj-presidente-do-cnpq-preocupado-com-baixo-numero-de-engenheiros\/\" \/>\n<meta property=\"og:locale\" content=\"pt_BR\" \/>\n<meta property=\"og:type\" content=\"article\" \/>\n<meta property=\"og:title\" content=\"UFRJ - Presidente do CNPq preocupado com baixo n\u00famero de engenheiros - Instituto de Engenharia\" \/>\n<meta property=\"og:description\" content=\"Carlos Alberto Arag\u00e3o de Carvalho Filho, revelou preocupa\u00e7\u00e3o com a pequena quantidade de estudantes que terminam os cursos de Engenharia no pa\u00eds por ano. Ele alertou, durante a aula inaugural do Programa de Planejamento Energ\u00e9tico (PPE) da Coppe\u2013UFRJ, na semana passada, que o n\u00famero de novos engenheiros ficou em 4,28% do total de formados no [&hellip;]\" \/>\n<meta property=\"og:url\" content=\"https:\/\/www.institutodeengenharia.org.br\/site\/2010\/03\/15\/ufrj-presidente-do-cnpq-preocupado-com-baixo-numero-de-engenheiros\/\" \/>\n<meta property=\"og:site_name\" content=\"Instituto de Engenharia\" \/>\n<meta property=\"article:publisher\" content=\"https:\/\/www.facebook.com\/institutodeengenharia\" \/>\n<meta property=\"article:published_time\" content=\"2010-03-15T22:38:28+00:00\" \/>\n<meta name=\"author\" content=\"TMax Tecnologia\" \/>\n<meta name=\"twitter:card\" content=\"summary_large_image\" \/>\n<meta name=\"twitter:creator\" content=\"@iengenharia\" \/>\n<meta name=\"twitter:site\" content=\"@iengenharia\" \/>\n<meta name=\"twitter:label1\" content=\"Escrito por\" \/>\n\t<meta name=\"twitter:data1\" content=\"TMax Tecnologia\" \/>\n\t<meta name=\"twitter:label2\" content=\"Est. tempo de leitura\" \/>\n\t<meta name=\"twitter:data2\" content=\"2 minutos\" \/>\n<script type=\"application\/ld+json\" class=\"yoast-schema-graph\">{\"@context\":\"https:\/\/schema.org\",\"@graph\":[{\"@type\":\"Article\",\"@id\":\"https:\/\/www.institutodeengenharia.org.br\/site\/2010\/03\/15\/ufrj-presidente-do-cnpq-preocupado-com-baixo-numero-de-engenheiros\/#article\",\"isPartOf\":{\"@id\":\"https:\/\/www.institutodeengenharia.org.br\/site\/2010\/03\/15\/ufrj-presidente-do-cnpq-preocupado-com-baixo-numero-de-engenheiros\/\"},\"author\":{\"name\":\"TMax Tecnologia\",\"@id\":\"https:\/\/www.institutodeengenharia.org.br\/site\/#\/schema\/person\/3b1ff109facef084739fc2edcb9a127f\"},\"headline\":\"UFRJ &#8211; Presidente do CNPq preocupado com baixo n\u00famero de engenheiros\",\"datePublished\":\"2010-03-15T22:38:28+00:00\",\"mainEntityOfPage\":{\"@id\":\"https:\/\/www.institutodeengenharia.org.br\/site\/2010\/03\/15\/ufrj-presidente-do-cnpq-preocupado-com-baixo-numero-de-engenheiros\/\"},\"wordCount\":414,\"commentCount\":0,\"publisher\":{\"@id\":\"https:\/\/www.institutodeengenharia.org.br\/site\/#organization\"},\"articleSection\":[\"Not\u00edcias\",\"Pesquisa e Desenvolvimento\"],\"inLanguage\":\"pt-BR\",\"potentialAction\":[{\"@type\":\"CommentAction\",\"name\":\"Comment\",\"target\":[\"https:\/\/www.institutodeengenharia.org.br\/site\/2010\/03\/15\/ufrj-presidente-do-cnpq-preocupado-com-baixo-numero-de-engenheiros\/#respond\"]}]},{\"@type\":\"WebPage\",\"@id\":\"https:\/\/www.institutodeengenharia.org.br\/site\/2010\/03\/15\/ufrj-presidente-do-cnpq-preocupado-com-baixo-numero-de-engenheiros\/\",\"url\":\"https:\/\/www.institutodeengenharia.org.br\/site\/2010\/03\/15\/ufrj-presidente-do-cnpq-preocupado-com-baixo-numero-de-engenheiros\/\",\"name\":\"UFRJ - Presidente do CNPq preocupado com baixo n\u00famero de engenheiros - Instituto de Engenharia\",\"isPartOf\":{\"@id\":\"https:\/\/www.institutodeengenharia.org.br\/site\/#website\"},\"datePublished\":\"2010-03-15T22:38:28+00:00\",\"breadcrumb\":{\"@id\":\"https:\/\/www.institutodeengenharia.org.br\/site\/2010\/03\/15\/ufrj-presidente-do-cnpq-preocupado-com-baixo-numero-de-engenheiros\/#breadcrumb\"},\"inLanguage\":\"pt-BR\",\"potentialAction\":[{\"@type\":\"ReadAction\",\"target\":[\"https:\/\/www.institutodeengenharia.org.br\/site\/2010\/03\/15\/ufrj-presidente-do-cnpq-preocupado-com-baixo-numero-de-engenheiros\/\"]}]},{\"@type\":\"BreadcrumbList\",\"@id\":\"https:\/\/www.institutodeengenharia.org.br\/site\/2010\/03\/15\/ufrj-presidente-do-cnpq-preocupado-com-baixo-numero-de-engenheiros\/#breadcrumb\",\"itemListElement\":[{\"@type\":\"ListItem\",\"position\":1,\"name\":\"In\u00edcio\",\"item\":\"https:\/\/www.institutodeengenharia.org.br\/site\/\"},{\"@type\":\"ListItem\",\"position\":2,\"name\":\"UFRJ &#8211; Presidente do CNPq preocupado com baixo n\u00famero de engenheiros\"}]},{\"@type\":\"WebSite\",\"@id\":\"https:\/\/www.institutodeengenharia.org.br\/site\/#website\",\"url\":\"https:\/\/www.institutodeengenharia.org.br\/site\/\",\"name\":\"Instituto de Engenharia\",\"description\":\"O Instituto de Engenharia promove a Engenharia em benef\u00edcio do desenvolvimento e da qualidade de vida da sociedade.\",\"publisher\":{\"@id\":\"https:\/\/www.institutodeengenharia.org.br\/site\/#organization\"},\"potentialAction\":[{\"@type\":\"SearchAction\",\"target\":{\"@type\":\"EntryPoint\",\"urlTemplate\":\"https:\/\/www.institutodeengenharia.org.br\/site\/?s={search_term_string}\"},\"query-input\":{\"@type\":\"PropertyValueSpecification\",\"valueRequired\":true,\"valueName\":\"search_term_string\"}}],\"inLanguage\":\"pt-BR\"},{\"@type\":\"Organization\",\"@id\":\"https:\/\/www.institutodeengenharia.org.br\/site\/#organization\",\"name\":\"Instituto de Engenharia\",\"url\":\"https:\/\/www.institutodeengenharia.org.br\/site\/\",\"logo\":{\"@type\":\"ImageObject\",\"inLanguage\":\"pt-BR\",\"@id\":\"https:\/\/www.institutodeengenharia.org.br\/site\/#\/schema\/logo\/image\/\",\"url\":\"https:\/\/www.institutodeengenharia.org.br\/site\/wp-content\/uploads\/2019\/03\/logo-novo-IE2018-1.jpg\",\"contentUrl\":\"https:\/\/www.institutodeengenharia.org.br\/site\/wp-content\/uploads\/2019\/03\/logo-novo-IE2018-1.jpg\",\"width\":1486,\"height\":1879,\"caption\":\"Instituto de Engenharia\"},\"image\":{\"@id\":\"https:\/\/www.institutodeengenharia.org.br\/site\/#\/schema\/logo\/image\/\"},\"sameAs\":[\"https:\/\/www.facebook.com\/institutodeengenharia\",\"https:\/\/x.com\/iengenharia\",\"https:\/\/www.instagram.com\/institutodeengenharia\/\",\"https:\/\/www.linkedin.com\/company\/instituto-de-engenharia\/\",\"https:\/\/www.youtube.com\/channel\/UCXiCAlsSMe977vamW915HxA\"]},{\"@type\":\"Person\",\"@id\":\"https:\/\/www.institutodeengenharia.org.br\/site\/#\/schema\/person\/3b1ff109facef084739fc2edcb9a127f\",\"name\":\"TMax Tecnologia\",\"image\":{\"@type\":\"ImageObject\",\"inLanguage\":\"pt-BR\",\"@id\":\"https:\/\/secure.gravatar.com\/avatar\/f912434ef7f389c92cb311fcdae346af848465d638912574b3c669070f797701?s=96&d=mm&r=g\",\"url\":\"https:\/\/secure.gravatar.com\/avatar\/f912434ef7f389c92cb311fcdae346af848465d638912574b3c669070f797701?s=96&d=mm&r=g\",\"contentUrl\":\"https:\/\/secure.gravatar.com\/avatar\/f912434ef7f389c92cb311fcdae346af848465d638912574b3c669070f797701?s=96&d=mm&r=g\",\"caption\":\"TMax Tecnologia\"},\"url\":\"https:\/\/www.institutodeengenharia.org.br\/site\/author\/tmax\/\"}]}<\/script>\n<!-- \/ Yoast SEO plugin. -->","yoast_head_json":{"title":"UFRJ - Presidente do CNPq preocupado com baixo n\u00famero de engenheiros - Instituto de Engenharia","robots":{"index":"index","follow":"follow","max-snippet":"max-snippet:-1","max-image-preview":"max-image-preview:large","max-video-preview":"max-video-preview:-1"},"canonical":"https:\/\/www.institutodeengenharia.org.br\/site\/2010\/03\/15\/ufrj-presidente-do-cnpq-preocupado-com-baixo-numero-de-engenheiros\/","og_locale":"pt_BR","og_type":"article","og_title":"UFRJ - Presidente do CNPq preocupado com baixo n\u00famero de engenheiros - Instituto de Engenharia","og_description":"Carlos Alberto Arag\u00e3o de Carvalho Filho, revelou preocupa\u00e7\u00e3o com a pequena quantidade de estudantes que terminam os cursos de Engenharia no pa\u00eds por ano. Ele alertou, durante a aula inaugural do Programa de Planejamento Energ\u00e9tico (PPE) da Coppe\u2013UFRJ, na semana passada, que o n\u00famero de novos engenheiros ficou em 4,28% do total de formados no [&hellip;]","og_url":"https:\/\/www.institutodeengenharia.org.br\/site\/2010\/03\/15\/ufrj-presidente-do-cnpq-preocupado-com-baixo-numero-de-engenheiros\/","og_site_name":"Instituto de Engenharia","article_publisher":"https:\/\/www.facebook.com\/institutodeengenharia","article_published_time":"2010-03-15T22:38:28+00:00","author":"TMax Tecnologia","twitter_card":"summary_large_image","twitter_creator":"@iengenharia","twitter_site":"@iengenharia","twitter_misc":{"Escrito por":"TMax Tecnologia","Est. tempo de leitura":"2 minutos"},"schema":{"@context":"https:\/\/schema.org","@graph":[{"@type":"Article","@id":"https:\/\/www.institutodeengenharia.org.br\/site\/2010\/03\/15\/ufrj-presidente-do-cnpq-preocupado-com-baixo-numero-de-engenheiros\/#article","isPartOf":{"@id":"https:\/\/www.institutodeengenharia.org.br\/site\/2010\/03\/15\/ufrj-presidente-do-cnpq-preocupado-com-baixo-numero-de-engenheiros\/"},"author":{"name":"TMax Tecnologia","@id":"https:\/\/www.institutodeengenharia.org.br\/site\/#\/schema\/person\/3b1ff109facef084739fc2edcb9a127f"},"headline":"UFRJ &#8211; Presidente do CNPq preocupado com baixo n\u00famero de engenheiros","datePublished":"2010-03-15T22:38:28+00:00","mainEntityOfPage":{"@id":"https:\/\/www.institutodeengenharia.org.br\/site\/2010\/03\/15\/ufrj-presidente-do-cnpq-preocupado-com-baixo-numero-de-engenheiros\/"},"wordCount":414,"commentCount":0,"publisher":{"@id":"https:\/\/www.institutodeengenharia.org.br\/site\/#organization"},"articleSection":["Not\u00edcias","Pesquisa e Desenvolvimento"],"inLanguage":"pt-BR","potentialAction":[{"@type":"CommentAction","name":"Comment","target":["https:\/\/www.institutodeengenharia.org.br\/site\/2010\/03\/15\/ufrj-presidente-do-cnpq-preocupado-com-baixo-numero-de-engenheiros\/#respond"]}]},{"@type":"WebPage","@id":"https:\/\/www.institutodeengenharia.org.br\/site\/2010\/03\/15\/ufrj-presidente-do-cnpq-preocupado-com-baixo-numero-de-engenheiros\/","url":"https:\/\/www.institutodeengenharia.org.br\/site\/2010\/03\/15\/ufrj-presidente-do-cnpq-preocupado-com-baixo-numero-de-engenheiros\/","name":"UFRJ - Presidente do CNPq preocupado com baixo n\u00famero de engenheiros - Instituto de Engenharia","isPartOf":{"@id":"https:\/\/www.institutodeengenharia.org.br\/site\/#website"},"datePublished":"2010-03-15T22:38:28+00:00","breadcrumb":{"@id":"https:\/\/www.institutodeengenharia.org.br\/site\/2010\/03\/15\/ufrj-presidente-do-cnpq-preocupado-com-baixo-numero-de-engenheiros\/#breadcrumb"},"inLanguage":"pt-BR","potentialAction":[{"@type":"ReadAction","target":["https:\/\/www.institutodeengenharia.org.br\/site\/2010\/03\/15\/ufrj-presidente-do-cnpq-preocupado-com-baixo-numero-de-engenheiros\/"]}]},{"@type":"BreadcrumbList","@id":"https:\/\/www.institutodeengenharia.org.br\/site\/2010\/03\/15\/ufrj-presidente-do-cnpq-preocupado-com-baixo-numero-de-engenheiros\/#breadcrumb","itemListElement":[{"@type":"ListItem","position":1,"name":"In\u00edcio","item":"https:\/\/www.institutodeengenharia.org.br\/site\/"},{"@type":"ListItem","position":2,"name":"UFRJ &#8211; Presidente do CNPq preocupado com baixo n\u00famero de engenheiros"}]},{"@type":"WebSite","@id":"https:\/\/www.institutodeengenharia.org.br\/site\/#website","url":"https:\/\/www.institutodeengenharia.org.br\/site\/","name":"Instituto de Engenharia","description":"O Instituto de Engenharia promove a Engenharia em benef\u00edcio do desenvolvimento e da qualidade de vida da sociedade.","publisher":{"@id":"https:\/\/www.institutodeengenharia.org.br\/site\/#organization"},"potentialAction":[{"@type":"SearchAction","target":{"@type":"EntryPoint","urlTemplate":"https:\/\/www.institutodeengenharia.org.br\/site\/?s={search_term_string}"},"query-input":{"@type":"PropertyValueSpecification","valueRequired":true,"valueName":"search_term_string"}}],"inLanguage":"pt-BR"},{"@type":"Organization","@id":"https:\/\/www.institutodeengenharia.org.br\/site\/#organization","name":"Instituto de Engenharia","url":"https:\/\/www.institutodeengenharia.org.br\/site\/","logo":{"@type":"ImageObject","inLanguage":"pt-BR","@id":"https:\/\/www.institutodeengenharia.org.br\/site\/#\/schema\/logo\/image\/","url":"https:\/\/www.institutodeengenharia.org.br\/site\/wp-content\/uploads\/2019\/03\/logo-novo-IE2018-1.jpg","contentUrl":"https:\/\/www.institutodeengenharia.org.br\/site\/wp-content\/uploads\/2019\/03\/logo-novo-IE2018-1.jpg","width":1486,"height":1879,"caption":"Instituto de Engenharia"},"image":{"@id":"https:\/\/www.institutodeengenharia.org.br\/site\/#\/schema\/logo\/image\/"},"sameAs":["https:\/\/www.facebook.com\/institutodeengenharia","https:\/\/x.com\/iengenharia","https:\/\/www.instagram.com\/institutodeengenharia\/","https:\/\/www.linkedin.com\/company\/instituto-de-engenharia\/","https:\/\/www.youtube.com\/channel\/UCXiCAlsSMe977vamW915HxA"]},{"@type":"Person","@id":"https:\/\/www.institutodeengenharia.org.br\/site\/#\/schema\/person\/3b1ff109facef084739fc2edcb9a127f","name":"TMax Tecnologia","image":{"@type":"ImageObject","inLanguage":"pt-BR","@id":"https:\/\/secure.gravatar.com\/avatar\/f912434ef7f389c92cb311fcdae346af848465d638912574b3c669070f797701?s=96&d=mm&r=g","url":"https:\/\/secure.gravatar.com\/avatar\/f912434ef7f389c92cb311fcdae346af848465d638912574b3c669070f797701?s=96&d=mm&r=g","contentUrl":"https:\/\/secure.gravatar.com\/avatar\/f912434ef7f389c92cb311fcdae346af848465d638912574b3c669070f797701?s=96&d=mm&r=g","caption":"TMax Tecnologia"},"url":"https:\/\/www.institutodeengenharia.org.br\/site\/author\/tmax\/"}]}},"_links":{"self":[{"href":"https:\/\/www.institutodeengenharia.org.br\/site\/wp-json\/wp\/v2\/posts\/17731","targetHints":{"allow":["GET"]}}],"collection":[{"href":"https:\/\/www.institutodeengenharia.org.br\/site\/wp-json\/wp\/v2\/posts"}],"about":[{"href":"https:\/\/www.institutodeengenharia.org.br\/site\/wp-json\/wp\/v2\/types\/post"}],"author":[{"embeddable":true,"href":"https:\/\/www.institutodeengenharia.org.br\/site\/wp-json\/wp\/v2\/users\/1"}],"replies":[{"embeddable":true,"href":"https:\/\/www.institutodeengenharia.org.br\/site\/wp-json\/wp\/v2\/comments?post=17731"}],"version-history":[{"count":0,"href":"https:\/\/www.institutodeengenharia.org.br\/site\/wp-json\/wp\/v2\/posts\/17731\/revisions"}],"wp:attachment":[{"href":"https:\/\/www.institutodeengenharia.org.br\/site\/wp-json\/wp\/v2\/media?parent=17731"}],"wp:term":[{"taxonomy":"category","embeddable":true,"href":"https:\/\/www.institutodeengenharia.org.br\/site\/wp-json\/wp\/v2\/categories?post=17731"},{"taxonomy":"post_tag","embeddable":true,"href":"https:\/\/www.institutodeengenharia.org.br\/site\/wp-json\/wp\/v2\/tags?post=17731"}],"curies":[{"name":"wp","href":"https:\/\/api.w.org\/{rel}","templated":true}]}}