{"id":17721,"date":"2010-03-15T22:38:18","date_gmt":"2010-03-15T22:38:18","guid":{"rendered":"https:\/\/www.institutodeengenharia.org.br\/?p=17721"},"modified":"2010-03-15T14:26:20","modified_gmt":"2010-03-15T14:26:20","slug":"rodoanel-deve-reduzir-12-do-congestionamento-em-sp","status":"publish","type":"post","link":"https:\/\/www.institutodeengenharia.org.br\/site\/2010\/03\/15\/rodoanel-deve-reduzir-12-do-congestionamento-em-sp\/","title":{"rendered":"Rodoanel deve reduzir 12% do congestionamento em SP"},"content":{"rendered":"<p>O Trecho Sul do Rodoanel M\u00e1rio Covas, a ser conclu\u00eddo no dia 27, deve diminuir em at\u00e9 12% os \u00edndices de congestionamento em S\u00e3o Paulo, segundo precis\u00e3o da prefeitura e do governo estadual. A estimativa tamb\u00e9m leva em conta a amplia\u00e7\u00e3o da Marginal do Tiet\u00ea. De acordo com os dois \u00f3rg\u00e3os, o Trecho Sul vai valer todo o investimento se retirar de 40 mil a 55 mil caminh\u00f5es das principais vias da capital paulista, de um total de 210 mil que circulam todos os dias. <br \/>\nO projeto envolveu 17 anos de discuss\u00f5es, 1.020 dias de obra, 1.279 desapropria\u00e7\u00f5es, R$ 5 bilh\u00f5es investidos e 147 mil metros c\u00fabicos de pavimento de concreto colocados em 57 quil\u00f4metros, o equivalente a 600 edif\u00edcios de 20 andares. O Trecho Sul vai interligar as Rodovias Anchieta, Imigrantes e R\u00e9gis Bittencourt, cortando sete munic\u00edpios. Pretende assim aliviar em 37% o tr\u00e1fego de ve\u00edculos pesados na Avenida dos Bandeirantes e em 43% na Marginal do Pinheiros. <\/p>\n<p>&#8220;Quando se olha o mapa da Regi\u00e3o Metropolitana de S\u00e3o Paulo, o que se v\u00ea \u00e9 um grande n\u00f3 na chegada das rodovias \u00e0 capital. O Rodoanel \u00e9 uma forma de desat\u00e1-lo, levando para fora da cidade um tr\u00e2nsito que n\u00e3o \u00e9 dos moradores&#8221;, afirmou o secret\u00e1rio de Estado dos Transportes, Mauro Arce. <\/p>\n<p>Traduzindo as porcentagens para a realidade do paulistano, que gasta em m\u00e9dia duas horas e 43 minutos para ir ao trabalho e voltar, segundo dados do Movimento Nossa S\u00e3o Paulo, isso pode significar valiosos minutos a menos no tr\u00e2nsito. Para percorrer a Marginal do Pinheiros, o motorista vai levar de 45 a 70 minutos, e n\u00e3o mais uma hora e 35 minutos, como atualmente no hor\u00e1rio de pico. Em um m\u00eas, isso pode virar tempo livre para ver ao menos tr\u00eas jogos de futebol. <\/p>\n<p>Para quem usar o Rodoanel, o benef\u00edcio tamb\u00e9m ser\u00e1 n\u00edtido. O trajeto entre a regi\u00e3o do ABC e Osasco, por exemplo, vai durar 35 minutos, uma vez que n\u00e3o ser\u00e1 preciso passar pela capital &#8211; atualmente, ele \u00e9 feito em uma hora e 20 minutos. Da Rodovia dos Imigrantes at\u00e9 a R\u00e9gis Bittencourt, o tempo de viagem ser\u00e1 de apenas 25 minutos, ante mais de uma hora e meia atual. <\/p>\n<p>As estimativas mais otimistas do governo apontam que S\u00e3o Paulo vai ganhar R$ 179 milh\u00f5es anuais em produtividade. &#8220;A obra est\u00e1 praticamente pronta&#8221;, diz o prefeito Gilberto Kassab (DEM). &#8220;Ser\u00e1 extraordin\u00e1rio para S\u00e3o Paulo, principalmente por reorganizar o tr\u00e2nsito.&#8221; As informa\u00e7\u00f5es s\u00e3o do jornal O Estado de S. Paulo. <\/p>\n<p><strong>Trecho Sul ser\u00e1 via expressa sem postos<\/strong> <\/p>\n<p>\nAssim como o lado oeste do Rodoanel, o novo Trecho Sul do complexo ser\u00e1 uma rodovia expressa sem nenhum tipo de entrada para bairros, trevos, retornos ou postos de gasolina. Os \u00fanicos acessos ser\u00e3o para as rodovias ligadas por ele. Para o motorista, isso significa que ser\u00e1 preciso planejar a viagem e abastecer o ve\u00edculo antes de entrar no Rodoanel. Essa limita\u00e7\u00e3o pode causar problemas aos desavisados &#8211; na Imigrantes, sentido S\u00e3o Paulo, o \u00faltimo posto de abastecimento fica 17 km antes da entrada do Rodoanel. Se o motorista estiver indo para a Bandeirantes e passar o posto, ser\u00e3o 89 km sem poder reabastecer. <\/p>\n<p>No sentido litoral, h\u00e1 um posto no km 17, 8 km antes do complexo. J\u00e1 na Via Anchieta, h\u00e1 um posto no km 29 (sentido S\u00e3o Paulo) e outro no km 22 (sentido litoral) &#8211; o Rodoanel fica na altura do km 27. Por fim, na R\u00e9gis Bittencourt, sentido S\u00e3o Paulo, o \u00faltimo posto fica no km 282, 4 km antes do Rodoanel. No sentido Curitiba h\u00e1 um posto no km 277. <\/p>\n<p>Percorrendo o Rodoanel <\/p>\n<p>O trajeto foi realizado no sentido da Rodovia R\u00e9gis Bittencourt para Mau\u00e1. \u00c9 o caminho que, a partir do pr\u00f3ximo m\u00eas, deve ser feito por caminh\u00f5es que seguem da Regi\u00e3o Sul para o Porto de Santos, por exemplo, ou por turistas do interior que preferem seguir para o litoral sul sem enfrentar o tr\u00e2nsito de S\u00e3o Paulo. <\/p>\n<p>Esse percurso poder\u00e1 ser feito depois da inaugura\u00e7\u00e3o em at\u00e9 35 minutos &#8211; isso porque o limite de velocidade na via ser\u00e1 de 100 km\/h, ritmo que pode ser mantido em quase todo o caminho. O asfalto \u00e9 predominantemente escuro, com exce\u00e7\u00e3o dos trechos perto das represas, em que h\u00e1 uma mudan\u00e7a para um tom mais claro, onde s\u00e3o usadas camadas de 24 cent\u00edmetros de concreto, para dar mais seguran\u00e7a. <\/p>\n<p>Em rela\u00e7\u00e3o \u00e0 paisagem do entorno, h\u00e1 uma altern\u00e2ncia entre mata nativa e os pontos em que a vegeta\u00e7\u00e3o cede para a invas\u00e3o das \u00e1guas das Represas Billings e do Guarapiranga. Essas belas imagens ganham contraste na regi\u00e3o de S\u00e3o Bernardo do Campo, onde as \u00e1reas verdes e a beira das represas dividem espa\u00e7o com grandes favelas, como a do Arei\u00e3o, pr\u00f3ximo da Anchieta. <\/p>\n<p>Dois postos de Servi\u00e7o de Atendimento ao Usu\u00e1rio e do Comando de Policiamento Rodovi\u00e1rio ser\u00e3o instalados no trecho. Um deles estar\u00e1 no limite dos munic\u00edpios de S\u00e3o Paulo e S\u00e3o Bernardo do Campo, ao lado da ponte mais extensa da via, com 1,75 km sobre a Represa Billings. O outro estar\u00e1 mais perto da R\u00e9gis Bittencourt, no munic\u00edpio de Itapecerica da Serra. <\/p>\n<p>Ped\u00e1gio. A partir de abril, os usu\u00e1rios devem come\u00e7ar a pagar ped\u00e1gio para trafegar no Trecho Sul do Rodoanel. Haver\u00e1 seis pra\u00e7as ao longo dos acessos das rodovias, mas o pagamento ser\u00e1 feito no momento em que o ve\u00edculo sair por um acesso da via. A licita\u00e7\u00e3o para a concess\u00e3o do trecho ser\u00e1 realizada no pr\u00f3ximo m\u00eas e o valor m\u00e1ximo a ser cobrado foi definido em R$ 6. <\/p>\n<p><b>Autor: O Estado de S. Paulo<\/b><\/p>\n","protected":false},"excerpt":{"rendered":"<p>O Trecho Sul do Rodoanel M\u00e1rio Covas, a ser conclu\u00eddo no dia 27, deve diminuir em at\u00e9 12% os \u00edndices de congestionamento em S\u00e3o Paulo, segundo precis\u00e3o da prefeitura e do governo estadual. A estimativa tamb\u00e9m leva em conta a amplia\u00e7\u00e3o da Marginal do Tiet\u00ea. De acordo com os dois \u00f3rg\u00e3os, o Trecho Sul vai [&hellip;]<\/p>\n","protected":false},"author":1,"featured_media":0,"comment_status":"open","ping_status":"open","sticky":false,"template":"","format":"standard","meta":{"footnotes":""},"categories":[6,41],"tags":[],"class_list":{"0":"post-17721","1":"post","2":"type-post","3":"status-publish","4":"format-standard","6":"category-noticias","7":"category-transportes"},"yoast_head":"<!-- This site is optimized with the Yoast SEO plugin v27.2 - https:\/\/yoast.com\/product\/yoast-seo-wordpress\/ -->\n<title>Rodoanel deve reduzir 12% do congestionamento em SP - Instituto de Engenharia<\/title>\n<meta name=\"robots\" content=\"index, follow, max-snippet:-1, max-image-preview:large, max-video-preview:-1\" \/>\n<link rel=\"canonical\" href=\"https:\/\/www.institutodeengenharia.org.br\/site\/2010\/03\/15\/rodoanel-deve-reduzir-12-do-congestionamento-em-sp\/\" \/>\n<meta property=\"og:locale\" content=\"pt_BR\" \/>\n<meta property=\"og:type\" content=\"article\" \/>\n<meta property=\"og:title\" content=\"Rodoanel deve reduzir 12% do congestionamento em SP - Instituto de Engenharia\" \/>\n<meta property=\"og:description\" content=\"O Trecho Sul do Rodoanel M\u00e1rio Covas, a ser conclu\u00eddo no dia 27, deve diminuir em at\u00e9 12% os \u00edndices de congestionamento em S\u00e3o Paulo, segundo precis\u00e3o da prefeitura e do governo estadual. A estimativa tamb\u00e9m leva em conta a amplia\u00e7\u00e3o da Marginal do Tiet\u00ea. De acordo com os dois \u00f3rg\u00e3os, o Trecho Sul vai [&hellip;]\" \/>\n<meta property=\"og:url\" content=\"https:\/\/www.institutodeengenharia.org.br\/site\/2010\/03\/15\/rodoanel-deve-reduzir-12-do-congestionamento-em-sp\/\" \/>\n<meta property=\"og:site_name\" content=\"Instituto de Engenharia\" \/>\n<meta property=\"article:publisher\" content=\"https:\/\/www.facebook.com\/institutodeengenharia\" \/>\n<meta property=\"article:published_time\" content=\"2010-03-15T22:38:18+00:00\" \/>\n<meta name=\"author\" content=\"TMax Tecnologia\" \/>\n<meta name=\"twitter:card\" content=\"summary_large_image\" \/>\n<meta name=\"twitter:creator\" content=\"@iengenharia\" \/>\n<meta name=\"twitter:site\" content=\"@iengenharia\" \/>\n<meta name=\"twitter:label1\" content=\"Escrito por\" \/>\n\t<meta name=\"twitter:data1\" content=\"TMax Tecnologia\" \/>\n\t<meta name=\"twitter:label2\" content=\"Est. tempo de leitura\" \/>\n\t<meta name=\"twitter:data2\" content=\"5 minutos\" \/>\n<script type=\"application\/ld+json\" class=\"yoast-schema-graph\">{\"@context\":\"https:\/\/schema.org\",\"@graph\":[{\"@type\":\"Article\",\"@id\":\"https:\/\/www.institutodeengenharia.org.br\/site\/2010\/03\/15\/rodoanel-deve-reduzir-12-do-congestionamento-em-sp\/#article\",\"isPartOf\":{\"@id\":\"https:\/\/www.institutodeengenharia.org.br\/site\/2010\/03\/15\/rodoanel-deve-reduzir-12-do-congestionamento-em-sp\/\"},\"author\":{\"name\":\"TMax Tecnologia\",\"@id\":\"https:\/\/www.institutodeengenharia.org.br\/site\/#\/schema\/person\/3b1ff109facef084739fc2edcb9a127f\"},\"headline\":\"Rodoanel deve reduzir 12% do congestionamento em SP\",\"datePublished\":\"2010-03-15T22:38:18+00:00\",\"mainEntityOfPage\":{\"@id\":\"https:\/\/www.institutodeengenharia.org.br\/site\/2010\/03\/15\/rodoanel-deve-reduzir-12-do-congestionamento-em-sp\/\"},\"wordCount\":985,\"commentCount\":0,\"publisher\":{\"@id\":\"https:\/\/www.institutodeengenharia.org.br\/site\/#organization\"},\"articleSection\":[\"Not\u00edcias\",\"Transportes\"],\"inLanguage\":\"pt-BR\",\"potentialAction\":[{\"@type\":\"CommentAction\",\"name\":\"Comment\",\"target\":[\"https:\/\/www.institutodeengenharia.org.br\/site\/2010\/03\/15\/rodoanel-deve-reduzir-12-do-congestionamento-em-sp\/#respond\"]}]},{\"@type\":\"WebPage\",\"@id\":\"https:\/\/www.institutodeengenharia.org.br\/site\/2010\/03\/15\/rodoanel-deve-reduzir-12-do-congestionamento-em-sp\/\",\"url\":\"https:\/\/www.institutodeengenharia.org.br\/site\/2010\/03\/15\/rodoanel-deve-reduzir-12-do-congestionamento-em-sp\/\",\"name\":\"Rodoanel deve reduzir 12% do congestionamento em SP - Instituto de Engenharia\",\"isPartOf\":{\"@id\":\"https:\/\/www.institutodeengenharia.org.br\/site\/#website\"},\"datePublished\":\"2010-03-15T22:38:18+00:00\",\"breadcrumb\":{\"@id\":\"https:\/\/www.institutodeengenharia.org.br\/site\/2010\/03\/15\/rodoanel-deve-reduzir-12-do-congestionamento-em-sp\/#breadcrumb\"},\"inLanguage\":\"pt-BR\",\"potentialAction\":[{\"@type\":\"ReadAction\",\"target\":[\"https:\/\/www.institutodeengenharia.org.br\/site\/2010\/03\/15\/rodoanel-deve-reduzir-12-do-congestionamento-em-sp\/\"]}]},{\"@type\":\"BreadcrumbList\",\"@id\":\"https:\/\/www.institutodeengenharia.org.br\/site\/2010\/03\/15\/rodoanel-deve-reduzir-12-do-congestionamento-em-sp\/#breadcrumb\",\"itemListElement\":[{\"@type\":\"ListItem\",\"position\":1,\"name\":\"In\u00edcio\",\"item\":\"https:\/\/www.institutodeengenharia.org.br\/site\/\"},{\"@type\":\"ListItem\",\"position\":2,\"name\":\"Rodoanel deve reduzir 12% do congestionamento em SP\"}]},{\"@type\":\"WebSite\",\"@id\":\"https:\/\/www.institutodeengenharia.org.br\/site\/#website\",\"url\":\"https:\/\/www.institutodeengenharia.org.br\/site\/\",\"name\":\"Instituto de Engenharia\",\"description\":\"O Instituto de Engenharia promove a Engenharia em benef\u00edcio do desenvolvimento e da qualidade de vida da sociedade.\",\"publisher\":{\"@id\":\"https:\/\/www.institutodeengenharia.org.br\/site\/#organization\"},\"potentialAction\":[{\"@type\":\"SearchAction\",\"target\":{\"@type\":\"EntryPoint\",\"urlTemplate\":\"https:\/\/www.institutodeengenharia.org.br\/site\/?s={search_term_string}\"},\"query-input\":{\"@type\":\"PropertyValueSpecification\",\"valueRequired\":true,\"valueName\":\"search_term_string\"}}],\"inLanguage\":\"pt-BR\"},{\"@type\":\"Organization\",\"@id\":\"https:\/\/www.institutodeengenharia.org.br\/site\/#organization\",\"name\":\"Instituto de Engenharia\",\"url\":\"https:\/\/www.institutodeengenharia.org.br\/site\/\",\"logo\":{\"@type\":\"ImageObject\",\"inLanguage\":\"pt-BR\",\"@id\":\"https:\/\/www.institutodeengenharia.org.br\/site\/#\/schema\/logo\/image\/\",\"url\":\"https:\/\/www.institutodeengenharia.org.br\/site\/wp-content\/uploads\/2019\/03\/logo-novo-IE2018-1.jpg\",\"contentUrl\":\"https:\/\/www.institutodeengenharia.org.br\/site\/wp-content\/uploads\/2019\/03\/logo-novo-IE2018-1.jpg\",\"width\":1486,\"height\":1879,\"caption\":\"Instituto de Engenharia\"},\"image\":{\"@id\":\"https:\/\/www.institutodeengenharia.org.br\/site\/#\/schema\/logo\/image\/\"},\"sameAs\":[\"https:\/\/www.facebook.com\/institutodeengenharia\",\"https:\/\/x.com\/iengenharia\",\"https:\/\/www.instagram.com\/institutodeengenharia\/\",\"https:\/\/www.linkedin.com\/company\/instituto-de-engenharia\/\",\"https:\/\/www.youtube.com\/channel\/UCXiCAlsSMe977vamW915HxA\"]},{\"@type\":\"Person\",\"@id\":\"https:\/\/www.institutodeengenharia.org.br\/site\/#\/schema\/person\/3b1ff109facef084739fc2edcb9a127f\",\"name\":\"TMax Tecnologia\",\"image\":{\"@type\":\"ImageObject\",\"inLanguage\":\"pt-BR\",\"@id\":\"https:\/\/secure.gravatar.com\/avatar\/f912434ef7f389c92cb311fcdae346af848465d638912574b3c669070f797701?s=96&d=mm&r=g\",\"url\":\"https:\/\/secure.gravatar.com\/avatar\/f912434ef7f389c92cb311fcdae346af848465d638912574b3c669070f797701?s=96&d=mm&r=g\",\"contentUrl\":\"https:\/\/secure.gravatar.com\/avatar\/f912434ef7f389c92cb311fcdae346af848465d638912574b3c669070f797701?s=96&d=mm&r=g\",\"caption\":\"TMax Tecnologia\"},\"url\":\"https:\/\/www.institutodeengenharia.org.br\/site\/author\/tmax\/\"}]}<\/script>\n<!-- \/ Yoast SEO plugin. -->","yoast_head_json":{"title":"Rodoanel deve reduzir 12% do congestionamento em SP - Instituto de Engenharia","robots":{"index":"index","follow":"follow","max-snippet":"max-snippet:-1","max-image-preview":"max-image-preview:large","max-video-preview":"max-video-preview:-1"},"canonical":"https:\/\/www.institutodeengenharia.org.br\/site\/2010\/03\/15\/rodoanel-deve-reduzir-12-do-congestionamento-em-sp\/","og_locale":"pt_BR","og_type":"article","og_title":"Rodoanel deve reduzir 12% do congestionamento em SP - Instituto de Engenharia","og_description":"O Trecho Sul do Rodoanel M\u00e1rio Covas, a ser conclu\u00eddo no dia 27, deve diminuir em at\u00e9 12% os \u00edndices de congestionamento em S\u00e3o Paulo, segundo precis\u00e3o da prefeitura e do governo estadual. A estimativa tamb\u00e9m leva em conta a amplia\u00e7\u00e3o da Marginal do Tiet\u00ea. De acordo com os dois \u00f3rg\u00e3os, o Trecho Sul vai [&hellip;]","og_url":"https:\/\/www.institutodeengenharia.org.br\/site\/2010\/03\/15\/rodoanel-deve-reduzir-12-do-congestionamento-em-sp\/","og_site_name":"Instituto de Engenharia","article_publisher":"https:\/\/www.facebook.com\/institutodeengenharia","article_published_time":"2010-03-15T22:38:18+00:00","author":"TMax Tecnologia","twitter_card":"summary_large_image","twitter_creator":"@iengenharia","twitter_site":"@iengenharia","twitter_misc":{"Escrito por":"TMax Tecnologia","Est. tempo de leitura":"5 minutos"},"schema":{"@context":"https:\/\/schema.org","@graph":[{"@type":"Article","@id":"https:\/\/www.institutodeengenharia.org.br\/site\/2010\/03\/15\/rodoanel-deve-reduzir-12-do-congestionamento-em-sp\/#article","isPartOf":{"@id":"https:\/\/www.institutodeengenharia.org.br\/site\/2010\/03\/15\/rodoanel-deve-reduzir-12-do-congestionamento-em-sp\/"},"author":{"name":"TMax Tecnologia","@id":"https:\/\/www.institutodeengenharia.org.br\/site\/#\/schema\/person\/3b1ff109facef084739fc2edcb9a127f"},"headline":"Rodoanel deve reduzir 12% do congestionamento em SP","datePublished":"2010-03-15T22:38:18+00:00","mainEntityOfPage":{"@id":"https:\/\/www.institutodeengenharia.org.br\/site\/2010\/03\/15\/rodoanel-deve-reduzir-12-do-congestionamento-em-sp\/"},"wordCount":985,"commentCount":0,"publisher":{"@id":"https:\/\/www.institutodeengenharia.org.br\/site\/#organization"},"articleSection":["Not\u00edcias","Transportes"],"inLanguage":"pt-BR","potentialAction":[{"@type":"CommentAction","name":"Comment","target":["https:\/\/www.institutodeengenharia.org.br\/site\/2010\/03\/15\/rodoanel-deve-reduzir-12-do-congestionamento-em-sp\/#respond"]}]},{"@type":"WebPage","@id":"https:\/\/www.institutodeengenharia.org.br\/site\/2010\/03\/15\/rodoanel-deve-reduzir-12-do-congestionamento-em-sp\/","url":"https:\/\/www.institutodeengenharia.org.br\/site\/2010\/03\/15\/rodoanel-deve-reduzir-12-do-congestionamento-em-sp\/","name":"Rodoanel deve reduzir 12% do congestionamento em SP - Instituto de Engenharia","isPartOf":{"@id":"https:\/\/www.institutodeengenharia.org.br\/site\/#website"},"datePublished":"2010-03-15T22:38:18+00:00","breadcrumb":{"@id":"https:\/\/www.institutodeengenharia.org.br\/site\/2010\/03\/15\/rodoanel-deve-reduzir-12-do-congestionamento-em-sp\/#breadcrumb"},"inLanguage":"pt-BR","potentialAction":[{"@type":"ReadAction","target":["https:\/\/www.institutodeengenharia.org.br\/site\/2010\/03\/15\/rodoanel-deve-reduzir-12-do-congestionamento-em-sp\/"]}]},{"@type":"BreadcrumbList","@id":"https:\/\/www.institutodeengenharia.org.br\/site\/2010\/03\/15\/rodoanel-deve-reduzir-12-do-congestionamento-em-sp\/#breadcrumb","itemListElement":[{"@type":"ListItem","position":1,"name":"In\u00edcio","item":"https:\/\/www.institutodeengenharia.org.br\/site\/"},{"@type":"ListItem","position":2,"name":"Rodoanel deve reduzir 12% do congestionamento em SP"}]},{"@type":"WebSite","@id":"https:\/\/www.institutodeengenharia.org.br\/site\/#website","url":"https:\/\/www.institutodeengenharia.org.br\/site\/","name":"Instituto de Engenharia","description":"O Instituto de Engenharia promove a Engenharia em benef\u00edcio do desenvolvimento e da qualidade de vida da sociedade.","publisher":{"@id":"https:\/\/www.institutodeengenharia.org.br\/site\/#organization"},"potentialAction":[{"@type":"SearchAction","target":{"@type":"EntryPoint","urlTemplate":"https:\/\/www.institutodeengenharia.org.br\/site\/?s={search_term_string}"},"query-input":{"@type":"PropertyValueSpecification","valueRequired":true,"valueName":"search_term_string"}}],"inLanguage":"pt-BR"},{"@type":"Organization","@id":"https:\/\/www.institutodeengenharia.org.br\/site\/#organization","name":"Instituto de Engenharia","url":"https:\/\/www.institutodeengenharia.org.br\/site\/","logo":{"@type":"ImageObject","inLanguage":"pt-BR","@id":"https:\/\/www.institutodeengenharia.org.br\/site\/#\/schema\/logo\/image\/","url":"https:\/\/www.institutodeengenharia.org.br\/site\/wp-content\/uploads\/2019\/03\/logo-novo-IE2018-1.jpg","contentUrl":"https:\/\/www.institutodeengenharia.org.br\/site\/wp-content\/uploads\/2019\/03\/logo-novo-IE2018-1.jpg","width":1486,"height":1879,"caption":"Instituto de Engenharia"},"image":{"@id":"https:\/\/www.institutodeengenharia.org.br\/site\/#\/schema\/logo\/image\/"},"sameAs":["https:\/\/www.facebook.com\/institutodeengenharia","https:\/\/x.com\/iengenharia","https:\/\/www.instagram.com\/institutodeengenharia\/","https:\/\/www.linkedin.com\/company\/instituto-de-engenharia\/","https:\/\/www.youtube.com\/channel\/UCXiCAlsSMe977vamW915HxA"]},{"@type":"Person","@id":"https:\/\/www.institutodeengenharia.org.br\/site\/#\/schema\/person\/3b1ff109facef084739fc2edcb9a127f","name":"TMax Tecnologia","image":{"@type":"ImageObject","inLanguage":"pt-BR","@id":"https:\/\/secure.gravatar.com\/avatar\/f912434ef7f389c92cb311fcdae346af848465d638912574b3c669070f797701?s=96&d=mm&r=g","url":"https:\/\/secure.gravatar.com\/avatar\/f912434ef7f389c92cb311fcdae346af848465d638912574b3c669070f797701?s=96&d=mm&r=g","contentUrl":"https:\/\/secure.gravatar.com\/avatar\/f912434ef7f389c92cb311fcdae346af848465d638912574b3c669070f797701?s=96&d=mm&r=g","caption":"TMax Tecnologia"},"url":"https:\/\/www.institutodeengenharia.org.br\/site\/author\/tmax\/"}]}},"_links":{"self":[{"href":"https:\/\/www.institutodeengenharia.org.br\/site\/wp-json\/wp\/v2\/posts\/17721","targetHints":{"allow":["GET"]}}],"collection":[{"href":"https:\/\/www.institutodeengenharia.org.br\/site\/wp-json\/wp\/v2\/posts"}],"about":[{"href":"https:\/\/www.institutodeengenharia.org.br\/site\/wp-json\/wp\/v2\/types\/post"}],"author":[{"embeddable":true,"href":"https:\/\/www.institutodeengenharia.org.br\/site\/wp-json\/wp\/v2\/users\/1"}],"replies":[{"embeddable":true,"href":"https:\/\/www.institutodeengenharia.org.br\/site\/wp-json\/wp\/v2\/comments?post=17721"}],"version-history":[{"count":0,"href":"https:\/\/www.institutodeengenharia.org.br\/site\/wp-json\/wp\/v2\/posts\/17721\/revisions"}],"wp:attachment":[{"href":"https:\/\/www.institutodeengenharia.org.br\/site\/wp-json\/wp\/v2\/media?parent=17721"}],"wp:term":[{"taxonomy":"category","embeddable":true,"href":"https:\/\/www.institutodeengenharia.org.br\/site\/wp-json\/wp\/v2\/categories?post=17721"},{"taxonomy":"post_tag","embeddable":true,"href":"https:\/\/www.institutodeengenharia.org.br\/site\/wp-json\/wp\/v2\/tags?post=17721"}],"curies":[{"name":"wp","href":"https:\/\/api.w.org\/{rel}","templated":true}]}}