{"id":17697,"date":"2010-03-12T22:37:57","date_gmt":"2010-03-12T22:37:57","guid":{"rendered":"https:\/\/www.institutodeengenharia.org.br\/?p=17697"},"modified":"2010-03-12T11:09:46","modified_gmt":"2010-03-12T11:09:46","slug":"movimento-nos-portos-cai-pela-1a-vez-em-10-anos","status":"publish","type":"post","link":"https:\/\/www.institutodeengenharia.org.br\/site\/2010\/03\/12\/movimento-nos-portos-cai-pela-1a-vez-em-10-anos\/","title":{"rendered":"Movimento nos portos cai pela 1\u00aa vez em 10 anos"},"content":{"rendered":"<p>A movimenta\u00e7\u00e3o nos portos caiu 4,61% no ano passado em rela\u00e7\u00e3o a 2008 -a primeira queda registrada desde 1999. A movimenta\u00e7\u00e3o de gran\u00e9is s\u00f3lidos (principalmente min\u00e9rio) caiu 5,91%, e a de carga geral (cont\u00eaineres), 9,32%. Na avalia\u00e7\u00e3o do governo e do setor privado, a crise internacional foi respons\u00e1vel pelos n\u00fameros. <\/p>\n<p>Segundo an\u00e1lise da Antaq (Ag\u00eancia Nacional de Transportes Aquavi\u00e1rios), o impacto da crise na movimenta\u00e7\u00e3o portu\u00e1ria j\u00e1 era esperado. Para os t\u00e9cnicos, a forte retra\u00e7\u00e3o no com\u00e9rcio internacional e as restri\u00e7\u00f5es de cr\u00e9dito n\u00e3o teriam como deixar de alcan\u00e7ar os portos no ano passado. <\/p>\n<p>A queda mais significativa aconteceu no segmento de carga geral, que \u00e9 transportada em cont\u00eaineres. Usam esse tipo de transporte principalmente produtos pl\u00e1sticos, carnes congeladas de aves e caf\u00e9. <\/p>\n<p>Tamb\u00e9m chamou a aten\u00e7\u00e3o a &#8220;expressiva queda na movimenta\u00e7\u00e3o de min\u00e9rio de ferro&#8221;, que caiu de 279,8 milh\u00f5es de toneladas para 268 milh\u00f5es de toneladas. O min\u00e9rio de ferro representa 36,6% de toda a movimenta\u00e7\u00e3o de carga. <\/p>\n<p>&#8220;N\u00f3s v\u00ednhamos em um ritmo de crescimento forte, de aproximadamente 7,5% ao ano. A crise afetou principalmente os Estados Unidos e pa\u00edses europeus, que importam produtos brasileiros&#8221;, disse Fernando Fialho, presidente da Antaq. <br \/>\nPara ele, a movimenta\u00e7\u00e3o nos portos reflete exatamente <\/p>\n<p>o efeito da crise financeira internacional, tanto no exterior quanto no Brasil. &#8220;A queda maior foi na movimenta\u00e7\u00e3o de cont\u00eaineres, nos quais s\u00e3o embarcadas mercadorias que v\u00e3o para pa\u00edses onde a crise foi mais forte e, portanto, houve redu\u00e7\u00e3o de demanda&#8221;, disse. <\/p>\n<p>Ainda segundo Fialho, o reflexo mais ameno da crise no Brasil tamb\u00e9m est\u00e1 nos n\u00fameros: a navega\u00e7\u00e3o de cabotagem (entre portos brasileiros ao longo da costa) n\u00e3o foi afetada, tendo at\u00e9 aumentado em 1,7% o volume de carga transportada em 2009. J\u00e1 a navega\u00e7\u00e3o de longo curso, para outros pa\u00edses, transportou 6,5% menos. <\/p>\n<p>Os n\u00fameros de 2009 indicam que a movimenta\u00e7\u00e3o de carga est\u00e1 concentrada em quatro grandes portos: Santos-SP (12,57%), Vit\u00f3ria-ES (7,39%), Rio Grande-RS (7,34%) e Paranagu\u00e1-PR (5,65%). <\/p>\n<p><strong>Oportunidade<\/strong> <\/p>\n<p>Na avalia\u00e7\u00e3o do setor privado, a redu\u00e7\u00e3o de movimento nos portos pode representar uma oportunidade. &#8220;Isso d\u00e1 tempo ao governo de fazer alguma coisa a respeito da situa\u00e7\u00e3o dos portos, que precisam ser modernizados&#8221;, disse Jos\u00e9 de Freitas Mascarenhas, presidente do Conselho de Infraestrutura da CNI (Confedera\u00e7\u00e3o Nacional da Ind\u00fastria). <\/p>\n<p>Os terminais de uso privativo tamb\u00e9m tiveram redu\u00e7\u00e3o de movimenta\u00e7\u00e3o, mas em menor propor\u00e7\u00e3o. Os terminais privados movimentaram 473 milh\u00f5es de toneladas de carga em 2009, 4,29% a menos do que em 2008. J\u00e1 nos portos p\u00fablicos a queda foi de 5,18%. <\/p>\n<p><b>Autor: Folha de S. Paulo<\/b><\/p>\n","protected":false},"excerpt":{"rendered":"<p>A movimenta\u00e7\u00e3o nos portos caiu 4,61% no ano passado em rela\u00e7\u00e3o a 2008 -a primeira queda registrada desde 1999. A movimenta\u00e7\u00e3o de gran\u00e9is s\u00f3lidos (principalmente min\u00e9rio) caiu 5,91%, e a de carga geral (cont\u00eaineres), 9,32%. Na avalia\u00e7\u00e3o do governo e do setor privado, a crise internacional foi respons\u00e1vel pelos n\u00fameros. Segundo an\u00e1lise da Antaq (Ag\u00eancia [&hellip;]<\/p>\n","protected":false},"author":1,"featured_media":0,"comment_status":"open","ping_status":"open","sticky":false,"template":"","format":"standard","meta":{"footnotes":""},"categories":[6,41],"tags":[],"class_list":{"0":"post-17697","1":"post","2":"type-post","3":"status-publish","4":"format-standard","6":"category-noticias","7":"category-transportes"},"yoast_head":"<!-- This site is optimized with the Yoast SEO plugin v27.2 - https:\/\/yoast.com\/product\/yoast-seo-wordpress\/ -->\n<title>Movimento nos portos cai pela 1\u00aa vez em 10 anos - Instituto de Engenharia<\/title>\n<meta name=\"robots\" content=\"index, follow, max-snippet:-1, max-image-preview:large, max-video-preview:-1\" \/>\n<link rel=\"canonical\" href=\"https:\/\/www.institutodeengenharia.org.br\/site\/2010\/03\/12\/movimento-nos-portos-cai-pela-1a-vez-em-10-anos\/\" \/>\n<meta property=\"og:locale\" content=\"pt_BR\" \/>\n<meta property=\"og:type\" content=\"article\" \/>\n<meta property=\"og:title\" content=\"Movimento nos portos cai pela 1\u00aa vez em 10 anos - Instituto de Engenharia\" \/>\n<meta property=\"og:description\" content=\"A movimenta\u00e7\u00e3o nos portos caiu 4,61% no ano passado em rela\u00e7\u00e3o a 2008 -a primeira queda registrada desde 1999. A movimenta\u00e7\u00e3o de gran\u00e9is s\u00f3lidos (principalmente min\u00e9rio) caiu 5,91%, e a de carga geral (cont\u00eaineres), 9,32%. Na avalia\u00e7\u00e3o do governo e do setor privado, a crise internacional foi respons\u00e1vel pelos n\u00fameros. Segundo an\u00e1lise da Antaq (Ag\u00eancia [&hellip;]\" \/>\n<meta property=\"og:url\" content=\"https:\/\/www.institutodeengenharia.org.br\/site\/2010\/03\/12\/movimento-nos-portos-cai-pela-1a-vez-em-10-anos\/\" \/>\n<meta property=\"og:site_name\" content=\"Instituto de Engenharia\" \/>\n<meta property=\"article:publisher\" content=\"https:\/\/www.facebook.com\/institutodeengenharia\" \/>\n<meta property=\"article:published_time\" content=\"2010-03-12T22:37:57+00:00\" \/>\n<meta name=\"author\" content=\"TMax Tecnologia\" \/>\n<meta name=\"twitter:card\" content=\"summary_large_image\" \/>\n<meta name=\"twitter:creator\" content=\"@iengenharia\" \/>\n<meta name=\"twitter:site\" content=\"@iengenharia\" \/>\n<meta name=\"twitter:label1\" content=\"Escrito por\" \/>\n\t<meta name=\"twitter:data1\" content=\"TMax Tecnologia\" \/>\n\t<meta name=\"twitter:label2\" content=\"Est. tempo de leitura\" \/>\n\t<meta name=\"twitter:data2\" content=\"2 minutos\" \/>\n<script type=\"application\/ld+json\" class=\"yoast-schema-graph\">{\"@context\":\"https:\/\/schema.org\",\"@graph\":[{\"@type\":\"Article\",\"@id\":\"https:\/\/www.institutodeengenharia.org.br\/site\/2010\/03\/12\/movimento-nos-portos-cai-pela-1a-vez-em-10-anos\/#article\",\"isPartOf\":{\"@id\":\"https:\/\/www.institutodeengenharia.org.br\/site\/2010\/03\/12\/movimento-nos-portos-cai-pela-1a-vez-em-10-anos\/\"},\"author\":{\"name\":\"TMax Tecnologia\",\"@id\":\"https:\/\/www.institutodeengenharia.org.br\/site\/#\/schema\/person\/3b1ff109facef084739fc2edcb9a127f\"},\"headline\":\"Movimento nos portos cai pela 1\u00aa vez em 10 anos\",\"datePublished\":\"2010-03-12T22:37:57+00:00\",\"mainEntityOfPage\":{\"@id\":\"https:\/\/www.institutodeengenharia.org.br\/site\/2010\/03\/12\/movimento-nos-portos-cai-pela-1a-vez-em-10-anos\/\"},\"wordCount\":468,\"commentCount\":0,\"publisher\":{\"@id\":\"https:\/\/www.institutodeengenharia.org.br\/site\/#organization\"},\"articleSection\":[\"Not\u00edcias\",\"Transportes\"],\"inLanguage\":\"pt-BR\",\"potentialAction\":[{\"@type\":\"CommentAction\",\"name\":\"Comment\",\"target\":[\"https:\/\/www.institutodeengenharia.org.br\/site\/2010\/03\/12\/movimento-nos-portos-cai-pela-1a-vez-em-10-anos\/#respond\"]}]},{\"@type\":\"WebPage\",\"@id\":\"https:\/\/www.institutodeengenharia.org.br\/site\/2010\/03\/12\/movimento-nos-portos-cai-pela-1a-vez-em-10-anos\/\",\"url\":\"https:\/\/www.institutodeengenharia.org.br\/site\/2010\/03\/12\/movimento-nos-portos-cai-pela-1a-vez-em-10-anos\/\",\"name\":\"Movimento nos portos cai pela 1\u00aa vez em 10 anos - Instituto de Engenharia\",\"isPartOf\":{\"@id\":\"https:\/\/www.institutodeengenharia.org.br\/site\/#website\"},\"datePublished\":\"2010-03-12T22:37:57+00:00\",\"breadcrumb\":{\"@id\":\"https:\/\/www.institutodeengenharia.org.br\/site\/2010\/03\/12\/movimento-nos-portos-cai-pela-1a-vez-em-10-anos\/#breadcrumb\"},\"inLanguage\":\"pt-BR\",\"potentialAction\":[{\"@type\":\"ReadAction\",\"target\":[\"https:\/\/www.institutodeengenharia.org.br\/site\/2010\/03\/12\/movimento-nos-portos-cai-pela-1a-vez-em-10-anos\/\"]}]},{\"@type\":\"BreadcrumbList\",\"@id\":\"https:\/\/www.institutodeengenharia.org.br\/site\/2010\/03\/12\/movimento-nos-portos-cai-pela-1a-vez-em-10-anos\/#breadcrumb\",\"itemListElement\":[{\"@type\":\"ListItem\",\"position\":1,\"name\":\"In\u00edcio\",\"item\":\"https:\/\/www.institutodeengenharia.org.br\/site\/\"},{\"@type\":\"ListItem\",\"position\":2,\"name\":\"Movimento nos portos cai pela 1\u00aa vez em 10 anos\"}]},{\"@type\":\"WebSite\",\"@id\":\"https:\/\/www.institutodeengenharia.org.br\/site\/#website\",\"url\":\"https:\/\/www.institutodeengenharia.org.br\/site\/\",\"name\":\"Instituto de Engenharia\",\"description\":\"O Instituto de Engenharia promove a Engenharia em benef\u00edcio do desenvolvimento e da qualidade de vida da sociedade.\",\"publisher\":{\"@id\":\"https:\/\/www.institutodeengenharia.org.br\/site\/#organization\"},\"potentialAction\":[{\"@type\":\"SearchAction\",\"target\":{\"@type\":\"EntryPoint\",\"urlTemplate\":\"https:\/\/www.institutodeengenharia.org.br\/site\/?s={search_term_string}\"},\"query-input\":{\"@type\":\"PropertyValueSpecification\",\"valueRequired\":true,\"valueName\":\"search_term_string\"}}],\"inLanguage\":\"pt-BR\"},{\"@type\":\"Organization\",\"@id\":\"https:\/\/www.institutodeengenharia.org.br\/site\/#organization\",\"name\":\"Instituto de Engenharia\",\"url\":\"https:\/\/www.institutodeengenharia.org.br\/site\/\",\"logo\":{\"@type\":\"ImageObject\",\"inLanguage\":\"pt-BR\",\"@id\":\"https:\/\/www.institutodeengenharia.org.br\/site\/#\/schema\/logo\/image\/\",\"url\":\"https:\/\/www.institutodeengenharia.org.br\/site\/wp-content\/uploads\/2019\/03\/logo-novo-IE2018-1.jpg\",\"contentUrl\":\"https:\/\/www.institutodeengenharia.org.br\/site\/wp-content\/uploads\/2019\/03\/logo-novo-IE2018-1.jpg\",\"width\":1486,\"height\":1879,\"caption\":\"Instituto de Engenharia\"},\"image\":{\"@id\":\"https:\/\/www.institutodeengenharia.org.br\/site\/#\/schema\/logo\/image\/\"},\"sameAs\":[\"https:\/\/www.facebook.com\/institutodeengenharia\",\"https:\/\/x.com\/iengenharia\",\"https:\/\/www.instagram.com\/institutodeengenharia\/\",\"https:\/\/www.linkedin.com\/company\/instituto-de-engenharia\/\",\"https:\/\/www.youtube.com\/channel\/UCXiCAlsSMe977vamW915HxA\"]},{\"@type\":\"Person\",\"@id\":\"https:\/\/www.institutodeengenharia.org.br\/site\/#\/schema\/person\/3b1ff109facef084739fc2edcb9a127f\",\"name\":\"TMax Tecnologia\",\"image\":{\"@type\":\"ImageObject\",\"inLanguage\":\"pt-BR\",\"@id\":\"https:\/\/secure.gravatar.com\/avatar\/f912434ef7f389c92cb311fcdae346af848465d638912574b3c669070f797701?s=96&d=mm&r=g\",\"url\":\"https:\/\/secure.gravatar.com\/avatar\/f912434ef7f389c92cb311fcdae346af848465d638912574b3c669070f797701?s=96&d=mm&r=g\",\"contentUrl\":\"https:\/\/secure.gravatar.com\/avatar\/f912434ef7f389c92cb311fcdae346af848465d638912574b3c669070f797701?s=96&d=mm&r=g\",\"caption\":\"TMax Tecnologia\"},\"url\":\"https:\/\/www.institutodeengenharia.org.br\/site\/author\/tmax\/\"}]}<\/script>\n<!-- \/ Yoast SEO plugin. -->","yoast_head_json":{"title":"Movimento nos portos cai pela 1\u00aa vez em 10 anos - Instituto de Engenharia","robots":{"index":"index","follow":"follow","max-snippet":"max-snippet:-1","max-image-preview":"max-image-preview:large","max-video-preview":"max-video-preview:-1"},"canonical":"https:\/\/www.institutodeengenharia.org.br\/site\/2010\/03\/12\/movimento-nos-portos-cai-pela-1a-vez-em-10-anos\/","og_locale":"pt_BR","og_type":"article","og_title":"Movimento nos portos cai pela 1\u00aa vez em 10 anos - Instituto de Engenharia","og_description":"A movimenta\u00e7\u00e3o nos portos caiu 4,61% no ano passado em rela\u00e7\u00e3o a 2008 -a primeira queda registrada desde 1999. A movimenta\u00e7\u00e3o de gran\u00e9is s\u00f3lidos (principalmente min\u00e9rio) caiu 5,91%, e a de carga geral (cont\u00eaineres), 9,32%. Na avalia\u00e7\u00e3o do governo e do setor privado, a crise internacional foi respons\u00e1vel pelos n\u00fameros. Segundo an\u00e1lise da Antaq (Ag\u00eancia [&hellip;]","og_url":"https:\/\/www.institutodeengenharia.org.br\/site\/2010\/03\/12\/movimento-nos-portos-cai-pela-1a-vez-em-10-anos\/","og_site_name":"Instituto de Engenharia","article_publisher":"https:\/\/www.facebook.com\/institutodeengenharia","article_published_time":"2010-03-12T22:37:57+00:00","author":"TMax Tecnologia","twitter_card":"summary_large_image","twitter_creator":"@iengenharia","twitter_site":"@iengenharia","twitter_misc":{"Escrito por":"TMax Tecnologia","Est. tempo de leitura":"2 minutos"},"schema":{"@context":"https:\/\/schema.org","@graph":[{"@type":"Article","@id":"https:\/\/www.institutodeengenharia.org.br\/site\/2010\/03\/12\/movimento-nos-portos-cai-pela-1a-vez-em-10-anos\/#article","isPartOf":{"@id":"https:\/\/www.institutodeengenharia.org.br\/site\/2010\/03\/12\/movimento-nos-portos-cai-pela-1a-vez-em-10-anos\/"},"author":{"name":"TMax Tecnologia","@id":"https:\/\/www.institutodeengenharia.org.br\/site\/#\/schema\/person\/3b1ff109facef084739fc2edcb9a127f"},"headline":"Movimento nos portos cai pela 1\u00aa vez em 10 anos","datePublished":"2010-03-12T22:37:57+00:00","mainEntityOfPage":{"@id":"https:\/\/www.institutodeengenharia.org.br\/site\/2010\/03\/12\/movimento-nos-portos-cai-pela-1a-vez-em-10-anos\/"},"wordCount":468,"commentCount":0,"publisher":{"@id":"https:\/\/www.institutodeengenharia.org.br\/site\/#organization"},"articleSection":["Not\u00edcias","Transportes"],"inLanguage":"pt-BR","potentialAction":[{"@type":"CommentAction","name":"Comment","target":["https:\/\/www.institutodeengenharia.org.br\/site\/2010\/03\/12\/movimento-nos-portos-cai-pela-1a-vez-em-10-anos\/#respond"]}]},{"@type":"WebPage","@id":"https:\/\/www.institutodeengenharia.org.br\/site\/2010\/03\/12\/movimento-nos-portos-cai-pela-1a-vez-em-10-anos\/","url":"https:\/\/www.institutodeengenharia.org.br\/site\/2010\/03\/12\/movimento-nos-portos-cai-pela-1a-vez-em-10-anos\/","name":"Movimento nos portos cai pela 1\u00aa vez em 10 anos - Instituto de Engenharia","isPartOf":{"@id":"https:\/\/www.institutodeengenharia.org.br\/site\/#website"},"datePublished":"2010-03-12T22:37:57+00:00","breadcrumb":{"@id":"https:\/\/www.institutodeengenharia.org.br\/site\/2010\/03\/12\/movimento-nos-portos-cai-pela-1a-vez-em-10-anos\/#breadcrumb"},"inLanguage":"pt-BR","potentialAction":[{"@type":"ReadAction","target":["https:\/\/www.institutodeengenharia.org.br\/site\/2010\/03\/12\/movimento-nos-portos-cai-pela-1a-vez-em-10-anos\/"]}]},{"@type":"BreadcrumbList","@id":"https:\/\/www.institutodeengenharia.org.br\/site\/2010\/03\/12\/movimento-nos-portos-cai-pela-1a-vez-em-10-anos\/#breadcrumb","itemListElement":[{"@type":"ListItem","position":1,"name":"In\u00edcio","item":"https:\/\/www.institutodeengenharia.org.br\/site\/"},{"@type":"ListItem","position":2,"name":"Movimento nos portos cai pela 1\u00aa vez em 10 anos"}]},{"@type":"WebSite","@id":"https:\/\/www.institutodeengenharia.org.br\/site\/#website","url":"https:\/\/www.institutodeengenharia.org.br\/site\/","name":"Instituto de Engenharia","description":"O Instituto de Engenharia promove a Engenharia em benef\u00edcio do desenvolvimento e da qualidade de vida da sociedade.","publisher":{"@id":"https:\/\/www.institutodeengenharia.org.br\/site\/#organization"},"potentialAction":[{"@type":"SearchAction","target":{"@type":"EntryPoint","urlTemplate":"https:\/\/www.institutodeengenharia.org.br\/site\/?s={search_term_string}"},"query-input":{"@type":"PropertyValueSpecification","valueRequired":true,"valueName":"search_term_string"}}],"inLanguage":"pt-BR"},{"@type":"Organization","@id":"https:\/\/www.institutodeengenharia.org.br\/site\/#organization","name":"Instituto de Engenharia","url":"https:\/\/www.institutodeengenharia.org.br\/site\/","logo":{"@type":"ImageObject","inLanguage":"pt-BR","@id":"https:\/\/www.institutodeengenharia.org.br\/site\/#\/schema\/logo\/image\/","url":"https:\/\/www.institutodeengenharia.org.br\/site\/wp-content\/uploads\/2019\/03\/logo-novo-IE2018-1.jpg","contentUrl":"https:\/\/www.institutodeengenharia.org.br\/site\/wp-content\/uploads\/2019\/03\/logo-novo-IE2018-1.jpg","width":1486,"height":1879,"caption":"Instituto de Engenharia"},"image":{"@id":"https:\/\/www.institutodeengenharia.org.br\/site\/#\/schema\/logo\/image\/"},"sameAs":["https:\/\/www.facebook.com\/institutodeengenharia","https:\/\/x.com\/iengenharia","https:\/\/www.instagram.com\/institutodeengenharia\/","https:\/\/www.linkedin.com\/company\/instituto-de-engenharia\/","https:\/\/www.youtube.com\/channel\/UCXiCAlsSMe977vamW915HxA"]},{"@type":"Person","@id":"https:\/\/www.institutodeengenharia.org.br\/site\/#\/schema\/person\/3b1ff109facef084739fc2edcb9a127f","name":"TMax Tecnologia","image":{"@type":"ImageObject","inLanguage":"pt-BR","@id":"https:\/\/secure.gravatar.com\/avatar\/f912434ef7f389c92cb311fcdae346af848465d638912574b3c669070f797701?s=96&d=mm&r=g","url":"https:\/\/secure.gravatar.com\/avatar\/f912434ef7f389c92cb311fcdae346af848465d638912574b3c669070f797701?s=96&d=mm&r=g","contentUrl":"https:\/\/secure.gravatar.com\/avatar\/f912434ef7f389c92cb311fcdae346af848465d638912574b3c669070f797701?s=96&d=mm&r=g","caption":"TMax Tecnologia"},"url":"https:\/\/www.institutodeengenharia.org.br\/site\/author\/tmax\/"}]}},"_links":{"self":[{"href":"https:\/\/www.institutodeengenharia.org.br\/site\/wp-json\/wp\/v2\/posts\/17697","targetHints":{"allow":["GET"]}}],"collection":[{"href":"https:\/\/www.institutodeengenharia.org.br\/site\/wp-json\/wp\/v2\/posts"}],"about":[{"href":"https:\/\/www.institutodeengenharia.org.br\/site\/wp-json\/wp\/v2\/types\/post"}],"author":[{"embeddable":true,"href":"https:\/\/www.institutodeengenharia.org.br\/site\/wp-json\/wp\/v2\/users\/1"}],"replies":[{"embeddable":true,"href":"https:\/\/www.institutodeengenharia.org.br\/site\/wp-json\/wp\/v2\/comments?post=17697"}],"version-history":[{"count":0,"href":"https:\/\/www.institutodeengenharia.org.br\/site\/wp-json\/wp\/v2\/posts\/17697\/revisions"}],"wp:attachment":[{"href":"https:\/\/www.institutodeengenharia.org.br\/site\/wp-json\/wp\/v2\/media?parent=17697"}],"wp:term":[{"taxonomy":"category","embeddable":true,"href":"https:\/\/www.institutodeengenharia.org.br\/site\/wp-json\/wp\/v2\/categories?post=17697"},{"taxonomy":"post_tag","embeddable":true,"href":"https:\/\/www.institutodeengenharia.org.br\/site\/wp-json\/wp\/v2\/tags?post=17697"}],"curies":[{"name":"wp","href":"https:\/\/api.w.org\/{rel}","templated":true}]}}