{"id":17687,"date":"2010-03-11T22:37:47","date_gmt":"2010-03-11T22:37:47","guid":{"rendered":"https:\/\/www.institutodeengenharia.org.br\/?p=17687"},"modified":"2010-03-11T09:33:59","modified_gmt":"2010-03-11T09:33:59","slug":"brasil-precisa-de-profissionais-capacitados-em-novas-tecnologias","status":"publish","type":"post","link":"https:\/\/www.institutodeengenharia.org.br\/site\/2010\/03\/11\/brasil-precisa-de-profissionais-capacitados-em-novas-tecnologias\/","title":{"rendered":"Brasil precisa de profissionais capacitados em novas tecnologias"},"content":{"rendered":"<p>O foco e o volume de dinheiro gasto no Brasil em Ci\u00eancias Sociais mostra um desequil\u00edbrio grande em rela\u00e7\u00e3o a outras \u00e1reas de conhecimento em que h\u00e1 car\u00eancia de profissionais, provocada, sobretudo, pela inser\u00e7\u00e3o do Brasil na economia global nos \u00faltimos anos. <\/p>\n<p>A avalia\u00e7\u00e3o foi feita nesta segunda-feira (8) pelo presidente da Associa\u00e7\u00e3o Brasileira de Desenvolvimento Industrial (ABDI), Reginaldo Braga Arcuri, em painel promovido pela Comiss\u00e3o de Servi\u00e7os de Infraestrutura (CI) sobre o tema &#8220;A pol\u00edtica de forma\u00e7\u00e3o e capacita\u00e7\u00e3o de recursos humanos frente \u00e0 pol\u00edtica de desenvolvimento produtivo&#8221;. <\/p>\n<p>Segundo Arcuri, o Brasil precisa investir em inova\u00e7\u00e3o tecnol\u00f3gica, tendo em vista que o pa\u00eds voltou a ter demanda por trabalho qualificado em alguns setores, como engenharia, que chega a ser maior que a capacidade do pa\u00eds em formar esses profissionais. <\/p>\n<p>&#8211; \u00c0 medida que as m\u00e1quinas v\u00e3o sendo incorporadas ao processo cotidiano de produ\u00e7\u00e3o, o trabalhador tem que ter um n\u00edvel mais especifico de qualifica\u00e7\u00e3o, e isso acaba sendo feito pela pr\u00f3pria ind\u00fastria, dada a velocidade com que ela necessita desses trabalhadores &#8211; afirmou. <\/p>\n<p>O Brasil, segundo o presidente da ABDI, tem que ser ainda mais competitivo e n\u00e3o apenas &#8220;detentor de riquezas naturais com m\u00e3o-de-obra eventualmente barata&#8221;. <\/p>\n<p>&#8211; S\u00f3 vamos efetivamente responder aos desafios que o resto do mundo nos prop\u00f5e se tivermos gente capacitada tanto na pesquisa b\u00e1sica como na opera\u00e7\u00e3o direta de m\u00e1quinas &#8211; afirmou. <\/p>\n<p>Arcuri observou ainda que o Brasil &#8220;conseguiu obviamente dar um salto importante no quantitativo de anos de estudo da popula\u00e7\u00e3o&#8221;, mas que \u00e9 preciso observar se as pessoas est\u00e3o efetivamente absorvendo esses conhecimentos e sendo capazes de fazer com que eles se transformem em &#8220;algo \u00fatil&#8221; para o processo produtivo. <\/p>\n<p>O presidente da ADBI registrou ainda que os oper\u00e1rios s\u00e3o hoje &#8220;atores e part\u00edcipes&#8221; do processo de produ\u00e7\u00e3o, com a utiliza\u00e7\u00e3o de m\u00e1quinas complexas que demandam conhecimentos. Na ind\u00fastria automobil\u00edstica, segundo ele, j\u00e1 n\u00e3o ocorre um &#8220;mero ajuntamento passivo de pe\u00e7as&#8221;, mas a presen\u00e7a dos oper\u00e1rios em c\u00e9lulas de produ\u00e7\u00e3o que exigem dos trabalhadores solu\u00e7\u00f5es cotidianas ou semanais de como aprimorar o pr\u00f3prio trabalho, o que implica ter no\u00e7\u00e3o de processo industrial. <\/p>\n<p>Ap\u00f3s a exposi\u00e7\u00e3o de Arcuri, Fernando Collor observou que o Brasil tem demanda em n\u00edvel superior e t\u00e9cnico e que o pa\u00eds n\u00e3o tem mais tempo de &#8220;continuar discutindo m\u00e9todos&#8221;. O processo de educa\u00e7\u00e3o \u00e0 dist\u00e2ncia, segundo ele, exige profissionais com capacidade de decodificar o que est\u00e1 sendo passados aos alunos. <\/p>\n<p>&#8211; Os professores precisam ser qualificados e ter sal\u00e1rio compat\u00edvel com magist\u00e9rio- afirmou o presidente da CI. <\/p>\n<p><strong>Participantes <br \/>\n<\/strong><br \/>\nO painel tamb\u00e9m contou com a participa\u00e7\u00e3o do presidente do Conselho Nacional de Desenvolvimento Cient\u00edfico e Tecnol\u00f3gico (CNPq), Carlos Alberto Arag\u00e3o de Carvalho Filho; o deputado federal Alceni Guerra (DEM-PR); e o presidente do Grupo Ultra, Pedro Wongtschowski. <\/p>\n<p>Carvalho Filho, do CNPq, disse que o Brasil forma anualmente cerca de 30 mil engenheiros, n\u00famero bem abaixo do verificado em pa\u00edses como a R\u00fassia (190 mil), \u00cdndia (220 mil) e China (650 mil). Embora o Brasil esteja em 13\u00ba lugar na produ\u00e7\u00e3o de conhecimento global, \u00e0 frente da Holanda e da R\u00fassia, no caso de engenharia o pa\u00eds ocupa a 21\u00aa posi\u00e7\u00e3o. <\/p>\n<p>As empresas brasileiras, segundo Carvalho Pinto, &#8220;inovam pouco e diferenciam pouco&#8221; seus produtos. Em 2015, afirmou, o Brasil j\u00e1 ter\u00e1 um d\u00e9ficit mais significativo de engenheiros, principalmente em \u00e1reas ligadas \u00e0 prov\u00edncia petrol\u00edfera da camada pr\u00e9-sal, que exigir\u00e1 tecnologias ainda a serem descobertas, al\u00e9m do setor espacial, aeron\u00e1utico e nuclear, &#8220;que hoje j\u00e1 se ressente da falta de profissionais qualificados&#8221;. <\/p>\n<p>Carvalho Pinto disse ainda que 11 mil doutores s\u00e3o formados anualmente no Brasil, mas que o pa\u00eds reponde por apenas 2% da produ\u00e7\u00e3o cientifica publicada em revistas especializadas. O presidente do CNPq disse que o Brasil tem o pior desempenho em rela\u00e7\u00e3o \u00e0s patentes depositadas nos Estados Unidos, sendo tamb\u00e9m superado nesse setor pela R\u00fassia, \u00cdndia e China. <\/p>\n<p>Ex-prefeito de Pato Branco durante a implanta\u00e7\u00e3o de um p\u00f3lo tecnol\u00f3gico, Alceni Guerra lembrou que o munic\u00edpio paranaense, que h\u00e1 alguns anos atraiu empresas de tecnologia e hoje det\u00e9m um dos maiores \u00cdndices de Desenvolvimento Humano (IDH) no pa\u00eds, agora sofre dificuldades na implanta\u00e7\u00e3o de novos empreendimentos em raz\u00e3o da falta de cursos t\u00e9cnicos e tecnol\u00f3gicos. <\/p>\n<p>&#8211; O sistema de impostos \u00e9 o mesmo, os laborat\u00f3rios s\u00e3o os mesmos, mas falta m\u00e3o-de-obra porque o Cefet [centro de ensino tecnol\u00f3gico], que tinha cursos t\u00e9cnicos, se transformou em universidade e abandonou os cursos t\u00e9cnicos para investir em engenharia e gradua\u00e7\u00e3o mais sofisticada &#8211; afirmou. <\/p>\n<p>Por sua vez, Pedro Wongtschowski, do Grupo Ultra, que conta hoje com 10 mil funcion\u00e1rios no Brasil, sugeriu que as empresas atuem em conjunto com as universidades nos cursos de forma\u00e7\u00e3o de tecn\u00f3logos, como forma de melhorar a forma\u00e7\u00e3o inicial dos ingressantes no mercado de trabalho e de agilizar a adequa\u00e7\u00e3o dos curr\u00edculos. <\/p>\n<p>Recomendou ainda a ado\u00e7\u00e3o de incentivo \u00e0 pesquisa concentrada em \u00e1reas estrat\u00e9gicas, tendo em vista que as verbas encontram-se hoje muito pulverizadas e n\u00e3o favorecem o estudo de temas complexos e extensos; incentivo \u00e0 pesquisa conjunta entre a empresa e a academia; cria\u00e7\u00e3o de laborat\u00f3rios nacionais geridos por organiza\u00e7\u00f5es sociais para projetos de pesquisa da \u00e1rea acad\u00eamica; e incentivo \u00e0 pesquisa acad\u00eamica com entidades internacionais. <\/p>\n<p>E ainda a amplia\u00e7\u00e3o da atua\u00e7\u00e3o do Minist\u00e9rio da Educa\u00e7\u00e3o (MEC) por meio de institui\u00e7\u00f5es privadas; aumento dos programas universit\u00e1rios de gradua\u00e7\u00e3o em formato cooperativo, j\u00e1 existentes em algumas regi\u00f5es do pa\u00eds; fomento aos exames de certifica\u00e7\u00e3o, o que favoreceria a preocupa\u00e7\u00e3o constante com atualiza\u00e7\u00e3o e aprimoramento; e o desenvolvimento de cursos ligados \u00e0s novas tecnologias. <\/p>\n<p>As sugest\u00f5es contaram com o apoio do senador Gilberto Goellner (DEM-MT), sobretudo a que prop\u00f5e a extens\u00e3o de programas universit\u00e1rios em formato cooperativo nas regi\u00f5es mais afastadas do pa\u00eds. J\u00e1 o senador M\u00e3o Santa (PSC-PI) lembrou que o ensino no Brasil antigamente era mais &#8220;organizado&#8221;. <\/p>\n<p><b>Autor: GazetaWeb.com<\/b><\/p>\n","protected":false},"excerpt":{"rendered":"<p>O foco e o volume de dinheiro gasto no Brasil em Ci\u00eancias Sociais mostra um desequil\u00edbrio grande em rela\u00e7\u00e3o a outras \u00e1reas de conhecimento em que h\u00e1 car\u00eancia de profissionais, provocada, sobretudo, pela inser\u00e7\u00e3o do Brasil na economia global nos \u00faltimos anos. A avalia\u00e7\u00e3o foi feita nesta segunda-feira (8) pelo presidente da Associa\u00e7\u00e3o Brasileira de [&hellip;]<\/p>\n","protected":false},"author":1,"featured_media":0,"comment_status":"open","ping_status":"open","sticky":false,"template":"","format":"standard","meta":{"footnotes":""},"categories":[6,35],"tags":[],"class_list":{"0":"post-17687","1":"post","2":"type-post","3":"status-publish","4":"format-standard","6":"category-noticias","7":"category-pesquisa-e-desenvolvimento"},"yoast_head":"<!-- This site is optimized with the Yoast SEO plugin v27.2 - https:\/\/yoast.com\/product\/yoast-seo-wordpress\/ -->\n<title>Brasil precisa de profissionais capacitados em novas tecnologias - Instituto de Engenharia<\/title>\n<meta name=\"robots\" content=\"index, follow, max-snippet:-1, max-image-preview:large, max-video-preview:-1\" \/>\n<link rel=\"canonical\" href=\"https:\/\/www.institutodeengenharia.org.br\/site\/2010\/03\/11\/brasil-precisa-de-profissionais-capacitados-em-novas-tecnologias\/\" \/>\n<meta property=\"og:locale\" content=\"pt_BR\" \/>\n<meta property=\"og:type\" content=\"article\" \/>\n<meta property=\"og:title\" content=\"Brasil precisa de profissionais capacitados em novas tecnologias - Instituto de Engenharia\" \/>\n<meta property=\"og:description\" content=\"O foco e o volume de dinheiro gasto no Brasil em Ci\u00eancias Sociais mostra um desequil\u00edbrio grande em rela\u00e7\u00e3o a outras \u00e1reas de conhecimento em que h\u00e1 car\u00eancia de profissionais, provocada, sobretudo, pela inser\u00e7\u00e3o do Brasil na economia global nos \u00faltimos anos. A avalia\u00e7\u00e3o foi feita nesta segunda-feira (8) pelo presidente da Associa\u00e7\u00e3o Brasileira de [&hellip;]\" \/>\n<meta property=\"og:url\" content=\"https:\/\/www.institutodeengenharia.org.br\/site\/2010\/03\/11\/brasil-precisa-de-profissionais-capacitados-em-novas-tecnologias\/\" \/>\n<meta property=\"og:site_name\" content=\"Instituto de Engenharia\" \/>\n<meta property=\"article:publisher\" content=\"https:\/\/www.facebook.com\/institutodeengenharia\" \/>\n<meta property=\"article:published_time\" content=\"2010-03-11T22:37:47+00:00\" \/>\n<meta name=\"author\" content=\"TMax Tecnologia\" \/>\n<meta name=\"twitter:card\" content=\"summary_large_image\" \/>\n<meta name=\"twitter:creator\" content=\"@iengenharia\" \/>\n<meta name=\"twitter:site\" content=\"@iengenharia\" \/>\n<meta name=\"twitter:label1\" content=\"Escrito por\" \/>\n\t<meta name=\"twitter:data1\" content=\"TMax Tecnologia\" \/>\n\t<meta name=\"twitter:label2\" content=\"Est. tempo de leitura\" \/>\n\t<meta name=\"twitter:data2\" content=\"5 minutos\" \/>\n<script type=\"application\/ld+json\" class=\"yoast-schema-graph\">{\"@context\":\"https:\/\/schema.org\",\"@graph\":[{\"@type\":\"Article\",\"@id\":\"https:\/\/www.institutodeengenharia.org.br\/site\/2010\/03\/11\/brasil-precisa-de-profissionais-capacitados-em-novas-tecnologias\/#article\",\"isPartOf\":{\"@id\":\"https:\/\/www.institutodeengenharia.org.br\/site\/2010\/03\/11\/brasil-precisa-de-profissionais-capacitados-em-novas-tecnologias\/\"},\"author\":{\"name\":\"TMax Tecnologia\",\"@id\":\"https:\/\/www.institutodeengenharia.org.br\/site\/#\/schema\/person\/3b1ff109facef084739fc2edcb9a127f\"},\"headline\":\"Brasil precisa de profissionais capacitados em novas tecnologias\",\"datePublished\":\"2010-03-11T22:37:47+00:00\",\"mainEntityOfPage\":{\"@id\":\"https:\/\/www.institutodeengenharia.org.br\/site\/2010\/03\/11\/brasil-precisa-de-profissionais-capacitados-em-novas-tecnologias\/\"},\"wordCount\":1084,\"commentCount\":0,\"publisher\":{\"@id\":\"https:\/\/www.institutodeengenharia.org.br\/site\/#organization\"},\"articleSection\":[\"Not\u00edcias\",\"Pesquisa e Desenvolvimento\"],\"inLanguage\":\"pt-BR\",\"potentialAction\":[{\"@type\":\"CommentAction\",\"name\":\"Comment\",\"target\":[\"https:\/\/www.institutodeengenharia.org.br\/site\/2010\/03\/11\/brasil-precisa-de-profissionais-capacitados-em-novas-tecnologias\/#respond\"]}]},{\"@type\":\"WebPage\",\"@id\":\"https:\/\/www.institutodeengenharia.org.br\/site\/2010\/03\/11\/brasil-precisa-de-profissionais-capacitados-em-novas-tecnologias\/\",\"url\":\"https:\/\/www.institutodeengenharia.org.br\/site\/2010\/03\/11\/brasil-precisa-de-profissionais-capacitados-em-novas-tecnologias\/\",\"name\":\"Brasil precisa de profissionais capacitados em novas tecnologias - Instituto de Engenharia\",\"isPartOf\":{\"@id\":\"https:\/\/www.institutodeengenharia.org.br\/site\/#website\"},\"datePublished\":\"2010-03-11T22:37:47+00:00\",\"breadcrumb\":{\"@id\":\"https:\/\/www.institutodeengenharia.org.br\/site\/2010\/03\/11\/brasil-precisa-de-profissionais-capacitados-em-novas-tecnologias\/#breadcrumb\"},\"inLanguage\":\"pt-BR\",\"potentialAction\":[{\"@type\":\"ReadAction\",\"target\":[\"https:\/\/www.institutodeengenharia.org.br\/site\/2010\/03\/11\/brasil-precisa-de-profissionais-capacitados-em-novas-tecnologias\/\"]}]},{\"@type\":\"BreadcrumbList\",\"@id\":\"https:\/\/www.institutodeengenharia.org.br\/site\/2010\/03\/11\/brasil-precisa-de-profissionais-capacitados-em-novas-tecnologias\/#breadcrumb\",\"itemListElement\":[{\"@type\":\"ListItem\",\"position\":1,\"name\":\"In\u00edcio\",\"item\":\"https:\/\/www.institutodeengenharia.org.br\/site\/\"},{\"@type\":\"ListItem\",\"position\":2,\"name\":\"Brasil precisa de profissionais capacitados em novas tecnologias\"}]},{\"@type\":\"WebSite\",\"@id\":\"https:\/\/www.institutodeengenharia.org.br\/site\/#website\",\"url\":\"https:\/\/www.institutodeengenharia.org.br\/site\/\",\"name\":\"Instituto de Engenharia\",\"description\":\"O Instituto de Engenharia promove a Engenharia em benef\u00edcio do desenvolvimento e da qualidade de vida da sociedade.\",\"publisher\":{\"@id\":\"https:\/\/www.institutodeengenharia.org.br\/site\/#organization\"},\"potentialAction\":[{\"@type\":\"SearchAction\",\"target\":{\"@type\":\"EntryPoint\",\"urlTemplate\":\"https:\/\/www.institutodeengenharia.org.br\/site\/?s={search_term_string}\"},\"query-input\":{\"@type\":\"PropertyValueSpecification\",\"valueRequired\":true,\"valueName\":\"search_term_string\"}}],\"inLanguage\":\"pt-BR\"},{\"@type\":\"Organization\",\"@id\":\"https:\/\/www.institutodeengenharia.org.br\/site\/#organization\",\"name\":\"Instituto de Engenharia\",\"url\":\"https:\/\/www.institutodeengenharia.org.br\/site\/\",\"logo\":{\"@type\":\"ImageObject\",\"inLanguage\":\"pt-BR\",\"@id\":\"https:\/\/www.institutodeengenharia.org.br\/site\/#\/schema\/logo\/image\/\",\"url\":\"https:\/\/www.institutodeengenharia.org.br\/site\/wp-content\/uploads\/2019\/03\/logo-novo-IE2018-1.jpg\",\"contentUrl\":\"https:\/\/www.institutodeengenharia.org.br\/site\/wp-content\/uploads\/2019\/03\/logo-novo-IE2018-1.jpg\",\"width\":1486,\"height\":1879,\"caption\":\"Instituto de Engenharia\"},\"image\":{\"@id\":\"https:\/\/www.institutodeengenharia.org.br\/site\/#\/schema\/logo\/image\/\"},\"sameAs\":[\"https:\/\/www.facebook.com\/institutodeengenharia\",\"https:\/\/x.com\/iengenharia\",\"https:\/\/www.instagram.com\/institutodeengenharia\/\",\"https:\/\/www.linkedin.com\/company\/instituto-de-engenharia\/\",\"https:\/\/www.youtube.com\/channel\/UCXiCAlsSMe977vamW915HxA\"]},{\"@type\":\"Person\",\"@id\":\"https:\/\/www.institutodeengenharia.org.br\/site\/#\/schema\/person\/3b1ff109facef084739fc2edcb9a127f\",\"name\":\"TMax Tecnologia\",\"image\":{\"@type\":\"ImageObject\",\"inLanguage\":\"pt-BR\",\"@id\":\"https:\/\/secure.gravatar.com\/avatar\/f912434ef7f389c92cb311fcdae346af848465d638912574b3c669070f797701?s=96&d=mm&r=g\",\"url\":\"https:\/\/secure.gravatar.com\/avatar\/f912434ef7f389c92cb311fcdae346af848465d638912574b3c669070f797701?s=96&d=mm&r=g\",\"contentUrl\":\"https:\/\/secure.gravatar.com\/avatar\/f912434ef7f389c92cb311fcdae346af848465d638912574b3c669070f797701?s=96&d=mm&r=g\",\"caption\":\"TMax Tecnologia\"},\"url\":\"https:\/\/www.institutodeengenharia.org.br\/site\/author\/tmax\/\"}]}<\/script>\n<!-- \/ Yoast SEO plugin. -->","yoast_head_json":{"title":"Brasil precisa de profissionais capacitados em novas tecnologias - Instituto de Engenharia","robots":{"index":"index","follow":"follow","max-snippet":"max-snippet:-1","max-image-preview":"max-image-preview:large","max-video-preview":"max-video-preview:-1"},"canonical":"https:\/\/www.institutodeengenharia.org.br\/site\/2010\/03\/11\/brasil-precisa-de-profissionais-capacitados-em-novas-tecnologias\/","og_locale":"pt_BR","og_type":"article","og_title":"Brasil precisa de profissionais capacitados em novas tecnologias - Instituto de Engenharia","og_description":"O foco e o volume de dinheiro gasto no Brasil em Ci\u00eancias Sociais mostra um desequil\u00edbrio grande em rela\u00e7\u00e3o a outras \u00e1reas de conhecimento em que h\u00e1 car\u00eancia de profissionais, provocada, sobretudo, pela inser\u00e7\u00e3o do Brasil na economia global nos \u00faltimos anos. A avalia\u00e7\u00e3o foi feita nesta segunda-feira (8) pelo presidente da Associa\u00e7\u00e3o Brasileira de [&hellip;]","og_url":"https:\/\/www.institutodeengenharia.org.br\/site\/2010\/03\/11\/brasil-precisa-de-profissionais-capacitados-em-novas-tecnologias\/","og_site_name":"Instituto de Engenharia","article_publisher":"https:\/\/www.facebook.com\/institutodeengenharia","article_published_time":"2010-03-11T22:37:47+00:00","author":"TMax Tecnologia","twitter_card":"summary_large_image","twitter_creator":"@iengenharia","twitter_site":"@iengenharia","twitter_misc":{"Escrito por":"TMax Tecnologia","Est. tempo de leitura":"5 minutos"},"schema":{"@context":"https:\/\/schema.org","@graph":[{"@type":"Article","@id":"https:\/\/www.institutodeengenharia.org.br\/site\/2010\/03\/11\/brasil-precisa-de-profissionais-capacitados-em-novas-tecnologias\/#article","isPartOf":{"@id":"https:\/\/www.institutodeengenharia.org.br\/site\/2010\/03\/11\/brasil-precisa-de-profissionais-capacitados-em-novas-tecnologias\/"},"author":{"name":"TMax Tecnologia","@id":"https:\/\/www.institutodeengenharia.org.br\/site\/#\/schema\/person\/3b1ff109facef084739fc2edcb9a127f"},"headline":"Brasil precisa de profissionais capacitados em novas tecnologias","datePublished":"2010-03-11T22:37:47+00:00","mainEntityOfPage":{"@id":"https:\/\/www.institutodeengenharia.org.br\/site\/2010\/03\/11\/brasil-precisa-de-profissionais-capacitados-em-novas-tecnologias\/"},"wordCount":1084,"commentCount":0,"publisher":{"@id":"https:\/\/www.institutodeengenharia.org.br\/site\/#organization"},"articleSection":["Not\u00edcias","Pesquisa e Desenvolvimento"],"inLanguage":"pt-BR","potentialAction":[{"@type":"CommentAction","name":"Comment","target":["https:\/\/www.institutodeengenharia.org.br\/site\/2010\/03\/11\/brasil-precisa-de-profissionais-capacitados-em-novas-tecnologias\/#respond"]}]},{"@type":"WebPage","@id":"https:\/\/www.institutodeengenharia.org.br\/site\/2010\/03\/11\/brasil-precisa-de-profissionais-capacitados-em-novas-tecnologias\/","url":"https:\/\/www.institutodeengenharia.org.br\/site\/2010\/03\/11\/brasil-precisa-de-profissionais-capacitados-em-novas-tecnologias\/","name":"Brasil precisa de profissionais capacitados em novas tecnologias - Instituto de Engenharia","isPartOf":{"@id":"https:\/\/www.institutodeengenharia.org.br\/site\/#website"},"datePublished":"2010-03-11T22:37:47+00:00","breadcrumb":{"@id":"https:\/\/www.institutodeengenharia.org.br\/site\/2010\/03\/11\/brasil-precisa-de-profissionais-capacitados-em-novas-tecnologias\/#breadcrumb"},"inLanguage":"pt-BR","potentialAction":[{"@type":"ReadAction","target":["https:\/\/www.institutodeengenharia.org.br\/site\/2010\/03\/11\/brasil-precisa-de-profissionais-capacitados-em-novas-tecnologias\/"]}]},{"@type":"BreadcrumbList","@id":"https:\/\/www.institutodeengenharia.org.br\/site\/2010\/03\/11\/brasil-precisa-de-profissionais-capacitados-em-novas-tecnologias\/#breadcrumb","itemListElement":[{"@type":"ListItem","position":1,"name":"In\u00edcio","item":"https:\/\/www.institutodeengenharia.org.br\/site\/"},{"@type":"ListItem","position":2,"name":"Brasil precisa de profissionais capacitados em novas tecnologias"}]},{"@type":"WebSite","@id":"https:\/\/www.institutodeengenharia.org.br\/site\/#website","url":"https:\/\/www.institutodeengenharia.org.br\/site\/","name":"Instituto de Engenharia","description":"O Instituto de Engenharia promove a Engenharia em benef\u00edcio do desenvolvimento e da qualidade de vida da sociedade.","publisher":{"@id":"https:\/\/www.institutodeengenharia.org.br\/site\/#organization"},"potentialAction":[{"@type":"SearchAction","target":{"@type":"EntryPoint","urlTemplate":"https:\/\/www.institutodeengenharia.org.br\/site\/?s={search_term_string}"},"query-input":{"@type":"PropertyValueSpecification","valueRequired":true,"valueName":"search_term_string"}}],"inLanguage":"pt-BR"},{"@type":"Organization","@id":"https:\/\/www.institutodeengenharia.org.br\/site\/#organization","name":"Instituto de Engenharia","url":"https:\/\/www.institutodeengenharia.org.br\/site\/","logo":{"@type":"ImageObject","inLanguage":"pt-BR","@id":"https:\/\/www.institutodeengenharia.org.br\/site\/#\/schema\/logo\/image\/","url":"https:\/\/www.institutodeengenharia.org.br\/site\/wp-content\/uploads\/2019\/03\/logo-novo-IE2018-1.jpg","contentUrl":"https:\/\/www.institutodeengenharia.org.br\/site\/wp-content\/uploads\/2019\/03\/logo-novo-IE2018-1.jpg","width":1486,"height":1879,"caption":"Instituto de Engenharia"},"image":{"@id":"https:\/\/www.institutodeengenharia.org.br\/site\/#\/schema\/logo\/image\/"},"sameAs":["https:\/\/www.facebook.com\/institutodeengenharia","https:\/\/x.com\/iengenharia","https:\/\/www.instagram.com\/institutodeengenharia\/","https:\/\/www.linkedin.com\/company\/instituto-de-engenharia\/","https:\/\/www.youtube.com\/channel\/UCXiCAlsSMe977vamW915HxA"]},{"@type":"Person","@id":"https:\/\/www.institutodeengenharia.org.br\/site\/#\/schema\/person\/3b1ff109facef084739fc2edcb9a127f","name":"TMax Tecnologia","image":{"@type":"ImageObject","inLanguage":"pt-BR","@id":"https:\/\/secure.gravatar.com\/avatar\/f912434ef7f389c92cb311fcdae346af848465d638912574b3c669070f797701?s=96&d=mm&r=g","url":"https:\/\/secure.gravatar.com\/avatar\/f912434ef7f389c92cb311fcdae346af848465d638912574b3c669070f797701?s=96&d=mm&r=g","contentUrl":"https:\/\/secure.gravatar.com\/avatar\/f912434ef7f389c92cb311fcdae346af848465d638912574b3c669070f797701?s=96&d=mm&r=g","caption":"TMax Tecnologia"},"url":"https:\/\/www.institutodeengenharia.org.br\/site\/author\/tmax\/"}]}},"_links":{"self":[{"href":"https:\/\/www.institutodeengenharia.org.br\/site\/wp-json\/wp\/v2\/posts\/17687","targetHints":{"allow":["GET"]}}],"collection":[{"href":"https:\/\/www.institutodeengenharia.org.br\/site\/wp-json\/wp\/v2\/posts"}],"about":[{"href":"https:\/\/www.institutodeengenharia.org.br\/site\/wp-json\/wp\/v2\/types\/post"}],"author":[{"embeddable":true,"href":"https:\/\/www.institutodeengenharia.org.br\/site\/wp-json\/wp\/v2\/users\/1"}],"replies":[{"embeddable":true,"href":"https:\/\/www.institutodeengenharia.org.br\/site\/wp-json\/wp\/v2\/comments?post=17687"}],"version-history":[{"count":0,"href":"https:\/\/www.institutodeengenharia.org.br\/site\/wp-json\/wp\/v2\/posts\/17687\/revisions"}],"wp:attachment":[{"href":"https:\/\/www.institutodeengenharia.org.br\/site\/wp-json\/wp\/v2\/media?parent=17687"}],"wp:term":[{"taxonomy":"category","embeddable":true,"href":"https:\/\/www.institutodeengenharia.org.br\/site\/wp-json\/wp\/v2\/categories?post=17687"},{"taxonomy":"post_tag","embeddable":true,"href":"https:\/\/www.institutodeengenharia.org.br\/site\/wp-json\/wp\/v2\/tags?post=17687"}],"curies":[{"name":"wp","href":"https:\/\/api.w.org\/{rel}","templated":true}]}}