{"id":17685,"date":"2010-03-10T22:37:45","date_gmt":"2010-03-10T22:37:45","guid":{"rendered":"https:\/\/www.institutodeengenharia.org.br\/?p=17685"},"modified":"2010-03-10T09:44:54","modified_gmt":"2010-03-10T09:44:54","slug":"terremoto-no-chile-alterou-posicao-da-cidade-de-concepcion-em-tres-metros-diz-cnn","status":"publish","type":"post","link":"https:\/\/www.institutodeengenharia.org.br\/site\/2010\/03\/10\/terremoto-no-chile-alterou-posicao-da-cidade-de-concepcion-em-tres-metros-diz-cnn\/","title":{"rendered":"Terremoto no Chile alterou posi\u00e7\u00e3o da cidade de Concepci\u00f3n em tr\u00eas metros, diz CNN"},"content":{"rendered":"<p>A magnitude do terremoto que atingiu o Chile h\u00e1 dez dias foi violenta o suficiente para alterar a posi\u00e7\u00e3o relativa da cidade de Concepci\u00f3n pelo menos tr\u00eas metros na dire\u00e7\u00e3o oeste e da capital, Santiago, cerca de 20 cent\u00edmetros para sudoeste, segundo a rede CNN. Pesquisadores tamb\u00e9m observaram altera\u00e7\u00f5es nas posi\u00e7\u00f5es de cidades e regi\u00f5es em outras \u00e1reas da Am\u00e9rica do Sul, como as Ilhas Malvinas, na costa da Argentina, e a cidade de Fortaleza, no Brasil. Os dados foram obtidos a partir de medidas de aparelhos GPS registradas por pesquisadores de quatro institui\u00e7\u00f5es americanas antes e depois do abalo s\u00edsmico do dia 27 de fevereiro. Inicialmente, havia sido informado que a mudan\u00e7a em Concepci\u00f3n era de 10 metros. <\/p>\n<p>Cientistas da Nasa j\u00e1 haviam afirmado que o terremoto pode ter alterado o eixo da Terra e reduzido a dura\u00e7\u00e3o dos dias em 1,26 microssegundo . Segundo a CNN, o trabalho sobre a posi\u00e7\u00e3o das cidades envolveu a Universidade do Estado de Ohio, Universidade do Hava\u00ed, a Universidade de Memphis e o Instituto de Tecnologia da Calif\u00f3rnia, al\u00e9m de outras institui\u00e7\u00f5es da Am\u00e9rica do Sul. <\/p>\n<p>O professor de Geof\u00edsica da Universidade de Bras\u00edlia (UnB) Jo\u00e3o Willy Rosa questionou a informa\u00e7\u00e3o de que o terremoto poderia ter tido impacto sobre a posi\u00e7\u00e3o da cidade de Fortaleza, mas afirmou que a magnitude do abalo justifica a altera\u00e7\u00e3o observada no Chile. Segundo ele, quanto mais pr\u00f3xima \u00e9 uma cidade do epicentro do tremor, maior \u00e9 o deslocamento de massa, o que explica a diferen\u00e7a entre as mudan\u00e7as registradas em Concepci\u00f3n e em Santiago. <\/p>\n<p>&#8211; Na Calif\u00f3rnia, por exemplo, voc\u00ea v\u00ea fotos de locais onde tinha uma cerca que era cortada por uma falha geol\u00f3gica e, depois que houve um tremor, um buraco se abriu nessa cerca &#8211; explicou Rosa ao GLOBO, acrescentando que o fen\u00f4meno \u00e9 local e que dificilmente uma altera\u00e7\u00e3o no eixo da Terra ap\u00f3s um tremor afetaria a posi\u00e7\u00e3o de cidades, o que seria registrado em todo o mundo. <\/p>\n<p>Para o professor da UnB, outros fatores podem ter causado a altera\u00e7\u00e3o da posi\u00e7\u00e3o de Fortaleza, mas essa seria m\u00ednima, j\u00e1 que movimentos de placas tect\u00f4nicas como a sul-americana, sobre a qual se encontra a cidade brasileira, e a da \u00c1frica provocam mudan\u00e7as de no m\u00e1ximo 20 cent\u00edmetros por ano. <\/p>\n<p>Embora a trag\u00e9dia no Chile tenha matado centenas de pessoas em diversas \u00e1reas do pa\u00eds, cientistas v\u00eaem agora uma oportunidade de obter importantes informa\u00e7\u00f5es. <\/p>\n<p>&#8211; O terremoto na regi\u00e3o de Maule ser\u00e1 um dos mais importantes terremotos j\u00e1 estudados, sen\u00e3o o mais importante &#8211; disse \u00e0 CNN Ben Brooks, da Escola de Ci\u00eancia e Tecnologia do Oceano e da Terra da Universidade do Hava\u00ed. &#8211; Agora n\u00f3s temos instrumentos modernos, precisos para avaliar este acontecimento. <\/p>\n<p><b>Autor: O Globo<\/b><\/p>\n","protected":false},"excerpt":{"rendered":"<p>A magnitude do terremoto que atingiu o Chile h\u00e1 dez dias foi violenta o suficiente para alterar a posi\u00e7\u00e3o relativa da cidade de Concepci\u00f3n pelo menos tr\u00eas metros na dire\u00e7\u00e3o oeste e da capital, Santiago, cerca de 20 cent\u00edmetros para sudoeste, segundo a rede CNN. Pesquisadores tamb\u00e9m observaram altera\u00e7\u00f5es nas posi\u00e7\u00f5es de cidades e regi\u00f5es [&hellip;]<\/p>\n","protected":false},"author":1,"featured_media":0,"comment_status":"open","ping_status":"open","sticky":false,"template":"","format":"standard","meta":{"footnotes":""},"categories":[31,6],"tags":[],"class_list":{"0":"post-17685","1":"post","2":"type-post","3":"status-publish","4":"format-standard","6":"category-meio-ambiente","7":"category-noticias"},"yoast_head":"<!-- This site is optimized with the Yoast SEO plugin v27.2 - https:\/\/yoast.com\/product\/yoast-seo-wordpress\/ -->\n<title>Terremoto no Chile alterou posi\u00e7\u00e3o da cidade de Concepci\u00f3n em tr\u00eas metros, diz CNN - Instituto de Engenharia<\/title>\n<meta name=\"robots\" content=\"index, follow, max-snippet:-1, max-image-preview:large, max-video-preview:-1\" \/>\n<link rel=\"canonical\" href=\"https:\/\/www.institutodeengenharia.org.br\/site\/2010\/03\/10\/terremoto-no-chile-alterou-posicao-da-cidade-de-concepcion-em-tres-metros-diz-cnn\/\" \/>\n<meta property=\"og:locale\" content=\"pt_BR\" \/>\n<meta property=\"og:type\" content=\"article\" \/>\n<meta property=\"og:title\" content=\"Terremoto no Chile alterou posi\u00e7\u00e3o da cidade de Concepci\u00f3n em tr\u00eas metros, diz CNN - Instituto de Engenharia\" \/>\n<meta property=\"og:description\" content=\"A magnitude do terremoto que atingiu o Chile h\u00e1 dez dias foi violenta o suficiente para alterar a posi\u00e7\u00e3o relativa da cidade de Concepci\u00f3n pelo menos tr\u00eas metros na dire\u00e7\u00e3o oeste e da capital, Santiago, cerca de 20 cent\u00edmetros para sudoeste, segundo a rede CNN. Pesquisadores tamb\u00e9m observaram altera\u00e7\u00f5es nas posi\u00e7\u00f5es de cidades e regi\u00f5es [&hellip;]\" \/>\n<meta property=\"og:url\" content=\"https:\/\/www.institutodeengenharia.org.br\/site\/2010\/03\/10\/terremoto-no-chile-alterou-posicao-da-cidade-de-concepcion-em-tres-metros-diz-cnn\/\" \/>\n<meta property=\"og:site_name\" content=\"Instituto de Engenharia\" \/>\n<meta property=\"article:publisher\" content=\"https:\/\/www.facebook.com\/institutodeengenharia\" \/>\n<meta property=\"article:published_time\" content=\"2010-03-10T22:37:45+00:00\" \/>\n<meta name=\"author\" content=\"TMax Tecnologia\" \/>\n<meta name=\"twitter:card\" content=\"summary_large_image\" \/>\n<meta name=\"twitter:creator\" content=\"@iengenharia\" \/>\n<meta name=\"twitter:site\" content=\"@iengenharia\" \/>\n<meta name=\"twitter:label1\" content=\"Escrito por\" \/>\n\t<meta name=\"twitter:data1\" content=\"TMax Tecnologia\" \/>\n\t<meta name=\"twitter:label2\" content=\"Est. tempo de leitura\" \/>\n\t<meta name=\"twitter:data2\" content=\"2 minutos\" \/>\n<script type=\"application\/ld+json\" class=\"yoast-schema-graph\">{\"@context\":\"https:\/\/schema.org\",\"@graph\":[{\"@type\":\"Article\",\"@id\":\"https:\/\/www.institutodeengenharia.org.br\/site\/2010\/03\/10\/terremoto-no-chile-alterou-posicao-da-cidade-de-concepcion-em-tres-metros-diz-cnn\/#article\",\"isPartOf\":{\"@id\":\"https:\/\/www.institutodeengenharia.org.br\/site\/2010\/03\/10\/terremoto-no-chile-alterou-posicao-da-cidade-de-concepcion-em-tres-metros-diz-cnn\/\"},\"author\":{\"name\":\"TMax Tecnologia\",\"@id\":\"https:\/\/www.institutodeengenharia.org.br\/site\/#\/schema\/person\/3b1ff109facef084739fc2edcb9a127f\"},\"headline\":\"Terremoto no Chile alterou posi\u00e7\u00e3o da cidade de Concepci\u00f3n em tr\u00eas metros, diz CNN\",\"datePublished\":\"2010-03-10T22:37:45+00:00\",\"mainEntityOfPage\":{\"@id\":\"https:\/\/www.institutodeengenharia.org.br\/site\/2010\/03\/10\/terremoto-no-chile-alterou-posicao-da-cidade-de-concepcion-em-tres-metros-diz-cnn\/\"},\"wordCount\":514,\"commentCount\":0,\"publisher\":{\"@id\":\"https:\/\/www.institutodeengenharia.org.br\/site\/#organization\"},\"articleSection\":[\"Meio Ambiente\",\"Not\u00edcias\"],\"inLanguage\":\"pt-BR\",\"potentialAction\":[{\"@type\":\"CommentAction\",\"name\":\"Comment\",\"target\":[\"https:\/\/www.institutodeengenharia.org.br\/site\/2010\/03\/10\/terremoto-no-chile-alterou-posicao-da-cidade-de-concepcion-em-tres-metros-diz-cnn\/#respond\"]}]},{\"@type\":\"WebPage\",\"@id\":\"https:\/\/www.institutodeengenharia.org.br\/site\/2010\/03\/10\/terremoto-no-chile-alterou-posicao-da-cidade-de-concepcion-em-tres-metros-diz-cnn\/\",\"url\":\"https:\/\/www.institutodeengenharia.org.br\/site\/2010\/03\/10\/terremoto-no-chile-alterou-posicao-da-cidade-de-concepcion-em-tres-metros-diz-cnn\/\",\"name\":\"Terremoto no Chile alterou posi\u00e7\u00e3o da cidade de Concepci\u00f3n em tr\u00eas metros, diz CNN - Instituto de Engenharia\",\"isPartOf\":{\"@id\":\"https:\/\/www.institutodeengenharia.org.br\/site\/#website\"},\"datePublished\":\"2010-03-10T22:37:45+00:00\",\"breadcrumb\":{\"@id\":\"https:\/\/www.institutodeengenharia.org.br\/site\/2010\/03\/10\/terremoto-no-chile-alterou-posicao-da-cidade-de-concepcion-em-tres-metros-diz-cnn\/#breadcrumb\"},\"inLanguage\":\"pt-BR\",\"potentialAction\":[{\"@type\":\"ReadAction\",\"target\":[\"https:\/\/www.institutodeengenharia.org.br\/site\/2010\/03\/10\/terremoto-no-chile-alterou-posicao-da-cidade-de-concepcion-em-tres-metros-diz-cnn\/\"]}]},{\"@type\":\"BreadcrumbList\",\"@id\":\"https:\/\/www.institutodeengenharia.org.br\/site\/2010\/03\/10\/terremoto-no-chile-alterou-posicao-da-cidade-de-concepcion-em-tres-metros-diz-cnn\/#breadcrumb\",\"itemListElement\":[{\"@type\":\"ListItem\",\"position\":1,\"name\":\"In\u00edcio\",\"item\":\"https:\/\/www.institutodeengenharia.org.br\/site\/\"},{\"@type\":\"ListItem\",\"position\":2,\"name\":\"Terremoto no Chile alterou posi\u00e7\u00e3o da cidade de Concepci\u00f3n em tr\u00eas metros, diz CNN\"}]},{\"@type\":\"WebSite\",\"@id\":\"https:\/\/www.institutodeengenharia.org.br\/site\/#website\",\"url\":\"https:\/\/www.institutodeengenharia.org.br\/site\/\",\"name\":\"Instituto de Engenharia\",\"description\":\"O Instituto de Engenharia promove a Engenharia em benef\u00edcio do desenvolvimento e da qualidade de vida da sociedade.\",\"publisher\":{\"@id\":\"https:\/\/www.institutodeengenharia.org.br\/site\/#organization\"},\"potentialAction\":[{\"@type\":\"SearchAction\",\"target\":{\"@type\":\"EntryPoint\",\"urlTemplate\":\"https:\/\/www.institutodeengenharia.org.br\/site\/?s={search_term_string}\"},\"query-input\":{\"@type\":\"PropertyValueSpecification\",\"valueRequired\":true,\"valueName\":\"search_term_string\"}}],\"inLanguage\":\"pt-BR\"},{\"@type\":\"Organization\",\"@id\":\"https:\/\/www.institutodeengenharia.org.br\/site\/#organization\",\"name\":\"Instituto de Engenharia\",\"url\":\"https:\/\/www.institutodeengenharia.org.br\/site\/\",\"logo\":{\"@type\":\"ImageObject\",\"inLanguage\":\"pt-BR\",\"@id\":\"https:\/\/www.institutodeengenharia.org.br\/site\/#\/schema\/logo\/image\/\",\"url\":\"https:\/\/www.institutodeengenharia.org.br\/site\/wp-content\/uploads\/2019\/03\/logo-novo-IE2018-1.jpg\",\"contentUrl\":\"https:\/\/www.institutodeengenharia.org.br\/site\/wp-content\/uploads\/2019\/03\/logo-novo-IE2018-1.jpg\",\"width\":1486,\"height\":1879,\"caption\":\"Instituto de Engenharia\"},\"image\":{\"@id\":\"https:\/\/www.institutodeengenharia.org.br\/site\/#\/schema\/logo\/image\/\"},\"sameAs\":[\"https:\/\/www.facebook.com\/institutodeengenharia\",\"https:\/\/x.com\/iengenharia\",\"https:\/\/www.instagram.com\/institutodeengenharia\/\",\"https:\/\/www.linkedin.com\/company\/instituto-de-engenharia\/\",\"https:\/\/www.youtube.com\/channel\/UCXiCAlsSMe977vamW915HxA\"]},{\"@type\":\"Person\",\"@id\":\"https:\/\/www.institutodeengenharia.org.br\/site\/#\/schema\/person\/3b1ff109facef084739fc2edcb9a127f\",\"name\":\"TMax Tecnologia\",\"image\":{\"@type\":\"ImageObject\",\"inLanguage\":\"pt-BR\",\"@id\":\"https:\/\/secure.gravatar.com\/avatar\/f912434ef7f389c92cb311fcdae346af848465d638912574b3c669070f797701?s=96&d=mm&r=g\",\"url\":\"https:\/\/secure.gravatar.com\/avatar\/f912434ef7f389c92cb311fcdae346af848465d638912574b3c669070f797701?s=96&d=mm&r=g\",\"contentUrl\":\"https:\/\/secure.gravatar.com\/avatar\/f912434ef7f389c92cb311fcdae346af848465d638912574b3c669070f797701?s=96&d=mm&r=g\",\"caption\":\"TMax Tecnologia\"},\"url\":\"https:\/\/www.institutodeengenharia.org.br\/site\/author\/tmax\/\"}]}<\/script>\n<!-- \/ Yoast SEO plugin. -->","yoast_head_json":{"title":"Terremoto no Chile alterou posi\u00e7\u00e3o da cidade de Concepci\u00f3n em tr\u00eas metros, diz CNN - Instituto de Engenharia","robots":{"index":"index","follow":"follow","max-snippet":"max-snippet:-1","max-image-preview":"max-image-preview:large","max-video-preview":"max-video-preview:-1"},"canonical":"https:\/\/www.institutodeengenharia.org.br\/site\/2010\/03\/10\/terremoto-no-chile-alterou-posicao-da-cidade-de-concepcion-em-tres-metros-diz-cnn\/","og_locale":"pt_BR","og_type":"article","og_title":"Terremoto no Chile alterou posi\u00e7\u00e3o da cidade de Concepci\u00f3n em tr\u00eas metros, diz CNN - Instituto de Engenharia","og_description":"A magnitude do terremoto que atingiu o Chile h\u00e1 dez dias foi violenta o suficiente para alterar a posi\u00e7\u00e3o relativa da cidade de Concepci\u00f3n pelo menos tr\u00eas metros na dire\u00e7\u00e3o oeste e da capital, Santiago, cerca de 20 cent\u00edmetros para sudoeste, segundo a rede CNN. Pesquisadores tamb\u00e9m observaram altera\u00e7\u00f5es nas posi\u00e7\u00f5es de cidades e regi\u00f5es [&hellip;]","og_url":"https:\/\/www.institutodeengenharia.org.br\/site\/2010\/03\/10\/terremoto-no-chile-alterou-posicao-da-cidade-de-concepcion-em-tres-metros-diz-cnn\/","og_site_name":"Instituto de Engenharia","article_publisher":"https:\/\/www.facebook.com\/institutodeengenharia","article_published_time":"2010-03-10T22:37:45+00:00","author":"TMax Tecnologia","twitter_card":"summary_large_image","twitter_creator":"@iengenharia","twitter_site":"@iengenharia","twitter_misc":{"Escrito por":"TMax Tecnologia","Est. tempo de leitura":"2 minutos"},"schema":{"@context":"https:\/\/schema.org","@graph":[{"@type":"Article","@id":"https:\/\/www.institutodeengenharia.org.br\/site\/2010\/03\/10\/terremoto-no-chile-alterou-posicao-da-cidade-de-concepcion-em-tres-metros-diz-cnn\/#article","isPartOf":{"@id":"https:\/\/www.institutodeengenharia.org.br\/site\/2010\/03\/10\/terremoto-no-chile-alterou-posicao-da-cidade-de-concepcion-em-tres-metros-diz-cnn\/"},"author":{"name":"TMax Tecnologia","@id":"https:\/\/www.institutodeengenharia.org.br\/site\/#\/schema\/person\/3b1ff109facef084739fc2edcb9a127f"},"headline":"Terremoto no Chile alterou posi\u00e7\u00e3o da cidade de Concepci\u00f3n em tr\u00eas metros, diz CNN","datePublished":"2010-03-10T22:37:45+00:00","mainEntityOfPage":{"@id":"https:\/\/www.institutodeengenharia.org.br\/site\/2010\/03\/10\/terremoto-no-chile-alterou-posicao-da-cidade-de-concepcion-em-tres-metros-diz-cnn\/"},"wordCount":514,"commentCount":0,"publisher":{"@id":"https:\/\/www.institutodeengenharia.org.br\/site\/#organization"},"articleSection":["Meio Ambiente","Not\u00edcias"],"inLanguage":"pt-BR","potentialAction":[{"@type":"CommentAction","name":"Comment","target":["https:\/\/www.institutodeengenharia.org.br\/site\/2010\/03\/10\/terremoto-no-chile-alterou-posicao-da-cidade-de-concepcion-em-tres-metros-diz-cnn\/#respond"]}]},{"@type":"WebPage","@id":"https:\/\/www.institutodeengenharia.org.br\/site\/2010\/03\/10\/terremoto-no-chile-alterou-posicao-da-cidade-de-concepcion-em-tres-metros-diz-cnn\/","url":"https:\/\/www.institutodeengenharia.org.br\/site\/2010\/03\/10\/terremoto-no-chile-alterou-posicao-da-cidade-de-concepcion-em-tres-metros-diz-cnn\/","name":"Terremoto no Chile alterou posi\u00e7\u00e3o da cidade de Concepci\u00f3n em tr\u00eas metros, diz CNN - Instituto de Engenharia","isPartOf":{"@id":"https:\/\/www.institutodeengenharia.org.br\/site\/#website"},"datePublished":"2010-03-10T22:37:45+00:00","breadcrumb":{"@id":"https:\/\/www.institutodeengenharia.org.br\/site\/2010\/03\/10\/terremoto-no-chile-alterou-posicao-da-cidade-de-concepcion-em-tres-metros-diz-cnn\/#breadcrumb"},"inLanguage":"pt-BR","potentialAction":[{"@type":"ReadAction","target":["https:\/\/www.institutodeengenharia.org.br\/site\/2010\/03\/10\/terremoto-no-chile-alterou-posicao-da-cidade-de-concepcion-em-tres-metros-diz-cnn\/"]}]},{"@type":"BreadcrumbList","@id":"https:\/\/www.institutodeengenharia.org.br\/site\/2010\/03\/10\/terremoto-no-chile-alterou-posicao-da-cidade-de-concepcion-em-tres-metros-diz-cnn\/#breadcrumb","itemListElement":[{"@type":"ListItem","position":1,"name":"In\u00edcio","item":"https:\/\/www.institutodeengenharia.org.br\/site\/"},{"@type":"ListItem","position":2,"name":"Terremoto no Chile alterou posi\u00e7\u00e3o da cidade de Concepci\u00f3n em tr\u00eas metros, diz CNN"}]},{"@type":"WebSite","@id":"https:\/\/www.institutodeengenharia.org.br\/site\/#website","url":"https:\/\/www.institutodeengenharia.org.br\/site\/","name":"Instituto de Engenharia","description":"O Instituto de Engenharia promove a Engenharia em benef\u00edcio do desenvolvimento e da qualidade de vida da sociedade.","publisher":{"@id":"https:\/\/www.institutodeengenharia.org.br\/site\/#organization"},"potentialAction":[{"@type":"SearchAction","target":{"@type":"EntryPoint","urlTemplate":"https:\/\/www.institutodeengenharia.org.br\/site\/?s={search_term_string}"},"query-input":{"@type":"PropertyValueSpecification","valueRequired":true,"valueName":"search_term_string"}}],"inLanguage":"pt-BR"},{"@type":"Organization","@id":"https:\/\/www.institutodeengenharia.org.br\/site\/#organization","name":"Instituto de Engenharia","url":"https:\/\/www.institutodeengenharia.org.br\/site\/","logo":{"@type":"ImageObject","inLanguage":"pt-BR","@id":"https:\/\/www.institutodeengenharia.org.br\/site\/#\/schema\/logo\/image\/","url":"https:\/\/www.institutodeengenharia.org.br\/site\/wp-content\/uploads\/2019\/03\/logo-novo-IE2018-1.jpg","contentUrl":"https:\/\/www.institutodeengenharia.org.br\/site\/wp-content\/uploads\/2019\/03\/logo-novo-IE2018-1.jpg","width":1486,"height":1879,"caption":"Instituto de Engenharia"},"image":{"@id":"https:\/\/www.institutodeengenharia.org.br\/site\/#\/schema\/logo\/image\/"},"sameAs":["https:\/\/www.facebook.com\/institutodeengenharia","https:\/\/x.com\/iengenharia","https:\/\/www.instagram.com\/institutodeengenharia\/","https:\/\/www.linkedin.com\/company\/instituto-de-engenharia\/","https:\/\/www.youtube.com\/channel\/UCXiCAlsSMe977vamW915HxA"]},{"@type":"Person","@id":"https:\/\/www.institutodeengenharia.org.br\/site\/#\/schema\/person\/3b1ff109facef084739fc2edcb9a127f","name":"TMax Tecnologia","image":{"@type":"ImageObject","inLanguage":"pt-BR","@id":"https:\/\/secure.gravatar.com\/avatar\/f912434ef7f389c92cb311fcdae346af848465d638912574b3c669070f797701?s=96&d=mm&r=g","url":"https:\/\/secure.gravatar.com\/avatar\/f912434ef7f389c92cb311fcdae346af848465d638912574b3c669070f797701?s=96&d=mm&r=g","contentUrl":"https:\/\/secure.gravatar.com\/avatar\/f912434ef7f389c92cb311fcdae346af848465d638912574b3c669070f797701?s=96&d=mm&r=g","caption":"TMax Tecnologia"},"url":"https:\/\/www.institutodeengenharia.org.br\/site\/author\/tmax\/"}]}},"_links":{"self":[{"href":"https:\/\/www.institutodeengenharia.org.br\/site\/wp-json\/wp\/v2\/posts\/17685","targetHints":{"allow":["GET"]}}],"collection":[{"href":"https:\/\/www.institutodeengenharia.org.br\/site\/wp-json\/wp\/v2\/posts"}],"about":[{"href":"https:\/\/www.institutodeengenharia.org.br\/site\/wp-json\/wp\/v2\/types\/post"}],"author":[{"embeddable":true,"href":"https:\/\/www.institutodeengenharia.org.br\/site\/wp-json\/wp\/v2\/users\/1"}],"replies":[{"embeddable":true,"href":"https:\/\/www.institutodeengenharia.org.br\/site\/wp-json\/wp\/v2\/comments?post=17685"}],"version-history":[{"count":0,"href":"https:\/\/www.institutodeengenharia.org.br\/site\/wp-json\/wp\/v2\/posts\/17685\/revisions"}],"wp:attachment":[{"href":"https:\/\/www.institutodeengenharia.org.br\/site\/wp-json\/wp\/v2\/media?parent=17685"}],"wp:term":[{"taxonomy":"category","embeddable":true,"href":"https:\/\/www.institutodeengenharia.org.br\/site\/wp-json\/wp\/v2\/categories?post=17685"},{"taxonomy":"post_tag","embeddable":true,"href":"https:\/\/www.institutodeengenharia.org.br\/site\/wp-json\/wp\/v2\/tags?post=17685"}],"curies":[{"name":"wp","href":"https:\/\/api.w.org\/{rel}","templated":true}]}}