{"id":17677,"date":"2010-03-09T22:37:37","date_gmt":"2010-03-09T22:37:37","guid":{"rendered":"https:\/\/www.institutodeengenharia.org.br\/?p=17677"},"modified":"2010-03-09T13:46:40","modified_gmt":"2010-03-09T13:46:40","slug":"faps-e-vale-lancam-chamada-de-propostas","status":"publish","type":"post","link":"https:\/\/www.institutodeengenharia.org.br\/site\/2010\/03\/09\/faps-e-vale-lancam-chamada-de-propostas\/","title":{"rendered":"FAPs e Vale lan\u00e7am chamada de propostas"},"content":{"rendered":"<p>As Funda\u00e7\u00f5es de Amparo \u00e0 Pesquisa (FAPs) dos Estados de S\u00e3o Paulo (FAPESP), Minas Gerais (FAPEMIG) e do Par\u00e1 (FAPESPA) e a VALE S.A. lan\u00e7aram chamada de propostas nesta segunda-feira (8\/3), no \u00e2mbito do Acordo de Coopera\u00e7\u00e3o Tecnol\u00f3gica assinado em 2009 pelas institui\u00e7\u00f5es. <\/p>\n<p>A chamada tem como objetivo selecionar e apoiar o desenvolvimento de projetos cooperativos de pesquisa cient\u00edfica, tecnol\u00f3gica ou de inova\u00e7\u00e3o a serem estabelecidos e desenvolvidos por pesquisadores ou grupos de pesquisa de institui\u00e7\u00f5es de ensino superior e de pesquisa nos Estados de Minas Gerais, S\u00e3o Paulo e Par\u00e1. <\/p>\n<p>O valor global para financiamento de propostas da presente chamada \u00e9 de at\u00e9 R$ 120 milh\u00f5es, sendo at\u00e9 R$ 40 milh\u00f5es para apoio a pesquisas em cada um dos Estados participantes. No Estado de S\u00e3o Paulo, a FAPESP aportar\u00e1 R$ 20 milh\u00f5es e a VALE igual quantia. <\/p>\n<p>Os projetos selecionados dever\u00e3o contribuir para o avan\u00e7o do conhecimento e da tecnologia nas \u00e1reas de minera\u00e7\u00e3o, energia, ecoefici\u00eancia e biodiversidade e produtos ferrosos para siderurgia. <\/p>\n<p>A chamada receber\u00e1 propostas em duas modalidades: Proposta em Rede de Pesquisa e Proposta Individual. A primeira compreende propostas cooperativas envolvendo no m\u00ednimo dois projetos de pesquisa articulados e com objetivos comuns a serem desenvolvidos por uma equipe vinculada a institui\u00e7\u00f5es de ensino superior e de pesquisa de dois dos Estados sede das FAPs cofinanciadoras e em parceria com a VALE, ou seja, no m\u00ednimo dois Estados distintos por Proposta em Rede de Pesquisa. <\/p>\n<p>A segunda modalidade envolve um \u00fanico projeto de pesquisa apresentado por um pesquisador ou grupo de pesquisadores vinculados a institui\u00e7\u00f5es de ensino superior e de pesquisa de um dos Estados das FAPs cofinanciadoras em parceria com a VALE. <\/p>\n<p>As propostas dever\u00e3o ser apresentadas \u00e0 FAP do Estado do proponente. As propostas (Individual ou em Rede de Pesquisa) sob responsabilidade dos pesquisadores de institui\u00e7\u00f5es de ensino superior e de pesquisa do Estado de S\u00e3o Paulo dever\u00e3o ser apresentadas \u00e0 FAPESP como Propostas do Programa de Apoio \u00e0 Pesquisa em Parceria para Inova\u00e7\u00e3o Tecnol\u00f3gica (PITE). <\/p>\n<p>Para a FAPESP, as propostas dever\u00e3o ser enviadas em formul\u00e1rios impressos, os quais ser\u00e3o disponibilizados no site da Funda\u00e7\u00e3o a partir de 30 de mar\u00e7o de 2010. <\/p>\n<p>As propostas submetidas \u00e0 FAPESP dever\u00e3o ser apresentadas em papel (tr\u00eas vias) e acompanhadas de um CD contendo, em um \u00fanico arquivo em formato PDF, todo o material descrito, seguindo-se as instru\u00e7\u00f5es descritas na chamada de propostas. <\/p>\n<p>As propostas, no caso da FAPESP, poder\u00e3o ser entregues at\u00e9 o dia 23 de junho de 2010. <\/p>\n<p><b>Autor: Ag\u00eancia Fapesp<\/b><\/p>\n","protected":false},"excerpt":{"rendered":"<p>As Funda\u00e7\u00f5es de Amparo \u00e0 Pesquisa (FAPs) dos Estados de S\u00e3o Paulo (FAPESP), Minas Gerais (FAPEMIG) e do Par\u00e1 (FAPESPA) e a VALE S.A. lan\u00e7aram chamada de propostas nesta segunda-feira (8\/3), no \u00e2mbito do Acordo de Coopera\u00e7\u00e3o Tecnol\u00f3gica assinado em 2009 pelas institui\u00e7\u00f5es. A chamada tem como objetivo selecionar e apoiar o desenvolvimento de projetos [&hellip;]<\/p>\n","protected":false},"author":1,"featured_media":0,"comment_status":"open","ping_status":"open","sticky":false,"template":"","format":"standard","meta":{"footnotes":""},"categories":[6,35],"tags":[],"class_list":{"0":"post-17677","1":"post","2":"type-post","3":"status-publish","4":"format-standard","6":"category-noticias","7":"category-pesquisa-e-desenvolvimento"},"yoast_head":"<!-- This site is optimized with the Yoast SEO plugin v27.2 - https:\/\/yoast.com\/product\/yoast-seo-wordpress\/ -->\n<title>FAPs e Vale lan\u00e7am chamada de propostas - Instituto de Engenharia<\/title>\n<meta name=\"robots\" content=\"index, follow, max-snippet:-1, max-image-preview:large, max-video-preview:-1\" \/>\n<link rel=\"canonical\" href=\"https:\/\/www.institutodeengenharia.org.br\/site\/2010\/03\/09\/faps-e-vale-lancam-chamada-de-propostas\/\" \/>\n<meta property=\"og:locale\" content=\"pt_BR\" \/>\n<meta property=\"og:type\" content=\"article\" \/>\n<meta property=\"og:title\" content=\"FAPs e Vale lan\u00e7am chamada de propostas - Instituto de Engenharia\" \/>\n<meta property=\"og:description\" content=\"As Funda\u00e7\u00f5es de Amparo \u00e0 Pesquisa (FAPs) dos Estados de S\u00e3o Paulo (FAPESP), Minas Gerais (FAPEMIG) e do Par\u00e1 (FAPESPA) e a VALE S.A. lan\u00e7aram chamada de propostas nesta segunda-feira (8\/3), no \u00e2mbito do Acordo de Coopera\u00e7\u00e3o Tecnol\u00f3gica assinado em 2009 pelas institui\u00e7\u00f5es. A chamada tem como objetivo selecionar e apoiar o desenvolvimento de projetos [&hellip;]\" \/>\n<meta property=\"og:url\" content=\"https:\/\/www.institutodeengenharia.org.br\/site\/2010\/03\/09\/faps-e-vale-lancam-chamada-de-propostas\/\" \/>\n<meta property=\"og:site_name\" content=\"Instituto de Engenharia\" \/>\n<meta property=\"article:publisher\" content=\"https:\/\/www.facebook.com\/institutodeengenharia\" \/>\n<meta property=\"article:published_time\" content=\"2010-03-09T22:37:37+00:00\" \/>\n<meta name=\"author\" content=\"TMax Tecnologia\" \/>\n<meta name=\"twitter:card\" content=\"summary_large_image\" \/>\n<meta name=\"twitter:creator\" content=\"@iengenharia\" \/>\n<meta name=\"twitter:site\" content=\"@iengenharia\" \/>\n<meta name=\"twitter:label1\" content=\"Escrito por\" \/>\n\t<meta name=\"twitter:data1\" content=\"TMax Tecnologia\" \/>\n\t<meta name=\"twitter:label2\" content=\"Est. tempo de leitura\" \/>\n\t<meta name=\"twitter:data2\" content=\"2 minutos\" \/>\n<script type=\"application\/ld+json\" class=\"yoast-schema-graph\">{\"@context\":\"https:\/\/schema.org\",\"@graph\":[{\"@type\":\"Article\",\"@id\":\"https:\/\/www.institutodeengenharia.org.br\/site\/2010\/03\/09\/faps-e-vale-lancam-chamada-de-propostas\/#article\",\"isPartOf\":{\"@id\":\"https:\/\/www.institutodeengenharia.org.br\/site\/2010\/03\/09\/faps-e-vale-lancam-chamada-de-propostas\/\"},\"author\":{\"name\":\"TMax Tecnologia\",\"@id\":\"https:\/\/www.institutodeengenharia.org.br\/site\/#\/schema\/person\/3b1ff109facef084739fc2edcb9a127f\"},\"headline\":\"FAPs e Vale lan\u00e7am chamada de propostas\",\"datePublished\":\"2010-03-09T22:37:37+00:00\",\"mainEntityOfPage\":{\"@id\":\"https:\/\/www.institutodeengenharia.org.br\/site\/2010\/03\/09\/faps-e-vale-lancam-chamada-de-propostas\/\"},\"wordCount\":448,\"commentCount\":0,\"publisher\":{\"@id\":\"https:\/\/www.institutodeengenharia.org.br\/site\/#organization\"},\"articleSection\":[\"Not\u00edcias\",\"Pesquisa e Desenvolvimento\"],\"inLanguage\":\"pt-BR\",\"potentialAction\":[{\"@type\":\"CommentAction\",\"name\":\"Comment\",\"target\":[\"https:\/\/www.institutodeengenharia.org.br\/site\/2010\/03\/09\/faps-e-vale-lancam-chamada-de-propostas\/#respond\"]}]},{\"@type\":\"WebPage\",\"@id\":\"https:\/\/www.institutodeengenharia.org.br\/site\/2010\/03\/09\/faps-e-vale-lancam-chamada-de-propostas\/\",\"url\":\"https:\/\/www.institutodeengenharia.org.br\/site\/2010\/03\/09\/faps-e-vale-lancam-chamada-de-propostas\/\",\"name\":\"FAPs e Vale lan\u00e7am chamada de propostas - Instituto de Engenharia\",\"isPartOf\":{\"@id\":\"https:\/\/www.institutodeengenharia.org.br\/site\/#website\"},\"datePublished\":\"2010-03-09T22:37:37+00:00\",\"breadcrumb\":{\"@id\":\"https:\/\/www.institutodeengenharia.org.br\/site\/2010\/03\/09\/faps-e-vale-lancam-chamada-de-propostas\/#breadcrumb\"},\"inLanguage\":\"pt-BR\",\"potentialAction\":[{\"@type\":\"ReadAction\",\"target\":[\"https:\/\/www.institutodeengenharia.org.br\/site\/2010\/03\/09\/faps-e-vale-lancam-chamada-de-propostas\/\"]}]},{\"@type\":\"BreadcrumbList\",\"@id\":\"https:\/\/www.institutodeengenharia.org.br\/site\/2010\/03\/09\/faps-e-vale-lancam-chamada-de-propostas\/#breadcrumb\",\"itemListElement\":[{\"@type\":\"ListItem\",\"position\":1,\"name\":\"In\u00edcio\",\"item\":\"https:\/\/www.institutodeengenharia.org.br\/site\/\"},{\"@type\":\"ListItem\",\"position\":2,\"name\":\"FAPs e Vale lan\u00e7am chamada de propostas\"}]},{\"@type\":\"WebSite\",\"@id\":\"https:\/\/www.institutodeengenharia.org.br\/site\/#website\",\"url\":\"https:\/\/www.institutodeengenharia.org.br\/site\/\",\"name\":\"Instituto de Engenharia\",\"description\":\"O Instituto de Engenharia promove a Engenharia em benef\u00edcio do desenvolvimento e da qualidade de vida da sociedade.\",\"publisher\":{\"@id\":\"https:\/\/www.institutodeengenharia.org.br\/site\/#organization\"},\"potentialAction\":[{\"@type\":\"SearchAction\",\"target\":{\"@type\":\"EntryPoint\",\"urlTemplate\":\"https:\/\/www.institutodeengenharia.org.br\/site\/?s={search_term_string}\"},\"query-input\":{\"@type\":\"PropertyValueSpecification\",\"valueRequired\":true,\"valueName\":\"search_term_string\"}}],\"inLanguage\":\"pt-BR\"},{\"@type\":\"Organization\",\"@id\":\"https:\/\/www.institutodeengenharia.org.br\/site\/#organization\",\"name\":\"Instituto de Engenharia\",\"url\":\"https:\/\/www.institutodeengenharia.org.br\/site\/\",\"logo\":{\"@type\":\"ImageObject\",\"inLanguage\":\"pt-BR\",\"@id\":\"https:\/\/www.institutodeengenharia.org.br\/site\/#\/schema\/logo\/image\/\",\"url\":\"https:\/\/www.institutodeengenharia.org.br\/site\/wp-content\/uploads\/2019\/03\/logo-novo-IE2018-1.jpg\",\"contentUrl\":\"https:\/\/www.institutodeengenharia.org.br\/site\/wp-content\/uploads\/2019\/03\/logo-novo-IE2018-1.jpg\",\"width\":1486,\"height\":1879,\"caption\":\"Instituto de Engenharia\"},\"image\":{\"@id\":\"https:\/\/www.institutodeengenharia.org.br\/site\/#\/schema\/logo\/image\/\"},\"sameAs\":[\"https:\/\/www.facebook.com\/institutodeengenharia\",\"https:\/\/x.com\/iengenharia\",\"https:\/\/www.instagram.com\/institutodeengenharia\/\",\"https:\/\/www.linkedin.com\/company\/instituto-de-engenharia\/\",\"https:\/\/www.youtube.com\/channel\/UCXiCAlsSMe977vamW915HxA\"]},{\"@type\":\"Person\",\"@id\":\"https:\/\/www.institutodeengenharia.org.br\/site\/#\/schema\/person\/3b1ff109facef084739fc2edcb9a127f\",\"name\":\"TMax Tecnologia\",\"image\":{\"@type\":\"ImageObject\",\"inLanguage\":\"pt-BR\",\"@id\":\"https:\/\/secure.gravatar.com\/avatar\/f912434ef7f389c92cb311fcdae346af848465d638912574b3c669070f797701?s=96&d=mm&r=g\",\"url\":\"https:\/\/secure.gravatar.com\/avatar\/f912434ef7f389c92cb311fcdae346af848465d638912574b3c669070f797701?s=96&d=mm&r=g\",\"contentUrl\":\"https:\/\/secure.gravatar.com\/avatar\/f912434ef7f389c92cb311fcdae346af848465d638912574b3c669070f797701?s=96&d=mm&r=g\",\"caption\":\"TMax Tecnologia\"},\"url\":\"https:\/\/www.institutodeengenharia.org.br\/site\/author\/tmax\/\"}]}<\/script>\n<!-- \/ Yoast SEO plugin. -->","yoast_head_json":{"title":"FAPs e Vale lan\u00e7am chamada de propostas - Instituto de Engenharia","robots":{"index":"index","follow":"follow","max-snippet":"max-snippet:-1","max-image-preview":"max-image-preview:large","max-video-preview":"max-video-preview:-1"},"canonical":"https:\/\/www.institutodeengenharia.org.br\/site\/2010\/03\/09\/faps-e-vale-lancam-chamada-de-propostas\/","og_locale":"pt_BR","og_type":"article","og_title":"FAPs e Vale lan\u00e7am chamada de propostas - Instituto de Engenharia","og_description":"As Funda\u00e7\u00f5es de Amparo \u00e0 Pesquisa (FAPs) dos Estados de S\u00e3o Paulo (FAPESP), Minas Gerais (FAPEMIG) e do Par\u00e1 (FAPESPA) e a VALE S.A. lan\u00e7aram chamada de propostas nesta segunda-feira (8\/3), no \u00e2mbito do Acordo de Coopera\u00e7\u00e3o Tecnol\u00f3gica assinado em 2009 pelas institui\u00e7\u00f5es. A chamada tem como objetivo selecionar e apoiar o desenvolvimento de projetos [&hellip;]","og_url":"https:\/\/www.institutodeengenharia.org.br\/site\/2010\/03\/09\/faps-e-vale-lancam-chamada-de-propostas\/","og_site_name":"Instituto de Engenharia","article_publisher":"https:\/\/www.facebook.com\/institutodeengenharia","article_published_time":"2010-03-09T22:37:37+00:00","author":"TMax Tecnologia","twitter_card":"summary_large_image","twitter_creator":"@iengenharia","twitter_site":"@iengenharia","twitter_misc":{"Escrito por":"TMax Tecnologia","Est. tempo de leitura":"2 minutos"},"schema":{"@context":"https:\/\/schema.org","@graph":[{"@type":"Article","@id":"https:\/\/www.institutodeengenharia.org.br\/site\/2010\/03\/09\/faps-e-vale-lancam-chamada-de-propostas\/#article","isPartOf":{"@id":"https:\/\/www.institutodeengenharia.org.br\/site\/2010\/03\/09\/faps-e-vale-lancam-chamada-de-propostas\/"},"author":{"name":"TMax Tecnologia","@id":"https:\/\/www.institutodeengenharia.org.br\/site\/#\/schema\/person\/3b1ff109facef084739fc2edcb9a127f"},"headline":"FAPs e Vale lan\u00e7am chamada de propostas","datePublished":"2010-03-09T22:37:37+00:00","mainEntityOfPage":{"@id":"https:\/\/www.institutodeengenharia.org.br\/site\/2010\/03\/09\/faps-e-vale-lancam-chamada-de-propostas\/"},"wordCount":448,"commentCount":0,"publisher":{"@id":"https:\/\/www.institutodeengenharia.org.br\/site\/#organization"},"articleSection":["Not\u00edcias","Pesquisa e Desenvolvimento"],"inLanguage":"pt-BR","potentialAction":[{"@type":"CommentAction","name":"Comment","target":["https:\/\/www.institutodeengenharia.org.br\/site\/2010\/03\/09\/faps-e-vale-lancam-chamada-de-propostas\/#respond"]}]},{"@type":"WebPage","@id":"https:\/\/www.institutodeengenharia.org.br\/site\/2010\/03\/09\/faps-e-vale-lancam-chamada-de-propostas\/","url":"https:\/\/www.institutodeengenharia.org.br\/site\/2010\/03\/09\/faps-e-vale-lancam-chamada-de-propostas\/","name":"FAPs e Vale lan\u00e7am chamada de propostas - Instituto de Engenharia","isPartOf":{"@id":"https:\/\/www.institutodeengenharia.org.br\/site\/#website"},"datePublished":"2010-03-09T22:37:37+00:00","breadcrumb":{"@id":"https:\/\/www.institutodeengenharia.org.br\/site\/2010\/03\/09\/faps-e-vale-lancam-chamada-de-propostas\/#breadcrumb"},"inLanguage":"pt-BR","potentialAction":[{"@type":"ReadAction","target":["https:\/\/www.institutodeengenharia.org.br\/site\/2010\/03\/09\/faps-e-vale-lancam-chamada-de-propostas\/"]}]},{"@type":"BreadcrumbList","@id":"https:\/\/www.institutodeengenharia.org.br\/site\/2010\/03\/09\/faps-e-vale-lancam-chamada-de-propostas\/#breadcrumb","itemListElement":[{"@type":"ListItem","position":1,"name":"In\u00edcio","item":"https:\/\/www.institutodeengenharia.org.br\/site\/"},{"@type":"ListItem","position":2,"name":"FAPs e Vale lan\u00e7am chamada de propostas"}]},{"@type":"WebSite","@id":"https:\/\/www.institutodeengenharia.org.br\/site\/#website","url":"https:\/\/www.institutodeengenharia.org.br\/site\/","name":"Instituto de Engenharia","description":"O Instituto de Engenharia promove a Engenharia em benef\u00edcio do desenvolvimento e da qualidade de vida da sociedade.","publisher":{"@id":"https:\/\/www.institutodeengenharia.org.br\/site\/#organization"},"potentialAction":[{"@type":"SearchAction","target":{"@type":"EntryPoint","urlTemplate":"https:\/\/www.institutodeengenharia.org.br\/site\/?s={search_term_string}"},"query-input":{"@type":"PropertyValueSpecification","valueRequired":true,"valueName":"search_term_string"}}],"inLanguage":"pt-BR"},{"@type":"Organization","@id":"https:\/\/www.institutodeengenharia.org.br\/site\/#organization","name":"Instituto de Engenharia","url":"https:\/\/www.institutodeengenharia.org.br\/site\/","logo":{"@type":"ImageObject","inLanguage":"pt-BR","@id":"https:\/\/www.institutodeengenharia.org.br\/site\/#\/schema\/logo\/image\/","url":"https:\/\/www.institutodeengenharia.org.br\/site\/wp-content\/uploads\/2019\/03\/logo-novo-IE2018-1.jpg","contentUrl":"https:\/\/www.institutodeengenharia.org.br\/site\/wp-content\/uploads\/2019\/03\/logo-novo-IE2018-1.jpg","width":1486,"height":1879,"caption":"Instituto de Engenharia"},"image":{"@id":"https:\/\/www.institutodeengenharia.org.br\/site\/#\/schema\/logo\/image\/"},"sameAs":["https:\/\/www.facebook.com\/institutodeengenharia","https:\/\/x.com\/iengenharia","https:\/\/www.instagram.com\/institutodeengenharia\/","https:\/\/www.linkedin.com\/company\/instituto-de-engenharia\/","https:\/\/www.youtube.com\/channel\/UCXiCAlsSMe977vamW915HxA"]},{"@type":"Person","@id":"https:\/\/www.institutodeengenharia.org.br\/site\/#\/schema\/person\/3b1ff109facef084739fc2edcb9a127f","name":"TMax Tecnologia","image":{"@type":"ImageObject","inLanguage":"pt-BR","@id":"https:\/\/secure.gravatar.com\/avatar\/f912434ef7f389c92cb311fcdae346af848465d638912574b3c669070f797701?s=96&d=mm&r=g","url":"https:\/\/secure.gravatar.com\/avatar\/f912434ef7f389c92cb311fcdae346af848465d638912574b3c669070f797701?s=96&d=mm&r=g","contentUrl":"https:\/\/secure.gravatar.com\/avatar\/f912434ef7f389c92cb311fcdae346af848465d638912574b3c669070f797701?s=96&d=mm&r=g","caption":"TMax Tecnologia"},"url":"https:\/\/www.institutodeengenharia.org.br\/site\/author\/tmax\/"}]}},"_links":{"self":[{"href":"https:\/\/www.institutodeengenharia.org.br\/site\/wp-json\/wp\/v2\/posts\/17677","targetHints":{"allow":["GET"]}}],"collection":[{"href":"https:\/\/www.institutodeengenharia.org.br\/site\/wp-json\/wp\/v2\/posts"}],"about":[{"href":"https:\/\/www.institutodeengenharia.org.br\/site\/wp-json\/wp\/v2\/types\/post"}],"author":[{"embeddable":true,"href":"https:\/\/www.institutodeengenharia.org.br\/site\/wp-json\/wp\/v2\/users\/1"}],"replies":[{"embeddable":true,"href":"https:\/\/www.institutodeengenharia.org.br\/site\/wp-json\/wp\/v2\/comments?post=17677"}],"version-history":[{"count":0,"href":"https:\/\/www.institutodeengenharia.org.br\/site\/wp-json\/wp\/v2\/posts\/17677\/revisions"}],"wp:attachment":[{"href":"https:\/\/www.institutodeengenharia.org.br\/site\/wp-json\/wp\/v2\/media?parent=17677"}],"wp:term":[{"taxonomy":"category","embeddable":true,"href":"https:\/\/www.institutodeengenharia.org.br\/site\/wp-json\/wp\/v2\/categories?post=17677"},{"taxonomy":"post_tag","embeddable":true,"href":"https:\/\/www.institutodeengenharia.org.br\/site\/wp-json\/wp\/v2\/tags?post=17677"}],"curies":[{"name":"wp","href":"https:\/\/api.w.org\/{rel}","templated":true}]}}