{"id":17674,"date":"2010-03-09T22:37:34","date_gmt":"2010-03-09T22:37:34","guid":{"rendered":"https:\/\/www.institutodeengenharia.org.br\/?p=17674"},"modified":"2010-03-09T11:05:29","modified_gmt":"2010-03-09T11:05:29","slug":"europa-quer-substituir-carros-por-sistema-de-transporte-aereo-pessoal","status":"publish","type":"post","link":"https:\/\/www.institutodeengenharia.org.br\/site\/2010\/03\/09\/europa-quer-substituir-carros-por-sistema-de-transporte-aereo-pessoal\/","title":{"rendered":"Europa quer substituir carros por sistema de transporte a\u00e9reo pessoal"},"content":{"rendered":"<p>A ideia de um meio de transporte a\u00e9reo pessoal \u00e9 antiga, englobando conceitos de carros voadores e avi\u00f5es pessoais at\u00e9 aparatos ex\u00f3ticos, como diversos tipos de mochilas voadoras, que nunca sa\u00edram da categoria de curiosidades. <\/p>\n<p>Mas isso talvez agora possa mudar. O centro de pesquisas da Uni\u00e3o Europeia, um organismo multinacional que congrega os melhores c\u00e9rebro do velho continente, decidiu apoiar um projeto chamado Sistema de Transporte A\u00e9reo Pessoal, que adotou a sigla PPlane. <\/p>\n<p>O cons\u00f3rcio, que recebeu um financiamento de \u20ac4,4 milh\u00f5es, \u00e9 liderado pela francesa Onera e inclui universidades e institutos de pesquisas de 11 pa\u00edses europeus. <\/p>\n<p><strong>Ve\u00edculo a\u00e9reo<\/strong> <\/p>\n<p>O objetivo do projeto \u00e9 ambicioso: &#8220;um novo paradigma para o transporte a\u00e9reo, destinado a diminuir os congestionamentos e revolucionar o conceito de viagens.&#8221; <\/p>\n<p>Como um carro privado, o ve\u00edculo a\u00e9reo PPlane pessoal dever\u00e1 oferecer os benef\u00edcios da velocidade e da efici\u00eancia que s\u00f3 s\u00e3o poss\u00edveis quando o passageiro tem o ve\u00edculo \u00e0 sua inteira disposi\u00e7\u00e3o para ir diretamente da origem ao destino, sem precisar dirigir-se a esta\u00e7\u00f5es. <\/p>\n<p>A proposta coloca \u00eanfase no design ambientalmente respons\u00e1vel, incluindo baixos n\u00edveis de ru\u00eddo e redu\u00e7\u00e3o das emiss\u00f5es de gases, sistema de propuls\u00e3o ecol\u00f3gico e efici\u00eancia energ\u00e9tica. <\/p>\n<p><strong>Tirar carros de circula\u00e7\u00e3o<\/strong> <\/p>\n<p>O maior objetivo a longo prazo \u00e9 tirar carros de circula\u00e7\u00e3o, oferecendo em troca o conforto de uma viagem mais r\u00e1pida, de um lado, e a sustentabilidade ambiental de outro. <\/p>\n<p>&#8220;Os objetivos ambiciosos foram estabelecidos para proporcionar redu\u00e7\u00f5es dr\u00e1sticas de ru\u00eddos e emiss\u00f5es, um aumento significativo da efici\u00eancia de combust\u00edvel, um n\u00edvel de seguran\u00e7a compar\u00e1vel ao dos avi\u00f5es convencionais e baixo custo,&#8221; afirma Jos\u00e9 M. Martin Hernandez, coordenador do projeto. <\/p>\n<p>O projeto PPlane tem tr\u00eas para apresentar seus resultados. <\/p>\n<p><b>Autor: Inova\u00e7\u00e3o Tecnol\u00f3gica<\/b><\/p>\n","protected":false},"excerpt":{"rendered":"<p>A ideia de um meio de transporte a\u00e9reo pessoal \u00e9 antiga, englobando conceitos de carros voadores e avi\u00f5es pessoais at\u00e9 aparatos ex\u00f3ticos, como diversos tipos de mochilas voadoras, que nunca sa\u00edram da categoria de curiosidades. Mas isso talvez agora possa mudar. O centro de pesquisas da Uni\u00e3o Europeia, um organismo multinacional que congrega os melhores [&hellip;]<\/p>\n","protected":false},"author":1,"featured_media":0,"comment_status":"open","ping_status":"open","sticky":false,"template":"","format":"standard","meta":{"footnotes":""},"categories":[6,41],"tags":[],"class_list":{"0":"post-17674","1":"post","2":"type-post","3":"status-publish","4":"format-standard","6":"category-noticias","7":"category-transportes"},"yoast_head":"<!-- This site is optimized with the Yoast SEO plugin v27.2 - https:\/\/yoast.com\/product\/yoast-seo-wordpress\/ -->\n<title>Europa quer substituir carros por sistema de transporte a\u00e9reo pessoal - Instituto de Engenharia<\/title>\n<meta name=\"robots\" content=\"index, follow, max-snippet:-1, max-image-preview:large, max-video-preview:-1\" \/>\n<link rel=\"canonical\" href=\"https:\/\/www.institutodeengenharia.org.br\/site\/2010\/03\/09\/europa-quer-substituir-carros-por-sistema-de-transporte-aereo-pessoal\/\" \/>\n<meta property=\"og:locale\" content=\"pt_BR\" \/>\n<meta property=\"og:type\" content=\"article\" \/>\n<meta property=\"og:title\" content=\"Europa quer substituir carros por sistema de transporte a\u00e9reo pessoal - Instituto de Engenharia\" \/>\n<meta property=\"og:description\" content=\"A ideia de um meio de transporte a\u00e9reo pessoal \u00e9 antiga, englobando conceitos de carros voadores e avi\u00f5es pessoais at\u00e9 aparatos ex\u00f3ticos, como diversos tipos de mochilas voadoras, que nunca sa\u00edram da categoria de curiosidades. Mas isso talvez agora possa mudar. O centro de pesquisas da Uni\u00e3o Europeia, um organismo multinacional que congrega os melhores [&hellip;]\" \/>\n<meta property=\"og:url\" content=\"https:\/\/www.institutodeengenharia.org.br\/site\/2010\/03\/09\/europa-quer-substituir-carros-por-sistema-de-transporte-aereo-pessoal\/\" \/>\n<meta property=\"og:site_name\" content=\"Instituto de Engenharia\" \/>\n<meta property=\"article:publisher\" content=\"https:\/\/www.facebook.com\/institutodeengenharia\" \/>\n<meta property=\"article:published_time\" content=\"2010-03-09T22:37:34+00:00\" \/>\n<meta name=\"author\" content=\"TMax Tecnologia\" \/>\n<meta name=\"twitter:card\" content=\"summary_large_image\" \/>\n<meta name=\"twitter:creator\" content=\"@iengenharia\" \/>\n<meta name=\"twitter:site\" content=\"@iengenharia\" \/>\n<meta name=\"twitter:label1\" content=\"Escrito por\" \/>\n\t<meta name=\"twitter:data1\" content=\"TMax Tecnologia\" \/>\n\t<meta name=\"twitter:label2\" content=\"Est. tempo de leitura\" \/>\n\t<meta name=\"twitter:data2\" content=\"2 minutos\" \/>\n<script type=\"application\/ld+json\" class=\"yoast-schema-graph\">{\"@context\":\"https:\/\/schema.org\",\"@graph\":[{\"@type\":\"Article\",\"@id\":\"https:\/\/www.institutodeengenharia.org.br\/site\/2010\/03\/09\/europa-quer-substituir-carros-por-sistema-de-transporte-aereo-pessoal\/#article\",\"isPartOf\":{\"@id\":\"https:\/\/www.institutodeengenharia.org.br\/site\/2010\/03\/09\/europa-quer-substituir-carros-por-sistema-de-transporte-aereo-pessoal\/\"},\"author\":{\"name\":\"TMax Tecnologia\",\"@id\":\"https:\/\/www.institutodeengenharia.org.br\/site\/#\/schema\/person\/3b1ff109facef084739fc2edcb9a127f\"},\"headline\":\"Europa quer substituir carros por sistema de transporte a\u00e9reo pessoal\",\"datePublished\":\"2010-03-09T22:37:34+00:00\",\"mainEntityOfPage\":{\"@id\":\"https:\/\/www.institutodeengenharia.org.br\/site\/2010\/03\/09\/europa-quer-substituir-carros-por-sistema-de-transporte-aereo-pessoal\/\"},\"wordCount\":332,\"commentCount\":0,\"publisher\":{\"@id\":\"https:\/\/www.institutodeengenharia.org.br\/site\/#organization\"},\"articleSection\":[\"Not\u00edcias\",\"Transportes\"],\"inLanguage\":\"pt-BR\",\"potentialAction\":[{\"@type\":\"CommentAction\",\"name\":\"Comment\",\"target\":[\"https:\/\/www.institutodeengenharia.org.br\/site\/2010\/03\/09\/europa-quer-substituir-carros-por-sistema-de-transporte-aereo-pessoal\/#respond\"]}]},{\"@type\":\"WebPage\",\"@id\":\"https:\/\/www.institutodeengenharia.org.br\/site\/2010\/03\/09\/europa-quer-substituir-carros-por-sistema-de-transporte-aereo-pessoal\/\",\"url\":\"https:\/\/www.institutodeengenharia.org.br\/site\/2010\/03\/09\/europa-quer-substituir-carros-por-sistema-de-transporte-aereo-pessoal\/\",\"name\":\"Europa quer substituir carros por sistema de transporte a\u00e9reo pessoal - Instituto de Engenharia\",\"isPartOf\":{\"@id\":\"https:\/\/www.institutodeengenharia.org.br\/site\/#website\"},\"datePublished\":\"2010-03-09T22:37:34+00:00\",\"breadcrumb\":{\"@id\":\"https:\/\/www.institutodeengenharia.org.br\/site\/2010\/03\/09\/europa-quer-substituir-carros-por-sistema-de-transporte-aereo-pessoal\/#breadcrumb\"},\"inLanguage\":\"pt-BR\",\"potentialAction\":[{\"@type\":\"ReadAction\",\"target\":[\"https:\/\/www.institutodeengenharia.org.br\/site\/2010\/03\/09\/europa-quer-substituir-carros-por-sistema-de-transporte-aereo-pessoal\/\"]}]},{\"@type\":\"BreadcrumbList\",\"@id\":\"https:\/\/www.institutodeengenharia.org.br\/site\/2010\/03\/09\/europa-quer-substituir-carros-por-sistema-de-transporte-aereo-pessoal\/#breadcrumb\",\"itemListElement\":[{\"@type\":\"ListItem\",\"position\":1,\"name\":\"In\u00edcio\",\"item\":\"https:\/\/www.institutodeengenharia.org.br\/site\/\"},{\"@type\":\"ListItem\",\"position\":2,\"name\":\"Europa quer substituir carros por sistema de transporte a\u00e9reo pessoal\"}]},{\"@type\":\"WebSite\",\"@id\":\"https:\/\/www.institutodeengenharia.org.br\/site\/#website\",\"url\":\"https:\/\/www.institutodeengenharia.org.br\/site\/\",\"name\":\"Instituto de Engenharia\",\"description\":\"O Instituto de Engenharia promove a Engenharia em benef\u00edcio do desenvolvimento e da qualidade de vida da sociedade.\",\"publisher\":{\"@id\":\"https:\/\/www.institutodeengenharia.org.br\/site\/#organization\"},\"potentialAction\":[{\"@type\":\"SearchAction\",\"target\":{\"@type\":\"EntryPoint\",\"urlTemplate\":\"https:\/\/www.institutodeengenharia.org.br\/site\/?s={search_term_string}\"},\"query-input\":{\"@type\":\"PropertyValueSpecification\",\"valueRequired\":true,\"valueName\":\"search_term_string\"}}],\"inLanguage\":\"pt-BR\"},{\"@type\":\"Organization\",\"@id\":\"https:\/\/www.institutodeengenharia.org.br\/site\/#organization\",\"name\":\"Instituto de Engenharia\",\"url\":\"https:\/\/www.institutodeengenharia.org.br\/site\/\",\"logo\":{\"@type\":\"ImageObject\",\"inLanguage\":\"pt-BR\",\"@id\":\"https:\/\/www.institutodeengenharia.org.br\/site\/#\/schema\/logo\/image\/\",\"url\":\"https:\/\/www.institutodeengenharia.org.br\/site\/wp-content\/uploads\/2019\/03\/logo-novo-IE2018-1.jpg\",\"contentUrl\":\"https:\/\/www.institutodeengenharia.org.br\/site\/wp-content\/uploads\/2019\/03\/logo-novo-IE2018-1.jpg\",\"width\":1486,\"height\":1879,\"caption\":\"Instituto de Engenharia\"},\"image\":{\"@id\":\"https:\/\/www.institutodeengenharia.org.br\/site\/#\/schema\/logo\/image\/\"},\"sameAs\":[\"https:\/\/www.facebook.com\/institutodeengenharia\",\"https:\/\/x.com\/iengenharia\",\"https:\/\/www.instagram.com\/institutodeengenharia\/\",\"https:\/\/www.linkedin.com\/company\/instituto-de-engenharia\/\",\"https:\/\/www.youtube.com\/channel\/UCXiCAlsSMe977vamW915HxA\"]},{\"@type\":\"Person\",\"@id\":\"https:\/\/www.institutodeengenharia.org.br\/site\/#\/schema\/person\/3b1ff109facef084739fc2edcb9a127f\",\"name\":\"TMax Tecnologia\",\"image\":{\"@type\":\"ImageObject\",\"inLanguage\":\"pt-BR\",\"@id\":\"https:\/\/secure.gravatar.com\/avatar\/f912434ef7f389c92cb311fcdae346af848465d638912574b3c669070f797701?s=96&d=mm&r=g\",\"url\":\"https:\/\/secure.gravatar.com\/avatar\/f912434ef7f389c92cb311fcdae346af848465d638912574b3c669070f797701?s=96&d=mm&r=g\",\"contentUrl\":\"https:\/\/secure.gravatar.com\/avatar\/f912434ef7f389c92cb311fcdae346af848465d638912574b3c669070f797701?s=96&d=mm&r=g\",\"caption\":\"TMax Tecnologia\"},\"url\":\"https:\/\/www.institutodeengenharia.org.br\/site\/author\/tmax\/\"}]}<\/script>\n<!-- \/ Yoast SEO plugin. -->","yoast_head_json":{"title":"Europa quer substituir carros por sistema de transporte a\u00e9reo pessoal - Instituto de Engenharia","robots":{"index":"index","follow":"follow","max-snippet":"max-snippet:-1","max-image-preview":"max-image-preview:large","max-video-preview":"max-video-preview:-1"},"canonical":"https:\/\/www.institutodeengenharia.org.br\/site\/2010\/03\/09\/europa-quer-substituir-carros-por-sistema-de-transporte-aereo-pessoal\/","og_locale":"pt_BR","og_type":"article","og_title":"Europa quer substituir carros por sistema de transporte a\u00e9reo pessoal - Instituto de Engenharia","og_description":"A ideia de um meio de transporte a\u00e9reo pessoal \u00e9 antiga, englobando conceitos de carros voadores e avi\u00f5es pessoais at\u00e9 aparatos ex\u00f3ticos, como diversos tipos de mochilas voadoras, que nunca sa\u00edram da categoria de curiosidades. Mas isso talvez agora possa mudar. O centro de pesquisas da Uni\u00e3o Europeia, um organismo multinacional que congrega os melhores [&hellip;]","og_url":"https:\/\/www.institutodeengenharia.org.br\/site\/2010\/03\/09\/europa-quer-substituir-carros-por-sistema-de-transporte-aereo-pessoal\/","og_site_name":"Instituto de Engenharia","article_publisher":"https:\/\/www.facebook.com\/institutodeengenharia","article_published_time":"2010-03-09T22:37:34+00:00","author":"TMax Tecnologia","twitter_card":"summary_large_image","twitter_creator":"@iengenharia","twitter_site":"@iengenharia","twitter_misc":{"Escrito por":"TMax Tecnologia","Est. tempo de leitura":"2 minutos"},"schema":{"@context":"https:\/\/schema.org","@graph":[{"@type":"Article","@id":"https:\/\/www.institutodeengenharia.org.br\/site\/2010\/03\/09\/europa-quer-substituir-carros-por-sistema-de-transporte-aereo-pessoal\/#article","isPartOf":{"@id":"https:\/\/www.institutodeengenharia.org.br\/site\/2010\/03\/09\/europa-quer-substituir-carros-por-sistema-de-transporte-aereo-pessoal\/"},"author":{"name":"TMax Tecnologia","@id":"https:\/\/www.institutodeengenharia.org.br\/site\/#\/schema\/person\/3b1ff109facef084739fc2edcb9a127f"},"headline":"Europa quer substituir carros por sistema de transporte a\u00e9reo pessoal","datePublished":"2010-03-09T22:37:34+00:00","mainEntityOfPage":{"@id":"https:\/\/www.institutodeengenharia.org.br\/site\/2010\/03\/09\/europa-quer-substituir-carros-por-sistema-de-transporte-aereo-pessoal\/"},"wordCount":332,"commentCount":0,"publisher":{"@id":"https:\/\/www.institutodeengenharia.org.br\/site\/#organization"},"articleSection":["Not\u00edcias","Transportes"],"inLanguage":"pt-BR","potentialAction":[{"@type":"CommentAction","name":"Comment","target":["https:\/\/www.institutodeengenharia.org.br\/site\/2010\/03\/09\/europa-quer-substituir-carros-por-sistema-de-transporte-aereo-pessoal\/#respond"]}]},{"@type":"WebPage","@id":"https:\/\/www.institutodeengenharia.org.br\/site\/2010\/03\/09\/europa-quer-substituir-carros-por-sistema-de-transporte-aereo-pessoal\/","url":"https:\/\/www.institutodeengenharia.org.br\/site\/2010\/03\/09\/europa-quer-substituir-carros-por-sistema-de-transporte-aereo-pessoal\/","name":"Europa quer substituir carros por sistema de transporte a\u00e9reo pessoal - Instituto de Engenharia","isPartOf":{"@id":"https:\/\/www.institutodeengenharia.org.br\/site\/#website"},"datePublished":"2010-03-09T22:37:34+00:00","breadcrumb":{"@id":"https:\/\/www.institutodeengenharia.org.br\/site\/2010\/03\/09\/europa-quer-substituir-carros-por-sistema-de-transporte-aereo-pessoal\/#breadcrumb"},"inLanguage":"pt-BR","potentialAction":[{"@type":"ReadAction","target":["https:\/\/www.institutodeengenharia.org.br\/site\/2010\/03\/09\/europa-quer-substituir-carros-por-sistema-de-transporte-aereo-pessoal\/"]}]},{"@type":"BreadcrumbList","@id":"https:\/\/www.institutodeengenharia.org.br\/site\/2010\/03\/09\/europa-quer-substituir-carros-por-sistema-de-transporte-aereo-pessoal\/#breadcrumb","itemListElement":[{"@type":"ListItem","position":1,"name":"In\u00edcio","item":"https:\/\/www.institutodeengenharia.org.br\/site\/"},{"@type":"ListItem","position":2,"name":"Europa quer substituir carros por sistema de transporte a\u00e9reo pessoal"}]},{"@type":"WebSite","@id":"https:\/\/www.institutodeengenharia.org.br\/site\/#website","url":"https:\/\/www.institutodeengenharia.org.br\/site\/","name":"Instituto de Engenharia","description":"O Instituto de Engenharia promove a Engenharia em benef\u00edcio do desenvolvimento e da qualidade de vida da sociedade.","publisher":{"@id":"https:\/\/www.institutodeengenharia.org.br\/site\/#organization"},"potentialAction":[{"@type":"SearchAction","target":{"@type":"EntryPoint","urlTemplate":"https:\/\/www.institutodeengenharia.org.br\/site\/?s={search_term_string}"},"query-input":{"@type":"PropertyValueSpecification","valueRequired":true,"valueName":"search_term_string"}}],"inLanguage":"pt-BR"},{"@type":"Organization","@id":"https:\/\/www.institutodeengenharia.org.br\/site\/#organization","name":"Instituto de Engenharia","url":"https:\/\/www.institutodeengenharia.org.br\/site\/","logo":{"@type":"ImageObject","inLanguage":"pt-BR","@id":"https:\/\/www.institutodeengenharia.org.br\/site\/#\/schema\/logo\/image\/","url":"https:\/\/www.institutodeengenharia.org.br\/site\/wp-content\/uploads\/2019\/03\/logo-novo-IE2018-1.jpg","contentUrl":"https:\/\/www.institutodeengenharia.org.br\/site\/wp-content\/uploads\/2019\/03\/logo-novo-IE2018-1.jpg","width":1486,"height":1879,"caption":"Instituto de Engenharia"},"image":{"@id":"https:\/\/www.institutodeengenharia.org.br\/site\/#\/schema\/logo\/image\/"},"sameAs":["https:\/\/www.facebook.com\/institutodeengenharia","https:\/\/x.com\/iengenharia","https:\/\/www.instagram.com\/institutodeengenharia\/","https:\/\/www.linkedin.com\/company\/instituto-de-engenharia\/","https:\/\/www.youtube.com\/channel\/UCXiCAlsSMe977vamW915HxA"]},{"@type":"Person","@id":"https:\/\/www.institutodeengenharia.org.br\/site\/#\/schema\/person\/3b1ff109facef084739fc2edcb9a127f","name":"TMax Tecnologia","image":{"@type":"ImageObject","inLanguage":"pt-BR","@id":"https:\/\/secure.gravatar.com\/avatar\/f912434ef7f389c92cb311fcdae346af848465d638912574b3c669070f797701?s=96&d=mm&r=g","url":"https:\/\/secure.gravatar.com\/avatar\/f912434ef7f389c92cb311fcdae346af848465d638912574b3c669070f797701?s=96&d=mm&r=g","contentUrl":"https:\/\/secure.gravatar.com\/avatar\/f912434ef7f389c92cb311fcdae346af848465d638912574b3c669070f797701?s=96&d=mm&r=g","caption":"TMax Tecnologia"},"url":"https:\/\/www.institutodeengenharia.org.br\/site\/author\/tmax\/"}]}},"_links":{"self":[{"href":"https:\/\/www.institutodeengenharia.org.br\/site\/wp-json\/wp\/v2\/posts\/17674","targetHints":{"allow":["GET"]}}],"collection":[{"href":"https:\/\/www.institutodeengenharia.org.br\/site\/wp-json\/wp\/v2\/posts"}],"about":[{"href":"https:\/\/www.institutodeengenharia.org.br\/site\/wp-json\/wp\/v2\/types\/post"}],"author":[{"embeddable":true,"href":"https:\/\/www.institutodeengenharia.org.br\/site\/wp-json\/wp\/v2\/users\/1"}],"replies":[{"embeddable":true,"href":"https:\/\/www.institutodeengenharia.org.br\/site\/wp-json\/wp\/v2\/comments?post=17674"}],"version-history":[{"count":0,"href":"https:\/\/www.institutodeengenharia.org.br\/site\/wp-json\/wp\/v2\/posts\/17674\/revisions"}],"wp:attachment":[{"href":"https:\/\/www.institutodeengenharia.org.br\/site\/wp-json\/wp\/v2\/media?parent=17674"}],"wp:term":[{"taxonomy":"category","embeddable":true,"href":"https:\/\/www.institutodeengenharia.org.br\/site\/wp-json\/wp\/v2\/categories?post=17674"},{"taxonomy":"post_tag","embeddable":true,"href":"https:\/\/www.institutodeengenharia.org.br\/site\/wp-json\/wp\/v2\/tags?post=17674"}],"curies":[{"name":"wp","href":"https:\/\/api.w.org\/{rel}","templated":true}]}}