{"id":17670,"date":"2010-03-09T22:37:30","date_gmt":"2010-03-09T22:37:30","guid":{"rendered":"https:\/\/www.institutodeengenharia.org.br\/?p=17670"},"modified":"2010-03-09T09:09:10","modified_gmt":"2010-03-09T09:09:10","slug":"estudo-conclui-que-era-do-gelo-tinha-baixa-concentracao-de-co2","status":"publish","type":"post","link":"https:\/\/www.institutodeengenharia.org.br\/site\/2010\/03\/09\/estudo-conclui-que-era-do-gelo-tinha-baixa-concentracao-de-co2\/","title":{"rendered":"Estudo conclui que era do gelo tinha baixa concentra\u00e7\u00e3o de CO2"},"content":{"rendered":"<p>Como uma grande era do gelo aconteceu quando os n\u00edveis de di\u00f3xido de carbono eram altas? <\/p>\n<p>Esta \u00e9 uma quest\u00e3o que os c\u00e9ticos do aquecimento global frequentemente fazem. Mas algumas vezes a resposta correta \u00e9 a mais simples: acontece que os n\u00edveis de CO2 n\u00e3o eram assim t\u00e3o altos, afinal de contas. <\/p>\n<p>A era do gelo do per\u00edodo geol\u00f3gico Ordoviciano, da era Paleozoica (cerca de entre 488 a 443 milh\u00f5es de anos atr\u00e1s) aconteceu h\u00e1 444 milh\u00f5es de anos, e registros sugeriam que os n\u00edveis de CO2 eram relativamente altos nessa \u00e9poca. <\/p>\n<p>Mas quando Seth Young, da Universidade de Indiana, em Bloomington, realizou uma detalhada an\u00e1lise dos n\u00edveis de carbono-13 nas pedras formadas naquele tempo, o quadro que apareceu ficou muito diferente. <\/p>\n<p>O cientista descobriu que as concentra\u00e7\u00f5es de di\u00f3xido de carbono (CO2) eram na verdade relativamente baixas quando a era do gelo come\u00e7ou. <\/p>\n<p>Lee Kump, da Universidade do Estado da Pensilv\u00e2nia, em University Park, disse que estudos anteriores perderam a precis\u00e3o porque calcularam n\u00edveis a intervalos de 10 em 10 milh\u00f5es de anos, e a era do gelo durou apenas meio milh\u00e3o de anos. <\/p>\n<p>O pesquisador diz que uma forte atividade vulc\u00e2nica depositou novas pedras de silicato na \u00e9poca, que tragaram CO2 do ar enquanto erodiam. <\/p>\n<p>Conforme o gelo se espalhava, no entanto, o gelo gradualmente cobria as pedras, fazendo com que a eros\u00e3o ficasse mais lenta e assim permitisse que o CO2 se recuperasse na atmosfera mais uma vez. Isto teria acabado por esquentar a atmosfera o suficiente para fazer terminar a era do gelo, diz Kump.<\/p>\n<p><b>Autor: Folha On Line<\/b><\/p>\n","protected":false},"excerpt":{"rendered":"<p>Como uma grande era do gelo aconteceu quando os n\u00edveis de di\u00f3xido de carbono eram altas? Esta \u00e9 uma quest\u00e3o que os c\u00e9ticos do aquecimento global frequentemente fazem. Mas algumas vezes a resposta correta \u00e9 a mais simples: acontece que os n\u00edveis de CO2 n\u00e3o eram assim t\u00e3o altos, afinal de contas. A era do [&hellip;]<\/p>\n","protected":false},"author":1,"featured_media":0,"comment_status":"open","ping_status":"open","sticky":false,"template":"","format":"standard","meta":{"footnotes":""},"categories":[31,6],"tags":[],"class_list":{"0":"post-17670","1":"post","2":"type-post","3":"status-publish","4":"format-standard","6":"category-meio-ambiente","7":"category-noticias"},"yoast_head":"<!-- This site is optimized with the Yoast SEO plugin v27.2 - https:\/\/yoast.com\/product\/yoast-seo-wordpress\/ -->\n<title>Estudo conclui que era do gelo tinha baixa concentra\u00e7\u00e3o de CO2 - Instituto de Engenharia<\/title>\n<meta name=\"robots\" content=\"index, follow, max-snippet:-1, max-image-preview:large, max-video-preview:-1\" \/>\n<link rel=\"canonical\" href=\"https:\/\/www.institutodeengenharia.org.br\/site\/2010\/03\/09\/estudo-conclui-que-era-do-gelo-tinha-baixa-concentracao-de-co2\/\" \/>\n<meta property=\"og:locale\" content=\"pt_BR\" \/>\n<meta property=\"og:type\" content=\"article\" \/>\n<meta property=\"og:title\" content=\"Estudo conclui que era do gelo tinha baixa concentra\u00e7\u00e3o de CO2 - Instituto de Engenharia\" \/>\n<meta property=\"og:description\" content=\"Como uma grande era do gelo aconteceu quando os n\u00edveis de di\u00f3xido de carbono eram altas? Esta \u00e9 uma quest\u00e3o que os c\u00e9ticos do aquecimento global frequentemente fazem. Mas algumas vezes a resposta correta \u00e9 a mais simples: acontece que os n\u00edveis de CO2 n\u00e3o eram assim t\u00e3o altos, afinal de contas. A era do [&hellip;]\" \/>\n<meta property=\"og:url\" content=\"https:\/\/www.institutodeengenharia.org.br\/site\/2010\/03\/09\/estudo-conclui-que-era-do-gelo-tinha-baixa-concentracao-de-co2\/\" \/>\n<meta property=\"og:site_name\" content=\"Instituto de Engenharia\" \/>\n<meta property=\"article:publisher\" content=\"https:\/\/www.facebook.com\/institutodeengenharia\" \/>\n<meta property=\"article:published_time\" content=\"2010-03-09T22:37:30+00:00\" \/>\n<meta name=\"author\" content=\"TMax Tecnologia\" \/>\n<meta name=\"twitter:card\" content=\"summary_large_image\" \/>\n<meta name=\"twitter:creator\" content=\"@iengenharia\" \/>\n<meta name=\"twitter:site\" content=\"@iengenharia\" \/>\n<meta name=\"twitter:label1\" content=\"Escrito por\" \/>\n\t<meta name=\"twitter:data1\" content=\"TMax Tecnologia\" \/>\n\t<meta name=\"twitter:label2\" content=\"Est. tempo de leitura\" \/>\n\t<meta name=\"twitter:data2\" content=\"1 minuto\" \/>\n<script type=\"application\/ld+json\" class=\"yoast-schema-graph\">{\"@context\":\"https:\/\/schema.org\",\"@graph\":[{\"@type\":\"Article\",\"@id\":\"https:\/\/www.institutodeengenharia.org.br\/site\/2010\/03\/09\/estudo-conclui-que-era-do-gelo-tinha-baixa-concentracao-de-co2\/#article\",\"isPartOf\":{\"@id\":\"https:\/\/www.institutodeengenharia.org.br\/site\/2010\/03\/09\/estudo-conclui-que-era-do-gelo-tinha-baixa-concentracao-de-co2\/\"},\"author\":{\"name\":\"TMax Tecnologia\",\"@id\":\"https:\/\/www.institutodeengenharia.org.br\/site\/#\/schema\/person\/3b1ff109facef084739fc2edcb9a127f\"},\"headline\":\"Estudo conclui que era do gelo tinha baixa concentra\u00e7\u00e3o de CO2\",\"datePublished\":\"2010-03-09T22:37:30+00:00\",\"mainEntityOfPage\":{\"@id\":\"https:\/\/www.institutodeengenharia.org.br\/site\/2010\/03\/09\/estudo-conclui-que-era-do-gelo-tinha-baixa-concentracao-de-co2\/\"},\"wordCount\":293,\"commentCount\":0,\"publisher\":{\"@id\":\"https:\/\/www.institutodeengenharia.org.br\/site\/#organization\"},\"articleSection\":[\"Meio Ambiente\",\"Not\u00edcias\"],\"inLanguage\":\"pt-BR\",\"potentialAction\":[{\"@type\":\"CommentAction\",\"name\":\"Comment\",\"target\":[\"https:\/\/www.institutodeengenharia.org.br\/site\/2010\/03\/09\/estudo-conclui-que-era-do-gelo-tinha-baixa-concentracao-de-co2\/#respond\"]}]},{\"@type\":\"WebPage\",\"@id\":\"https:\/\/www.institutodeengenharia.org.br\/site\/2010\/03\/09\/estudo-conclui-que-era-do-gelo-tinha-baixa-concentracao-de-co2\/\",\"url\":\"https:\/\/www.institutodeengenharia.org.br\/site\/2010\/03\/09\/estudo-conclui-que-era-do-gelo-tinha-baixa-concentracao-de-co2\/\",\"name\":\"Estudo conclui que era do gelo tinha baixa concentra\u00e7\u00e3o de CO2 - Instituto de Engenharia\",\"isPartOf\":{\"@id\":\"https:\/\/www.institutodeengenharia.org.br\/site\/#website\"},\"datePublished\":\"2010-03-09T22:37:30+00:00\",\"breadcrumb\":{\"@id\":\"https:\/\/www.institutodeengenharia.org.br\/site\/2010\/03\/09\/estudo-conclui-que-era-do-gelo-tinha-baixa-concentracao-de-co2\/#breadcrumb\"},\"inLanguage\":\"pt-BR\",\"potentialAction\":[{\"@type\":\"ReadAction\",\"target\":[\"https:\/\/www.institutodeengenharia.org.br\/site\/2010\/03\/09\/estudo-conclui-que-era-do-gelo-tinha-baixa-concentracao-de-co2\/\"]}]},{\"@type\":\"BreadcrumbList\",\"@id\":\"https:\/\/www.institutodeengenharia.org.br\/site\/2010\/03\/09\/estudo-conclui-que-era-do-gelo-tinha-baixa-concentracao-de-co2\/#breadcrumb\",\"itemListElement\":[{\"@type\":\"ListItem\",\"position\":1,\"name\":\"In\u00edcio\",\"item\":\"https:\/\/www.institutodeengenharia.org.br\/site\/\"},{\"@type\":\"ListItem\",\"position\":2,\"name\":\"Estudo conclui que era do gelo tinha baixa concentra\u00e7\u00e3o de CO2\"}]},{\"@type\":\"WebSite\",\"@id\":\"https:\/\/www.institutodeengenharia.org.br\/site\/#website\",\"url\":\"https:\/\/www.institutodeengenharia.org.br\/site\/\",\"name\":\"Instituto de Engenharia\",\"description\":\"O Instituto de Engenharia promove a Engenharia em benef\u00edcio do desenvolvimento e da qualidade de vida da sociedade.\",\"publisher\":{\"@id\":\"https:\/\/www.institutodeengenharia.org.br\/site\/#organization\"},\"potentialAction\":[{\"@type\":\"SearchAction\",\"target\":{\"@type\":\"EntryPoint\",\"urlTemplate\":\"https:\/\/www.institutodeengenharia.org.br\/site\/?s={search_term_string}\"},\"query-input\":{\"@type\":\"PropertyValueSpecification\",\"valueRequired\":true,\"valueName\":\"search_term_string\"}}],\"inLanguage\":\"pt-BR\"},{\"@type\":\"Organization\",\"@id\":\"https:\/\/www.institutodeengenharia.org.br\/site\/#organization\",\"name\":\"Instituto de Engenharia\",\"url\":\"https:\/\/www.institutodeengenharia.org.br\/site\/\",\"logo\":{\"@type\":\"ImageObject\",\"inLanguage\":\"pt-BR\",\"@id\":\"https:\/\/www.institutodeengenharia.org.br\/site\/#\/schema\/logo\/image\/\",\"url\":\"https:\/\/www.institutodeengenharia.org.br\/site\/wp-content\/uploads\/2019\/03\/logo-novo-IE2018-1.jpg\",\"contentUrl\":\"https:\/\/www.institutodeengenharia.org.br\/site\/wp-content\/uploads\/2019\/03\/logo-novo-IE2018-1.jpg\",\"width\":1486,\"height\":1879,\"caption\":\"Instituto de Engenharia\"},\"image\":{\"@id\":\"https:\/\/www.institutodeengenharia.org.br\/site\/#\/schema\/logo\/image\/\"},\"sameAs\":[\"https:\/\/www.facebook.com\/institutodeengenharia\",\"https:\/\/x.com\/iengenharia\",\"https:\/\/www.instagram.com\/institutodeengenharia\/\",\"https:\/\/www.linkedin.com\/company\/instituto-de-engenharia\/\",\"https:\/\/www.youtube.com\/channel\/UCXiCAlsSMe977vamW915HxA\"]},{\"@type\":\"Person\",\"@id\":\"https:\/\/www.institutodeengenharia.org.br\/site\/#\/schema\/person\/3b1ff109facef084739fc2edcb9a127f\",\"name\":\"TMax Tecnologia\",\"image\":{\"@type\":\"ImageObject\",\"inLanguage\":\"pt-BR\",\"@id\":\"https:\/\/secure.gravatar.com\/avatar\/f912434ef7f389c92cb311fcdae346af848465d638912574b3c669070f797701?s=96&d=mm&r=g\",\"url\":\"https:\/\/secure.gravatar.com\/avatar\/f912434ef7f389c92cb311fcdae346af848465d638912574b3c669070f797701?s=96&d=mm&r=g\",\"contentUrl\":\"https:\/\/secure.gravatar.com\/avatar\/f912434ef7f389c92cb311fcdae346af848465d638912574b3c669070f797701?s=96&d=mm&r=g\",\"caption\":\"TMax Tecnologia\"},\"url\":\"https:\/\/www.institutodeengenharia.org.br\/site\/author\/tmax\/\"}]}<\/script>\n<!-- \/ Yoast SEO plugin. -->","yoast_head_json":{"title":"Estudo conclui que era do gelo tinha baixa concentra\u00e7\u00e3o de CO2 - Instituto de Engenharia","robots":{"index":"index","follow":"follow","max-snippet":"max-snippet:-1","max-image-preview":"max-image-preview:large","max-video-preview":"max-video-preview:-1"},"canonical":"https:\/\/www.institutodeengenharia.org.br\/site\/2010\/03\/09\/estudo-conclui-que-era-do-gelo-tinha-baixa-concentracao-de-co2\/","og_locale":"pt_BR","og_type":"article","og_title":"Estudo conclui que era do gelo tinha baixa concentra\u00e7\u00e3o de CO2 - Instituto de Engenharia","og_description":"Como uma grande era do gelo aconteceu quando os n\u00edveis de di\u00f3xido de carbono eram altas? Esta \u00e9 uma quest\u00e3o que os c\u00e9ticos do aquecimento global frequentemente fazem. Mas algumas vezes a resposta correta \u00e9 a mais simples: acontece que os n\u00edveis de CO2 n\u00e3o eram assim t\u00e3o altos, afinal de contas. A era do [&hellip;]","og_url":"https:\/\/www.institutodeengenharia.org.br\/site\/2010\/03\/09\/estudo-conclui-que-era-do-gelo-tinha-baixa-concentracao-de-co2\/","og_site_name":"Instituto de Engenharia","article_publisher":"https:\/\/www.facebook.com\/institutodeengenharia","article_published_time":"2010-03-09T22:37:30+00:00","author":"TMax Tecnologia","twitter_card":"summary_large_image","twitter_creator":"@iengenharia","twitter_site":"@iengenharia","twitter_misc":{"Escrito por":"TMax Tecnologia","Est. tempo de leitura":"1 minuto"},"schema":{"@context":"https:\/\/schema.org","@graph":[{"@type":"Article","@id":"https:\/\/www.institutodeengenharia.org.br\/site\/2010\/03\/09\/estudo-conclui-que-era-do-gelo-tinha-baixa-concentracao-de-co2\/#article","isPartOf":{"@id":"https:\/\/www.institutodeengenharia.org.br\/site\/2010\/03\/09\/estudo-conclui-que-era-do-gelo-tinha-baixa-concentracao-de-co2\/"},"author":{"name":"TMax Tecnologia","@id":"https:\/\/www.institutodeengenharia.org.br\/site\/#\/schema\/person\/3b1ff109facef084739fc2edcb9a127f"},"headline":"Estudo conclui que era do gelo tinha baixa concentra\u00e7\u00e3o de CO2","datePublished":"2010-03-09T22:37:30+00:00","mainEntityOfPage":{"@id":"https:\/\/www.institutodeengenharia.org.br\/site\/2010\/03\/09\/estudo-conclui-que-era-do-gelo-tinha-baixa-concentracao-de-co2\/"},"wordCount":293,"commentCount":0,"publisher":{"@id":"https:\/\/www.institutodeengenharia.org.br\/site\/#organization"},"articleSection":["Meio Ambiente","Not\u00edcias"],"inLanguage":"pt-BR","potentialAction":[{"@type":"CommentAction","name":"Comment","target":["https:\/\/www.institutodeengenharia.org.br\/site\/2010\/03\/09\/estudo-conclui-que-era-do-gelo-tinha-baixa-concentracao-de-co2\/#respond"]}]},{"@type":"WebPage","@id":"https:\/\/www.institutodeengenharia.org.br\/site\/2010\/03\/09\/estudo-conclui-que-era-do-gelo-tinha-baixa-concentracao-de-co2\/","url":"https:\/\/www.institutodeengenharia.org.br\/site\/2010\/03\/09\/estudo-conclui-que-era-do-gelo-tinha-baixa-concentracao-de-co2\/","name":"Estudo conclui que era do gelo tinha baixa concentra\u00e7\u00e3o de CO2 - Instituto de Engenharia","isPartOf":{"@id":"https:\/\/www.institutodeengenharia.org.br\/site\/#website"},"datePublished":"2010-03-09T22:37:30+00:00","breadcrumb":{"@id":"https:\/\/www.institutodeengenharia.org.br\/site\/2010\/03\/09\/estudo-conclui-que-era-do-gelo-tinha-baixa-concentracao-de-co2\/#breadcrumb"},"inLanguage":"pt-BR","potentialAction":[{"@type":"ReadAction","target":["https:\/\/www.institutodeengenharia.org.br\/site\/2010\/03\/09\/estudo-conclui-que-era-do-gelo-tinha-baixa-concentracao-de-co2\/"]}]},{"@type":"BreadcrumbList","@id":"https:\/\/www.institutodeengenharia.org.br\/site\/2010\/03\/09\/estudo-conclui-que-era-do-gelo-tinha-baixa-concentracao-de-co2\/#breadcrumb","itemListElement":[{"@type":"ListItem","position":1,"name":"In\u00edcio","item":"https:\/\/www.institutodeengenharia.org.br\/site\/"},{"@type":"ListItem","position":2,"name":"Estudo conclui que era do gelo tinha baixa concentra\u00e7\u00e3o de CO2"}]},{"@type":"WebSite","@id":"https:\/\/www.institutodeengenharia.org.br\/site\/#website","url":"https:\/\/www.institutodeengenharia.org.br\/site\/","name":"Instituto de Engenharia","description":"O Instituto de Engenharia promove a Engenharia em benef\u00edcio do desenvolvimento e da qualidade de vida da sociedade.","publisher":{"@id":"https:\/\/www.institutodeengenharia.org.br\/site\/#organization"},"potentialAction":[{"@type":"SearchAction","target":{"@type":"EntryPoint","urlTemplate":"https:\/\/www.institutodeengenharia.org.br\/site\/?s={search_term_string}"},"query-input":{"@type":"PropertyValueSpecification","valueRequired":true,"valueName":"search_term_string"}}],"inLanguage":"pt-BR"},{"@type":"Organization","@id":"https:\/\/www.institutodeengenharia.org.br\/site\/#organization","name":"Instituto de Engenharia","url":"https:\/\/www.institutodeengenharia.org.br\/site\/","logo":{"@type":"ImageObject","inLanguage":"pt-BR","@id":"https:\/\/www.institutodeengenharia.org.br\/site\/#\/schema\/logo\/image\/","url":"https:\/\/www.institutodeengenharia.org.br\/site\/wp-content\/uploads\/2019\/03\/logo-novo-IE2018-1.jpg","contentUrl":"https:\/\/www.institutodeengenharia.org.br\/site\/wp-content\/uploads\/2019\/03\/logo-novo-IE2018-1.jpg","width":1486,"height":1879,"caption":"Instituto de Engenharia"},"image":{"@id":"https:\/\/www.institutodeengenharia.org.br\/site\/#\/schema\/logo\/image\/"},"sameAs":["https:\/\/www.facebook.com\/institutodeengenharia","https:\/\/x.com\/iengenharia","https:\/\/www.instagram.com\/institutodeengenharia\/","https:\/\/www.linkedin.com\/company\/instituto-de-engenharia\/","https:\/\/www.youtube.com\/channel\/UCXiCAlsSMe977vamW915HxA"]},{"@type":"Person","@id":"https:\/\/www.institutodeengenharia.org.br\/site\/#\/schema\/person\/3b1ff109facef084739fc2edcb9a127f","name":"TMax Tecnologia","image":{"@type":"ImageObject","inLanguage":"pt-BR","@id":"https:\/\/secure.gravatar.com\/avatar\/f912434ef7f389c92cb311fcdae346af848465d638912574b3c669070f797701?s=96&d=mm&r=g","url":"https:\/\/secure.gravatar.com\/avatar\/f912434ef7f389c92cb311fcdae346af848465d638912574b3c669070f797701?s=96&d=mm&r=g","contentUrl":"https:\/\/secure.gravatar.com\/avatar\/f912434ef7f389c92cb311fcdae346af848465d638912574b3c669070f797701?s=96&d=mm&r=g","caption":"TMax Tecnologia"},"url":"https:\/\/www.institutodeengenharia.org.br\/site\/author\/tmax\/"}]}},"_links":{"self":[{"href":"https:\/\/www.institutodeengenharia.org.br\/site\/wp-json\/wp\/v2\/posts\/17670","targetHints":{"allow":["GET"]}}],"collection":[{"href":"https:\/\/www.institutodeengenharia.org.br\/site\/wp-json\/wp\/v2\/posts"}],"about":[{"href":"https:\/\/www.institutodeengenharia.org.br\/site\/wp-json\/wp\/v2\/types\/post"}],"author":[{"embeddable":true,"href":"https:\/\/www.institutodeengenharia.org.br\/site\/wp-json\/wp\/v2\/users\/1"}],"replies":[{"embeddable":true,"href":"https:\/\/www.institutodeengenharia.org.br\/site\/wp-json\/wp\/v2\/comments?post=17670"}],"version-history":[{"count":0,"href":"https:\/\/www.institutodeengenharia.org.br\/site\/wp-json\/wp\/v2\/posts\/17670\/revisions"}],"wp:attachment":[{"href":"https:\/\/www.institutodeengenharia.org.br\/site\/wp-json\/wp\/v2\/media?parent=17670"}],"wp:term":[{"taxonomy":"category","embeddable":true,"href":"https:\/\/www.institutodeengenharia.org.br\/site\/wp-json\/wp\/v2\/categories?post=17670"},{"taxonomy":"post_tag","embeddable":true,"href":"https:\/\/www.institutodeengenharia.org.br\/site\/wp-json\/wp\/v2\/tags?post=17670"}],"curies":[{"name":"wp","href":"https:\/\/api.w.org\/{rel}","templated":true}]}}