{"id":17669,"date":"2010-03-09T22:37:29","date_gmt":"2010-03-09T22:37:29","guid":{"rendered":"https:\/\/www.institutodeengenharia.org.br\/?p=17669"},"modified":"2010-03-09T09:07:32","modified_gmt":"2010-03-09T09:07:32","slug":"a-terra-tem-direitos","status":"publish","type":"post","link":"https:\/\/www.institutodeengenharia.org.br\/site\/2010\/03\/09\/a-terra-tem-direitos\/","title":{"rendered":"A Terra tem direitos"},"content":{"rendered":"<p>N\u00e3o existe no mundo uma representa\u00e7\u00e3o pol\u00edtica dos interesses da humanidade e da M\u00e3e Terra que tutele sua prote\u00e7\u00e3o natural e cultural. H\u00e1 s\u00e9culos, vivemos sob a jurisdi\u00e7\u00e3o dos Estados-na\u00e7\u00e3o, com suas particulares soberanias e autonomias. Como os problemas se tornam mais e mais globais, esta configura\u00e7\u00e3o pol\u00edtica \u00e9 insuficiente para oferecer as solu\u00e7\u00f5es necess\u00e1rias. <\/p>\n<p>A Organiza\u00e7\u00e3o das Na\u00e7\u00f5es Unidas (ONU), que seria a institui\u00e7\u00e3o apropriada, est\u00e1 desmoralizada e nela s\u00f3 conta o Conselho de Seguran\u00e7a, controlado pelas cinco pot\u00eancias com direito a veto, com os Estados Unidos \u00e0 frente. Tampouco est\u00e1 dispon\u00edvel um contrato social mundial que estabele\u00e7a pr\u00e1ticas pol\u00edticas globais. Faltam refer\u00eancias coletivas que facilitem o consenso e resolvam eventuais conflitos. Esta \u00e9 uma das causas do fracasso de numerosos encontros internacionais sobre assuntos globais, como o da mudan\u00e7a clim\u00e1tica, realizado em dezembro em Copenhague, ou o de com\u00e9rcio mundial, de 2001 em Doha. <\/p>\n<p>Vivemos um momento da hist\u00f3ria em que est\u00e1 em jogo nosso futuro comum. O encadeamento de crises e especialmente a quest\u00e3o ecol\u00f3gica podem originar uma trag\u00e9dia de enormes propor\u00e7\u00f5es, que imp\u00f5e a urgente ado\u00e7\u00e3o de medidas. O or\u00e7amento para isso \u00e9 uma refer\u00eancia comum, um conjunto de valores, princ\u00edpios e inspira\u00e7\u00f5es que ofere\u00e7am um fundamento \u00e9tico e pol\u00edtico \u00e0 comunidade mundial. O que importa n\u00e3o \u00e9 a salva\u00e7\u00e3o do status quo, mas a salva\u00e7\u00e3o da vida e do sistema Terra. Esta \u00e9 a nova centralidade, que redefinir\u00e1 os grandes rumos da pol\u00edtica. <\/p>\n<p>Consciente desta urg\u00eancia, o presidente da Assembleia Geral da ONU em 2008 e 2009, Miguel D\u2019Escoto, depois de consultar um vasto arco de personalidades e chefes de Estado, decidiu reformular um projeto de Declara\u00e7\u00e3o Universal do Bem Comum da Terra e da Humanidade, e me incluiu entre seus redatores (www.servicioskoinonia.org\/logos). O texto, que complementar\u00e1 a Declara\u00e7\u00e3o Universal dos Direitos Humanos de 1948, ser\u00e1 divulgado na Confer\u00eancia Internacional sobre o Clima prevista para abril, em Cochabamba, e assume os dados mais seguros da cosmologia contempor\u00e2nea. Considera que a Terra e a humanidade s\u00e3o parte de um vasto universo em evolu\u00e7\u00e3o, que possuem o mesmo destino e constituem, em sua complexidade, uma \u00fanica entidade. <\/p>\n<p>A Terra vive e se comporta como um \u00fanico sistema autorregulado, formado por componentes f\u00edsicos, qu\u00edmicos, biol\u00f3gicos e humanos que a tornam prop\u00edcia \u00e0 produ\u00e7\u00e3o e reprodu\u00e7\u00e3o da vida, e por isto \u00e9 nossa Grande M\u00e3e e nosso lar comum. Ela est\u00e1 composta pelo conjunto dos ecossistemas, nos quais gerou uma multiplicidade magn\u00edfica de formas vitais complementares e interdependentes que integram a unidade sagrada da vida e fazem com que o ser humano, homem ou mulher, seja a pr\u00f3pria Terra que fala, pensa, sente, ama, cuida e venera. Como a crise ambiental deve ser enfrentada globalmente, \u00e9 preciso definir o \u201cbem comum da Terra e da humanidade\u201d. <\/p>\n<p>As caracter\u00edsticas do bem comum s\u00e3o a universalidade e a gratuidade. Deve incluir todos, pessoas e povos, e ao mesmo tempo \u00e9 oferecido a todos gratuitamente porque representa o que \u00e9 essencial, vital e insubstitu\u00edvel para a humanidade e a pr\u00f3pria Terra. O primeiro bem \u00e9 a Terra, condi\u00e7\u00e3o para todos os outros bens. Pertence ao universo, a si mesma e ao conjunto de ecossistemas que a comp\u00f5em. Os seres humanos n\u00e3o s\u00e3o seus donos, s\u00e3o seus h\u00f3spedes. Por ser geradora de vida, possui a dignidade e o direito de ser cuidada e protegida. <\/p>\n<p>A biosfera \u00e9 um patrim\u00f4nio que a Humanidade deve tutelar. Isto vale para todos os recursos naturais: ar, \u00e1gua, fauna, flora, micro-organismos e tamb\u00e9m para a manuten\u00e7\u00e3o do clima. Por isso as mudan\u00e7as clim\u00e1ticas devem ser enfrentadas globalmente, como uma responsabilidade compartilhada. Fazem parte do patrim\u00f4nio comum os bens p\u00fablicos a servi\u00e7o da vida, como os alimentos, as sementes, a eletricidade, as comunica\u00e7\u00f5es, os conhecimentos acumulados pelos povos e pela pesquisa, pelas culturas, artes, t\u00e9cnicas, m\u00fasica, religi\u00f5es, sa\u00fade, educa\u00e7\u00e3o e seguran\u00e7a. <\/p>\n<p>O segundo bem comum \u00e9 a humanidade, com seus valores intr\u00ednsecos como portadora de dignidade, consci\u00eancia, intelig\u00eancia, sensibilidade, compaix\u00e3o, amor e abertura para o Todo. A humanidade aparece como um projeto infinito e por isso sempre inacabado. O fecundo conceito de bem comum pro\u00edbe, por exemplo, que sejam patenteados recursos gen\u00e9ticos fundamentais para a alimenta\u00e7\u00e3o e a agricultura, enquanto as descobertas t\u00e9cnicas patenteadas devem sempre ter um destino social. Pertence ao bem comum da humanidade e da M\u00e3e Terra a convic\u00e7\u00e3o de que uma energia benfeitora est\u00e1 subjacente a todo o universo, sustenta cada um dos seres e pode ser invocada, acolhida e venerada. <\/p>\n<p><em>* Leonardo Boff \u00e9 te\u00f3logo brasileiro, membro da Iniciativa da Carta da Terra e professor em\u00e9rito de \u00c9tica da Universidade do Estado do Rio de Janeiro. Direitos exclusivos IPS. <br \/>\n<\/em><\/p>\n<p><b>Autor: Para Terram\u00e9rica por *Leonardo Boff<\/b><\/p>\n","protected":false},"excerpt":{"rendered":"<p>N\u00e3o existe no mundo uma representa\u00e7\u00e3o pol\u00edtica dos interesses da humanidade e da M\u00e3e Terra que tutele sua prote\u00e7\u00e3o natural e cultural. H\u00e1 s\u00e9culos, vivemos sob a jurisdi\u00e7\u00e3o dos Estados-na\u00e7\u00e3o, com suas particulares soberanias e autonomias. Como os problemas se tornam mais e mais globais, esta configura\u00e7\u00e3o pol\u00edtica \u00e9 insuficiente para oferecer as solu\u00e7\u00f5es necess\u00e1rias. [&hellip;]<\/p>\n","protected":false},"author":1,"featured_media":0,"comment_status":"open","ping_status":"open","sticky":false,"template":"","format":"standard","meta":{"footnotes":""},"categories":[31,6],"tags":[],"class_list":{"0":"post-17669","1":"post","2":"type-post","3":"status-publish","4":"format-standard","6":"category-meio-ambiente","7":"category-noticias"},"yoast_head":"<!-- This site is optimized with the Yoast SEO plugin v27.2 - https:\/\/yoast.com\/product\/yoast-seo-wordpress\/ -->\n<title>A Terra tem direitos - Instituto de Engenharia<\/title>\n<meta name=\"robots\" content=\"index, follow, max-snippet:-1, max-image-preview:large, max-video-preview:-1\" \/>\n<link rel=\"canonical\" href=\"https:\/\/www.institutodeengenharia.org.br\/site\/2010\/03\/09\/a-terra-tem-direitos\/\" \/>\n<meta property=\"og:locale\" content=\"pt_BR\" \/>\n<meta property=\"og:type\" content=\"article\" \/>\n<meta property=\"og:title\" content=\"A Terra tem direitos - Instituto de Engenharia\" \/>\n<meta property=\"og:description\" content=\"N\u00e3o existe no mundo uma representa\u00e7\u00e3o pol\u00edtica dos interesses da humanidade e da M\u00e3e Terra que tutele sua prote\u00e7\u00e3o natural e cultural. H\u00e1 s\u00e9culos, vivemos sob a jurisdi\u00e7\u00e3o dos Estados-na\u00e7\u00e3o, com suas particulares soberanias e autonomias. Como os problemas se tornam mais e mais globais, esta configura\u00e7\u00e3o pol\u00edtica \u00e9 insuficiente para oferecer as solu\u00e7\u00f5es necess\u00e1rias. [&hellip;]\" \/>\n<meta property=\"og:url\" content=\"https:\/\/www.institutodeengenharia.org.br\/site\/2010\/03\/09\/a-terra-tem-direitos\/\" \/>\n<meta property=\"og:site_name\" content=\"Instituto de Engenharia\" \/>\n<meta property=\"article:publisher\" content=\"https:\/\/www.facebook.com\/institutodeengenharia\" \/>\n<meta property=\"article:published_time\" content=\"2010-03-09T22:37:29+00:00\" \/>\n<meta name=\"author\" content=\"TMax Tecnologia\" \/>\n<meta name=\"twitter:card\" content=\"summary_large_image\" \/>\n<meta name=\"twitter:creator\" content=\"@iengenharia\" \/>\n<meta name=\"twitter:site\" content=\"@iengenharia\" \/>\n<meta name=\"twitter:label1\" content=\"Escrito por\" \/>\n\t<meta name=\"twitter:data1\" content=\"TMax Tecnologia\" \/>\n\t<meta name=\"twitter:label2\" content=\"Est. tempo de leitura\" \/>\n\t<meta name=\"twitter:data2\" content=\"4 minutos\" \/>\n<script type=\"application\/ld+json\" class=\"yoast-schema-graph\">{\"@context\":\"https:\/\/schema.org\",\"@graph\":[{\"@type\":\"Article\",\"@id\":\"https:\/\/www.institutodeengenharia.org.br\/site\/2010\/03\/09\/a-terra-tem-direitos\/#article\",\"isPartOf\":{\"@id\":\"https:\/\/www.institutodeengenharia.org.br\/site\/2010\/03\/09\/a-terra-tem-direitos\/\"},\"author\":{\"name\":\"TMax Tecnologia\",\"@id\":\"https:\/\/www.institutodeengenharia.org.br\/site\/#\/schema\/person\/3b1ff109facef084739fc2edcb9a127f\"},\"headline\":\"A Terra tem direitos\",\"datePublished\":\"2010-03-09T22:37:29+00:00\",\"mainEntityOfPage\":{\"@id\":\"https:\/\/www.institutodeengenharia.org.br\/site\/2010\/03\/09\/a-terra-tem-direitos\/\"},\"wordCount\":854,\"commentCount\":0,\"publisher\":{\"@id\":\"https:\/\/www.institutodeengenharia.org.br\/site\/#organization\"},\"articleSection\":[\"Meio Ambiente\",\"Not\u00edcias\"],\"inLanguage\":\"pt-BR\",\"potentialAction\":[{\"@type\":\"CommentAction\",\"name\":\"Comment\",\"target\":[\"https:\/\/www.institutodeengenharia.org.br\/site\/2010\/03\/09\/a-terra-tem-direitos\/#respond\"]}]},{\"@type\":\"WebPage\",\"@id\":\"https:\/\/www.institutodeengenharia.org.br\/site\/2010\/03\/09\/a-terra-tem-direitos\/\",\"url\":\"https:\/\/www.institutodeengenharia.org.br\/site\/2010\/03\/09\/a-terra-tem-direitos\/\",\"name\":\"A Terra tem direitos - Instituto de Engenharia\",\"isPartOf\":{\"@id\":\"https:\/\/www.institutodeengenharia.org.br\/site\/#website\"},\"datePublished\":\"2010-03-09T22:37:29+00:00\",\"breadcrumb\":{\"@id\":\"https:\/\/www.institutodeengenharia.org.br\/site\/2010\/03\/09\/a-terra-tem-direitos\/#breadcrumb\"},\"inLanguage\":\"pt-BR\",\"potentialAction\":[{\"@type\":\"ReadAction\",\"target\":[\"https:\/\/www.institutodeengenharia.org.br\/site\/2010\/03\/09\/a-terra-tem-direitos\/\"]}]},{\"@type\":\"BreadcrumbList\",\"@id\":\"https:\/\/www.institutodeengenharia.org.br\/site\/2010\/03\/09\/a-terra-tem-direitos\/#breadcrumb\",\"itemListElement\":[{\"@type\":\"ListItem\",\"position\":1,\"name\":\"In\u00edcio\",\"item\":\"https:\/\/www.institutodeengenharia.org.br\/site\/\"},{\"@type\":\"ListItem\",\"position\":2,\"name\":\"A Terra tem direitos\"}]},{\"@type\":\"WebSite\",\"@id\":\"https:\/\/www.institutodeengenharia.org.br\/site\/#website\",\"url\":\"https:\/\/www.institutodeengenharia.org.br\/site\/\",\"name\":\"Instituto de Engenharia\",\"description\":\"O Instituto de Engenharia promove a Engenharia em benef\u00edcio do desenvolvimento e da qualidade de vida da sociedade.\",\"publisher\":{\"@id\":\"https:\/\/www.institutodeengenharia.org.br\/site\/#organization\"},\"potentialAction\":[{\"@type\":\"SearchAction\",\"target\":{\"@type\":\"EntryPoint\",\"urlTemplate\":\"https:\/\/www.institutodeengenharia.org.br\/site\/?s={search_term_string}\"},\"query-input\":{\"@type\":\"PropertyValueSpecification\",\"valueRequired\":true,\"valueName\":\"search_term_string\"}}],\"inLanguage\":\"pt-BR\"},{\"@type\":\"Organization\",\"@id\":\"https:\/\/www.institutodeengenharia.org.br\/site\/#organization\",\"name\":\"Instituto de Engenharia\",\"url\":\"https:\/\/www.institutodeengenharia.org.br\/site\/\",\"logo\":{\"@type\":\"ImageObject\",\"inLanguage\":\"pt-BR\",\"@id\":\"https:\/\/www.institutodeengenharia.org.br\/site\/#\/schema\/logo\/image\/\",\"url\":\"https:\/\/www.institutodeengenharia.org.br\/site\/wp-content\/uploads\/2019\/03\/logo-novo-IE2018-1.jpg\",\"contentUrl\":\"https:\/\/www.institutodeengenharia.org.br\/site\/wp-content\/uploads\/2019\/03\/logo-novo-IE2018-1.jpg\",\"width\":1486,\"height\":1879,\"caption\":\"Instituto de Engenharia\"},\"image\":{\"@id\":\"https:\/\/www.institutodeengenharia.org.br\/site\/#\/schema\/logo\/image\/\"},\"sameAs\":[\"https:\/\/www.facebook.com\/institutodeengenharia\",\"https:\/\/x.com\/iengenharia\",\"https:\/\/www.instagram.com\/institutodeengenharia\/\",\"https:\/\/www.linkedin.com\/company\/instituto-de-engenharia\/\",\"https:\/\/www.youtube.com\/channel\/UCXiCAlsSMe977vamW915HxA\"]},{\"@type\":\"Person\",\"@id\":\"https:\/\/www.institutodeengenharia.org.br\/site\/#\/schema\/person\/3b1ff109facef084739fc2edcb9a127f\",\"name\":\"TMax Tecnologia\",\"image\":{\"@type\":\"ImageObject\",\"inLanguage\":\"pt-BR\",\"@id\":\"https:\/\/secure.gravatar.com\/avatar\/f912434ef7f389c92cb311fcdae346af848465d638912574b3c669070f797701?s=96&d=mm&r=g\",\"url\":\"https:\/\/secure.gravatar.com\/avatar\/f912434ef7f389c92cb311fcdae346af848465d638912574b3c669070f797701?s=96&d=mm&r=g\",\"contentUrl\":\"https:\/\/secure.gravatar.com\/avatar\/f912434ef7f389c92cb311fcdae346af848465d638912574b3c669070f797701?s=96&d=mm&r=g\",\"caption\":\"TMax Tecnologia\"},\"url\":\"https:\/\/www.institutodeengenharia.org.br\/site\/author\/tmax\/\"}]}<\/script>\n<!-- \/ Yoast SEO plugin. -->","yoast_head_json":{"title":"A Terra tem direitos - Instituto de Engenharia","robots":{"index":"index","follow":"follow","max-snippet":"max-snippet:-1","max-image-preview":"max-image-preview:large","max-video-preview":"max-video-preview:-1"},"canonical":"https:\/\/www.institutodeengenharia.org.br\/site\/2010\/03\/09\/a-terra-tem-direitos\/","og_locale":"pt_BR","og_type":"article","og_title":"A Terra tem direitos - Instituto de Engenharia","og_description":"N\u00e3o existe no mundo uma representa\u00e7\u00e3o pol\u00edtica dos interesses da humanidade e da M\u00e3e Terra que tutele sua prote\u00e7\u00e3o natural e cultural. H\u00e1 s\u00e9culos, vivemos sob a jurisdi\u00e7\u00e3o dos Estados-na\u00e7\u00e3o, com suas particulares soberanias e autonomias. Como os problemas se tornam mais e mais globais, esta configura\u00e7\u00e3o pol\u00edtica \u00e9 insuficiente para oferecer as solu\u00e7\u00f5es necess\u00e1rias. [&hellip;]","og_url":"https:\/\/www.institutodeengenharia.org.br\/site\/2010\/03\/09\/a-terra-tem-direitos\/","og_site_name":"Instituto de Engenharia","article_publisher":"https:\/\/www.facebook.com\/institutodeengenharia","article_published_time":"2010-03-09T22:37:29+00:00","author":"TMax Tecnologia","twitter_card":"summary_large_image","twitter_creator":"@iengenharia","twitter_site":"@iengenharia","twitter_misc":{"Escrito por":"TMax Tecnologia","Est. tempo de leitura":"4 minutos"},"schema":{"@context":"https:\/\/schema.org","@graph":[{"@type":"Article","@id":"https:\/\/www.institutodeengenharia.org.br\/site\/2010\/03\/09\/a-terra-tem-direitos\/#article","isPartOf":{"@id":"https:\/\/www.institutodeengenharia.org.br\/site\/2010\/03\/09\/a-terra-tem-direitos\/"},"author":{"name":"TMax Tecnologia","@id":"https:\/\/www.institutodeengenharia.org.br\/site\/#\/schema\/person\/3b1ff109facef084739fc2edcb9a127f"},"headline":"A Terra tem direitos","datePublished":"2010-03-09T22:37:29+00:00","mainEntityOfPage":{"@id":"https:\/\/www.institutodeengenharia.org.br\/site\/2010\/03\/09\/a-terra-tem-direitos\/"},"wordCount":854,"commentCount":0,"publisher":{"@id":"https:\/\/www.institutodeengenharia.org.br\/site\/#organization"},"articleSection":["Meio Ambiente","Not\u00edcias"],"inLanguage":"pt-BR","potentialAction":[{"@type":"CommentAction","name":"Comment","target":["https:\/\/www.institutodeengenharia.org.br\/site\/2010\/03\/09\/a-terra-tem-direitos\/#respond"]}]},{"@type":"WebPage","@id":"https:\/\/www.institutodeengenharia.org.br\/site\/2010\/03\/09\/a-terra-tem-direitos\/","url":"https:\/\/www.institutodeengenharia.org.br\/site\/2010\/03\/09\/a-terra-tem-direitos\/","name":"A Terra tem direitos - Instituto de Engenharia","isPartOf":{"@id":"https:\/\/www.institutodeengenharia.org.br\/site\/#website"},"datePublished":"2010-03-09T22:37:29+00:00","breadcrumb":{"@id":"https:\/\/www.institutodeengenharia.org.br\/site\/2010\/03\/09\/a-terra-tem-direitos\/#breadcrumb"},"inLanguage":"pt-BR","potentialAction":[{"@type":"ReadAction","target":["https:\/\/www.institutodeengenharia.org.br\/site\/2010\/03\/09\/a-terra-tem-direitos\/"]}]},{"@type":"BreadcrumbList","@id":"https:\/\/www.institutodeengenharia.org.br\/site\/2010\/03\/09\/a-terra-tem-direitos\/#breadcrumb","itemListElement":[{"@type":"ListItem","position":1,"name":"In\u00edcio","item":"https:\/\/www.institutodeengenharia.org.br\/site\/"},{"@type":"ListItem","position":2,"name":"A Terra tem direitos"}]},{"@type":"WebSite","@id":"https:\/\/www.institutodeengenharia.org.br\/site\/#website","url":"https:\/\/www.institutodeengenharia.org.br\/site\/","name":"Instituto de Engenharia","description":"O Instituto de Engenharia promove a Engenharia em benef\u00edcio do desenvolvimento e da qualidade de vida da sociedade.","publisher":{"@id":"https:\/\/www.institutodeengenharia.org.br\/site\/#organization"},"potentialAction":[{"@type":"SearchAction","target":{"@type":"EntryPoint","urlTemplate":"https:\/\/www.institutodeengenharia.org.br\/site\/?s={search_term_string}"},"query-input":{"@type":"PropertyValueSpecification","valueRequired":true,"valueName":"search_term_string"}}],"inLanguage":"pt-BR"},{"@type":"Organization","@id":"https:\/\/www.institutodeengenharia.org.br\/site\/#organization","name":"Instituto de Engenharia","url":"https:\/\/www.institutodeengenharia.org.br\/site\/","logo":{"@type":"ImageObject","inLanguage":"pt-BR","@id":"https:\/\/www.institutodeengenharia.org.br\/site\/#\/schema\/logo\/image\/","url":"https:\/\/www.institutodeengenharia.org.br\/site\/wp-content\/uploads\/2019\/03\/logo-novo-IE2018-1.jpg","contentUrl":"https:\/\/www.institutodeengenharia.org.br\/site\/wp-content\/uploads\/2019\/03\/logo-novo-IE2018-1.jpg","width":1486,"height":1879,"caption":"Instituto de Engenharia"},"image":{"@id":"https:\/\/www.institutodeengenharia.org.br\/site\/#\/schema\/logo\/image\/"},"sameAs":["https:\/\/www.facebook.com\/institutodeengenharia","https:\/\/x.com\/iengenharia","https:\/\/www.instagram.com\/institutodeengenharia\/","https:\/\/www.linkedin.com\/company\/instituto-de-engenharia\/","https:\/\/www.youtube.com\/channel\/UCXiCAlsSMe977vamW915HxA"]},{"@type":"Person","@id":"https:\/\/www.institutodeengenharia.org.br\/site\/#\/schema\/person\/3b1ff109facef084739fc2edcb9a127f","name":"TMax Tecnologia","image":{"@type":"ImageObject","inLanguage":"pt-BR","@id":"https:\/\/secure.gravatar.com\/avatar\/f912434ef7f389c92cb311fcdae346af848465d638912574b3c669070f797701?s=96&d=mm&r=g","url":"https:\/\/secure.gravatar.com\/avatar\/f912434ef7f389c92cb311fcdae346af848465d638912574b3c669070f797701?s=96&d=mm&r=g","contentUrl":"https:\/\/secure.gravatar.com\/avatar\/f912434ef7f389c92cb311fcdae346af848465d638912574b3c669070f797701?s=96&d=mm&r=g","caption":"TMax Tecnologia"},"url":"https:\/\/www.institutodeengenharia.org.br\/site\/author\/tmax\/"}]}},"_links":{"self":[{"href":"https:\/\/www.institutodeengenharia.org.br\/site\/wp-json\/wp\/v2\/posts\/17669","targetHints":{"allow":["GET"]}}],"collection":[{"href":"https:\/\/www.institutodeengenharia.org.br\/site\/wp-json\/wp\/v2\/posts"}],"about":[{"href":"https:\/\/www.institutodeengenharia.org.br\/site\/wp-json\/wp\/v2\/types\/post"}],"author":[{"embeddable":true,"href":"https:\/\/www.institutodeengenharia.org.br\/site\/wp-json\/wp\/v2\/users\/1"}],"replies":[{"embeddable":true,"href":"https:\/\/www.institutodeengenharia.org.br\/site\/wp-json\/wp\/v2\/comments?post=17669"}],"version-history":[{"count":0,"href":"https:\/\/www.institutodeengenharia.org.br\/site\/wp-json\/wp\/v2\/posts\/17669\/revisions"}],"wp:attachment":[{"href":"https:\/\/www.institutodeengenharia.org.br\/site\/wp-json\/wp\/v2\/media?parent=17669"}],"wp:term":[{"taxonomy":"category","embeddable":true,"href":"https:\/\/www.institutodeengenharia.org.br\/site\/wp-json\/wp\/v2\/categories?post=17669"},{"taxonomy":"post_tag","embeddable":true,"href":"https:\/\/www.institutodeengenharia.org.br\/site\/wp-json\/wp\/v2\/tags?post=17669"}],"curies":[{"name":"wp","href":"https:\/\/api.w.org\/{rel}","templated":true}]}}