{"id":17650,"date":"2010-03-05T22:37:12","date_gmt":"2010-03-05T22:37:12","guid":{"rendered":"https:\/\/www.institutodeengenharia.org.br\/?p=17650"},"modified":"2010-03-05T09:22:33","modified_gmt":"2010-03-05T09:22:33","slug":"descoberta-antimateria-que-ira-originar-nova-tabela-periodica","status":"publish","type":"post","link":"https:\/\/www.institutodeengenharia.org.br\/site\/2010\/03\/05\/descoberta-antimateria-que-ira-originar-nova-tabela-periodica\/","title":{"rendered":"Descoberta antimat\u00e9ria que ir\u00e1 originar nova tabela peri\u00f3dica"},"content":{"rendered":"<p>Um grupo internacional de cientistas, com participa\u00e7\u00e3o brasileira, conseguiu a primeira evid\u00eancia experimental de que n\u00facleos at\u00f4micos compostos de antimat\u00e9ria podem ser produzidos pela colis\u00e3o de \u00edons de ouro em alta energia. <\/p>\n<p>A capacidade para formar em abund\u00e2ncia essas part\u00edculas ex\u00f3ticas, segundo os autores, poder\u00e1 ser fundamental para por a prova aspectos fundamentais da f\u00edsica nuclear, da astrof\u00edsica e da cosmologia. <\/p>\n<p><strong>Produ\u00e7\u00e3o de antimat\u00e9ria<\/strong> <\/p>\n<p>O experimento, realizado pela Colabora\u00e7\u00e3o Star &#8211; que re\u00fane 584 cientistas de 54 institui\u00e7\u00f5es em 12 pa\u00edses diferentes &#8211; foi produzido no Colisor Relativ\u00edstico de \u00cdons Pesados (RHIC, na sigla em ingl\u00eas), localizado nos Estados Unidos. <\/p>\n<p>Segundo Alejandro Szanto Toledo, f\u00edsico da USP e coautor do estudo, o artigo descreveu a primeira observa\u00e7\u00e3o da forma\u00e7\u00e3o de um anti-hipern\u00facleo. <\/p>\n<p>De acordo com Toledo, uma colis\u00e3o de \u00edons pesados em alta energia, como a que foi produzida no RHIC, gera uma grande quantidade de part\u00edculas. Em tese, quando a energia \u00e9 suficiente para atingir uma transi\u00e7\u00e3o de fase, s\u00e3o geradas tamb\u00e9m as antipart\u00edculas. <\/p>\n<p>&#8220;Essas antipart\u00edculas s\u00e3o submetidas \u00e0 coalesc\u00eancia &#8211; um processo an\u00e1logo \u00e0 condensa\u00e7\u00e3o &#8211; e algumas delas podem agregar, por exemplo, dois antin\u00eautrons e um antipr\u00f3ton, formando um antitr\u00edtio &#8211; isto \u00e9, um n\u00facleo de antimat\u00e9ria correspondente ao do \u00e1tomo de tr\u00edtio &#8211; o is\u00f3topo do hidrog\u00eanio que possui dois n\u00eautrons e um pr\u00f3ton&#8221;, disse Toledo. <\/p>\n<p><strong>Fora da Tabela Peri\u00f3dica<\/strong> <\/p>\n<p>O experimento, segundo o professor, formou h\u00e1drons &#8211; part\u00edculas formadas por quarks, como os pr\u00f3tons e n\u00eautrons &#8211; que possuem um chamado quark estranho, formando o chamado hipern\u00facleo. No modelo padr\u00e3o da f\u00edsica de part\u00edculas, o quark estranho \u00e9 aquele que possui o novo n\u00famero qu\u00e2ntico conhecido como &#8220;estranheza&#8221;. <\/p>\n<p>&#8220;Esse hipern\u00facleo formado, que \u00e9 um antiestranho, \u00e9 feito de antimat\u00e9ria. Essa \u00e9 a primeira vez em que se conseguiu uma evid\u00eancia experimental de um anti-hipern\u00facleo. Ou seja, obtivemos um n\u00facleo que est\u00e1 fora do espa\u00e7o biparam\u00e9trico da tabela peri\u00f3dica. Trata-se, portanto, de antimat\u00e9ria&#8221;, explicou Toledo. <\/p>\n<p>Segundo ele, j\u00e1 se havia obtido antipr\u00f3tons e antiel\u00e9trons &#8211; ou p\u00f3sitrons. Mas \u00e9 a primeira vez que se obt\u00e9m um anti-hipern\u00facleo, que \u00e9 algo bem mais complexo e mais raro. &#8220;Estamos felizes por termos um grupo [brasileiro] participando do trabalho, porque trata-se de fato de uma descoberta,&#8221; destacou. <\/p>\n<p><strong>Outro tipo de mat\u00e9ria <br \/>\n<\/strong><br \/>\nToledo explicou que a rea\u00e7\u00e3o foi produzida nos mais altos n\u00edveis de energia atingidos pelo RHIC. Essa regi\u00e3o de alta densidade de energia foi formada pela colis\u00e3o de dois n\u00facleos de ouro a 200 gigael\u00e9tron-volts (GeV). <\/p>\n<p>&#8220;Como se trata de um anel de colis\u00e3o, a energia no centro de massa \u00e9 de 400 GeV: uma quantidade de energia suficientemente grande para derreter a mat\u00e9ria nuclear e provocar uma transi\u00e7\u00e3o de fase. Com isso, conseguimos passar da mat\u00e9ria hadr\u00f4nica para a mat\u00e9ria conhecida como quark-gl\u00faon plasma&#8221;, explicou. <\/p>\n<p>Esse novo estado da mat\u00e9ria nuclear originado da transi\u00e7\u00e3o de fase, de acordo com Toledo, tamb\u00e9m foi observado pela primeira vez de forma conclusiva no HRIC. \u00c9 esse estado que possibilitou a forma\u00e7\u00e3o da coalesc\u00eancia, produzindo os anti-hipern\u00facleos. <\/p>\n<p>&#8220;Para se ter uma ideia da efici\u00eancia do processo, basta dizer que, em 100 milh\u00f5es de colis\u00f5es, 70 foram observadas. Para reconhecer essas 70 colis\u00f5es, foi preciso fazer um trabalho de identifica\u00e7\u00e3o dessas part\u00edculas e de seus descendentes em um meio superpovoado com todas as part\u00edculas criadas pela colis\u00e3o. Algo como encontrar uma agulha em um palheiro. O filtro necess\u00e1rio para detectar essas part\u00edculas teve que ser desenhado com extrema precis\u00e3o&#8221;, disse.<\/p>\n<p>&nbsp;<br \/>\n<em>&#8220;Se estendermos a tabela, podemos encontrar tamb\u00e9m o n\u00famero de antipr\u00f3tons e de antin\u00eautrons no mesmo plano. Com isso, poder\u00edamos criar um terceiro eixo na tabela, que nunca foi observado e \u00e9 perpendicular aos outros dois: o eixo da estranheza.&#8221; [Imagem: Star]<br \/>\n<\/em><br \/>\n<strong>Tabela Peri\u00f3dica de antimat\u00e9ria<\/strong><\/p>\n<p>A partir desses resultados, segundo Toledo, um dos caminhos poss\u00edveis consiste em prosseguir com os experimentos at\u00e9 a constru\u00e7\u00e3o de uma nova tabela peri\u00f3dica. A pr\u00f3xima meta planejada, de acordo com ele, \u00e9 a cria\u00e7\u00e3o de um anti-h\u00e9lio: uma part\u00edcula alfa de antimat\u00e9ria. <\/p>\n<p>&#8220;Quanto mais complexo \u00e9 o antin\u00facleo, menor a probabilidade de coalesc\u00eancia. O anti-tr\u00edtio \u00e9 composto de tr\u00eas part\u00edculas. Mas se quisermos um anti-h\u00e9lio, vamos precisar de quatro part\u00edculas na mesma regi\u00e3o do espa\u00e7o: dois antipr\u00f3tons e dois antin\u00eautrons. N\u00e3o ser\u00e1 f\u00e1cil, mas a Coopera\u00e7\u00e3o Star ir\u00e1 enveredar por essa dire\u00e7\u00e3o&#8221;, afirmou. <\/p>\n<p><strong>Eixo da estranheza<\/strong> <\/p>\n<p>Outro caminho para as investiga\u00e7\u00f5es, segundo Toledo, consiste em colocar \u00e0 prova as leis fundamentais da f\u00edsica de part\u00edculas. &#8220;Por exemplo, sabemos que a tabela peri\u00f3dica at\u00e9 recentemente possu\u00eda dois eixos: o n\u00famero de pr\u00f3tons e o n\u00famero de n\u00eautrons. Se estendermos a tabela, podemos encontrar tamb\u00e9m o n\u00famero de antipr\u00f3tons e de antin\u00eautrons no mesmo plano. Com isso, poder\u00edamos criar um terceiro eixo na tabela, que nunca foi observado e \u00e9 perpendicular aos outros dois: o eixo da estranheza.&#8221; <\/p>\n<p><b>Autor: Ag\u00eancia Fapesp<\/b><\/p>\n","protected":false},"excerpt":{"rendered":"<p>Um grupo internacional de cientistas, com participa\u00e7\u00e3o brasileira, conseguiu a primeira evid\u00eancia experimental de que n\u00facleos at\u00f4micos compostos de antimat\u00e9ria podem ser produzidos pela colis\u00e3o de \u00edons de ouro em alta energia. A capacidade para formar em abund\u00e2ncia essas part\u00edculas ex\u00f3ticas, segundo os autores, poder\u00e1 ser fundamental para por a prova aspectos fundamentais da f\u00edsica [&hellip;]<\/p>\n","protected":false},"author":1,"featured_media":17651,"comment_status":"open","ping_status":"open","sticky":false,"template":"","format":"standard","meta":{"footnotes":""},"categories":[6,35],"tags":[],"class_list":{"0":"post-17650","1":"post","2":"type-post","3":"status-publish","4":"format-standard","5":"has-post-thumbnail","7":"category-noticias","8":"category-pesquisa-e-desenvolvimento"},"yoast_head":"<!-- This site is optimized with the Yoast SEO plugin v27.2 - https:\/\/yoast.com\/product\/yoast-seo-wordpress\/ -->\n<title>Descoberta antimat\u00e9ria que ir\u00e1 originar nova tabela peri\u00f3dica - Instituto de Engenharia<\/title>\n<meta name=\"robots\" content=\"index, follow, max-snippet:-1, max-image-preview:large, max-video-preview:-1\" \/>\n<link rel=\"canonical\" href=\"https:\/\/www.institutodeengenharia.org.br\/site\/2010\/03\/05\/descoberta-antimateria-que-ira-originar-nova-tabela-periodica\/\" \/>\n<meta property=\"og:locale\" content=\"pt_BR\" \/>\n<meta property=\"og:type\" content=\"article\" \/>\n<meta property=\"og:title\" content=\"Descoberta antimat\u00e9ria que ir\u00e1 originar nova tabela peri\u00f3dica - Instituto de Engenharia\" \/>\n<meta property=\"og:description\" content=\"Um grupo internacional de cientistas, com participa\u00e7\u00e3o brasileira, conseguiu a primeira evid\u00eancia experimental de que n\u00facleos at\u00f4micos compostos de antimat\u00e9ria podem ser produzidos pela colis\u00e3o de \u00edons de ouro em alta energia. A capacidade para formar em abund\u00e2ncia essas part\u00edculas ex\u00f3ticas, segundo os autores, poder\u00e1 ser fundamental para por a prova aspectos fundamentais da f\u00edsica [&hellip;]\" \/>\n<meta property=\"og:url\" content=\"https:\/\/www.institutodeengenharia.org.br\/site\/2010\/03\/05\/descoberta-antimateria-que-ira-originar-nova-tabela-periodica\/\" \/>\n<meta property=\"og:site_name\" content=\"Instituto de Engenharia\" \/>\n<meta property=\"article:publisher\" content=\"https:\/\/www.facebook.com\/institutodeengenharia\" \/>\n<meta property=\"article:published_time\" content=\"2010-03-05T22:37:12+00:00\" \/>\n<meta property=\"og:image\" content=\"https:\/\/www.institutodeengenharia.org.br\/site\/wp-content\/uploads\/2017\/10\/tabela.jpg\" \/>\n\t<meta property=\"og:image:width\" content=\"550\" \/>\n\t<meta property=\"og:image:height\" content=\"308\" \/>\n\t<meta property=\"og:image:type\" content=\"image\/jpeg\" \/>\n<meta name=\"author\" content=\"TMax Tecnologia\" \/>\n<meta name=\"twitter:card\" content=\"summary_large_image\" \/>\n<meta name=\"twitter:creator\" content=\"@iengenharia\" \/>\n<meta name=\"twitter:site\" content=\"@iengenharia\" \/>\n<meta name=\"twitter:label1\" content=\"Escrito por\" \/>\n\t<meta name=\"twitter:data1\" content=\"TMax Tecnologia\" \/>\n\t<meta name=\"twitter:label2\" content=\"Est. tempo de leitura\" \/>\n\t<meta name=\"twitter:data2\" content=\"5 minutos\" \/>\n<script type=\"application\/ld+json\" class=\"yoast-schema-graph\">{\"@context\":\"https:\/\/schema.org\",\"@graph\":[{\"@type\":\"Article\",\"@id\":\"https:\/\/www.institutodeengenharia.org.br\/site\/2010\/03\/05\/descoberta-antimateria-que-ira-originar-nova-tabela-periodica\/#article\",\"isPartOf\":{\"@id\":\"https:\/\/www.institutodeengenharia.org.br\/site\/2010\/03\/05\/descoberta-antimateria-que-ira-originar-nova-tabela-periodica\/\"},\"author\":{\"name\":\"TMax Tecnologia\",\"@id\":\"https:\/\/www.institutodeengenharia.org.br\/site\/#\/schema\/person\/3b1ff109facef084739fc2edcb9a127f\"},\"headline\":\"Descoberta antimat\u00e9ria que ir\u00e1 originar nova tabela peri\u00f3dica\",\"datePublished\":\"2010-03-05T22:37:12+00:00\",\"mainEntityOfPage\":{\"@id\":\"https:\/\/www.institutodeengenharia.org.br\/site\/2010\/03\/05\/descoberta-antimateria-que-ira-originar-nova-tabela-periodica\/\"},\"wordCount\":924,\"commentCount\":0,\"publisher\":{\"@id\":\"https:\/\/www.institutodeengenharia.org.br\/site\/#organization\"},\"image\":{\"@id\":\"https:\/\/www.institutodeengenharia.org.br\/site\/2010\/03\/05\/descoberta-antimateria-que-ira-originar-nova-tabela-periodica\/#primaryimage\"},\"thumbnailUrl\":\"https:\/\/www.institutodeengenharia.org.br\/site\/wp-content\/uploads\/2017\/10\/tabela.jpg\",\"articleSection\":[\"Not\u00edcias\",\"Pesquisa e Desenvolvimento\"],\"inLanguage\":\"pt-BR\",\"potentialAction\":[{\"@type\":\"CommentAction\",\"name\":\"Comment\",\"target\":[\"https:\/\/www.institutodeengenharia.org.br\/site\/2010\/03\/05\/descoberta-antimateria-que-ira-originar-nova-tabela-periodica\/#respond\"]}]},{\"@type\":\"WebPage\",\"@id\":\"https:\/\/www.institutodeengenharia.org.br\/site\/2010\/03\/05\/descoberta-antimateria-que-ira-originar-nova-tabela-periodica\/\",\"url\":\"https:\/\/www.institutodeengenharia.org.br\/site\/2010\/03\/05\/descoberta-antimateria-que-ira-originar-nova-tabela-periodica\/\",\"name\":\"Descoberta antimat\u00e9ria que ir\u00e1 originar nova tabela peri\u00f3dica - Instituto de Engenharia\",\"isPartOf\":{\"@id\":\"https:\/\/www.institutodeengenharia.org.br\/site\/#website\"},\"primaryImageOfPage\":{\"@id\":\"https:\/\/www.institutodeengenharia.org.br\/site\/2010\/03\/05\/descoberta-antimateria-que-ira-originar-nova-tabela-periodica\/#primaryimage\"},\"image\":{\"@id\":\"https:\/\/www.institutodeengenharia.org.br\/site\/2010\/03\/05\/descoberta-antimateria-que-ira-originar-nova-tabela-periodica\/#primaryimage\"},\"thumbnailUrl\":\"https:\/\/www.institutodeengenharia.org.br\/site\/wp-content\/uploads\/2017\/10\/tabela.jpg\",\"datePublished\":\"2010-03-05T22:37:12+00:00\",\"breadcrumb\":{\"@id\":\"https:\/\/www.institutodeengenharia.org.br\/site\/2010\/03\/05\/descoberta-antimateria-que-ira-originar-nova-tabela-periodica\/#breadcrumb\"},\"inLanguage\":\"pt-BR\",\"potentialAction\":[{\"@type\":\"ReadAction\",\"target\":[\"https:\/\/www.institutodeengenharia.org.br\/site\/2010\/03\/05\/descoberta-antimateria-que-ira-originar-nova-tabela-periodica\/\"]}]},{\"@type\":\"ImageObject\",\"inLanguage\":\"pt-BR\",\"@id\":\"https:\/\/www.institutodeengenharia.org.br\/site\/2010\/03\/05\/descoberta-antimateria-que-ira-originar-nova-tabela-periodica\/#primaryimage\",\"url\":\"https:\/\/www.institutodeengenharia.org.br\/site\/wp-content\/uploads\/2017\/10\/tabela.jpg\",\"contentUrl\":\"https:\/\/www.institutodeengenharia.org.br\/site\/wp-content\/uploads\/2017\/10\/tabela.jpg\",\"width\":550,\"height\":308},{\"@type\":\"BreadcrumbList\",\"@id\":\"https:\/\/www.institutodeengenharia.org.br\/site\/2010\/03\/05\/descoberta-antimateria-que-ira-originar-nova-tabela-periodica\/#breadcrumb\",\"itemListElement\":[{\"@type\":\"ListItem\",\"position\":1,\"name\":\"In\u00edcio\",\"item\":\"https:\/\/www.institutodeengenharia.org.br\/site\/\"},{\"@type\":\"ListItem\",\"position\":2,\"name\":\"Descoberta antimat\u00e9ria que ir\u00e1 originar nova tabela peri\u00f3dica\"}]},{\"@type\":\"WebSite\",\"@id\":\"https:\/\/www.institutodeengenharia.org.br\/site\/#website\",\"url\":\"https:\/\/www.institutodeengenharia.org.br\/site\/\",\"name\":\"Instituto de Engenharia\",\"description\":\"O Instituto de Engenharia promove a Engenharia em benef\u00edcio do desenvolvimento e da qualidade de vida da sociedade.\",\"publisher\":{\"@id\":\"https:\/\/www.institutodeengenharia.org.br\/site\/#organization\"},\"potentialAction\":[{\"@type\":\"SearchAction\",\"target\":{\"@type\":\"EntryPoint\",\"urlTemplate\":\"https:\/\/www.institutodeengenharia.org.br\/site\/?s={search_term_string}\"},\"query-input\":{\"@type\":\"PropertyValueSpecification\",\"valueRequired\":true,\"valueName\":\"search_term_string\"}}],\"inLanguage\":\"pt-BR\"},{\"@type\":\"Organization\",\"@id\":\"https:\/\/www.institutodeengenharia.org.br\/site\/#organization\",\"name\":\"Instituto de Engenharia\",\"url\":\"https:\/\/www.institutodeengenharia.org.br\/site\/\",\"logo\":{\"@type\":\"ImageObject\",\"inLanguage\":\"pt-BR\",\"@id\":\"https:\/\/www.institutodeengenharia.org.br\/site\/#\/schema\/logo\/image\/\",\"url\":\"https:\/\/www.institutodeengenharia.org.br\/site\/wp-content\/uploads\/2019\/03\/logo-novo-IE2018-1.jpg\",\"contentUrl\":\"https:\/\/www.institutodeengenharia.org.br\/site\/wp-content\/uploads\/2019\/03\/logo-novo-IE2018-1.jpg\",\"width\":1486,\"height\":1879,\"caption\":\"Instituto de Engenharia\"},\"image\":{\"@id\":\"https:\/\/www.institutodeengenharia.org.br\/site\/#\/schema\/logo\/image\/\"},\"sameAs\":[\"https:\/\/www.facebook.com\/institutodeengenharia\",\"https:\/\/x.com\/iengenharia\",\"https:\/\/www.instagram.com\/institutodeengenharia\/\",\"https:\/\/www.linkedin.com\/company\/instituto-de-engenharia\/\",\"https:\/\/www.youtube.com\/channel\/UCXiCAlsSMe977vamW915HxA\"]},{\"@type\":\"Person\",\"@id\":\"https:\/\/www.institutodeengenharia.org.br\/site\/#\/schema\/person\/3b1ff109facef084739fc2edcb9a127f\",\"name\":\"TMax Tecnologia\",\"image\":{\"@type\":\"ImageObject\",\"inLanguage\":\"pt-BR\",\"@id\":\"https:\/\/secure.gravatar.com\/avatar\/f912434ef7f389c92cb311fcdae346af848465d638912574b3c669070f797701?s=96&d=mm&r=g\",\"url\":\"https:\/\/secure.gravatar.com\/avatar\/f912434ef7f389c92cb311fcdae346af848465d638912574b3c669070f797701?s=96&d=mm&r=g\",\"contentUrl\":\"https:\/\/secure.gravatar.com\/avatar\/f912434ef7f389c92cb311fcdae346af848465d638912574b3c669070f797701?s=96&d=mm&r=g\",\"caption\":\"TMax Tecnologia\"},\"url\":\"https:\/\/www.institutodeengenharia.org.br\/site\/author\/tmax\/\"}]}<\/script>\n<!-- \/ Yoast SEO plugin. -->","yoast_head_json":{"title":"Descoberta antimat\u00e9ria que ir\u00e1 originar nova tabela peri\u00f3dica - Instituto de Engenharia","robots":{"index":"index","follow":"follow","max-snippet":"max-snippet:-1","max-image-preview":"max-image-preview:large","max-video-preview":"max-video-preview:-1"},"canonical":"https:\/\/www.institutodeengenharia.org.br\/site\/2010\/03\/05\/descoberta-antimateria-que-ira-originar-nova-tabela-periodica\/","og_locale":"pt_BR","og_type":"article","og_title":"Descoberta antimat\u00e9ria que ir\u00e1 originar nova tabela peri\u00f3dica - Instituto de Engenharia","og_description":"Um grupo internacional de cientistas, com participa\u00e7\u00e3o brasileira, conseguiu a primeira evid\u00eancia experimental de que n\u00facleos at\u00f4micos compostos de antimat\u00e9ria podem ser produzidos pela colis\u00e3o de \u00edons de ouro em alta energia. A capacidade para formar em abund\u00e2ncia essas part\u00edculas ex\u00f3ticas, segundo os autores, poder\u00e1 ser fundamental para por a prova aspectos fundamentais da f\u00edsica [&hellip;]","og_url":"https:\/\/www.institutodeengenharia.org.br\/site\/2010\/03\/05\/descoberta-antimateria-que-ira-originar-nova-tabela-periodica\/","og_site_name":"Instituto de Engenharia","article_publisher":"https:\/\/www.facebook.com\/institutodeengenharia","article_published_time":"2010-03-05T22:37:12+00:00","og_image":[{"width":550,"height":308,"url":"https:\/\/www.institutodeengenharia.org.br\/site\/wp-content\/uploads\/2017\/10\/tabela.jpg","type":"image\/jpeg"}],"author":"TMax Tecnologia","twitter_card":"summary_large_image","twitter_creator":"@iengenharia","twitter_site":"@iengenharia","twitter_misc":{"Escrito por":"TMax Tecnologia","Est. tempo de leitura":"5 minutos"},"schema":{"@context":"https:\/\/schema.org","@graph":[{"@type":"Article","@id":"https:\/\/www.institutodeengenharia.org.br\/site\/2010\/03\/05\/descoberta-antimateria-que-ira-originar-nova-tabela-periodica\/#article","isPartOf":{"@id":"https:\/\/www.institutodeengenharia.org.br\/site\/2010\/03\/05\/descoberta-antimateria-que-ira-originar-nova-tabela-periodica\/"},"author":{"name":"TMax Tecnologia","@id":"https:\/\/www.institutodeengenharia.org.br\/site\/#\/schema\/person\/3b1ff109facef084739fc2edcb9a127f"},"headline":"Descoberta antimat\u00e9ria que ir\u00e1 originar nova tabela peri\u00f3dica","datePublished":"2010-03-05T22:37:12+00:00","mainEntityOfPage":{"@id":"https:\/\/www.institutodeengenharia.org.br\/site\/2010\/03\/05\/descoberta-antimateria-que-ira-originar-nova-tabela-periodica\/"},"wordCount":924,"commentCount":0,"publisher":{"@id":"https:\/\/www.institutodeengenharia.org.br\/site\/#organization"},"image":{"@id":"https:\/\/www.institutodeengenharia.org.br\/site\/2010\/03\/05\/descoberta-antimateria-que-ira-originar-nova-tabela-periodica\/#primaryimage"},"thumbnailUrl":"https:\/\/www.institutodeengenharia.org.br\/site\/wp-content\/uploads\/2017\/10\/tabela.jpg","articleSection":["Not\u00edcias","Pesquisa e Desenvolvimento"],"inLanguage":"pt-BR","potentialAction":[{"@type":"CommentAction","name":"Comment","target":["https:\/\/www.institutodeengenharia.org.br\/site\/2010\/03\/05\/descoberta-antimateria-que-ira-originar-nova-tabela-periodica\/#respond"]}]},{"@type":"WebPage","@id":"https:\/\/www.institutodeengenharia.org.br\/site\/2010\/03\/05\/descoberta-antimateria-que-ira-originar-nova-tabela-periodica\/","url":"https:\/\/www.institutodeengenharia.org.br\/site\/2010\/03\/05\/descoberta-antimateria-que-ira-originar-nova-tabela-periodica\/","name":"Descoberta antimat\u00e9ria que ir\u00e1 originar nova tabela peri\u00f3dica - Instituto de Engenharia","isPartOf":{"@id":"https:\/\/www.institutodeengenharia.org.br\/site\/#website"},"primaryImageOfPage":{"@id":"https:\/\/www.institutodeengenharia.org.br\/site\/2010\/03\/05\/descoberta-antimateria-que-ira-originar-nova-tabela-periodica\/#primaryimage"},"image":{"@id":"https:\/\/www.institutodeengenharia.org.br\/site\/2010\/03\/05\/descoberta-antimateria-que-ira-originar-nova-tabela-periodica\/#primaryimage"},"thumbnailUrl":"https:\/\/www.institutodeengenharia.org.br\/site\/wp-content\/uploads\/2017\/10\/tabela.jpg","datePublished":"2010-03-05T22:37:12+00:00","breadcrumb":{"@id":"https:\/\/www.institutodeengenharia.org.br\/site\/2010\/03\/05\/descoberta-antimateria-que-ira-originar-nova-tabela-periodica\/#breadcrumb"},"inLanguage":"pt-BR","potentialAction":[{"@type":"ReadAction","target":["https:\/\/www.institutodeengenharia.org.br\/site\/2010\/03\/05\/descoberta-antimateria-que-ira-originar-nova-tabela-periodica\/"]}]},{"@type":"ImageObject","inLanguage":"pt-BR","@id":"https:\/\/www.institutodeengenharia.org.br\/site\/2010\/03\/05\/descoberta-antimateria-que-ira-originar-nova-tabela-periodica\/#primaryimage","url":"https:\/\/www.institutodeengenharia.org.br\/site\/wp-content\/uploads\/2017\/10\/tabela.jpg","contentUrl":"https:\/\/www.institutodeengenharia.org.br\/site\/wp-content\/uploads\/2017\/10\/tabela.jpg","width":550,"height":308},{"@type":"BreadcrumbList","@id":"https:\/\/www.institutodeengenharia.org.br\/site\/2010\/03\/05\/descoberta-antimateria-que-ira-originar-nova-tabela-periodica\/#breadcrumb","itemListElement":[{"@type":"ListItem","position":1,"name":"In\u00edcio","item":"https:\/\/www.institutodeengenharia.org.br\/site\/"},{"@type":"ListItem","position":2,"name":"Descoberta antimat\u00e9ria que ir\u00e1 originar nova tabela peri\u00f3dica"}]},{"@type":"WebSite","@id":"https:\/\/www.institutodeengenharia.org.br\/site\/#website","url":"https:\/\/www.institutodeengenharia.org.br\/site\/","name":"Instituto de Engenharia","description":"O Instituto de Engenharia promove a Engenharia em benef\u00edcio do desenvolvimento e da qualidade de vida da sociedade.","publisher":{"@id":"https:\/\/www.institutodeengenharia.org.br\/site\/#organization"},"potentialAction":[{"@type":"SearchAction","target":{"@type":"EntryPoint","urlTemplate":"https:\/\/www.institutodeengenharia.org.br\/site\/?s={search_term_string}"},"query-input":{"@type":"PropertyValueSpecification","valueRequired":true,"valueName":"search_term_string"}}],"inLanguage":"pt-BR"},{"@type":"Organization","@id":"https:\/\/www.institutodeengenharia.org.br\/site\/#organization","name":"Instituto de Engenharia","url":"https:\/\/www.institutodeengenharia.org.br\/site\/","logo":{"@type":"ImageObject","inLanguage":"pt-BR","@id":"https:\/\/www.institutodeengenharia.org.br\/site\/#\/schema\/logo\/image\/","url":"https:\/\/www.institutodeengenharia.org.br\/site\/wp-content\/uploads\/2019\/03\/logo-novo-IE2018-1.jpg","contentUrl":"https:\/\/www.institutodeengenharia.org.br\/site\/wp-content\/uploads\/2019\/03\/logo-novo-IE2018-1.jpg","width":1486,"height":1879,"caption":"Instituto de Engenharia"},"image":{"@id":"https:\/\/www.institutodeengenharia.org.br\/site\/#\/schema\/logo\/image\/"},"sameAs":["https:\/\/www.facebook.com\/institutodeengenharia","https:\/\/x.com\/iengenharia","https:\/\/www.instagram.com\/institutodeengenharia\/","https:\/\/www.linkedin.com\/company\/instituto-de-engenharia\/","https:\/\/www.youtube.com\/channel\/UCXiCAlsSMe977vamW915HxA"]},{"@type":"Person","@id":"https:\/\/www.institutodeengenharia.org.br\/site\/#\/schema\/person\/3b1ff109facef084739fc2edcb9a127f","name":"TMax Tecnologia","image":{"@type":"ImageObject","inLanguage":"pt-BR","@id":"https:\/\/secure.gravatar.com\/avatar\/f912434ef7f389c92cb311fcdae346af848465d638912574b3c669070f797701?s=96&d=mm&r=g","url":"https:\/\/secure.gravatar.com\/avatar\/f912434ef7f389c92cb311fcdae346af848465d638912574b3c669070f797701?s=96&d=mm&r=g","contentUrl":"https:\/\/secure.gravatar.com\/avatar\/f912434ef7f389c92cb311fcdae346af848465d638912574b3c669070f797701?s=96&d=mm&r=g","caption":"TMax Tecnologia"},"url":"https:\/\/www.institutodeengenharia.org.br\/site\/author\/tmax\/"}]}},"_links":{"self":[{"href":"https:\/\/www.institutodeengenharia.org.br\/site\/wp-json\/wp\/v2\/posts\/17650","targetHints":{"allow":["GET"]}}],"collection":[{"href":"https:\/\/www.institutodeengenharia.org.br\/site\/wp-json\/wp\/v2\/posts"}],"about":[{"href":"https:\/\/www.institutodeengenharia.org.br\/site\/wp-json\/wp\/v2\/types\/post"}],"author":[{"embeddable":true,"href":"https:\/\/www.institutodeengenharia.org.br\/site\/wp-json\/wp\/v2\/users\/1"}],"replies":[{"embeddable":true,"href":"https:\/\/www.institutodeengenharia.org.br\/site\/wp-json\/wp\/v2\/comments?post=17650"}],"version-history":[{"count":0,"href":"https:\/\/www.institutodeengenharia.org.br\/site\/wp-json\/wp\/v2\/posts\/17650\/revisions"}],"wp:featuredmedia":[{"embeddable":true,"href":"https:\/\/www.institutodeengenharia.org.br\/site\/wp-json\/wp\/v2\/media\/17651"}],"wp:attachment":[{"href":"https:\/\/www.institutodeengenharia.org.br\/site\/wp-json\/wp\/v2\/media?parent=17650"}],"wp:term":[{"taxonomy":"category","embeddable":true,"href":"https:\/\/www.institutodeengenharia.org.br\/site\/wp-json\/wp\/v2\/categories?post=17650"},{"taxonomy":"post_tag","embeddable":true,"href":"https:\/\/www.institutodeengenharia.org.br\/site\/wp-json\/wp\/v2\/tags?post=17650"}],"curies":[{"name":"wp","href":"https:\/\/api.w.org\/{rel}","templated":true}]}}