{"id":17642,"date":"2010-03-04T22:37:04","date_gmt":"2010-03-04T22:37:04","guid":{"rendered":"https:\/\/www.institutodeengenharia.org.br\/?p=17642"},"modified":"2010-03-04T14:17:44","modified_gmt":"2010-03-04T14:17:44","slug":"sao-paulo-reduz-area-desmatada","status":"publish","type":"post","link":"https:\/\/www.institutodeengenharia.org.br\/site\/2010\/03\/04\/sao-paulo-reduz-area-desmatada\/","title":{"rendered":"S\u00e3o Paulo reduz \u00e1rea desmatada"},"content":{"rendered":"<p>Em 2009, o Estado de S\u00e3o Paulo perdeu 3.205,7 hectares de sua cobertura vegetal, \u00e1rea 30% menor que a desmatada em 2008, segundo balan\u00e7o do projeto ambiental estrat\u00e9gico Desmatamento Zero, divulgado pela Secretaria do Meio Ambiente (SMA). <\/p>\n<p>Segundo a SMA, a \u00e1rea de vegeta\u00e7\u00e3o em recupera\u00e7\u00e3o em todo o Estado j\u00e1 \u00e9 110 vezes maior que a do desmatamento. Somente a mata ciliar paulista teve uma recupera\u00e7\u00e3o de 127,6 mil hectares. <\/p>\n<p>A \u00e1rea de vegeta\u00e7\u00e3o autorizada para corte em 2009 foi de 1.813 hectares, uma redu\u00e7\u00e3o de 31% em compara\u00e7\u00e3o com 2008, no qual foram autorizados 2.636 hectares. <\/p>\n<p>\u201cN\u00e3o \u00e9 que n\u00e3o exista mais supress\u00e3o de vegeta\u00e7\u00e3o, mas estamos recuperando muito mais. Isso est\u00e1 comprovado no Invent\u00e1rio Florestal do Estado com imagens de sat\u00e9lite, que ser\u00e1 divulgado at\u00e9 o fim do m\u00eas\u201d, disse o secret\u00e1rio Xico Graziano, que apresentar\u00e1 o balan\u00e7o para o Conselho Estadual do Meio Ambiente (Consema) nas pr\u00f3ximas semanas. <\/p>\n<p>A maioria das autoriza\u00e7\u00f5es de supress\u00e3o de vegeta\u00e7\u00e3o em 2009 foi para atividades agropecu\u00e1rias e obras lineares, 27% e 30%, respectivamente. <\/p>\n<p>O balan\u00e7o tamb\u00e9m esclarece como \u00e9 calculado o valor total de \u00e1rea considerada desmatada pela SMA. Calcula-se como \u00e1rea efetivamente desmatada a somat\u00f3ria da \u00e1rea de mata e cerrado denso autorizada e a \u00e1rea autuada pela Pol\u00edcia Militar Ambiental. <\/p>\n<p>Os dados do projeto Desmatamento Zero da SMA est\u00e3o dispon\u00edveis em: <a target=\"_blank\" href=\"http:\/\/www.ambiente.sp.gov.br\/arquivos\/Desmatamento_Zero_02_03_10_final.pdf\">www.ambiente.sp.gov.br<\/a><\/p>\n<p><b>Autor: Ag\u00eancia Fapesp<\/b><\/p>\n","protected":false},"excerpt":{"rendered":"<p>Em 2009, o Estado de S\u00e3o Paulo perdeu 3.205,7 hectares de sua cobertura vegetal, \u00e1rea 30% menor que a desmatada em 2008, segundo balan\u00e7o do projeto ambiental estrat\u00e9gico Desmatamento Zero, divulgado pela Secretaria do Meio Ambiente (SMA). Segundo a SMA, a \u00e1rea de vegeta\u00e7\u00e3o em recupera\u00e7\u00e3o em todo o Estado j\u00e1 \u00e9 110 vezes maior [&hellip;]<\/p>\n","protected":false},"author":1,"featured_media":0,"comment_status":"open","ping_status":"open","sticky":false,"template":"","format":"standard","meta":{"footnotes":""},"categories":[31,6],"tags":[],"class_list":{"0":"post-17642","1":"post","2":"type-post","3":"status-publish","4":"format-standard","6":"category-meio-ambiente","7":"category-noticias"},"yoast_head":"<!-- This site is optimized with the Yoast SEO plugin v27.2 - https:\/\/yoast.com\/product\/yoast-seo-wordpress\/ -->\n<title>S\u00e3o Paulo reduz \u00e1rea desmatada - Instituto de Engenharia<\/title>\n<meta name=\"robots\" content=\"index, follow, max-snippet:-1, max-image-preview:large, max-video-preview:-1\" \/>\n<link rel=\"canonical\" href=\"https:\/\/www.institutodeengenharia.org.br\/site\/2010\/03\/04\/sao-paulo-reduz-area-desmatada\/\" \/>\n<meta property=\"og:locale\" content=\"pt_BR\" \/>\n<meta property=\"og:type\" content=\"article\" \/>\n<meta property=\"og:title\" content=\"S\u00e3o Paulo reduz \u00e1rea desmatada - Instituto de Engenharia\" \/>\n<meta property=\"og:description\" content=\"Em 2009, o Estado de S\u00e3o Paulo perdeu 3.205,7 hectares de sua cobertura vegetal, \u00e1rea 30% menor que a desmatada em 2008, segundo balan\u00e7o do projeto ambiental estrat\u00e9gico Desmatamento Zero, divulgado pela Secretaria do Meio Ambiente (SMA). Segundo a SMA, a \u00e1rea de vegeta\u00e7\u00e3o em recupera\u00e7\u00e3o em todo o Estado j\u00e1 \u00e9 110 vezes maior [&hellip;]\" \/>\n<meta property=\"og:url\" content=\"https:\/\/www.institutodeengenharia.org.br\/site\/2010\/03\/04\/sao-paulo-reduz-area-desmatada\/\" \/>\n<meta property=\"og:site_name\" content=\"Instituto de Engenharia\" \/>\n<meta property=\"article:publisher\" content=\"https:\/\/www.facebook.com\/institutodeengenharia\" \/>\n<meta property=\"article:published_time\" content=\"2010-03-04T22:37:04+00:00\" \/>\n<meta name=\"author\" content=\"TMax Tecnologia\" \/>\n<meta name=\"twitter:card\" content=\"summary_large_image\" \/>\n<meta name=\"twitter:creator\" content=\"@iengenharia\" \/>\n<meta name=\"twitter:site\" content=\"@iengenharia\" \/>\n<meta name=\"twitter:label1\" content=\"Escrito por\" \/>\n\t<meta name=\"twitter:data1\" content=\"TMax Tecnologia\" \/>\n\t<meta name=\"twitter:label2\" content=\"Est. tempo de leitura\" \/>\n\t<meta name=\"twitter:data2\" content=\"1 minuto\" \/>\n<script type=\"application\/ld+json\" class=\"yoast-schema-graph\">{\"@context\":\"https:\/\/schema.org\",\"@graph\":[{\"@type\":\"Article\",\"@id\":\"https:\/\/www.institutodeengenharia.org.br\/site\/2010\/03\/04\/sao-paulo-reduz-area-desmatada\/#article\",\"isPartOf\":{\"@id\":\"https:\/\/www.institutodeengenharia.org.br\/site\/2010\/03\/04\/sao-paulo-reduz-area-desmatada\/\"},\"author\":{\"name\":\"TMax Tecnologia\",\"@id\":\"https:\/\/www.institutodeengenharia.org.br\/site\/#\/schema\/person\/3b1ff109facef084739fc2edcb9a127f\"},\"headline\":\"S\u00e3o Paulo reduz \u00e1rea desmatada\",\"datePublished\":\"2010-03-04T22:37:04+00:00\",\"mainEntityOfPage\":{\"@id\":\"https:\/\/www.institutodeengenharia.org.br\/site\/2010\/03\/04\/sao-paulo-reduz-area-desmatada\/\"},\"wordCount\":250,\"commentCount\":0,\"publisher\":{\"@id\":\"https:\/\/www.institutodeengenharia.org.br\/site\/#organization\"},\"articleSection\":[\"Meio Ambiente\",\"Not\u00edcias\"],\"inLanguage\":\"pt-BR\",\"potentialAction\":[{\"@type\":\"CommentAction\",\"name\":\"Comment\",\"target\":[\"https:\/\/www.institutodeengenharia.org.br\/site\/2010\/03\/04\/sao-paulo-reduz-area-desmatada\/#respond\"]}]},{\"@type\":\"WebPage\",\"@id\":\"https:\/\/www.institutodeengenharia.org.br\/site\/2010\/03\/04\/sao-paulo-reduz-area-desmatada\/\",\"url\":\"https:\/\/www.institutodeengenharia.org.br\/site\/2010\/03\/04\/sao-paulo-reduz-area-desmatada\/\",\"name\":\"S\u00e3o Paulo reduz \u00e1rea desmatada - Instituto de Engenharia\",\"isPartOf\":{\"@id\":\"https:\/\/www.institutodeengenharia.org.br\/site\/#website\"},\"datePublished\":\"2010-03-04T22:37:04+00:00\",\"breadcrumb\":{\"@id\":\"https:\/\/www.institutodeengenharia.org.br\/site\/2010\/03\/04\/sao-paulo-reduz-area-desmatada\/#breadcrumb\"},\"inLanguage\":\"pt-BR\",\"potentialAction\":[{\"@type\":\"ReadAction\",\"target\":[\"https:\/\/www.institutodeengenharia.org.br\/site\/2010\/03\/04\/sao-paulo-reduz-area-desmatada\/\"]}]},{\"@type\":\"BreadcrumbList\",\"@id\":\"https:\/\/www.institutodeengenharia.org.br\/site\/2010\/03\/04\/sao-paulo-reduz-area-desmatada\/#breadcrumb\",\"itemListElement\":[{\"@type\":\"ListItem\",\"position\":1,\"name\":\"In\u00edcio\",\"item\":\"https:\/\/www.institutodeengenharia.org.br\/site\/\"},{\"@type\":\"ListItem\",\"position\":2,\"name\":\"S\u00e3o Paulo reduz \u00e1rea desmatada\"}]},{\"@type\":\"WebSite\",\"@id\":\"https:\/\/www.institutodeengenharia.org.br\/site\/#website\",\"url\":\"https:\/\/www.institutodeengenharia.org.br\/site\/\",\"name\":\"Instituto de Engenharia\",\"description\":\"O Instituto de Engenharia promove a Engenharia em benef\u00edcio do desenvolvimento e da qualidade de vida da sociedade.\",\"publisher\":{\"@id\":\"https:\/\/www.institutodeengenharia.org.br\/site\/#organization\"},\"potentialAction\":[{\"@type\":\"SearchAction\",\"target\":{\"@type\":\"EntryPoint\",\"urlTemplate\":\"https:\/\/www.institutodeengenharia.org.br\/site\/?s={search_term_string}\"},\"query-input\":{\"@type\":\"PropertyValueSpecification\",\"valueRequired\":true,\"valueName\":\"search_term_string\"}}],\"inLanguage\":\"pt-BR\"},{\"@type\":\"Organization\",\"@id\":\"https:\/\/www.institutodeengenharia.org.br\/site\/#organization\",\"name\":\"Instituto de Engenharia\",\"url\":\"https:\/\/www.institutodeengenharia.org.br\/site\/\",\"logo\":{\"@type\":\"ImageObject\",\"inLanguage\":\"pt-BR\",\"@id\":\"https:\/\/www.institutodeengenharia.org.br\/site\/#\/schema\/logo\/image\/\",\"url\":\"https:\/\/www.institutodeengenharia.org.br\/site\/wp-content\/uploads\/2019\/03\/logo-novo-IE2018-1.jpg\",\"contentUrl\":\"https:\/\/www.institutodeengenharia.org.br\/site\/wp-content\/uploads\/2019\/03\/logo-novo-IE2018-1.jpg\",\"width\":1486,\"height\":1879,\"caption\":\"Instituto de Engenharia\"},\"image\":{\"@id\":\"https:\/\/www.institutodeengenharia.org.br\/site\/#\/schema\/logo\/image\/\"},\"sameAs\":[\"https:\/\/www.facebook.com\/institutodeengenharia\",\"https:\/\/x.com\/iengenharia\",\"https:\/\/www.instagram.com\/institutodeengenharia\/\",\"https:\/\/www.linkedin.com\/company\/instituto-de-engenharia\/\",\"https:\/\/www.youtube.com\/channel\/UCXiCAlsSMe977vamW915HxA\"]},{\"@type\":\"Person\",\"@id\":\"https:\/\/www.institutodeengenharia.org.br\/site\/#\/schema\/person\/3b1ff109facef084739fc2edcb9a127f\",\"name\":\"TMax Tecnologia\",\"image\":{\"@type\":\"ImageObject\",\"inLanguage\":\"pt-BR\",\"@id\":\"https:\/\/secure.gravatar.com\/avatar\/f912434ef7f389c92cb311fcdae346af848465d638912574b3c669070f797701?s=96&d=mm&r=g\",\"url\":\"https:\/\/secure.gravatar.com\/avatar\/f912434ef7f389c92cb311fcdae346af848465d638912574b3c669070f797701?s=96&d=mm&r=g\",\"contentUrl\":\"https:\/\/secure.gravatar.com\/avatar\/f912434ef7f389c92cb311fcdae346af848465d638912574b3c669070f797701?s=96&d=mm&r=g\",\"caption\":\"TMax Tecnologia\"},\"url\":\"https:\/\/www.institutodeengenharia.org.br\/site\/author\/tmax\/\"}]}<\/script>\n<!-- \/ Yoast SEO plugin. -->","yoast_head_json":{"title":"S\u00e3o Paulo reduz \u00e1rea desmatada - Instituto de Engenharia","robots":{"index":"index","follow":"follow","max-snippet":"max-snippet:-1","max-image-preview":"max-image-preview:large","max-video-preview":"max-video-preview:-1"},"canonical":"https:\/\/www.institutodeengenharia.org.br\/site\/2010\/03\/04\/sao-paulo-reduz-area-desmatada\/","og_locale":"pt_BR","og_type":"article","og_title":"S\u00e3o Paulo reduz \u00e1rea desmatada - Instituto de Engenharia","og_description":"Em 2009, o Estado de S\u00e3o Paulo perdeu 3.205,7 hectares de sua cobertura vegetal, \u00e1rea 30% menor que a desmatada em 2008, segundo balan\u00e7o do projeto ambiental estrat\u00e9gico Desmatamento Zero, divulgado pela Secretaria do Meio Ambiente (SMA). Segundo a SMA, a \u00e1rea de vegeta\u00e7\u00e3o em recupera\u00e7\u00e3o em todo o Estado j\u00e1 \u00e9 110 vezes maior [&hellip;]","og_url":"https:\/\/www.institutodeengenharia.org.br\/site\/2010\/03\/04\/sao-paulo-reduz-area-desmatada\/","og_site_name":"Instituto de Engenharia","article_publisher":"https:\/\/www.facebook.com\/institutodeengenharia","article_published_time":"2010-03-04T22:37:04+00:00","author":"TMax Tecnologia","twitter_card":"summary_large_image","twitter_creator":"@iengenharia","twitter_site":"@iengenharia","twitter_misc":{"Escrito por":"TMax Tecnologia","Est. tempo de leitura":"1 minuto"},"schema":{"@context":"https:\/\/schema.org","@graph":[{"@type":"Article","@id":"https:\/\/www.institutodeengenharia.org.br\/site\/2010\/03\/04\/sao-paulo-reduz-area-desmatada\/#article","isPartOf":{"@id":"https:\/\/www.institutodeengenharia.org.br\/site\/2010\/03\/04\/sao-paulo-reduz-area-desmatada\/"},"author":{"name":"TMax Tecnologia","@id":"https:\/\/www.institutodeengenharia.org.br\/site\/#\/schema\/person\/3b1ff109facef084739fc2edcb9a127f"},"headline":"S\u00e3o Paulo reduz \u00e1rea desmatada","datePublished":"2010-03-04T22:37:04+00:00","mainEntityOfPage":{"@id":"https:\/\/www.institutodeengenharia.org.br\/site\/2010\/03\/04\/sao-paulo-reduz-area-desmatada\/"},"wordCount":250,"commentCount":0,"publisher":{"@id":"https:\/\/www.institutodeengenharia.org.br\/site\/#organization"},"articleSection":["Meio Ambiente","Not\u00edcias"],"inLanguage":"pt-BR","potentialAction":[{"@type":"CommentAction","name":"Comment","target":["https:\/\/www.institutodeengenharia.org.br\/site\/2010\/03\/04\/sao-paulo-reduz-area-desmatada\/#respond"]}]},{"@type":"WebPage","@id":"https:\/\/www.institutodeengenharia.org.br\/site\/2010\/03\/04\/sao-paulo-reduz-area-desmatada\/","url":"https:\/\/www.institutodeengenharia.org.br\/site\/2010\/03\/04\/sao-paulo-reduz-area-desmatada\/","name":"S\u00e3o Paulo reduz \u00e1rea desmatada - Instituto de Engenharia","isPartOf":{"@id":"https:\/\/www.institutodeengenharia.org.br\/site\/#website"},"datePublished":"2010-03-04T22:37:04+00:00","breadcrumb":{"@id":"https:\/\/www.institutodeengenharia.org.br\/site\/2010\/03\/04\/sao-paulo-reduz-area-desmatada\/#breadcrumb"},"inLanguage":"pt-BR","potentialAction":[{"@type":"ReadAction","target":["https:\/\/www.institutodeengenharia.org.br\/site\/2010\/03\/04\/sao-paulo-reduz-area-desmatada\/"]}]},{"@type":"BreadcrumbList","@id":"https:\/\/www.institutodeengenharia.org.br\/site\/2010\/03\/04\/sao-paulo-reduz-area-desmatada\/#breadcrumb","itemListElement":[{"@type":"ListItem","position":1,"name":"In\u00edcio","item":"https:\/\/www.institutodeengenharia.org.br\/site\/"},{"@type":"ListItem","position":2,"name":"S\u00e3o Paulo reduz \u00e1rea desmatada"}]},{"@type":"WebSite","@id":"https:\/\/www.institutodeengenharia.org.br\/site\/#website","url":"https:\/\/www.institutodeengenharia.org.br\/site\/","name":"Instituto de Engenharia","description":"O Instituto de Engenharia promove a Engenharia em benef\u00edcio do desenvolvimento e da qualidade de vida da sociedade.","publisher":{"@id":"https:\/\/www.institutodeengenharia.org.br\/site\/#organization"},"potentialAction":[{"@type":"SearchAction","target":{"@type":"EntryPoint","urlTemplate":"https:\/\/www.institutodeengenharia.org.br\/site\/?s={search_term_string}"},"query-input":{"@type":"PropertyValueSpecification","valueRequired":true,"valueName":"search_term_string"}}],"inLanguage":"pt-BR"},{"@type":"Organization","@id":"https:\/\/www.institutodeengenharia.org.br\/site\/#organization","name":"Instituto de Engenharia","url":"https:\/\/www.institutodeengenharia.org.br\/site\/","logo":{"@type":"ImageObject","inLanguage":"pt-BR","@id":"https:\/\/www.institutodeengenharia.org.br\/site\/#\/schema\/logo\/image\/","url":"https:\/\/www.institutodeengenharia.org.br\/site\/wp-content\/uploads\/2019\/03\/logo-novo-IE2018-1.jpg","contentUrl":"https:\/\/www.institutodeengenharia.org.br\/site\/wp-content\/uploads\/2019\/03\/logo-novo-IE2018-1.jpg","width":1486,"height":1879,"caption":"Instituto de Engenharia"},"image":{"@id":"https:\/\/www.institutodeengenharia.org.br\/site\/#\/schema\/logo\/image\/"},"sameAs":["https:\/\/www.facebook.com\/institutodeengenharia","https:\/\/x.com\/iengenharia","https:\/\/www.instagram.com\/institutodeengenharia\/","https:\/\/www.linkedin.com\/company\/instituto-de-engenharia\/","https:\/\/www.youtube.com\/channel\/UCXiCAlsSMe977vamW915HxA"]},{"@type":"Person","@id":"https:\/\/www.institutodeengenharia.org.br\/site\/#\/schema\/person\/3b1ff109facef084739fc2edcb9a127f","name":"TMax Tecnologia","image":{"@type":"ImageObject","inLanguage":"pt-BR","@id":"https:\/\/secure.gravatar.com\/avatar\/f912434ef7f389c92cb311fcdae346af848465d638912574b3c669070f797701?s=96&d=mm&r=g","url":"https:\/\/secure.gravatar.com\/avatar\/f912434ef7f389c92cb311fcdae346af848465d638912574b3c669070f797701?s=96&d=mm&r=g","contentUrl":"https:\/\/secure.gravatar.com\/avatar\/f912434ef7f389c92cb311fcdae346af848465d638912574b3c669070f797701?s=96&d=mm&r=g","caption":"TMax Tecnologia"},"url":"https:\/\/www.institutodeengenharia.org.br\/site\/author\/tmax\/"}]}},"_links":{"self":[{"href":"https:\/\/www.institutodeengenharia.org.br\/site\/wp-json\/wp\/v2\/posts\/17642","targetHints":{"allow":["GET"]}}],"collection":[{"href":"https:\/\/www.institutodeengenharia.org.br\/site\/wp-json\/wp\/v2\/posts"}],"about":[{"href":"https:\/\/www.institutodeengenharia.org.br\/site\/wp-json\/wp\/v2\/types\/post"}],"author":[{"embeddable":true,"href":"https:\/\/www.institutodeengenharia.org.br\/site\/wp-json\/wp\/v2\/users\/1"}],"replies":[{"embeddable":true,"href":"https:\/\/www.institutodeengenharia.org.br\/site\/wp-json\/wp\/v2\/comments?post=17642"}],"version-history":[{"count":0,"href":"https:\/\/www.institutodeengenharia.org.br\/site\/wp-json\/wp\/v2\/posts\/17642\/revisions"}],"wp:attachment":[{"href":"https:\/\/www.institutodeengenharia.org.br\/site\/wp-json\/wp\/v2\/media?parent=17642"}],"wp:term":[{"taxonomy":"category","embeddable":true,"href":"https:\/\/www.institutodeengenharia.org.br\/site\/wp-json\/wp\/v2\/categories?post=17642"},{"taxonomy":"post_tag","embeddable":true,"href":"https:\/\/www.institutodeengenharia.org.br\/site\/wp-json\/wp\/v2\/tags?post=17642"}],"curies":[{"name":"wp","href":"https:\/\/api.w.org\/{rel}","templated":true}]}}