{"id":17623,"date":"2010-03-02T22:36:44","date_gmt":"2010-03-02T22:36:44","guid":{"rendered":"https:\/\/www.institutodeengenharia.org.br\/?p=17623"},"modified":"2010-03-02T10:06:23","modified_gmt":"2010-03-02T10:06:23","slug":"governo-quer-acelerar-votacoes-de-projetos-do-presal","status":"publish","type":"post","link":"https:\/\/www.institutodeengenharia.org.br\/site\/2010\/03\/02\/governo-quer-acelerar-votacoes-de-projetos-do-presal\/","title":{"rendered":"Governo quer acelerar vota\u00e7\u00f5es de projetos do pr\u00e9-sal"},"content":{"rendered":"<p>O governo quer agilizar as vota\u00e7\u00f5es dos projetos de lei que tratam da explora\u00e7\u00e3o do pr\u00e9-sal para que as quatro propostas sejam aprovadas at\u00e9 o m\u00eas de junho pelo Congresso Nacional, disse na segunda-feira (1\u00ba) o l\u00edder do governo na C\u00e2mara, deputado C\u00e2ndido Vaccarezza (PT-SP). \u201cSe a gente tiver for\u00e7a vamos concluir as vota\u00e7\u00f5es dos projetos na C\u00e2mara nesta semana\u201d. <\/p>\n<p>Para tentar acelerar as vota\u00e7\u00f5es, Vaccarezza afirmou que vai se reunir nesta ter\u00e7a-feira (2) com os l\u00edderes da base governista pela manh\u00e3 e, na parte da tarde, com os l\u00edderes da oposi\u00e7\u00e3o para negociar as vota\u00e7\u00f5es do projeto que trata da capitaliza\u00e7\u00e3o da Petrobras e, tamb\u00e9m, do recurso apresentado \u00e0 vota\u00e7\u00e3o do projeto que trata da explora\u00e7\u00e3o do petr\u00f3leo no regime de partilha. <\/p>\n<p>O presidente da C\u00e2mara, deputado Michel Temer (PMDB-SP), marcou para esta semana a vota\u00e7\u00e3o do projeto que trata da capitaliza\u00e7\u00e3o da Petrobras e para quarta-feira da pr\u00f3xima semana (dia 10) a vota\u00e7\u00e3o do recurso apresentado ao projeto que trata da partilha. Vaccarezza, no entanto, quer antecipar as vota\u00e7\u00f5es a fim de encaminhar os projetos para aprecia\u00e7\u00e3o do Senado. <\/p>\n<p>\u201cN\u00e3o vou atrasar as vota\u00e7\u00f5es. N\u00e3o vou fazer manobras. \u00c9 discutir e votar\u201d, disse o l\u00edder, que na semana passada, por ocasi\u00e3o da vota\u00e7\u00e3o do projeto do Fundo Social, protelou a vota\u00e7\u00e3o a fim de tentar derrubar a emenda que repassa parte dos recursos do fundo para compensar as perdas da aposentadorias. Mesmo com a tentativa de manobra, o governo acabou sofrendo uma derrota com a aprova\u00e7\u00e3o da emenda. <\/p>\n<p>\u201cA li\u00e7\u00e3o que tirei \u00e9 que quando tem oposi\u00e7\u00e3o cristalizada, n\u00e3o adianta conversa. A gente vota e quem tem maioria ganha. O importante \u00e9 definir o marco regulat\u00f3rio\u201d. Segundo Vaccarezza, o governo acabou segurando por tr\u00eas meses a conclus\u00e3o da vota\u00e7\u00e3o do projeto que trata da partilha por causa de uma vota\u00e7\u00e3o secund\u00e1ria. \u201cO priorit\u00e1rio n\u00e3o era definir divis\u00e3o de royalties e sim definir o marco regulat\u00f3rio\u201d, disse. <\/p>\n<p>Em rela\u00e7\u00e3o ao resultado da pesquisa para a Presid\u00eancia da Rep\u00fablica, na qual a ministra-chefe da Casa Civil e pr\u00e9-candidata do PT, Dilma Rousseff, cresce e se aproxima do pr\u00e9-candidato do PSDB, governador Jos\u00e9 Serra, Vaccarezza afirmou que pesquisa \u00e9 o retrato de um determinado momento. \u201cNem n\u00f3s podemos ficar de salto alto, nem eles cabisbaixos\u201d. Para o l\u00edder, o crescimento de Dilma \u201c\u00e9 o reconhecimento de que ela \u00e9 a \u00fanica candidata capaz de consolidar as conquistas ocorridas no governo Lula\u201d.<\/p>\n<p><b>Autor: Ag\u00eancia Brasil<\/b><\/p>\n","protected":false},"excerpt":{"rendered":"<p>O governo quer agilizar as vota\u00e7\u00f5es dos projetos de lei que tratam da explora\u00e7\u00e3o do pr\u00e9-sal para que as quatro propostas sejam aprovadas at\u00e9 o m\u00eas de junho pelo Congresso Nacional, disse na segunda-feira (1\u00ba) o l\u00edder do governo na C\u00e2mara, deputado C\u00e2ndido Vaccarezza (PT-SP). \u201cSe a gente tiver for\u00e7a vamos concluir as vota\u00e7\u00f5es dos [&hellip;]<\/p>\n","protected":false},"author":1,"featured_media":0,"comment_status":"open","ping_status":"open","sticky":false,"template":"","format":"standard","meta":{"footnotes":""},"categories":[24,6],"tags":[],"class_list":{"0":"post-17623","1":"post","2":"type-post","3":"status-publish","4":"format-standard","6":"category-energia","7":"category-noticias"},"yoast_head":"<!-- This site is optimized with the Yoast SEO plugin v27.2 - https:\/\/yoast.com\/product\/yoast-seo-wordpress\/ -->\n<title>Governo quer acelerar vota\u00e7\u00f5es de projetos do pr\u00e9-sal - Instituto de Engenharia<\/title>\n<meta name=\"robots\" content=\"index, follow, max-snippet:-1, max-image-preview:large, max-video-preview:-1\" \/>\n<link rel=\"canonical\" href=\"https:\/\/www.institutodeengenharia.org.br\/site\/2010\/03\/02\/governo-quer-acelerar-votacoes-de-projetos-do-presal\/\" \/>\n<meta property=\"og:locale\" content=\"pt_BR\" \/>\n<meta property=\"og:type\" content=\"article\" \/>\n<meta property=\"og:title\" content=\"Governo quer acelerar vota\u00e7\u00f5es de projetos do pr\u00e9-sal - Instituto de Engenharia\" \/>\n<meta property=\"og:description\" content=\"O governo quer agilizar as vota\u00e7\u00f5es dos projetos de lei que tratam da explora\u00e7\u00e3o do pr\u00e9-sal para que as quatro propostas sejam aprovadas at\u00e9 o m\u00eas de junho pelo Congresso Nacional, disse na segunda-feira (1\u00ba) o l\u00edder do governo na C\u00e2mara, deputado C\u00e2ndido Vaccarezza (PT-SP). \u201cSe a gente tiver for\u00e7a vamos concluir as vota\u00e7\u00f5es dos [&hellip;]\" \/>\n<meta property=\"og:url\" content=\"https:\/\/www.institutodeengenharia.org.br\/site\/2010\/03\/02\/governo-quer-acelerar-votacoes-de-projetos-do-presal\/\" \/>\n<meta property=\"og:site_name\" content=\"Instituto de Engenharia\" \/>\n<meta property=\"article:publisher\" content=\"https:\/\/www.facebook.com\/institutodeengenharia\" \/>\n<meta property=\"article:published_time\" content=\"2010-03-02T22:36:44+00:00\" \/>\n<meta name=\"author\" content=\"TMax Tecnologia\" \/>\n<meta name=\"twitter:card\" content=\"summary_large_image\" \/>\n<meta name=\"twitter:creator\" content=\"@iengenharia\" \/>\n<meta name=\"twitter:site\" content=\"@iengenharia\" \/>\n<meta name=\"twitter:label1\" content=\"Escrito por\" \/>\n\t<meta name=\"twitter:data1\" content=\"TMax Tecnologia\" \/>\n\t<meta name=\"twitter:label2\" content=\"Est. tempo de leitura\" \/>\n\t<meta name=\"twitter:data2\" content=\"2 minutos\" \/>\n<script type=\"application\/ld+json\" class=\"yoast-schema-graph\">{\"@context\":\"https:\/\/schema.org\",\"@graph\":[{\"@type\":\"Article\",\"@id\":\"https:\/\/www.institutodeengenharia.org.br\/site\/2010\/03\/02\/governo-quer-acelerar-votacoes-de-projetos-do-presal\/#article\",\"isPartOf\":{\"@id\":\"https:\/\/www.institutodeengenharia.org.br\/site\/2010\/03\/02\/governo-quer-acelerar-votacoes-de-projetos-do-presal\/\"},\"author\":{\"name\":\"TMax Tecnologia\",\"@id\":\"https:\/\/www.institutodeengenharia.org.br\/site\/#\/schema\/person\/3b1ff109facef084739fc2edcb9a127f\"},\"headline\":\"Governo quer acelerar vota\u00e7\u00f5es de projetos do pr\u00e9-sal\",\"datePublished\":\"2010-03-02T22:36:44+00:00\",\"mainEntityOfPage\":{\"@id\":\"https:\/\/www.institutodeengenharia.org.br\/site\/2010\/03\/02\/governo-quer-acelerar-votacoes-de-projetos-do-presal\/\"},\"wordCount\":460,\"commentCount\":0,\"publisher\":{\"@id\":\"https:\/\/www.institutodeengenharia.org.br\/site\/#organization\"},\"articleSection\":[\"Energia\",\"Not\u00edcias\"],\"inLanguage\":\"pt-BR\",\"potentialAction\":[{\"@type\":\"CommentAction\",\"name\":\"Comment\",\"target\":[\"https:\/\/www.institutodeengenharia.org.br\/site\/2010\/03\/02\/governo-quer-acelerar-votacoes-de-projetos-do-presal\/#respond\"]}]},{\"@type\":\"WebPage\",\"@id\":\"https:\/\/www.institutodeengenharia.org.br\/site\/2010\/03\/02\/governo-quer-acelerar-votacoes-de-projetos-do-presal\/\",\"url\":\"https:\/\/www.institutodeengenharia.org.br\/site\/2010\/03\/02\/governo-quer-acelerar-votacoes-de-projetos-do-presal\/\",\"name\":\"Governo quer acelerar vota\u00e7\u00f5es de projetos do pr\u00e9-sal - Instituto de Engenharia\",\"isPartOf\":{\"@id\":\"https:\/\/www.institutodeengenharia.org.br\/site\/#website\"},\"datePublished\":\"2010-03-02T22:36:44+00:00\",\"breadcrumb\":{\"@id\":\"https:\/\/www.institutodeengenharia.org.br\/site\/2010\/03\/02\/governo-quer-acelerar-votacoes-de-projetos-do-presal\/#breadcrumb\"},\"inLanguage\":\"pt-BR\",\"potentialAction\":[{\"@type\":\"ReadAction\",\"target\":[\"https:\/\/www.institutodeengenharia.org.br\/site\/2010\/03\/02\/governo-quer-acelerar-votacoes-de-projetos-do-presal\/\"]}]},{\"@type\":\"BreadcrumbList\",\"@id\":\"https:\/\/www.institutodeengenharia.org.br\/site\/2010\/03\/02\/governo-quer-acelerar-votacoes-de-projetos-do-presal\/#breadcrumb\",\"itemListElement\":[{\"@type\":\"ListItem\",\"position\":1,\"name\":\"In\u00edcio\",\"item\":\"https:\/\/www.institutodeengenharia.org.br\/site\/\"},{\"@type\":\"ListItem\",\"position\":2,\"name\":\"Governo quer acelerar vota\u00e7\u00f5es de projetos do pr\u00e9-sal\"}]},{\"@type\":\"WebSite\",\"@id\":\"https:\/\/www.institutodeengenharia.org.br\/site\/#website\",\"url\":\"https:\/\/www.institutodeengenharia.org.br\/site\/\",\"name\":\"Instituto de Engenharia\",\"description\":\"O Instituto de Engenharia promove a Engenharia em benef\u00edcio do desenvolvimento e da qualidade de vida da sociedade.\",\"publisher\":{\"@id\":\"https:\/\/www.institutodeengenharia.org.br\/site\/#organization\"},\"potentialAction\":[{\"@type\":\"SearchAction\",\"target\":{\"@type\":\"EntryPoint\",\"urlTemplate\":\"https:\/\/www.institutodeengenharia.org.br\/site\/?s={search_term_string}\"},\"query-input\":{\"@type\":\"PropertyValueSpecification\",\"valueRequired\":true,\"valueName\":\"search_term_string\"}}],\"inLanguage\":\"pt-BR\"},{\"@type\":\"Organization\",\"@id\":\"https:\/\/www.institutodeengenharia.org.br\/site\/#organization\",\"name\":\"Instituto de Engenharia\",\"url\":\"https:\/\/www.institutodeengenharia.org.br\/site\/\",\"logo\":{\"@type\":\"ImageObject\",\"inLanguage\":\"pt-BR\",\"@id\":\"https:\/\/www.institutodeengenharia.org.br\/site\/#\/schema\/logo\/image\/\",\"url\":\"https:\/\/www.institutodeengenharia.org.br\/site\/wp-content\/uploads\/2019\/03\/logo-novo-IE2018-1.jpg\",\"contentUrl\":\"https:\/\/www.institutodeengenharia.org.br\/site\/wp-content\/uploads\/2019\/03\/logo-novo-IE2018-1.jpg\",\"width\":1486,\"height\":1879,\"caption\":\"Instituto de Engenharia\"},\"image\":{\"@id\":\"https:\/\/www.institutodeengenharia.org.br\/site\/#\/schema\/logo\/image\/\"},\"sameAs\":[\"https:\/\/www.facebook.com\/institutodeengenharia\",\"https:\/\/x.com\/iengenharia\",\"https:\/\/www.instagram.com\/institutodeengenharia\/\",\"https:\/\/www.linkedin.com\/company\/instituto-de-engenharia\/\",\"https:\/\/www.youtube.com\/channel\/UCXiCAlsSMe977vamW915HxA\"]},{\"@type\":\"Person\",\"@id\":\"https:\/\/www.institutodeengenharia.org.br\/site\/#\/schema\/person\/3b1ff109facef084739fc2edcb9a127f\",\"name\":\"TMax Tecnologia\",\"image\":{\"@type\":\"ImageObject\",\"inLanguage\":\"pt-BR\",\"@id\":\"https:\/\/secure.gravatar.com\/avatar\/f912434ef7f389c92cb311fcdae346af848465d638912574b3c669070f797701?s=96&d=mm&r=g\",\"url\":\"https:\/\/secure.gravatar.com\/avatar\/f912434ef7f389c92cb311fcdae346af848465d638912574b3c669070f797701?s=96&d=mm&r=g\",\"contentUrl\":\"https:\/\/secure.gravatar.com\/avatar\/f912434ef7f389c92cb311fcdae346af848465d638912574b3c669070f797701?s=96&d=mm&r=g\",\"caption\":\"TMax Tecnologia\"},\"url\":\"https:\/\/www.institutodeengenharia.org.br\/site\/author\/tmax\/\"}]}<\/script>\n<!-- \/ Yoast SEO plugin. -->","yoast_head_json":{"title":"Governo quer acelerar vota\u00e7\u00f5es de projetos do pr\u00e9-sal - Instituto de Engenharia","robots":{"index":"index","follow":"follow","max-snippet":"max-snippet:-1","max-image-preview":"max-image-preview:large","max-video-preview":"max-video-preview:-1"},"canonical":"https:\/\/www.institutodeengenharia.org.br\/site\/2010\/03\/02\/governo-quer-acelerar-votacoes-de-projetos-do-presal\/","og_locale":"pt_BR","og_type":"article","og_title":"Governo quer acelerar vota\u00e7\u00f5es de projetos do pr\u00e9-sal - Instituto de Engenharia","og_description":"O governo quer agilizar as vota\u00e7\u00f5es dos projetos de lei que tratam da explora\u00e7\u00e3o do pr\u00e9-sal para que as quatro propostas sejam aprovadas at\u00e9 o m\u00eas de junho pelo Congresso Nacional, disse na segunda-feira (1\u00ba) o l\u00edder do governo na C\u00e2mara, deputado C\u00e2ndido Vaccarezza (PT-SP). \u201cSe a gente tiver for\u00e7a vamos concluir as vota\u00e7\u00f5es dos [&hellip;]","og_url":"https:\/\/www.institutodeengenharia.org.br\/site\/2010\/03\/02\/governo-quer-acelerar-votacoes-de-projetos-do-presal\/","og_site_name":"Instituto de Engenharia","article_publisher":"https:\/\/www.facebook.com\/institutodeengenharia","article_published_time":"2010-03-02T22:36:44+00:00","author":"TMax Tecnologia","twitter_card":"summary_large_image","twitter_creator":"@iengenharia","twitter_site":"@iengenharia","twitter_misc":{"Escrito por":"TMax Tecnologia","Est. tempo de leitura":"2 minutos"},"schema":{"@context":"https:\/\/schema.org","@graph":[{"@type":"Article","@id":"https:\/\/www.institutodeengenharia.org.br\/site\/2010\/03\/02\/governo-quer-acelerar-votacoes-de-projetos-do-presal\/#article","isPartOf":{"@id":"https:\/\/www.institutodeengenharia.org.br\/site\/2010\/03\/02\/governo-quer-acelerar-votacoes-de-projetos-do-presal\/"},"author":{"name":"TMax Tecnologia","@id":"https:\/\/www.institutodeengenharia.org.br\/site\/#\/schema\/person\/3b1ff109facef084739fc2edcb9a127f"},"headline":"Governo quer acelerar vota\u00e7\u00f5es de projetos do pr\u00e9-sal","datePublished":"2010-03-02T22:36:44+00:00","mainEntityOfPage":{"@id":"https:\/\/www.institutodeengenharia.org.br\/site\/2010\/03\/02\/governo-quer-acelerar-votacoes-de-projetos-do-presal\/"},"wordCount":460,"commentCount":0,"publisher":{"@id":"https:\/\/www.institutodeengenharia.org.br\/site\/#organization"},"articleSection":["Energia","Not\u00edcias"],"inLanguage":"pt-BR","potentialAction":[{"@type":"CommentAction","name":"Comment","target":["https:\/\/www.institutodeengenharia.org.br\/site\/2010\/03\/02\/governo-quer-acelerar-votacoes-de-projetos-do-presal\/#respond"]}]},{"@type":"WebPage","@id":"https:\/\/www.institutodeengenharia.org.br\/site\/2010\/03\/02\/governo-quer-acelerar-votacoes-de-projetos-do-presal\/","url":"https:\/\/www.institutodeengenharia.org.br\/site\/2010\/03\/02\/governo-quer-acelerar-votacoes-de-projetos-do-presal\/","name":"Governo quer acelerar vota\u00e7\u00f5es de projetos do pr\u00e9-sal - Instituto de Engenharia","isPartOf":{"@id":"https:\/\/www.institutodeengenharia.org.br\/site\/#website"},"datePublished":"2010-03-02T22:36:44+00:00","breadcrumb":{"@id":"https:\/\/www.institutodeengenharia.org.br\/site\/2010\/03\/02\/governo-quer-acelerar-votacoes-de-projetos-do-presal\/#breadcrumb"},"inLanguage":"pt-BR","potentialAction":[{"@type":"ReadAction","target":["https:\/\/www.institutodeengenharia.org.br\/site\/2010\/03\/02\/governo-quer-acelerar-votacoes-de-projetos-do-presal\/"]}]},{"@type":"BreadcrumbList","@id":"https:\/\/www.institutodeengenharia.org.br\/site\/2010\/03\/02\/governo-quer-acelerar-votacoes-de-projetos-do-presal\/#breadcrumb","itemListElement":[{"@type":"ListItem","position":1,"name":"In\u00edcio","item":"https:\/\/www.institutodeengenharia.org.br\/site\/"},{"@type":"ListItem","position":2,"name":"Governo quer acelerar vota\u00e7\u00f5es de projetos do pr\u00e9-sal"}]},{"@type":"WebSite","@id":"https:\/\/www.institutodeengenharia.org.br\/site\/#website","url":"https:\/\/www.institutodeengenharia.org.br\/site\/","name":"Instituto de Engenharia","description":"O Instituto de Engenharia promove a Engenharia em benef\u00edcio do desenvolvimento e da qualidade de vida da sociedade.","publisher":{"@id":"https:\/\/www.institutodeengenharia.org.br\/site\/#organization"},"potentialAction":[{"@type":"SearchAction","target":{"@type":"EntryPoint","urlTemplate":"https:\/\/www.institutodeengenharia.org.br\/site\/?s={search_term_string}"},"query-input":{"@type":"PropertyValueSpecification","valueRequired":true,"valueName":"search_term_string"}}],"inLanguage":"pt-BR"},{"@type":"Organization","@id":"https:\/\/www.institutodeengenharia.org.br\/site\/#organization","name":"Instituto de Engenharia","url":"https:\/\/www.institutodeengenharia.org.br\/site\/","logo":{"@type":"ImageObject","inLanguage":"pt-BR","@id":"https:\/\/www.institutodeengenharia.org.br\/site\/#\/schema\/logo\/image\/","url":"https:\/\/www.institutodeengenharia.org.br\/site\/wp-content\/uploads\/2019\/03\/logo-novo-IE2018-1.jpg","contentUrl":"https:\/\/www.institutodeengenharia.org.br\/site\/wp-content\/uploads\/2019\/03\/logo-novo-IE2018-1.jpg","width":1486,"height":1879,"caption":"Instituto de Engenharia"},"image":{"@id":"https:\/\/www.institutodeengenharia.org.br\/site\/#\/schema\/logo\/image\/"},"sameAs":["https:\/\/www.facebook.com\/institutodeengenharia","https:\/\/x.com\/iengenharia","https:\/\/www.instagram.com\/institutodeengenharia\/","https:\/\/www.linkedin.com\/company\/instituto-de-engenharia\/","https:\/\/www.youtube.com\/channel\/UCXiCAlsSMe977vamW915HxA"]},{"@type":"Person","@id":"https:\/\/www.institutodeengenharia.org.br\/site\/#\/schema\/person\/3b1ff109facef084739fc2edcb9a127f","name":"TMax Tecnologia","image":{"@type":"ImageObject","inLanguage":"pt-BR","@id":"https:\/\/secure.gravatar.com\/avatar\/f912434ef7f389c92cb311fcdae346af848465d638912574b3c669070f797701?s=96&d=mm&r=g","url":"https:\/\/secure.gravatar.com\/avatar\/f912434ef7f389c92cb311fcdae346af848465d638912574b3c669070f797701?s=96&d=mm&r=g","contentUrl":"https:\/\/secure.gravatar.com\/avatar\/f912434ef7f389c92cb311fcdae346af848465d638912574b3c669070f797701?s=96&d=mm&r=g","caption":"TMax Tecnologia"},"url":"https:\/\/www.institutodeengenharia.org.br\/site\/author\/tmax\/"}]}},"_links":{"self":[{"href":"https:\/\/www.institutodeengenharia.org.br\/site\/wp-json\/wp\/v2\/posts\/17623","targetHints":{"allow":["GET"]}}],"collection":[{"href":"https:\/\/www.institutodeengenharia.org.br\/site\/wp-json\/wp\/v2\/posts"}],"about":[{"href":"https:\/\/www.institutodeengenharia.org.br\/site\/wp-json\/wp\/v2\/types\/post"}],"author":[{"embeddable":true,"href":"https:\/\/www.institutodeengenharia.org.br\/site\/wp-json\/wp\/v2\/users\/1"}],"replies":[{"embeddable":true,"href":"https:\/\/www.institutodeengenharia.org.br\/site\/wp-json\/wp\/v2\/comments?post=17623"}],"version-history":[{"count":0,"href":"https:\/\/www.institutodeengenharia.org.br\/site\/wp-json\/wp\/v2\/posts\/17623\/revisions"}],"wp:attachment":[{"href":"https:\/\/www.institutodeengenharia.org.br\/site\/wp-json\/wp\/v2\/media?parent=17623"}],"wp:term":[{"taxonomy":"category","embeddable":true,"href":"https:\/\/www.institutodeengenharia.org.br\/site\/wp-json\/wp\/v2\/categories?post=17623"},{"taxonomy":"post_tag","embeddable":true,"href":"https:\/\/www.institutodeengenharia.org.br\/site\/wp-json\/wp\/v2\/tags?post=17623"}],"curies":[{"name":"wp","href":"https:\/\/api.w.org\/{rel}","templated":true}]}}