{"id":17609,"date":"2010-02-26T22:36:32","date_gmt":"2010-02-26T22:36:32","guid":{"rendered":"https:\/\/www.institutodeengenharia.org.br\/?p=17609"},"modified":"2010-02-26T16:30:21","modified_gmt":"2010-02-26T16:30:21","slug":"competicao-de-bajas-evento-reune-66-carros-offroad-e-acontece-ate-domingo-quando-sera-aberto-ao-publico","status":"publish","type":"post","link":"https:\/\/www.institutodeengenharia.org.br\/site\/2010\/02\/26\/competicao-de-bajas-evento-reune-66-carros-offroad-e-acontece-ate-domingo-quando-sera-aberto-ao-publico\/","title":{"rendered":"Competi\u00e7\u00e3o de Bajas Evento re\u00fane 66 carros off-road e acontece at\u00e9 domingo, quando ser\u00e1 aberto ao p\u00fablico"},"content":{"rendered":"<p><strong>Baja: \u00faltimos ajustes\u00a0<br \/>\n<\/strong><br \/>\nCompeti\u00e7\u00e3o de Bajas Evento re\u00fane 66 carros off-road e acontece at\u00e9 domingo, quando ser\u00e1 aberto ao p\u00fablico\u00a0<\/p>\n<p>Concentra\u00e7\u00e3o, reparos finais, avalia\u00e7\u00e3o e muita expectativa tomaram conta ontem das cerca de 50 equipes que aceitaram o desafio de desenvolver carros off-road, para a 16\u00aa Competi\u00e7\u00e3o Baja SAE Brasil Petrobras, que acontece no Esporte Clube Piracicabano de Automobil\u00edstico (ECPA). <\/p>\n<p>Hoje devem estar presentes mais 11 competidores, totalizando os 66 carros ou \u2018gaiolas\u2019 previstas para a competi\u00e7\u00e3o, que acontece at\u00e9 domingo, 28. <\/p>\n<p>S\u00e3o cerca de 1,2 mil estudantes de engenharia e 57 institui\u00e7\u00f5es de ensino de todo o Brasil. <\/p>\n<p>A competi\u00e7\u00e3o de tecnologia \u00e9 aberta ao p\u00fablico no domingo, \u00e0s 9 horas, e o ingresso \u00e9 um quilo de alimento n\u00e3o-perec\u00edvel. <\/p>\n<p>Piracicaba \u00e9 representada pela equipe de 15 universit\u00e1rios, EEP Baja, da Escola de Engenharia de Piracicaba. <\/p>\n<p><strong>FUTUROS ENGENHEIROS<\/strong>. A SAE \u00e9 reconhecida pelas principais empresas da \u00e1rea da mobilidade do Pa\u00eds, como celeiro de novos talentos da engenharia brasileira. Os universit\u00e1rios t\u00eam o desafio de projetar, buscar patroc\u00ednios e construir os ve\u00edculos off-road de acordo com o regulamento. <\/p>\n<p>Al\u00e9m da avalia\u00e7\u00e3o de projeto, por meio de relat\u00f3rios e apresenta\u00e7\u00e3o, em Piracicaba, os Baja SAE ser\u00e3o submetidos a testes de tra\u00e7\u00e3o, acelera\u00e7\u00e3o, velocidade m\u00e1xima e um enduro com quatro horas de dura\u00e7\u00e3o, em pista de terra cheia de obst\u00e1culos, na qual carros s\u00e3o desafiados no aspecto resist\u00eancia. <\/p>\n<p>Ao final da competi\u00e7\u00e3o, no domingo, as tr\u00eas institui\u00e7\u00f5es que alcan\u00e7arem as melhores pontua\u00e7\u00f5es, na soma geral das provas, ganham o direito de representar o Brasil na Baja SAE Carolina, que ser\u00e1 realizada em abril, em Carolina do Sul, nos EUA. A competi\u00e7\u00e3o internacional re\u00fane mais de 90 equipes de diferentes pa\u00edses. <\/p>\n<p><strong>PRIMEIRO DIA<\/strong>. Para Renato Otto, vice-diretor da competi\u00e7\u00e3o, ontem foi um dia para explicar as regras, se preparar para o evento, sentir o clima e avaliar os trabalhos das equipes. \u201cPercebemos um aumento de n\u00edvel e mais tranquilidade. Antigamente os estudantes chegavam afoitos, agora est\u00e3o mais estrat\u00e9gicos e maduros.\u201d <\/p>\n<p>Luiz Cl\u00e1udio Andrade de Oliveira Junior, 25, da equipe Mangue Baja 1 e 2 (Universidade Federal de Pernambuco), j\u00e1 estava com o time montado em Piracicaba desde ter\u00e7a-feira, 23. \u201cAt\u00e9 hoje (ontem) fizemos os ajustes nos carros e os testes finais. Passamos pela prova de seguran\u00e7a. Est\u00e1 tudo certo para as provas\u201d, disse Oliveira J\u00fanior, refor\u00e7ando que a equipe \u00e9 composta por 20 membros e que a expectativa de todos \u00e9 aperfei\u00e7oar os trabalhos e ganhar a competi\u00e7\u00e3o. <\/p>\n<p><strong>SERVI\u00c7O<\/strong> <\/p>\n<p>Programa\u00e7\u00e3o &#8211; Baja SAE <\/p>\n<p>Dia 26 (hoje) \u2013 9 \u00e0s 18h &#8211; avalia\u00e7\u00f5es de seguran\u00e7a, inspe\u00e7\u00e3o t\u00e9cnica e apresenta\u00e7\u00f5es de conforto e motor. <br \/>\nDia 27 (s\u00e1bado) \u2013 9 \u00e0s 11h, repescagem de seguran\u00e7a e apresenta\u00e7\u00f5es de conforto. Das 11h \u00e0s 16h, provas din\u00e2micas (dirigibilidade, conforto, tra\u00e7\u00e3o, velocidade e subida de rampa). Das 17 \u00e0s 19h, exibi\u00e7\u00e3o de projeto. <\/p>\n<p>Dois estados ser\u00e3o representados pela primeira vez na competi\u00e7\u00e3o: Sergipe e Mato Grosso, que ter\u00e3o uma equipe cada. S\u00e3o Paulo continua com o maior n\u00famero de equipes inscritas: 19, seguido de Minas Gerais, com sete equipes; e Rio de Janeiro, Santa Catarina e Rio Grande do Sul com sei equipes cada. Pernambuco possui quatro equipes inscritas e a Para\u00edba tr\u00eas. Esp\u00edrito Santo, Paran\u00e1, Bahia e Cear\u00e1 t\u00eam duas equipes cada. O Distrito Federal, Par\u00e1, Piau\u00ed e Rio Grande do Norte ser\u00e3o representados por uma equipe cada. Veja a lista das equipes. <\/p>\n<p>Para disputar a competi\u00e7\u00e3o, realizada pela SAE BRASIL, as equipes foram desafiadas a projetar, buscar patroc\u00ednios e construir carros off-road, denominados Baja SAE, para serem testados por especialistas da ind\u00fastria da mobilidade. <\/p>\n<p>Al\u00e9m da avalia\u00e7\u00e3o de projeto, por meio de relat\u00f3rios e apresenta\u00e7\u00e3o, em Piracicaba, os Baja SAE ser\u00e3o submetidos a testes de tra\u00e7\u00e3o, acelera\u00e7\u00e3o, velocidade m\u00e1xima e um enduro com quatro horas de dura\u00e7\u00e3o, em pista de terra cheia de obst\u00e1culos, na qual carros s\u00e3o desafiados no aspecto resist\u00eancia. <\/p>\n<p>Ao final da competi\u00e7\u00e3o, no domingo, as tr\u00eas institui\u00e7\u00f5es que alcan\u00e7arem as melhores pontua\u00e7\u00f5es, na soma geral das provas, ganham o direito de representar o Brasil na Baja SAE Carolina, que ser\u00e1 realizada pela SAE International, de 8 a 11 de abril, em Carolina do Sul, nos EUA. A competi\u00e7\u00e3o internacional re\u00fane mais de 90 equipes de diferentes pa\u00edses. Em 2008, o Brasil se sagrou tetracampe\u00e3o na competi\u00e7\u00e3o, que foi realizada no Canad\u00e1. <\/p>\n<p>Ve\u00edculos &#8211; Os Baja SAE s\u00e3o prot\u00f3tipos de estrutura tubular em a\u00e7o, monopostos, para uso fora-de-estrada, com quatro ou mais rodas e devem ser capazes de transportar pessoas com at\u00e9 1,90m de altura, pesando at\u00e9 113,4 kg e motor padr\u00e3o de 10 HP. Os sistemas de suspens\u00e3o, transmiss\u00e3o, freios e o pr\u00f3prio chassi s\u00e3o desenvolvidos pelas equipes, que t\u00eam, ainda, a tarefa de buscar patroc\u00ednio para viabilizar o projeto. <\/p>\n<p><strong>RELA\u00c7\u00c3O DAS EQUIPES INSCRITAS: <br \/>\n<\/strong><br \/>\nSUDESTE <\/p>\n<p>S\u00e3o Paulo \/ Interior \u2013 (11 equipes \/ 9 institui\u00e7\u00f5es) <br \/>\nEscola de Engenharia de S\u00e3o Carlos da USP \u2013 equipes EESC USP Seu Barriga e EESC USP Seu Madruga <br \/>\nFaculdade de Engenharia de Sorocaba \u2013 equipe Fase Racing <br \/>\nFaculdade de Tecnologia de Sorocaba (Fatec Sorocaba) \u2013 equipe Nitro Baja Racing <br \/>\nUniversidade Est. Paulista de Ilha Solteira (Unesp Ilha Solteira) \u2013 equipe Unesp Tec-Ilha <br \/>\nUniversidade Estadual Paulista Bauru (Unesp Bauru) \u2013 equipes FEB Unesp 1 e FEB unesp 2 <br \/>\nUniversidade Estadual Paulista de Guaratinguet\u00e1 (Unesp Guaratinguet\u00e1) \u2013 equipe Piratas do Vale <br \/>\nUniversidade Estadual de Campinas (Unicamp) \u2013 equipe Baja Unicamp <br \/>\nEscola de Engenharia de Piracicaba \u2013 equipe EEP Baja <br \/>\nInstituto Tecnol\u00f3gico de Aeron\u00e1utica (ITA) \u2013 equipe ITA Mach Baja <br \/>\nGrande S\u00e3o Paulo \u2013 (8 equipes \/ 5 institui\u00e7\u00f5es) <br \/>\nCentro Universit\u00e1rio da FEI \u2013 equipes FEI Baja 1 e FEI Baja 2 <br \/>\nEscola Polit\u00e9cnica da Universidade de S\u00e3o Paulo (USP) \u2013 equipes Poli Titan e Ecopoli <br \/>\nInstituto Mau\u00e1 de Tecnologia \u2013 equipes Mau\u00e1 2 e Mau\u00e1 1 <br \/>\nFaculdade de Tecnologia de S\u00e3o Paulo (Fatec SP) \u2013 equipe Fatecn\u00f3logos 1 <br \/>\nUniversidade Presbiteriana Mackenzie \u2013 equipe Mack 50 <\/p>\n<p>Minas Gerais \u2013 (7 equipes \/ 7 institui\u00e7\u00f5es) <br \/>\nCentro Federal de Educa\u00e7\u00e3o Tecnol\u00f3gica de Minas Gerais (Cefet-MG) \u2013 equipe Cefast 04 <br \/>\nUniversidade Federal de Minas Gerais (UFMG) \u2013 equipe Baja UFMG <br \/>\nUniversidade Federal de Itajub\u00e1 (Unifei) \u2013 equipe Saci Unifei <br \/>\nUniversidade Federal de Uberl\u00e2ndia (UFU) \u2013 equipe Cerrado <br \/>\nCentro Universit\u00e1rio do Sul de Minas (Unis MG) \u2013 equipe Bicho Mineiro <br \/>\nUniversidade Federal de S\u00e3o Jo\u00e3o Del Rei &#8211; equipe Komiketo Baja UFSJ <br \/>\nUniversidade Federal de Vi\u00e7osa \u2013 equipe UFV Baja <\/p>\n<p>Esp\u00edrito Santo (2 equipes \/ 1 institui\u00e7\u00e3o ) <br \/>\nUniversidade Federal do Esp\u00edrito Santo \u2013 equipes Vit\u00f3ria Baja 1 e Vit\u00f3ria Baja 2 <\/p>\n<p>Rio de Janeiro (7 equipes \/7 institui\u00e7\u00f5es de ensino) <br \/>\nUniversidade Federal do Rio de Janeiro \u2013 equipe Minerva Baja <br \/>\nAssocia\u00e7\u00e3o Educacional D. Bosco (ex-Faculdade de Eng\u00aa de Resende) \u2013 equipe Aedbaja <br \/>\nEscola Polit\u00e9cnica da Universidade do Estado do Rio de Janeiro (Poli UERJ) \u2013 equipes Poli Uerj Enquip <br \/>\nUniversidade do Estado do Rio de Janeiro (UERJ) \u2013 equipe SuperBaja UERJ <br \/>\nCentro Federal de Educa\u00e7\u00e3o Tecnol\u00f3gica do Rio de Janeiro (Cefet-RJ) \u2013 equipe Mude Runer Bromberg <br \/>\nFaculdades Cat\u00f3licas \u2013 equipe PUC Rio Baja <br \/>\nUniversidade Federal Fluminense \u2013 equipe Tuff\u00e3o <\/p>\n<p>\nCENTRO-OESTE <\/p>\n<p>Distrito Federal (1 equipe \/ 1 institui\u00e7\u00e3o) <br \/>\nUniversidade de Bras\u00edlia (UnB) \u2013 equipe Piratas do Cerrado <\/p>\n<p>Mato Grosso (1 equipe \/ 1 institui\u00e7\u00e3o) <br \/>\nUniversidade Federal do Mato Grosso \u2013 equipe Bajacare <\/p>\n<p>SUL <\/p>\n<p>Santa Catarina (6 equipes \/ 5 institui\u00e7\u00f5es) <br \/>\nUniversidade Federal de Santa Catarina (UFSC) \u2013 equipes UFSC Tupy Uira\u00e7u e UFSC Tupy Ilh\u00e9u <br \/>\nInstituto Superior Tupy \u2013 equipe Krona Ciser IST Baja <br \/>\nUniversidade do Estado de Santa Catarina (Udesc) \u2013 equipe Velociraptor <br \/>\nUniversidade da Regi\u00e3o de Joinville (Univille) \u2013 equipe Univille Baja <br \/>\nEscola Educacional T\u00e9cnica Associa\u00e7\u00e3o Beneficente da Ind\u00fastria Carbon\u00edfera de Santa Catarina (SATC) \u2013 equipe SATC <\/p>\n<p>Rio Grande do Sul (6 equipes \/ 6 institui\u00e7\u00f5es) <br \/>\nUniversidade Regional Integrada (URI) \u2013 equipe UriBaja <br \/>\nUniversidade Federal do Rio Grande do Sul (UFRGS) \u2013 equipe Tch\u00ea <br \/>\nUniversidade Federal de Santa Maria \u2013 equipe Bombaja <br \/>\nFaculdade Horizontina (Fahor) \u2013 equipe Sinuelo Fahor <br \/>\nUniversidade de Passo Fundo \u2013 equipe Mas Baja Tch\u00ea <br \/>\nUniversidade de Santa Cruz do Sul (UNISC) \u2013 equipe Sevageria <\/p>\n<p>Paran\u00e1 (2 equipes \/ 2 institui\u00e7\u00f5es) <br \/>\nUniversidade Federal do Paran\u00e1 \u2013 equipe Pi\u00e1 de Baja <br \/>\nUniversidade Tecnol\u00f3gica Federal do Paran\u00e1 \u2013 equipe Bajaguara UTFPR <\/p>\n<p>\nNORDESTE <\/p>\n<p>Bahia (2 equipes \/ 2 institui\u00e7\u00f5es) <br \/>\nUniversidade Federal da Bahia (UFBA) \u2013 equipe Carpoeira <br \/>\nUniversidade Federal do Vale do S\u00e3o Francisco (Univasf) \u2013 equipe Baajainga <\/p>\n<p>Cear\u00e1 (2 equipes \/ 2 institui\u00e7\u00f5es) <br \/>\nUniversidade Federal do Cear\u00e1 (UFC) \u2013 equipe Siar\u00e1 <br \/>\nUniversidade de Fortaleza (Unifor) \u2013 equipe Mangabaju Racing <\/p>\n<p>Para\u00edba (3 equipes \/ 3 institui\u00e7\u00f5es) <br \/>\nUniversidade Federal da Para\u00edba \u2013 equipe UFPBaja Imensur\u00e1vel <br \/>\nInstituto Federal da Para\u00edba (IFPB) \u2013 equipe Bajampa <br \/>\nUniversidade Federal de Campina Grande \u2013 equipe Parahybaja <\/p>\n<p>Pernambuco (4 equipes \/ 2 institui\u00e7\u00f5es) <br \/>\nUniversidade Federal de Pernambuco (UFPE) \u2013 equipes Mangue Baja 1 e Mangue Baja 2 <br \/>\nEscola Polit\u00e9cnica de Pernambuco (Poli) \u2013 equipes Corisco 1 e Corisco 2 <\/p>\n<p>Piau\u00ed (1 equipe \/ 1 institui\u00e7\u00e3o de ensino) <br \/>\nInstituto Federal do Piau\u00ed \u2013 equipe Baju\u00edna <\/p>\n<p>Rio Grande do Norte (1 equipe \/ 1 institui\u00e7\u00e3o) <br \/>\nUniversidade Federal do Rio Grande do Norte \u2013 equipe Car-Kar\u00e1 <\/p>\n<p>Sergipe (1 equipe \/ 1 institui\u00e7\u00e3o) <br \/>\nUniversidade Federal de Sergipe \u2013 equipe Serbaja <\/p>\n<p>\nNORTE <\/p>\n<p>Par\u00e1 (1 equipe \/ 1 institui\u00e7\u00f5es) <br \/>\nUniversidade Federal do Par\u00e1 \u2013 equipe Parazin <\/p>\n<p><b>Autor: Gazeta de Piracicaba<\/b><\/p>\n","protected":false},"excerpt":{"rendered":"<p>Baja: \u00faltimos ajustes\u00a0 Competi\u00e7\u00e3o de Bajas Evento re\u00fane 66 carros off-road e acontece at\u00e9 domingo, quando ser\u00e1 aberto ao p\u00fablico\u00a0 Concentra\u00e7\u00e3o, reparos finais, avalia\u00e7\u00e3o e muita expectativa tomaram conta ontem das cerca de 50 equipes que aceitaram o desafio de desenvolver carros off-road, para a 16\u00aa Competi\u00e7\u00e3o Baja SAE Brasil Petrobras, que acontece no Esporte [&hellip;]<\/p>\n","protected":false},"author":1,"featured_media":17610,"comment_status":"open","ping_status":"open","sticky":false,"template":"","format":"standard","meta":{"footnotes":""},"categories":[6,35],"tags":[],"class_list":{"0":"post-17609","1":"post","2":"type-post","3":"status-publish","4":"format-standard","5":"has-post-thumbnail","7":"category-noticias","8":"category-pesquisa-e-desenvolvimento"},"yoast_head":"<!-- This site is optimized with the Yoast SEO plugin v27.2 - https:\/\/yoast.com\/product\/yoast-seo-wordpress\/ -->\n<title>Competi\u00e7\u00e3o de Bajas Evento re\u00fane 66 carros off-road e acontece at\u00e9 domingo, quando ser\u00e1 aberto ao p\u00fablico - Instituto de Engenharia<\/title>\n<meta name=\"robots\" content=\"index, follow, max-snippet:-1, max-image-preview:large, max-video-preview:-1\" \/>\n<link rel=\"canonical\" href=\"https:\/\/www.institutodeengenharia.org.br\/site\/2010\/02\/26\/competicao-de-bajas-evento-reune-66-carros-offroad-e-acontece-ate-domingo-quando-sera-aberto-ao-publico\/\" \/>\n<meta property=\"og:locale\" content=\"pt_BR\" \/>\n<meta property=\"og:type\" content=\"article\" \/>\n<meta property=\"og:title\" content=\"Competi\u00e7\u00e3o de Bajas Evento re\u00fane 66 carros off-road e acontece at\u00e9 domingo, quando ser\u00e1 aberto ao p\u00fablico - Instituto de Engenharia\" \/>\n<meta property=\"og:description\" content=\"Baja: \u00faltimos ajustes\u00a0 Competi\u00e7\u00e3o de Bajas Evento re\u00fane 66 carros off-road e acontece at\u00e9 domingo, quando ser\u00e1 aberto ao p\u00fablico\u00a0 Concentra\u00e7\u00e3o, reparos finais, avalia\u00e7\u00e3o e muita expectativa tomaram conta ontem das cerca de 50 equipes que aceitaram o desafio de desenvolver carros off-road, para a 16\u00aa Competi\u00e7\u00e3o Baja SAE Brasil Petrobras, que acontece no Esporte [&hellip;]\" \/>\n<meta property=\"og:url\" content=\"https:\/\/www.institutodeengenharia.org.br\/site\/2010\/02\/26\/competicao-de-bajas-evento-reune-66-carros-offroad-e-acontece-ate-domingo-quando-sera-aberto-ao-publico\/\" \/>\n<meta property=\"og:site_name\" content=\"Instituto de Engenharia\" \/>\n<meta property=\"article:publisher\" content=\"https:\/\/www.facebook.com\/institutodeengenharia\" \/>\n<meta property=\"article:published_time\" content=\"2010-02-26T22:36:32+00:00\" \/>\n<meta property=\"og:image\" content=\"https:\/\/www.institutodeengenharia.org.br\/site\/wp-content\/uploads\/2017\/10\/noticia_2138_1060690493.jpg\" \/>\n\t<meta property=\"og:image:width\" content=\"309\" \/>\n\t<meta property=\"og:image:height\" content=\"237\" \/>\n\t<meta property=\"og:image:type\" content=\"image\/jpeg\" \/>\n<meta name=\"author\" content=\"TMax Tecnologia\" \/>\n<meta name=\"twitter:card\" content=\"summary_large_image\" \/>\n<meta name=\"twitter:creator\" content=\"@iengenharia\" \/>\n<meta name=\"twitter:site\" content=\"@iengenharia\" \/>\n<meta name=\"twitter:label1\" content=\"Escrito por\" \/>\n\t<meta name=\"twitter:data1\" content=\"TMax Tecnologia\" \/>\n\t<meta name=\"twitter:label2\" content=\"Est. tempo de leitura\" \/>\n\t<meta name=\"twitter:data2\" content=\"8 minutos\" \/>\n<script type=\"application\/ld+json\" class=\"yoast-schema-graph\">{\"@context\":\"https:\/\/schema.org\",\"@graph\":[{\"@type\":\"Article\",\"@id\":\"https:\/\/www.institutodeengenharia.org.br\/site\/2010\/02\/26\/competicao-de-bajas-evento-reune-66-carros-offroad-e-acontece-ate-domingo-quando-sera-aberto-ao-publico\/#article\",\"isPartOf\":{\"@id\":\"https:\/\/www.institutodeengenharia.org.br\/site\/2010\/02\/26\/competicao-de-bajas-evento-reune-66-carros-offroad-e-acontece-ate-domingo-quando-sera-aberto-ao-publico\/\"},\"author\":{\"name\":\"TMax Tecnologia\",\"@id\":\"https:\/\/www.institutodeengenharia.org.br\/site\/#\/schema\/person\/3b1ff109facef084739fc2edcb9a127f\"},\"headline\":\"Competi\u00e7\u00e3o de Bajas Evento re\u00fane 66 carros off-road e acontece at\u00e9 domingo, quando ser\u00e1 aberto ao p\u00fablico\",\"datePublished\":\"2010-02-26T22:36:32+00:00\",\"mainEntityOfPage\":{\"@id\":\"https:\/\/www.institutodeengenharia.org.br\/site\/2010\/02\/26\/competicao-de-bajas-evento-reune-66-carros-offroad-e-acontece-ate-domingo-quando-sera-aberto-ao-publico\/\"},\"wordCount\":1542,\"commentCount\":0,\"publisher\":{\"@id\":\"https:\/\/www.institutodeengenharia.org.br\/site\/#organization\"},\"image\":{\"@id\":\"https:\/\/www.institutodeengenharia.org.br\/site\/2010\/02\/26\/competicao-de-bajas-evento-reune-66-carros-offroad-e-acontece-ate-domingo-quando-sera-aberto-ao-publico\/#primaryimage\"},\"thumbnailUrl\":\"https:\/\/www.institutodeengenharia.org.br\/site\/wp-content\/uploads\/2017\/10\/noticia_2138_1060690493.jpg\",\"articleSection\":[\"Not\u00edcias\",\"Pesquisa e Desenvolvimento\"],\"inLanguage\":\"pt-BR\",\"potentialAction\":[{\"@type\":\"CommentAction\",\"name\":\"Comment\",\"target\":[\"https:\/\/www.institutodeengenharia.org.br\/site\/2010\/02\/26\/competicao-de-bajas-evento-reune-66-carros-offroad-e-acontece-ate-domingo-quando-sera-aberto-ao-publico\/#respond\"]}]},{\"@type\":\"WebPage\",\"@id\":\"https:\/\/www.institutodeengenharia.org.br\/site\/2010\/02\/26\/competicao-de-bajas-evento-reune-66-carros-offroad-e-acontece-ate-domingo-quando-sera-aberto-ao-publico\/\",\"url\":\"https:\/\/www.institutodeengenharia.org.br\/site\/2010\/02\/26\/competicao-de-bajas-evento-reune-66-carros-offroad-e-acontece-ate-domingo-quando-sera-aberto-ao-publico\/\",\"name\":\"Competi\u00e7\u00e3o de Bajas Evento re\u00fane 66 carros off-road e acontece at\u00e9 domingo, quando ser\u00e1 aberto ao p\u00fablico - Instituto de Engenharia\",\"isPartOf\":{\"@id\":\"https:\/\/www.institutodeengenharia.org.br\/site\/#website\"},\"primaryImageOfPage\":{\"@id\":\"https:\/\/www.institutodeengenharia.org.br\/site\/2010\/02\/26\/competicao-de-bajas-evento-reune-66-carros-offroad-e-acontece-ate-domingo-quando-sera-aberto-ao-publico\/#primaryimage\"},\"image\":{\"@id\":\"https:\/\/www.institutodeengenharia.org.br\/site\/2010\/02\/26\/competicao-de-bajas-evento-reune-66-carros-offroad-e-acontece-ate-domingo-quando-sera-aberto-ao-publico\/#primaryimage\"},\"thumbnailUrl\":\"https:\/\/www.institutodeengenharia.org.br\/site\/wp-content\/uploads\/2017\/10\/noticia_2138_1060690493.jpg\",\"datePublished\":\"2010-02-26T22:36:32+00:00\",\"breadcrumb\":{\"@id\":\"https:\/\/www.institutodeengenharia.org.br\/site\/2010\/02\/26\/competicao-de-bajas-evento-reune-66-carros-offroad-e-acontece-ate-domingo-quando-sera-aberto-ao-publico\/#breadcrumb\"},\"inLanguage\":\"pt-BR\",\"potentialAction\":[{\"@type\":\"ReadAction\",\"target\":[\"https:\/\/www.institutodeengenharia.org.br\/site\/2010\/02\/26\/competicao-de-bajas-evento-reune-66-carros-offroad-e-acontece-ate-domingo-quando-sera-aberto-ao-publico\/\"]}]},{\"@type\":\"ImageObject\",\"inLanguage\":\"pt-BR\",\"@id\":\"https:\/\/www.institutodeengenharia.org.br\/site\/2010\/02\/26\/competicao-de-bajas-evento-reune-66-carros-offroad-e-acontece-ate-domingo-quando-sera-aberto-ao-publico\/#primaryimage\",\"url\":\"https:\/\/www.institutodeengenharia.org.br\/site\/wp-content\/uploads\/2017\/10\/noticia_2138_1060690493.jpg\",\"contentUrl\":\"https:\/\/www.institutodeengenharia.org.br\/site\/wp-content\/uploads\/2017\/10\/noticia_2138_1060690493.jpg\",\"width\":309,\"height\":237,\"caption\":\"Carro da FEI, institui\u00e7\u00e3o que ter\u00e1 duas equipes\"},{\"@type\":\"BreadcrumbList\",\"@id\":\"https:\/\/www.institutodeengenharia.org.br\/site\/2010\/02\/26\/competicao-de-bajas-evento-reune-66-carros-offroad-e-acontece-ate-domingo-quando-sera-aberto-ao-publico\/#breadcrumb\",\"itemListElement\":[{\"@type\":\"ListItem\",\"position\":1,\"name\":\"In\u00edcio\",\"item\":\"https:\/\/www.institutodeengenharia.org.br\/site\/\"},{\"@type\":\"ListItem\",\"position\":2,\"name\":\"Competi\u00e7\u00e3o de Bajas Evento re\u00fane 66 carros off-road e acontece at\u00e9 domingo, quando ser\u00e1 aberto ao p\u00fablico\"}]},{\"@type\":\"WebSite\",\"@id\":\"https:\/\/www.institutodeengenharia.org.br\/site\/#website\",\"url\":\"https:\/\/www.institutodeengenharia.org.br\/site\/\",\"name\":\"Instituto de Engenharia\",\"description\":\"O Instituto de Engenharia promove a Engenharia em benef\u00edcio do desenvolvimento e da qualidade de vida da sociedade.\",\"publisher\":{\"@id\":\"https:\/\/www.institutodeengenharia.org.br\/site\/#organization\"},\"potentialAction\":[{\"@type\":\"SearchAction\",\"target\":{\"@type\":\"EntryPoint\",\"urlTemplate\":\"https:\/\/www.institutodeengenharia.org.br\/site\/?s={search_term_string}\"},\"query-input\":{\"@type\":\"PropertyValueSpecification\",\"valueRequired\":true,\"valueName\":\"search_term_string\"}}],\"inLanguage\":\"pt-BR\"},{\"@type\":\"Organization\",\"@id\":\"https:\/\/www.institutodeengenharia.org.br\/site\/#organization\",\"name\":\"Instituto de Engenharia\",\"url\":\"https:\/\/www.institutodeengenharia.org.br\/site\/\",\"logo\":{\"@type\":\"ImageObject\",\"inLanguage\":\"pt-BR\",\"@id\":\"https:\/\/www.institutodeengenharia.org.br\/site\/#\/schema\/logo\/image\/\",\"url\":\"https:\/\/www.institutodeengenharia.org.br\/site\/wp-content\/uploads\/2019\/03\/logo-novo-IE2018-1.jpg\",\"contentUrl\":\"https:\/\/www.institutodeengenharia.org.br\/site\/wp-content\/uploads\/2019\/03\/logo-novo-IE2018-1.jpg\",\"width\":1486,\"height\":1879,\"caption\":\"Instituto de Engenharia\"},\"image\":{\"@id\":\"https:\/\/www.institutodeengenharia.org.br\/site\/#\/schema\/logo\/image\/\"},\"sameAs\":[\"https:\/\/www.facebook.com\/institutodeengenharia\",\"https:\/\/x.com\/iengenharia\",\"https:\/\/www.instagram.com\/institutodeengenharia\/\",\"https:\/\/www.linkedin.com\/company\/instituto-de-engenharia\/\",\"https:\/\/www.youtube.com\/channel\/UCXiCAlsSMe977vamW915HxA\"]},{\"@type\":\"Person\",\"@id\":\"https:\/\/www.institutodeengenharia.org.br\/site\/#\/schema\/person\/3b1ff109facef084739fc2edcb9a127f\",\"name\":\"TMax Tecnologia\",\"image\":{\"@type\":\"ImageObject\",\"inLanguage\":\"pt-BR\",\"@id\":\"https:\/\/secure.gravatar.com\/avatar\/f912434ef7f389c92cb311fcdae346af848465d638912574b3c669070f797701?s=96&d=mm&r=g\",\"url\":\"https:\/\/secure.gravatar.com\/avatar\/f912434ef7f389c92cb311fcdae346af848465d638912574b3c669070f797701?s=96&d=mm&r=g\",\"contentUrl\":\"https:\/\/secure.gravatar.com\/avatar\/f912434ef7f389c92cb311fcdae346af848465d638912574b3c669070f797701?s=96&d=mm&r=g\",\"caption\":\"TMax Tecnologia\"},\"url\":\"https:\/\/www.institutodeengenharia.org.br\/site\/author\/tmax\/\"}]}<\/script>\n<!-- \/ Yoast SEO plugin. -->","yoast_head_json":{"title":"Competi\u00e7\u00e3o de Bajas Evento re\u00fane 66 carros off-road e acontece at\u00e9 domingo, quando ser\u00e1 aberto ao p\u00fablico - Instituto de Engenharia","robots":{"index":"index","follow":"follow","max-snippet":"max-snippet:-1","max-image-preview":"max-image-preview:large","max-video-preview":"max-video-preview:-1"},"canonical":"https:\/\/www.institutodeengenharia.org.br\/site\/2010\/02\/26\/competicao-de-bajas-evento-reune-66-carros-offroad-e-acontece-ate-domingo-quando-sera-aberto-ao-publico\/","og_locale":"pt_BR","og_type":"article","og_title":"Competi\u00e7\u00e3o de Bajas Evento re\u00fane 66 carros off-road e acontece at\u00e9 domingo, quando ser\u00e1 aberto ao p\u00fablico - Instituto de Engenharia","og_description":"Baja: \u00faltimos ajustes\u00a0 Competi\u00e7\u00e3o de Bajas Evento re\u00fane 66 carros off-road e acontece at\u00e9 domingo, quando ser\u00e1 aberto ao p\u00fablico\u00a0 Concentra\u00e7\u00e3o, reparos finais, avalia\u00e7\u00e3o e muita expectativa tomaram conta ontem das cerca de 50 equipes que aceitaram o desafio de desenvolver carros off-road, para a 16\u00aa Competi\u00e7\u00e3o Baja SAE Brasil Petrobras, que acontece no Esporte [&hellip;]","og_url":"https:\/\/www.institutodeengenharia.org.br\/site\/2010\/02\/26\/competicao-de-bajas-evento-reune-66-carros-offroad-e-acontece-ate-domingo-quando-sera-aberto-ao-publico\/","og_site_name":"Instituto de Engenharia","article_publisher":"https:\/\/www.facebook.com\/institutodeengenharia","article_published_time":"2010-02-26T22:36:32+00:00","og_image":[{"width":309,"height":237,"url":"https:\/\/www.institutodeengenharia.org.br\/site\/wp-content\/uploads\/2017\/10\/noticia_2138_1060690493.jpg","type":"image\/jpeg"}],"author":"TMax Tecnologia","twitter_card":"summary_large_image","twitter_creator":"@iengenharia","twitter_site":"@iengenharia","twitter_misc":{"Escrito por":"TMax Tecnologia","Est. tempo de leitura":"8 minutos"},"schema":{"@context":"https:\/\/schema.org","@graph":[{"@type":"Article","@id":"https:\/\/www.institutodeengenharia.org.br\/site\/2010\/02\/26\/competicao-de-bajas-evento-reune-66-carros-offroad-e-acontece-ate-domingo-quando-sera-aberto-ao-publico\/#article","isPartOf":{"@id":"https:\/\/www.institutodeengenharia.org.br\/site\/2010\/02\/26\/competicao-de-bajas-evento-reune-66-carros-offroad-e-acontece-ate-domingo-quando-sera-aberto-ao-publico\/"},"author":{"name":"TMax Tecnologia","@id":"https:\/\/www.institutodeengenharia.org.br\/site\/#\/schema\/person\/3b1ff109facef084739fc2edcb9a127f"},"headline":"Competi\u00e7\u00e3o de Bajas Evento re\u00fane 66 carros off-road e acontece at\u00e9 domingo, quando ser\u00e1 aberto ao p\u00fablico","datePublished":"2010-02-26T22:36:32+00:00","mainEntityOfPage":{"@id":"https:\/\/www.institutodeengenharia.org.br\/site\/2010\/02\/26\/competicao-de-bajas-evento-reune-66-carros-offroad-e-acontece-ate-domingo-quando-sera-aberto-ao-publico\/"},"wordCount":1542,"commentCount":0,"publisher":{"@id":"https:\/\/www.institutodeengenharia.org.br\/site\/#organization"},"image":{"@id":"https:\/\/www.institutodeengenharia.org.br\/site\/2010\/02\/26\/competicao-de-bajas-evento-reune-66-carros-offroad-e-acontece-ate-domingo-quando-sera-aberto-ao-publico\/#primaryimage"},"thumbnailUrl":"https:\/\/www.institutodeengenharia.org.br\/site\/wp-content\/uploads\/2017\/10\/noticia_2138_1060690493.jpg","articleSection":["Not\u00edcias","Pesquisa e Desenvolvimento"],"inLanguage":"pt-BR","potentialAction":[{"@type":"CommentAction","name":"Comment","target":["https:\/\/www.institutodeengenharia.org.br\/site\/2010\/02\/26\/competicao-de-bajas-evento-reune-66-carros-offroad-e-acontece-ate-domingo-quando-sera-aberto-ao-publico\/#respond"]}]},{"@type":"WebPage","@id":"https:\/\/www.institutodeengenharia.org.br\/site\/2010\/02\/26\/competicao-de-bajas-evento-reune-66-carros-offroad-e-acontece-ate-domingo-quando-sera-aberto-ao-publico\/","url":"https:\/\/www.institutodeengenharia.org.br\/site\/2010\/02\/26\/competicao-de-bajas-evento-reune-66-carros-offroad-e-acontece-ate-domingo-quando-sera-aberto-ao-publico\/","name":"Competi\u00e7\u00e3o de Bajas Evento re\u00fane 66 carros off-road e acontece at\u00e9 domingo, quando ser\u00e1 aberto ao p\u00fablico - Instituto de Engenharia","isPartOf":{"@id":"https:\/\/www.institutodeengenharia.org.br\/site\/#website"},"primaryImageOfPage":{"@id":"https:\/\/www.institutodeengenharia.org.br\/site\/2010\/02\/26\/competicao-de-bajas-evento-reune-66-carros-offroad-e-acontece-ate-domingo-quando-sera-aberto-ao-publico\/#primaryimage"},"image":{"@id":"https:\/\/www.institutodeengenharia.org.br\/site\/2010\/02\/26\/competicao-de-bajas-evento-reune-66-carros-offroad-e-acontece-ate-domingo-quando-sera-aberto-ao-publico\/#primaryimage"},"thumbnailUrl":"https:\/\/www.institutodeengenharia.org.br\/site\/wp-content\/uploads\/2017\/10\/noticia_2138_1060690493.jpg","datePublished":"2010-02-26T22:36:32+00:00","breadcrumb":{"@id":"https:\/\/www.institutodeengenharia.org.br\/site\/2010\/02\/26\/competicao-de-bajas-evento-reune-66-carros-offroad-e-acontece-ate-domingo-quando-sera-aberto-ao-publico\/#breadcrumb"},"inLanguage":"pt-BR","potentialAction":[{"@type":"ReadAction","target":["https:\/\/www.institutodeengenharia.org.br\/site\/2010\/02\/26\/competicao-de-bajas-evento-reune-66-carros-offroad-e-acontece-ate-domingo-quando-sera-aberto-ao-publico\/"]}]},{"@type":"ImageObject","inLanguage":"pt-BR","@id":"https:\/\/www.institutodeengenharia.org.br\/site\/2010\/02\/26\/competicao-de-bajas-evento-reune-66-carros-offroad-e-acontece-ate-domingo-quando-sera-aberto-ao-publico\/#primaryimage","url":"https:\/\/www.institutodeengenharia.org.br\/site\/wp-content\/uploads\/2017\/10\/noticia_2138_1060690493.jpg","contentUrl":"https:\/\/www.institutodeengenharia.org.br\/site\/wp-content\/uploads\/2017\/10\/noticia_2138_1060690493.jpg","width":309,"height":237,"caption":"Carro da FEI, institui\u00e7\u00e3o que ter\u00e1 duas equipes"},{"@type":"BreadcrumbList","@id":"https:\/\/www.institutodeengenharia.org.br\/site\/2010\/02\/26\/competicao-de-bajas-evento-reune-66-carros-offroad-e-acontece-ate-domingo-quando-sera-aberto-ao-publico\/#breadcrumb","itemListElement":[{"@type":"ListItem","position":1,"name":"In\u00edcio","item":"https:\/\/www.institutodeengenharia.org.br\/site\/"},{"@type":"ListItem","position":2,"name":"Competi\u00e7\u00e3o de Bajas Evento re\u00fane 66 carros off-road e acontece at\u00e9 domingo, quando ser\u00e1 aberto ao p\u00fablico"}]},{"@type":"WebSite","@id":"https:\/\/www.institutodeengenharia.org.br\/site\/#website","url":"https:\/\/www.institutodeengenharia.org.br\/site\/","name":"Instituto de Engenharia","description":"O Instituto de Engenharia promove a Engenharia em benef\u00edcio do desenvolvimento e da qualidade de vida da sociedade.","publisher":{"@id":"https:\/\/www.institutodeengenharia.org.br\/site\/#organization"},"potentialAction":[{"@type":"SearchAction","target":{"@type":"EntryPoint","urlTemplate":"https:\/\/www.institutodeengenharia.org.br\/site\/?s={search_term_string}"},"query-input":{"@type":"PropertyValueSpecification","valueRequired":true,"valueName":"search_term_string"}}],"inLanguage":"pt-BR"},{"@type":"Organization","@id":"https:\/\/www.institutodeengenharia.org.br\/site\/#organization","name":"Instituto de Engenharia","url":"https:\/\/www.institutodeengenharia.org.br\/site\/","logo":{"@type":"ImageObject","inLanguage":"pt-BR","@id":"https:\/\/www.institutodeengenharia.org.br\/site\/#\/schema\/logo\/image\/","url":"https:\/\/www.institutodeengenharia.org.br\/site\/wp-content\/uploads\/2019\/03\/logo-novo-IE2018-1.jpg","contentUrl":"https:\/\/www.institutodeengenharia.org.br\/site\/wp-content\/uploads\/2019\/03\/logo-novo-IE2018-1.jpg","width":1486,"height":1879,"caption":"Instituto de Engenharia"},"image":{"@id":"https:\/\/www.institutodeengenharia.org.br\/site\/#\/schema\/logo\/image\/"},"sameAs":["https:\/\/www.facebook.com\/institutodeengenharia","https:\/\/x.com\/iengenharia","https:\/\/www.instagram.com\/institutodeengenharia\/","https:\/\/www.linkedin.com\/company\/instituto-de-engenharia\/","https:\/\/www.youtube.com\/channel\/UCXiCAlsSMe977vamW915HxA"]},{"@type":"Person","@id":"https:\/\/www.institutodeengenharia.org.br\/site\/#\/schema\/person\/3b1ff109facef084739fc2edcb9a127f","name":"TMax Tecnologia","image":{"@type":"ImageObject","inLanguage":"pt-BR","@id":"https:\/\/secure.gravatar.com\/avatar\/f912434ef7f389c92cb311fcdae346af848465d638912574b3c669070f797701?s=96&d=mm&r=g","url":"https:\/\/secure.gravatar.com\/avatar\/f912434ef7f389c92cb311fcdae346af848465d638912574b3c669070f797701?s=96&d=mm&r=g","contentUrl":"https:\/\/secure.gravatar.com\/avatar\/f912434ef7f389c92cb311fcdae346af848465d638912574b3c669070f797701?s=96&d=mm&r=g","caption":"TMax Tecnologia"},"url":"https:\/\/www.institutodeengenharia.org.br\/site\/author\/tmax\/"}]}},"_links":{"self":[{"href":"https:\/\/www.institutodeengenharia.org.br\/site\/wp-json\/wp\/v2\/posts\/17609","targetHints":{"allow":["GET"]}}],"collection":[{"href":"https:\/\/www.institutodeengenharia.org.br\/site\/wp-json\/wp\/v2\/posts"}],"about":[{"href":"https:\/\/www.institutodeengenharia.org.br\/site\/wp-json\/wp\/v2\/types\/post"}],"author":[{"embeddable":true,"href":"https:\/\/www.institutodeengenharia.org.br\/site\/wp-json\/wp\/v2\/users\/1"}],"replies":[{"embeddable":true,"href":"https:\/\/www.institutodeengenharia.org.br\/site\/wp-json\/wp\/v2\/comments?post=17609"}],"version-history":[{"count":0,"href":"https:\/\/www.institutodeengenharia.org.br\/site\/wp-json\/wp\/v2\/posts\/17609\/revisions"}],"wp:featuredmedia":[{"embeddable":true,"href":"https:\/\/www.institutodeengenharia.org.br\/site\/wp-json\/wp\/v2\/media\/17610"}],"wp:attachment":[{"href":"https:\/\/www.institutodeengenharia.org.br\/site\/wp-json\/wp\/v2\/media?parent=17609"}],"wp:term":[{"taxonomy":"category","embeddable":true,"href":"https:\/\/www.institutodeengenharia.org.br\/site\/wp-json\/wp\/v2\/categories?post=17609"},{"taxonomy":"post_tag","embeddable":true,"href":"https:\/\/www.institutodeengenharia.org.br\/site\/wp-json\/wp\/v2\/tags?post=17609"}],"curies":[{"name":"wp","href":"https:\/\/api.w.org\/{rel}","templated":true}]}}