{"id":17598,"date":"2010-02-25T22:36:23","date_gmt":"2010-02-25T22:36:23","guid":{"rendered":"https:\/\/www.institutodeengenharia.org.br\/?p=17598"},"modified":"2010-02-25T13:53:18","modified_gmt":"2010-02-25T13:53:18","slug":"empresa-alema-quer-dar-a-volta-ao-mundo-com-navio-movido-a-energia-solar","status":"publish","type":"post","link":"https:\/\/www.institutodeengenharia.org.br\/site\/2010\/02\/25\/empresa-alema-quer-dar-a-volta-ao-mundo-com-navio-movido-a-energia-solar\/","title":{"rendered":"Empresa alem\u00e3 quer dar a volta ao mundo com navio movido a energia solar"},"content":{"rendered":"<p><em>PlanetSolar atinge 25 km\/h e pode receber 50 a bordo. <br \/>\nInventores prometem embarca\u00e7\u00e3o limpa e silenciosa<\/em><\/p>\n<p>O PlanetSolar, maior &#8220;navio solar&#8221; do mundo, segundo seus construtores, foi apresentado nesta quinta-feira (25) em Kiel, norte da Alemanha. A embarca\u00e7\u00e3o far\u00e1 uma viagem pela Europa este ano e a volta ao mundo, em 2011. <\/p>\n<p>&#8220;\u00c9 um sentimento \u00fanico ver concretizado, hoje, um sonho de tanto tempo&#8221;, afirmou Raphael Domjan, iniciador do projeto e futuro capit\u00e3o. <\/p>\n<p>Com 30 metros de comprimento e 16 metros de largura, o navio est\u00e1 equipado com de pain\u00e9is solares fotovoltaicos e ser\u00e1 &#8220;limpo e silencioso&#8221;, segundo a companhia respons\u00e1vel e da embarca\u00e7\u00e3o. <\/p>\n<p>Poder\u00e1 alcan\u00e7ar velocidade m\u00e1xima de 15 n\u00f3s (25 km\/h) e tem capacidade para 50 pessoas. <\/p>\n<p>Para a volta ao mundo, os futuros tripulates pensam em permanecer o mais tempo poss\u00edvel perto do Equador para aproveitarem o sol. <\/p>\n<p>A viagem de 40 mil quil\u00f4metros dever\u00e1 durar 140 dias, atravessando o Oceano Atl\u00e2ntico, o Canal de Panam\u00e1, o Oceano Pac\u00edfico e o Oceano \u00cdndico, at\u00e9 passar pelo Canal de Suez para chegar ao Mar Mediterr\u00e2neo. <\/p>\n<p><b>Autor: G1<\/b><\/p>\n","protected":false},"excerpt":{"rendered":"<p>PlanetSolar atinge 25 km\/h e pode receber 50 a bordo. Inventores prometem embarca\u00e7\u00e3o limpa e silenciosa O PlanetSolar, maior &#8220;navio solar&#8221; do mundo, segundo seus construtores, foi apresentado nesta quinta-feira (25) em Kiel, norte da Alemanha. A embarca\u00e7\u00e3o far\u00e1 uma viagem pela Europa este ano e a volta ao mundo, em 2011. &#8220;\u00c9 um sentimento [&hellip;]<\/p>\n","protected":false},"author":1,"featured_media":17599,"comment_status":"open","ping_status":"open","sticky":false,"template":"","format":"standard","meta":{"footnotes":""},"categories":[24,6],"tags":[],"class_list":{"0":"post-17598","1":"post","2":"type-post","3":"status-publish","4":"format-standard","5":"has-post-thumbnail","7":"category-energia","8":"category-noticias"},"yoast_head":"<!-- This site is optimized with the Yoast SEO plugin v27.2 - https:\/\/yoast.com\/product\/yoast-seo-wordpress\/ -->\n<title>Empresa alem\u00e3 quer dar a volta ao mundo com navio movido a energia solar - Instituto de Engenharia<\/title>\n<meta name=\"robots\" content=\"index, follow, max-snippet:-1, max-image-preview:large, max-video-preview:-1\" \/>\n<link rel=\"canonical\" href=\"https:\/\/www.institutodeengenharia.org.br\/site\/2010\/02\/25\/empresa-alema-quer-dar-a-volta-ao-mundo-com-navio-movido-a-energia-solar\/\" \/>\n<meta property=\"og:locale\" content=\"pt_BR\" \/>\n<meta property=\"og:type\" content=\"article\" \/>\n<meta property=\"og:title\" content=\"Empresa alem\u00e3 quer dar a volta ao mundo com navio movido a energia solar - Instituto de Engenharia\" \/>\n<meta property=\"og:description\" content=\"PlanetSolar atinge 25 km\/h e pode receber 50 a bordo. Inventores prometem embarca\u00e7\u00e3o limpa e silenciosa O PlanetSolar, maior &#8220;navio solar&#8221; do mundo, segundo seus construtores, foi apresentado nesta quinta-feira (25) em Kiel, norte da Alemanha. A embarca\u00e7\u00e3o far\u00e1 uma viagem pela Europa este ano e a volta ao mundo, em 2011. &#8220;\u00c9 um sentimento [&hellip;]\" \/>\n<meta property=\"og:url\" content=\"https:\/\/www.institutodeengenharia.org.br\/site\/2010\/02\/25\/empresa-alema-quer-dar-a-volta-ao-mundo-com-navio-movido-a-energia-solar\/\" \/>\n<meta property=\"og:site_name\" content=\"Instituto de Engenharia\" \/>\n<meta property=\"article:publisher\" content=\"https:\/\/www.facebook.com\/institutodeengenharia\" \/>\n<meta property=\"article:published_time\" content=\"2010-02-25T22:36:23+00:00\" \/>\n<meta property=\"og:image\" content=\"https:\/\/www.institutodeengenharia.org.br\/site\/wp-content\/uploads\/2017\/10\/noticia_2107_1480164687.jpg\" \/>\n\t<meta property=\"og:image:width\" content=\"309\" \/>\n\t<meta property=\"og:image:height\" content=\"237\" \/>\n\t<meta property=\"og:image:type\" content=\"image\/jpeg\" \/>\n<meta name=\"author\" content=\"TMax Tecnologia\" \/>\n<meta name=\"twitter:card\" content=\"summary_large_image\" \/>\n<meta name=\"twitter:creator\" content=\"@iengenharia\" \/>\n<meta name=\"twitter:site\" content=\"@iengenharia\" \/>\n<meta name=\"twitter:label1\" content=\"Escrito por\" \/>\n\t<meta name=\"twitter:data1\" content=\"TMax Tecnologia\" \/>\n\t<meta name=\"twitter:label2\" content=\"Est. tempo de leitura\" \/>\n\t<meta name=\"twitter:data2\" content=\"1 minuto\" \/>\n<script type=\"application\/ld+json\" class=\"yoast-schema-graph\">{\"@context\":\"https:\/\/schema.org\",\"@graph\":[{\"@type\":\"Article\",\"@id\":\"https:\/\/www.institutodeengenharia.org.br\/site\/2010\/02\/25\/empresa-alema-quer-dar-a-volta-ao-mundo-com-navio-movido-a-energia-solar\/#article\",\"isPartOf\":{\"@id\":\"https:\/\/www.institutodeengenharia.org.br\/site\/2010\/02\/25\/empresa-alema-quer-dar-a-volta-ao-mundo-com-navio-movido-a-energia-solar\/\"},\"author\":{\"name\":\"TMax Tecnologia\",\"@id\":\"https:\/\/www.institutodeengenharia.org.br\/site\/#\/schema\/person\/3b1ff109facef084739fc2edcb9a127f\"},\"headline\":\"Empresa alem\u00e3 quer dar a volta ao mundo com navio movido a energia solar\",\"datePublished\":\"2010-02-25T22:36:23+00:00\",\"mainEntityOfPage\":{\"@id\":\"https:\/\/www.institutodeengenharia.org.br\/site\/2010\/02\/25\/empresa-alema-quer-dar-a-volta-ao-mundo-com-navio-movido-a-energia-solar\/\"},\"wordCount\":197,\"commentCount\":0,\"publisher\":{\"@id\":\"https:\/\/www.institutodeengenharia.org.br\/site\/#organization\"},\"image\":{\"@id\":\"https:\/\/www.institutodeengenharia.org.br\/site\/2010\/02\/25\/empresa-alema-quer-dar-a-volta-ao-mundo-com-navio-movido-a-energia-solar\/#primaryimage\"},\"thumbnailUrl\":\"https:\/\/www.institutodeengenharia.org.br\/site\/wp-content\/uploads\/2017\/10\/noticia_2107_1480164687.jpg\",\"articleSection\":[\"Energia\",\"Not\u00edcias\"],\"inLanguage\":\"pt-BR\",\"potentialAction\":[{\"@type\":\"CommentAction\",\"name\":\"Comment\",\"target\":[\"https:\/\/www.institutodeengenharia.org.br\/site\/2010\/02\/25\/empresa-alema-quer-dar-a-volta-ao-mundo-com-navio-movido-a-energia-solar\/#respond\"]}]},{\"@type\":\"WebPage\",\"@id\":\"https:\/\/www.institutodeengenharia.org.br\/site\/2010\/02\/25\/empresa-alema-quer-dar-a-volta-ao-mundo-com-navio-movido-a-energia-solar\/\",\"url\":\"https:\/\/www.institutodeengenharia.org.br\/site\/2010\/02\/25\/empresa-alema-quer-dar-a-volta-ao-mundo-com-navio-movido-a-energia-solar\/\",\"name\":\"Empresa alem\u00e3 quer dar a volta ao mundo com navio movido a energia solar - Instituto de Engenharia\",\"isPartOf\":{\"@id\":\"https:\/\/www.institutodeengenharia.org.br\/site\/#website\"},\"primaryImageOfPage\":{\"@id\":\"https:\/\/www.institutodeengenharia.org.br\/site\/2010\/02\/25\/empresa-alema-quer-dar-a-volta-ao-mundo-com-navio-movido-a-energia-solar\/#primaryimage\"},\"image\":{\"@id\":\"https:\/\/www.institutodeengenharia.org.br\/site\/2010\/02\/25\/empresa-alema-quer-dar-a-volta-ao-mundo-com-navio-movido-a-energia-solar\/#primaryimage\"},\"thumbnailUrl\":\"https:\/\/www.institutodeengenharia.org.br\/site\/wp-content\/uploads\/2017\/10\/noticia_2107_1480164687.jpg\",\"datePublished\":\"2010-02-25T22:36:23+00:00\",\"breadcrumb\":{\"@id\":\"https:\/\/www.institutodeengenharia.org.br\/site\/2010\/02\/25\/empresa-alema-quer-dar-a-volta-ao-mundo-com-navio-movido-a-energia-solar\/#breadcrumb\"},\"inLanguage\":\"pt-BR\",\"potentialAction\":[{\"@type\":\"ReadAction\",\"target\":[\"https:\/\/www.institutodeengenharia.org.br\/site\/2010\/02\/25\/empresa-alema-quer-dar-a-volta-ao-mundo-com-navio-movido-a-energia-solar\/\"]}]},{\"@type\":\"ImageObject\",\"inLanguage\":\"pt-BR\",\"@id\":\"https:\/\/www.institutodeengenharia.org.br\/site\/2010\/02\/25\/empresa-alema-quer-dar-a-volta-ao-mundo-com-navio-movido-a-energia-solar\/#primaryimage\",\"url\":\"https:\/\/www.institutodeengenharia.org.br\/site\/wp-content\/uploads\/2017\/10\/noticia_2107_1480164687.jpg\",\"contentUrl\":\"https:\/\/www.institutodeengenharia.org.br\/site\/wp-content\/uploads\/2017\/10\/noticia_2107_1480164687.jpg\",\"width\":309,\"height\":237,\"caption\":\"O Planet Solar durante sua apresenta\u00e7\u00e3o nesta quinta-feira (25) na cidade alem\u00e3 de Kiel\"},{\"@type\":\"BreadcrumbList\",\"@id\":\"https:\/\/www.institutodeengenharia.org.br\/site\/2010\/02\/25\/empresa-alema-quer-dar-a-volta-ao-mundo-com-navio-movido-a-energia-solar\/#breadcrumb\",\"itemListElement\":[{\"@type\":\"ListItem\",\"position\":1,\"name\":\"In\u00edcio\",\"item\":\"https:\/\/www.institutodeengenharia.org.br\/site\/\"},{\"@type\":\"ListItem\",\"position\":2,\"name\":\"Empresa alem\u00e3 quer dar a volta ao mundo com navio movido a energia solar\"}]},{\"@type\":\"WebSite\",\"@id\":\"https:\/\/www.institutodeengenharia.org.br\/site\/#website\",\"url\":\"https:\/\/www.institutodeengenharia.org.br\/site\/\",\"name\":\"Instituto de Engenharia\",\"description\":\"O Instituto de Engenharia promove a Engenharia em benef\u00edcio do desenvolvimento e da qualidade de vida da sociedade.\",\"publisher\":{\"@id\":\"https:\/\/www.institutodeengenharia.org.br\/site\/#organization\"},\"potentialAction\":[{\"@type\":\"SearchAction\",\"target\":{\"@type\":\"EntryPoint\",\"urlTemplate\":\"https:\/\/www.institutodeengenharia.org.br\/site\/?s={search_term_string}\"},\"query-input\":{\"@type\":\"PropertyValueSpecification\",\"valueRequired\":true,\"valueName\":\"search_term_string\"}}],\"inLanguage\":\"pt-BR\"},{\"@type\":\"Organization\",\"@id\":\"https:\/\/www.institutodeengenharia.org.br\/site\/#organization\",\"name\":\"Instituto de Engenharia\",\"url\":\"https:\/\/www.institutodeengenharia.org.br\/site\/\",\"logo\":{\"@type\":\"ImageObject\",\"inLanguage\":\"pt-BR\",\"@id\":\"https:\/\/www.institutodeengenharia.org.br\/site\/#\/schema\/logo\/image\/\",\"url\":\"https:\/\/www.institutodeengenharia.org.br\/site\/wp-content\/uploads\/2019\/03\/logo-novo-IE2018-1.jpg\",\"contentUrl\":\"https:\/\/www.institutodeengenharia.org.br\/site\/wp-content\/uploads\/2019\/03\/logo-novo-IE2018-1.jpg\",\"width\":1486,\"height\":1879,\"caption\":\"Instituto de Engenharia\"},\"image\":{\"@id\":\"https:\/\/www.institutodeengenharia.org.br\/site\/#\/schema\/logo\/image\/\"},\"sameAs\":[\"https:\/\/www.facebook.com\/institutodeengenharia\",\"https:\/\/x.com\/iengenharia\",\"https:\/\/www.instagram.com\/institutodeengenharia\/\",\"https:\/\/www.linkedin.com\/company\/instituto-de-engenharia\/\",\"https:\/\/www.youtube.com\/channel\/UCXiCAlsSMe977vamW915HxA\"]},{\"@type\":\"Person\",\"@id\":\"https:\/\/www.institutodeengenharia.org.br\/site\/#\/schema\/person\/3b1ff109facef084739fc2edcb9a127f\",\"name\":\"TMax Tecnologia\",\"image\":{\"@type\":\"ImageObject\",\"inLanguage\":\"pt-BR\",\"@id\":\"https:\/\/secure.gravatar.com\/avatar\/f912434ef7f389c92cb311fcdae346af848465d638912574b3c669070f797701?s=96&d=mm&r=g\",\"url\":\"https:\/\/secure.gravatar.com\/avatar\/f912434ef7f389c92cb311fcdae346af848465d638912574b3c669070f797701?s=96&d=mm&r=g\",\"contentUrl\":\"https:\/\/secure.gravatar.com\/avatar\/f912434ef7f389c92cb311fcdae346af848465d638912574b3c669070f797701?s=96&d=mm&r=g\",\"caption\":\"TMax Tecnologia\"},\"url\":\"https:\/\/www.institutodeengenharia.org.br\/site\/author\/tmax\/\"}]}<\/script>\n<!-- \/ Yoast SEO plugin. -->","yoast_head_json":{"title":"Empresa alem\u00e3 quer dar a volta ao mundo com navio movido a energia solar - Instituto de Engenharia","robots":{"index":"index","follow":"follow","max-snippet":"max-snippet:-1","max-image-preview":"max-image-preview:large","max-video-preview":"max-video-preview:-1"},"canonical":"https:\/\/www.institutodeengenharia.org.br\/site\/2010\/02\/25\/empresa-alema-quer-dar-a-volta-ao-mundo-com-navio-movido-a-energia-solar\/","og_locale":"pt_BR","og_type":"article","og_title":"Empresa alem\u00e3 quer dar a volta ao mundo com navio movido a energia solar - Instituto de Engenharia","og_description":"PlanetSolar atinge 25 km\/h e pode receber 50 a bordo. Inventores prometem embarca\u00e7\u00e3o limpa e silenciosa O PlanetSolar, maior &#8220;navio solar&#8221; do mundo, segundo seus construtores, foi apresentado nesta quinta-feira (25) em Kiel, norte da Alemanha. A embarca\u00e7\u00e3o far\u00e1 uma viagem pela Europa este ano e a volta ao mundo, em 2011. &#8220;\u00c9 um sentimento [&hellip;]","og_url":"https:\/\/www.institutodeengenharia.org.br\/site\/2010\/02\/25\/empresa-alema-quer-dar-a-volta-ao-mundo-com-navio-movido-a-energia-solar\/","og_site_name":"Instituto de Engenharia","article_publisher":"https:\/\/www.facebook.com\/institutodeengenharia","article_published_time":"2010-02-25T22:36:23+00:00","og_image":[{"width":309,"height":237,"url":"https:\/\/www.institutodeengenharia.org.br\/site\/wp-content\/uploads\/2017\/10\/noticia_2107_1480164687.jpg","type":"image\/jpeg"}],"author":"TMax Tecnologia","twitter_card":"summary_large_image","twitter_creator":"@iengenharia","twitter_site":"@iengenharia","twitter_misc":{"Escrito por":"TMax Tecnologia","Est. tempo de leitura":"1 minuto"},"schema":{"@context":"https:\/\/schema.org","@graph":[{"@type":"Article","@id":"https:\/\/www.institutodeengenharia.org.br\/site\/2010\/02\/25\/empresa-alema-quer-dar-a-volta-ao-mundo-com-navio-movido-a-energia-solar\/#article","isPartOf":{"@id":"https:\/\/www.institutodeengenharia.org.br\/site\/2010\/02\/25\/empresa-alema-quer-dar-a-volta-ao-mundo-com-navio-movido-a-energia-solar\/"},"author":{"name":"TMax Tecnologia","@id":"https:\/\/www.institutodeengenharia.org.br\/site\/#\/schema\/person\/3b1ff109facef084739fc2edcb9a127f"},"headline":"Empresa alem\u00e3 quer dar a volta ao mundo com navio movido a energia solar","datePublished":"2010-02-25T22:36:23+00:00","mainEntityOfPage":{"@id":"https:\/\/www.institutodeengenharia.org.br\/site\/2010\/02\/25\/empresa-alema-quer-dar-a-volta-ao-mundo-com-navio-movido-a-energia-solar\/"},"wordCount":197,"commentCount":0,"publisher":{"@id":"https:\/\/www.institutodeengenharia.org.br\/site\/#organization"},"image":{"@id":"https:\/\/www.institutodeengenharia.org.br\/site\/2010\/02\/25\/empresa-alema-quer-dar-a-volta-ao-mundo-com-navio-movido-a-energia-solar\/#primaryimage"},"thumbnailUrl":"https:\/\/www.institutodeengenharia.org.br\/site\/wp-content\/uploads\/2017\/10\/noticia_2107_1480164687.jpg","articleSection":["Energia","Not\u00edcias"],"inLanguage":"pt-BR","potentialAction":[{"@type":"CommentAction","name":"Comment","target":["https:\/\/www.institutodeengenharia.org.br\/site\/2010\/02\/25\/empresa-alema-quer-dar-a-volta-ao-mundo-com-navio-movido-a-energia-solar\/#respond"]}]},{"@type":"WebPage","@id":"https:\/\/www.institutodeengenharia.org.br\/site\/2010\/02\/25\/empresa-alema-quer-dar-a-volta-ao-mundo-com-navio-movido-a-energia-solar\/","url":"https:\/\/www.institutodeengenharia.org.br\/site\/2010\/02\/25\/empresa-alema-quer-dar-a-volta-ao-mundo-com-navio-movido-a-energia-solar\/","name":"Empresa alem\u00e3 quer dar a volta ao mundo com navio movido a energia solar - Instituto de Engenharia","isPartOf":{"@id":"https:\/\/www.institutodeengenharia.org.br\/site\/#website"},"primaryImageOfPage":{"@id":"https:\/\/www.institutodeengenharia.org.br\/site\/2010\/02\/25\/empresa-alema-quer-dar-a-volta-ao-mundo-com-navio-movido-a-energia-solar\/#primaryimage"},"image":{"@id":"https:\/\/www.institutodeengenharia.org.br\/site\/2010\/02\/25\/empresa-alema-quer-dar-a-volta-ao-mundo-com-navio-movido-a-energia-solar\/#primaryimage"},"thumbnailUrl":"https:\/\/www.institutodeengenharia.org.br\/site\/wp-content\/uploads\/2017\/10\/noticia_2107_1480164687.jpg","datePublished":"2010-02-25T22:36:23+00:00","breadcrumb":{"@id":"https:\/\/www.institutodeengenharia.org.br\/site\/2010\/02\/25\/empresa-alema-quer-dar-a-volta-ao-mundo-com-navio-movido-a-energia-solar\/#breadcrumb"},"inLanguage":"pt-BR","potentialAction":[{"@type":"ReadAction","target":["https:\/\/www.institutodeengenharia.org.br\/site\/2010\/02\/25\/empresa-alema-quer-dar-a-volta-ao-mundo-com-navio-movido-a-energia-solar\/"]}]},{"@type":"ImageObject","inLanguage":"pt-BR","@id":"https:\/\/www.institutodeengenharia.org.br\/site\/2010\/02\/25\/empresa-alema-quer-dar-a-volta-ao-mundo-com-navio-movido-a-energia-solar\/#primaryimage","url":"https:\/\/www.institutodeengenharia.org.br\/site\/wp-content\/uploads\/2017\/10\/noticia_2107_1480164687.jpg","contentUrl":"https:\/\/www.institutodeengenharia.org.br\/site\/wp-content\/uploads\/2017\/10\/noticia_2107_1480164687.jpg","width":309,"height":237,"caption":"O Planet Solar durante sua apresenta\u00e7\u00e3o nesta quinta-feira (25) na cidade alem\u00e3 de Kiel"},{"@type":"BreadcrumbList","@id":"https:\/\/www.institutodeengenharia.org.br\/site\/2010\/02\/25\/empresa-alema-quer-dar-a-volta-ao-mundo-com-navio-movido-a-energia-solar\/#breadcrumb","itemListElement":[{"@type":"ListItem","position":1,"name":"In\u00edcio","item":"https:\/\/www.institutodeengenharia.org.br\/site\/"},{"@type":"ListItem","position":2,"name":"Empresa alem\u00e3 quer dar a volta ao mundo com navio movido a energia solar"}]},{"@type":"WebSite","@id":"https:\/\/www.institutodeengenharia.org.br\/site\/#website","url":"https:\/\/www.institutodeengenharia.org.br\/site\/","name":"Instituto de Engenharia","description":"O Instituto de Engenharia promove a Engenharia em benef\u00edcio do desenvolvimento e da qualidade de vida da sociedade.","publisher":{"@id":"https:\/\/www.institutodeengenharia.org.br\/site\/#organization"},"potentialAction":[{"@type":"SearchAction","target":{"@type":"EntryPoint","urlTemplate":"https:\/\/www.institutodeengenharia.org.br\/site\/?s={search_term_string}"},"query-input":{"@type":"PropertyValueSpecification","valueRequired":true,"valueName":"search_term_string"}}],"inLanguage":"pt-BR"},{"@type":"Organization","@id":"https:\/\/www.institutodeengenharia.org.br\/site\/#organization","name":"Instituto de Engenharia","url":"https:\/\/www.institutodeengenharia.org.br\/site\/","logo":{"@type":"ImageObject","inLanguage":"pt-BR","@id":"https:\/\/www.institutodeengenharia.org.br\/site\/#\/schema\/logo\/image\/","url":"https:\/\/www.institutodeengenharia.org.br\/site\/wp-content\/uploads\/2019\/03\/logo-novo-IE2018-1.jpg","contentUrl":"https:\/\/www.institutodeengenharia.org.br\/site\/wp-content\/uploads\/2019\/03\/logo-novo-IE2018-1.jpg","width":1486,"height":1879,"caption":"Instituto de Engenharia"},"image":{"@id":"https:\/\/www.institutodeengenharia.org.br\/site\/#\/schema\/logo\/image\/"},"sameAs":["https:\/\/www.facebook.com\/institutodeengenharia","https:\/\/x.com\/iengenharia","https:\/\/www.instagram.com\/institutodeengenharia\/","https:\/\/www.linkedin.com\/company\/instituto-de-engenharia\/","https:\/\/www.youtube.com\/channel\/UCXiCAlsSMe977vamW915HxA"]},{"@type":"Person","@id":"https:\/\/www.institutodeengenharia.org.br\/site\/#\/schema\/person\/3b1ff109facef084739fc2edcb9a127f","name":"TMax Tecnologia","image":{"@type":"ImageObject","inLanguage":"pt-BR","@id":"https:\/\/secure.gravatar.com\/avatar\/f912434ef7f389c92cb311fcdae346af848465d638912574b3c669070f797701?s=96&d=mm&r=g","url":"https:\/\/secure.gravatar.com\/avatar\/f912434ef7f389c92cb311fcdae346af848465d638912574b3c669070f797701?s=96&d=mm&r=g","contentUrl":"https:\/\/secure.gravatar.com\/avatar\/f912434ef7f389c92cb311fcdae346af848465d638912574b3c669070f797701?s=96&d=mm&r=g","caption":"TMax Tecnologia"},"url":"https:\/\/www.institutodeengenharia.org.br\/site\/author\/tmax\/"}]}},"_links":{"self":[{"href":"https:\/\/www.institutodeengenharia.org.br\/site\/wp-json\/wp\/v2\/posts\/17598","targetHints":{"allow":["GET"]}}],"collection":[{"href":"https:\/\/www.institutodeengenharia.org.br\/site\/wp-json\/wp\/v2\/posts"}],"about":[{"href":"https:\/\/www.institutodeengenharia.org.br\/site\/wp-json\/wp\/v2\/types\/post"}],"author":[{"embeddable":true,"href":"https:\/\/www.institutodeengenharia.org.br\/site\/wp-json\/wp\/v2\/users\/1"}],"replies":[{"embeddable":true,"href":"https:\/\/www.institutodeengenharia.org.br\/site\/wp-json\/wp\/v2\/comments?post=17598"}],"version-history":[{"count":0,"href":"https:\/\/www.institutodeengenharia.org.br\/site\/wp-json\/wp\/v2\/posts\/17598\/revisions"}],"wp:featuredmedia":[{"embeddable":true,"href":"https:\/\/www.institutodeengenharia.org.br\/site\/wp-json\/wp\/v2\/media\/17599"}],"wp:attachment":[{"href":"https:\/\/www.institutodeengenharia.org.br\/site\/wp-json\/wp\/v2\/media?parent=17598"}],"wp:term":[{"taxonomy":"category","embeddable":true,"href":"https:\/\/www.institutodeengenharia.org.br\/site\/wp-json\/wp\/v2\/categories?post=17598"},{"taxonomy":"post_tag","embeddable":true,"href":"https:\/\/www.institutodeengenharia.org.br\/site\/wp-json\/wp\/v2\/tags?post=17598"}],"curies":[{"name":"wp","href":"https:\/\/api.w.org\/{rel}","templated":true}]}}