{"id":17582,"date":"2010-02-23T22:36:11","date_gmt":"2010-02-23T22:36:11","guid":{"rendered":"https:\/\/www.institutodeengenharia.org.br\/?p=17582"},"modified":"2010-02-23T11:31:59","modified_gmt":"2010-02-23T11:31:59","slug":"horario-de-verao-gerou-economia-de-05-no-consumo-de-energia","status":"publish","type":"post","link":"https:\/\/www.institutodeengenharia.org.br\/site\/2010\/02\/23\/horario-de-verao-gerou-economia-de-05-no-consumo-de-energia\/","title":{"rendered":"Hor\u00e1rio de ver\u00e3o gerou economia de 0,5% no consumo de energia"},"content":{"rendered":"<p>O hor\u00e1rio de ver\u00e3o terminou \u00e0s 24 horas de domingo (20), nas regi\u00f5es Sul, Sudeste e Centro-Oeste. Nestas regi\u00f5es, os rel\u00f3gios foram atrasados em uma hora \u00e0 meia-noite. <\/p>\n<p>A economia de energia com o hor\u00e1rio de ver\u00e3o este ano, segundo o Minist\u00e9rio de Minas e Energia, \u00e9 estimada em 0,5%, o que corresponde a cerca de 560 gigawatts (GWh) no Sudeste e Centro-Oeste e de 226 GWh no Sul. <\/p>\n<p>J\u00e1 a redu\u00e7\u00e3o da demanda deve ficar em 4,5% nas regi\u00f5es Sudeste e Centro-Oeste (1.900 MW) \u2013 o suficiente para abastecer uma cidade com 5 milh\u00f5es de habitantes. No Sul, a previs\u00e3o \u00e9 de 4,7% o que representa 575 MW, correspondente a uma cidade com 1,5 milh\u00e3o de pessoas. <\/p>\n<p>O hor\u00e1rio de ver\u00e3o possibilitou, nos \u00faltimos dez anos, conforme dados oficiais, uma redu\u00e7\u00e3o m\u00e9dia de 4,7% na demanda de energia no hor\u00e1rio de maior consumo, chamado hor\u00e1rio de &#8220;pico&#8221;, que ocorre entre as 18h e as 21h. Essa redu\u00e7\u00e3o significa que as usinas deixaram de gerar, no hor\u00e1rio m\u00e1ximo de carga, cerca de 2.000 MW (megawatts) a cada ano ou 65% da demanda do Rio de Janeiro, ou ainda 85% da demanda de Curitiba. <\/p>\n<p>Em 2009-2010 o hor\u00e1rio de ver\u00e3o vigorou pela 36\u00aa vez no pa\u00eds. Ele \u00e9 adotado sempre nesta \u00e9poca do ano por causa do aumento na demanda, como resultado do calor e do crescimento da produ\u00e7\u00e3o industrial \u00e0s v\u00e9speras do Natal. Os dias t\u00eam mais tempo de luz solar, por causa da posi\u00e7\u00e3o da Terra em rela\u00e7\u00e3o ao Sol, e a luminosidade natural pode ser melhor aproveitada com a mudan\u00e7a do hor\u00e1rio em parte do pa\u00eds. <\/p>\n<p>Desde 2008, o decreto 6.558 estabeleceu datas fixas para o in\u00edcio e t\u00e9rmino do hor\u00e1rio de ver\u00e3o no pa\u00eds. De acordo com o decreto, a mudan\u00e7a no hor\u00e1rio ocorrer\u00e1 no terceiro domingo de outubro e terminar\u00e1 no terceiro domingo de fevereiro, mas se a data de encerramento coincidir com o domingo de carnaval, o final do hor\u00e1rio de ver\u00e3o \u00e9 transferido para o domingo seguinte. <\/p>\n<p><b>Autor: Ag\u00eancia Brasil<\/b><\/p>\n","protected":false},"excerpt":{"rendered":"<p>O hor\u00e1rio de ver\u00e3o terminou \u00e0s 24 horas de domingo (20), nas regi\u00f5es Sul, Sudeste e Centro-Oeste. Nestas regi\u00f5es, os rel\u00f3gios foram atrasados em uma hora \u00e0 meia-noite. A economia de energia com o hor\u00e1rio de ver\u00e3o este ano, segundo o Minist\u00e9rio de Minas e Energia, \u00e9 estimada em 0,5%, o que corresponde a cerca [&hellip;]<\/p>\n","protected":false},"author":1,"featured_media":0,"comment_status":"open","ping_status":"open","sticky":false,"template":"","format":"standard","meta":{"footnotes":""},"categories":[24,6],"tags":[],"class_list":{"0":"post-17582","1":"post","2":"type-post","3":"status-publish","4":"format-standard","6":"category-energia","7":"category-noticias"},"yoast_head":"<!-- This site is optimized with the Yoast SEO plugin v27.2 - https:\/\/yoast.com\/product\/yoast-seo-wordpress\/ -->\n<title>Hor\u00e1rio de ver\u00e3o gerou economia de 0,5% no consumo de energia - Instituto de Engenharia<\/title>\n<meta name=\"robots\" content=\"index, follow, max-snippet:-1, max-image-preview:large, max-video-preview:-1\" \/>\n<link rel=\"canonical\" href=\"https:\/\/www.institutodeengenharia.org.br\/site\/2010\/02\/23\/horario-de-verao-gerou-economia-de-05-no-consumo-de-energia\/\" \/>\n<meta property=\"og:locale\" content=\"pt_BR\" \/>\n<meta property=\"og:type\" content=\"article\" \/>\n<meta property=\"og:title\" content=\"Hor\u00e1rio de ver\u00e3o gerou economia de 0,5% no consumo de energia - Instituto de Engenharia\" \/>\n<meta property=\"og:description\" content=\"O hor\u00e1rio de ver\u00e3o terminou \u00e0s 24 horas de domingo (20), nas regi\u00f5es Sul, Sudeste e Centro-Oeste. Nestas regi\u00f5es, os rel\u00f3gios foram atrasados em uma hora \u00e0 meia-noite. A economia de energia com o hor\u00e1rio de ver\u00e3o este ano, segundo o Minist\u00e9rio de Minas e Energia, \u00e9 estimada em 0,5%, o que corresponde a cerca [&hellip;]\" \/>\n<meta property=\"og:url\" content=\"https:\/\/www.institutodeengenharia.org.br\/site\/2010\/02\/23\/horario-de-verao-gerou-economia-de-05-no-consumo-de-energia\/\" \/>\n<meta property=\"og:site_name\" content=\"Instituto de Engenharia\" \/>\n<meta property=\"article:publisher\" content=\"https:\/\/www.facebook.com\/institutodeengenharia\" \/>\n<meta property=\"article:published_time\" content=\"2010-02-23T22:36:11+00:00\" \/>\n<meta name=\"author\" content=\"TMax Tecnologia\" \/>\n<meta name=\"twitter:card\" content=\"summary_large_image\" \/>\n<meta name=\"twitter:creator\" content=\"@iengenharia\" \/>\n<meta name=\"twitter:site\" content=\"@iengenharia\" \/>\n<meta name=\"twitter:label1\" content=\"Escrito por\" \/>\n\t<meta name=\"twitter:data1\" content=\"TMax Tecnologia\" \/>\n\t<meta name=\"twitter:label2\" content=\"Est. tempo de leitura\" \/>\n\t<meta name=\"twitter:data2\" content=\"2 minutos\" \/>\n<script type=\"application\/ld+json\" class=\"yoast-schema-graph\">{\"@context\":\"https:\/\/schema.org\",\"@graph\":[{\"@type\":\"Article\",\"@id\":\"https:\/\/www.institutodeengenharia.org.br\/site\/2010\/02\/23\/horario-de-verao-gerou-economia-de-05-no-consumo-de-energia\/#article\",\"isPartOf\":{\"@id\":\"https:\/\/www.institutodeengenharia.org.br\/site\/2010\/02\/23\/horario-de-verao-gerou-economia-de-05-no-consumo-de-energia\/\"},\"author\":{\"name\":\"TMax Tecnologia\",\"@id\":\"https:\/\/www.institutodeengenharia.org.br\/site\/#\/schema\/person\/3b1ff109facef084739fc2edcb9a127f\"},\"headline\":\"Hor\u00e1rio de ver\u00e3o gerou economia de 0,5% no consumo de energia\",\"datePublished\":\"2010-02-23T22:36:11+00:00\",\"mainEntityOfPage\":{\"@id\":\"https:\/\/www.institutodeengenharia.org.br\/site\/2010\/02\/23\/horario-de-verao-gerou-economia-de-05-no-consumo-de-energia\/\"},\"wordCount\":367,\"commentCount\":0,\"publisher\":{\"@id\":\"https:\/\/www.institutodeengenharia.org.br\/site\/#organization\"},\"articleSection\":[\"Energia\",\"Not\u00edcias\"],\"inLanguage\":\"pt-BR\",\"potentialAction\":[{\"@type\":\"CommentAction\",\"name\":\"Comment\",\"target\":[\"https:\/\/www.institutodeengenharia.org.br\/site\/2010\/02\/23\/horario-de-verao-gerou-economia-de-05-no-consumo-de-energia\/#respond\"]}]},{\"@type\":\"WebPage\",\"@id\":\"https:\/\/www.institutodeengenharia.org.br\/site\/2010\/02\/23\/horario-de-verao-gerou-economia-de-05-no-consumo-de-energia\/\",\"url\":\"https:\/\/www.institutodeengenharia.org.br\/site\/2010\/02\/23\/horario-de-verao-gerou-economia-de-05-no-consumo-de-energia\/\",\"name\":\"Hor\u00e1rio de ver\u00e3o gerou economia de 0,5% no consumo de energia - Instituto de Engenharia\",\"isPartOf\":{\"@id\":\"https:\/\/www.institutodeengenharia.org.br\/site\/#website\"},\"datePublished\":\"2010-02-23T22:36:11+00:00\",\"breadcrumb\":{\"@id\":\"https:\/\/www.institutodeengenharia.org.br\/site\/2010\/02\/23\/horario-de-verao-gerou-economia-de-05-no-consumo-de-energia\/#breadcrumb\"},\"inLanguage\":\"pt-BR\",\"potentialAction\":[{\"@type\":\"ReadAction\",\"target\":[\"https:\/\/www.institutodeengenharia.org.br\/site\/2010\/02\/23\/horario-de-verao-gerou-economia-de-05-no-consumo-de-energia\/\"]}]},{\"@type\":\"BreadcrumbList\",\"@id\":\"https:\/\/www.institutodeengenharia.org.br\/site\/2010\/02\/23\/horario-de-verao-gerou-economia-de-05-no-consumo-de-energia\/#breadcrumb\",\"itemListElement\":[{\"@type\":\"ListItem\",\"position\":1,\"name\":\"In\u00edcio\",\"item\":\"https:\/\/www.institutodeengenharia.org.br\/site\/\"},{\"@type\":\"ListItem\",\"position\":2,\"name\":\"Hor\u00e1rio de ver\u00e3o gerou economia de 0,5% no consumo de energia\"}]},{\"@type\":\"WebSite\",\"@id\":\"https:\/\/www.institutodeengenharia.org.br\/site\/#website\",\"url\":\"https:\/\/www.institutodeengenharia.org.br\/site\/\",\"name\":\"Instituto de Engenharia\",\"description\":\"O Instituto de Engenharia promove a Engenharia em benef\u00edcio do desenvolvimento e da qualidade de vida da sociedade.\",\"publisher\":{\"@id\":\"https:\/\/www.institutodeengenharia.org.br\/site\/#organization\"},\"potentialAction\":[{\"@type\":\"SearchAction\",\"target\":{\"@type\":\"EntryPoint\",\"urlTemplate\":\"https:\/\/www.institutodeengenharia.org.br\/site\/?s={search_term_string}\"},\"query-input\":{\"@type\":\"PropertyValueSpecification\",\"valueRequired\":true,\"valueName\":\"search_term_string\"}}],\"inLanguage\":\"pt-BR\"},{\"@type\":\"Organization\",\"@id\":\"https:\/\/www.institutodeengenharia.org.br\/site\/#organization\",\"name\":\"Instituto de Engenharia\",\"url\":\"https:\/\/www.institutodeengenharia.org.br\/site\/\",\"logo\":{\"@type\":\"ImageObject\",\"inLanguage\":\"pt-BR\",\"@id\":\"https:\/\/www.institutodeengenharia.org.br\/site\/#\/schema\/logo\/image\/\",\"url\":\"https:\/\/www.institutodeengenharia.org.br\/site\/wp-content\/uploads\/2019\/03\/logo-novo-IE2018-1.jpg\",\"contentUrl\":\"https:\/\/www.institutodeengenharia.org.br\/site\/wp-content\/uploads\/2019\/03\/logo-novo-IE2018-1.jpg\",\"width\":1486,\"height\":1879,\"caption\":\"Instituto de Engenharia\"},\"image\":{\"@id\":\"https:\/\/www.institutodeengenharia.org.br\/site\/#\/schema\/logo\/image\/\"},\"sameAs\":[\"https:\/\/www.facebook.com\/institutodeengenharia\",\"https:\/\/x.com\/iengenharia\",\"https:\/\/www.instagram.com\/institutodeengenharia\/\",\"https:\/\/www.linkedin.com\/company\/instituto-de-engenharia\/\",\"https:\/\/www.youtube.com\/channel\/UCXiCAlsSMe977vamW915HxA\"]},{\"@type\":\"Person\",\"@id\":\"https:\/\/www.institutodeengenharia.org.br\/site\/#\/schema\/person\/3b1ff109facef084739fc2edcb9a127f\",\"name\":\"TMax Tecnologia\",\"image\":{\"@type\":\"ImageObject\",\"inLanguage\":\"pt-BR\",\"@id\":\"https:\/\/secure.gravatar.com\/avatar\/f912434ef7f389c92cb311fcdae346af848465d638912574b3c669070f797701?s=96&d=mm&r=g\",\"url\":\"https:\/\/secure.gravatar.com\/avatar\/f912434ef7f389c92cb311fcdae346af848465d638912574b3c669070f797701?s=96&d=mm&r=g\",\"contentUrl\":\"https:\/\/secure.gravatar.com\/avatar\/f912434ef7f389c92cb311fcdae346af848465d638912574b3c669070f797701?s=96&d=mm&r=g\",\"caption\":\"TMax Tecnologia\"},\"url\":\"https:\/\/www.institutodeengenharia.org.br\/site\/author\/tmax\/\"}]}<\/script>\n<!-- \/ Yoast SEO plugin. -->","yoast_head_json":{"title":"Hor\u00e1rio de ver\u00e3o gerou economia de 0,5% no consumo de energia - Instituto de Engenharia","robots":{"index":"index","follow":"follow","max-snippet":"max-snippet:-1","max-image-preview":"max-image-preview:large","max-video-preview":"max-video-preview:-1"},"canonical":"https:\/\/www.institutodeengenharia.org.br\/site\/2010\/02\/23\/horario-de-verao-gerou-economia-de-05-no-consumo-de-energia\/","og_locale":"pt_BR","og_type":"article","og_title":"Hor\u00e1rio de ver\u00e3o gerou economia de 0,5% no consumo de energia - Instituto de Engenharia","og_description":"O hor\u00e1rio de ver\u00e3o terminou \u00e0s 24 horas de domingo (20), nas regi\u00f5es Sul, Sudeste e Centro-Oeste. Nestas regi\u00f5es, os rel\u00f3gios foram atrasados em uma hora \u00e0 meia-noite. A economia de energia com o hor\u00e1rio de ver\u00e3o este ano, segundo o Minist\u00e9rio de Minas e Energia, \u00e9 estimada em 0,5%, o que corresponde a cerca [&hellip;]","og_url":"https:\/\/www.institutodeengenharia.org.br\/site\/2010\/02\/23\/horario-de-verao-gerou-economia-de-05-no-consumo-de-energia\/","og_site_name":"Instituto de Engenharia","article_publisher":"https:\/\/www.facebook.com\/institutodeengenharia","article_published_time":"2010-02-23T22:36:11+00:00","author":"TMax Tecnologia","twitter_card":"summary_large_image","twitter_creator":"@iengenharia","twitter_site":"@iengenharia","twitter_misc":{"Escrito por":"TMax Tecnologia","Est. tempo de leitura":"2 minutos"},"schema":{"@context":"https:\/\/schema.org","@graph":[{"@type":"Article","@id":"https:\/\/www.institutodeengenharia.org.br\/site\/2010\/02\/23\/horario-de-verao-gerou-economia-de-05-no-consumo-de-energia\/#article","isPartOf":{"@id":"https:\/\/www.institutodeengenharia.org.br\/site\/2010\/02\/23\/horario-de-verao-gerou-economia-de-05-no-consumo-de-energia\/"},"author":{"name":"TMax Tecnologia","@id":"https:\/\/www.institutodeengenharia.org.br\/site\/#\/schema\/person\/3b1ff109facef084739fc2edcb9a127f"},"headline":"Hor\u00e1rio de ver\u00e3o gerou economia de 0,5% no consumo de energia","datePublished":"2010-02-23T22:36:11+00:00","mainEntityOfPage":{"@id":"https:\/\/www.institutodeengenharia.org.br\/site\/2010\/02\/23\/horario-de-verao-gerou-economia-de-05-no-consumo-de-energia\/"},"wordCount":367,"commentCount":0,"publisher":{"@id":"https:\/\/www.institutodeengenharia.org.br\/site\/#organization"},"articleSection":["Energia","Not\u00edcias"],"inLanguage":"pt-BR","potentialAction":[{"@type":"CommentAction","name":"Comment","target":["https:\/\/www.institutodeengenharia.org.br\/site\/2010\/02\/23\/horario-de-verao-gerou-economia-de-05-no-consumo-de-energia\/#respond"]}]},{"@type":"WebPage","@id":"https:\/\/www.institutodeengenharia.org.br\/site\/2010\/02\/23\/horario-de-verao-gerou-economia-de-05-no-consumo-de-energia\/","url":"https:\/\/www.institutodeengenharia.org.br\/site\/2010\/02\/23\/horario-de-verao-gerou-economia-de-05-no-consumo-de-energia\/","name":"Hor\u00e1rio de ver\u00e3o gerou economia de 0,5% no consumo de energia - Instituto de Engenharia","isPartOf":{"@id":"https:\/\/www.institutodeengenharia.org.br\/site\/#website"},"datePublished":"2010-02-23T22:36:11+00:00","breadcrumb":{"@id":"https:\/\/www.institutodeengenharia.org.br\/site\/2010\/02\/23\/horario-de-verao-gerou-economia-de-05-no-consumo-de-energia\/#breadcrumb"},"inLanguage":"pt-BR","potentialAction":[{"@type":"ReadAction","target":["https:\/\/www.institutodeengenharia.org.br\/site\/2010\/02\/23\/horario-de-verao-gerou-economia-de-05-no-consumo-de-energia\/"]}]},{"@type":"BreadcrumbList","@id":"https:\/\/www.institutodeengenharia.org.br\/site\/2010\/02\/23\/horario-de-verao-gerou-economia-de-05-no-consumo-de-energia\/#breadcrumb","itemListElement":[{"@type":"ListItem","position":1,"name":"In\u00edcio","item":"https:\/\/www.institutodeengenharia.org.br\/site\/"},{"@type":"ListItem","position":2,"name":"Hor\u00e1rio de ver\u00e3o gerou economia de 0,5% no consumo de energia"}]},{"@type":"WebSite","@id":"https:\/\/www.institutodeengenharia.org.br\/site\/#website","url":"https:\/\/www.institutodeengenharia.org.br\/site\/","name":"Instituto de Engenharia","description":"O Instituto de Engenharia promove a Engenharia em benef\u00edcio do desenvolvimento e da qualidade de vida da sociedade.","publisher":{"@id":"https:\/\/www.institutodeengenharia.org.br\/site\/#organization"},"potentialAction":[{"@type":"SearchAction","target":{"@type":"EntryPoint","urlTemplate":"https:\/\/www.institutodeengenharia.org.br\/site\/?s={search_term_string}"},"query-input":{"@type":"PropertyValueSpecification","valueRequired":true,"valueName":"search_term_string"}}],"inLanguage":"pt-BR"},{"@type":"Organization","@id":"https:\/\/www.institutodeengenharia.org.br\/site\/#organization","name":"Instituto de Engenharia","url":"https:\/\/www.institutodeengenharia.org.br\/site\/","logo":{"@type":"ImageObject","inLanguage":"pt-BR","@id":"https:\/\/www.institutodeengenharia.org.br\/site\/#\/schema\/logo\/image\/","url":"https:\/\/www.institutodeengenharia.org.br\/site\/wp-content\/uploads\/2019\/03\/logo-novo-IE2018-1.jpg","contentUrl":"https:\/\/www.institutodeengenharia.org.br\/site\/wp-content\/uploads\/2019\/03\/logo-novo-IE2018-1.jpg","width":1486,"height":1879,"caption":"Instituto de Engenharia"},"image":{"@id":"https:\/\/www.institutodeengenharia.org.br\/site\/#\/schema\/logo\/image\/"},"sameAs":["https:\/\/www.facebook.com\/institutodeengenharia","https:\/\/x.com\/iengenharia","https:\/\/www.instagram.com\/institutodeengenharia\/","https:\/\/www.linkedin.com\/company\/instituto-de-engenharia\/","https:\/\/www.youtube.com\/channel\/UCXiCAlsSMe977vamW915HxA"]},{"@type":"Person","@id":"https:\/\/www.institutodeengenharia.org.br\/site\/#\/schema\/person\/3b1ff109facef084739fc2edcb9a127f","name":"TMax Tecnologia","image":{"@type":"ImageObject","inLanguage":"pt-BR","@id":"https:\/\/secure.gravatar.com\/avatar\/f912434ef7f389c92cb311fcdae346af848465d638912574b3c669070f797701?s=96&d=mm&r=g","url":"https:\/\/secure.gravatar.com\/avatar\/f912434ef7f389c92cb311fcdae346af848465d638912574b3c669070f797701?s=96&d=mm&r=g","contentUrl":"https:\/\/secure.gravatar.com\/avatar\/f912434ef7f389c92cb311fcdae346af848465d638912574b3c669070f797701?s=96&d=mm&r=g","caption":"TMax Tecnologia"},"url":"https:\/\/www.institutodeengenharia.org.br\/site\/author\/tmax\/"}]}},"_links":{"self":[{"href":"https:\/\/www.institutodeengenharia.org.br\/site\/wp-json\/wp\/v2\/posts\/17582","targetHints":{"allow":["GET"]}}],"collection":[{"href":"https:\/\/www.institutodeengenharia.org.br\/site\/wp-json\/wp\/v2\/posts"}],"about":[{"href":"https:\/\/www.institutodeengenharia.org.br\/site\/wp-json\/wp\/v2\/types\/post"}],"author":[{"embeddable":true,"href":"https:\/\/www.institutodeengenharia.org.br\/site\/wp-json\/wp\/v2\/users\/1"}],"replies":[{"embeddable":true,"href":"https:\/\/www.institutodeengenharia.org.br\/site\/wp-json\/wp\/v2\/comments?post=17582"}],"version-history":[{"count":0,"href":"https:\/\/www.institutodeengenharia.org.br\/site\/wp-json\/wp\/v2\/posts\/17582\/revisions"}],"wp:attachment":[{"href":"https:\/\/www.institutodeengenharia.org.br\/site\/wp-json\/wp\/v2\/media?parent=17582"}],"wp:term":[{"taxonomy":"category","embeddable":true,"href":"https:\/\/www.institutodeengenharia.org.br\/site\/wp-json\/wp\/v2\/categories?post=17582"},{"taxonomy":"post_tag","embeddable":true,"href":"https:\/\/www.institutodeengenharia.org.br\/site\/wp-json\/wp\/v2\/tags?post=17582"}],"curies":[{"name":"wp","href":"https:\/\/api.w.org\/{rel}","templated":true}]}}