{"id":17576,"date":"2010-02-22T22:36:05","date_gmt":"2010-02-22T22:36:05","guid":{"rendered":"https:\/\/www.institutodeengenharia.org.br\/?p=17576"},"modified":"2010-02-22T15:23:45","modified_gmt":"2010-02-22T15:23:45","slug":"estudantes-de-engenharia-participam-de-competicao-em-sao-paulo","status":"publish","type":"post","link":"https:\/\/www.institutodeengenharia.org.br\/site\/2010\/02\/22\/estudantes-de-engenharia-participam-de-competicao-em-sao-paulo\/","title":{"rendered":"Estudantes de engenharia participam de competi\u00e7\u00e3o em S\u00e3o Paulo"},"content":{"rendered":"<p>H\u00e1 16 anos, uma competi\u00e7\u00e3o re\u00fane estudantes de engenharia de todo o Pa\u00eds. Cada equipe precisa construir um carro, e os universit\u00e1rios de Pernambuco capricharam. Estudantes da Universidade Federal (UFPE) est\u00e3o de malas prontas para participar da prova, em S\u00e3o Paulo. <\/p>\n<p>Vinte estudantes do curso de Engenharia Mec\u00e2nica da UFPE trabalham h\u00e1 um ano na constru\u00e7\u00e3o dos carros que v\u00e3o participar da prova. Nos dias antes da viagem, \u00e9 hora de testar a tra\u00e7\u00e3o, examinar a acelera\u00e7\u00e3o, e a velocidade m\u00e1xima que cada ve\u00edculo est\u00e1 atingindo. <\/p>\n<p>Este ano, algumas novidades, a come\u00e7ar pela decora\u00e7\u00e3o regional que os carros mangue bajas um e dois receberam. Os estudantes tamb\u00e9m resolveram utilizar materiais ecol\u00f3gicos, uma forma de preservar o meio ambiente e garantir mais leveza aos modelos. <\/p>\n<p>\u201cN\u00f3s utilizamos palhas de coqueiro, e couro sint\u00e9tico no couro e no volante\u201d, disse o estudante Hugo Coutinho. <\/p>\n<p>A competi\u00e7\u00e3o funciona como uma vitrine para os jovens que est\u00e3o entrando no mercado de trabalho. Os ju\u00edzes da prova observam os estudantes para uma poss\u00edvel contrata\u00e7\u00e3o. \u201c\u00c9 realmente uma escola, porque aqui a gente trabalha como se fosse uma empresa. A gente j\u00e1 est\u00e1 se preparando\u201d, falou a universit\u00e1ria Monik Maia. <\/p>\n<p>Os professores do Centro de Tecnologia e Geoci\u00eancias da UFPE acompanham cada passo desse desafio, e reconhecem a import\u00e2ncia dessa atividade para a forma\u00e7\u00e3o acad\u00eamica dos estudantes. <\/p>\n<p>\u201cEsse projeto busca, tamb\u00e9m, o desenvolvimento no sentido da criatividade, estimular seu lado empreendedor, e papel importante na forma\u00e7\u00e3o dos nossos engenheiros mec\u00e2nicos\u201d, contou o professor Antonio Celso Dantas Antonino. <\/p>\n<p>A competi\u00e7\u00e3o acontece de quinta-feira (25) at\u00e9 o domingo (28), na cidade de Piracicaba, em S\u00e3o Paulo. Pernambuco ser\u00e1 representado por outras duas equipes: &#8220;Corisco um&#8221; e &#8220;Corisco dois&#8221;, formadas por estudantes da escola Polit\u00e9cnica, da Universidade de Pernambuco (UPE). <\/p>\n<p>As tr\u00eas universidades do Brasil que tiverem os melhores desempenhos v\u00e3o representar o Pa\u00eds na competi\u00e7\u00e3o mundial, nos Estados Unidos. <\/p>\n<p><b>Autor: Globo Nordeste<\/b><\/p>\n","protected":false},"excerpt":{"rendered":"<p>H\u00e1 16 anos, uma competi\u00e7\u00e3o re\u00fane estudantes de engenharia de todo o Pa\u00eds. Cada equipe precisa construir um carro, e os universit\u00e1rios de Pernambuco capricharam. Estudantes da Universidade Federal (UFPE) est\u00e3o de malas prontas para participar da prova, em S\u00e3o Paulo. Vinte estudantes do curso de Engenharia Mec\u00e2nica da UFPE trabalham h\u00e1 um ano na [&hellip;]<\/p>\n","protected":false},"author":1,"featured_media":0,"comment_status":"open","ping_status":"open","sticky":false,"template":"","format":"standard","meta":{"footnotes":""},"categories":[6,35],"tags":[],"class_list":{"0":"post-17576","1":"post","2":"type-post","3":"status-publish","4":"format-standard","6":"category-noticias","7":"category-pesquisa-e-desenvolvimento"},"yoast_head":"<!-- This site is optimized with the Yoast SEO plugin v27.2 - https:\/\/yoast.com\/product\/yoast-seo-wordpress\/ -->\n<title>Estudantes de engenharia participam de competi\u00e7\u00e3o em S\u00e3o Paulo - Instituto de Engenharia<\/title>\n<meta name=\"robots\" content=\"index, follow, max-snippet:-1, max-image-preview:large, max-video-preview:-1\" \/>\n<link rel=\"canonical\" href=\"https:\/\/www.institutodeengenharia.org.br\/site\/2010\/02\/22\/estudantes-de-engenharia-participam-de-competicao-em-sao-paulo\/\" \/>\n<meta property=\"og:locale\" content=\"pt_BR\" \/>\n<meta property=\"og:type\" content=\"article\" \/>\n<meta property=\"og:title\" content=\"Estudantes de engenharia participam de competi\u00e7\u00e3o em S\u00e3o Paulo - Instituto de Engenharia\" \/>\n<meta property=\"og:description\" content=\"H\u00e1 16 anos, uma competi\u00e7\u00e3o re\u00fane estudantes de engenharia de todo o Pa\u00eds. Cada equipe precisa construir um carro, e os universit\u00e1rios de Pernambuco capricharam. Estudantes da Universidade Federal (UFPE) est\u00e3o de malas prontas para participar da prova, em S\u00e3o Paulo. Vinte estudantes do curso de Engenharia Mec\u00e2nica da UFPE trabalham h\u00e1 um ano na [&hellip;]\" \/>\n<meta property=\"og:url\" content=\"https:\/\/www.institutodeengenharia.org.br\/site\/2010\/02\/22\/estudantes-de-engenharia-participam-de-competicao-em-sao-paulo\/\" \/>\n<meta property=\"og:site_name\" content=\"Instituto de Engenharia\" \/>\n<meta property=\"article:publisher\" content=\"https:\/\/www.facebook.com\/institutodeengenharia\" \/>\n<meta property=\"article:published_time\" content=\"2010-02-22T22:36:05+00:00\" \/>\n<meta name=\"author\" content=\"TMax Tecnologia\" \/>\n<meta name=\"twitter:card\" content=\"summary_large_image\" \/>\n<meta name=\"twitter:creator\" content=\"@iengenharia\" \/>\n<meta name=\"twitter:site\" content=\"@iengenharia\" \/>\n<meta name=\"twitter:label1\" content=\"Escrito por\" \/>\n\t<meta name=\"twitter:data1\" content=\"TMax Tecnologia\" \/>\n\t<meta name=\"twitter:label2\" content=\"Est. tempo de leitura\" \/>\n\t<meta name=\"twitter:data2\" content=\"2 minutos\" \/>\n<script type=\"application\/ld+json\" class=\"yoast-schema-graph\">{\"@context\":\"https:\/\/schema.org\",\"@graph\":[{\"@type\":\"Article\",\"@id\":\"https:\/\/www.institutodeengenharia.org.br\/site\/2010\/02\/22\/estudantes-de-engenharia-participam-de-competicao-em-sao-paulo\/#article\",\"isPartOf\":{\"@id\":\"https:\/\/www.institutodeengenharia.org.br\/site\/2010\/02\/22\/estudantes-de-engenharia-participam-de-competicao-em-sao-paulo\/\"},\"author\":{\"name\":\"TMax Tecnologia\",\"@id\":\"https:\/\/www.institutodeengenharia.org.br\/site\/#\/schema\/person\/3b1ff109facef084739fc2edcb9a127f\"},\"headline\":\"Estudantes de engenharia participam de competi\u00e7\u00e3o em S\u00e3o Paulo\",\"datePublished\":\"2010-02-22T22:36:05+00:00\",\"mainEntityOfPage\":{\"@id\":\"https:\/\/www.institutodeengenharia.org.br\/site\/2010\/02\/22\/estudantes-de-engenharia-participam-de-competicao-em-sao-paulo\/\"},\"wordCount\":359,\"commentCount\":0,\"publisher\":{\"@id\":\"https:\/\/www.institutodeengenharia.org.br\/site\/#organization\"},\"articleSection\":[\"Not\u00edcias\",\"Pesquisa e Desenvolvimento\"],\"inLanguage\":\"pt-BR\",\"potentialAction\":[{\"@type\":\"CommentAction\",\"name\":\"Comment\",\"target\":[\"https:\/\/www.institutodeengenharia.org.br\/site\/2010\/02\/22\/estudantes-de-engenharia-participam-de-competicao-em-sao-paulo\/#respond\"]}]},{\"@type\":\"WebPage\",\"@id\":\"https:\/\/www.institutodeengenharia.org.br\/site\/2010\/02\/22\/estudantes-de-engenharia-participam-de-competicao-em-sao-paulo\/\",\"url\":\"https:\/\/www.institutodeengenharia.org.br\/site\/2010\/02\/22\/estudantes-de-engenharia-participam-de-competicao-em-sao-paulo\/\",\"name\":\"Estudantes de engenharia participam de competi\u00e7\u00e3o em S\u00e3o Paulo - Instituto de Engenharia\",\"isPartOf\":{\"@id\":\"https:\/\/www.institutodeengenharia.org.br\/site\/#website\"},\"datePublished\":\"2010-02-22T22:36:05+00:00\",\"breadcrumb\":{\"@id\":\"https:\/\/www.institutodeengenharia.org.br\/site\/2010\/02\/22\/estudantes-de-engenharia-participam-de-competicao-em-sao-paulo\/#breadcrumb\"},\"inLanguage\":\"pt-BR\",\"potentialAction\":[{\"@type\":\"ReadAction\",\"target\":[\"https:\/\/www.institutodeengenharia.org.br\/site\/2010\/02\/22\/estudantes-de-engenharia-participam-de-competicao-em-sao-paulo\/\"]}]},{\"@type\":\"BreadcrumbList\",\"@id\":\"https:\/\/www.institutodeengenharia.org.br\/site\/2010\/02\/22\/estudantes-de-engenharia-participam-de-competicao-em-sao-paulo\/#breadcrumb\",\"itemListElement\":[{\"@type\":\"ListItem\",\"position\":1,\"name\":\"In\u00edcio\",\"item\":\"https:\/\/www.institutodeengenharia.org.br\/site\/\"},{\"@type\":\"ListItem\",\"position\":2,\"name\":\"Estudantes de engenharia participam de competi\u00e7\u00e3o em S\u00e3o Paulo\"}]},{\"@type\":\"WebSite\",\"@id\":\"https:\/\/www.institutodeengenharia.org.br\/site\/#website\",\"url\":\"https:\/\/www.institutodeengenharia.org.br\/site\/\",\"name\":\"Instituto de Engenharia\",\"description\":\"O Instituto de Engenharia promove a Engenharia em benef\u00edcio do desenvolvimento e da qualidade de vida da sociedade.\",\"publisher\":{\"@id\":\"https:\/\/www.institutodeengenharia.org.br\/site\/#organization\"},\"potentialAction\":[{\"@type\":\"SearchAction\",\"target\":{\"@type\":\"EntryPoint\",\"urlTemplate\":\"https:\/\/www.institutodeengenharia.org.br\/site\/?s={search_term_string}\"},\"query-input\":{\"@type\":\"PropertyValueSpecification\",\"valueRequired\":true,\"valueName\":\"search_term_string\"}}],\"inLanguage\":\"pt-BR\"},{\"@type\":\"Organization\",\"@id\":\"https:\/\/www.institutodeengenharia.org.br\/site\/#organization\",\"name\":\"Instituto de Engenharia\",\"url\":\"https:\/\/www.institutodeengenharia.org.br\/site\/\",\"logo\":{\"@type\":\"ImageObject\",\"inLanguage\":\"pt-BR\",\"@id\":\"https:\/\/www.institutodeengenharia.org.br\/site\/#\/schema\/logo\/image\/\",\"url\":\"https:\/\/www.institutodeengenharia.org.br\/site\/wp-content\/uploads\/2019\/03\/logo-novo-IE2018-1.jpg\",\"contentUrl\":\"https:\/\/www.institutodeengenharia.org.br\/site\/wp-content\/uploads\/2019\/03\/logo-novo-IE2018-1.jpg\",\"width\":1486,\"height\":1879,\"caption\":\"Instituto de Engenharia\"},\"image\":{\"@id\":\"https:\/\/www.institutodeengenharia.org.br\/site\/#\/schema\/logo\/image\/\"},\"sameAs\":[\"https:\/\/www.facebook.com\/institutodeengenharia\",\"https:\/\/x.com\/iengenharia\",\"https:\/\/www.instagram.com\/institutodeengenharia\/\",\"https:\/\/www.linkedin.com\/company\/instituto-de-engenharia\/\",\"https:\/\/www.youtube.com\/channel\/UCXiCAlsSMe977vamW915HxA\"]},{\"@type\":\"Person\",\"@id\":\"https:\/\/www.institutodeengenharia.org.br\/site\/#\/schema\/person\/3b1ff109facef084739fc2edcb9a127f\",\"name\":\"TMax Tecnologia\",\"image\":{\"@type\":\"ImageObject\",\"inLanguage\":\"pt-BR\",\"@id\":\"https:\/\/secure.gravatar.com\/avatar\/f912434ef7f389c92cb311fcdae346af848465d638912574b3c669070f797701?s=96&d=mm&r=g\",\"url\":\"https:\/\/secure.gravatar.com\/avatar\/f912434ef7f389c92cb311fcdae346af848465d638912574b3c669070f797701?s=96&d=mm&r=g\",\"contentUrl\":\"https:\/\/secure.gravatar.com\/avatar\/f912434ef7f389c92cb311fcdae346af848465d638912574b3c669070f797701?s=96&d=mm&r=g\",\"caption\":\"TMax Tecnologia\"},\"url\":\"https:\/\/www.institutodeengenharia.org.br\/site\/author\/tmax\/\"}]}<\/script>\n<!-- \/ Yoast SEO plugin. -->","yoast_head_json":{"title":"Estudantes de engenharia participam de competi\u00e7\u00e3o em S\u00e3o Paulo - Instituto de Engenharia","robots":{"index":"index","follow":"follow","max-snippet":"max-snippet:-1","max-image-preview":"max-image-preview:large","max-video-preview":"max-video-preview:-1"},"canonical":"https:\/\/www.institutodeengenharia.org.br\/site\/2010\/02\/22\/estudantes-de-engenharia-participam-de-competicao-em-sao-paulo\/","og_locale":"pt_BR","og_type":"article","og_title":"Estudantes de engenharia participam de competi\u00e7\u00e3o em S\u00e3o Paulo - Instituto de Engenharia","og_description":"H\u00e1 16 anos, uma competi\u00e7\u00e3o re\u00fane estudantes de engenharia de todo o Pa\u00eds. Cada equipe precisa construir um carro, e os universit\u00e1rios de Pernambuco capricharam. Estudantes da Universidade Federal (UFPE) est\u00e3o de malas prontas para participar da prova, em S\u00e3o Paulo. Vinte estudantes do curso de Engenharia Mec\u00e2nica da UFPE trabalham h\u00e1 um ano na [&hellip;]","og_url":"https:\/\/www.institutodeengenharia.org.br\/site\/2010\/02\/22\/estudantes-de-engenharia-participam-de-competicao-em-sao-paulo\/","og_site_name":"Instituto de Engenharia","article_publisher":"https:\/\/www.facebook.com\/institutodeengenharia","article_published_time":"2010-02-22T22:36:05+00:00","author":"TMax Tecnologia","twitter_card":"summary_large_image","twitter_creator":"@iengenharia","twitter_site":"@iengenharia","twitter_misc":{"Escrito por":"TMax Tecnologia","Est. tempo de leitura":"2 minutos"},"schema":{"@context":"https:\/\/schema.org","@graph":[{"@type":"Article","@id":"https:\/\/www.institutodeengenharia.org.br\/site\/2010\/02\/22\/estudantes-de-engenharia-participam-de-competicao-em-sao-paulo\/#article","isPartOf":{"@id":"https:\/\/www.institutodeengenharia.org.br\/site\/2010\/02\/22\/estudantes-de-engenharia-participam-de-competicao-em-sao-paulo\/"},"author":{"name":"TMax Tecnologia","@id":"https:\/\/www.institutodeengenharia.org.br\/site\/#\/schema\/person\/3b1ff109facef084739fc2edcb9a127f"},"headline":"Estudantes de engenharia participam de competi\u00e7\u00e3o em S\u00e3o Paulo","datePublished":"2010-02-22T22:36:05+00:00","mainEntityOfPage":{"@id":"https:\/\/www.institutodeengenharia.org.br\/site\/2010\/02\/22\/estudantes-de-engenharia-participam-de-competicao-em-sao-paulo\/"},"wordCount":359,"commentCount":0,"publisher":{"@id":"https:\/\/www.institutodeengenharia.org.br\/site\/#organization"},"articleSection":["Not\u00edcias","Pesquisa e Desenvolvimento"],"inLanguage":"pt-BR","potentialAction":[{"@type":"CommentAction","name":"Comment","target":["https:\/\/www.institutodeengenharia.org.br\/site\/2010\/02\/22\/estudantes-de-engenharia-participam-de-competicao-em-sao-paulo\/#respond"]}]},{"@type":"WebPage","@id":"https:\/\/www.institutodeengenharia.org.br\/site\/2010\/02\/22\/estudantes-de-engenharia-participam-de-competicao-em-sao-paulo\/","url":"https:\/\/www.institutodeengenharia.org.br\/site\/2010\/02\/22\/estudantes-de-engenharia-participam-de-competicao-em-sao-paulo\/","name":"Estudantes de engenharia participam de competi\u00e7\u00e3o em S\u00e3o Paulo - Instituto de Engenharia","isPartOf":{"@id":"https:\/\/www.institutodeengenharia.org.br\/site\/#website"},"datePublished":"2010-02-22T22:36:05+00:00","breadcrumb":{"@id":"https:\/\/www.institutodeengenharia.org.br\/site\/2010\/02\/22\/estudantes-de-engenharia-participam-de-competicao-em-sao-paulo\/#breadcrumb"},"inLanguage":"pt-BR","potentialAction":[{"@type":"ReadAction","target":["https:\/\/www.institutodeengenharia.org.br\/site\/2010\/02\/22\/estudantes-de-engenharia-participam-de-competicao-em-sao-paulo\/"]}]},{"@type":"BreadcrumbList","@id":"https:\/\/www.institutodeengenharia.org.br\/site\/2010\/02\/22\/estudantes-de-engenharia-participam-de-competicao-em-sao-paulo\/#breadcrumb","itemListElement":[{"@type":"ListItem","position":1,"name":"In\u00edcio","item":"https:\/\/www.institutodeengenharia.org.br\/site\/"},{"@type":"ListItem","position":2,"name":"Estudantes de engenharia participam de competi\u00e7\u00e3o em S\u00e3o Paulo"}]},{"@type":"WebSite","@id":"https:\/\/www.institutodeengenharia.org.br\/site\/#website","url":"https:\/\/www.institutodeengenharia.org.br\/site\/","name":"Instituto de Engenharia","description":"O Instituto de Engenharia promove a Engenharia em benef\u00edcio do desenvolvimento e da qualidade de vida da sociedade.","publisher":{"@id":"https:\/\/www.institutodeengenharia.org.br\/site\/#organization"},"potentialAction":[{"@type":"SearchAction","target":{"@type":"EntryPoint","urlTemplate":"https:\/\/www.institutodeengenharia.org.br\/site\/?s={search_term_string}"},"query-input":{"@type":"PropertyValueSpecification","valueRequired":true,"valueName":"search_term_string"}}],"inLanguage":"pt-BR"},{"@type":"Organization","@id":"https:\/\/www.institutodeengenharia.org.br\/site\/#organization","name":"Instituto de Engenharia","url":"https:\/\/www.institutodeengenharia.org.br\/site\/","logo":{"@type":"ImageObject","inLanguage":"pt-BR","@id":"https:\/\/www.institutodeengenharia.org.br\/site\/#\/schema\/logo\/image\/","url":"https:\/\/www.institutodeengenharia.org.br\/site\/wp-content\/uploads\/2019\/03\/logo-novo-IE2018-1.jpg","contentUrl":"https:\/\/www.institutodeengenharia.org.br\/site\/wp-content\/uploads\/2019\/03\/logo-novo-IE2018-1.jpg","width":1486,"height":1879,"caption":"Instituto de Engenharia"},"image":{"@id":"https:\/\/www.institutodeengenharia.org.br\/site\/#\/schema\/logo\/image\/"},"sameAs":["https:\/\/www.facebook.com\/institutodeengenharia","https:\/\/x.com\/iengenharia","https:\/\/www.instagram.com\/institutodeengenharia\/","https:\/\/www.linkedin.com\/company\/instituto-de-engenharia\/","https:\/\/www.youtube.com\/channel\/UCXiCAlsSMe977vamW915HxA"]},{"@type":"Person","@id":"https:\/\/www.institutodeengenharia.org.br\/site\/#\/schema\/person\/3b1ff109facef084739fc2edcb9a127f","name":"TMax Tecnologia","image":{"@type":"ImageObject","inLanguage":"pt-BR","@id":"https:\/\/secure.gravatar.com\/avatar\/f912434ef7f389c92cb311fcdae346af848465d638912574b3c669070f797701?s=96&d=mm&r=g","url":"https:\/\/secure.gravatar.com\/avatar\/f912434ef7f389c92cb311fcdae346af848465d638912574b3c669070f797701?s=96&d=mm&r=g","contentUrl":"https:\/\/secure.gravatar.com\/avatar\/f912434ef7f389c92cb311fcdae346af848465d638912574b3c669070f797701?s=96&d=mm&r=g","caption":"TMax Tecnologia"},"url":"https:\/\/www.institutodeengenharia.org.br\/site\/author\/tmax\/"}]}},"_links":{"self":[{"href":"https:\/\/www.institutodeengenharia.org.br\/site\/wp-json\/wp\/v2\/posts\/17576","targetHints":{"allow":["GET"]}}],"collection":[{"href":"https:\/\/www.institutodeengenharia.org.br\/site\/wp-json\/wp\/v2\/posts"}],"about":[{"href":"https:\/\/www.institutodeengenharia.org.br\/site\/wp-json\/wp\/v2\/types\/post"}],"author":[{"embeddable":true,"href":"https:\/\/www.institutodeengenharia.org.br\/site\/wp-json\/wp\/v2\/users\/1"}],"replies":[{"embeddable":true,"href":"https:\/\/www.institutodeengenharia.org.br\/site\/wp-json\/wp\/v2\/comments?post=17576"}],"version-history":[{"count":0,"href":"https:\/\/www.institutodeengenharia.org.br\/site\/wp-json\/wp\/v2\/posts\/17576\/revisions"}],"wp:attachment":[{"href":"https:\/\/www.institutodeengenharia.org.br\/site\/wp-json\/wp\/v2\/media?parent=17576"}],"wp:term":[{"taxonomy":"category","embeddable":true,"href":"https:\/\/www.institutodeengenharia.org.br\/site\/wp-json\/wp\/v2\/categories?post=17576"},{"taxonomy":"post_tag","embeddable":true,"href":"https:\/\/www.institutodeengenharia.org.br\/site\/wp-json\/wp\/v2\/tags?post=17576"}],"curies":[{"name":"wp","href":"https:\/\/api.w.org\/{rel}","templated":true}]}}