{"id":17573,"date":"2010-02-22T22:36:02","date_gmt":"2010-02-22T22:36:02","guid":{"rendered":"https:\/\/www.institutodeengenharia.org.br\/?p=17573"},"modified":"2010-02-22T14:07:47","modified_gmt":"2010-02-22T14:07:47","slug":"numero-de-veiculos-encalhados-nas-ruas-de-sp-aumentou-20-em-2009","status":"publish","type":"post","link":"https:\/\/www.institutodeengenharia.org.br\/site\/2010\/02\/22\/numero-de-veiculos-encalhados-nas-ruas-de-sp-aumentou-20-em-2009\/","title":{"rendered":"N\u00famero de ve\u00edculos encalhados nas ruas de SP aumentou 20% em 2009"},"content":{"rendered":"<p>Ve\u00edculos quebrados, sem combust\u00edvel ou que se envolveram em acidentes interromperam trechos de vias de S\u00e3o Paulo em escala recorde no ano passado. A Companhia de Engenharia de Tr\u00e1fego (CET) realizou 225.324 remo\u00e7\u00f5es, quantia 20% superior \u00e0 registrada em 2008. E o resultado desse quadro \u00e9 congestionamento, principalmente em vias como a Marginal do Tiet\u00ea, onde a interrup\u00e7\u00e3o por 15 minutos de uma faixa provoca 3 quil\u00f4metros de lentid\u00e3o. <br \/>\nA quantidade de remo\u00e7\u00f5es vem aumentando ano a ano, at\u00e9 mesmo a uma taxa maior do que a do crescimento da frota &#8211; que teve alta na capital de 4,6%. Uma das explica\u00e7\u00e3o \u00e9 que o aquecimento econ\u00f4mico possibilitou a compra de carros novos, mas n\u00e3o houve a retirada dos mais velhos das ruas. &#8220;As pessoas continuam utilizando os velhos, como o segundo carro, em dias de rod\u00edzio&#8221;, diz o consultor de engenharia de tr\u00e1fego Sergio Ejzenberg. <\/p>\n<p>A m\u00e9dia mensal de retiradas de ve\u00edculos das vias em 2007 era de 12.929, subindo para 15.578 no ano seguinte e chegando aos recentes 18.777 por m\u00eas. &#8220;E quando as obstru\u00e7\u00f5es acontecem perto de um sem\u00e1foro ou em um cruzamento de vias importantes, um quarteir\u00e3o inteiro fica prejudicado&#8221;, diz o consultor, que calcula o impacto disso para os demais motoristas. Segundo ele, uma avenida com quatro faixas por sentido e movimentada &#8211; 2 mil ve\u00edculos por faixa em uma hora &#8211; teria filas superiores a 400 metros, se uma faixa fosse bloqueada por 10 minutos. &#8220;E isso j\u00e1 compromete o sem\u00e1foro anterior.&#8221; <\/p>\n<p>Somente ontem, houve 11 casos de obstru\u00e7\u00f5es: cinco caminh\u00f5es quebrados, quatro \u00f4nibus e dois acidentes. As quebras cada vez mais s\u00e3o as respons\u00e1veis pelas obstru\u00e7\u00f5es. Em m\u00e9dia, foram 14.274 casos desse tipo por m\u00eas no ano passado, ante 4.086 acidentes. Em rela\u00e7\u00e3o ao ano anterior, as quebras aumentaram 24,3% e os acidentes, 15,1%. O caminhoneiro Renato Ferreira, de 29 anos, enfrentou esse problema semana passada, quando seu caminh\u00e3o quebrou, \u00e0s 10h30, na Marginal do Tiet\u00ea, pr\u00f3ximo da Ponte do Tatuap\u00e9. A obstru\u00e7\u00e3o provocou congestionamento. &#8220;A mangueira do freio de m\u00e3o estourou e o caminh\u00e3o travou.&#8221; Os problemas mais comuns s\u00e3o mec\u00e2nicos (45%), el\u00e9tricos (17%), pneu furado (6%) e falta de combust\u00edvel (1%). Os demais casos n\u00e3o foram identificados. <\/p>\n<p>A boa not\u00edcia \u00e9 que diminuiu nos \u00faltimos anos o tempo que a CET leva para retirar os ve\u00edculos. Atualmente, uma ocorr\u00eancia leva, em m\u00e9dia, 24,8 minutos para ser atendida. Somente a remo\u00e7\u00e3o dura, em m\u00e9dia, 14,3 minutos. No ano passado, eram necess\u00e1rios 15 minutos e, em 2007, 15,3. O tempo de deslocamento at\u00e9 o local tamb\u00e9m caiu, passando de 12,5 minutos para 12,1 e, agora, para 10,5 minutos. Segundo a CET, os principais motivos foram o aumento no n\u00famero de viaturas e de operadores de tr\u00e1fego, melhor distribui\u00e7\u00e3o dos guinchos e a diminui\u00e7\u00e3o dos congestionamentos. <\/p>\n<p>\n<strong>Autom\u00f3veis s\u00e3o vil\u00f5es em 73% dos casos<\/strong> <\/p>\n<p>Os caminh\u00f5es e os \u00f4nibus fretados foram eleitos em diferentes momentos os vil\u00f5es do tr\u00e2nsito. Mas os dados da Companhia de Engenharia de Tr\u00e1fego (CET) mostram que cada vez mais os autom\u00f3veis provocam as obstru\u00e7\u00f5es nas vias. A participa\u00e7\u00e3o desses ve\u00edculos no total de quebras e acidentes aumenta ano a ano &#8211; enquanto que a dos \u00f4nibus e caminh\u00f5es apresenta queda. Em 2009, os autom\u00f3veis foram respons\u00e1veis por 73% dos casos. <\/p>\n<p>Foram registrados ao longo dos 12 meses 164.486 incidentes envolvendo autom\u00f3veis. A quantia \u00e9 51,7% superior \u00e0 registrada h\u00e1 dois anos, por exemplo. No mesmo per\u00edodo, a varia\u00e7\u00e3o dos casos com caminh\u00f5es foi de 37% e as com \u00f4nibus, 5,7%. O pedreiro Jos\u00e9 Carlos de Oliveira, de 34 anos, representou bem essa estat\u00edstica, quando seu Fiat Uno quebrou na Marginal do Tiet\u00ea, perto da Ponte Julio de Mesquita, semana passada. &#8220;Eu cuido bem da manuten\u00e7\u00e3o. Mas teve uma falha, um problema porque eu devo ter colocado gasolina adulterada.&#8221; <\/p>\n<p>A participa\u00e7\u00e3o de caminh\u00f5es no total de obstru\u00e7\u00f5es caiu de 19,5% para 18,4% entre 2007 e 2009. No mesmo per\u00edodo, a de \u00f4nibus foi de 10,6% para 8,6%. Os especialistas dizem que as restri\u00e7\u00f5es para ve\u00edculos de carga e fretados foram os principais fatores para a queda. <\/p>\n<p><b>Autor: O Estado de S.Paulo<\/b><\/p>\n","protected":false},"excerpt":{"rendered":"<p>Ve\u00edculos quebrados, sem combust\u00edvel ou que se envolveram em acidentes interromperam trechos de vias de S\u00e3o Paulo em escala recorde no ano passado. A Companhia de Engenharia de Tr\u00e1fego (CET) realizou 225.324 remo\u00e7\u00f5es, quantia 20% superior \u00e0 registrada em 2008. E o resultado desse quadro \u00e9 congestionamento, principalmente em vias como a Marginal do Tiet\u00ea, [&hellip;]<\/p>\n","protected":false},"author":1,"featured_media":0,"comment_status":"open","ping_status":"open","sticky":false,"template":"","format":"standard","meta":{"footnotes":""},"categories":[6,41],"tags":[],"class_list":{"0":"post-17573","1":"post","2":"type-post","3":"status-publish","4":"format-standard","6":"category-noticias","7":"category-transportes"},"yoast_head":"<!-- This site is optimized with the Yoast SEO plugin v27.2 - https:\/\/yoast.com\/product\/yoast-seo-wordpress\/ -->\n<title>N\u00famero de ve\u00edculos encalhados nas ruas de SP aumentou 20% em 2009 - Instituto de Engenharia<\/title>\n<meta name=\"robots\" content=\"index, follow, max-snippet:-1, max-image-preview:large, max-video-preview:-1\" \/>\n<link rel=\"canonical\" href=\"https:\/\/www.institutodeengenharia.org.br\/site\/2010\/02\/22\/numero-de-veiculos-encalhados-nas-ruas-de-sp-aumentou-20-em-2009\/\" \/>\n<meta property=\"og:locale\" content=\"pt_BR\" \/>\n<meta property=\"og:type\" content=\"article\" \/>\n<meta property=\"og:title\" content=\"N\u00famero de ve\u00edculos encalhados nas ruas de SP aumentou 20% em 2009 - Instituto de Engenharia\" \/>\n<meta property=\"og:description\" content=\"Ve\u00edculos quebrados, sem combust\u00edvel ou que se envolveram em acidentes interromperam trechos de vias de S\u00e3o Paulo em escala recorde no ano passado. A Companhia de Engenharia de Tr\u00e1fego (CET) realizou 225.324 remo\u00e7\u00f5es, quantia 20% superior \u00e0 registrada em 2008. E o resultado desse quadro \u00e9 congestionamento, principalmente em vias como a Marginal do Tiet\u00ea, [&hellip;]\" \/>\n<meta property=\"og:url\" content=\"https:\/\/www.institutodeengenharia.org.br\/site\/2010\/02\/22\/numero-de-veiculos-encalhados-nas-ruas-de-sp-aumentou-20-em-2009\/\" \/>\n<meta property=\"og:site_name\" content=\"Instituto de Engenharia\" \/>\n<meta property=\"article:publisher\" content=\"https:\/\/www.facebook.com\/institutodeengenharia\" \/>\n<meta property=\"article:published_time\" content=\"2010-02-22T22:36:02+00:00\" \/>\n<meta name=\"author\" content=\"TMax Tecnologia\" \/>\n<meta name=\"twitter:card\" content=\"summary_large_image\" \/>\n<meta name=\"twitter:creator\" content=\"@iengenharia\" \/>\n<meta name=\"twitter:site\" content=\"@iengenharia\" \/>\n<meta name=\"twitter:label1\" content=\"Escrito por\" \/>\n\t<meta name=\"twitter:data1\" content=\"TMax Tecnologia\" \/>\n\t<meta name=\"twitter:label2\" content=\"Est. tempo de leitura\" \/>\n\t<meta name=\"twitter:data2\" content=\"4 minutos\" \/>\n<script type=\"application\/ld+json\" class=\"yoast-schema-graph\">{\"@context\":\"https:\/\/schema.org\",\"@graph\":[{\"@type\":\"Article\",\"@id\":\"https:\/\/www.institutodeengenharia.org.br\/site\/2010\/02\/22\/numero-de-veiculos-encalhados-nas-ruas-de-sp-aumentou-20-em-2009\/#article\",\"isPartOf\":{\"@id\":\"https:\/\/www.institutodeengenharia.org.br\/site\/2010\/02\/22\/numero-de-veiculos-encalhados-nas-ruas-de-sp-aumentou-20-em-2009\/\"},\"author\":{\"name\":\"TMax Tecnologia\",\"@id\":\"https:\/\/www.institutodeengenharia.org.br\/site\/#\/schema\/person\/3b1ff109facef084739fc2edcb9a127f\"},\"headline\":\"N\u00famero de ve\u00edculos encalhados nas ruas de SP aumentou 20% em 2009\",\"datePublished\":\"2010-02-22T22:36:02+00:00\",\"mainEntityOfPage\":{\"@id\":\"https:\/\/www.institutodeengenharia.org.br\/site\/2010\/02\/22\/numero-de-veiculos-encalhados-nas-ruas-de-sp-aumentou-20-em-2009\/\"},\"wordCount\":719,\"commentCount\":0,\"publisher\":{\"@id\":\"https:\/\/www.institutodeengenharia.org.br\/site\/#organization\"},\"articleSection\":[\"Not\u00edcias\",\"Transportes\"],\"inLanguage\":\"pt-BR\",\"potentialAction\":[{\"@type\":\"CommentAction\",\"name\":\"Comment\",\"target\":[\"https:\/\/www.institutodeengenharia.org.br\/site\/2010\/02\/22\/numero-de-veiculos-encalhados-nas-ruas-de-sp-aumentou-20-em-2009\/#respond\"]}]},{\"@type\":\"WebPage\",\"@id\":\"https:\/\/www.institutodeengenharia.org.br\/site\/2010\/02\/22\/numero-de-veiculos-encalhados-nas-ruas-de-sp-aumentou-20-em-2009\/\",\"url\":\"https:\/\/www.institutodeengenharia.org.br\/site\/2010\/02\/22\/numero-de-veiculos-encalhados-nas-ruas-de-sp-aumentou-20-em-2009\/\",\"name\":\"N\u00famero de ve\u00edculos encalhados nas ruas de SP aumentou 20% em 2009 - Instituto de Engenharia\",\"isPartOf\":{\"@id\":\"https:\/\/www.institutodeengenharia.org.br\/site\/#website\"},\"datePublished\":\"2010-02-22T22:36:02+00:00\",\"breadcrumb\":{\"@id\":\"https:\/\/www.institutodeengenharia.org.br\/site\/2010\/02\/22\/numero-de-veiculos-encalhados-nas-ruas-de-sp-aumentou-20-em-2009\/#breadcrumb\"},\"inLanguage\":\"pt-BR\",\"potentialAction\":[{\"@type\":\"ReadAction\",\"target\":[\"https:\/\/www.institutodeengenharia.org.br\/site\/2010\/02\/22\/numero-de-veiculos-encalhados-nas-ruas-de-sp-aumentou-20-em-2009\/\"]}]},{\"@type\":\"BreadcrumbList\",\"@id\":\"https:\/\/www.institutodeengenharia.org.br\/site\/2010\/02\/22\/numero-de-veiculos-encalhados-nas-ruas-de-sp-aumentou-20-em-2009\/#breadcrumb\",\"itemListElement\":[{\"@type\":\"ListItem\",\"position\":1,\"name\":\"In\u00edcio\",\"item\":\"https:\/\/www.institutodeengenharia.org.br\/site\/\"},{\"@type\":\"ListItem\",\"position\":2,\"name\":\"N\u00famero de ve\u00edculos encalhados nas ruas de SP aumentou 20% em 2009\"}]},{\"@type\":\"WebSite\",\"@id\":\"https:\/\/www.institutodeengenharia.org.br\/site\/#website\",\"url\":\"https:\/\/www.institutodeengenharia.org.br\/site\/\",\"name\":\"Instituto de Engenharia\",\"description\":\"O Instituto de Engenharia promove a Engenharia em benef\u00edcio do desenvolvimento e da qualidade de vida da sociedade.\",\"publisher\":{\"@id\":\"https:\/\/www.institutodeengenharia.org.br\/site\/#organization\"},\"potentialAction\":[{\"@type\":\"SearchAction\",\"target\":{\"@type\":\"EntryPoint\",\"urlTemplate\":\"https:\/\/www.institutodeengenharia.org.br\/site\/?s={search_term_string}\"},\"query-input\":{\"@type\":\"PropertyValueSpecification\",\"valueRequired\":true,\"valueName\":\"search_term_string\"}}],\"inLanguage\":\"pt-BR\"},{\"@type\":\"Organization\",\"@id\":\"https:\/\/www.institutodeengenharia.org.br\/site\/#organization\",\"name\":\"Instituto de Engenharia\",\"url\":\"https:\/\/www.institutodeengenharia.org.br\/site\/\",\"logo\":{\"@type\":\"ImageObject\",\"inLanguage\":\"pt-BR\",\"@id\":\"https:\/\/www.institutodeengenharia.org.br\/site\/#\/schema\/logo\/image\/\",\"url\":\"https:\/\/www.institutodeengenharia.org.br\/site\/wp-content\/uploads\/2019\/03\/logo-novo-IE2018-1.jpg\",\"contentUrl\":\"https:\/\/www.institutodeengenharia.org.br\/site\/wp-content\/uploads\/2019\/03\/logo-novo-IE2018-1.jpg\",\"width\":1486,\"height\":1879,\"caption\":\"Instituto de Engenharia\"},\"image\":{\"@id\":\"https:\/\/www.institutodeengenharia.org.br\/site\/#\/schema\/logo\/image\/\"},\"sameAs\":[\"https:\/\/www.facebook.com\/institutodeengenharia\",\"https:\/\/x.com\/iengenharia\",\"https:\/\/www.instagram.com\/institutodeengenharia\/\",\"https:\/\/www.linkedin.com\/company\/instituto-de-engenharia\/\",\"https:\/\/www.youtube.com\/channel\/UCXiCAlsSMe977vamW915HxA\"]},{\"@type\":\"Person\",\"@id\":\"https:\/\/www.institutodeengenharia.org.br\/site\/#\/schema\/person\/3b1ff109facef084739fc2edcb9a127f\",\"name\":\"TMax Tecnologia\",\"image\":{\"@type\":\"ImageObject\",\"inLanguage\":\"pt-BR\",\"@id\":\"https:\/\/secure.gravatar.com\/avatar\/f912434ef7f389c92cb311fcdae346af848465d638912574b3c669070f797701?s=96&d=mm&r=g\",\"url\":\"https:\/\/secure.gravatar.com\/avatar\/f912434ef7f389c92cb311fcdae346af848465d638912574b3c669070f797701?s=96&d=mm&r=g\",\"contentUrl\":\"https:\/\/secure.gravatar.com\/avatar\/f912434ef7f389c92cb311fcdae346af848465d638912574b3c669070f797701?s=96&d=mm&r=g\",\"caption\":\"TMax Tecnologia\"},\"url\":\"https:\/\/www.institutodeengenharia.org.br\/site\/author\/tmax\/\"}]}<\/script>\n<!-- \/ Yoast SEO plugin. -->","yoast_head_json":{"title":"N\u00famero de ve\u00edculos encalhados nas ruas de SP aumentou 20% em 2009 - Instituto de Engenharia","robots":{"index":"index","follow":"follow","max-snippet":"max-snippet:-1","max-image-preview":"max-image-preview:large","max-video-preview":"max-video-preview:-1"},"canonical":"https:\/\/www.institutodeengenharia.org.br\/site\/2010\/02\/22\/numero-de-veiculos-encalhados-nas-ruas-de-sp-aumentou-20-em-2009\/","og_locale":"pt_BR","og_type":"article","og_title":"N\u00famero de ve\u00edculos encalhados nas ruas de SP aumentou 20% em 2009 - Instituto de Engenharia","og_description":"Ve\u00edculos quebrados, sem combust\u00edvel ou que se envolveram em acidentes interromperam trechos de vias de S\u00e3o Paulo em escala recorde no ano passado. A Companhia de Engenharia de Tr\u00e1fego (CET) realizou 225.324 remo\u00e7\u00f5es, quantia 20% superior \u00e0 registrada em 2008. E o resultado desse quadro \u00e9 congestionamento, principalmente em vias como a Marginal do Tiet\u00ea, [&hellip;]","og_url":"https:\/\/www.institutodeengenharia.org.br\/site\/2010\/02\/22\/numero-de-veiculos-encalhados-nas-ruas-de-sp-aumentou-20-em-2009\/","og_site_name":"Instituto de Engenharia","article_publisher":"https:\/\/www.facebook.com\/institutodeengenharia","article_published_time":"2010-02-22T22:36:02+00:00","author":"TMax Tecnologia","twitter_card":"summary_large_image","twitter_creator":"@iengenharia","twitter_site":"@iengenharia","twitter_misc":{"Escrito por":"TMax Tecnologia","Est. tempo de leitura":"4 minutos"},"schema":{"@context":"https:\/\/schema.org","@graph":[{"@type":"Article","@id":"https:\/\/www.institutodeengenharia.org.br\/site\/2010\/02\/22\/numero-de-veiculos-encalhados-nas-ruas-de-sp-aumentou-20-em-2009\/#article","isPartOf":{"@id":"https:\/\/www.institutodeengenharia.org.br\/site\/2010\/02\/22\/numero-de-veiculos-encalhados-nas-ruas-de-sp-aumentou-20-em-2009\/"},"author":{"name":"TMax Tecnologia","@id":"https:\/\/www.institutodeengenharia.org.br\/site\/#\/schema\/person\/3b1ff109facef084739fc2edcb9a127f"},"headline":"N\u00famero de ve\u00edculos encalhados nas ruas de SP aumentou 20% em 2009","datePublished":"2010-02-22T22:36:02+00:00","mainEntityOfPage":{"@id":"https:\/\/www.institutodeengenharia.org.br\/site\/2010\/02\/22\/numero-de-veiculos-encalhados-nas-ruas-de-sp-aumentou-20-em-2009\/"},"wordCount":719,"commentCount":0,"publisher":{"@id":"https:\/\/www.institutodeengenharia.org.br\/site\/#organization"},"articleSection":["Not\u00edcias","Transportes"],"inLanguage":"pt-BR","potentialAction":[{"@type":"CommentAction","name":"Comment","target":["https:\/\/www.institutodeengenharia.org.br\/site\/2010\/02\/22\/numero-de-veiculos-encalhados-nas-ruas-de-sp-aumentou-20-em-2009\/#respond"]}]},{"@type":"WebPage","@id":"https:\/\/www.institutodeengenharia.org.br\/site\/2010\/02\/22\/numero-de-veiculos-encalhados-nas-ruas-de-sp-aumentou-20-em-2009\/","url":"https:\/\/www.institutodeengenharia.org.br\/site\/2010\/02\/22\/numero-de-veiculos-encalhados-nas-ruas-de-sp-aumentou-20-em-2009\/","name":"N\u00famero de ve\u00edculos encalhados nas ruas de SP aumentou 20% em 2009 - Instituto de Engenharia","isPartOf":{"@id":"https:\/\/www.institutodeengenharia.org.br\/site\/#website"},"datePublished":"2010-02-22T22:36:02+00:00","breadcrumb":{"@id":"https:\/\/www.institutodeengenharia.org.br\/site\/2010\/02\/22\/numero-de-veiculos-encalhados-nas-ruas-de-sp-aumentou-20-em-2009\/#breadcrumb"},"inLanguage":"pt-BR","potentialAction":[{"@type":"ReadAction","target":["https:\/\/www.institutodeengenharia.org.br\/site\/2010\/02\/22\/numero-de-veiculos-encalhados-nas-ruas-de-sp-aumentou-20-em-2009\/"]}]},{"@type":"BreadcrumbList","@id":"https:\/\/www.institutodeengenharia.org.br\/site\/2010\/02\/22\/numero-de-veiculos-encalhados-nas-ruas-de-sp-aumentou-20-em-2009\/#breadcrumb","itemListElement":[{"@type":"ListItem","position":1,"name":"In\u00edcio","item":"https:\/\/www.institutodeengenharia.org.br\/site\/"},{"@type":"ListItem","position":2,"name":"N\u00famero de ve\u00edculos encalhados nas ruas de SP aumentou 20% em 2009"}]},{"@type":"WebSite","@id":"https:\/\/www.institutodeengenharia.org.br\/site\/#website","url":"https:\/\/www.institutodeengenharia.org.br\/site\/","name":"Instituto de Engenharia","description":"O Instituto de Engenharia promove a Engenharia em benef\u00edcio do desenvolvimento e da qualidade de vida da sociedade.","publisher":{"@id":"https:\/\/www.institutodeengenharia.org.br\/site\/#organization"},"potentialAction":[{"@type":"SearchAction","target":{"@type":"EntryPoint","urlTemplate":"https:\/\/www.institutodeengenharia.org.br\/site\/?s={search_term_string}"},"query-input":{"@type":"PropertyValueSpecification","valueRequired":true,"valueName":"search_term_string"}}],"inLanguage":"pt-BR"},{"@type":"Organization","@id":"https:\/\/www.institutodeengenharia.org.br\/site\/#organization","name":"Instituto de Engenharia","url":"https:\/\/www.institutodeengenharia.org.br\/site\/","logo":{"@type":"ImageObject","inLanguage":"pt-BR","@id":"https:\/\/www.institutodeengenharia.org.br\/site\/#\/schema\/logo\/image\/","url":"https:\/\/www.institutodeengenharia.org.br\/site\/wp-content\/uploads\/2019\/03\/logo-novo-IE2018-1.jpg","contentUrl":"https:\/\/www.institutodeengenharia.org.br\/site\/wp-content\/uploads\/2019\/03\/logo-novo-IE2018-1.jpg","width":1486,"height":1879,"caption":"Instituto de Engenharia"},"image":{"@id":"https:\/\/www.institutodeengenharia.org.br\/site\/#\/schema\/logo\/image\/"},"sameAs":["https:\/\/www.facebook.com\/institutodeengenharia","https:\/\/x.com\/iengenharia","https:\/\/www.instagram.com\/institutodeengenharia\/","https:\/\/www.linkedin.com\/company\/instituto-de-engenharia\/","https:\/\/www.youtube.com\/channel\/UCXiCAlsSMe977vamW915HxA"]},{"@type":"Person","@id":"https:\/\/www.institutodeengenharia.org.br\/site\/#\/schema\/person\/3b1ff109facef084739fc2edcb9a127f","name":"TMax Tecnologia","image":{"@type":"ImageObject","inLanguage":"pt-BR","@id":"https:\/\/secure.gravatar.com\/avatar\/f912434ef7f389c92cb311fcdae346af848465d638912574b3c669070f797701?s=96&d=mm&r=g","url":"https:\/\/secure.gravatar.com\/avatar\/f912434ef7f389c92cb311fcdae346af848465d638912574b3c669070f797701?s=96&d=mm&r=g","contentUrl":"https:\/\/secure.gravatar.com\/avatar\/f912434ef7f389c92cb311fcdae346af848465d638912574b3c669070f797701?s=96&d=mm&r=g","caption":"TMax Tecnologia"},"url":"https:\/\/www.institutodeengenharia.org.br\/site\/author\/tmax\/"}]}},"_links":{"self":[{"href":"https:\/\/www.institutodeengenharia.org.br\/site\/wp-json\/wp\/v2\/posts\/17573","targetHints":{"allow":["GET"]}}],"collection":[{"href":"https:\/\/www.institutodeengenharia.org.br\/site\/wp-json\/wp\/v2\/posts"}],"about":[{"href":"https:\/\/www.institutodeengenharia.org.br\/site\/wp-json\/wp\/v2\/types\/post"}],"author":[{"embeddable":true,"href":"https:\/\/www.institutodeengenharia.org.br\/site\/wp-json\/wp\/v2\/users\/1"}],"replies":[{"embeddable":true,"href":"https:\/\/www.institutodeengenharia.org.br\/site\/wp-json\/wp\/v2\/comments?post=17573"}],"version-history":[{"count":0,"href":"https:\/\/www.institutodeengenharia.org.br\/site\/wp-json\/wp\/v2\/posts\/17573\/revisions"}],"wp:attachment":[{"href":"https:\/\/www.institutodeengenharia.org.br\/site\/wp-json\/wp\/v2\/media?parent=17573"}],"wp:term":[{"taxonomy":"category","embeddable":true,"href":"https:\/\/www.institutodeengenharia.org.br\/site\/wp-json\/wp\/v2\/categories?post=17573"},{"taxonomy":"post_tag","embeddable":true,"href":"https:\/\/www.institutodeengenharia.org.br\/site\/wp-json\/wp\/v2\/tags?post=17573"}],"curies":[{"name":"wp","href":"https:\/\/api.w.org\/{rel}","templated":true}]}}