{"id":17546,"date":"2010-02-11T22:35:37","date_gmt":"2010-02-11T22:35:37","guid":{"rendered":"https:\/\/www.institutodeengenharia.org.br\/?p=17546"},"modified":"2010-02-11T14:42:00","modified_gmt":"2010-02-11T14:42:00","slug":"a-primeira-usina-do-pais-que-vai-produzir-energia-com-as-ondas-do-mar","status":"publish","type":"post","link":"https:\/\/www.institutodeengenharia.org.br\/site\/2010\/02\/11\/a-primeira-usina-do-pais-que-vai-produzir-energia-com-as-ondas-do-mar\/","title":{"rendered":"A primeira usina do Pa\u00eds que vai produzir energia com as ondas do mar"},"content":{"rendered":"<p>O primeiro projeto para produzir energia por meio das ondas do mar j\u00e1 tem licen\u00e7a para instala\u00e7\u00e3o. \u00c9 uma ideia pioneira no Pa\u00eds e considerada de baixo impacto ambiental. <\/p>\n<p>A usina ser\u00e1 instalada nas ondas do Cear\u00e1. A previs\u00e3o \u00e9 de que o projeto seja conclu\u00eddo at\u00e9 o final do ano no Terminal de M\u00faltiplas Utilidades do Pec\u00e9m (TMUT), em Fortaleza. A usina dever\u00e1 ocupar uma \u00e1rea de 200 metros quadrados no quebra-mar do terminal (foto). A expectativa \u00e9 produzir 100 KW, suficiente para ser aproveitada pelas instala\u00e7\u00f5es do Porto do Pec\u00e9m. <\/p>\n<p>A fonte de energia \u00e9 limpa, j\u00e1 que n\u00e3o h\u00e1 necessidade de represar \u00e1gua, como no caso das hidrel\u00e9tricas. Al\u00e9m das ondas do mar, outras formas de gerar energia limpa \u00e9 por meio das e\u00f3licas (for\u00e7a do vento), cada vez mais disseminadas no Pa\u00eds, e da energia solar. <\/p>\n<p>A usina do Cear\u00e1 foi projetada por pesquisadores da Universidade Federal do Rio de Janeiro (UFRJ). A escolha do estado foi em virtude das ondas serem mais regulares. <\/p>\n<p>Na inven\u00e7\u00e3o nacional, as oscila\u00e7\u00f5es do mar movimentam bombas hidr\u00e1ulicas, impulsionando a \u00e1gua de um reservat\u00f3rio tamb\u00e9m para girar uma turbina. <\/p>\n<p><b>Autor: Clic RBS<\/b><\/p>\n","protected":false},"excerpt":{"rendered":"<p>O primeiro projeto para produzir energia por meio das ondas do mar j\u00e1 tem licen\u00e7a para instala\u00e7\u00e3o. \u00c9 uma ideia pioneira no Pa\u00eds e considerada de baixo impacto ambiental. A usina ser\u00e1 instalada nas ondas do Cear\u00e1. A previs\u00e3o \u00e9 de que o projeto seja conclu\u00eddo at\u00e9 o final do ano no Terminal de M\u00faltiplas [&hellip;]<\/p>\n","protected":false},"author":1,"featured_media":17547,"comment_status":"open","ping_status":"open","sticky":false,"template":"","format":"standard","meta":{"footnotes":""},"categories":[24,6],"tags":[],"class_list":{"0":"post-17546","1":"post","2":"type-post","3":"status-publish","4":"format-standard","5":"has-post-thumbnail","7":"category-energia","8":"category-noticias"},"yoast_head":"<!-- This site is optimized with the Yoast SEO plugin v27.2 - https:\/\/yoast.com\/product\/yoast-seo-wordpress\/ -->\n<title>A primeira usina do Pa\u00eds que vai produzir energia com as ondas do mar - Instituto de Engenharia<\/title>\n<meta name=\"robots\" content=\"index, follow, max-snippet:-1, max-image-preview:large, max-video-preview:-1\" \/>\n<link rel=\"canonical\" href=\"https:\/\/www.institutodeengenharia.org.br\/site\/2010\/02\/11\/a-primeira-usina-do-pais-que-vai-produzir-energia-com-as-ondas-do-mar\/\" \/>\n<meta property=\"og:locale\" content=\"pt_BR\" \/>\n<meta property=\"og:type\" content=\"article\" \/>\n<meta property=\"og:title\" content=\"A primeira usina do Pa\u00eds que vai produzir energia com as ondas do mar - Instituto de Engenharia\" \/>\n<meta property=\"og:description\" content=\"O primeiro projeto para produzir energia por meio das ondas do mar j\u00e1 tem licen\u00e7a para instala\u00e7\u00e3o. \u00c9 uma ideia pioneira no Pa\u00eds e considerada de baixo impacto ambiental. A usina ser\u00e1 instalada nas ondas do Cear\u00e1. A previs\u00e3o \u00e9 de que o projeto seja conclu\u00eddo at\u00e9 o final do ano no Terminal de M\u00faltiplas [&hellip;]\" \/>\n<meta property=\"og:url\" content=\"https:\/\/www.institutodeengenharia.org.br\/site\/2010\/02\/11\/a-primeira-usina-do-pais-que-vai-produzir-energia-com-as-ondas-do-mar\/\" \/>\n<meta property=\"og:site_name\" content=\"Instituto de Engenharia\" \/>\n<meta property=\"article:publisher\" content=\"https:\/\/www.facebook.com\/institutodeengenharia\" \/>\n<meta property=\"article:published_time\" content=\"2010-02-11T22:35:37+00:00\" \/>\n<meta property=\"og:image\" content=\"https:\/\/www.institutodeengenharia.org.br\/site\/wp-content\/uploads\/2017\/10\/noticia_2086_2095586810.jpg\" \/>\n\t<meta property=\"og:image:width\" content=\"309\" \/>\n\t<meta property=\"og:image:height\" content=\"237\" \/>\n\t<meta property=\"og:image:type\" content=\"image\/jpeg\" \/>\n<meta name=\"author\" content=\"TMax Tecnologia\" \/>\n<meta name=\"twitter:card\" content=\"summary_large_image\" \/>\n<meta name=\"twitter:creator\" content=\"@iengenharia\" \/>\n<meta name=\"twitter:site\" content=\"@iengenharia\" \/>\n<meta name=\"twitter:label1\" content=\"Escrito por\" \/>\n\t<meta name=\"twitter:data1\" content=\"TMax Tecnologia\" \/>\n\t<meta name=\"twitter:label2\" content=\"Est. tempo de leitura\" \/>\n\t<meta name=\"twitter:data2\" content=\"1 minuto\" \/>\n<script type=\"application\/ld+json\" class=\"yoast-schema-graph\">{\"@context\":\"https:\/\/schema.org\",\"@graph\":[{\"@type\":\"Article\",\"@id\":\"https:\/\/www.institutodeengenharia.org.br\/site\/2010\/02\/11\/a-primeira-usina-do-pais-que-vai-produzir-energia-com-as-ondas-do-mar\/#article\",\"isPartOf\":{\"@id\":\"https:\/\/www.institutodeengenharia.org.br\/site\/2010\/02\/11\/a-primeira-usina-do-pais-que-vai-produzir-energia-com-as-ondas-do-mar\/\"},\"author\":{\"name\":\"TMax Tecnologia\",\"@id\":\"https:\/\/www.institutodeengenharia.org.br\/site\/#\/schema\/person\/3b1ff109facef084739fc2edcb9a127f\"},\"headline\":\"A primeira usina do Pa\u00eds que vai produzir energia com as ondas do mar\",\"datePublished\":\"2010-02-11T22:35:37+00:00\",\"mainEntityOfPage\":{\"@id\":\"https:\/\/www.institutodeengenharia.org.br\/site\/2010\/02\/11\/a-primeira-usina-do-pais-que-vai-produzir-energia-com-as-ondas-do-mar\/\"},\"wordCount\":220,\"commentCount\":0,\"publisher\":{\"@id\":\"https:\/\/www.institutodeengenharia.org.br\/site\/#organization\"},\"image\":{\"@id\":\"https:\/\/www.institutodeengenharia.org.br\/site\/2010\/02\/11\/a-primeira-usina-do-pais-que-vai-produzir-energia-com-as-ondas-do-mar\/#primaryimage\"},\"thumbnailUrl\":\"https:\/\/www.institutodeengenharia.org.br\/site\/wp-content\/uploads\/2017\/10\/noticia_2086_2095586810.jpg\",\"articleSection\":[\"Energia\",\"Not\u00edcias\"],\"inLanguage\":\"pt-BR\",\"potentialAction\":[{\"@type\":\"CommentAction\",\"name\":\"Comment\",\"target\":[\"https:\/\/www.institutodeengenharia.org.br\/site\/2010\/02\/11\/a-primeira-usina-do-pais-que-vai-produzir-energia-com-as-ondas-do-mar\/#respond\"]}]},{\"@type\":\"WebPage\",\"@id\":\"https:\/\/www.institutodeengenharia.org.br\/site\/2010\/02\/11\/a-primeira-usina-do-pais-que-vai-produzir-energia-com-as-ondas-do-mar\/\",\"url\":\"https:\/\/www.institutodeengenharia.org.br\/site\/2010\/02\/11\/a-primeira-usina-do-pais-que-vai-produzir-energia-com-as-ondas-do-mar\/\",\"name\":\"A primeira usina do Pa\u00eds que vai produzir energia com as ondas do mar - Instituto de Engenharia\",\"isPartOf\":{\"@id\":\"https:\/\/www.institutodeengenharia.org.br\/site\/#website\"},\"primaryImageOfPage\":{\"@id\":\"https:\/\/www.institutodeengenharia.org.br\/site\/2010\/02\/11\/a-primeira-usina-do-pais-que-vai-produzir-energia-com-as-ondas-do-mar\/#primaryimage\"},\"image\":{\"@id\":\"https:\/\/www.institutodeengenharia.org.br\/site\/2010\/02\/11\/a-primeira-usina-do-pais-que-vai-produzir-energia-com-as-ondas-do-mar\/#primaryimage\"},\"thumbnailUrl\":\"https:\/\/www.institutodeengenharia.org.br\/site\/wp-content\/uploads\/2017\/10\/noticia_2086_2095586810.jpg\",\"datePublished\":\"2010-02-11T22:35:37+00:00\",\"breadcrumb\":{\"@id\":\"https:\/\/www.institutodeengenharia.org.br\/site\/2010\/02\/11\/a-primeira-usina-do-pais-que-vai-produzir-energia-com-as-ondas-do-mar\/#breadcrumb\"},\"inLanguage\":\"pt-BR\",\"potentialAction\":[{\"@type\":\"ReadAction\",\"target\":[\"https:\/\/www.institutodeengenharia.org.br\/site\/2010\/02\/11\/a-primeira-usina-do-pais-que-vai-produzir-energia-com-as-ondas-do-mar\/\"]}]},{\"@type\":\"ImageObject\",\"inLanguage\":\"pt-BR\",\"@id\":\"https:\/\/www.institutodeengenharia.org.br\/site\/2010\/02\/11\/a-primeira-usina-do-pais-que-vai-produzir-energia-com-as-ondas-do-mar\/#primaryimage\",\"url\":\"https:\/\/www.institutodeengenharia.org.br\/site\/wp-content\/uploads\/2017\/10\/noticia_2086_2095586810.jpg\",\"contentUrl\":\"https:\/\/www.institutodeengenharia.org.br\/site\/wp-content\/uploads\/2017\/10\/noticia_2086_2095586810.jpg\",\"width\":309,\"height\":237},{\"@type\":\"BreadcrumbList\",\"@id\":\"https:\/\/www.institutodeengenharia.org.br\/site\/2010\/02\/11\/a-primeira-usina-do-pais-que-vai-produzir-energia-com-as-ondas-do-mar\/#breadcrumb\",\"itemListElement\":[{\"@type\":\"ListItem\",\"position\":1,\"name\":\"In\u00edcio\",\"item\":\"https:\/\/www.institutodeengenharia.org.br\/site\/\"},{\"@type\":\"ListItem\",\"position\":2,\"name\":\"A primeira usina do Pa\u00eds que vai produzir energia com as ondas do mar\"}]},{\"@type\":\"WebSite\",\"@id\":\"https:\/\/www.institutodeengenharia.org.br\/site\/#website\",\"url\":\"https:\/\/www.institutodeengenharia.org.br\/site\/\",\"name\":\"Instituto de Engenharia\",\"description\":\"O Instituto de Engenharia promove a Engenharia em benef\u00edcio do desenvolvimento e da qualidade de vida da sociedade.\",\"publisher\":{\"@id\":\"https:\/\/www.institutodeengenharia.org.br\/site\/#organization\"},\"potentialAction\":[{\"@type\":\"SearchAction\",\"target\":{\"@type\":\"EntryPoint\",\"urlTemplate\":\"https:\/\/www.institutodeengenharia.org.br\/site\/?s={search_term_string}\"},\"query-input\":{\"@type\":\"PropertyValueSpecification\",\"valueRequired\":true,\"valueName\":\"search_term_string\"}}],\"inLanguage\":\"pt-BR\"},{\"@type\":\"Organization\",\"@id\":\"https:\/\/www.institutodeengenharia.org.br\/site\/#organization\",\"name\":\"Instituto de Engenharia\",\"url\":\"https:\/\/www.institutodeengenharia.org.br\/site\/\",\"logo\":{\"@type\":\"ImageObject\",\"inLanguage\":\"pt-BR\",\"@id\":\"https:\/\/www.institutodeengenharia.org.br\/site\/#\/schema\/logo\/image\/\",\"url\":\"https:\/\/www.institutodeengenharia.org.br\/site\/wp-content\/uploads\/2019\/03\/logo-novo-IE2018-1.jpg\",\"contentUrl\":\"https:\/\/www.institutodeengenharia.org.br\/site\/wp-content\/uploads\/2019\/03\/logo-novo-IE2018-1.jpg\",\"width\":1486,\"height\":1879,\"caption\":\"Instituto de Engenharia\"},\"image\":{\"@id\":\"https:\/\/www.institutodeengenharia.org.br\/site\/#\/schema\/logo\/image\/\"},\"sameAs\":[\"https:\/\/www.facebook.com\/institutodeengenharia\",\"https:\/\/x.com\/iengenharia\",\"https:\/\/www.instagram.com\/institutodeengenharia\/\",\"https:\/\/www.linkedin.com\/company\/instituto-de-engenharia\/\",\"https:\/\/www.youtube.com\/channel\/UCXiCAlsSMe977vamW915HxA\"]},{\"@type\":\"Person\",\"@id\":\"https:\/\/www.institutodeengenharia.org.br\/site\/#\/schema\/person\/3b1ff109facef084739fc2edcb9a127f\",\"name\":\"TMax Tecnologia\",\"image\":{\"@type\":\"ImageObject\",\"inLanguage\":\"pt-BR\",\"@id\":\"https:\/\/secure.gravatar.com\/avatar\/f912434ef7f389c92cb311fcdae346af848465d638912574b3c669070f797701?s=96&d=mm&r=g\",\"url\":\"https:\/\/secure.gravatar.com\/avatar\/f912434ef7f389c92cb311fcdae346af848465d638912574b3c669070f797701?s=96&d=mm&r=g\",\"contentUrl\":\"https:\/\/secure.gravatar.com\/avatar\/f912434ef7f389c92cb311fcdae346af848465d638912574b3c669070f797701?s=96&d=mm&r=g\",\"caption\":\"TMax Tecnologia\"},\"url\":\"https:\/\/www.institutodeengenharia.org.br\/site\/author\/tmax\/\"}]}<\/script>\n<!-- \/ Yoast SEO plugin. -->","yoast_head_json":{"title":"A primeira usina do Pa\u00eds que vai produzir energia com as ondas do mar - Instituto de Engenharia","robots":{"index":"index","follow":"follow","max-snippet":"max-snippet:-1","max-image-preview":"max-image-preview:large","max-video-preview":"max-video-preview:-1"},"canonical":"https:\/\/www.institutodeengenharia.org.br\/site\/2010\/02\/11\/a-primeira-usina-do-pais-que-vai-produzir-energia-com-as-ondas-do-mar\/","og_locale":"pt_BR","og_type":"article","og_title":"A primeira usina do Pa\u00eds que vai produzir energia com as ondas do mar - Instituto de Engenharia","og_description":"O primeiro projeto para produzir energia por meio das ondas do mar j\u00e1 tem licen\u00e7a para instala\u00e7\u00e3o. \u00c9 uma ideia pioneira no Pa\u00eds e considerada de baixo impacto ambiental. A usina ser\u00e1 instalada nas ondas do Cear\u00e1. A previs\u00e3o \u00e9 de que o projeto seja conclu\u00eddo at\u00e9 o final do ano no Terminal de M\u00faltiplas [&hellip;]","og_url":"https:\/\/www.institutodeengenharia.org.br\/site\/2010\/02\/11\/a-primeira-usina-do-pais-que-vai-produzir-energia-com-as-ondas-do-mar\/","og_site_name":"Instituto de Engenharia","article_publisher":"https:\/\/www.facebook.com\/institutodeengenharia","article_published_time":"2010-02-11T22:35:37+00:00","og_image":[{"width":309,"height":237,"url":"https:\/\/www.institutodeengenharia.org.br\/site\/wp-content\/uploads\/2017\/10\/noticia_2086_2095586810.jpg","type":"image\/jpeg"}],"author":"TMax Tecnologia","twitter_card":"summary_large_image","twitter_creator":"@iengenharia","twitter_site":"@iengenharia","twitter_misc":{"Escrito por":"TMax Tecnologia","Est. tempo de leitura":"1 minuto"},"schema":{"@context":"https:\/\/schema.org","@graph":[{"@type":"Article","@id":"https:\/\/www.institutodeengenharia.org.br\/site\/2010\/02\/11\/a-primeira-usina-do-pais-que-vai-produzir-energia-com-as-ondas-do-mar\/#article","isPartOf":{"@id":"https:\/\/www.institutodeengenharia.org.br\/site\/2010\/02\/11\/a-primeira-usina-do-pais-que-vai-produzir-energia-com-as-ondas-do-mar\/"},"author":{"name":"TMax Tecnologia","@id":"https:\/\/www.institutodeengenharia.org.br\/site\/#\/schema\/person\/3b1ff109facef084739fc2edcb9a127f"},"headline":"A primeira usina do Pa\u00eds que vai produzir energia com as ondas do mar","datePublished":"2010-02-11T22:35:37+00:00","mainEntityOfPage":{"@id":"https:\/\/www.institutodeengenharia.org.br\/site\/2010\/02\/11\/a-primeira-usina-do-pais-que-vai-produzir-energia-com-as-ondas-do-mar\/"},"wordCount":220,"commentCount":0,"publisher":{"@id":"https:\/\/www.institutodeengenharia.org.br\/site\/#organization"},"image":{"@id":"https:\/\/www.institutodeengenharia.org.br\/site\/2010\/02\/11\/a-primeira-usina-do-pais-que-vai-produzir-energia-com-as-ondas-do-mar\/#primaryimage"},"thumbnailUrl":"https:\/\/www.institutodeengenharia.org.br\/site\/wp-content\/uploads\/2017\/10\/noticia_2086_2095586810.jpg","articleSection":["Energia","Not\u00edcias"],"inLanguage":"pt-BR","potentialAction":[{"@type":"CommentAction","name":"Comment","target":["https:\/\/www.institutodeengenharia.org.br\/site\/2010\/02\/11\/a-primeira-usina-do-pais-que-vai-produzir-energia-com-as-ondas-do-mar\/#respond"]}]},{"@type":"WebPage","@id":"https:\/\/www.institutodeengenharia.org.br\/site\/2010\/02\/11\/a-primeira-usina-do-pais-que-vai-produzir-energia-com-as-ondas-do-mar\/","url":"https:\/\/www.institutodeengenharia.org.br\/site\/2010\/02\/11\/a-primeira-usina-do-pais-que-vai-produzir-energia-com-as-ondas-do-mar\/","name":"A primeira usina do Pa\u00eds que vai produzir energia com as ondas do mar - Instituto de Engenharia","isPartOf":{"@id":"https:\/\/www.institutodeengenharia.org.br\/site\/#website"},"primaryImageOfPage":{"@id":"https:\/\/www.institutodeengenharia.org.br\/site\/2010\/02\/11\/a-primeira-usina-do-pais-que-vai-produzir-energia-com-as-ondas-do-mar\/#primaryimage"},"image":{"@id":"https:\/\/www.institutodeengenharia.org.br\/site\/2010\/02\/11\/a-primeira-usina-do-pais-que-vai-produzir-energia-com-as-ondas-do-mar\/#primaryimage"},"thumbnailUrl":"https:\/\/www.institutodeengenharia.org.br\/site\/wp-content\/uploads\/2017\/10\/noticia_2086_2095586810.jpg","datePublished":"2010-02-11T22:35:37+00:00","breadcrumb":{"@id":"https:\/\/www.institutodeengenharia.org.br\/site\/2010\/02\/11\/a-primeira-usina-do-pais-que-vai-produzir-energia-com-as-ondas-do-mar\/#breadcrumb"},"inLanguage":"pt-BR","potentialAction":[{"@type":"ReadAction","target":["https:\/\/www.institutodeengenharia.org.br\/site\/2010\/02\/11\/a-primeira-usina-do-pais-que-vai-produzir-energia-com-as-ondas-do-mar\/"]}]},{"@type":"ImageObject","inLanguage":"pt-BR","@id":"https:\/\/www.institutodeengenharia.org.br\/site\/2010\/02\/11\/a-primeira-usina-do-pais-que-vai-produzir-energia-com-as-ondas-do-mar\/#primaryimage","url":"https:\/\/www.institutodeengenharia.org.br\/site\/wp-content\/uploads\/2017\/10\/noticia_2086_2095586810.jpg","contentUrl":"https:\/\/www.institutodeengenharia.org.br\/site\/wp-content\/uploads\/2017\/10\/noticia_2086_2095586810.jpg","width":309,"height":237},{"@type":"BreadcrumbList","@id":"https:\/\/www.institutodeengenharia.org.br\/site\/2010\/02\/11\/a-primeira-usina-do-pais-que-vai-produzir-energia-com-as-ondas-do-mar\/#breadcrumb","itemListElement":[{"@type":"ListItem","position":1,"name":"In\u00edcio","item":"https:\/\/www.institutodeengenharia.org.br\/site\/"},{"@type":"ListItem","position":2,"name":"A primeira usina do Pa\u00eds que vai produzir energia com as ondas do mar"}]},{"@type":"WebSite","@id":"https:\/\/www.institutodeengenharia.org.br\/site\/#website","url":"https:\/\/www.institutodeengenharia.org.br\/site\/","name":"Instituto de Engenharia","description":"O Instituto de Engenharia promove a Engenharia em benef\u00edcio do desenvolvimento e da qualidade de vida da sociedade.","publisher":{"@id":"https:\/\/www.institutodeengenharia.org.br\/site\/#organization"},"potentialAction":[{"@type":"SearchAction","target":{"@type":"EntryPoint","urlTemplate":"https:\/\/www.institutodeengenharia.org.br\/site\/?s={search_term_string}"},"query-input":{"@type":"PropertyValueSpecification","valueRequired":true,"valueName":"search_term_string"}}],"inLanguage":"pt-BR"},{"@type":"Organization","@id":"https:\/\/www.institutodeengenharia.org.br\/site\/#organization","name":"Instituto de Engenharia","url":"https:\/\/www.institutodeengenharia.org.br\/site\/","logo":{"@type":"ImageObject","inLanguage":"pt-BR","@id":"https:\/\/www.institutodeengenharia.org.br\/site\/#\/schema\/logo\/image\/","url":"https:\/\/www.institutodeengenharia.org.br\/site\/wp-content\/uploads\/2019\/03\/logo-novo-IE2018-1.jpg","contentUrl":"https:\/\/www.institutodeengenharia.org.br\/site\/wp-content\/uploads\/2019\/03\/logo-novo-IE2018-1.jpg","width":1486,"height":1879,"caption":"Instituto de Engenharia"},"image":{"@id":"https:\/\/www.institutodeengenharia.org.br\/site\/#\/schema\/logo\/image\/"},"sameAs":["https:\/\/www.facebook.com\/institutodeengenharia","https:\/\/x.com\/iengenharia","https:\/\/www.instagram.com\/institutodeengenharia\/","https:\/\/www.linkedin.com\/company\/instituto-de-engenharia\/","https:\/\/www.youtube.com\/channel\/UCXiCAlsSMe977vamW915HxA"]},{"@type":"Person","@id":"https:\/\/www.institutodeengenharia.org.br\/site\/#\/schema\/person\/3b1ff109facef084739fc2edcb9a127f","name":"TMax Tecnologia","image":{"@type":"ImageObject","inLanguage":"pt-BR","@id":"https:\/\/secure.gravatar.com\/avatar\/f912434ef7f389c92cb311fcdae346af848465d638912574b3c669070f797701?s=96&d=mm&r=g","url":"https:\/\/secure.gravatar.com\/avatar\/f912434ef7f389c92cb311fcdae346af848465d638912574b3c669070f797701?s=96&d=mm&r=g","contentUrl":"https:\/\/secure.gravatar.com\/avatar\/f912434ef7f389c92cb311fcdae346af848465d638912574b3c669070f797701?s=96&d=mm&r=g","caption":"TMax Tecnologia"},"url":"https:\/\/www.institutodeengenharia.org.br\/site\/author\/tmax\/"}]}},"_links":{"self":[{"href":"https:\/\/www.institutodeengenharia.org.br\/site\/wp-json\/wp\/v2\/posts\/17546","targetHints":{"allow":["GET"]}}],"collection":[{"href":"https:\/\/www.institutodeengenharia.org.br\/site\/wp-json\/wp\/v2\/posts"}],"about":[{"href":"https:\/\/www.institutodeengenharia.org.br\/site\/wp-json\/wp\/v2\/types\/post"}],"author":[{"embeddable":true,"href":"https:\/\/www.institutodeengenharia.org.br\/site\/wp-json\/wp\/v2\/users\/1"}],"replies":[{"embeddable":true,"href":"https:\/\/www.institutodeengenharia.org.br\/site\/wp-json\/wp\/v2\/comments?post=17546"}],"version-history":[{"count":0,"href":"https:\/\/www.institutodeengenharia.org.br\/site\/wp-json\/wp\/v2\/posts\/17546\/revisions"}],"wp:featuredmedia":[{"embeddable":true,"href":"https:\/\/www.institutodeengenharia.org.br\/site\/wp-json\/wp\/v2\/media\/17547"}],"wp:attachment":[{"href":"https:\/\/www.institutodeengenharia.org.br\/site\/wp-json\/wp\/v2\/media?parent=17546"}],"wp:term":[{"taxonomy":"category","embeddable":true,"href":"https:\/\/www.institutodeengenharia.org.br\/site\/wp-json\/wp\/v2\/categories?post=17546"},{"taxonomy":"post_tag","embeddable":true,"href":"https:\/\/www.institutodeengenharia.org.br\/site\/wp-json\/wp\/v2\/tags?post=17546"}],"curies":[{"name":"wp","href":"https:\/\/api.w.org\/{rel}","templated":true}]}}