{"id":17524,"date":"2010-02-09T22:35:16","date_gmt":"2010-02-09T22:35:16","guid":{"rendered":"https:\/\/www.institutodeengenharia.org.br\/?p=17524"},"modified":"2010-02-09T09:12:27","modified_gmt":"2010-02-09T09:12:27","slug":"governo-vai-rever-modelo-de-concessoes-ferroviarias","status":"publish","type":"post","link":"https:\/\/www.institutodeengenharia.org.br\/site\/2010\/02\/09\/governo-vai-rever-modelo-de-concessoes-ferroviarias\/","title":{"rendered":"Governo vai rever modelo de concess\u00f5es ferrovi\u00e1rias"},"content":{"rendered":"<p>Institui\u00e7\u00f5es do governo federal preparam a revis\u00e3o da modelagem de concess\u00e3o ferrovi\u00e1ria vigente hoje no pa\u00eds, informa Agnaldo Brito em reportagem publicada na Folha desta ter\u00e7a-feira. Os estudos, em fase final de elabora\u00e7\u00e3o, preveem a exclus\u00e3o dos operadores das ferrovias das novas licita\u00e7\u00f5es. Nada muda nas concess\u00f5es vigentes. <\/p>\n<p>Se a proposta for implantada de fato, as concess\u00f5es incluir\u00e3o no rol de atribui\u00e7\u00f5es do concession\u00e1rio a constru\u00e7\u00e3o da ferrovia, a manuten\u00e7\u00e3o da linha e o controle do tr\u00e1fego de trens. Funcionar\u00e1 como uma concess\u00e3o rodovi\u00e1ria, livre ao acesso de todos mediante o pagamento de um ped\u00e1gio (no caso, o direito de passagem pela linha). <\/p>\n<p>O governo tem pressa. A ideia \u00e9 aplicar a nova modelagem de concess\u00e3o para leil\u00f5es que ir\u00e3o ocorrer ainda neste ano, entre os quais: as subconcess\u00f5es dos trechos da Ferrovia de Integra\u00e7\u00e3o Oeste Leste, entre Ilh\u00e9us (BA) e Figueir\u00f3polis (TO), e as do tramo sul da Ferrovia Norte-Sul, entre Palmas (TO) e Estrela D&#039;Oeste (SP). <\/p>\n<p>Pela proposta na mesa, os operadores ferrovi\u00e1rios como a Vale, a ALL ou a MRS (entre outras) n\u00e3o poder\u00e3o fazer parte da concess\u00e3o, ser\u00e3o apenas usu\u00e1rios da infraestrutura com seus equipamentos e respons\u00e1veis pela prospec\u00e7\u00e3o de mercado para atra\u00e7\u00e3o de cargas para os corredores. <\/p>\n<p><b>Autor: Folha de S.Paulo<\/b><\/p>\n","protected":false},"excerpt":{"rendered":"<p>Institui\u00e7\u00f5es do governo federal preparam a revis\u00e3o da modelagem de concess\u00e3o ferrovi\u00e1ria vigente hoje no pa\u00eds, informa Agnaldo Brito em reportagem publicada na Folha desta ter\u00e7a-feira. Os estudos, em fase final de elabora\u00e7\u00e3o, preveem a exclus\u00e3o dos operadores das ferrovias das novas licita\u00e7\u00f5es. Nada muda nas concess\u00f5es vigentes. Se a proposta for implantada de fato, [&hellip;]<\/p>\n","protected":false},"author":1,"featured_media":0,"comment_status":"open","ping_status":"open","sticky":false,"template":"","format":"standard","meta":{"footnotes":""},"categories":[6,41],"tags":[],"class_list":{"0":"post-17524","1":"post","2":"type-post","3":"status-publish","4":"format-standard","6":"category-noticias","7":"category-transportes"},"yoast_head":"<!-- This site is optimized with the Yoast SEO plugin v27.2 - https:\/\/yoast.com\/product\/yoast-seo-wordpress\/ -->\n<title>Governo vai rever modelo de concess\u00f5es ferrovi\u00e1rias - Instituto de Engenharia<\/title>\n<meta name=\"robots\" content=\"index, follow, max-snippet:-1, max-image-preview:large, max-video-preview:-1\" \/>\n<link rel=\"canonical\" href=\"https:\/\/www.institutodeengenharia.org.br\/site\/2010\/02\/09\/governo-vai-rever-modelo-de-concessoes-ferroviarias\/\" \/>\n<meta property=\"og:locale\" content=\"pt_BR\" \/>\n<meta property=\"og:type\" content=\"article\" \/>\n<meta property=\"og:title\" content=\"Governo vai rever modelo de concess\u00f5es ferrovi\u00e1rias - Instituto de Engenharia\" \/>\n<meta property=\"og:description\" content=\"Institui\u00e7\u00f5es do governo federal preparam a revis\u00e3o da modelagem de concess\u00e3o ferrovi\u00e1ria vigente hoje no pa\u00eds, informa Agnaldo Brito em reportagem publicada na Folha desta ter\u00e7a-feira. Os estudos, em fase final de elabora\u00e7\u00e3o, preveem a exclus\u00e3o dos operadores das ferrovias das novas licita\u00e7\u00f5es. Nada muda nas concess\u00f5es vigentes. Se a proposta for implantada de fato, [&hellip;]\" \/>\n<meta property=\"og:url\" content=\"https:\/\/www.institutodeengenharia.org.br\/site\/2010\/02\/09\/governo-vai-rever-modelo-de-concessoes-ferroviarias\/\" \/>\n<meta property=\"og:site_name\" content=\"Instituto de Engenharia\" \/>\n<meta property=\"article:publisher\" content=\"https:\/\/www.facebook.com\/institutodeengenharia\" \/>\n<meta property=\"article:published_time\" content=\"2010-02-09T22:35:16+00:00\" \/>\n<meta name=\"author\" content=\"TMax Tecnologia\" \/>\n<meta name=\"twitter:card\" content=\"summary_large_image\" \/>\n<meta name=\"twitter:creator\" content=\"@iengenharia\" \/>\n<meta name=\"twitter:site\" content=\"@iengenharia\" \/>\n<meta name=\"twitter:label1\" content=\"Escrito por\" \/>\n\t<meta name=\"twitter:data1\" content=\"TMax Tecnologia\" \/>\n\t<meta name=\"twitter:label2\" content=\"Est. tempo de leitura\" \/>\n\t<meta name=\"twitter:data2\" content=\"1 minuto\" \/>\n<script type=\"application\/ld+json\" class=\"yoast-schema-graph\">{\"@context\":\"https:\/\/schema.org\",\"@graph\":[{\"@type\":\"Article\",\"@id\":\"https:\/\/www.institutodeengenharia.org.br\/site\/2010\/02\/09\/governo-vai-rever-modelo-de-concessoes-ferroviarias\/#article\",\"isPartOf\":{\"@id\":\"https:\/\/www.institutodeengenharia.org.br\/site\/2010\/02\/09\/governo-vai-rever-modelo-de-concessoes-ferroviarias\/\"},\"author\":{\"name\":\"TMax Tecnologia\",\"@id\":\"https:\/\/www.institutodeengenharia.org.br\/site\/#\/schema\/person\/3b1ff109facef084739fc2edcb9a127f\"},\"headline\":\"Governo vai rever modelo de concess\u00f5es ferrovi\u00e1rias\",\"datePublished\":\"2010-02-09T22:35:16+00:00\",\"mainEntityOfPage\":{\"@id\":\"https:\/\/www.institutodeengenharia.org.br\/site\/2010\/02\/09\/governo-vai-rever-modelo-de-concessoes-ferroviarias\/\"},\"wordCount\":252,\"commentCount\":0,\"publisher\":{\"@id\":\"https:\/\/www.institutodeengenharia.org.br\/site\/#organization\"},\"articleSection\":[\"Not\u00edcias\",\"Transportes\"],\"inLanguage\":\"pt-BR\",\"potentialAction\":[{\"@type\":\"CommentAction\",\"name\":\"Comment\",\"target\":[\"https:\/\/www.institutodeengenharia.org.br\/site\/2010\/02\/09\/governo-vai-rever-modelo-de-concessoes-ferroviarias\/#respond\"]}]},{\"@type\":\"WebPage\",\"@id\":\"https:\/\/www.institutodeengenharia.org.br\/site\/2010\/02\/09\/governo-vai-rever-modelo-de-concessoes-ferroviarias\/\",\"url\":\"https:\/\/www.institutodeengenharia.org.br\/site\/2010\/02\/09\/governo-vai-rever-modelo-de-concessoes-ferroviarias\/\",\"name\":\"Governo vai rever modelo de concess\u00f5es ferrovi\u00e1rias - Instituto de Engenharia\",\"isPartOf\":{\"@id\":\"https:\/\/www.institutodeengenharia.org.br\/site\/#website\"},\"datePublished\":\"2010-02-09T22:35:16+00:00\",\"breadcrumb\":{\"@id\":\"https:\/\/www.institutodeengenharia.org.br\/site\/2010\/02\/09\/governo-vai-rever-modelo-de-concessoes-ferroviarias\/#breadcrumb\"},\"inLanguage\":\"pt-BR\",\"potentialAction\":[{\"@type\":\"ReadAction\",\"target\":[\"https:\/\/www.institutodeengenharia.org.br\/site\/2010\/02\/09\/governo-vai-rever-modelo-de-concessoes-ferroviarias\/\"]}]},{\"@type\":\"BreadcrumbList\",\"@id\":\"https:\/\/www.institutodeengenharia.org.br\/site\/2010\/02\/09\/governo-vai-rever-modelo-de-concessoes-ferroviarias\/#breadcrumb\",\"itemListElement\":[{\"@type\":\"ListItem\",\"position\":1,\"name\":\"In\u00edcio\",\"item\":\"https:\/\/www.institutodeengenharia.org.br\/site\/\"},{\"@type\":\"ListItem\",\"position\":2,\"name\":\"Governo vai rever modelo de concess\u00f5es ferrovi\u00e1rias\"}]},{\"@type\":\"WebSite\",\"@id\":\"https:\/\/www.institutodeengenharia.org.br\/site\/#website\",\"url\":\"https:\/\/www.institutodeengenharia.org.br\/site\/\",\"name\":\"Instituto de Engenharia\",\"description\":\"O Instituto de Engenharia promove a Engenharia em benef\u00edcio do desenvolvimento e da qualidade de vida da sociedade.\",\"publisher\":{\"@id\":\"https:\/\/www.institutodeengenharia.org.br\/site\/#organization\"},\"potentialAction\":[{\"@type\":\"SearchAction\",\"target\":{\"@type\":\"EntryPoint\",\"urlTemplate\":\"https:\/\/www.institutodeengenharia.org.br\/site\/?s={search_term_string}\"},\"query-input\":{\"@type\":\"PropertyValueSpecification\",\"valueRequired\":true,\"valueName\":\"search_term_string\"}}],\"inLanguage\":\"pt-BR\"},{\"@type\":\"Organization\",\"@id\":\"https:\/\/www.institutodeengenharia.org.br\/site\/#organization\",\"name\":\"Instituto de Engenharia\",\"url\":\"https:\/\/www.institutodeengenharia.org.br\/site\/\",\"logo\":{\"@type\":\"ImageObject\",\"inLanguage\":\"pt-BR\",\"@id\":\"https:\/\/www.institutodeengenharia.org.br\/site\/#\/schema\/logo\/image\/\",\"url\":\"https:\/\/www.institutodeengenharia.org.br\/site\/wp-content\/uploads\/2019\/03\/logo-novo-IE2018-1.jpg\",\"contentUrl\":\"https:\/\/www.institutodeengenharia.org.br\/site\/wp-content\/uploads\/2019\/03\/logo-novo-IE2018-1.jpg\",\"width\":1486,\"height\":1879,\"caption\":\"Instituto de Engenharia\"},\"image\":{\"@id\":\"https:\/\/www.institutodeengenharia.org.br\/site\/#\/schema\/logo\/image\/\"},\"sameAs\":[\"https:\/\/www.facebook.com\/institutodeengenharia\",\"https:\/\/x.com\/iengenharia\",\"https:\/\/www.instagram.com\/institutodeengenharia\/\",\"https:\/\/www.linkedin.com\/company\/instituto-de-engenharia\/\",\"https:\/\/www.youtube.com\/channel\/UCXiCAlsSMe977vamW915HxA\"]},{\"@type\":\"Person\",\"@id\":\"https:\/\/www.institutodeengenharia.org.br\/site\/#\/schema\/person\/3b1ff109facef084739fc2edcb9a127f\",\"name\":\"TMax Tecnologia\",\"image\":{\"@type\":\"ImageObject\",\"inLanguage\":\"pt-BR\",\"@id\":\"https:\/\/secure.gravatar.com\/avatar\/f912434ef7f389c92cb311fcdae346af848465d638912574b3c669070f797701?s=96&d=mm&r=g\",\"url\":\"https:\/\/secure.gravatar.com\/avatar\/f912434ef7f389c92cb311fcdae346af848465d638912574b3c669070f797701?s=96&d=mm&r=g\",\"contentUrl\":\"https:\/\/secure.gravatar.com\/avatar\/f912434ef7f389c92cb311fcdae346af848465d638912574b3c669070f797701?s=96&d=mm&r=g\",\"caption\":\"TMax Tecnologia\"},\"url\":\"https:\/\/www.institutodeengenharia.org.br\/site\/author\/tmax\/\"}]}<\/script>\n<!-- \/ Yoast SEO plugin. -->","yoast_head_json":{"title":"Governo vai rever modelo de concess\u00f5es ferrovi\u00e1rias - Instituto de Engenharia","robots":{"index":"index","follow":"follow","max-snippet":"max-snippet:-1","max-image-preview":"max-image-preview:large","max-video-preview":"max-video-preview:-1"},"canonical":"https:\/\/www.institutodeengenharia.org.br\/site\/2010\/02\/09\/governo-vai-rever-modelo-de-concessoes-ferroviarias\/","og_locale":"pt_BR","og_type":"article","og_title":"Governo vai rever modelo de concess\u00f5es ferrovi\u00e1rias - Instituto de Engenharia","og_description":"Institui\u00e7\u00f5es do governo federal preparam a revis\u00e3o da modelagem de concess\u00e3o ferrovi\u00e1ria vigente hoje no pa\u00eds, informa Agnaldo Brito em reportagem publicada na Folha desta ter\u00e7a-feira. Os estudos, em fase final de elabora\u00e7\u00e3o, preveem a exclus\u00e3o dos operadores das ferrovias das novas licita\u00e7\u00f5es. Nada muda nas concess\u00f5es vigentes. Se a proposta for implantada de fato, [&hellip;]","og_url":"https:\/\/www.institutodeengenharia.org.br\/site\/2010\/02\/09\/governo-vai-rever-modelo-de-concessoes-ferroviarias\/","og_site_name":"Instituto de Engenharia","article_publisher":"https:\/\/www.facebook.com\/institutodeengenharia","article_published_time":"2010-02-09T22:35:16+00:00","author":"TMax Tecnologia","twitter_card":"summary_large_image","twitter_creator":"@iengenharia","twitter_site":"@iengenharia","twitter_misc":{"Escrito por":"TMax Tecnologia","Est. tempo de leitura":"1 minuto"},"schema":{"@context":"https:\/\/schema.org","@graph":[{"@type":"Article","@id":"https:\/\/www.institutodeengenharia.org.br\/site\/2010\/02\/09\/governo-vai-rever-modelo-de-concessoes-ferroviarias\/#article","isPartOf":{"@id":"https:\/\/www.institutodeengenharia.org.br\/site\/2010\/02\/09\/governo-vai-rever-modelo-de-concessoes-ferroviarias\/"},"author":{"name":"TMax Tecnologia","@id":"https:\/\/www.institutodeengenharia.org.br\/site\/#\/schema\/person\/3b1ff109facef084739fc2edcb9a127f"},"headline":"Governo vai rever modelo de concess\u00f5es ferrovi\u00e1rias","datePublished":"2010-02-09T22:35:16+00:00","mainEntityOfPage":{"@id":"https:\/\/www.institutodeengenharia.org.br\/site\/2010\/02\/09\/governo-vai-rever-modelo-de-concessoes-ferroviarias\/"},"wordCount":252,"commentCount":0,"publisher":{"@id":"https:\/\/www.institutodeengenharia.org.br\/site\/#organization"},"articleSection":["Not\u00edcias","Transportes"],"inLanguage":"pt-BR","potentialAction":[{"@type":"CommentAction","name":"Comment","target":["https:\/\/www.institutodeengenharia.org.br\/site\/2010\/02\/09\/governo-vai-rever-modelo-de-concessoes-ferroviarias\/#respond"]}]},{"@type":"WebPage","@id":"https:\/\/www.institutodeengenharia.org.br\/site\/2010\/02\/09\/governo-vai-rever-modelo-de-concessoes-ferroviarias\/","url":"https:\/\/www.institutodeengenharia.org.br\/site\/2010\/02\/09\/governo-vai-rever-modelo-de-concessoes-ferroviarias\/","name":"Governo vai rever modelo de concess\u00f5es ferrovi\u00e1rias - Instituto de Engenharia","isPartOf":{"@id":"https:\/\/www.institutodeengenharia.org.br\/site\/#website"},"datePublished":"2010-02-09T22:35:16+00:00","breadcrumb":{"@id":"https:\/\/www.institutodeengenharia.org.br\/site\/2010\/02\/09\/governo-vai-rever-modelo-de-concessoes-ferroviarias\/#breadcrumb"},"inLanguage":"pt-BR","potentialAction":[{"@type":"ReadAction","target":["https:\/\/www.institutodeengenharia.org.br\/site\/2010\/02\/09\/governo-vai-rever-modelo-de-concessoes-ferroviarias\/"]}]},{"@type":"BreadcrumbList","@id":"https:\/\/www.institutodeengenharia.org.br\/site\/2010\/02\/09\/governo-vai-rever-modelo-de-concessoes-ferroviarias\/#breadcrumb","itemListElement":[{"@type":"ListItem","position":1,"name":"In\u00edcio","item":"https:\/\/www.institutodeengenharia.org.br\/site\/"},{"@type":"ListItem","position":2,"name":"Governo vai rever modelo de concess\u00f5es ferrovi\u00e1rias"}]},{"@type":"WebSite","@id":"https:\/\/www.institutodeengenharia.org.br\/site\/#website","url":"https:\/\/www.institutodeengenharia.org.br\/site\/","name":"Instituto de Engenharia","description":"O Instituto de Engenharia promove a Engenharia em benef\u00edcio do desenvolvimento e da qualidade de vida da sociedade.","publisher":{"@id":"https:\/\/www.institutodeengenharia.org.br\/site\/#organization"},"potentialAction":[{"@type":"SearchAction","target":{"@type":"EntryPoint","urlTemplate":"https:\/\/www.institutodeengenharia.org.br\/site\/?s={search_term_string}"},"query-input":{"@type":"PropertyValueSpecification","valueRequired":true,"valueName":"search_term_string"}}],"inLanguage":"pt-BR"},{"@type":"Organization","@id":"https:\/\/www.institutodeengenharia.org.br\/site\/#organization","name":"Instituto de Engenharia","url":"https:\/\/www.institutodeengenharia.org.br\/site\/","logo":{"@type":"ImageObject","inLanguage":"pt-BR","@id":"https:\/\/www.institutodeengenharia.org.br\/site\/#\/schema\/logo\/image\/","url":"https:\/\/www.institutodeengenharia.org.br\/site\/wp-content\/uploads\/2019\/03\/logo-novo-IE2018-1.jpg","contentUrl":"https:\/\/www.institutodeengenharia.org.br\/site\/wp-content\/uploads\/2019\/03\/logo-novo-IE2018-1.jpg","width":1486,"height":1879,"caption":"Instituto de Engenharia"},"image":{"@id":"https:\/\/www.institutodeengenharia.org.br\/site\/#\/schema\/logo\/image\/"},"sameAs":["https:\/\/www.facebook.com\/institutodeengenharia","https:\/\/x.com\/iengenharia","https:\/\/www.instagram.com\/institutodeengenharia\/","https:\/\/www.linkedin.com\/company\/instituto-de-engenharia\/","https:\/\/www.youtube.com\/channel\/UCXiCAlsSMe977vamW915HxA"]},{"@type":"Person","@id":"https:\/\/www.institutodeengenharia.org.br\/site\/#\/schema\/person\/3b1ff109facef084739fc2edcb9a127f","name":"TMax Tecnologia","image":{"@type":"ImageObject","inLanguage":"pt-BR","@id":"https:\/\/secure.gravatar.com\/avatar\/f912434ef7f389c92cb311fcdae346af848465d638912574b3c669070f797701?s=96&d=mm&r=g","url":"https:\/\/secure.gravatar.com\/avatar\/f912434ef7f389c92cb311fcdae346af848465d638912574b3c669070f797701?s=96&d=mm&r=g","contentUrl":"https:\/\/secure.gravatar.com\/avatar\/f912434ef7f389c92cb311fcdae346af848465d638912574b3c669070f797701?s=96&d=mm&r=g","caption":"TMax Tecnologia"},"url":"https:\/\/www.institutodeengenharia.org.br\/site\/author\/tmax\/"}]}},"_links":{"self":[{"href":"https:\/\/www.institutodeengenharia.org.br\/site\/wp-json\/wp\/v2\/posts\/17524","targetHints":{"allow":["GET"]}}],"collection":[{"href":"https:\/\/www.institutodeengenharia.org.br\/site\/wp-json\/wp\/v2\/posts"}],"about":[{"href":"https:\/\/www.institutodeengenharia.org.br\/site\/wp-json\/wp\/v2\/types\/post"}],"author":[{"embeddable":true,"href":"https:\/\/www.institutodeengenharia.org.br\/site\/wp-json\/wp\/v2\/users\/1"}],"replies":[{"embeddable":true,"href":"https:\/\/www.institutodeengenharia.org.br\/site\/wp-json\/wp\/v2\/comments?post=17524"}],"version-history":[{"count":0,"href":"https:\/\/www.institutodeengenharia.org.br\/site\/wp-json\/wp\/v2\/posts\/17524\/revisions"}],"wp:attachment":[{"href":"https:\/\/www.institutodeengenharia.org.br\/site\/wp-json\/wp\/v2\/media?parent=17524"}],"wp:term":[{"taxonomy":"category","embeddable":true,"href":"https:\/\/www.institutodeengenharia.org.br\/site\/wp-json\/wp\/v2\/categories?post=17524"},{"taxonomy":"post_tag","embeddable":true,"href":"https:\/\/www.institutodeengenharia.org.br\/site\/wp-json\/wp\/v2\/tags?post=17524"}],"curies":[{"name":"wp","href":"https:\/\/api.w.org\/{rel}","templated":true}]}}