{"id":17488,"date":"2010-02-03T22:34:47","date_gmt":"2010-02-03T22:34:47","guid":{"rendered":"https:\/\/www.institutodeengenharia.org.br\/?p=17488"},"modified":"2010-02-03T08:35:14","modified_gmt":"2010-02-03T08:35:14","slug":"governo-antecipa-para-marco-leilao-da-usina-de-belo-monte","status":"publish","type":"post","link":"https:\/\/www.institutodeengenharia.org.br\/site\/2010\/02\/03\/governo-antecipa-para-marco-leilao-da-usina-de-belo-monte\/","title":{"rendered":"Governo antecipa para mar\u00e7o leil\u00e3o da usina de Belo Monte"},"content":{"rendered":"<p>O Minist\u00e9rio de Minas e Energia antecipou a previs\u00e3o de realiza\u00e7\u00e3o do leil\u00e3o da Usina Hidrel\u00e9trica de Belo Monte, no Rio Xingu, no Par\u00e1. Na segunda-feira (1\u00ba), ap\u00f3s a libera\u00e7\u00e3o da licen\u00e7a ambiental pr\u00e9via para o empreendimento, o governo anunciou que o certame ocorreria nos primeiros dias de abril. Nesta ter\u00e7a (2), o minist\u00e9rio informou que o leil\u00e3o ser\u00e1 realizado ainda em mar\u00e7o.&nbsp;A Ag\u00eancia Nacional de Energia El\u00e9trica (Aneel) deve publicar o edital de Belo Monte nos pr\u00f3ximos dias.&nbsp;<\/p>\n<p>Como o leil\u00e3o chegou a ser marcado para dezembro \u2013 e foi adiado pela falta da licen\u00e7a ambiental \u2013 o texto provavelmente est\u00e1 pronto, deve passar apenas por ajustes. Ap\u00f3s a divulga\u00e7\u00e3o do edital, o leil\u00e3o pode acontecer em at\u00e9 30 dias, a crit\u00e9rio do MME.&nbsp;<\/p>\n<p>As construtoras Odebrecht e Camargo Corr\u00eaa j\u00e1 demonstraram interesse na licita\u00e7\u00e3o. As estatais do setor el\u00e9trico dever\u00e3o ter participa\u00e7\u00e3o em todos os cons\u00f3rcios que concorrer\u00e3o no certame.&nbsp;<\/p>\n<p>A licen\u00e7a emitida pelo Instituto Brasileiro do Meio Ambiente e dos Recursos Naturais Renov\u00e1veis (Ibama) prev\u00ea 40 condicionantes que o vencedor da licita\u00e7\u00e3o ter\u00e1 que cumprir antes de receber autoriza\u00e7\u00e3o para o in\u00edcio das obras da hidrel\u00e9trica. Entre as exig\u00eancias, est\u00e3o a constru\u00e7\u00e3o de escolas, postos de sa\u00fade e investimentos em habita\u00e7\u00e3o e saneamento b\u00e1sico nos munic\u00edpios da \u00e1rea de influ\u00eancia de Belo Monte.&nbsp;<\/p>\n<p>O custo estimado para o cumprimento das condicionantes \u00e9 de R$ 1,5 bilh\u00e3o, segundo o Minist\u00e9rio do Meio Ambiente. O valor n\u00e3o inclui a compensa\u00e7\u00e3o ambiental, cobran\u00e7a obrigat\u00f3ria de 0,5% do valor do empreendimento.&nbsp;<\/p>\n<p>Belo Monte deve custar pelo menos R$ 20 bilh\u00f5es. Com 11 mil megawatts de pot\u00eancia instalada, a hidrel\u00e9trica ser\u00e1 a segunda maior do pa\u00eds, atr\u00e1s apenas de Itaipu (14 mil megawatts).<\/p>\n<p><b>Autor: Ag\u00eancia Brasil<\/b><\/p>\n","protected":false},"excerpt":{"rendered":"<p>O Minist\u00e9rio de Minas e Energia antecipou a previs\u00e3o de realiza\u00e7\u00e3o do leil\u00e3o da Usina Hidrel\u00e9trica de Belo Monte, no Rio Xingu, no Par\u00e1. Na segunda-feira (1\u00ba), ap\u00f3s a libera\u00e7\u00e3o da licen\u00e7a ambiental pr\u00e9via para o empreendimento, o governo anunciou que o certame ocorreria nos primeiros dias de abril. Nesta ter\u00e7a (2), o minist\u00e9rio informou [&hellip;]<\/p>\n","protected":false},"author":1,"featured_media":0,"comment_status":"open","ping_status":"open","sticky":false,"template":"","format":"standard","meta":{"footnotes":""},"categories":[24,6],"tags":[],"class_list":{"0":"post-17488","1":"post","2":"type-post","3":"status-publish","4":"format-standard","6":"category-energia","7":"category-noticias"},"yoast_head":"<!-- This site is optimized with the Yoast SEO plugin v27.2 - https:\/\/yoast.com\/product\/yoast-seo-wordpress\/ -->\n<title>Governo antecipa para mar\u00e7o leil\u00e3o da usina de Belo Monte - Instituto de Engenharia<\/title>\n<meta name=\"robots\" content=\"index, follow, max-snippet:-1, max-image-preview:large, max-video-preview:-1\" \/>\n<link rel=\"canonical\" href=\"https:\/\/www.institutodeengenharia.org.br\/site\/2010\/02\/03\/governo-antecipa-para-marco-leilao-da-usina-de-belo-monte\/\" \/>\n<meta property=\"og:locale\" content=\"pt_BR\" \/>\n<meta property=\"og:type\" content=\"article\" \/>\n<meta property=\"og:title\" content=\"Governo antecipa para mar\u00e7o leil\u00e3o da usina de Belo Monte - Instituto de Engenharia\" \/>\n<meta property=\"og:description\" content=\"O Minist\u00e9rio de Minas e Energia antecipou a previs\u00e3o de realiza\u00e7\u00e3o do leil\u00e3o da Usina Hidrel\u00e9trica de Belo Monte, no Rio Xingu, no Par\u00e1. Na segunda-feira (1\u00ba), ap\u00f3s a libera\u00e7\u00e3o da licen\u00e7a ambiental pr\u00e9via para o empreendimento, o governo anunciou que o certame ocorreria nos primeiros dias de abril. Nesta ter\u00e7a (2), o minist\u00e9rio informou [&hellip;]\" \/>\n<meta property=\"og:url\" content=\"https:\/\/www.institutodeengenharia.org.br\/site\/2010\/02\/03\/governo-antecipa-para-marco-leilao-da-usina-de-belo-monte\/\" \/>\n<meta property=\"og:site_name\" content=\"Instituto de Engenharia\" \/>\n<meta property=\"article:publisher\" content=\"https:\/\/www.facebook.com\/institutodeengenharia\" \/>\n<meta property=\"article:published_time\" content=\"2010-02-03T22:34:47+00:00\" \/>\n<meta name=\"author\" content=\"TMax Tecnologia\" \/>\n<meta name=\"twitter:card\" content=\"summary_large_image\" \/>\n<meta name=\"twitter:creator\" content=\"@iengenharia\" \/>\n<meta name=\"twitter:site\" content=\"@iengenharia\" \/>\n<meta name=\"twitter:label1\" content=\"Escrito por\" \/>\n\t<meta name=\"twitter:data1\" content=\"TMax Tecnologia\" \/>\n\t<meta name=\"twitter:label2\" content=\"Est. tempo de leitura\" \/>\n\t<meta name=\"twitter:data2\" content=\"2 minutos\" \/>\n<script type=\"application\/ld+json\" class=\"yoast-schema-graph\">{\"@context\":\"https:\/\/schema.org\",\"@graph\":[{\"@type\":\"Article\",\"@id\":\"https:\/\/www.institutodeengenharia.org.br\/site\/2010\/02\/03\/governo-antecipa-para-marco-leilao-da-usina-de-belo-monte\/#article\",\"isPartOf\":{\"@id\":\"https:\/\/www.institutodeengenharia.org.br\/site\/2010\/02\/03\/governo-antecipa-para-marco-leilao-da-usina-de-belo-monte\/\"},\"author\":{\"name\":\"TMax Tecnologia\",\"@id\":\"https:\/\/www.institutodeengenharia.org.br\/site\/#\/schema\/person\/3b1ff109facef084739fc2edcb9a127f\"},\"headline\":\"Governo antecipa para mar\u00e7o leil\u00e3o da usina de Belo Monte\",\"datePublished\":\"2010-02-03T22:34:47+00:00\",\"mainEntityOfPage\":{\"@id\":\"https:\/\/www.institutodeengenharia.org.br\/site\/2010\/02\/03\/governo-antecipa-para-marco-leilao-da-usina-de-belo-monte\/\"},\"wordCount\":346,\"commentCount\":0,\"publisher\":{\"@id\":\"https:\/\/www.institutodeengenharia.org.br\/site\/#organization\"},\"articleSection\":[\"Energia\",\"Not\u00edcias\"],\"inLanguage\":\"pt-BR\",\"potentialAction\":[{\"@type\":\"CommentAction\",\"name\":\"Comment\",\"target\":[\"https:\/\/www.institutodeengenharia.org.br\/site\/2010\/02\/03\/governo-antecipa-para-marco-leilao-da-usina-de-belo-monte\/#respond\"]}]},{\"@type\":\"WebPage\",\"@id\":\"https:\/\/www.institutodeengenharia.org.br\/site\/2010\/02\/03\/governo-antecipa-para-marco-leilao-da-usina-de-belo-monte\/\",\"url\":\"https:\/\/www.institutodeengenharia.org.br\/site\/2010\/02\/03\/governo-antecipa-para-marco-leilao-da-usina-de-belo-monte\/\",\"name\":\"Governo antecipa para mar\u00e7o leil\u00e3o da usina de Belo Monte - Instituto de Engenharia\",\"isPartOf\":{\"@id\":\"https:\/\/www.institutodeengenharia.org.br\/site\/#website\"},\"datePublished\":\"2010-02-03T22:34:47+00:00\",\"breadcrumb\":{\"@id\":\"https:\/\/www.institutodeengenharia.org.br\/site\/2010\/02\/03\/governo-antecipa-para-marco-leilao-da-usina-de-belo-monte\/#breadcrumb\"},\"inLanguage\":\"pt-BR\",\"potentialAction\":[{\"@type\":\"ReadAction\",\"target\":[\"https:\/\/www.institutodeengenharia.org.br\/site\/2010\/02\/03\/governo-antecipa-para-marco-leilao-da-usina-de-belo-monte\/\"]}]},{\"@type\":\"BreadcrumbList\",\"@id\":\"https:\/\/www.institutodeengenharia.org.br\/site\/2010\/02\/03\/governo-antecipa-para-marco-leilao-da-usina-de-belo-monte\/#breadcrumb\",\"itemListElement\":[{\"@type\":\"ListItem\",\"position\":1,\"name\":\"In\u00edcio\",\"item\":\"https:\/\/www.institutodeengenharia.org.br\/site\/\"},{\"@type\":\"ListItem\",\"position\":2,\"name\":\"Governo antecipa para mar\u00e7o leil\u00e3o da usina de Belo Monte\"}]},{\"@type\":\"WebSite\",\"@id\":\"https:\/\/www.institutodeengenharia.org.br\/site\/#website\",\"url\":\"https:\/\/www.institutodeengenharia.org.br\/site\/\",\"name\":\"Instituto de Engenharia\",\"description\":\"O Instituto de Engenharia promove a Engenharia em benef\u00edcio do desenvolvimento e da qualidade de vida da sociedade.\",\"publisher\":{\"@id\":\"https:\/\/www.institutodeengenharia.org.br\/site\/#organization\"},\"potentialAction\":[{\"@type\":\"SearchAction\",\"target\":{\"@type\":\"EntryPoint\",\"urlTemplate\":\"https:\/\/www.institutodeengenharia.org.br\/site\/?s={search_term_string}\"},\"query-input\":{\"@type\":\"PropertyValueSpecification\",\"valueRequired\":true,\"valueName\":\"search_term_string\"}}],\"inLanguage\":\"pt-BR\"},{\"@type\":\"Organization\",\"@id\":\"https:\/\/www.institutodeengenharia.org.br\/site\/#organization\",\"name\":\"Instituto de Engenharia\",\"url\":\"https:\/\/www.institutodeengenharia.org.br\/site\/\",\"logo\":{\"@type\":\"ImageObject\",\"inLanguage\":\"pt-BR\",\"@id\":\"https:\/\/www.institutodeengenharia.org.br\/site\/#\/schema\/logo\/image\/\",\"url\":\"https:\/\/www.institutodeengenharia.org.br\/site\/wp-content\/uploads\/2019\/03\/logo-novo-IE2018-1.jpg\",\"contentUrl\":\"https:\/\/www.institutodeengenharia.org.br\/site\/wp-content\/uploads\/2019\/03\/logo-novo-IE2018-1.jpg\",\"width\":1486,\"height\":1879,\"caption\":\"Instituto de Engenharia\"},\"image\":{\"@id\":\"https:\/\/www.institutodeengenharia.org.br\/site\/#\/schema\/logo\/image\/\"},\"sameAs\":[\"https:\/\/www.facebook.com\/institutodeengenharia\",\"https:\/\/x.com\/iengenharia\",\"https:\/\/www.instagram.com\/institutodeengenharia\/\",\"https:\/\/www.linkedin.com\/company\/instituto-de-engenharia\/\",\"https:\/\/www.youtube.com\/channel\/UCXiCAlsSMe977vamW915HxA\"]},{\"@type\":\"Person\",\"@id\":\"https:\/\/www.institutodeengenharia.org.br\/site\/#\/schema\/person\/3b1ff109facef084739fc2edcb9a127f\",\"name\":\"TMax Tecnologia\",\"image\":{\"@type\":\"ImageObject\",\"inLanguage\":\"pt-BR\",\"@id\":\"https:\/\/secure.gravatar.com\/avatar\/f912434ef7f389c92cb311fcdae346af848465d638912574b3c669070f797701?s=96&d=mm&r=g\",\"url\":\"https:\/\/secure.gravatar.com\/avatar\/f912434ef7f389c92cb311fcdae346af848465d638912574b3c669070f797701?s=96&d=mm&r=g\",\"contentUrl\":\"https:\/\/secure.gravatar.com\/avatar\/f912434ef7f389c92cb311fcdae346af848465d638912574b3c669070f797701?s=96&d=mm&r=g\",\"caption\":\"TMax Tecnologia\"},\"url\":\"https:\/\/www.institutodeengenharia.org.br\/site\/author\/tmax\/\"}]}<\/script>\n<!-- \/ Yoast SEO plugin. -->","yoast_head_json":{"title":"Governo antecipa para mar\u00e7o leil\u00e3o da usina de Belo Monte - Instituto de Engenharia","robots":{"index":"index","follow":"follow","max-snippet":"max-snippet:-1","max-image-preview":"max-image-preview:large","max-video-preview":"max-video-preview:-1"},"canonical":"https:\/\/www.institutodeengenharia.org.br\/site\/2010\/02\/03\/governo-antecipa-para-marco-leilao-da-usina-de-belo-monte\/","og_locale":"pt_BR","og_type":"article","og_title":"Governo antecipa para mar\u00e7o leil\u00e3o da usina de Belo Monte - Instituto de Engenharia","og_description":"O Minist\u00e9rio de Minas e Energia antecipou a previs\u00e3o de realiza\u00e7\u00e3o do leil\u00e3o da Usina Hidrel\u00e9trica de Belo Monte, no Rio Xingu, no Par\u00e1. Na segunda-feira (1\u00ba), ap\u00f3s a libera\u00e7\u00e3o da licen\u00e7a ambiental pr\u00e9via para o empreendimento, o governo anunciou que o certame ocorreria nos primeiros dias de abril. Nesta ter\u00e7a (2), o minist\u00e9rio informou [&hellip;]","og_url":"https:\/\/www.institutodeengenharia.org.br\/site\/2010\/02\/03\/governo-antecipa-para-marco-leilao-da-usina-de-belo-monte\/","og_site_name":"Instituto de Engenharia","article_publisher":"https:\/\/www.facebook.com\/institutodeengenharia","article_published_time":"2010-02-03T22:34:47+00:00","author":"TMax Tecnologia","twitter_card":"summary_large_image","twitter_creator":"@iengenharia","twitter_site":"@iengenharia","twitter_misc":{"Escrito por":"TMax Tecnologia","Est. tempo de leitura":"2 minutos"},"schema":{"@context":"https:\/\/schema.org","@graph":[{"@type":"Article","@id":"https:\/\/www.institutodeengenharia.org.br\/site\/2010\/02\/03\/governo-antecipa-para-marco-leilao-da-usina-de-belo-monte\/#article","isPartOf":{"@id":"https:\/\/www.institutodeengenharia.org.br\/site\/2010\/02\/03\/governo-antecipa-para-marco-leilao-da-usina-de-belo-monte\/"},"author":{"name":"TMax Tecnologia","@id":"https:\/\/www.institutodeengenharia.org.br\/site\/#\/schema\/person\/3b1ff109facef084739fc2edcb9a127f"},"headline":"Governo antecipa para mar\u00e7o leil\u00e3o da usina de Belo Monte","datePublished":"2010-02-03T22:34:47+00:00","mainEntityOfPage":{"@id":"https:\/\/www.institutodeengenharia.org.br\/site\/2010\/02\/03\/governo-antecipa-para-marco-leilao-da-usina-de-belo-monte\/"},"wordCount":346,"commentCount":0,"publisher":{"@id":"https:\/\/www.institutodeengenharia.org.br\/site\/#organization"},"articleSection":["Energia","Not\u00edcias"],"inLanguage":"pt-BR","potentialAction":[{"@type":"CommentAction","name":"Comment","target":["https:\/\/www.institutodeengenharia.org.br\/site\/2010\/02\/03\/governo-antecipa-para-marco-leilao-da-usina-de-belo-monte\/#respond"]}]},{"@type":"WebPage","@id":"https:\/\/www.institutodeengenharia.org.br\/site\/2010\/02\/03\/governo-antecipa-para-marco-leilao-da-usina-de-belo-monte\/","url":"https:\/\/www.institutodeengenharia.org.br\/site\/2010\/02\/03\/governo-antecipa-para-marco-leilao-da-usina-de-belo-monte\/","name":"Governo antecipa para mar\u00e7o leil\u00e3o da usina de Belo Monte - Instituto de Engenharia","isPartOf":{"@id":"https:\/\/www.institutodeengenharia.org.br\/site\/#website"},"datePublished":"2010-02-03T22:34:47+00:00","breadcrumb":{"@id":"https:\/\/www.institutodeengenharia.org.br\/site\/2010\/02\/03\/governo-antecipa-para-marco-leilao-da-usina-de-belo-monte\/#breadcrumb"},"inLanguage":"pt-BR","potentialAction":[{"@type":"ReadAction","target":["https:\/\/www.institutodeengenharia.org.br\/site\/2010\/02\/03\/governo-antecipa-para-marco-leilao-da-usina-de-belo-monte\/"]}]},{"@type":"BreadcrumbList","@id":"https:\/\/www.institutodeengenharia.org.br\/site\/2010\/02\/03\/governo-antecipa-para-marco-leilao-da-usina-de-belo-monte\/#breadcrumb","itemListElement":[{"@type":"ListItem","position":1,"name":"In\u00edcio","item":"https:\/\/www.institutodeengenharia.org.br\/site\/"},{"@type":"ListItem","position":2,"name":"Governo antecipa para mar\u00e7o leil\u00e3o da usina de Belo Monte"}]},{"@type":"WebSite","@id":"https:\/\/www.institutodeengenharia.org.br\/site\/#website","url":"https:\/\/www.institutodeengenharia.org.br\/site\/","name":"Instituto de Engenharia","description":"O Instituto de Engenharia promove a Engenharia em benef\u00edcio do desenvolvimento e da qualidade de vida da sociedade.","publisher":{"@id":"https:\/\/www.institutodeengenharia.org.br\/site\/#organization"},"potentialAction":[{"@type":"SearchAction","target":{"@type":"EntryPoint","urlTemplate":"https:\/\/www.institutodeengenharia.org.br\/site\/?s={search_term_string}"},"query-input":{"@type":"PropertyValueSpecification","valueRequired":true,"valueName":"search_term_string"}}],"inLanguage":"pt-BR"},{"@type":"Organization","@id":"https:\/\/www.institutodeengenharia.org.br\/site\/#organization","name":"Instituto de Engenharia","url":"https:\/\/www.institutodeengenharia.org.br\/site\/","logo":{"@type":"ImageObject","inLanguage":"pt-BR","@id":"https:\/\/www.institutodeengenharia.org.br\/site\/#\/schema\/logo\/image\/","url":"https:\/\/www.institutodeengenharia.org.br\/site\/wp-content\/uploads\/2019\/03\/logo-novo-IE2018-1.jpg","contentUrl":"https:\/\/www.institutodeengenharia.org.br\/site\/wp-content\/uploads\/2019\/03\/logo-novo-IE2018-1.jpg","width":1486,"height":1879,"caption":"Instituto de Engenharia"},"image":{"@id":"https:\/\/www.institutodeengenharia.org.br\/site\/#\/schema\/logo\/image\/"},"sameAs":["https:\/\/www.facebook.com\/institutodeengenharia","https:\/\/x.com\/iengenharia","https:\/\/www.instagram.com\/institutodeengenharia\/","https:\/\/www.linkedin.com\/company\/instituto-de-engenharia\/","https:\/\/www.youtube.com\/channel\/UCXiCAlsSMe977vamW915HxA"]},{"@type":"Person","@id":"https:\/\/www.institutodeengenharia.org.br\/site\/#\/schema\/person\/3b1ff109facef084739fc2edcb9a127f","name":"TMax Tecnologia","image":{"@type":"ImageObject","inLanguage":"pt-BR","@id":"https:\/\/secure.gravatar.com\/avatar\/f912434ef7f389c92cb311fcdae346af848465d638912574b3c669070f797701?s=96&d=mm&r=g","url":"https:\/\/secure.gravatar.com\/avatar\/f912434ef7f389c92cb311fcdae346af848465d638912574b3c669070f797701?s=96&d=mm&r=g","contentUrl":"https:\/\/secure.gravatar.com\/avatar\/f912434ef7f389c92cb311fcdae346af848465d638912574b3c669070f797701?s=96&d=mm&r=g","caption":"TMax Tecnologia"},"url":"https:\/\/www.institutodeengenharia.org.br\/site\/author\/tmax\/"}]}},"_links":{"self":[{"href":"https:\/\/www.institutodeengenharia.org.br\/site\/wp-json\/wp\/v2\/posts\/17488","targetHints":{"allow":["GET"]}}],"collection":[{"href":"https:\/\/www.institutodeengenharia.org.br\/site\/wp-json\/wp\/v2\/posts"}],"about":[{"href":"https:\/\/www.institutodeengenharia.org.br\/site\/wp-json\/wp\/v2\/types\/post"}],"author":[{"embeddable":true,"href":"https:\/\/www.institutodeengenharia.org.br\/site\/wp-json\/wp\/v2\/users\/1"}],"replies":[{"embeddable":true,"href":"https:\/\/www.institutodeengenharia.org.br\/site\/wp-json\/wp\/v2\/comments?post=17488"}],"version-history":[{"count":0,"href":"https:\/\/www.institutodeengenharia.org.br\/site\/wp-json\/wp\/v2\/posts\/17488\/revisions"}],"wp:attachment":[{"href":"https:\/\/www.institutodeengenharia.org.br\/site\/wp-json\/wp\/v2\/media?parent=17488"}],"wp:term":[{"taxonomy":"category","embeddable":true,"href":"https:\/\/www.institutodeengenharia.org.br\/site\/wp-json\/wp\/v2\/categories?post=17488"},{"taxonomy":"post_tag","embeddable":true,"href":"https:\/\/www.institutodeengenharia.org.br\/site\/wp-json\/wp\/v2\/tags?post=17488"}],"curies":[{"name":"wp","href":"https:\/\/api.w.org\/{rel}","templated":true}]}}