{"id":17476,"date":"2010-02-01T22:34:38","date_gmt":"2010-02-01T22:34:38","guid":{"rendered":"https:\/\/www.institutodeengenharia.org.br\/?p=17476"},"modified":"2010-02-01T15:08:35","modified_gmt":"2010-02-01T15:08:35","slug":"forcatarefa-vai-ser-lancada-para-formar-engenheiros","status":"publish","type":"post","link":"https:\/\/www.institutodeengenharia.org.br\/site\/2010\/02\/01\/forcatarefa-vai-ser-lancada-para-formar-engenheiros\/","title":{"rendered":"For\u00e7a-tarefa vai ser lan\u00e7ada para formar engenheiros"},"content":{"rendered":"<p>N\u00e3o s\u00f3 o economista Nouriel Roubini, que previu a crise financeira global, acha que o Brasil precisa qualificar sua m\u00e3o de obra. Governo, academia e setor privado lan\u00e7ar\u00e3o uma for\u00e7a-tarefa, que tem como objetivo reduzir o d\u00e9ficit de engenheiros, elevando de 30 mil para 100 mil ao ano o n\u00famero de profissionais formados. Reportagem de Geralda Doca e Eliane Oliveira, publicada na edi\u00e7\u00e3o deste domingo do Boa Chance, revela que o Minist\u00e9rio da Educa\u00e7\u00e3o estuda &#8220;comprar&#8221; vagas em universidades privadas, via Fies (Financiamento Estudantil), para que elas formem engenheiros que, depois, remunerariam o Estado com seus sal\u00e1rios. <\/p>\n<p>\nComplementando a iniciativa, a Confedera\u00e7\u00e3o Nacional da Ind\u00fastria (CNI) daria bolsas para esses alunos para que eles desenvolvessem projetos de pesquisa. O plano ser\u00e1 lan\u00e7ado em 60 dias. <\/p>\n<p>\nAssim, a defici\u00eancia &#8211; cr\u00f4nica &#8211; entra na agenda de prioridades do governo. O desconforto j\u00e1 faz parte da realidade de um n\u00famero imensur\u00e1vel de empresas brasileiras, que, embora prontas para expandir suas atividades, n\u00e3o encontram engenheiros qualificados para tocar obras de porte, como as previstas para o Programa de Acelera\u00e7\u00e3o do Crescimento (PAC), o Minha Casa, Minha Vida e a Copa do Mundo. <\/p>\n<p>&#8211; O ministro da Educa\u00e7\u00e3o (Fernando Haddad) est\u00e1 bastante sensibilizado &#8211; diz o presidente da Coordena\u00e7\u00e3o de Aperfei\u00e7oamento de Pessoal de N\u00edvel Superior (Capes), funda\u00e7\u00e3o vinculada ao MEC, Jorge Guimar\u00e3es, para quem \u00e9 preciso que o governo federal entre nessa causa. &#8211; Os cursos de engenharia s\u00e3o caros e exigem, entre outras coisas, laborat\u00f3rios de pesquisa. <\/p>\n<p>A prioridade para as engenharias tem explica\u00e7\u00e3o na peculiaridade desse tipo de disciplina, que permeia praticamente toda a infraestrutura: constru\u00e7\u00e3o civil, energia, petr\u00f3leo, g\u00e1s, qu\u00edmica, entre outros. <\/p>\n<p><b>Autor: O Globo<\/b><\/p>\n","protected":false},"excerpt":{"rendered":"<p>N\u00e3o s\u00f3 o economista Nouriel Roubini, que previu a crise financeira global, acha que o Brasil precisa qualificar sua m\u00e3o de obra. Governo, academia e setor privado lan\u00e7ar\u00e3o uma for\u00e7a-tarefa, que tem como objetivo reduzir o d\u00e9ficit de engenheiros, elevando de 30 mil para 100 mil ao ano o n\u00famero de profissionais formados. Reportagem de [&hellip;]<\/p>\n","protected":false},"author":1,"featured_media":0,"comment_status":"open","ping_status":"open","sticky":false,"template":"","format":"standard","meta":{"footnotes":""},"categories":[6,35],"tags":[],"class_list":{"0":"post-17476","1":"post","2":"type-post","3":"status-publish","4":"format-standard","6":"category-noticias","7":"category-pesquisa-e-desenvolvimento"},"yoast_head":"<!-- This site is optimized with the Yoast SEO plugin v27.2 - https:\/\/yoast.com\/product\/yoast-seo-wordpress\/ -->\n<title>For\u00e7a-tarefa vai ser lan\u00e7ada para formar engenheiros - Instituto de Engenharia<\/title>\n<meta name=\"robots\" content=\"index, follow, max-snippet:-1, max-image-preview:large, max-video-preview:-1\" \/>\n<link rel=\"canonical\" href=\"https:\/\/www.institutodeengenharia.org.br\/site\/2010\/02\/01\/forcatarefa-vai-ser-lancada-para-formar-engenheiros\/\" \/>\n<meta property=\"og:locale\" content=\"pt_BR\" \/>\n<meta property=\"og:type\" content=\"article\" \/>\n<meta property=\"og:title\" content=\"For\u00e7a-tarefa vai ser lan\u00e7ada para formar engenheiros - Instituto de Engenharia\" \/>\n<meta property=\"og:description\" content=\"N\u00e3o s\u00f3 o economista Nouriel Roubini, que previu a crise financeira global, acha que o Brasil precisa qualificar sua m\u00e3o de obra. Governo, academia e setor privado lan\u00e7ar\u00e3o uma for\u00e7a-tarefa, que tem como objetivo reduzir o d\u00e9ficit de engenheiros, elevando de 30 mil para 100 mil ao ano o n\u00famero de profissionais formados. Reportagem de [&hellip;]\" \/>\n<meta property=\"og:url\" content=\"https:\/\/www.institutodeengenharia.org.br\/site\/2010\/02\/01\/forcatarefa-vai-ser-lancada-para-formar-engenheiros\/\" \/>\n<meta property=\"og:site_name\" content=\"Instituto de Engenharia\" \/>\n<meta property=\"article:publisher\" content=\"https:\/\/www.facebook.com\/institutodeengenharia\" \/>\n<meta property=\"article:published_time\" content=\"2010-02-01T22:34:38+00:00\" \/>\n<meta name=\"author\" content=\"TMax Tecnologia\" \/>\n<meta name=\"twitter:card\" content=\"summary_large_image\" \/>\n<meta name=\"twitter:creator\" content=\"@iengenharia\" \/>\n<meta name=\"twitter:site\" content=\"@iengenharia\" \/>\n<meta name=\"twitter:label1\" content=\"Escrito por\" \/>\n\t<meta name=\"twitter:data1\" content=\"TMax Tecnologia\" \/>\n\t<meta name=\"twitter:label2\" content=\"Est. tempo de leitura\" \/>\n\t<meta name=\"twitter:data2\" content=\"2 minutos\" \/>\n<script type=\"application\/ld+json\" class=\"yoast-schema-graph\">{\"@context\":\"https:\/\/schema.org\",\"@graph\":[{\"@type\":\"Article\",\"@id\":\"https:\/\/www.institutodeengenharia.org.br\/site\/2010\/02\/01\/forcatarefa-vai-ser-lancada-para-formar-engenheiros\/#article\",\"isPartOf\":{\"@id\":\"https:\/\/www.institutodeengenharia.org.br\/site\/2010\/02\/01\/forcatarefa-vai-ser-lancada-para-formar-engenheiros\/\"},\"author\":{\"name\":\"TMax Tecnologia\",\"@id\":\"https:\/\/www.institutodeengenharia.org.br\/site\/#\/schema\/person\/3b1ff109facef084739fc2edcb9a127f\"},\"headline\":\"For\u00e7a-tarefa vai ser lan\u00e7ada para formar engenheiros\",\"datePublished\":\"2010-02-01T22:34:38+00:00\",\"mainEntityOfPage\":{\"@id\":\"https:\/\/www.institutodeengenharia.org.br\/site\/2010\/02\/01\/forcatarefa-vai-ser-lancada-para-formar-engenheiros\/\"},\"wordCount\":313,\"commentCount\":0,\"publisher\":{\"@id\":\"https:\/\/www.institutodeengenharia.org.br\/site\/#organization\"},\"articleSection\":[\"Not\u00edcias\",\"Pesquisa e Desenvolvimento\"],\"inLanguage\":\"pt-BR\",\"potentialAction\":[{\"@type\":\"CommentAction\",\"name\":\"Comment\",\"target\":[\"https:\/\/www.institutodeengenharia.org.br\/site\/2010\/02\/01\/forcatarefa-vai-ser-lancada-para-formar-engenheiros\/#respond\"]}]},{\"@type\":\"WebPage\",\"@id\":\"https:\/\/www.institutodeengenharia.org.br\/site\/2010\/02\/01\/forcatarefa-vai-ser-lancada-para-formar-engenheiros\/\",\"url\":\"https:\/\/www.institutodeengenharia.org.br\/site\/2010\/02\/01\/forcatarefa-vai-ser-lancada-para-formar-engenheiros\/\",\"name\":\"For\u00e7a-tarefa vai ser lan\u00e7ada para formar engenheiros - Instituto de Engenharia\",\"isPartOf\":{\"@id\":\"https:\/\/www.institutodeengenharia.org.br\/site\/#website\"},\"datePublished\":\"2010-02-01T22:34:38+00:00\",\"breadcrumb\":{\"@id\":\"https:\/\/www.institutodeengenharia.org.br\/site\/2010\/02\/01\/forcatarefa-vai-ser-lancada-para-formar-engenheiros\/#breadcrumb\"},\"inLanguage\":\"pt-BR\",\"potentialAction\":[{\"@type\":\"ReadAction\",\"target\":[\"https:\/\/www.institutodeengenharia.org.br\/site\/2010\/02\/01\/forcatarefa-vai-ser-lancada-para-formar-engenheiros\/\"]}]},{\"@type\":\"BreadcrumbList\",\"@id\":\"https:\/\/www.institutodeengenharia.org.br\/site\/2010\/02\/01\/forcatarefa-vai-ser-lancada-para-formar-engenheiros\/#breadcrumb\",\"itemListElement\":[{\"@type\":\"ListItem\",\"position\":1,\"name\":\"In\u00edcio\",\"item\":\"https:\/\/www.institutodeengenharia.org.br\/site\/\"},{\"@type\":\"ListItem\",\"position\":2,\"name\":\"For\u00e7a-tarefa vai ser lan\u00e7ada para formar engenheiros\"}]},{\"@type\":\"WebSite\",\"@id\":\"https:\/\/www.institutodeengenharia.org.br\/site\/#website\",\"url\":\"https:\/\/www.institutodeengenharia.org.br\/site\/\",\"name\":\"Instituto de Engenharia\",\"description\":\"O Instituto de Engenharia promove a Engenharia em benef\u00edcio do desenvolvimento e da qualidade de vida da sociedade.\",\"publisher\":{\"@id\":\"https:\/\/www.institutodeengenharia.org.br\/site\/#organization\"},\"potentialAction\":[{\"@type\":\"SearchAction\",\"target\":{\"@type\":\"EntryPoint\",\"urlTemplate\":\"https:\/\/www.institutodeengenharia.org.br\/site\/?s={search_term_string}\"},\"query-input\":{\"@type\":\"PropertyValueSpecification\",\"valueRequired\":true,\"valueName\":\"search_term_string\"}}],\"inLanguage\":\"pt-BR\"},{\"@type\":\"Organization\",\"@id\":\"https:\/\/www.institutodeengenharia.org.br\/site\/#organization\",\"name\":\"Instituto de Engenharia\",\"url\":\"https:\/\/www.institutodeengenharia.org.br\/site\/\",\"logo\":{\"@type\":\"ImageObject\",\"inLanguage\":\"pt-BR\",\"@id\":\"https:\/\/www.institutodeengenharia.org.br\/site\/#\/schema\/logo\/image\/\",\"url\":\"https:\/\/www.institutodeengenharia.org.br\/site\/wp-content\/uploads\/2019\/03\/logo-novo-IE2018-1.jpg\",\"contentUrl\":\"https:\/\/www.institutodeengenharia.org.br\/site\/wp-content\/uploads\/2019\/03\/logo-novo-IE2018-1.jpg\",\"width\":1486,\"height\":1879,\"caption\":\"Instituto de Engenharia\"},\"image\":{\"@id\":\"https:\/\/www.institutodeengenharia.org.br\/site\/#\/schema\/logo\/image\/\"},\"sameAs\":[\"https:\/\/www.facebook.com\/institutodeengenharia\",\"https:\/\/x.com\/iengenharia\",\"https:\/\/www.instagram.com\/institutodeengenharia\/\",\"https:\/\/www.linkedin.com\/company\/instituto-de-engenharia\/\",\"https:\/\/www.youtube.com\/channel\/UCXiCAlsSMe977vamW915HxA\"]},{\"@type\":\"Person\",\"@id\":\"https:\/\/www.institutodeengenharia.org.br\/site\/#\/schema\/person\/3b1ff109facef084739fc2edcb9a127f\",\"name\":\"TMax Tecnologia\",\"image\":{\"@type\":\"ImageObject\",\"inLanguage\":\"pt-BR\",\"@id\":\"https:\/\/secure.gravatar.com\/avatar\/f912434ef7f389c92cb311fcdae346af848465d638912574b3c669070f797701?s=96&d=mm&r=g\",\"url\":\"https:\/\/secure.gravatar.com\/avatar\/f912434ef7f389c92cb311fcdae346af848465d638912574b3c669070f797701?s=96&d=mm&r=g\",\"contentUrl\":\"https:\/\/secure.gravatar.com\/avatar\/f912434ef7f389c92cb311fcdae346af848465d638912574b3c669070f797701?s=96&d=mm&r=g\",\"caption\":\"TMax Tecnologia\"},\"url\":\"https:\/\/www.institutodeengenharia.org.br\/site\/author\/tmax\/\"}]}<\/script>\n<!-- \/ Yoast SEO plugin. -->","yoast_head_json":{"title":"For\u00e7a-tarefa vai ser lan\u00e7ada para formar engenheiros - Instituto de Engenharia","robots":{"index":"index","follow":"follow","max-snippet":"max-snippet:-1","max-image-preview":"max-image-preview:large","max-video-preview":"max-video-preview:-1"},"canonical":"https:\/\/www.institutodeengenharia.org.br\/site\/2010\/02\/01\/forcatarefa-vai-ser-lancada-para-formar-engenheiros\/","og_locale":"pt_BR","og_type":"article","og_title":"For\u00e7a-tarefa vai ser lan\u00e7ada para formar engenheiros - Instituto de Engenharia","og_description":"N\u00e3o s\u00f3 o economista Nouriel Roubini, que previu a crise financeira global, acha que o Brasil precisa qualificar sua m\u00e3o de obra. Governo, academia e setor privado lan\u00e7ar\u00e3o uma for\u00e7a-tarefa, que tem como objetivo reduzir o d\u00e9ficit de engenheiros, elevando de 30 mil para 100 mil ao ano o n\u00famero de profissionais formados. Reportagem de [&hellip;]","og_url":"https:\/\/www.institutodeengenharia.org.br\/site\/2010\/02\/01\/forcatarefa-vai-ser-lancada-para-formar-engenheiros\/","og_site_name":"Instituto de Engenharia","article_publisher":"https:\/\/www.facebook.com\/institutodeengenharia","article_published_time":"2010-02-01T22:34:38+00:00","author":"TMax Tecnologia","twitter_card":"summary_large_image","twitter_creator":"@iengenharia","twitter_site":"@iengenharia","twitter_misc":{"Escrito por":"TMax Tecnologia","Est. tempo de leitura":"2 minutos"},"schema":{"@context":"https:\/\/schema.org","@graph":[{"@type":"Article","@id":"https:\/\/www.institutodeengenharia.org.br\/site\/2010\/02\/01\/forcatarefa-vai-ser-lancada-para-formar-engenheiros\/#article","isPartOf":{"@id":"https:\/\/www.institutodeengenharia.org.br\/site\/2010\/02\/01\/forcatarefa-vai-ser-lancada-para-formar-engenheiros\/"},"author":{"name":"TMax Tecnologia","@id":"https:\/\/www.institutodeengenharia.org.br\/site\/#\/schema\/person\/3b1ff109facef084739fc2edcb9a127f"},"headline":"For\u00e7a-tarefa vai ser lan\u00e7ada para formar engenheiros","datePublished":"2010-02-01T22:34:38+00:00","mainEntityOfPage":{"@id":"https:\/\/www.institutodeengenharia.org.br\/site\/2010\/02\/01\/forcatarefa-vai-ser-lancada-para-formar-engenheiros\/"},"wordCount":313,"commentCount":0,"publisher":{"@id":"https:\/\/www.institutodeengenharia.org.br\/site\/#organization"},"articleSection":["Not\u00edcias","Pesquisa e Desenvolvimento"],"inLanguage":"pt-BR","potentialAction":[{"@type":"CommentAction","name":"Comment","target":["https:\/\/www.institutodeengenharia.org.br\/site\/2010\/02\/01\/forcatarefa-vai-ser-lancada-para-formar-engenheiros\/#respond"]}]},{"@type":"WebPage","@id":"https:\/\/www.institutodeengenharia.org.br\/site\/2010\/02\/01\/forcatarefa-vai-ser-lancada-para-formar-engenheiros\/","url":"https:\/\/www.institutodeengenharia.org.br\/site\/2010\/02\/01\/forcatarefa-vai-ser-lancada-para-formar-engenheiros\/","name":"For\u00e7a-tarefa vai ser lan\u00e7ada para formar engenheiros - Instituto de Engenharia","isPartOf":{"@id":"https:\/\/www.institutodeengenharia.org.br\/site\/#website"},"datePublished":"2010-02-01T22:34:38+00:00","breadcrumb":{"@id":"https:\/\/www.institutodeengenharia.org.br\/site\/2010\/02\/01\/forcatarefa-vai-ser-lancada-para-formar-engenheiros\/#breadcrumb"},"inLanguage":"pt-BR","potentialAction":[{"@type":"ReadAction","target":["https:\/\/www.institutodeengenharia.org.br\/site\/2010\/02\/01\/forcatarefa-vai-ser-lancada-para-formar-engenheiros\/"]}]},{"@type":"BreadcrumbList","@id":"https:\/\/www.institutodeengenharia.org.br\/site\/2010\/02\/01\/forcatarefa-vai-ser-lancada-para-formar-engenheiros\/#breadcrumb","itemListElement":[{"@type":"ListItem","position":1,"name":"In\u00edcio","item":"https:\/\/www.institutodeengenharia.org.br\/site\/"},{"@type":"ListItem","position":2,"name":"For\u00e7a-tarefa vai ser lan\u00e7ada para formar engenheiros"}]},{"@type":"WebSite","@id":"https:\/\/www.institutodeengenharia.org.br\/site\/#website","url":"https:\/\/www.institutodeengenharia.org.br\/site\/","name":"Instituto de Engenharia","description":"O Instituto de Engenharia promove a Engenharia em benef\u00edcio do desenvolvimento e da qualidade de vida da sociedade.","publisher":{"@id":"https:\/\/www.institutodeengenharia.org.br\/site\/#organization"},"potentialAction":[{"@type":"SearchAction","target":{"@type":"EntryPoint","urlTemplate":"https:\/\/www.institutodeengenharia.org.br\/site\/?s={search_term_string}"},"query-input":{"@type":"PropertyValueSpecification","valueRequired":true,"valueName":"search_term_string"}}],"inLanguage":"pt-BR"},{"@type":"Organization","@id":"https:\/\/www.institutodeengenharia.org.br\/site\/#organization","name":"Instituto de Engenharia","url":"https:\/\/www.institutodeengenharia.org.br\/site\/","logo":{"@type":"ImageObject","inLanguage":"pt-BR","@id":"https:\/\/www.institutodeengenharia.org.br\/site\/#\/schema\/logo\/image\/","url":"https:\/\/www.institutodeengenharia.org.br\/site\/wp-content\/uploads\/2019\/03\/logo-novo-IE2018-1.jpg","contentUrl":"https:\/\/www.institutodeengenharia.org.br\/site\/wp-content\/uploads\/2019\/03\/logo-novo-IE2018-1.jpg","width":1486,"height":1879,"caption":"Instituto de Engenharia"},"image":{"@id":"https:\/\/www.institutodeengenharia.org.br\/site\/#\/schema\/logo\/image\/"},"sameAs":["https:\/\/www.facebook.com\/institutodeengenharia","https:\/\/x.com\/iengenharia","https:\/\/www.instagram.com\/institutodeengenharia\/","https:\/\/www.linkedin.com\/company\/instituto-de-engenharia\/","https:\/\/www.youtube.com\/channel\/UCXiCAlsSMe977vamW915HxA"]},{"@type":"Person","@id":"https:\/\/www.institutodeengenharia.org.br\/site\/#\/schema\/person\/3b1ff109facef084739fc2edcb9a127f","name":"TMax Tecnologia","image":{"@type":"ImageObject","inLanguage":"pt-BR","@id":"https:\/\/secure.gravatar.com\/avatar\/f912434ef7f389c92cb311fcdae346af848465d638912574b3c669070f797701?s=96&d=mm&r=g","url":"https:\/\/secure.gravatar.com\/avatar\/f912434ef7f389c92cb311fcdae346af848465d638912574b3c669070f797701?s=96&d=mm&r=g","contentUrl":"https:\/\/secure.gravatar.com\/avatar\/f912434ef7f389c92cb311fcdae346af848465d638912574b3c669070f797701?s=96&d=mm&r=g","caption":"TMax Tecnologia"},"url":"https:\/\/www.institutodeengenharia.org.br\/site\/author\/tmax\/"}]}},"_links":{"self":[{"href":"https:\/\/www.institutodeengenharia.org.br\/site\/wp-json\/wp\/v2\/posts\/17476","targetHints":{"allow":["GET"]}}],"collection":[{"href":"https:\/\/www.institutodeengenharia.org.br\/site\/wp-json\/wp\/v2\/posts"}],"about":[{"href":"https:\/\/www.institutodeengenharia.org.br\/site\/wp-json\/wp\/v2\/types\/post"}],"author":[{"embeddable":true,"href":"https:\/\/www.institutodeengenharia.org.br\/site\/wp-json\/wp\/v2\/users\/1"}],"replies":[{"embeddable":true,"href":"https:\/\/www.institutodeengenharia.org.br\/site\/wp-json\/wp\/v2\/comments?post=17476"}],"version-history":[{"count":0,"href":"https:\/\/www.institutodeengenharia.org.br\/site\/wp-json\/wp\/v2\/posts\/17476\/revisions"}],"wp:attachment":[{"href":"https:\/\/www.institutodeengenharia.org.br\/site\/wp-json\/wp\/v2\/media?parent=17476"}],"wp:term":[{"taxonomy":"category","embeddable":true,"href":"https:\/\/www.institutodeengenharia.org.br\/site\/wp-json\/wp\/v2\/categories?post=17476"},{"taxonomy":"post_tag","embeddable":true,"href":"https:\/\/www.institutodeengenharia.org.br\/site\/wp-json\/wp\/v2\/tags?post=17476"}],"curies":[{"name":"wp","href":"https:\/\/api.w.org\/{rel}","templated":true}]}}