{"id":17461,"date":"2010-01-29T22:34:27","date_gmt":"2010-01-29T22:34:27","guid":{"rendered":"https:\/\/www.institutodeengenharia.org.br\/?p=17461"},"modified":"2010-01-29T09:20:00","modified_gmt":"2010-01-29T09:20:00","slug":"turbinas-eolicas-inteligentes-conseguem-prever-o-vento","status":"publish","type":"post","link":"https:\/\/www.institutodeengenharia.org.br\/site\/2010\/01\/29\/turbinas-eolicas-inteligentes-conseguem-prever-o-vento\/","title":{"rendered":"Turbinas e\u00f3licas inteligentes conseguem prever o vento"},"content":{"rendered":"<p>Engenheiros da Universidade de Risoe, na Dinamarca, completaram com sucesso os primeiros testes pr\u00e1ticos de uma nova turbina de vento &#8211; o gigantesco cata-vento respons\u00e1vel pela gera\u00e7\u00e3o da energia e\u00f3lica &#8211; que consegue prever e reagir \u00e0s altera\u00e7\u00f5es no vento, otimizando a gera\u00e7\u00e3o de eletricidade. <\/p>\n<p>&#8220;Os resultados mostram que este sistema consegue prever a dire\u00e7\u00e3o do vento, a intensidade do vento e at\u00e9 a turbul\u00eancia. Com isto, estimamos que uma futura gera\u00e7\u00e3o de turbinas de vento poder\u00e1 aumentar a produ\u00e7\u00e3o de energia e, ao mesmo, reduzir as cargas extremas que impactam no seu tempo de vida \u00fatil,&#8221; diz o Dr. Torben Mikkelsen. <\/p>\n<p><strong>Anem\u00f4metro a laser<\/strong> <\/p>\n<p>O sistema agregado \u00e0 turbina de vento \u00e9 uma esp\u00e9cie de anem\u00f4metro a laser, que os cientistas chamam de &#8220;LIDAR de vento&#8221;. LIDAR (Light Detection And Ranging) \u00e9 uma esp\u00e9cie de &#8220;radar de luz&#8221;, que utiliza um feixe de raios laser para detectar a distribui\u00e7\u00e3o espacial da temperatura e da umidade na atmosfera. <\/p>\n<p>Da mesma forma que um radar envia ondas de r\u00e1dio e mede suas reflex\u00f5es, um LIDAR envia ondas de luz. O &#8220;eco&#8221;, neste caso, \u00e9 a reflex\u00e3o dessa onda de luz pelas diferentes camadas da atmosfera. <\/p>\n<p><strong>Enxergando o vento <br \/>\n<\/strong><br \/>\nA incorpora\u00e7\u00e3o do LIDAR significa que as turbinas de vento passam a ser capazes de &#8220;ver&#8221; o vento por meio da detec\u00e7\u00e3o das varia\u00e7\u00f5es nas caracter\u00edsticas da massa de ar. <\/p>\n<p>Ao prever o vento que a atingir\u00e1 nos pr\u00f3ximos instantes, a turbina pode otimizar sua posi\u00e7\u00e3o e ajustar a inclina\u00e7\u00e3o de suas p\u00e1s para que o vento seja utilizado de forma mais eficiente e para que a turbina dure mais. <\/p>\n<p>Os engenheiros afirmam que a tecnologia a laser aumenta a produ\u00e7\u00e3o de energia em at\u00e9 5%, principalmente porque ela permite a utiliza\u00e7\u00e3o de p\u00e1s mais longas. Para uma turbina de vento com capacidade de 4 MW, isso representa um ganho financeiro de $200.000 por ano. <\/p>\n<p><strong>Boom na energia e\u00f3lica<\/strong> <\/p>\n<p>&#8220;O sistema LIDAR pode ser usado para aumentar a durabilidade das p\u00e1s ao permitir que elas lidem melhor com as irregularidades do vento. Numa segunda etapa, isso tornar\u00e1 poss\u00edvel fabricar p\u00e1s mais longas. Isto vai aumentar a produ\u00e7\u00e3o de energia e tornar a eletricidade e\u00f3lica mais competitiva,&#8221; diz o engenheiro. <\/p>\n<p>A ind\u00fastria de turbinas de vento est\u00e1 passando por um boom, prevendo-se que ela cres\u00e7a tremendamente nos pr\u00f3ximos anos, gra\u00e7as ao foco global nas energias renov\u00e1veis e na rea\u00e7\u00e3o \u00e0s mudan\u00e7as clim\u00e1ticas. <\/p>\n<p><b>Autor: Site Inova\u00e7\u00e3o Tecnol\u00f3gica<\/b><\/p>\n","protected":false},"excerpt":{"rendered":"<p>Engenheiros da Universidade de Risoe, na Dinamarca, completaram com sucesso os primeiros testes pr\u00e1ticos de uma nova turbina de vento &#8211; o gigantesco cata-vento respons\u00e1vel pela gera\u00e7\u00e3o da energia e\u00f3lica &#8211; que consegue prever e reagir \u00e0s altera\u00e7\u00f5es no vento, otimizando a gera\u00e7\u00e3o de eletricidade. &#8220;Os resultados mostram que este sistema consegue prever a dire\u00e7\u00e3o [&hellip;]<\/p>\n","protected":false},"author":1,"featured_media":17462,"comment_status":"open","ping_status":"open","sticky":false,"template":"","format":"standard","meta":{"footnotes":""},"categories":[24,6],"tags":[],"class_list":{"0":"post-17461","1":"post","2":"type-post","3":"status-publish","4":"format-standard","5":"has-post-thumbnail","7":"category-energia","8":"category-noticias"},"yoast_head":"<!-- This site is optimized with the Yoast SEO plugin v27.2 - https:\/\/yoast.com\/product\/yoast-seo-wordpress\/ -->\n<title>Turbinas e\u00f3licas inteligentes conseguem prever o vento - Instituto de Engenharia<\/title>\n<meta name=\"robots\" content=\"index, follow, max-snippet:-1, max-image-preview:large, max-video-preview:-1\" \/>\n<link rel=\"canonical\" href=\"https:\/\/www.institutodeengenharia.org.br\/site\/2010\/01\/29\/turbinas-eolicas-inteligentes-conseguem-prever-o-vento\/\" \/>\n<meta property=\"og:locale\" content=\"pt_BR\" \/>\n<meta property=\"og:type\" content=\"article\" \/>\n<meta property=\"og:title\" content=\"Turbinas e\u00f3licas inteligentes conseguem prever o vento - Instituto de Engenharia\" \/>\n<meta property=\"og:description\" content=\"Engenheiros da Universidade de Risoe, na Dinamarca, completaram com sucesso os primeiros testes pr\u00e1ticos de uma nova turbina de vento &#8211; o gigantesco cata-vento respons\u00e1vel pela gera\u00e7\u00e3o da energia e\u00f3lica &#8211; que consegue prever e reagir \u00e0s altera\u00e7\u00f5es no vento, otimizando a gera\u00e7\u00e3o de eletricidade. &#8220;Os resultados mostram que este sistema consegue prever a dire\u00e7\u00e3o [&hellip;]\" \/>\n<meta property=\"og:url\" content=\"https:\/\/www.institutodeengenharia.org.br\/site\/2010\/01\/29\/turbinas-eolicas-inteligentes-conseguem-prever-o-vento\/\" \/>\n<meta property=\"og:site_name\" content=\"Instituto de Engenharia\" \/>\n<meta property=\"article:publisher\" content=\"https:\/\/www.facebook.com\/institutodeengenharia\" \/>\n<meta property=\"article:published_time\" content=\"2010-01-29T22:34:27+00:00\" \/>\n<meta property=\"og:image\" content=\"https:\/\/www.institutodeengenharia.org.br\/site\/wp-content\/uploads\/2017\/10\/noticia_2044_1983267082.jpg\" \/>\n\t<meta property=\"og:image:width\" content=\"309\" \/>\n\t<meta property=\"og:image:height\" content=\"237\" \/>\n\t<meta property=\"og:image:type\" content=\"image\/jpeg\" \/>\n<meta name=\"author\" content=\"TMax Tecnologia\" \/>\n<meta name=\"twitter:card\" content=\"summary_large_image\" \/>\n<meta name=\"twitter:creator\" content=\"@iengenharia\" \/>\n<meta name=\"twitter:site\" content=\"@iengenharia\" \/>\n<meta name=\"twitter:label1\" content=\"Escrito por\" \/>\n\t<meta name=\"twitter:data1\" content=\"TMax Tecnologia\" \/>\n\t<meta name=\"twitter:label2\" content=\"Est. tempo de leitura\" \/>\n\t<meta name=\"twitter:data2\" content=\"2 minutos\" \/>\n<script type=\"application\/ld+json\" class=\"yoast-schema-graph\">{\"@context\":\"https:\/\/schema.org\",\"@graph\":[{\"@type\":\"Article\",\"@id\":\"https:\/\/www.institutodeengenharia.org.br\/site\/2010\/01\/29\/turbinas-eolicas-inteligentes-conseguem-prever-o-vento\/#article\",\"isPartOf\":{\"@id\":\"https:\/\/www.institutodeengenharia.org.br\/site\/2010\/01\/29\/turbinas-eolicas-inteligentes-conseguem-prever-o-vento\/\"},\"author\":{\"name\":\"TMax Tecnologia\",\"@id\":\"https:\/\/www.institutodeengenharia.org.br\/site\/#\/schema\/person\/3b1ff109facef084739fc2edcb9a127f\"},\"headline\":\"Turbinas e\u00f3licas inteligentes conseguem prever o vento\",\"datePublished\":\"2010-01-29T22:34:27+00:00\",\"mainEntityOfPage\":{\"@id\":\"https:\/\/www.institutodeengenharia.org.br\/site\/2010\/01\/29\/turbinas-eolicas-inteligentes-conseguem-prever-o-vento\/\"},\"wordCount\":448,\"commentCount\":0,\"publisher\":{\"@id\":\"https:\/\/www.institutodeengenharia.org.br\/site\/#organization\"},\"image\":{\"@id\":\"https:\/\/www.institutodeengenharia.org.br\/site\/2010\/01\/29\/turbinas-eolicas-inteligentes-conseguem-prever-o-vento\/#primaryimage\"},\"thumbnailUrl\":\"https:\/\/www.institutodeengenharia.org.br\/site\/wp-content\/uploads\/2017\/10\/noticia_2044_1983267082.jpg\",\"articleSection\":[\"Energia\",\"Not\u00edcias\"],\"inLanguage\":\"pt-BR\",\"potentialAction\":[{\"@type\":\"CommentAction\",\"name\":\"Comment\",\"target\":[\"https:\/\/www.institutodeengenharia.org.br\/site\/2010\/01\/29\/turbinas-eolicas-inteligentes-conseguem-prever-o-vento\/#respond\"]}]},{\"@type\":\"WebPage\",\"@id\":\"https:\/\/www.institutodeengenharia.org.br\/site\/2010\/01\/29\/turbinas-eolicas-inteligentes-conseguem-prever-o-vento\/\",\"url\":\"https:\/\/www.institutodeengenharia.org.br\/site\/2010\/01\/29\/turbinas-eolicas-inteligentes-conseguem-prever-o-vento\/\",\"name\":\"Turbinas e\u00f3licas inteligentes conseguem prever o vento - Instituto de Engenharia\",\"isPartOf\":{\"@id\":\"https:\/\/www.institutodeengenharia.org.br\/site\/#website\"},\"primaryImageOfPage\":{\"@id\":\"https:\/\/www.institutodeengenharia.org.br\/site\/2010\/01\/29\/turbinas-eolicas-inteligentes-conseguem-prever-o-vento\/#primaryimage\"},\"image\":{\"@id\":\"https:\/\/www.institutodeengenharia.org.br\/site\/2010\/01\/29\/turbinas-eolicas-inteligentes-conseguem-prever-o-vento\/#primaryimage\"},\"thumbnailUrl\":\"https:\/\/www.institutodeengenharia.org.br\/site\/wp-content\/uploads\/2017\/10\/noticia_2044_1983267082.jpg\",\"datePublished\":\"2010-01-29T22:34:27+00:00\",\"breadcrumb\":{\"@id\":\"https:\/\/www.institutodeengenharia.org.br\/site\/2010\/01\/29\/turbinas-eolicas-inteligentes-conseguem-prever-o-vento\/#breadcrumb\"},\"inLanguage\":\"pt-BR\",\"potentialAction\":[{\"@type\":\"ReadAction\",\"target\":[\"https:\/\/www.institutodeengenharia.org.br\/site\/2010\/01\/29\/turbinas-eolicas-inteligentes-conseguem-prever-o-vento\/\"]}]},{\"@type\":\"ImageObject\",\"inLanguage\":\"pt-BR\",\"@id\":\"https:\/\/www.institutodeengenharia.org.br\/site\/2010\/01\/29\/turbinas-eolicas-inteligentes-conseguem-prever-o-vento\/#primaryimage\",\"url\":\"https:\/\/www.institutodeengenharia.org.br\/site\/wp-content\/uploads\/2017\/10\/noticia_2044_1983267082.jpg\",\"contentUrl\":\"https:\/\/www.institutodeengenharia.org.br\/site\/wp-content\/uploads\/2017\/10\/noticia_2044_1983267082.jpg\",\"width\":309,\"height\":237,\"caption\":\"Ao prever o vento que a atingir\u00e1 nos pr\u00f3ximos instantes, a turbina pode otimizar sua posi\u00e7\u00e3o e ajustar a inclina\u00e7\u00e3o de suas p\u00e1s para que o vento seja utilizado de forma mais eficiente e para que a turbina dure mais\"},{\"@type\":\"BreadcrumbList\",\"@id\":\"https:\/\/www.institutodeengenharia.org.br\/site\/2010\/01\/29\/turbinas-eolicas-inteligentes-conseguem-prever-o-vento\/#breadcrumb\",\"itemListElement\":[{\"@type\":\"ListItem\",\"position\":1,\"name\":\"In\u00edcio\",\"item\":\"https:\/\/www.institutodeengenharia.org.br\/site\/\"},{\"@type\":\"ListItem\",\"position\":2,\"name\":\"Turbinas e\u00f3licas inteligentes conseguem prever o vento\"}]},{\"@type\":\"WebSite\",\"@id\":\"https:\/\/www.institutodeengenharia.org.br\/site\/#website\",\"url\":\"https:\/\/www.institutodeengenharia.org.br\/site\/\",\"name\":\"Instituto de Engenharia\",\"description\":\"O Instituto de Engenharia promove a Engenharia em benef\u00edcio do desenvolvimento e da qualidade de vida da sociedade.\",\"publisher\":{\"@id\":\"https:\/\/www.institutodeengenharia.org.br\/site\/#organization\"},\"potentialAction\":[{\"@type\":\"SearchAction\",\"target\":{\"@type\":\"EntryPoint\",\"urlTemplate\":\"https:\/\/www.institutodeengenharia.org.br\/site\/?s={search_term_string}\"},\"query-input\":{\"@type\":\"PropertyValueSpecification\",\"valueRequired\":true,\"valueName\":\"search_term_string\"}}],\"inLanguage\":\"pt-BR\"},{\"@type\":\"Organization\",\"@id\":\"https:\/\/www.institutodeengenharia.org.br\/site\/#organization\",\"name\":\"Instituto de Engenharia\",\"url\":\"https:\/\/www.institutodeengenharia.org.br\/site\/\",\"logo\":{\"@type\":\"ImageObject\",\"inLanguage\":\"pt-BR\",\"@id\":\"https:\/\/www.institutodeengenharia.org.br\/site\/#\/schema\/logo\/image\/\",\"url\":\"https:\/\/www.institutodeengenharia.org.br\/site\/wp-content\/uploads\/2019\/03\/logo-novo-IE2018-1.jpg\",\"contentUrl\":\"https:\/\/www.institutodeengenharia.org.br\/site\/wp-content\/uploads\/2019\/03\/logo-novo-IE2018-1.jpg\",\"width\":1486,\"height\":1879,\"caption\":\"Instituto de Engenharia\"},\"image\":{\"@id\":\"https:\/\/www.institutodeengenharia.org.br\/site\/#\/schema\/logo\/image\/\"},\"sameAs\":[\"https:\/\/www.facebook.com\/institutodeengenharia\",\"https:\/\/x.com\/iengenharia\",\"https:\/\/www.instagram.com\/institutodeengenharia\/\",\"https:\/\/www.linkedin.com\/company\/instituto-de-engenharia\/\",\"https:\/\/www.youtube.com\/channel\/UCXiCAlsSMe977vamW915HxA\"]},{\"@type\":\"Person\",\"@id\":\"https:\/\/www.institutodeengenharia.org.br\/site\/#\/schema\/person\/3b1ff109facef084739fc2edcb9a127f\",\"name\":\"TMax Tecnologia\",\"image\":{\"@type\":\"ImageObject\",\"inLanguage\":\"pt-BR\",\"@id\":\"https:\/\/secure.gravatar.com\/avatar\/f912434ef7f389c92cb311fcdae346af848465d638912574b3c669070f797701?s=96&d=mm&r=g\",\"url\":\"https:\/\/secure.gravatar.com\/avatar\/f912434ef7f389c92cb311fcdae346af848465d638912574b3c669070f797701?s=96&d=mm&r=g\",\"contentUrl\":\"https:\/\/secure.gravatar.com\/avatar\/f912434ef7f389c92cb311fcdae346af848465d638912574b3c669070f797701?s=96&d=mm&r=g\",\"caption\":\"TMax Tecnologia\"},\"url\":\"https:\/\/www.institutodeengenharia.org.br\/site\/author\/tmax\/\"}]}<\/script>\n<!-- \/ Yoast SEO plugin. -->","yoast_head_json":{"title":"Turbinas e\u00f3licas inteligentes conseguem prever o vento - Instituto de Engenharia","robots":{"index":"index","follow":"follow","max-snippet":"max-snippet:-1","max-image-preview":"max-image-preview:large","max-video-preview":"max-video-preview:-1"},"canonical":"https:\/\/www.institutodeengenharia.org.br\/site\/2010\/01\/29\/turbinas-eolicas-inteligentes-conseguem-prever-o-vento\/","og_locale":"pt_BR","og_type":"article","og_title":"Turbinas e\u00f3licas inteligentes conseguem prever o vento - Instituto de Engenharia","og_description":"Engenheiros da Universidade de Risoe, na Dinamarca, completaram com sucesso os primeiros testes pr\u00e1ticos de uma nova turbina de vento &#8211; o gigantesco cata-vento respons\u00e1vel pela gera\u00e7\u00e3o da energia e\u00f3lica &#8211; que consegue prever e reagir \u00e0s altera\u00e7\u00f5es no vento, otimizando a gera\u00e7\u00e3o de eletricidade. &#8220;Os resultados mostram que este sistema consegue prever a dire\u00e7\u00e3o [&hellip;]","og_url":"https:\/\/www.institutodeengenharia.org.br\/site\/2010\/01\/29\/turbinas-eolicas-inteligentes-conseguem-prever-o-vento\/","og_site_name":"Instituto de Engenharia","article_publisher":"https:\/\/www.facebook.com\/institutodeengenharia","article_published_time":"2010-01-29T22:34:27+00:00","og_image":[{"width":309,"height":237,"url":"https:\/\/www.institutodeengenharia.org.br\/site\/wp-content\/uploads\/2017\/10\/noticia_2044_1983267082.jpg","type":"image\/jpeg"}],"author":"TMax Tecnologia","twitter_card":"summary_large_image","twitter_creator":"@iengenharia","twitter_site":"@iengenharia","twitter_misc":{"Escrito por":"TMax Tecnologia","Est. tempo de leitura":"2 minutos"},"schema":{"@context":"https:\/\/schema.org","@graph":[{"@type":"Article","@id":"https:\/\/www.institutodeengenharia.org.br\/site\/2010\/01\/29\/turbinas-eolicas-inteligentes-conseguem-prever-o-vento\/#article","isPartOf":{"@id":"https:\/\/www.institutodeengenharia.org.br\/site\/2010\/01\/29\/turbinas-eolicas-inteligentes-conseguem-prever-o-vento\/"},"author":{"name":"TMax Tecnologia","@id":"https:\/\/www.institutodeengenharia.org.br\/site\/#\/schema\/person\/3b1ff109facef084739fc2edcb9a127f"},"headline":"Turbinas e\u00f3licas inteligentes conseguem prever o vento","datePublished":"2010-01-29T22:34:27+00:00","mainEntityOfPage":{"@id":"https:\/\/www.institutodeengenharia.org.br\/site\/2010\/01\/29\/turbinas-eolicas-inteligentes-conseguem-prever-o-vento\/"},"wordCount":448,"commentCount":0,"publisher":{"@id":"https:\/\/www.institutodeengenharia.org.br\/site\/#organization"},"image":{"@id":"https:\/\/www.institutodeengenharia.org.br\/site\/2010\/01\/29\/turbinas-eolicas-inteligentes-conseguem-prever-o-vento\/#primaryimage"},"thumbnailUrl":"https:\/\/www.institutodeengenharia.org.br\/site\/wp-content\/uploads\/2017\/10\/noticia_2044_1983267082.jpg","articleSection":["Energia","Not\u00edcias"],"inLanguage":"pt-BR","potentialAction":[{"@type":"CommentAction","name":"Comment","target":["https:\/\/www.institutodeengenharia.org.br\/site\/2010\/01\/29\/turbinas-eolicas-inteligentes-conseguem-prever-o-vento\/#respond"]}]},{"@type":"WebPage","@id":"https:\/\/www.institutodeengenharia.org.br\/site\/2010\/01\/29\/turbinas-eolicas-inteligentes-conseguem-prever-o-vento\/","url":"https:\/\/www.institutodeengenharia.org.br\/site\/2010\/01\/29\/turbinas-eolicas-inteligentes-conseguem-prever-o-vento\/","name":"Turbinas e\u00f3licas inteligentes conseguem prever o vento - Instituto de Engenharia","isPartOf":{"@id":"https:\/\/www.institutodeengenharia.org.br\/site\/#website"},"primaryImageOfPage":{"@id":"https:\/\/www.institutodeengenharia.org.br\/site\/2010\/01\/29\/turbinas-eolicas-inteligentes-conseguem-prever-o-vento\/#primaryimage"},"image":{"@id":"https:\/\/www.institutodeengenharia.org.br\/site\/2010\/01\/29\/turbinas-eolicas-inteligentes-conseguem-prever-o-vento\/#primaryimage"},"thumbnailUrl":"https:\/\/www.institutodeengenharia.org.br\/site\/wp-content\/uploads\/2017\/10\/noticia_2044_1983267082.jpg","datePublished":"2010-01-29T22:34:27+00:00","breadcrumb":{"@id":"https:\/\/www.institutodeengenharia.org.br\/site\/2010\/01\/29\/turbinas-eolicas-inteligentes-conseguem-prever-o-vento\/#breadcrumb"},"inLanguage":"pt-BR","potentialAction":[{"@type":"ReadAction","target":["https:\/\/www.institutodeengenharia.org.br\/site\/2010\/01\/29\/turbinas-eolicas-inteligentes-conseguem-prever-o-vento\/"]}]},{"@type":"ImageObject","inLanguage":"pt-BR","@id":"https:\/\/www.institutodeengenharia.org.br\/site\/2010\/01\/29\/turbinas-eolicas-inteligentes-conseguem-prever-o-vento\/#primaryimage","url":"https:\/\/www.institutodeengenharia.org.br\/site\/wp-content\/uploads\/2017\/10\/noticia_2044_1983267082.jpg","contentUrl":"https:\/\/www.institutodeengenharia.org.br\/site\/wp-content\/uploads\/2017\/10\/noticia_2044_1983267082.jpg","width":309,"height":237,"caption":"Ao prever o vento que a atingir\u00e1 nos pr\u00f3ximos instantes, a turbina pode otimizar sua posi\u00e7\u00e3o e ajustar a inclina\u00e7\u00e3o de suas p\u00e1s para que o vento seja utilizado de forma mais eficiente e para que a turbina dure mais"},{"@type":"BreadcrumbList","@id":"https:\/\/www.institutodeengenharia.org.br\/site\/2010\/01\/29\/turbinas-eolicas-inteligentes-conseguem-prever-o-vento\/#breadcrumb","itemListElement":[{"@type":"ListItem","position":1,"name":"In\u00edcio","item":"https:\/\/www.institutodeengenharia.org.br\/site\/"},{"@type":"ListItem","position":2,"name":"Turbinas e\u00f3licas inteligentes conseguem prever o vento"}]},{"@type":"WebSite","@id":"https:\/\/www.institutodeengenharia.org.br\/site\/#website","url":"https:\/\/www.institutodeengenharia.org.br\/site\/","name":"Instituto de Engenharia","description":"O Instituto de Engenharia promove a Engenharia em benef\u00edcio do desenvolvimento e da qualidade de vida da sociedade.","publisher":{"@id":"https:\/\/www.institutodeengenharia.org.br\/site\/#organization"},"potentialAction":[{"@type":"SearchAction","target":{"@type":"EntryPoint","urlTemplate":"https:\/\/www.institutodeengenharia.org.br\/site\/?s={search_term_string}"},"query-input":{"@type":"PropertyValueSpecification","valueRequired":true,"valueName":"search_term_string"}}],"inLanguage":"pt-BR"},{"@type":"Organization","@id":"https:\/\/www.institutodeengenharia.org.br\/site\/#organization","name":"Instituto de Engenharia","url":"https:\/\/www.institutodeengenharia.org.br\/site\/","logo":{"@type":"ImageObject","inLanguage":"pt-BR","@id":"https:\/\/www.institutodeengenharia.org.br\/site\/#\/schema\/logo\/image\/","url":"https:\/\/www.institutodeengenharia.org.br\/site\/wp-content\/uploads\/2019\/03\/logo-novo-IE2018-1.jpg","contentUrl":"https:\/\/www.institutodeengenharia.org.br\/site\/wp-content\/uploads\/2019\/03\/logo-novo-IE2018-1.jpg","width":1486,"height":1879,"caption":"Instituto de Engenharia"},"image":{"@id":"https:\/\/www.institutodeengenharia.org.br\/site\/#\/schema\/logo\/image\/"},"sameAs":["https:\/\/www.facebook.com\/institutodeengenharia","https:\/\/x.com\/iengenharia","https:\/\/www.instagram.com\/institutodeengenharia\/","https:\/\/www.linkedin.com\/company\/instituto-de-engenharia\/","https:\/\/www.youtube.com\/channel\/UCXiCAlsSMe977vamW915HxA"]},{"@type":"Person","@id":"https:\/\/www.institutodeengenharia.org.br\/site\/#\/schema\/person\/3b1ff109facef084739fc2edcb9a127f","name":"TMax Tecnologia","image":{"@type":"ImageObject","inLanguage":"pt-BR","@id":"https:\/\/secure.gravatar.com\/avatar\/f912434ef7f389c92cb311fcdae346af848465d638912574b3c669070f797701?s=96&d=mm&r=g","url":"https:\/\/secure.gravatar.com\/avatar\/f912434ef7f389c92cb311fcdae346af848465d638912574b3c669070f797701?s=96&d=mm&r=g","contentUrl":"https:\/\/secure.gravatar.com\/avatar\/f912434ef7f389c92cb311fcdae346af848465d638912574b3c669070f797701?s=96&d=mm&r=g","caption":"TMax Tecnologia"},"url":"https:\/\/www.institutodeengenharia.org.br\/site\/author\/tmax\/"}]}},"_links":{"self":[{"href":"https:\/\/www.institutodeengenharia.org.br\/site\/wp-json\/wp\/v2\/posts\/17461","targetHints":{"allow":["GET"]}}],"collection":[{"href":"https:\/\/www.institutodeengenharia.org.br\/site\/wp-json\/wp\/v2\/posts"}],"about":[{"href":"https:\/\/www.institutodeengenharia.org.br\/site\/wp-json\/wp\/v2\/types\/post"}],"author":[{"embeddable":true,"href":"https:\/\/www.institutodeengenharia.org.br\/site\/wp-json\/wp\/v2\/users\/1"}],"replies":[{"embeddable":true,"href":"https:\/\/www.institutodeengenharia.org.br\/site\/wp-json\/wp\/v2\/comments?post=17461"}],"version-history":[{"count":0,"href":"https:\/\/www.institutodeengenharia.org.br\/site\/wp-json\/wp\/v2\/posts\/17461\/revisions"}],"wp:featuredmedia":[{"embeddable":true,"href":"https:\/\/www.institutodeengenharia.org.br\/site\/wp-json\/wp\/v2\/media\/17462"}],"wp:attachment":[{"href":"https:\/\/www.institutodeengenharia.org.br\/site\/wp-json\/wp\/v2\/media?parent=17461"}],"wp:term":[{"taxonomy":"category","embeddable":true,"href":"https:\/\/www.institutodeengenharia.org.br\/site\/wp-json\/wp\/v2\/categories?post=17461"},{"taxonomy":"post_tag","embeddable":true,"href":"https:\/\/www.institutodeengenharia.org.br\/site\/wp-json\/wp\/v2\/tags?post=17461"}],"curies":[{"name":"wp","href":"https:\/\/api.w.org\/{rel}","templated":true}]}}