{"id":17455,"date":"2010-01-28T22:34:21","date_gmt":"2010-01-28T22:34:21","guid":{"rendered":"https:\/\/www.institutodeengenharia.org.br\/?p=17455"},"modified":"2010-01-29T08:53:22","modified_gmt":"2010-01-29T08:53:22","slug":"escola-da-cidade-abre-inscricoes-para-tres-cursos-de-posgraduacao","status":"publish","type":"post","link":"https:\/\/www.institutodeengenharia.org.br\/site\/2010\/01\/28\/escola-da-cidade-abre-inscricoes-para-tres-cursos-de-posgraduacao\/","title":{"rendered":"Escola da Cidade abre inscri\u00e7\u00f5es para tr\u00eas cursos de p\u00f3s-gradua\u00e7\u00e3o"},"content":{"rendered":"<p>A Escola da Cidade \u2013 Faculdade de Arquitetura e Urbanismo localizada no centro de S\u00e3o Paulo est\u00e1 com inscri\u00e7\u00f5es abertas para cursos de p\u00f3s-gradua\u00e7\u00e3o lato senso. <\/p>\n<p>O programa ter\u00e1 como tema principal a \u201cCiviliza\u00e7\u00e3o Am\u00e9rica \u2013 Um Olhar atrav\u00e9s da Arquitetura\u201d, que se estrutura em tr\u00eas cursos: \u2018Habita\u00e7\u00e3o e Cidade\u2019, \u2018Geografia, Cidade e Arquitetura\u2019 e \u2018Ambiente Constru\u00eddo\u2019, este \u00faltimo em parceria com o Instituto Brasileiro de Tecnologia do Habitat (IBTH) da Bahia, presidido pelo arquiteto Jo\u00e3o Filgueiras Lima, popularmente conhecido como Lel\u00e9. <\/p>\n<p>O curso de \u2018Habita\u00e7\u00e3o e Cidade\u2019, organizado em parceria com a Secretaria de Habita\u00e7\u00e3o da Prefeitura de S\u00e3o Paulo, volta em sua segunda edi\u00e7\u00e3o neste ano de 2010 depois do resultado de sucesso que obteve em 2009. A especializa\u00e7\u00e3o se estrutura em quatro m\u00f3dulos: t\u00e9cnicas construtivas, habita\u00e7\u00e3o no centro, habita\u00e7\u00e3o na periferia e urbaniza\u00e7\u00e3o da favela. O objetivo \u00e9 dar continuidade \u00e0 forma\u00e7\u00e3o dos profissionais que desenvolvem projetos e enfrentam as quest\u00f5es habitacionais de interesse social nos territ\u00f3rios urbanos, dedicando uma aten\u00e7\u00e3o especial \u00e0 interface entre trabalho t\u00e9cnico e a participa\u00e7\u00e3o da comunidade nestes projetos. <\/p>\n<p>O curso acontece na sede da Escola de 03 de mar\u00e7o a 18 de dezembro de 2010 e tem como coordenadores os arquitetos Ruben Otero e Luis Oct\u00e1vio de Faria e Silva. Ruben \u00e9 formado pela Universidade da Rep\u00fablica do Uruguai e pela Universidade Estadual Paulista (UNESP) e \u00e9 doutor em Projetos Arquitet\u00f4nicos pela Universidade Polit\u00e9cnica de Catalunha. Luis Oct\u00e1vio de Faria e Silva \u00e9 formado, com mestrado e doutorado pela Faculdade de Arquitetura e Urbanismo da Universidade de S\u00e3o Paulo (FAAUSP). O corpo docente do curso ser\u00e1 constitu\u00eddo por professores da Escola e convidados nacionais e estrangeiros, que s\u00e3o refer\u00eancia na problem\u00e1tica da habita\u00e7\u00e3o social. <\/p>\n<p>\u2018Geografia, Cidade e Arquitetura\u2019 tem a proposta de discutir, atrav\u00e9s da arquitetura, a ocupa\u00e7\u00e3o futura do territ\u00f3rio americano e suas cidades. Al\u00e9m do corpo docente da Escola e de convidados nacionais de diversas \u00e1reas do conhecimento, a especializa\u00e7\u00e3o contar\u00e1 com a participa\u00e7\u00e3o de professores internacionais das faculdades de arquitetura conveniadas \u00e0 Escola da Cidade. Neste ano de 2010, os pa\u00edses estudados ser\u00e3o Brasil, Chile, Argentina e M\u00e9xico. O objetivo \u00e9 promover o estudo de outros pa\u00edses at\u00e9 2012. A id\u00e9ia \u00e9 refletir sobre as necessidades pr\u00f3prias destes pa\u00edses, as relacionando \u00e0s esferas culturais, s\u00f3cio-econ\u00f4micas e ambientais. Cada m\u00f3dulo bimestral ter\u00e1 tr\u00eas ciclos: Hist\u00f3ria e Cultura Americana, Arte e Arquitetura Americana e Ateli\u00ea de Projeto. O curso destina-se a arquitetos e urbanistas, artistas, engenheiros, al\u00e9m de demais interessados no tema. <\/p>\n<p>A especializa\u00e7\u00e3o acontece na sede da Escola da Cidade, de 22 de fevereiro a 18 de dezembro de 2010 e ser\u00e1 coordenada pelos arquitetos \u00c1lvaro Puntoni e Fernando Vi\u00e9gas, doutor e mestre, respectivamente, formados pela Faculdade de Arquitetura e Urbanismo da Universidade de S\u00e3o Paulo (FAAUSP). <\/p>\n<p>Realizada em parceria com o Instituto Brasileiro de Tecnologia do Habitat (IBTH), a especializa\u00e7\u00e3o \u2018Ambiente Constru\u00eddo\u2019 acontecer\u00e1 em Salvador (BA), na sede do IBTH, e ter\u00e1 dura\u00e7\u00e3o de dois meses (de 28 de junho a 27 de agosto de 2010). O curso, que \u00e9 o primeiro fruto do conv\u00eanio firmado entre as duas institui\u00e7\u00f5es, tem como objetivo dar compet\u00eancia ao profissional para participar do processo conceitual e de constru\u00e7\u00e3o de edif\u00edcios habitacionais, equipamentos e infra-estrutura na constru\u00e7\u00e3o das cidades. A proposta \u00e9 conhecer e exercitar <br \/>\nsolu\u00e7\u00f5es construtivas nas experi\u00eancias de industrializa\u00e7\u00e3o e pr\u00e9-fabrica\u00e7\u00e3o atrav\u00e9s de um estudo aprofundado da obra de Lel\u00e9. <\/p>\n<p>O curso ter\u00e1 supervis\u00e3o do arquiteto Jo\u00e3o Filgueiras Lima (Lel\u00e9) e coordena\u00e7\u00e3o dos arquitetos Alberto Cordiviola (Chango) e An\u00e1lia Maria Marinho de Carvalho Amorim. Chango \u00e9 formado pela Universidade Federal da Bahia, mestre e doutor, respectivamente, pela Escola T\u00e9cnica Superior de Arquitetura de Barcelona e Universidade Federal da Bahia. An\u00e1lia Amorim \u00e9 graduada pela Universidade Federal de Pernambuco e tamb\u00e9m mestre pela Escola de Engenharia de S\u00e3o Carlos e doutora pela Faculdade de Arquitetura e Urbanismo da Universidade de S\u00e3o Paulo. O p\u00fablico-alvo \u00e9 de profissionais ligados \u00e0s quest\u00f5es arquitet\u00f4nicas, t\u00e9cnicas, art\u00edsticas, inventivas, construtivas e tecnol\u00f3gicas. <\/p>\n<p><strong>Inscri\u00e7\u00f5es<br \/>\n<\/strong>Est\u00e3o abertas at\u00e9 22 de fevereiro, com exce\u00e7\u00e3o do curso \u2018Ambiente Constru\u00eddo\u2019 que se estende at\u00e9 31 de mar\u00e7o e podem ser feitas pelo site www.escoladacidade.edu.br ou na secretaria da Escola da Cidade. Demais informa\u00e7\u00f5es s\u00e3o obtidas pelo telefone (11) 3258-8108 das 13h \u00e0s 19h ou pelo e-mail <a target=\"_blank\" href=\"http:\/\/posgraduacao@escoladacidade.edu.br\">http:\/\/posgraduacao@escoladacidade.edu.br<\/a>. <\/p>\n<p><b>Autor: Assessoria de imprensa<\/b><\/p>\n","protected":false},"excerpt":{"rendered":"<p>A Escola da Cidade \u2013 Faculdade de Arquitetura e Urbanismo localizada no centro de S\u00e3o Paulo est\u00e1 com inscri\u00e7\u00f5es abertas para cursos de p\u00f3s-gradua\u00e7\u00e3o lato senso. O programa ter\u00e1 como tema principal a \u201cCiviliza\u00e7\u00e3o Am\u00e9rica \u2013 Um Olhar atrav\u00e9s da Arquitetura\u201d, que se estrutura em tr\u00eas cursos: \u2018Habita\u00e7\u00e3o e Cidade\u2019, \u2018Geografia, Cidade e Arquitetura\u2019 e [&hellip;]<\/p>\n","protected":false},"author":1,"featured_media":0,"comment_status":"open","ping_status":"open","sticky":false,"template":"","format":"standard","meta":{"footnotes":""},"categories":[6,35],"tags":[],"class_list":{"0":"post-17455","1":"post","2":"type-post","3":"status-publish","4":"format-standard","6":"category-noticias","7":"category-pesquisa-e-desenvolvimento"},"yoast_head":"<!-- This site is optimized with the Yoast SEO plugin v27.2 - https:\/\/yoast.com\/product\/yoast-seo-wordpress\/ -->\n<title>Escola da Cidade abre inscri\u00e7\u00f5es para tr\u00eas cursos de p\u00f3s-gradua\u00e7\u00e3o - Instituto de Engenharia<\/title>\n<meta name=\"robots\" content=\"index, follow, max-snippet:-1, max-image-preview:large, max-video-preview:-1\" \/>\n<link rel=\"canonical\" href=\"https:\/\/www.institutodeengenharia.org.br\/site\/2010\/01\/28\/escola-da-cidade-abre-inscricoes-para-tres-cursos-de-posgraduacao\/\" \/>\n<meta property=\"og:locale\" content=\"pt_BR\" \/>\n<meta property=\"og:type\" content=\"article\" \/>\n<meta property=\"og:title\" content=\"Escola da Cidade abre inscri\u00e7\u00f5es para tr\u00eas cursos de p\u00f3s-gradua\u00e7\u00e3o - Instituto de Engenharia\" \/>\n<meta property=\"og:description\" content=\"A Escola da Cidade \u2013 Faculdade de Arquitetura e Urbanismo localizada no centro de S\u00e3o Paulo est\u00e1 com inscri\u00e7\u00f5es abertas para cursos de p\u00f3s-gradua\u00e7\u00e3o lato senso. O programa ter\u00e1 como tema principal a \u201cCiviliza\u00e7\u00e3o Am\u00e9rica \u2013 Um Olhar atrav\u00e9s da Arquitetura\u201d, que se estrutura em tr\u00eas cursos: \u2018Habita\u00e7\u00e3o e Cidade\u2019, \u2018Geografia, Cidade e Arquitetura\u2019 e [&hellip;]\" \/>\n<meta property=\"og:url\" content=\"https:\/\/www.institutodeengenharia.org.br\/site\/2010\/01\/28\/escola-da-cidade-abre-inscricoes-para-tres-cursos-de-posgraduacao\/\" \/>\n<meta property=\"og:site_name\" content=\"Instituto de Engenharia\" \/>\n<meta property=\"article:publisher\" content=\"https:\/\/www.facebook.com\/institutodeengenharia\" \/>\n<meta property=\"article:published_time\" content=\"2010-01-28T22:34:21+00:00\" \/>\n<meta property=\"article:modified_time\" content=\"2010-01-29T08:53:22+00:00\" \/>\n<meta name=\"author\" content=\"TMax Tecnologia\" \/>\n<meta name=\"twitter:card\" content=\"summary_large_image\" \/>\n<meta name=\"twitter:creator\" content=\"@iengenharia\" \/>\n<meta name=\"twitter:site\" content=\"@iengenharia\" \/>\n<meta name=\"twitter:label1\" content=\"Escrito por\" \/>\n\t<meta name=\"twitter:data1\" content=\"TMax Tecnologia\" \/>\n\t<meta name=\"twitter:label2\" content=\"Est. tempo de leitura\" \/>\n\t<meta name=\"twitter:data2\" content=\"4 minutos\" \/>\n<script type=\"application\/ld+json\" class=\"yoast-schema-graph\">{\"@context\":\"https:\/\/schema.org\",\"@graph\":[{\"@type\":\"Article\",\"@id\":\"https:\/\/www.institutodeengenharia.org.br\/site\/2010\/01\/28\/escola-da-cidade-abre-inscricoes-para-tres-cursos-de-posgraduacao\/#article\",\"isPartOf\":{\"@id\":\"https:\/\/www.institutodeengenharia.org.br\/site\/2010\/01\/28\/escola-da-cidade-abre-inscricoes-para-tres-cursos-de-posgraduacao\/\"},\"author\":{\"name\":\"TMax Tecnologia\",\"@id\":\"https:\/\/www.institutodeengenharia.org.br\/site\/#\/schema\/person\/3b1ff109facef084739fc2edcb9a127f\"},\"headline\":\"Escola da Cidade abre inscri\u00e7\u00f5es para tr\u00eas cursos de p\u00f3s-gradua\u00e7\u00e3o\",\"datePublished\":\"2010-01-28T22:34:21+00:00\",\"dateModified\":\"2010-01-29T08:53:22+00:00\",\"mainEntityOfPage\":{\"@id\":\"https:\/\/www.institutodeengenharia.org.br\/site\/2010\/01\/28\/escola-da-cidade-abre-inscricoes-para-tres-cursos-de-posgraduacao\/\"},\"wordCount\":797,\"commentCount\":0,\"publisher\":{\"@id\":\"https:\/\/www.institutodeengenharia.org.br\/site\/#organization\"},\"articleSection\":[\"Not\u00edcias\",\"Pesquisa e Desenvolvimento\"],\"inLanguage\":\"pt-BR\",\"potentialAction\":[{\"@type\":\"CommentAction\",\"name\":\"Comment\",\"target\":[\"https:\/\/www.institutodeengenharia.org.br\/site\/2010\/01\/28\/escola-da-cidade-abre-inscricoes-para-tres-cursos-de-posgraduacao\/#respond\"]}]},{\"@type\":\"WebPage\",\"@id\":\"https:\/\/www.institutodeengenharia.org.br\/site\/2010\/01\/28\/escola-da-cidade-abre-inscricoes-para-tres-cursos-de-posgraduacao\/\",\"url\":\"https:\/\/www.institutodeengenharia.org.br\/site\/2010\/01\/28\/escola-da-cidade-abre-inscricoes-para-tres-cursos-de-posgraduacao\/\",\"name\":\"Escola da Cidade abre inscri\u00e7\u00f5es para tr\u00eas cursos de p\u00f3s-gradua\u00e7\u00e3o - Instituto de Engenharia\",\"isPartOf\":{\"@id\":\"https:\/\/www.institutodeengenharia.org.br\/site\/#website\"},\"datePublished\":\"2010-01-28T22:34:21+00:00\",\"dateModified\":\"2010-01-29T08:53:22+00:00\",\"breadcrumb\":{\"@id\":\"https:\/\/www.institutodeengenharia.org.br\/site\/2010\/01\/28\/escola-da-cidade-abre-inscricoes-para-tres-cursos-de-posgraduacao\/#breadcrumb\"},\"inLanguage\":\"pt-BR\",\"potentialAction\":[{\"@type\":\"ReadAction\",\"target\":[\"https:\/\/www.institutodeengenharia.org.br\/site\/2010\/01\/28\/escola-da-cidade-abre-inscricoes-para-tres-cursos-de-posgraduacao\/\"]}]},{\"@type\":\"BreadcrumbList\",\"@id\":\"https:\/\/www.institutodeengenharia.org.br\/site\/2010\/01\/28\/escola-da-cidade-abre-inscricoes-para-tres-cursos-de-posgraduacao\/#breadcrumb\",\"itemListElement\":[{\"@type\":\"ListItem\",\"position\":1,\"name\":\"In\u00edcio\",\"item\":\"https:\/\/www.institutodeengenharia.org.br\/site\/\"},{\"@type\":\"ListItem\",\"position\":2,\"name\":\"Escola da Cidade abre inscri\u00e7\u00f5es para tr\u00eas cursos de p\u00f3s-gradua\u00e7\u00e3o\"}]},{\"@type\":\"WebSite\",\"@id\":\"https:\/\/www.institutodeengenharia.org.br\/site\/#website\",\"url\":\"https:\/\/www.institutodeengenharia.org.br\/site\/\",\"name\":\"Instituto de Engenharia\",\"description\":\"O Instituto de Engenharia promove a Engenharia em benef\u00edcio do desenvolvimento e da qualidade de vida da sociedade.\",\"publisher\":{\"@id\":\"https:\/\/www.institutodeengenharia.org.br\/site\/#organization\"},\"potentialAction\":[{\"@type\":\"SearchAction\",\"target\":{\"@type\":\"EntryPoint\",\"urlTemplate\":\"https:\/\/www.institutodeengenharia.org.br\/site\/?s={search_term_string}\"},\"query-input\":{\"@type\":\"PropertyValueSpecification\",\"valueRequired\":true,\"valueName\":\"search_term_string\"}}],\"inLanguage\":\"pt-BR\"},{\"@type\":\"Organization\",\"@id\":\"https:\/\/www.institutodeengenharia.org.br\/site\/#organization\",\"name\":\"Instituto de Engenharia\",\"url\":\"https:\/\/www.institutodeengenharia.org.br\/site\/\",\"logo\":{\"@type\":\"ImageObject\",\"inLanguage\":\"pt-BR\",\"@id\":\"https:\/\/www.institutodeengenharia.org.br\/site\/#\/schema\/logo\/image\/\",\"url\":\"https:\/\/www.institutodeengenharia.org.br\/site\/wp-content\/uploads\/2019\/03\/logo-novo-IE2018-1.jpg\",\"contentUrl\":\"https:\/\/www.institutodeengenharia.org.br\/site\/wp-content\/uploads\/2019\/03\/logo-novo-IE2018-1.jpg\",\"width\":1486,\"height\":1879,\"caption\":\"Instituto de Engenharia\"},\"image\":{\"@id\":\"https:\/\/www.institutodeengenharia.org.br\/site\/#\/schema\/logo\/image\/\"},\"sameAs\":[\"https:\/\/www.facebook.com\/institutodeengenharia\",\"https:\/\/x.com\/iengenharia\",\"https:\/\/www.instagram.com\/institutodeengenharia\/\",\"https:\/\/www.linkedin.com\/company\/instituto-de-engenharia\/\",\"https:\/\/www.youtube.com\/channel\/UCXiCAlsSMe977vamW915HxA\"]},{\"@type\":\"Person\",\"@id\":\"https:\/\/www.institutodeengenharia.org.br\/site\/#\/schema\/person\/3b1ff109facef084739fc2edcb9a127f\",\"name\":\"TMax Tecnologia\",\"image\":{\"@type\":\"ImageObject\",\"inLanguage\":\"pt-BR\",\"@id\":\"https:\/\/secure.gravatar.com\/avatar\/f912434ef7f389c92cb311fcdae346af848465d638912574b3c669070f797701?s=96&d=mm&r=g\",\"url\":\"https:\/\/secure.gravatar.com\/avatar\/f912434ef7f389c92cb311fcdae346af848465d638912574b3c669070f797701?s=96&d=mm&r=g\",\"contentUrl\":\"https:\/\/secure.gravatar.com\/avatar\/f912434ef7f389c92cb311fcdae346af848465d638912574b3c669070f797701?s=96&d=mm&r=g\",\"caption\":\"TMax Tecnologia\"},\"url\":\"https:\/\/www.institutodeengenharia.org.br\/site\/author\/tmax\/\"}]}<\/script>\n<!-- \/ Yoast SEO plugin. -->","yoast_head_json":{"title":"Escola da Cidade abre inscri\u00e7\u00f5es para tr\u00eas cursos de p\u00f3s-gradua\u00e7\u00e3o - Instituto de Engenharia","robots":{"index":"index","follow":"follow","max-snippet":"max-snippet:-1","max-image-preview":"max-image-preview:large","max-video-preview":"max-video-preview:-1"},"canonical":"https:\/\/www.institutodeengenharia.org.br\/site\/2010\/01\/28\/escola-da-cidade-abre-inscricoes-para-tres-cursos-de-posgraduacao\/","og_locale":"pt_BR","og_type":"article","og_title":"Escola da Cidade abre inscri\u00e7\u00f5es para tr\u00eas cursos de p\u00f3s-gradua\u00e7\u00e3o - Instituto de Engenharia","og_description":"A Escola da Cidade \u2013 Faculdade de Arquitetura e Urbanismo localizada no centro de S\u00e3o Paulo est\u00e1 com inscri\u00e7\u00f5es abertas para cursos de p\u00f3s-gradua\u00e7\u00e3o lato senso. O programa ter\u00e1 como tema principal a \u201cCiviliza\u00e7\u00e3o Am\u00e9rica \u2013 Um Olhar atrav\u00e9s da Arquitetura\u201d, que se estrutura em tr\u00eas cursos: \u2018Habita\u00e7\u00e3o e Cidade\u2019, \u2018Geografia, Cidade e Arquitetura\u2019 e [&hellip;]","og_url":"https:\/\/www.institutodeengenharia.org.br\/site\/2010\/01\/28\/escola-da-cidade-abre-inscricoes-para-tres-cursos-de-posgraduacao\/","og_site_name":"Instituto de Engenharia","article_publisher":"https:\/\/www.facebook.com\/institutodeengenharia","article_published_time":"2010-01-28T22:34:21+00:00","article_modified_time":"2010-01-29T08:53:22+00:00","author":"TMax Tecnologia","twitter_card":"summary_large_image","twitter_creator":"@iengenharia","twitter_site":"@iengenharia","twitter_misc":{"Escrito por":"TMax Tecnologia","Est. tempo de leitura":"4 minutos"},"schema":{"@context":"https:\/\/schema.org","@graph":[{"@type":"Article","@id":"https:\/\/www.institutodeengenharia.org.br\/site\/2010\/01\/28\/escola-da-cidade-abre-inscricoes-para-tres-cursos-de-posgraduacao\/#article","isPartOf":{"@id":"https:\/\/www.institutodeengenharia.org.br\/site\/2010\/01\/28\/escola-da-cidade-abre-inscricoes-para-tres-cursos-de-posgraduacao\/"},"author":{"name":"TMax Tecnologia","@id":"https:\/\/www.institutodeengenharia.org.br\/site\/#\/schema\/person\/3b1ff109facef084739fc2edcb9a127f"},"headline":"Escola da Cidade abre inscri\u00e7\u00f5es para tr\u00eas cursos de p\u00f3s-gradua\u00e7\u00e3o","datePublished":"2010-01-28T22:34:21+00:00","dateModified":"2010-01-29T08:53:22+00:00","mainEntityOfPage":{"@id":"https:\/\/www.institutodeengenharia.org.br\/site\/2010\/01\/28\/escola-da-cidade-abre-inscricoes-para-tres-cursos-de-posgraduacao\/"},"wordCount":797,"commentCount":0,"publisher":{"@id":"https:\/\/www.institutodeengenharia.org.br\/site\/#organization"},"articleSection":["Not\u00edcias","Pesquisa e Desenvolvimento"],"inLanguage":"pt-BR","potentialAction":[{"@type":"CommentAction","name":"Comment","target":["https:\/\/www.institutodeengenharia.org.br\/site\/2010\/01\/28\/escola-da-cidade-abre-inscricoes-para-tres-cursos-de-posgraduacao\/#respond"]}]},{"@type":"WebPage","@id":"https:\/\/www.institutodeengenharia.org.br\/site\/2010\/01\/28\/escola-da-cidade-abre-inscricoes-para-tres-cursos-de-posgraduacao\/","url":"https:\/\/www.institutodeengenharia.org.br\/site\/2010\/01\/28\/escola-da-cidade-abre-inscricoes-para-tres-cursos-de-posgraduacao\/","name":"Escola da Cidade abre inscri\u00e7\u00f5es para tr\u00eas cursos de p\u00f3s-gradua\u00e7\u00e3o - Instituto de Engenharia","isPartOf":{"@id":"https:\/\/www.institutodeengenharia.org.br\/site\/#website"},"datePublished":"2010-01-28T22:34:21+00:00","dateModified":"2010-01-29T08:53:22+00:00","breadcrumb":{"@id":"https:\/\/www.institutodeengenharia.org.br\/site\/2010\/01\/28\/escola-da-cidade-abre-inscricoes-para-tres-cursos-de-posgraduacao\/#breadcrumb"},"inLanguage":"pt-BR","potentialAction":[{"@type":"ReadAction","target":["https:\/\/www.institutodeengenharia.org.br\/site\/2010\/01\/28\/escola-da-cidade-abre-inscricoes-para-tres-cursos-de-posgraduacao\/"]}]},{"@type":"BreadcrumbList","@id":"https:\/\/www.institutodeengenharia.org.br\/site\/2010\/01\/28\/escola-da-cidade-abre-inscricoes-para-tres-cursos-de-posgraduacao\/#breadcrumb","itemListElement":[{"@type":"ListItem","position":1,"name":"In\u00edcio","item":"https:\/\/www.institutodeengenharia.org.br\/site\/"},{"@type":"ListItem","position":2,"name":"Escola da Cidade abre inscri\u00e7\u00f5es para tr\u00eas cursos de p\u00f3s-gradua\u00e7\u00e3o"}]},{"@type":"WebSite","@id":"https:\/\/www.institutodeengenharia.org.br\/site\/#website","url":"https:\/\/www.institutodeengenharia.org.br\/site\/","name":"Instituto de Engenharia","description":"O Instituto de Engenharia promove a Engenharia em benef\u00edcio do desenvolvimento e da qualidade de vida da sociedade.","publisher":{"@id":"https:\/\/www.institutodeengenharia.org.br\/site\/#organization"},"potentialAction":[{"@type":"SearchAction","target":{"@type":"EntryPoint","urlTemplate":"https:\/\/www.institutodeengenharia.org.br\/site\/?s={search_term_string}"},"query-input":{"@type":"PropertyValueSpecification","valueRequired":true,"valueName":"search_term_string"}}],"inLanguage":"pt-BR"},{"@type":"Organization","@id":"https:\/\/www.institutodeengenharia.org.br\/site\/#organization","name":"Instituto de Engenharia","url":"https:\/\/www.institutodeengenharia.org.br\/site\/","logo":{"@type":"ImageObject","inLanguage":"pt-BR","@id":"https:\/\/www.institutodeengenharia.org.br\/site\/#\/schema\/logo\/image\/","url":"https:\/\/www.institutodeengenharia.org.br\/site\/wp-content\/uploads\/2019\/03\/logo-novo-IE2018-1.jpg","contentUrl":"https:\/\/www.institutodeengenharia.org.br\/site\/wp-content\/uploads\/2019\/03\/logo-novo-IE2018-1.jpg","width":1486,"height":1879,"caption":"Instituto de Engenharia"},"image":{"@id":"https:\/\/www.institutodeengenharia.org.br\/site\/#\/schema\/logo\/image\/"},"sameAs":["https:\/\/www.facebook.com\/institutodeengenharia","https:\/\/x.com\/iengenharia","https:\/\/www.instagram.com\/institutodeengenharia\/","https:\/\/www.linkedin.com\/company\/instituto-de-engenharia\/","https:\/\/www.youtube.com\/channel\/UCXiCAlsSMe977vamW915HxA"]},{"@type":"Person","@id":"https:\/\/www.institutodeengenharia.org.br\/site\/#\/schema\/person\/3b1ff109facef084739fc2edcb9a127f","name":"TMax Tecnologia","image":{"@type":"ImageObject","inLanguage":"pt-BR","@id":"https:\/\/secure.gravatar.com\/avatar\/f912434ef7f389c92cb311fcdae346af848465d638912574b3c669070f797701?s=96&d=mm&r=g","url":"https:\/\/secure.gravatar.com\/avatar\/f912434ef7f389c92cb311fcdae346af848465d638912574b3c669070f797701?s=96&d=mm&r=g","contentUrl":"https:\/\/secure.gravatar.com\/avatar\/f912434ef7f389c92cb311fcdae346af848465d638912574b3c669070f797701?s=96&d=mm&r=g","caption":"TMax Tecnologia"},"url":"https:\/\/www.institutodeengenharia.org.br\/site\/author\/tmax\/"}]}},"_links":{"self":[{"href":"https:\/\/www.institutodeengenharia.org.br\/site\/wp-json\/wp\/v2\/posts\/17455","targetHints":{"allow":["GET"]}}],"collection":[{"href":"https:\/\/www.institutodeengenharia.org.br\/site\/wp-json\/wp\/v2\/posts"}],"about":[{"href":"https:\/\/www.institutodeengenharia.org.br\/site\/wp-json\/wp\/v2\/types\/post"}],"author":[{"embeddable":true,"href":"https:\/\/www.institutodeengenharia.org.br\/site\/wp-json\/wp\/v2\/users\/1"}],"replies":[{"embeddable":true,"href":"https:\/\/www.institutodeengenharia.org.br\/site\/wp-json\/wp\/v2\/comments?post=17455"}],"version-history":[{"count":0,"href":"https:\/\/www.institutodeengenharia.org.br\/site\/wp-json\/wp\/v2\/posts\/17455\/revisions"}],"wp:attachment":[{"href":"https:\/\/www.institutodeengenharia.org.br\/site\/wp-json\/wp\/v2\/media?parent=17455"}],"wp:term":[{"taxonomy":"category","embeddable":true,"href":"https:\/\/www.institutodeengenharia.org.br\/site\/wp-json\/wp\/v2\/categories?post=17455"},{"taxonomy":"post_tag","embeddable":true,"href":"https:\/\/www.institutodeengenharia.org.br\/site\/wp-json\/wp\/v2\/tags?post=17455"}],"curies":[{"name":"wp","href":"https:\/\/api.w.org\/{rel}","templated":true}]}}