{"id":17444,"date":"2010-01-27T22:34:12","date_gmt":"2010-01-27T22:34:12","guid":{"rendered":"https:\/\/www.institutodeengenharia.org.br\/?p=17444"},"modified":"2010-01-27T10:26:36","modified_gmt":"2010-01-27T10:26:36","slug":"a-flecha-quantica-do-tempo-por-que-o-tempo-nao-anda-para-tras","status":"publish","type":"post","link":"https:\/\/www.institutodeengenharia.org.br\/site\/2010\/01\/27\/a-flecha-quantica-do-tempo-por-que-o-tempo-nao-anda-para-tras\/","title":{"rendered":"A flecha qu\u00e2ntica do tempo: Por que o tempo n\u00e3o anda para tr\u00e1s"},"content":{"rendered":"<p>As leis matem\u00e1ticas da f\u00edsica funcionam t\u00e3o bem para os eventos do passado quanto para os eventos do futuro. No entanto, nunca no mundo real a por\u00e7\u00e3o de caf\u00e9 em uma x\u00edcara se desmisturou do leite. <\/p>\n<p>Agora, uma nova teoria pretende oferecer uma nova explica\u00e7\u00e3o para este aparente conflito entre a simetria do tempo das leis f\u00edsicas e a chamada &#8220;seta do tempo&#8221;, sempre apontando para o futuro, que n\u00f3s vemos nos eventos cotidianos. <\/p>\n<p>Quando vistos em termos qu\u00e2nticos, os eventos que aumentam a entropia do Universo deixam registros de si mesmos em seu ambiente. Os pesquisadores prop\u00f5em que eventos que dessem marcha a r\u00e9 no tempo, indo para o passado, reduziriam a entropia, n\u00e3o podendo deixar qualquer vest\u00edgio de terem ocorrido, o que equivale a n\u00e3o terem de fato ocorrido. <\/p>\n<p>Termodinamicamente falando, sempre que dois corpos de temperaturas desiguais s\u00e3o postos juntos, a energia flui entre eles at\u00e9 igualar as duas temperaturas. Associado com essa difus\u00e3o de calor est\u00e1 um aumento na quantidade conhecida por entropia. Tanto quanto saibamos, o calor nunca flui espontaneamente no sentido inverso, e a entropia do Universo est\u00e1 sempre aumentando. <\/p>\n<p>Reverter a flecha do tempo seria equivalente a diminuir a entropia, por exemplo, se um objeto a uma temperatura uniforme espontaneamente se aquecesse em um ponto e se resfriasse em outros. <\/p>\n<p><strong>O dem\u00f4nio de Maxwell <br \/>\n<\/strong><br \/>\nEm um experimento mental do s\u00e9culo 19, um poderoso diabinho chamado dem\u00f4nio de Maxwell foi capaz de realizar uma separa\u00e7\u00e3o assim para um g\u00e1s ao conhecer a posi\u00e7\u00e3o e a velocidade de cada mol\u00e9cula do g\u00e1s no interior de uma caixa com uma parti\u00e7\u00e3o. <\/p>\n<p>Usando um obturador em um buraco na parti\u00e7\u00e3o, o dem\u00f4nio ret\u00e9m as mol\u00e9culas de alta energia em um lado e permite que as mol\u00e9culas de baixa energia se juntem do outro lado. <\/p>\n<p>Acontece que o dem\u00f4nio teria de gastar energia e aumentar a sua pr\u00f3pria entropia, de modo que a entropia total do Universo continuaria subindo. <\/p>\n<p><strong>Do fluxo de calor para o fluxo de informa\u00e7\u00e3o <br \/>\n<\/strong><br \/>\nNo mundo qu\u00e2ntico, o dem\u00f4nio redutor de entropia teria uma tarefa diferente porque, na vers\u00e3o da mec\u00e2nica qu\u00e2ntica da entropia, n\u00e3o \u00e9 o calor que flui quando a entropia muda, \u00e9 a informa\u00e7\u00e3o. <\/p>\n<p>Lorenzo Maccone, da Universidade de Pavia, na It\u00e1lia, agora descreveu uma outra experi\u00eancia mental para ilustrar as consequ\u00eancias da redu\u00e7\u00e3o da entropia qu\u00e2ntica. <\/p>\n<p>Uma pesquisadora, Alice, mede o estado do spin de um \u00e1tomo enviado por seu amigo Bob, que est\u00e1, em tudo o mais, totalmente isolado do laborat\u00f3rio de Alice. O \u00e1tomo est\u00e1 em um estado combinado (superposi\u00e7\u00e3o) de spin para cima e spin para baixo simultaneamente, at\u00e9 que Alice o me\u00e7a, quando ent\u00e3o ele se mostrar\u00e1 para cima ou para baixo. <\/p>\n<p>Do ponto de vista de Alice, seu laborat\u00f3rio ganha um \u00fanico bit de informa\u00e7\u00e3o do exterior, que \u00e9 ent\u00e3o copiado e gravado em sua mem\u00f3ria e no disco r\u00edgido do seu computador. Esta informa\u00e7\u00e3o que flui do \u00e1tomo para o laborat\u00f3rio aumenta a entropia, do ponto de vista de Alice. <\/p>\n<p>Maccone argumenta que, como Bob n\u00e3o v\u00ea o resultado, do seu ponto de vista o estado do spin do \u00e1tomo nunca se resolve em para cima ou para baixo. Em vez disso, ele torna-se quantum-mecanicamente correlacionado, ou entrela\u00e7ado, com o estado qu\u00e2ntico do laborat\u00f3rio. Ele n\u00e3o v\u00ea nenhum fluxo de informa\u00e7\u00e3o e nenhuma mudan\u00e7a na entropia. <\/p>\n<p><strong>Apagando o passado<\/strong> <\/p>\n<p>Bob desempenha o papel do dem\u00f4nio de Maxwell. Ele tem o controle total do estado qu\u00e2ntico do seu laborat\u00f3rio. Para reduzir a entropia do laborat\u00f3rio, do ponto de vista de Alice, Bob inverte o fluxo daquele bit de informa\u00e7\u00e3o removendo qualquer registro do spin do \u00e1tomo do disco r\u00edgido de Alice e do seu c\u00e9rebro. <\/p>\n<p>Ele faz isso por meio de uma complicada transforma\u00e7\u00e3o que desentrela\u00e7a o estado qu\u00e2ntico do laborat\u00f3rio do estado qu\u00e2ntico do \u00e1tomo. Maccone escreve em seu artigo que tal revers\u00e3o n\u00e3o viola as leis da f\u00edsica qu\u00e2ntica. <\/p>\n<p>Na verdade, da perspectiva de Bob, a informa\u00e7\u00e3o qu\u00e2ntica do \u00e1tomo mais o laborat\u00f3rio de Alice \u00e9 a mesma quer os dois estejam entrela\u00e7ados ou n\u00e3o &#8211; n\u00e3o h\u00e1 mudan\u00e7a na entropia como quando se olha de fora. <\/p>\n<p><strong>Irreversibilidade do tempo <br \/>\n<\/strong><br \/>\nEssa revers\u00e3o poderia acontecer na vida real, afirma Maccone, mas porque o Universo &#8211; como Alice &#8211; n\u00e3o manteria nenhuma lembran\u00e7a deles, eles n\u00e3o teriam nenhum efeito sobre como n\u00f3s percebemos o mundo. <\/p>\n<p>O artigo passa a mostrar matematicamente como este racioc\u00ednio se aplica de forma geral, com o Universo tomando o lugar de Alice. <\/p>\n<p>Jos Uffink, da Universidade de Utrecht, na Holanda, aceita alguns aspectos do trabalho mas n\u00e3o est\u00e1 totalmente convencido. &#8220;O observador pode muito bem reter uma mem\u00f3ria parcial do evento,&#8221; depois do processo de redu\u00e7\u00e3o da entropia, diz ele. Mesmo assim, ele chama a abordagem do artigo de &#8220;completamente nova&#8221; e as suas conclus\u00f5es de &#8220;surpreendentes&#8221;. <\/p>\n<p>Uffink afirma que continua a haver um vigoroso debate sobre a rela\u00e7\u00e3o entre a informa\u00e7\u00e3o como uma quantidade f\u00edsica objetiva e a &#8220;irreversibilidade&#8221; aparente de tantos eventos no mundo ao nosso redor. <\/p>\n<p><b>Autor: Physical Review Focus<\/b><\/p>\n","protected":false},"excerpt":{"rendered":"<p>As leis matem\u00e1ticas da f\u00edsica funcionam t\u00e3o bem para os eventos do passado quanto para os eventos do futuro. No entanto, nunca no mundo real a por\u00e7\u00e3o de caf\u00e9 em uma x\u00edcara se desmisturou do leite. Agora, uma nova teoria pretende oferecer uma nova explica\u00e7\u00e3o para este aparente conflito entre a simetria do tempo das [&hellip;]<\/p>\n","protected":false},"author":1,"featured_media":0,"comment_status":"open","ping_status":"open","sticky":false,"template":"","format":"standard","meta":{"footnotes":""},"categories":[6,35],"tags":[],"class_list":{"0":"post-17444","1":"post","2":"type-post","3":"status-publish","4":"format-standard","6":"category-noticias","7":"category-pesquisa-e-desenvolvimento"},"yoast_head":"<!-- This site is optimized with the Yoast SEO plugin v27.2 - https:\/\/yoast.com\/product\/yoast-seo-wordpress\/ -->\n<title>A flecha qu\u00e2ntica do tempo: Por que o tempo n\u00e3o anda para tr\u00e1s - Instituto de Engenharia<\/title>\n<meta name=\"robots\" content=\"index, follow, max-snippet:-1, max-image-preview:large, max-video-preview:-1\" \/>\n<link rel=\"canonical\" href=\"https:\/\/www.institutodeengenharia.org.br\/site\/2010\/01\/27\/a-flecha-quantica-do-tempo-por-que-o-tempo-nao-anda-para-tras\/\" \/>\n<meta property=\"og:locale\" content=\"pt_BR\" \/>\n<meta property=\"og:type\" content=\"article\" \/>\n<meta property=\"og:title\" content=\"A flecha qu\u00e2ntica do tempo: Por que o tempo n\u00e3o anda para tr\u00e1s - Instituto de Engenharia\" \/>\n<meta property=\"og:description\" content=\"As leis matem\u00e1ticas da f\u00edsica funcionam t\u00e3o bem para os eventos do passado quanto para os eventos do futuro. No entanto, nunca no mundo real a por\u00e7\u00e3o de caf\u00e9 em uma x\u00edcara se desmisturou do leite. Agora, uma nova teoria pretende oferecer uma nova explica\u00e7\u00e3o para este aparente conflito entre a simetria do tempo das [&hellip;]\" \/>\n<meta property=\"og:url\" content=\"https:\/\/www.institutodeengenharia.org.br\/site\/2010\/01\/27\/a-flecha-quantica-do-tempo-por-que-o-tempo-nao-anda-para-tras\/\" \/>\n<meta property=\"og:site_name\" content=\"Instituto de Engenharia\" \/>\n<meta property=\"article:publisher\" content=\"https:\/\/www.facebook.com\/institutodeengenharia\" \/>\n<meta property=\"article:published_time\" content=\"2010-01-27T22:34:12+00:00\" \/>\n<meta name=\"author\" content=\"TMax Tecnologia\" \/>\n<meta name=\"twitter:card\" content=\"summary_large_image\" \/>\n<meta name=\"twitter:creator\" content=\"@iengenharia\" \/>\n<meta name=\"twitter:site\" content=\"@iengenharia\" \/>\n<meta name=\"twitter:label1\" content=\"Escrito por\" \/>\n\t<meta name=\"twitter:data1\" content=\"TMax Tecnologia\" \/>\n\t<meta name=\"twitter:label2\" content=\"Est. tempo de leitura\" \/>\n\t<meta name=\"twitter:data2\" content=\"5 minutos\" \/>\n<script type=\"application\/ld+json\" class=\"yoast-schema-graph\">{\"@context\":\"https:\/\/schema.org\",\"@graph\":[{\"@type\":\"Article\",\"@id\":\"https:\/\/www.institutodeengenharia.org.br\/site\/2010\/01\/27\/a-flecha-quantica-do-tempo-por-que-o-tempo-nao-anda-para-tras\/#article\",\"isPartOf\":{\"@id\":\"https:\/\/www.institutodeengenharia.org.br\/site\/2010\/01\/27\/a-flecha-quantica-do-tempo-por-que-o-tempo-nao-anda-para-tras\/\"},\"author\":{\"name\":\"TMax Tecnologia\",\"@id\":\"https:\/\/www.institutodeengenharia.org.br\/site\/#\/schema\/person\/3b1ff109facef084739fc2edcb9a127f\"},\"headline\":\"A flecha qu\u00e2ntica do tempo: Por que o tempo n\u00e3o anda para tr\u00e1s\",\"datePublished\":\"2010-01-27T22:34:12+00:00\",\"mainEntityOfPage\":{\"@id\":\"https:\/\/www.institutodeengenharia.org.br\/site\/2010\/01\/27\/a-flecha-quantica-do-tempo-por-que-o-tempo-nao-anda-para-tras\/\"},\"wordCount\":942,\"commentCount\":0,\"publisher\":{\"@id\":\"https:\/\/www.institutodeengenharia.org.br\/site\/#organization\"},\"articleSection\":[\"Not\u00edcias\",\"Pesquisa e Desenvolvimento\"],\"inLanguage\":\"pt-BR\",\"potentialAction\":[{\"@type\":\"CommentAction\",\"name\":\"Comment\",\"target\":[\"https:\/\/www.institutodeengenharia.org.br\/site\/2010\/01\/27\/a-flecha-quantica-do-tempo-por-que-o-tempo-nao-anda-para-tras\/#respond\"]}]},{\"@type\":\"WebPage\",\"@id\":\"https:\/\/www.institutodeengenharia.org.br\/site\/2010\/01\/27\/a-flecha-quantica-do-tempo-por-que-o-tempo-nao-anda-para-tras\/\",\"url\":\"https:\/\/www.institutodeengenharia.org.br\/site\/2010\/01\/27\/a-flecha-quantica-do-tempo-por-que-o-tempo-nao-anda-para-tras\/\",\"name\":\"A flecha qu\u00e2ntica do tempo: Por que o tempo n\u00e3o anda para tr\u00e1s - Instituto de Engenharia\",\"isPartOf\":{\"@id\":\"https:\/\/www.institutodeengenharia.org.br\/site\/#website\"},\"datePublished\":\"2010-01-27T22:34:12+00:00\",\"breadcrumb\":{\"@id\":\"https:\/\/www.institutodeengenharia.org.br\/site\/2010\/01\/27\/a-flecha-quantica-do-tempo-por-que-o-tempo-nao-anda-para-tras\/#breadcrumb\"},\"inLanguage\":\"pt-BR\",\"potentialAction\":[{\"@type\":\"ReadAction\",\"target\":[\"https:\/\/www.institutodeengenharia.org.br\/site\/2010\/01\/27\/a-flecha-quantica-do-tempo-por-que-o-tempo-nao-anda-para-tras\/\"]}]},{\"@type\":\"BreadcrumbList\",\"@id\":\"https:\/\/www.institutodeengenharia.org.br\/site\/2010\/01\/27\/a-flecha-quantica-do-tempo-por-que-o-tempo-nao-anda-para-tras\/#breadcrumb\",\"itemListElement\":[{\"@type\":\"ListItem\",\"position\":1,\"name\":\"In\u00edcio\",\"item\":\"https:\/\/www.institutodeengenharia.org.br\/site\/\"},{\"@type\":\"ListItem\",\"position\":2,\"name\":\"A flecha qu\u00e2ntica do tempo: Por que o tempo n\u00e3o anda para tr\u00e1s\"}]},{\"@type\":\"WebSite\",\"@id\":\"https:\/\/www.institutodeengenharia.org.br\/site\/#website\",\"url\":\"https:\/\/www.institutodeengenharia.org.br\/site\/\",\"name\":\"Instituto de Engenharia\",\"description\":\"O Instituto de Engenharia promove a Engenharia em benef\u00edcio do desenvolvimento e da qualidade de vida da sociedade.\",\"publisher\":{\"@id\":\"https:\/\/www.institutodeengenharia.org.br\/site\/#organization\"},\"potentialAction\":[{\"@type\":\"SearchAction\",\"target\":{\"@type\":\"EntryPoint\",\"urlTemplate\":\"https:\/\/www.institutodeengenharia.org.br\/site\/?s={search_term_string}\"},\"query-input\":{\"@type\":\"PropertyValueSpecification\",\"valueRequired\":true,\"valueName\":\"search_term_string\"}}],\"inLanguage\":\"pt-BR\"},{\"@type\":\"Organization\",\"@id\":\"https:\/\/www.institutodeengenharia.org.br\/site\/#organization\",\"name\":\"Instituto de Engenharia\",\"url\":\"https:\/\/www.institutodeengenharia.org.br\/site\/\",\"logo\":{\"@type\":\"ImageObject\",\"inLanguage\":\"pt-BR\",\"@id\":\"https:\/\/www.institutodeengenharia.org.br\/site\/#\/schema\/logo\/image\/\",\"url\":\"https:\/\/www.institutodeengenharia.org.br\/site\/wp-content\/uploads\/2019\/03\/logo-novo-IE2018-1.jpg\",\"contentUrl\":\"https:\/\/www.institutodeengenharia.org.br\/site\/wp-content\/uploads\/2019\/03\/logo-novo-IE2018-1.jpg\",\"width\":1486,\"height\":1879,\"caption\":\"Instituto de Engenharia\"},\"image\":{\"@id\":\"https:\/\/www.institutodeengenharia.org.br\/site\/#\/schema\/logo\/image\/\"},\"sameAs\":[\"https:\/\/www.facebook.com\/institutodeengenharia\",\"https:\/\/x.com\/iengenharia\",\"https:\/\/www.instagram.com\/institutodeengenharia\/\",\"https:\/\/www.linkedin.com\/company\/instituto-de-engenharia\/\",\"https:\/\/www.youtube.com\/channel\/UCXiCAlsSMe977vamW915HxA\"]},{\"@type\":\"Person\",\"@id\":\"https:\/\/www.institutodeengenharia.org.br\/site\/#\/schema\/person\/3b1ff109facef084739fc2edcb9a127f\",\"name\":\"TMax Tecnologia\",\"image\":{\"@type\":\"ImageObject\",\"inLanguage\":\"pt-BR\",\"@id\":\"https:\/\/secure.gravatar.com\/avatar\/f912434ef7f389c92cb311fcdae346af848465d638912574b3c669070f797701?s=96&d=mm&r=g\",\"url\":\"https:\/\/secure.gravatar.com\/avatar\/f912434ef7f389c92cb311fcdae346af848465d638912574b3c669070f797701?s=96&d=mm&r=g\",\"contentUrl\":\"https:\/\/secure.gravatar.com\/avatar\/f912434ef7f389c92cb311fcdae346af848465d638912574b3c669070f797701?s=96&d=mm&r=g\",\"caption\":\"TMax Tecnologia\"},\"url\":\"https:\/\/www.institutodeengenharia.org.br\/site\/author\/tmax\/\"}]}<\/script>\n<!-- \/ Yoast SEO plugin. -->","yoast_head_json":{"title":"A flecha qu\u00e2ntica do tempo: Por que o tempo n\u00e3o anda para tr\u00e1s - Instituto de Engenharia","robots":{"index":"index","follow":"follow","max-snippet":"max-snippet:-1","max-image-preview":"max-image-preview:large","max-video-preview":"max-video-preview:-1"},"canonical":"https:\/\/www.institutodeengenharia.org.br\/site\/2010\/01\/27\/a-flecha-quantica-do-tempo-por-que-o-tempo-nao-anda-para-tras\/","og_locale":"pt_BR","og_type":"article","og_title":"A flecha qu\u00e2ntica do tempo: Por que o tempo n\u00e3o anda para tr\u00e1s - Instituto de Engenharia","og_description":"As leis matem\u00e1ticas da f\u00edsica funcionam t\u00e3o bem para os eventos do passado quanto para os eventos do futuro. No entanto, nunca no mundo real a por\u00e7\u00e3o de caf\u00e9 em uma x\u00edcara se desmisturou do leite. Agora, uma nova teoria pretende oferecer uma nova explica\u00e7\u00e3o para este aparente conflito entre a simetria do tempo das [&hellip;]","og_url":"https:\/\/www.institutodeengenharia.org.br\/site\/2010\/01\/27\/a-flecha-quantica-do-tempo-por-que-o-tempo-nao-anda-para-tras\/","og_site_name":"Instituto de Engenharia","article_publisher":"https:\/\/www.facebook.com\/institutodeengenharia","article_published_time":"2010-01-27T22:34:12+00:00","author":"TMax Tecnologia","twitter_card":"summary_large_image","twitter_creator":"@iengenharia","twitter_site":"@iengenharia","twitter_misc":{"Escrito por":"TMax Tecnologia","Est. tempo de leitura":"5 minutos"},"schema":{"@context":"https:\/\/schema.org","@graph":[{"@type":"Article","@id":"https:\/\/www.institutodeengenharia.org.br\/site\/2010\/01\/27\/a-flecha-quantica-do-tempo-por-que-o-tempo-nao-anda-para-tras\/#article","isPartOf":{"@id":"https:\/\/www.institutodeengenharia.org.br\/site\/2010\/01\/27\/a-flecha-quantica-do-tempo-por-que-o-tempo-nao-anda-para-tras\/"},"author":{"name":"TMax Tecnologia","@id":"https:\/\/www.institutodeengenharia.org.br\/site\/#\/schema\/person\/3b1ff109facef084739fc2edcb9a127f"},"headline":"A flecha qu\u00e2ntica do tempo: Por que o tempo n\u00e3o anda para tr\u00e1s","datePublished":"2010-01-27T22:34:12+00:00","mainEntityOfPage":{"@id":"https:\/\/www.institutodeengenharia.org.br\/site\/2010\/01\/27\/a-flecha-quantica-do-tempo-por-que-o-tempo-nao-anda-para-tras\/"},"wordCount":942,"commentCount":0,"publisher":{"@id":"https:\/\/www.institutodeengenharia.org.br\/site\/#organization"},"articleSection":["Not\u00edcias","Pesquisa e Desenvolvimento"],"inLanguage":"pt-BR","potentialAction":[{"@type":"CommentAction","name":"Comment","target":["https:\/\/www.institutodeengenharia.org.br\/site\/2010\/01\/27\/a-flecha-quantica-do-tempo-por-que-o-tempo-nao-anda-para-tras\/#respond"]}]},{"@type":"WebPage","@id":"https:\/\/www.institutodeengenharia.org.br\/site\/2010\/01\/27\/a-flecha-quantica-do-tempo-por-que-o-tempo-nao-anda-para-tras\/","url":"https:\/\/www.institutodeengenharia.org.br\/site\/2010\/01\/27\/a-flecha-quantica-do-tempo-por-que-o-tempo-nao-anda-para-tras\/","name":"A flecha qu\u00e2ntica do tempo: Por que o tempo n\u00e3o anda para tr\u00e1s - Instituto de Engenharia","isPartOf":{"@id":"https:\/\/www.institutodeengenharia.org.br\/site\/#website"},"datePublished":"2010-01-27T22:34:12+00:00","breadcrumb":{"@id":"https:\/\/www.institutodeengenharia.org.br\/site\/2010\/01\/27\/a-flecha-quantica-do-tempo-por-que-o-tempo-nao-anda-para-tras\/#breadcrumb"},"inLanguage":"pt-BR","potentialAction":[{"@type":"ReadAction","target":["https:\/\/www.institutodeengenharia.org.br\/site\/2010\/01\/27\/a-flecha-quantica-do-tempo-por-que-o-tempo-nao-anda-para-tras\/"]}]},{"@type":"BreadcrumbList","@id":"https:\/\/www.institutodeengenharia.org.br\/site\/2010\/01\/27\/a-flecha-quantica-do-tempo-por-que-o-tempo-nao-anda-para-tras\/#breadcrumb","itemListElement":[{"@type":"ListItem","position":1,"name":"In\u00edcio","item":"https:\/\/www.institutodeengenharia.org.br\/site\/"},{"@type":"ListItem","position":2,"name":"A flecha qu\u00e2ntica do tempo: Por que o tempo n\u00e3o anda para tr\u00e1s"}]},{"@type":"WebSite","@id":"https:\/\/www.institutodeengenharia.org.br\/site\/#website","url":"https:\/\/www.institutodeengenharia.org.br\/site\/","name":"Instituto de Engenharia","description":"O Instituto de Engenharia promove a Engenharia em benef\u00edcio do desenvolvimento e da qualidade de vida da sociedade.","publisher":{"@id":"https:\/\/www.institutodeengenharia.org.br\/site\/#organization"},"potentialAction":[{"@type":"SearchAction","target":{"@type":"EntryPoint","urlTemplate":"https:\/\/www.institutodeengenharia.org.br\/site\/?s={search_term_string}"},"query-input":{"@type":"PropertyValueSpecification","valueRequired":true,"valueName":"search_term_string"}}],"inLanguage":"pt-BR"},{"@type":"Organization","@id":"https:\/\/www.institutodeengenharia.org.br\/site\/#organization","name":"Instituto de Engenharia","url":"https:\/\/www.institutodeengenharia.org.br\/site\/","logo":{"@type":"ImageObject","inLanguage":"pt-BR","@id":"https:\/\/www.institutodeengenharia.org.br\/site\/#\/schema\/logo\/image\/","url":"https:\/\/www.institutodeengenharia.org.br\/site\/wp-content\/uploads\/2019\/03\/logo-novo-IE2018-1.jpg","contentUrl":"https:\/\/www.institutodeengenharia.org.br\/site\/wp-content\/uploads\/2019\/03\/logo-novo-IE2018-1.jpg","width":1486,"height":1879,"caption":"Instituto de Engenharia"},"image":{"@id":"https:\/\/www.institutodeengenharia.org.br\/site\/#\/schema\/logo\/image\/"},"sameAs":["https:\/\/www.facebook.com\/institutodeengenharia","https:\/\/x.com\/iengenharia","https:\/\/www.instagram.com\/institutodeengenharia\/","https:\/\/www.linkedin.com\/company\/instituto-de-engenharia\/","https:\/\/www.youtube.com\/channel\/UCXiCAlsSMe977vamW915HxA"]},{"@type":"Person","@id":"https:\/\/www.institutodeengenharia.org.br\/site\/#\/schema\/person\/3b1ff109facef084739fc2edcb9a127f","name":"TMax Tecnologia","image":{"@type":"ImageObject","inLanguage":"pt-BR","@id":"https:\/\/secure.gravatar.com\/avatar\/f912434ef7f389c92cb311fcdae346af848465d638912574b3c669070f797701?s=96&d=mm&r=g","url":"https:\/\/secure.gravatar.com\/avatar\/f912434ef7f389c92cb311fcdae346af848465d638912574b3c669070f797701?s=96&d=mm&r=g","contentUrl":"https:\/\/secure.gravatar.com\/avatar\/f912434ef7f389c92cb311fcdae346af848465d638912574b3c669070f797701?s=96&d=mm&r=g","caption":"TMax Tecnologia"},"url":"https:\/\/www.institutodeengenharia.org.br\/site\/author\/tmax\/"}]}},"_links":{"self":[{"href":"https:\/\/www.institutodeengenharia.org.br\/site\/wp-json\/wp\/v2\/posts\/17444","targetHints":{"allow":["GET"]}}],"collection":[{"href":"https:\/\/www.institutodeengenharia.org.br\/site\/wp-json\/wp\/v2\/posts"}],"about":[{"href":"https:\/\/www.institutodeengenharia.org.br\/site\/wp-json\/wp\/v2\/types\/post"}],"author":[{"embeddable":true,"href":"https:\/\/www.institutodeengenharia.org.br\/site\/wp-json\/wp\/v2\/users\/1"}],"replies":[{"embeddable":true,"href":"https:\/\/www.institutodeengenharia.org.br\/site\/wp-json\/wp\/v2\/comments?post=17444"}],"version-history":[{"count":0,"href":"https:\/\/www.institutodeengenharia.org.br\/site\/wp-json\/wp\/v2\/posts\/17444\/revisions"}],"wp:attachment":[{"href":"https:\/\/www.institutodeengenharia.org.br\/site\/wp-json\/wp\/v2\/media?parent=17444"}],"wp:term":[{"taxonomy":"category","embeddable":true,"href":"https:\/\/www.institutodeengenharia.org.br\/site\/wp-json\/wp\/v2\/categories?post=17444"},{"taxonomy":"post_tag","embeddable":true,"href":"https:\/\/www.institutodeengenharia.org.br\/site\/wp-json\/wp\/v2\/tags?post=17444"}],"curies":[{"name":"wp","href":"https:\/\/api.w.org\/{rel}","templated":true}]}}