{"id":17441,"date":"2010-01-27T22:34:09","date_gmt":"2010-01-27T22:34:09","guid":{"rendered":"https:\/\/www.institutodeengenharia.org.br\/?p=17441"},"modified":"2010-01-27T09:25:35","modified_gmt":"2010-01-27T09:25:35","slug":"isencao-de-ipva-para-carros-antigos-divide-opiniao-de-especialistas","status":"publish","type":"post","link":"https:\/\/www.institutodeengenharia.org.br\/site\/2010\/01\/27\/isencao-de-ipva-para-carros-antigos-divide-opiniao-de-especialistas\/","title":{"rendered":"Isen\u00e7\u00e3o de IPVA para carros antigos divide opini\u00e3o de especialistas"},"content":{"rendered":"<p><em>Estados isentam ve\u00edculos entre 10 e 25 anos da data de fabrica\u00e7\u00e3o. <br \/>\nGoverno e ambientalistas divergem sobre o benef\u00edcio para carros antigos. <\/p>\n<p><\/em>Enquanto em alguns pa\u00edses desenvolvidos os donos de ve\u00edculos mais antigos pagam , na maioria dos estados do Brasil os carros mais velhos s\u00e3o isentos do Imposto sobre a Propriedade de Ve\u00edculo Automotor (IPVA), cuja al\u00edquota varia de 0,5% a 4% do valor venal do ve\u00edculo. <\/p>\n<p>Como \u00e9 o estado que decide quem ser\u00e1 beneficiado, a isen\u00e7\u00e3o varia de 10 a 25 anos da data de fabrica\u00e7\u00e3o. Confira a tabela abaixo com a isen\u00e7\u00e3o em cada estado. <\/p>\n<p><u><strong>ESTADO CARROS<\/strong>&nbsp;&nbsp;&nbsp; <strong>VELHOS ISENTOS<\/strong>&nbsp;<br \/>\n<\/u><strong><br \/>\nAcre<\/strong>&nbsp; &nbsp;10 anos da data de fabrica\u00e7\u00e3o <br \/>\n<strong>Alagoas<\/strong>&nbsp; &nbsp;20 anos da data de fabrica\u00e7\u00e3o <br \/>\n<strong>Amap\u00e1<\/strong>&nbsp;&nbsp;&nbsp; 15 anos da data de fabrica\u00e7\u00e3o <br \/>\n<strong>Amazonas<\/strong>&nbsp; &nbsp;15 anos da data de fabrica\u00e7\u00e3o <br \/>\n<strong>Bahia<\/strong>&nbsp; &nbsp;15 anos da data de fabrica\u00e7\u00e3o <br \/>\n<strong>Cear\u00e1<\/strong>&nbsp;&nbsp; 15 anos da data de fabrica\u00e7\u00e3o <br \/>\n<strong>Distrito Federal<\/strong>&nbsp;&nbsp; 15 anos da data de fabrica\u00e7\u00e3o <br \/>\n<strong>Esp\u00edrito Santo<\/strong>&nbsp; &nbsp;15 anos da data de fabrica\u00e7\u00e3o <br \/>\n<strong>Goi\u00e1s<\/strong>&nbsp;&nbsp; 10 anos da data de fabrica\u00e7\u00e3o <br \/>\n<strong>Maranh\u00e3o<\/strong>&nbsp;&nbsp; 15 anos da data de fabrica\u00e7\u00e3o <br \/>\n<strong>Mato Grosso&nbsp;&nbsp; do Sul<\/strong> 15 anos da data de fabrica\u00e7\u00e3o <br \/>\n<strong>Mato Grosso<\/strong>&nbsp; &nbsp;15 anos da data de fabrica\u00e7\u00e3o <br \/>\n<strong>Minas Gerais<\/strong>&nbsp; &nbsp;a redu\u00e7\u00e3o \u00e9 progressiva de acordo com o ano do ve\u00edculo <br \/>\n<strong>Par\u00e1<\/strong>&nbsp; &nbsp;15 anos da data de fabrica\u00e7\u00e3o <br \/>\n<strong>Para\u00edba<\/strong>&nbsp; &nbsp;15 anos da data de fabrica\u00e7\u00e3o <br \/>\n<strong>Paran\u00e1<\/strong>&nbsp;&nbsp; 20 anos da data de fabrica\u00e7\u00e3o <br \/>\n<strong>Pernambuco<\/strong>&nbsp; &nbsp;a redu\u00e7\u00e3o \u00e9 progressiva de acordo com o ano do ve\u00edculo <br \/>\n<strong>Piau\u00ed<\/strong>&nbsp;&nbsp; 15 anos da data de fabrica\u00e7\u00e3o <br \/>\n<strong>Rio de Janeiro<\/strong>&nbsp; &nbsp;15 anos da data de fabrica\u00e7\u00e3o <br \/>\n<strong>Rio Grande do Norte<\/strong>&nbsp; &nbsp;10 anos da data de fabrica\u00e7\u00e3o <br \/>\n<strong>Rio Grande do Sul<\/strong>&nbsp; &nbsp;20 anos da data de fabrica\u00e7\u00e3o <br \/>\n<strong>Rond\u00f4nia<\/strong>&nbsp;&nbsp; &nbsp;15 anos da data de fabrica\u00e7\u00e3o <br \/>\n<strong>Roraima<\/strong>&nbsp;&nbsp; 10 anos da data de fabrica\u00e7\u00e3o <br \/>\n<strong>Santa Catarina<\/strong>&nbsp;&nbsp; ve\u00edculos fabricados at\u00e9 1985 <br \/>\n<strong>S\u00e3o Paulo<\/strong>&nbsp; &nbsp;20 anos da data de fabrica\u00e7\u00e3o <br \/>\n<strong>Sergipe<\/strong>&nbsp;&nbsp; 15 anos da data de fabrica\u00e7\u00e3o <br \/>\n<strong>Tocantins<\/strong>&nbsp;&nbsp; 15 anos da data de fabrica\u00e7\u00e3o <\/p>\n<p>Dos 6,3 milh\u00f5es de ve\u00edculos que circulam na cidade de S\u00e3o Paulo, 3,7 milh\u00f5es s\u00e3o de carros velhos que deixam de arrecadar aos cofres p\u00fablicos cerca de R$ 700 milh\u00f5es por ano. De acordo com o ministro do Desenvolvimento, Ind\u00fastria e Com\u00e9rcio Exterior, Miguel Jorge, os carros antigos deveriam ter uma al\u00edquota maior em rela\u00e7\u00e3o aos mais novos, inclusive os caminh\u00f5es, o que incentivaria uma moderniza\u00e7\u00e3o efetiva dos ve\u00edculos no Brasil. <\/p>\n<p>\u201cIsentar o ve\u00edculo antigo \u00e9 ir na contram\u00e3o da renova\u00e7\u00e3o de frota. Ao inv\u00e9s de livrar os mais velhos do IPVA, uma sa\u00edda seria tornar o imposto progressivo\u201d, afirma Fl\u00e1vio Benatti, presidente da NTC, associa\u00e7\u00e3o das transportadoras. \u201cFaltam est\u00edmulos e programas de incentivo do governo para aquisi\u00e7\u00e3o de ve\u00edculos mais novos, principalmente de caminh\u00f5es, cuja idade m\u00e9dia \u00e9 de 23 anos. N\u00e3o \u00e9 poss\u00edvel ter rentabilidade e sustentabilidade com uma frota dessa idade.\u201d <\/p>\n<p>O diretor adjunto de Arrecada\u00e7\u00e3o da Coordenadoria da Administra\u00e7\u00e3o Tribut\u00e1ria (CAT) da Secretaria da Fazenda de S\u00e3o Paulo, Edson Peceguini, discorda. \u201cO IPVA \u00e9 um imposto patrimonial, por isso, no caso do estado de S\u00e3o Paulo, torna-se antiecon\u00f4mico arrecadar o tributo dos ve\u00edculos antigos, cujo valor venal \u00e9 muito baixo\u201d, afirma . \u201cDeve-se lembrar que as condi\u00e7\u00f5es para troca de ve\u00edculo e o n\u00edvel de renda das pessoas no Brasil s\u00e3o diferentes de pa\u00edses mais desenvolvidos. Aqui a realidade \u00e9 outra.\u201d&nbsp;<\/p>\n<p>A &nbsp;idade m\u00e9dia dos carros no pa\u00eds \u00e9 de 9,1 anos, segundo dados do Grupo Interprofissional de produtos e Servi\u00e7os Autom\u00f3vel (GIPA), \u00f3rg\u00e3o internacional que realiza pesquisa de p\u00f3s-venda. A m\u00e9dia \u00e9 semelhante a dos Estados Unidos, mas de acordo com a Sindipe\u00e7as, sindicato das fabricantes de autope\u00e7as, a diferen\u00e7a no Brasil est\u00e1 nos extremos (os mais velhos) da frota e na falta de controle de fiscaliza\u00e7\u00e3o com rela\u00e7\u00e3o ao estado de conserva\u00e7\u00e3o dos ve\u00edculos brasileiros. <\/p>\n<p>De acordo com o deputado estadual Percival Muniz (PPS-MT), que defende a expans\u00e3o de isen\u00e7\u00e3o do IPVA para carros velhos no Mato Grosso, propriet\u00e1rios que possuem ve\u00edculos mais antigos s\u00e3o pessoas assalariadas, de baixo poder aquisitivo e que utilizam seus carros como instrumento de trabalho ou para momentos de lazer. <\/p>\n<p>&#8220;Trata-se de um contingente de cidad\u00e3os que n\u00e3o podem se dar ao luxo de adquirir carros mais novos, e o valor do IPVA tem um peso significativo no or\u00e7amento familiar. Por isso, com a isen\u00e7\u00e3o, eles, que j\u00e1 contribu\u00edram bastante com o imposto e devido o tempo de uso j\u00e1 tem muitos gastos com reparos, poder\u00e3o investir mais na manuten\u00e7\u00e3o.\u201d <\/p>\n<p><strong>Quest\u00e3o ambiental<\/strong> <\/p>\n<p>A emiss\u00e3o de poluentes \u00e9 outro fator que pesa contra a isen\u00e7\u00e3o de IPVA para carros antigos. At\u00e9 2009, por exemplo, os ve\u00edculos fabricados antes de 2003 tamb\u00e9m n\u00e3o passavam pela inspe\u00e7\u00e3o veicular obrigat\u00f3ria no estado de S\u00e3o Paulo. Este ano a vistoria foi estendida para toda a frota da capital paulista. <\/p>\n<p>\u201cPor ser cobrado sobre o valor do bem, \u00e9 natural que IPVA v\u00e1 diminuindo conforme o passar dos anos, mas para o meio ambiente isso n\u00e3o \u00e9 bom, porque os ve\u00edculos mais velhos poluem de 20% a 30% mais do que os carros novos. \u00c9 uma quest\u00e3o de sa\u00fade p\u00fablica\u201d, afirma o coordenador geral de Pol\u00edticas de Qualidade do Ar da Secret\u00e1ria de Mudan\u00e7as Clim\u00e1ticas do Minist\u00e9rio do Meio Ambiente, Rudolf Noronha. <\/p>\n<p>\u201cDo ponto de vista dos ambientalistas seria interessante que o Brasil tivesse impostos que incentivassem a retirada de circula\u00e7\u00e3o dos ve\u00edculos velhos e, por isso, j\u00e1 est\u00e1 em estudo no Governo Federal uma forma de n\u00e3o diminuir o or\u00e7amento do propriet\u00e1rio e ao mesmo tempo retirar os carros antigos da rua. Na verdade, temos um impasse e essa discuss\u00e3o pode levar anos.\u201d <\/p>\n<p><b>Autor: G1<\/b><\/p>\n","protected":false},"excerpt":{"rendered":"<p>Estados isentam ve\u00edculos entre 10 e 25 anos da data de fabrica\u00e7\u00e3o. Governo e ambientalistas divergem sobre o benef\u00edcio para carros antigos. Enquanto em alguns pa\u00edses desenvolvidos os donos de ve\u00edculos mais antigos pagam , na maioria dos estados do Brasil os carros mais velhos s\u00e3o isentos do Imposto sobre a Propriedade de Ve\u00edculo Automotor [&hellip;]<\/p>\n","protected":false},"author":1,"featured_media":0,"comment_status":"open","ping_status":"open","sticky":false,"template":"","format":"standard","meta":{"footnotes":""},"categories":[6,41],"tags":[],"class_list":{"0":"post-17441","1":"post","2":"type-post","3":"status-publish","4":"format-standard","6":"category-noticias","7":"category-transportes"},"yoast_head":"<!-- This site is optimized with the Yoast SEO plugin v27.2 - https:\/\/yoast.com\/product\/yoast-seo-wordpress\/ -->\n<title>Isen\u00e7\u00e3o de IPVA para carros antigos divide opini\u00e3o de especialistas - Instituto de Engenharia<\/title>\n<meta name=\"robots\" content=\"index, follow, max-snippet:-1, max-image-preview:large, max-video-preview:-1\" \/>\n<link rel=\"canonical\" href=\"https:\/\/www.institutodeengenharia.org.br\/site\/2010\/01\/27\/isencao-de-ipva-para-carros-antigos-divide-opiniao-de-especialistas\/\" \/>\n<meta property=\"og:locale\" content=\"pt_BR\" \/>\n<meta property=\"og:type\" content=\"article\" \/>\n<meta property=\"og:title\" content=\"Isen\u00e7\u00e3o de IPVA para carros antigos divide opini\u00e3o de especialistas - Instituto de Engenharia\" \/>\n<meta property=\"og:description\" content=\"Estados isentam ve\u00edculos entre 10 e 25 anos da data de fabrica\u00e7\u00e3o. Governo e ambientalistas divergem sobre o benef\u00edcio para carros antigos. Enquanto em alguns pa\u00edses desenvolvidos os donos de ve\u00edculos mais antigos pagam , na maioria dos estados do Brasil os carros mais velhos s\u00e3o isentos do Imposto sobre a Propriedade de Ve\u00edculo Automotor [&hellip;]\" \/>\n<meta property=\"og:url\" content=\"https:\/\/www.institutodeengenharia.org.br\/site\/2010\/01\/27\/isencao-de-ipva-para-carros-antigos-divide-opiniao-de-especialistas\/\" \/>\n<meta property=\"og:site_name\" content=\"Instituto de Engenharia\" \/>\n<meta property=\"article:publisher\" content=\"https:\/\/www.facebook.com\/institutodeengenharia\" \/>\n<meta property=\"article:published_time\" content=\"2010-01-27T22:34:09+00:00\" \/>\n<meta name=\"author\" content=\"TMax Tecnologia\" \/>\n<meta name=\"twitter:card\" content=\"summary_large_image\" \/>\n<meta name=\"twitter:creator\" content=\"@iengenharia\" \/>\n<meta name=\"twitter:site\" content=\"@iengenharia\" \/>\n<meta name=\"twitter:label1\" content=\"Escrito por\" \/>\n\t<meta name=\"twitter:data1\" content=\"TMax Tecnologia\" \/>\n\t<meta name=\"twitter:label2\" content=\"Est. tempo de leitura\" \/>\n\t<meta name=\"twitter:data2\" content=\"5 minutos\" \/>\n<script type=\"application\/ld+json\" class=\"yoast-schema-graph\">{\"@context\":\"https:\/\/schema.org\",\"@graph\":[{\"@type\":\"Article\",\"@id\":\"https:\/\/www.institutodeengenharia.org.br\/site\/2010\/01\/27\/isencao-de-ipva-para-carros-antigos-divide-opiniao-de-especialistas\/#article\",\"isPartOf\":{\"@id\":\"https:\/\/www.institutodeengenharia.org.br\/site\/2010\/01\/27\/isencao-de-ipva-para-carros-antigos-divide-opiniao-de-especialistas\/\"},\"author\":{\"name\":\"TMax Tecnologia\",\"@id\":\"https:\/\/www.institutodeengenharia.org.br\/site\/#\/schema\/person\/3b1ff109facef084739fc2edcb9a127f\"},\"headline\":\"Isen\u00e7\u00e3o de IPVA para carros antigos divide opini\u00e3o de especialistas\",\"datePublished\":\"2010-01-27T22:34:09+00:00\",\"mainEntityOfPage\":{\"@id\":\"https:\/\/www.institutodeengenharia.org.br\/site\/2010\/01\/27\/isencao-de-ipva-para-carros-antigos-divide-opiniao-de-especialistas\/\"},\"wordCount\":1073,\"commentCount\":0,\"publisher\":{\"@id\":\"https:\/\/www.institutodeengenharia.org.br\/site\/#organization\"},\"articleSection\":[\"Not\u00edcias\",\"Transportes\"],\"inLanguage\":\"pt-BR\",\"potentialAction\":[{\"@type\":\"CommentAction\",\"name\":\"Comment\",\"target\":[\"https:\/\/www.institutodeengenharia.org.br\/site\/2010\/01\/27\/isencao-de-ipva-para-carros-antigos-divide-opiniao-de-especialistas\/#respond\"]}]},{\"@type\":\"WebPage\",\"@id\":\"https:\/\/www.institutodeengenharia.org.br\/site\/2010\/01\/27\/isencao-de-ipva-para-carros-antigos-divide-opiniao-de-especialistas\/\",\"url\":\"https:\/\/www.institutodeengenharia.org.br\/site\/2010\/01\/27\/isencao-de-ipva-para-carros-antigos-divide-opiniao-de-especialistas\/\",\"name\":\"Isen\u00e7\u00e3o de IPVA para carros antigos divide opini\u00e3o de especialistas - Instituto de Engenharia\",\"isPartOf\":{\"@id\":\"https:\/\/www.institutodeengenharia.org.br\/site\/#website\"},\"datePublished\":\"2010-01-27T22:34:09+00:00\",\"breadcrumb\":{\"@id\":\"https:\/\/www.institutodeengenharia.org.br\/site\/2010\/01\/27\/isencao-de-ipva-para-carros-antigos-divide-opiniao-de-especialistas\/#breadcrumb\"},\"inLanguage\":\"pt-BR\",\"potentialAction\":[{\"@type\":\"ReadAction\",\"target\":[\"https:\/\/www.institutodeengenharia.org.br\/site\/2010\/01\/27\/isencao-de-ipva-para-carros-antigos-divide-opiniao-de-especialistas\/\"]}]},{\"@type\":\"BreadcrumbList\",\"@id\":\"https:\/\/www.institutodeengenharia.org.br\/site\/2010\/01\/27\/isencao-de-ipva-para-carros-antigos-divide-opiniao-de-especialistas\/#breadcrumb\",\"itemListElement\":[{\"@type\":\"ListItem\",\"position\":1,\"name\":\"In\u00edcio\",\"item\":\"https:\/\/www.institutodeengenharia.org.br\/site\/\"},{\"@type\":\"ListItem\",\"position\":2,\"name\":\"Isen\u00e7\u00e3o de IPVA para carros antigos divide opini\u00e3o de especialistas\"}]},{\"@type\":\"WebSite\",\"@id\":\"https:\/\/www.institutodeengenharia.org.br\/site\/#website\",\"url\":\"https:\/\/www.institutodeengenharia.org.br\/site\/\",\"name\":\"Instituto de Engenharia\",\"description\":\"O Instituto de Engenharia promove a Engenharia em benef\u00edcio do desenvolvimento e da qualidade de vida da sociedade.\",\"publisher\":{\"@id\":\"https:\/\/www.institutodeengenharia.org.br\/site\/#organization\"},\"potentialAction\":[{\"@type\":\"SearchAction\",\"target\":{\"@type\":\"EntryPoint\",\"urlTemplate\":\"https:\/\/www.institutodeengenharia.org.br\/site\/?s={search_term_string}\"},\"query-input\":{\"@type\":\"PropertyValueSpecification\",\"valueRequired\":true,\"valueName\":\"search_term_string\"}}],\"inLanguage\":\"pt-BR\"},{\"@type\":\"Organization\",\"@id\":\"https:\/\/www.institutodeengenharia.org.br\/site\/#organization\",\"name\":\"Instituto de Engenharia\",\"url\":\"https:\/\/www.institutodeengenharia.org.br\/site\/\",\"logo\":{\"@type\":\"ImageObject\",\"inLanguage\":\"pt-BR\",\"@id\":\"https:\/\/www.institutodeengenharia.org.br\/site\/#\/schema\/logo\/image\/\",\"url\":\"https:\/\/www.institutodeengenharia.org.br\/site\/wp-content\/uploads\/2019\/03\/logo-novo-IE2018-1.jpg\",\"contentUrl\":\"https:\/\/www.institutodeengenharia.org.br\/site\/wp-content\/uploads\/2019\/03\/logo-novo-IE2018-1.jpg\",\"width\":1486,\"height\":1879,\"caption\":\"Instituto de Engenharia\"},\"image\":{\"@id\":\"https:\/\/www.institutodeengenharia.org.br\/site\/#\/schema\/logo\/image\/\"},\"sameAs\":[\"https:\/\/www.facebook.com\/institutodeengenharia\",\"https:\/\/x.com\/iengenharia\",\"https:\/\/www.instagram.com\/institutodeengenharia\/\",\"https:\/\/www.linkedin.com\/company\/instituto-de-engenharia\/\",\"https:\/\/www.youtube.com\/channel\/UCXiCAlsSMe977vamW915HxA\"]},{\"@type\":\"Person\",\"@id\":\"https:\/\/www.institutodeengenharia.org.br\/site\/#\/schema\/person\/3b1ff109facef084739fc2edcb9a127f\",\"name\":\"TMax Tecnologia\",\"image\":{\"@type\":\"ImageObject\",\"inLanguage\":\"pt-BR\",\"@id\":\"https:\/\/secure.gravatar.com\/avatar\/f912434ef7f389c92cb311fcdae346af848465d638912574b3c669070f797701?s=96&d=mm&r=g\",\"url\":\"https:\/\/secure.gravatar.com\/avatar\/f912434ef7f389c92cb311fcdae346af848465d638912574b3c669070f797701?s=96&d=mm&r=g\",\"contentUrl\":\"https:\/\/secure.gravatar.com\/avatar\/f912434ef7f389c92cb311fcdae346af848465d638912574b3c669070f797701?s=96&d=mm&r=g\",\"caption\":\"TMax Tecnologia\"},\"url\":\"https:\/\/www.institutodeengenharia.org.br\/site\/author\/tmax\/\"}]}<\/script>\n<!-- \/ Yoast SEO plugin. -->","yoast_head_json":{"title":"Isen\u00e7\u00e3o de IPVA para carros antigos divide opini\u00e3o de especialistas - Instituto de Engenharia","robots":{"index":"index","follow":"follow","max-snippet":"max-snippet:-1","max-image-preview":"max-image-preview:large","max-video-preview":"max-video-preview:-1"},"canonical":"https:\/\/www.institutodeengenharia.org.br\/site\/2010\/01\/27\/isencao-de-ipva-para-carros-antigos-divide-opiniao-de-especialistas\/","og_locale":"pt_BR","og_type":"article","og_title":"Isen\u00e7\u00e3o de IPVA para carros antigos divide opini\u00e3o de especialistas - Instituto de Engenharia","og_description":"Estados isentam ve\u00edculos entre 10 e 25 anos da data de fabrica\u00e7\u00e3o. Governo e ambientalistas divergem sobre o benef\u00edcio para carros antigos. Enquanto em alguns pa\u00edses desenvolvidos os donos de ve\u00edculos mais antigos pagam , na maioria dos estados do Brasil os carros mais velhos s\u00e3o isentos do Imposto sobre a Propriedade de Ve\u00edculo Automotor [&hellip;]","og_url":"https:\/\/www.institutodeengenharia.org.br\/site\/2010\/01\/27\/isencao-de-ipva-para-carros-antigos-divide-opiniao-de-especialistas\/","og_site_name":"Instituto de Engenharia","article_publisher":"https:\/\/www.facebook.com\/institutodeengenharia","article_published_time":"2010-01-27T22:34:09+00:00","author":"TMax Tecnologia","twitter_card":"summary_large_image","twitter_creator":"@iengenharia","twitter_site":"@iengenharia","twitter_misc":{"Escrito por":"TMax Tecnologia","Est. tempo de leitura":"5 minutos"},"schema":{"@context":"https:\/\/schema.org","@graph":[{"@type":"Article","@id":"https:\/\/www.institutodeengenharia.org.br\/site\/2010\/01\/27\/isencao-de-ipva-para-carros-antigos-divide-opiniao-de-especialistas\/#article","isPartOf":{"@id":"https:\/\/www.institutodeengenharia.org.br\/site\/2010\/01\/27\/isencao-de-ipva-para-carros-antigos-divide-opiniao-de-especialistas\/"},"author":{"name":"TMax Tecnologia","@id":"https:\/\/www.institutodeengenharia.org.br\/site\/#\/schema\/person\/3b1ff109facef084739fc2edcb9a127f"},"headline":"Isen\u00e7\u00e3o de IPVA para carros antigos divide opini\u00e3o de especialistas","datePublished":"2010-01-27T22:34:09+00:00","mainEntityOfPage":{"@id":"https:\/\/www.institutodeengenharia.org.br\/site\/2010\/01\/27\/isencao-de-ipva-para-carros-antigos-divide-opiniao-de-especialistas\/"},"wordCount":1073,"commentCount":0,"publisher":{"@id":"https:\/\/www.institutodeengenharia.org.br\/site\/#organization"},"articleSection":["Not\u00edcias","Transportes"],"inLanguage":"pt-BR","potentialAction":[{"@type":"CommentAction","name":"Comment","target":["https:\/\/www.institutodeengenharia.org.br\/site\/2010\/01\/27\/isencao-de-ipva-para-carros-antigos-divide-opiniao-de-especialistas\/#respond"]}]},{"@type":"WebPage","@id":"https:\/\/www.institutodeengenharia.org.br\/site\/2010\/01\/27\/isencao-de-ipva-para-carros-antigos-divide-opiniao-de-especialistas\/","url":"https:\/\/www.institutodeengenharia.org.br\/site\/2010\/01\/27\/isencao-de-ipva-para-carros-antigos-divide-opiniao-de-especialistas\/","name":"Isen\u00e7\u00e3o de IPVA para carros antigos divide opini\u00e3o de especialistas - Instituto de Engenharia","isPartOf":{"@id":"https:\/\/www.institutodeengenharia.org.br\/site\/#website"},"datePublished":"2010-01-27T22:34:09+00:00","breadcrumb":{"@id":"https:\/\/www.institutodeengenharia.org.br\/site\/2010\/01\/27\/isencao-de-ipva-para-carros-antigos-divide-opiniao-de-especialistas\/#breadcrumb"},"inLanguage":"pt-BR","potentialAction":[{"@type":"ReadAction","target":["https:\/\/www.institutodeengenharia.org.br\/site\/2010\/01\/27\/isencao-de-ipva-para-carros-antigos-divide-opiniao-de-especialistas\/"]}]},{"@type":"BreadcrumbList","@id":"https:\/\/www.institutodeengenharia.org.br\/site\/2010\/01\/27\/isencao-de-ipva-para-carros-antigos-divide-opiniao-de-especialistas\/#breadcrumb","itemListElement":[{"@type":"ListItem","position":1,"name":"In\u00edcio","item":"https:\/\/www.institutodeengenharia.org.br\/site\/"},{"@type":"ListItem","position":2,"name":"Isen\u00e7\u00e3o de IPVA para carros antigos divide opini\u00e3o de especialistas"}]},{"@type":"WebSite","@id":"https:\/\/www.institutodeengenharia.org.br\/site\/#website","url":"https:\/\/www.institutodeengenharia.org.br\/site\/","name":"Instituto de Engenharia","description":"O Instituto de Engenharia promove a Engenharia em benef\u00edcio do desenvolvimento e da qualidade de vida da sociedade.","publisher":{"@id":"https:\/\/www.institutodeengenharia.org.br\/site\/#organization"},"potentialAction":[{"@type":"SearchAction","target":{"@type":"EntryPoint","urlTemplate":"https:\/\/www.institutodeengenharia.org.br\/site\/?s={search_term_string}"},"query-input":{"@type":"PropertyValueSpecification","valueRequired":true,"valueName":"search_term_string"}}],"inLanguage":"pt-BR"},{"@type":"Organization","@id":"https:\/\/www.institutodeengenharia.org.br\/site\/#organization","name":"Instituto de Engenharia","url":"https:\/\/www.institutodeengenharia.org.br\/site\/","logo":{"@type":"ImageObject","inLanguage":"pt-BR","@id":"https:\/\/www.institutodeengenharia.org.br\/site\/#\/schema\/logo\/image\/","url":"https:\/\/www.institutodeengenharia.org.br\/site\/wp-content\/uploads\/2019\/03\/logo-novo-IE2018-1.jpg","contentUrl":"https:\/\/www.institutodeengenharia.org.br\/site\/wp-content\/uploads\/2019\/03\/logo-novo-IE2018-1.jpg","width":1486,"height":1879,"caption":"Instituto de Engenharia"},"image":{"@id":"https:\/\/www.institutodeengenharia.org.br\/site\/#\/schema\/logo\/image\/"},"sameAs":["https:\/\/www.facebook.com\/institutodeengenharia","https:\/\/x.com\/iengenharia","https:\/\/www.instagram.com\/institutodeengenharia\/","https:\/\/www.linkedin.com\/company\/instituto-de-engenharia\/","https:\/\/www.youtube.com\/channel\/UCXiCAlsSMe977vamW915HxA"]},{"@type":"Person","@id":"https:\/\/www.institutodeengenharia.org.br\/site\/#\/schema\/person\/3b1ff109facef084739fc2edcb9a127f","name":"TMax Tecnologia","image":{"@type":"ImageObject","inLanguage":"pt-BR","@id":"https:\/\/secure.gravatar.com\/avatar\/f912434ef7f389c92cb311fcdae346af848465d638912574b3c669070f797701?s=96&d=mm&r=g","url":"https:\/\/secure.gravatar.com\/avatar\/f912434ef7f389c92cb311fcdae346af848465d638912574b3c669070f797701?s=96&d=mm&r=g","contentUrl":"https:\/\/secure.gravatar.com\/avatar\/f912434ef7f389c92cb311fcdae346af848465d638912574b3c669070f797701?s=96&d=mm&r=g","caption":"TMax Tecnologia"},"url":"https:\/\/www.institutodeengenharia.org.br\/site\/author\/tmax\/"}]}},"_links":{"self":[{"href":"https:\/\/www.institutodeengenharia.org.br\/site\/wp-json\/wp\/v2\/posts\/17441","targetHints":{"allow":["GET"]}}],"collection":[{"href":"https:\/\/www.institutodeengenharia.org.br\/site\/wp-json\/wp\/v2\/posts"}],"about":[{"href":"https:\/\/www.institutodeengenharia.org.br\/site\/wp-json\/wp\/v2\/types\/post"}],"author":[{"embeddable":true,"href":"https:\/\/www.institutodeengenharia.org.br\/site\/wp-json\/wp\/v2\/users\/1"}],"replies":[{"embeddable":true,"href":"https:\/\/www.institutodeengenharia.org.br\/site\/wp-json\/wp\/v2\/comments?post=17441"}],"version-history":[{"count":0,"href":"https:\/\/www.institutodeengenharia.org.br\/site\/wp-json\/wp\/v2\/posts\/17441\/revisions"}],"wp:attachment":[{"href":"https:\/\/www.institutodeengenharia.org.br\/site\/wp-json\/wp\/v2\/media?parent=17441"}],"wp:term":[{"taxonomy":"category","embeddable":true,"href":"https:\/\/www.institutodeengenharia.org.br\/site\/wp-json\/wp\/v2\/categories?post=17441"},{"taxonomy":"post_tag","embeddable":true,"href":"https:\/\/www.institutodeengenharia.org.br\/site\/wp-json\/wp\/v2\/tags?post=17441"}],"curies":[{"name":"wp","href":"https:\/\/api.w.org\/{rel}","templated":true}]}}