{"id":156319,"date":"2026-09-04T12:26:25","date_gmt":"2026-09-04T15:26:25","guid":{"rendered":"https:\/\/www.institutodeengenharia.org.br\/site\/?p=156319"},"modified":"2026-09-04T14:50:09","modified_gmt":"2026-09-04T17:50:09","slug":"semana-marca-aproximacao-institucional-com-as-empresas-mota-engel-e-enel","status":"publish","type":"post","link":"https:\/\/www.institutodeengenharia.org.br\/site\/2026\/09\/04\/semana-marca-aproximacao-institucional-com-as-empresas-mota-engel-e-enel\/","title":{"rendered":"Semana marca aproxima\u00e7\u00e3o institucional com as empresas Mota-Engil e Enel"},"content":{"rendered":"<p>O presidente do Instituto de Engenharia, Jos\u00e9 Eduardo Jardim, acompanhado de diretores, conselheiros e convidados, recebeu, no \u00faltimo dia 2, Ricardo Andrade, diretor t\u00e9cnico da Mota-Engil.<\/p>\n<figure id=\"attachment_156323\" aria-describedby=\"caption-attachment-156323\" style=\"width: 686px\" class=\"wp-caption alignleft\"><img loading=\"lazy\" decoding=\"async\" class=\"wp-image-156323\" src=\"https:\/\/www.institutodeengenharia.org.br\/site\/wp-content\/uploads\/2026\/09\/mota-engil-2.jpg\" alt=\"\" width=\"686\" height=\"309\" srcset=\"https:\/\/www.institutodeengenharia.org.br\/site\/wp-content\/uploads\/2026\/09\/mota-engil-2.jpg 2000w, https:\/\/www.institutodeengenharia.org.br\/site\/wp-content\/uploads\/2026\/09\/mota-engil-2-300x135.jpg 300w, https:\/\/www.institutodeengenharia.org.br\/site\/wp-content\/uploads\/2026\/09\/mota-engil-2-1024x461.jpg 1024w, https:\/\/www.institutodeengenharia.org.br\/site\/wp-content\/uploads\/2026\/09\/mota-engil-2-768x346.jpg 768w, https:\/\/www.institutodeengenharia.org.br\/site\/wp-content\/uploads\/2026\/09\/mota-engil-2-1536x691.jpg 1536w, https:\/\/www.institutodeengenharia.org.br\/site\/wp-content\/uploads\/2026\/09\/mota-engil-2-933x420.jpg 933w, https:\/\/www.institutodeengenharia.org.br\/site\/wp-content\/uploads\/2026\/09\/mota-engil-2-696x313.jpg 696w, https:\/\/www.institutodeengenharia.org.br\/site\/wp-content\/uploads\/2026\/09\/mota-engil-2-1068x481.jpg 1068w, https:\/\/www.institutodeengenharia.org.br\/site\/wp-content\/uploads\/2026\/09\/mota-engil-2-1920x864.jpg 1920w, https:\/\/www.institutodeengenharia.org.br\/site\/wp-content\/uploads\/2026\/09\/mota-engil-2-600x270.jpg 600w\" sizes=\"auto, (max-width: 686px) 100vw, 686px\" \/><figcaption id=\"caption-attachment-156323\" class=\"wp-caption-text\">Reuni\u00e3o com Ricardo Andrade, Mota-Engil<\/figcaption><\/figure>\n<p>O encontro teve como objetivo promover a aproxima\u00e7\u00e3o institucional e ampliar o di\u00e1logo sobre temas de interesse comum, fortalecendo a troca de experi\u00eancias e a constru\u00e7\u00e3o de futuras parcerias.<\/p>\n<p>&nbsp;<\/p>\n<p>&nbsp;<\/p>\n<p>&nbsp;<\/p>\n<p>&nbsp;<\/p>\n<p>&nbsp;<\/p>\n<p>J\u00e1 no dia 3 de setembro, Jos\u00e9 Eduardo Jardim e o VP de Rela\u00e7\u00f5es Externas, Ivan Whately, foram recebidos por Ronaldo de Souza Camargo, diretor de Rela\u00e7\u00f5es Institucionais, na sede da Enel Brasil. A reuni\u00e3o teve como prop\u00f3sito estreitar o relacionamento entre as institui\u00e7\u00f5es e fortalecer rela\u00e7\u00f5es estrat\u00e9gicas, reafirmando o compromisso do Instituto de Engenharia com a articula\u00e7\u00e3o e o di\u00e1logo com importantes empresas e organiza\u00e7\u00f5es do setor.<\/p>\n<figure id=\"attachment_156324\" aria-describedby=\"caption-attachment-156324\" style=\"width: 699px\" class=\"wp-caption aligncenter\"><img loading=\"lazy\" decoding=\"async\" class=\"wp-image-156324\" src=\"https:\/\/www.institutodeengenharia.org.br\/site\/wp-content\/uploads\/2026\/09\/enel.jpg\" alt=\"\" width=\"699\" height=\"510\" srcset=\"https:\/\/www.institutodeengenharia.org.br\/site\/wp-content\/uploads\/2026\/09\/enel.jpg 1280w, https:\/\/www.institutodeengenharia.org.br\/site\/wp-content\/uploads\/2026\/09\/enel-300x219.jpg 300w, https:\/\/www.institutodeengenharia.org.br\/site\/wp-content\/uploads\/2026\/09\/enel-1024x748.jpg 1024w, https:\/\/www.institutodeengenharia.org.br\/site\/wp-content\/uploads\/2026\/09\/enel-768x561.jpg 768w, https:\/\/www.institutodeengenharia.org.br\/site\/wp-content\/uploads\/2026\/09\/enel-575x420.jpg 575w, https:\/\/www.institutodeengenharia.org.br\/site\/wp-content\/uploads\/2026\/09\/enel-696x508.jpg 696w, https:\/\/www.institutodeengenharia.org.br\/site\/wp-content\/uploads\/2026\/09\/enel-1068x780.jpg 1068w, https:\/\/www.institutodeengenharia.org.br\/site\/wp-content\/uploads\/2026\/09\/enel-324x235.jpg 324w, https:\/\/www.institutodeengenharia.org.br\/site\/wp-content\/uploads\/2026\/09\/enel-600x438.jpg 600w\" sizes=\"auto, (max-width: 699px) 100vw, 699px\" \/><figcaption id=\"caption-attachment-156324\" class=\"wp-caption-text\">Ronaldo Camargo (3\u00b0 \u00e0 dir.) ao lado do presidente do IE<\/figcaption><\/figure>\n","protected":false},"excerpt":{"rendered":"<p>O presidente do Instituto de Engenharia, Jos\u00e9 Eduardo Jardim, acompanhado de diretores, conselheiros e convidados, recebeu, no \u00faltimo dia 2, Ricardo Andrade, diretor t\u00e9cnico da Mota-Engil. O encontro teve como objetivo promover a aproxima\u00e7\u00e3o institucional e ampliar o di\u00e1logo sobre temas de interesse comum, fortalecendo a troca de experi\u00eancias e a constru\u00e7\u00e3o de futuras parcerias. [&hellip;]<\/p>\n","protected":false},"author":14,"featured_media":156322,"comment_status":"open","ping_status":"open","sticky":false,"template":"","format":"standard","meta":{"footnotes":""},"categories":[24,26,27,141],"tags":[],"class_list":{"0":"post-156319","1":"post","2":"type-post","3":"status-publish","4":"format-standard","5":"has-post-thumbnail","7":"category-energia","8":"category-infraestrutura","9":"category-instituto-de-engenharia","10":"category-noticias-menu"},"yoast_head":"<!-- This site is optimized with the Yoast SEO plugin v28.3 - https:\/\/yoast.com\/product\/yoast-seo-wordpress\/ -->\n<title>Semana marca aproxima\u00e7\u00e3o institucional com as empresas Mota-Engil e Enel - Instituto de Engenharia<\/title>\n<meta name=\"robots\" content=\"index, follow, max-snippet:-1, max-image-preview:large, max-video-preview:-1\" \/>\n<link rel=\"canonical\" href=\"https:\/\/www.institutodeengenharia.org.br\/site\/2026\/09\/04\/semana-marca-aproximacao-institucional-com-as-empresas-mota-engel-e-enel\/\" \/>\n<meta property=\"og:locale\" content=\"pt_BR\" \/>\n<meta property=\"og:type\" content=\"article\" \/>\n<meta property=\"og:title\" content=\"Semana marca aproxima\u00e7\u00e3o institucional com as empresas Mota-Engil e Enel - Instituto de Engenharia\" \/>\n<meta property=\"og:description\" content=\"O presidente do Instituto de Engenharia, Jos\u00e9 Eduardo Jardim, acompanhado de diretores, conselheiros e convidados, recebeu, no \u00faltimo dia 2, Ricardo Andrade, diretor t\u00e9cnico da Mota-Engil. O encontro teve como objetivo promover a aproxima\u00e7\u00e3o institucional e ampliar o di\u00e1logo sobre temas de interesse comum, fortalecendo a troca de experi\u00eancias e a constru\u00e7\u00e3o de futuras parcerias. [&hellip;]\" \/>\n<meta property=\"og:url\" content=\"https:\/\/www.institutodeengenharia.org.br\/site\/2026\/09\/04\/semana-marca-aproximacao-institucional-com-as-empresas-mota-engel-e-enel\/\" \/>\n<meta property=\"og:site_name\" content=\"Instituto de Engenharia\" \/>\n<meta property=\"article:publisher\" content=\"https:\/\/www.facebook.com\/institutodeengenharia\" \/>\n<meta property=\"article:published_time\" content=\"2026-09-04T15:26:25+00:00\" \/>\n<meta property=\"article:modified_time\" content=\"2026-09-04T17:50:09+00:00\" \/>\n<meta property=\"og:image\" content=\"https:\/\/www.institutodeengenharia.org.br\/site\/wp-content\/uploads\/2026\/09\/mota-engil.jpg\" \/>\n\t<meta property=\"og:image:width\" content=\"2016\" \/>\n\t<meta property=\"og:image:height\" content=\"908\" \/>\n\t<meta property=\"og:image:type\" content=\"image\/jpeg\" \/>\n<meta name=\"author\" content=\"Isabel\" \/>\n<meta name=\"twitter:card\" content=\"summary_large_image\" \/>\n<meta name=\"twitter:creator\" content=\"@iengenharia\" \/>\n<meta name=\"twitter:site\" content=\"@iengenharia\" \/>\n<meta name=\"twitter:label1\" content=\"Escrito por\" \/>\n\t<meta name=\"twitter:data1\" content=\"Isabel\" \/>\n\t<meta name=\"twitter:label2\" content=\"Est. tempo de leitura\" \/>\n\t<meta name=\"twitter:data2\" content=\"2 minutos\" \/>\n<script type=\"application\/ld+json\" class=\"yoast-schema-graph\">{\"@context\":\"https:\\\/\\\/schema.org\",\"@graph\":[{\"@type\":\"Article\",\"@id\":\"https:\\\/\\\/www.institutodeengenharia.org.br\\\/site\\\/2026\\\/09\\\/04\\\/semana-marca-aproximacao-institucional-com-as-empresas-mota-engel-e-enel\\\/#article\",\"isPartOf\":{\"@id\":\"https:\\\/\\\/www.institutodeengenharia.org.br\\\/site\\\/2026\\\/09\\\/04\\\/semana-marca-aproximacao-institucional-com-as-empresas-mota-engel-e-enel\\\/\"},\"author\":{\"name\":\"Isabel\",\"@id\":\"https:\\\/\\\/www.institutodeengenharia.org.br\\\/site\\\/#\\\/schema\\\/person\\\/593dc356630173a4877a635d3e5fd76b\"},\"headline\":\"Semana marca aproxima\u00e7\u00e3o institucional com as empresas Mota-Engil e Enel\",\"datePublished\":\"2026-09-04T15:26:25+00:00\",\"dateModified\":\"2026-09-04T17:50:09+00:00\",\"mainEntityOfPage\":{\"@id\":\"https:\\\/\\\/www.institutodeengenharia.org.br\\\/site\\\/2026\\\/09\\\/04\\\/semana-marca-aproximacao-institucional-com-as-empresas-mota-engel-e-enel\\\/\"},\"wordCount\":181,\"commentCount\":0,\"publisher\":{\"@id\":\"https:\\\/\\\/www.institutodeengenharia.org.br\\\/site\\\/#organization\"},\"image\":{\"@id\":\"https:\\\/\\\/www.institutodeengenharia.org.br\\\/site\\\/2026\\\/09\\\/04\\\/semana-marca-aproximacao-institucional-com-as-empresas-mota-engel-e-enel\\\/#primaryimage\"},\"thumbnailUrl\":\"https:\\\/\\\/www.institutodeengenharia.org.br\\\/site\\\/wp-content\\\/uploads\\\/2026\\\/09\\\/mota-engil.jpg\",\"articleSection\":[\"Energia\",\"Infraestrutura\",\"Instituto de Engenharia\",\"Not\u00edcias\"],\"inLanguage\":\"pt-BR\",\"potentialAction\":[{\"@type\":\"CommentAction\",\"name\":\"Comment\",\"target\":[\"https:\\\/\\\/www.institutodeengenharia.org.br\\\/site\\\/2026\\\/09\\\/04\\\/semana-marca-aproximacao-institucional-com-as-empresas-mota-engel-e-enel\\\/#respond\"]}]},{\"@type\":\"WebPage\",\"@id\":\"https:\\\/\\\/www.institutodeengenharia.org.br\\\/site\\\/2026\\\/09\\\/04\\\/semana-marca-aproximacao-institucional-com-as-empresas-mota-engel-e-enel\\\/\",\"url\":\"https:\\\/\\\/www.institutodeengenharia.org.br\\\/site\\\/2026\\\/09\\\/04\\\/semana-marca-aproximacao-institucional-com-as-empresas-mota-engel-e-enel\\\/\",\"name\":\"Semana marca aproxima\u00e7\u00e3o institucional com as empresas Mota-Engil e Enel - Instituto de Engenharia\",\"isPartOf\":{\"@id\":\"https:\\\/\\\/www.institutodeengenharia.org.br\\\/site\\\/#website\"},\"primaryImageOfPage\":{\"@id\":\"https:\\\/\\\/www.institutodeengenharia.org.br\\\/site\\\/2026\\\/09\\\/04\\\/semana-marca-aproximacao-institucional-com-as-empresas-mota-engel-e-enel\\\/#primaryimage\"},\"image\":{\"@id\":\"https:\\\/\\\/www.institutodeengenharia.org.br\\\/site\\\/2026\\\/09\\\/04\\\/semana-marca-aproximacao-institucional-com-as-empresas-mota-engel-e-enel\\\/#primaryimage\"},\"thumbnailUrl\":\"https:\\\/\\\/www.institutodeengenharia.org.br\\\/site\\\/wp-content\\\/uploads\\\/2026\\\/09\\\/mota-engil.jpg\",\"datePublished\":\"2026-09-04T15:26:25+00:00\",\"dateModified\":\"2026-09-04T17:50:09+00:00\",\"breadcrumb\":{\"@id\":\"https:\\\/\\\/www.institutodeengenharia.org.br\\\/site\\\/2026\\\/09\\\/04\\\/semana-marca-aproximacao-institucional-com-as-empresas-mota-engel-e-enel\\\/#breadcrumb\"},\"inLanguage\":\"pt-BR\",\"potentialAction\":[{\"@type\":\"ReadAction\",\"target\":[\"https:\\\/\\\/www.institutodeengenharia.org.br\\\/site\\\/2026\\\/09\\\/04\\\/semana-marca-aproximacao-institucional-com-as-empresas-mota-engel-e-enel\\\/\"]}]},{\"@type\":\"ImageObject\",\"inLanguage\":\"pt-BR\",\"@id\":\"https:\\\/\\\/www.institutodeengenharia.org.br\\\/site\\\/2026\\\/09\\\/04\\\/semana-marca-aproximacao-institucional-com-as-empresas-mota-engel-e-enel\\\/#primaryimage\",\"url\":\"https:\\\/\\\/www.institutodeengenharia.org.br\\\/site\\\/wp-content\\\/uploads\\\/2026\\\/09\\\/mota-engil.jpg\",\"contentUrl\":\"https:\\\/\\\/www.institutodeengenharia.org.br\\\/site\\\/wp-content\\\/uploads\\\/2026\\\/09\\\/mota-engil.jpg\",\"width\":2016,\"height\":908,\"caption\":\"Visita de Ricardo Andrade, da Mota-Engil (ao centro, de \u00f3culos) \u00e0 sede do IE\"},{\"@type\":\"BreadcrumbList\",\"@id\":\"https:\\\/\\\/www.institutodeengenharia.org.br\\\/site\\\/2026\\\/09\\\/04\\\/semana-marca-aproximacao-institucional-com-as-empresas-mota-engel-e-enel\\\/#breadcrumb\",\"itemListElement\":[{\"@type\":\"ListItem\",\"position\":1,\"name\":\"In\u00edcio\",\"item\":\"https:\\\/\\\/www.institutodeengenharia.org.br\\\/site\\\/\"},{\"@type\":\"ListItem\",\"position\":2,\"name\":\"Semana marca aproxima\u00e7\u00e3o institucional com as empresas Mota-Engil e Enel\"}]},{\"@type\":\"WebSite\",\"@id\":\"https:\\\/\\\/www.institutodeengenharia.org.br\\\/site\\\/#website\",\"url\":\"https:\\\/\\\/www.institutodeengenharia.org.br\\\/site\\\/\",\"name\":\"Instituto de Engenharia\",\"description\":\"O Instituto de Engenharia promove a Engenharia em benef\u00edcio do desenvolvimento e da qualidade de vida da sociedade.\",\"publisher\":{\"@id\":\"https:\\\/\\\/www.institutodeengenharia.org.br\\\/site\\\/#organization\"},\"potentialAction\":[{\"@type\":\"SearchAction\",\"target\":{\"@type\":\"EntryPoint\",\"urlTemplate\":\"https:\\\/\\\/www.institutodeengenharia.org.br\\\/site\\\/?s={search_term_string}\"},\"query-input\":{\"@type\":\"PropertyValueSpecification\",\"valueRequired\":true,\"valueName\":\"search_term_string\"}}],\"inLanguage\":\"pt-BR\"},{\"@type\":\"Organization\",\"@id\":\"https:\\\/\\\/www.institutodeengenharia.org.br\\\/site\\\/#organization\",\"name\":\"Instituto de Engenharia\",\"url\":\"https:\\\/\\\/www.institutodeengenharia.org.br\\\/site\\\/\",\"logo\":{\"@type\":\"ImageObject\",\"inLanguage\":\"pt-BR\",\"@id\":\"https:\\\/\\\/www.institutodeengenharia.org.br\\\/site\\\/#\\\/schema\\\/logo\\\/image\\\/\",\"url\":\"https:\\\/\\\/www.institutodeengenharia.org.br\\\/site\\\/wp-content\\\/uploads\\\/2019\\\/03\\\/logo-novo-IE2018-1.jpg\",\"contentUrl\":\"https:\\\/\\\/www.institutodeengenharia.org.br\\\/site\\\/wp-content\\\/uploads\\\/2019\\\/03\\\/logo-novo-IE2018-1.jpg\",\"width\":1486,\"height\":1879,\"caption\":\"Instituto de Engenharia\"},\"image\":{\"@id\":\"https:\\\/\\\/www.institutodeengenharia.org.br\\\/site\\\/#\\\/schema\\\/logo\\\/image\\\/\"},\"sameAs\":[\"https:\\\/\\\/www.facebook.com\\\/institutodeengenharia\",\"https:\\\/\\\/x.com\\\/iengenharia\",\"https:\\\/\\\/www.instagram.com\\\/institutodeengenharia\\\/\",\"https:\\\/\\\/www.linkedin.com\\\/company\\\/instituto-de-engenharia\\\/\",\"https:\\\/\\\/www.youtube.com\\\/channel\\\/UCXiCAlsSMe977vamW915HxA\"]},{\"@type\":\"Person\",\"@id\":\"https:\\\/\\\/www.institutodeengenharia.org.br\\\/site\\\/#\\\/schema\\\/person\\\/593dc356630173a4877a635d3e5fd76b\",\"name\":\"Isabel\",\"image\":{\"@type\":\"ImageObject\",\"inLanguage\":\"pt-BR\",\"@id\":\"https:\\\/\\\/secure.gravatar.com\\\/avatar\\\/f3c521db63ec9db17894f10a88c6a3cf95b2281d7f80eeb3cf3ef1cb091576e7?s=96&d=mm&r=g\",\"url\":\"https:\\\/\\\/secure.gravatar.com\\\/avatar\\\/f3c521db63ec9db17894f10a88c6a3cf95b2281d7f80eeb3cf3ef1cb091576e7?s=96&d=mm&r=g\",\"contentUrl\":\"https:\\\/\\\/secure.gravatar.com\\\/avatar\\\/f3c521db63ec9db17894f10a88c6a3cf95b2281d7f80eeb3cf3ef1cb091576e7?s=96&d=mm&r=g\",\"caption\":\"Isabel\"},\"url\":\"https:\\\/\\\/www.institutodeengenharia.org.br\\\/site\\\/author\\\/comunicacao2\\\/\"}]}<\/script>\n<!-- \/ Yoast SEO plugin. -->","yoast_head_json":{"title":"Semana marca aproxima\u00e7\u00e3o institucional com as empresas Mota-Engil e Enel - Instituto de Engenharia","robots":{"index":"index","follow":"follow","max-snippet":"max-snippet:-1","max-image-preview":"max-image-preview:large","max-video-preview":"max-video-preview:-1"},"canonical":"https:\/\/www.institutodeengenharia.org.br\/site\/2026\/09\/04\/semana-marca-aproximacao-institucional-com-as-empresas-mota-engel-e-enel\/","og_locale":"pt_BR","og_type":"article","og_title":"Semana marca aproxima\u00e7\u00e3o institucional com as empresas Mota-Engil e Enel - Instituto de Engenharia","og_description":"O presidente do Instituto de Engenharia, Jos\u00e9 Eduardo Jardim, acompanhado de diretores, conselheiros e convidados, recebeu, no \u00faltimo dia 2, Ricardo Andrade, diretor t\u00e9cnico da Mota-Engil. O encontro teve como objetivo promover a aproxima\u00e7\u00e3o institucional e ampliar o di\u00e1logo sobre temas de interesse comum, fortalecendo a troca de experi\u00eancias e a constru\u00e7\u00e3o de futuras parcerias. [&hellip;]","og_url":"https:\/\/www.institutodeengenharia.org.br\/site\/2026\/09\/04\/semana-marca-aproximacao-institucional-com-as-empresas-mota-engel-e-enel\/","og_site_name":"Instituto de Engenharia","article_publisher":"https:\/\/www.facebook.com\/institutodeengenharia","article_published_time":"2026-09-04T15:26:25+00:00","article_modified_time":"2026-09-04T17:50:09+00:00","og_image":[{"width":2016,"height":908,"url":"https:\/\/www.institutodeengenharia.org.br\/site\/wp-content\/uploads\/2026\/09\/mota-engil.jpg","type":"image\/jpeg"}],"author":"Isabel","twitter_card":"summary_large_image","twitter_creator":"@iengenharia","twitter_site":"@iengenharia","twitter_misc":{"Escrito por":"Isabel","Est. tempo de leitura":"2 minutos"},"schema":{"@context":"https:\/\/schema.org","@graph":[{"@type":"Article","@id":"https:\/\/www.institutodeengenharia.org.br\/site\/2026\/09\/04\/semana-marca-aproximacao-institucional-com-as-empresas-mota-engel-e-enel\/#article","isPartOf":{"@id":"https:\/\/www.institutodeengenharia.org.br\/site\/2026\/09\/04\/semana-marca-aproximacao-institucional-com-as-empresas-mota-engel-e-enel\/"},"author":{"name":"Isabel","@id":"https:\/\/www.institutodeengenharia.org.br\/site\/#\/schema\/person\/593dc356630173a4877a635d3e5fd76b"},"headline":"Semana marca aproxima\u00e7\u00e3o institucional com as empresas Mota-Engil e Enel","datePublished":"2026-09-04T15:26:25+00:00","dateModified":"2026-09-04T17:50:09+00:00","mainEntityOfPage":{"@id":"https:\/\/www.institutodeengenharia.org.br\/site\/2026\/09\/04\/semana-marca-aproximacao-institucional-com-as-empresas-mota-engel-e-enel\/"},"wordCount":181,"commentCount":0,"publisher":{"@id":"https:\/\/www.institutodeengenharia.org.br\/site\/#organization"},"image":{"@id":"https:\/\/www.institutodeengenharia.org.br\/site\/2026\/09\/04\/semana-marca-aproximacao-institucional-com-as-empresas-mota-engel-e-enel\/#primaryimage"},"thumbnailUrl":"https:\/\/www.institutodeengenharia.org.br\/site\/wp-content\/uploads\/2026\/09\/mota-engil.jpg","articleSection":["Energia","Infraestrutura","Instituto de Engenharia","Not\u00edcias"],"inLanguage":"pt-BR","potentialAction":[{"@type":"CommentAction","name":"Comment","target":["https:\/\/www.institutodeengenharia.org.br\/site\/2026\/09\/04\/semana-marca-aproximacao-institucional-com-as-empresas-mota-engel-e-enel\/#respond"]}]},{"@type":"WebPage","@id":"https:\/\/www.institutodeengenharia.org.br\/site\/2026\/09\/04\/semana-marca-aproximacao-institucional-com-as-empresas-mota-engel-e-enel\/","url":"https:\/\/www.institutodeengenharia.org.br\/site\/2026\/09\/04\/semana-marca-aproximacao-institucional-com-as-empresas-mota-engel-e-enel\/","name":"Semana marca aproxima\u00e7\u00e3o institucional com as empresas Mota-Engil e Enel - Instituto de Engenharia","isPartOf":{"@id":"https:\/\/www.institutodeengenharia.org.br\/site\/#website"},"primaryImageOfPage":{"@id":"https:\/\/www.institutodeengenharia.org.br\/site\/2026\/09\/04\/semana-marca-aproximacao-institucional-com-as-empresas-mota-engel-e-enel\/#primaryimage"},"image":{"@id":"https:\/\/www.institutodeengenharia.org.br\/site\/2026\/09\/04\/semana-marca-aproximacao-institucional-com-as-empresas-mota-engel-e-enel\/#primaryimage"},"thumbnailUrl":"https:\/\/www.institutodeengenharia.org.br\/site\/wp-content\/uploads\/2026\/09\/mota-engil.jpg","datePublished":"2026-09-04T15:26:25+00:00","dateModified":"2026-09-04T17:50:09+00:00","breadcrumb":{"@id":"https:\/\/www.institutodeengenharia.org.br\/site\/2026\/09\/04\/semana-marca-aproximacao-institucional-com-as-empresas-mota-engel-e-enel\/#breadcrumb"},"inLanguage":"pt-BR","potentialAction":[{"@type":"ReadAction","target":["https:\/\/www.institutodeengenharia.org.br\/site\/2026\/09\/04\/semana-marca-aproximacao-institucional-com-as-empresas-mota-engel-e-enel\/"]}]},{"@type":"ImageObject","inLanguage":"pt-BR","@id":"https:\/\/www.institutodeengenharia.org.br\/site\/2026\/09\/04\/semana-marca-aproximacao-institucional-com-as-empresas-mota-engel-e-enel\/#primaryimage","url":"https:\/\/www.institutodeengenharia.org.br\/site\/wp-content\/uploads\/2026\/09\/mota-engil.jpg","contentUrl":"https:\/\/www.institutodeengenharia.org.br\/site\/wp-content\/uploads\/2026\/09\/mota-engil.jpg","width":2016,"height":908,"caption":"Visita de Ricardo Andrade, da Mota-Engil (ao centro, de \u00f3culos) \u00e0 sede do IE"},{"@type":"BreadcrumbList","@id":"https:\/\/www.institutodeengenharia.org.br\/site\/2026\/09\/04\/semana-marca-aproximacao-institucional-com-as-empresas-mota-engel-e-enel\/#breadcrumb","itemListElement":[{"@type":"ListItem","position":1,"name":"In\u00edcio","item":"https:\/\/www.institutodeengenharia.org.br\/site\/"},{"@type":"ListItem","position":2,"name":"Semana marca aproxima\u00e7\u00e3o institucional com as empresas Mota-Engil e Enel"}]},{"@type":"WebSite","@id":"https:\/\/www.institutodeengenharia.org.br\/site\/#website","url":"https:\/\/www.institutodeengenharia.org.br\/site\/","name":"Instituto de Engenharia","description":"O Instituto de Engenharia promove a Engenharia em benef\u00edcio do desenvolvimento e da qualidade de vida da sociedade.","publisher":{"@id":"https:\/\/www.institutodeengenharia.org.br\/site\/#organization"},"potentialAction":[{"@type":"SearchAction","target":{"@type":"EntryPoint","urlTemplate":"https:\/\/www.institutodeengenharia.org.br\/site\/?s={search_term_string}"},"query-input":{"@type":"PropertyValueSpecification","valueRequired":true,"valueName":"search_term_string"}}],"inLanguage":"pt-BR"},{"@type":"Organization","@id":"https:\/\/www.institutodeengenharia.org.br\/site\/#organization","name":"Instituto de Engenharia","url":"https:\/\/www.institutodeengenharia.org.br\/site\/","logo":{"@type":"ImageObject","inLanguage":"pt-BR","@id":"https:\/\/www.institutodeengenharia.org.br\/site\/#\/schema\/logo\/image\/","url":"https:\/\/www.institutodeengenharia.org.br\/site\/wp-content\/uploads\/2019\/03\/logo-novo-IE2018-1.jpg","contentUrl":"https:\/\/www.institutodeengenharia.org.br\/site\/wp-content\/uploads\/2019\/03\/logo-novo-IE2018-1.jpg","width":1486,"height":1879,"caption":"Instituto de Engenharia"},"image":{"@id":"https:\/\/www.institutodeengenharia.org.br\/site\/#\/schema\/logo\/image\/"},"sameAs":["https:\/\/www.facebook.com\/institutodeengenharia","https:\/\/x.com\/iengenharia","https:\/\/www.instagram.com\/institutodeengenharia\/","https:\/\/www.linkedin.com\/company\/instituto-de-engenharia\/","https:\/\/www.youtube.com\/channel\/UCXiCAlsSMe977vamW915HxA"]},{"@type":"Person","@id":"https:\/\/www.institutodeengenharia.org.br\/site\/#\/schema\/person\/593dc356630173a4877a635d3e5fd76b","name":"Isabel","image":{"@type":"ImageObject","inLanguage":"pt-BR","@id":"https:\/\/secure.gravatar.com\/avatar\/f3c521db63ec9db17894f10a88c6a3cf95b2281d7f80eeb3cf3ef1cb091576e7?s=96&d=mm&r=g","url":"https:\/\/secure.gravatar.com\/avatar\/f3c521db63ec9db17894f10a88c6a3cf95b2281d7f80eeb3cf3ef1cb091576e7?s=96&d=mm&r=g","contentUrl":"https:\/\/secure.gravatar.com\/avatar\/f3c521db63ec9db17894f10a88c6a3cf95b2281d7f80eeb3cf3ef1cb091576e7?s=96&d=mm&r=g","caption":"Isabel"},"url":"https:\/\/www.institutodeengenharia.org.br\/site\/author\/comunicacao2\/"}]}},"_links":{"self":[{"href":"https:\/\/www.institutodeengenharia.org.br\/site\/wp-json\/wp\/v2\/posts\/156319","targetHints":{"allow":["GET"]}}],"collection":[{"href":"https:\/\/www.institutodeengenharia.org.br\/site\/wp-json\/wp\/v2\/posts"}],"about":[{"href":"https:\/\/www.institutodeengenharia.org.br\/site\/wp-json\/wp\/v2\/types\/post"}],"author":[{"embeddable":true,"href":"https:\/\/www.institutodeengenharia.org.br\/site\/wp-json\/wp\/v2\/users\/14"}],"replies":[{"embeddable":true,"href":"https:\/\/www.institutodeengenharia.org.br\/site\/wp-json\/wp\/v2\/comments?post=156319"}],"version-history":[{"count":2,"href":"https:\/\/www.institutodeengenharia.org.br\/site\/wp-json\/wp\/v2\/posts\/156319\/revisions"}],"predecessor-version":[{"id":156325,"href":"https:\/\/www.institutodeengenharia.org.br\/site\/wp-json\/wp\/v2\/posts\/156319\/revisions\/156325"}],"wp:featuredmedia":[{"embeddable":true,"href":"https:\/\/www.institutodeengenharia.org.br\/site\/wp-json\/wp\/v2\/media\/156322"}],"wp:attachment":[{"href":"https:\/\/www.institutodeengenharia.org.br\/site\/wp-json\/wp\/v2\/media?parent=156319"}],"wp:term":[{"taxonomy":"category","embeddable":true,"href":"https:\/\/www.institutodeengenharia.org.br\/site\/wp-json\/wp\/v2\/categories?post=156319"},{"taxonomy":"post_tag","embeddable":true,"href":"https:\/\/www.institutodeengenharia.org.br\/site\/wp-json\/wp\/v2\/tags?post=156319"}],"curies":[{"name":"wp","href":"https:\/\/api.w.org\/{rel}","templated":true}]}}