{"id":156260,"date":"2026-09-01T11:31:06","date_gmt":"2026-09-01T14:31:06","guid":{"rendered":"https:\/\/www.institutodeengenharia.org.br\/site\/?p=156260"},"modified":"2026-09-01T13:32:01","modified_gmt":"2026-09-01T16:32:01","slug":"instituto-de-engenharia-e-homenageado-nos-70-anos-do-ipen","status":"publish","type":"post","link":"https:\/\/www.institutodeengenharia.org.br\/site\/2026\/09\/01\/instituto-de-engenharia-e-homenageado-nos-70-anos-do-ipen\/","title":{"rendered":"Instituto de Engenharia \u00e9 homenageado nos 70 anos do Ipen"},"content":{"rendered":"<p>Nesta segunda, 31 de agosto, o Instituto de Pesquisas Energ\u00e9ticas e Nucleares (Ipen) celebrou 70 anos de atua\u00e7\u00e3o em uma cerim\u00f4nia que reuniu autoridades, pesquisadores e parceiros. O evento foi marcado por homenagens a institui\u00e7\u00f5es que, ao longo das d\u00e9cadas, t\u00eam contribu\u00eddo para o desenvolvimento cient\u00edfico e tecnol\u00f3gico do Brasil.<\/p>\n<p>O Instituto de Engenharia, que tamb\u00e9m celebra um marco hist\u00f3rico neste ano, com 110 anos de trajet\u00f3ria, esteve entre as institui\u00e7\u00f5es homenageadas. O presidente do Instituto, Jos\u00e9 Eduardo Jardim, recebeu da diretora e superintendente do Ipen, Isolda Costa, o diploma em reconhecimento \u00e0 parceria hist\u00f3rica e \u00e0s contribui\u00e7\u00f5es significativas do Instituto para o avan\u00e7o cient\u00edfico, tecnol\u00f3gico e acad\u00eamico do Pa\u00eds.<\/p>\n<p>&nbsp;<\/p>\n<figure id=\"attachment_156264\" aria-describedby=\"caption-attachment-156264\" style=\"width: 390px\" class=\"wp-caption aligncenter\"><img loading=\"lazy\" decoding=\"async\" class=\"wp-image-156264\" src=\"https:\/\/www.institutodeengenharia.org.br\/site\/wp-content\/uploads\/2026\/09\/ipen-70-anos-1-768x1024.jpg\" alt=\"\" width=\"390\" height=\"520\" srcset=\"https:\/\/www.institutodeengenharia.org.br\/site\/wp-content\/uploads\/2026\/09\/ipen-70-anos-1-768x1024.jpg 768w, https:\/\/www.institutodeengenharia.org.br\/site\/wp-content\/uploads\/2026\/09\/ipen-70-anos-1-225x300.jpg 225w, https:\/\/www.institutodeengenharia.org.br\/site\/wp-content\/uploads\/2026\/09\/ipen-70-anos-1-1152x1536.jpg 1152w, https:\/\/www.institutodeengenharia.org.br\/site\/wp-content\/uploads\/2026\/09\/ipen-70-anos-1-315x420.jpg 315w, https:\/\/www.institutodeengenharia.org.br\/site\/wp-content\/uploads\/2026\/09\/ipen-70-anos-1-696x928.jpg 696w, https:\/\/www.institutodeengenharia.org.br\/site\/wp-content\/uploads\/2026\/09\/ipen-70-anos-1-1068x1424.jpg 1068w, https:\/\/www.institutodeengenharia.org.br\/site\/wp-content\/uploads\/2026\/09\/ipen-70-anos-1-600x800.jpg 600w, https:\/\/www.institutodeengenharia.org.br\/site\/wp-content\/uploads\/2026\/09\/ipen-70-anos-1.jpg 1200w\" sizes=\"auto, (max-width: 390px) 100vw, 390px\" \/><figcaption id=\"caption-attachment-156264\" class=\"wp-caption-text\">Da esq. p\/ dir.: Jos\u00e9 Eduardo Jardim, presidente do IE, Miriana Marques, VP de Adm. e Finan\u00e7as IE, Isoleda Costa, diretora e superintendente do Ipen, e Lawrence Koo, VP de Assuntos Internos IE<\/figcaption><\/figure>\n<p>Os vice-presidentes do Instituto de Engenharia, Miriana Marques e Lawrence Koo, tamb\u00e9m prestigiaram a celebra\u00e7\u00e3o, que refor\u00e7ou a import\u00e2ncia da coopera\u00e7\u00e3o entre institui\u00e7\u00f5es e o compromisso conjunto com o desenvolvimento e o crescimento da Na\u00e7\u00e3o.<\/p>\n<p>A programa\u00e7\u00e3o comemorativa incluiu ainda homenagens a ex-pesquisadores em\u00e9ritos, a outorga do t\u00edtulo de Pesquisador Em\u00e9rito de 2026 e o an\u00fancio do vencedor do X Pr\u00eamio de Inova\u00e7\u00e3o Tecnol\u00f3gica do Ipen, al\u00e9m do \u00a0lan\u00e7amento de um livro comemorativo, que re\u00fane a trajet\u00f3ria do Instituto ao longo de suas sete d\u00e9cadas de atua\u00e7\u00e3o.<\/p>\n<p><img loading=\"lazy\" decoding=\"async\" class=\"wp-image-156269  aligncenter\" src=\"https:\/\/www.institutodeengenharia.org.br\/site\/wp-content\/uploads\/2026\/09\/Cerificado-Ipen-1024x751.jpg\" alt=\"\" width=\"736\" height=\"539\" srcset=\"https:\/\/www.institutodeengenharia.org.br\/site\/wp-content\/uploads\/2026\/09\/Cerificado-Ipen-1024x751.jpg 1024w, https:\/\/www.institutodeengenharia.org.br\/site\/wp-content\/uploads\/2026\/09\/Cerificado-Ipen-300x220.jpg 300w, https:\/\/www.institutodeengenharia.org.br\/site\/wp-content\/uploads\/2026\/09\/Cerificado-Ipen-768x563.jpg 768w, https:\/\/www.institutodeengenharia.org.br\/site\/wp-content\/uploads\/2026\/09\/Cerificado-Ipen-1536x1126.jpg 1536w, https:\/\/www.institutodeengenharia.org.br\/site\/wp-content\/uploads\/2026\/09\/Cerificado-Ipen-2048x1502.jpg 2048w, https:\/\/www.institutodeengenharia.org.br\/site\/wp-content\/uploads\/2026\/09\/Cerificado-Ipen-573x420.jpg 573w, https:\/\/www.institutodeengenharia.org.br\/site\/wp-content\/uploads\/2026\/09\/Cerificado-Ipen-80x60.jpg 80w, https:\/\/www.institutodeengenharia.org.br\/site\/wp-content\/uploads\/2026\/09\/Cerificado-Ipen-696x510.jpg 696w, https:\/\/www.institutodeengenharia.org.br\/site\/wp-content\/uploads\/2026\/09\/Cerificado-Ipen-1068x783.jpg 1068w, https:\/\/www.institutodeengenharia.org.br\/site\/wp-content\/uploads\/2026\/09\/Cerificado-Ipen-1920x1408.jpg 1920w, https:\/\/www.institutodeengenharia.org.br\/site\/wp-content\/uploads\/2026\/09\/Cerificado-Ipen-600x440.jpg 600w\" sizes=\"auto, (max-width: 736px) 100vw, 736px\" \/><\/p>\n<p><strong>A seguir, a \u00edntegra do discurso da diretora e superintendente do Ipen, Isolda Costa.<\/strong><\/p>\n<p><em>&#8220;Boa tarde, senhoras e senhores! Sejam todos muito bem-vindos.<\/em><br \/>\n<em>\u00c9 com grande satisfa\u00e7\u00e3o que, neste momento em que celebramos os 70 anos do IPEN, apresentamos uma vis\u00e3o que \u00e9, ao mesmo tempo, uma homenagem \u00e0 nossa hist\u00f3ria e um compromisso com o futuro: o IPEN do Futuro.<\/em><br \/>\n<em>Ao longo de sete d\u00e9cadas, o IPEN construiu uma trajet\u00f3ria de excel\u00eancia cient\u00edfica, tecnol\u00f3gica e de inova\u00e7\u00e3o, contribuindo para \u00e1reas estrat\u00e9gicas do Brasil, como sa\u00fade, energia, meio ambiente, ind\u00fastria e forma\u00e7\u00e3o de recursos humanos.<\/em><br \/>\n<em>Celebrar 70 anos, portanto, n\u00e3o significa apenas olhar para o que j\u00e1 constru\u00edmos. Significa preservar o conhecimento acumulado, formar novas gera\u00e7\u00f5es e, sobretudo, transformar essa experi\u00eancia em solu\u00e7\u00f5es para os desafios do futuro.<\/em><br \/>\n<em>Significa tamb\u00e9m perguntar: qual IPEN queremos construir para os pr\u00f3ximos 70 anos?<\/em><br \/>\n<em>\u00c9 com essa perspectiva que estamos lan\u00e7ando quatro novos N\u00facleos Tem\u00e1ticos de Desenvolvimento, que representam diferentes dimens\u00f5es dessa vis\u00e3o de futuro. S\u00e3o iniciativas baseadas em ci\u00eancia de fronteira, inova\u00e7\u00e3o tecnol\u00f3gica, integra\u00e7\u00e3o de compet\u00eancias e capacidade de transformar conhecimento em solu\u00e7\u00f5es para desafios estrat\u00e9gicos do Pa\u00eds.<\/em><br \/>\n<em>1. N\u00facleo de Inova\u00e7\u00e3o em Radiof\u00e1rmacos<\/em><br \/>\n<em>O primeiro N\u00facleo \u00e9 dedicado \u00e0 Sa\u00fade: o N\u00facleo de Inova\u00e7\u00e3o em Radiof\u00e1rmacos.<\/em><br \/>\n<em>A escolha desse tema \u00e9 profundamente simb\u00f3lica. A hist\u00f3ria do IPEN est\u00e1 diretamente ligada \u00e0 medicina nuclear. Ao longo de d\u00e9cadas, constru\u00edmos compet\u00eancias, infraestrutura e conhecimento que contribu\u00edram para o desenvolvimento de radiois\u00f3topos e radiof\u00e1rmacos no Brasil.<\/em><br \/>\n<em>Hoje, por\u00e9m, estamos diante de uma nova revolu\u00e7\u00e3o.<\/em><br \/>\n<em>A medicina nuclear caminha para tratamentos cada vez mais precisos, personalizados e direcionados. Os radiof\u00e1rmacos teran\u00f3sticos permitem integrar diagn\u00f3stico e terapia, identificando alvos espec\u00edficos da doen\u00e7a e direcionando o tratamento de maneira mais eficaz. Entre essas novas possibilidades est\u00e3o as terapias com emissores alfa, que abrem perspectivas para c\u00e2nceres que ainda possuem poucas alternativas terap\u00eauticas.<\/em><br \/>\n<em>\u00c9 nesse cen\u00e1rio que nasce o N\u00facleo.<\/em><br \/>\n<em>Sua miss\u00e3o \u00e9 desenvolver uma nova gera\u00e7\u00e3o de radiof\u00e1rmacos, integrando desde a identifica\u00e7\u00e3o de novos alvos moleculares e o desenvolvimento de mol\u00e9culas e processos de marca\u00e7\u00e3o at\u00e9 a caracteriza\u00e7\u00e3o, os estudos pr\u00e9-cl\u00ednicos e, progressivamente, o apoio \u00e0 pesquisa cl\u00ednica.<\/em><br \/>\n<em>Mas queremos ir al\u00e9m da produ\u00e7\u00e3o de conhecimento. Queremos transformar ci\u00eancia em novas possibilidades de diagn\u00f3stico e tratamento.<\/em><br \/>\n<em>Desenvolver radiof\u00e1rmacos no Brasil significa ampliar nossa autonomia tecnol\u00f3gica, reduzir vulnerabilidades externas, fortalecer o Complexo Econ\u00f4mico-Industrial da Sa\u00fade e criar condi\u00e7\u00f5es para que novas tecnologias cheguem de forma sustent\u00e1vel ao SUS.<\/em><br \/>\n<em>Para isso, integraremos compet\u00eancias em qu\u00edmica, radioqu\u00edmica, biologia, farmacologia, medicina nuclear, f\u00edsica, engenharia, nanotecnologia e ci\u00eancia de dados.<\/em><br \/>\n<em>O IPEN possui uma base excepcional para liderar esse movimento: tradi\u00e7\u00e3o, infraestrutura, pesquisadores qualificados e capacidade de intera\u00e7\u00e3o com universidades, hospitais, centros de pesquisa e empresas.<\/em><br \/>\n<em>Este \u00e9 o IPEN do Futuro: ci\u00eancia que se transforma em inova\u00e7\u00e3o, inova\u00e7\u00e3o que se transforma em sa\u00fade e sa\u00fade que se transforma em qualidade de vida.<\/em><br \/>\n<em>2. N\u00facleo Tem\u00e1tico de Terras Raras<\/em><br \/>\n<em>O segundo N\u00facleo \u00e9 o N\u00facleo Tem\u00e1tico de Terras Raras.<\/em><br \/>\n<em>Ele nasce de uma convic\u00e7\u00e3o: possuir recursos minerais n\u00e3o \u00e9 suficiente. \u00c9 preciso dominar a tecnologia capaz de transform\u00e1-los em conhecimento, produtos e riqueza.<\/em><br \/>\n<em>As terras raras est\u00e3o presentes em tecnologias fundamentais para o mundo contempor\u00e2neo, como \u00edm\u00e3s de alto desempenho, eletr\u00f4nica, equipamentos m\u00e9dicos, sistemas de defesa e energias renov\u00e1veis. Por isso, falar em terras raras \u00e9 falar de competitividade, autonomia e soberania tecnol\u00f3gica.<\/em><br \/>\n<em>O Brasil possui importantes reservas. O desafio est\u00e1 em separar, purificar, caracterizar e transformar esses elementos em materiais e produtos de alto valor agregado.<\/em><br \/>\n<em>\u00c9 exatamente nesse ponto que o IPEN pode fazer a diferen\u00e7a.<\/em><br \/>\n<em>O Instituto possui compet\u00eancias hist\u00f3ricas em qu\u00edmica, processamento, separa\u00e7\u00e3o e caracteriza\u00e7\u00e3o de materiais. O novo N\u00facleo ir\u00e1 recuperar, integrar e ampliar esse patrim\u00f4nio cient\u00edfico, atuando em toda a cadeia tecnol\u00f3gica: processamento, separa\u00e7\u00e3o e purifica\u00e7\u00e3o, caracteriza\u00e7\u00e3o, desenvolvimento de processos e equipamentos e, no futuro, transfer\u00eancia de tecnologias para o setor produtivo.<\/em><br \/>\n<em>Queremos preservar conhecimentos constru\u00eddos ao longo de d\u00e9cadas, atualiz\u00e1-los e conect\u00e1-los \u00e0s tecnologias mais modernas, ampliando tamb\u00e9m a intera\u00e7\u00e3o com universidades, centros de pesquisa e empresas.<\/em><br \/>\n<em>Porque o Brasil n\u00e3o pode se limitar a exportar recursos minerais e importar tecnologia.<\/em><br \/>\n<em>Precisamos transformar nossas riquezas naturais em conhecimento, inova\u00e7\u00e3o, materiais avan\u00e7ados e novas cadeias produtivas.<\/em><br \/>\n<em>Esse \u00e9 o compromisso do N\u00facleo de Terras Raras: contribuir para que o Brasil avance da condi\u00e7\u00e3o de fornecedor de recursos para a de desenvolvedor de tecnologias e produtos de alto valor agregado.<\/em><br \/>\n<em>3. N\u00facleo de Meio Ambiente e Clima<\/em><br \/>\n<em>O terceiro N\u00facleo \u00e9 dedicado a um dos maiores desafios do nosso tempo: Meio Ambiente e Clima.<\/em><br \/>\n<em>A quest\u00e3o \u00e9 essencial para o futuro do Brasil: como produzir mais, preservar nossos recursos naturais e, ao mesmo tempo, reduzir as emiss\u00f5es de carbono?<\/em><br \/>\n<em>O Brasil j\u00e1 demonstrou que a ci\u00eancia pode transformar sua agricultura. Agora come\u00e7a um novo ciclo.<\/em><br \/>\n<em>Precisamos produzir mais sem ampliar o desmatamento, recuperar \u00e1reas degradadas, reduzir a depend\u00eancia de insumos importados e descarbonizar nossas cadeias produtivas.<\/em><br \/>\n<em>\u00c9 nesse contexto que o IPEN coloca suas compet\u00eancias a servi\u00e7o de uma agricultura mais regenerativa, produtiva e de baixo carbono.<\/em><br \/>\n<em>Uma das frentes ser\u00e1 transformar res\u00edduos agr\u00edcolas e florestais em recursos de alto valor. Em vez de tratar res\u00edduos como problema, podemos transform\u00e1-los em oportunidade: armazenar carbono, melhorar os solos, aumentar a efici\u00eancia no uso de \u00e1gua e nutrientes e gerar novos produtos para a agricultura.<\/em><br \/>\n<em>Outra frente ser\u00e1 o desenvolvimento de tecnologias nacionais para a produ\u00e7\u00e3o de am\u00f4nia verde, contribuindo para insumos agr\u00edcolas de menor intensidade de carbono.<\/em><br \/>\n<em>Mas o grande diferencial est\u00e1 na integra\u00e7\u00e3o.<\/em><br \/>\n<em>Queremos conectar agricultura regenerativa, aproveitamento de res\u00edduos, energia renov\u00e1vel, fertilizantes de menor carbono e rastreabilidade, acompanhando a redu\u00e7\u00e3o das emiss\u00f5es ao longo de toda a cadeia produtiva.<\/em><br \/>\n<em>Isso significa transformar sustentabilidade em tecnologia, competitividade e valor econ\u00f4mico, beneficiando tamb\u00e9m o produtor rural.<\/em><br \/>\n<em>O IPEN contribuir\u00e1 com aquilo que sabe fazer melhor: ci\u00eancia, tecnologia, desenvolvimento de processos, caracteriza\u00e7\u00e3o de materiais e valida\u00e7\u00e3o cient\u00edfica.<\/em><br \/>\n<em>O desafio \u00e9 produzir em grande escala, regenerar nossos solos e descarbonizar nossas cadeias produtivas.<\/em><br \/>\n<em>Esse \u00e9 o compromisso do IPEN: transformar ci\u00eancia em inova\u00e7\u00e3o, inova\u00e7\u00e3o em desenvolvimento e desenvolvimento em um futuro mais sustent\u00e1vel para o Brasil.<\/em><br \/>\n<em>4. N\u00facleo de Transi\u00e7\u00e3o Energ\u00e9tica<\/em><br \/>\n<em>O quarto N\u00facleo \u00e9 dedicado a um dos maiores desafios estrat\u00e9gicos do s\u00e9culo XXI: a Transi\u00e7\u00e3o Energ\u00e9tica.<\/em><br \/>\n<em>O mundo est\u00e1 mudando sua matriz energ\u00e9tica. Precisamos reduzir emiss\u00f5es, ampliar as fontes de baixo carbono, descarbonizar processos industriais e, ao mesmo tempo, garantir seguran\u00e7a energ\u00e9tica e desenvolvimento econ\u00f4mico.<\/em><br \/>\n<em>Para o Brasil, esse desafio representa tamb\u00e9m uma enorme oportunidade.<\/em><br \/>\n<em>Nosso Pa\u00eds possui uma matriz energ\u00e9tica singular, grande potencial de fontes renov\u00e1veis e importante capacidade cient\u00edfica e tecnol\u00f3gica.<\/em><br \/>\n<em>Mas a transi\u00e7\u00e3o energ\u00e9tica exigir\u00e1 muito mais do que novas fontes de energia. Exigir\u00e1 novas tecnologias, materiais, processos e formas de integrar diferentes fontes e sistemas energ\u00e9ticos.<\/em><br \/>\n<em>\u00c9 nesse espa\u00e7o que o IPEN deve contribuir.<\/em><br \/>\n<em>Entre as frentes de destaque est\u00e1 o desenvolvimento de tecnologias nacionais para a produ\u00e7\u00e3o de hidrog\u00eanio verde e eletrolisadores, buscando maior efici\u00eancia, redu\u00e7\u00e3o de custos e solu\u00e7\u00f5es adaptadas \u00e0s condi\u00e7\u00f5es brasileiras.<\/em><br \/>\n<em>Mas a transi\u00e7\u00e3o energ\u00e9tica vai muito al\u00e9m de uma \u00fanica tecnologia.<\/em><br \/>\n<em>O novo N\u00facleo pretende conectar diferentes compet\u00eancias e tecnologias \u2014 energia, sistemas eletroqu\u00edmicos, biocombust\u00edveis, hidrog\u00eanio e solu\u00e7\u00f5es de baixo carbono \u2014 olhando para o sistema energ\u00e9tico de forma integrada: produ\u00e7\u00e3o, armazenamento e convers\u00e3o de energia, novos combust\u00edveis, insumos descarbonizados, valoriza\u00e7\u00e3o de res\u00edduos, materiais avan\u00e7ados e sua conex\u00e3o com a ind\u00fastria.<\/em><br \/>\n<em>Essa capacidade de reunir diferentes \u00e1reas do conhecimento \u00e9 uma das grandes for\u00e7as do IPEN.<\/em><br \/>\n<em>Queremos que nossas tecnologias ultrapassem os limites do laborat\u00f3rio e cheguem ao setor produtivo, gerando novas cadeias industriais, formando recursos humanos e criando produtos e processos de maior valor agregado.<\/em><br \/>\n<em>E h\u00e1 uma dimens\u00e3o ainda maior: a transi\u00e7\u00e3o energ\u00e9tica \u00e9 tamb\u00e9m uma quest\u00e3o de soberania.<\/em><br \/>\n<em>Dominar tecnologias estrat\u00e9gicas significa reduzir depend\u00eancias externas, fortalecer a competitividade da ind\u00fastria brasileira e permitir que o Pa\u00eds deixe de ser apenas consumidor para se tornar desenvolvedor de solu\u00e7\u00f5es para a economia de baixo carbono.<\/em><br \/>\n<em>O Brasil tem recursos naturais, mercado, pesquisadores e uma enorme capacidade de inova\u00e7\u00e3o.<\/em><br \/>\n<em>O que precisamos \u00e9 conectar esses ativos e transform\u00e1-los em solu\u00e7\u00f5es.<\/em><br \/>\n<em>Essa \u00e9 a miss\u00e3o deste N\u00facleo.<\/em><br \/>\n<em>E, na verdade, essa \u00e9 a ess\u00eancia dos quatro N\u00facleos que hoje apresentamos.<\/em><br \/>\n<em>Na sa\u00fade, transformar ci\u00eancia em novos diagn\u00f3sticos e tratamentos.<\/em><br \/>\n<em>Nas terras raras, transformar recursos naturais em materiais, tecnologias e produtos de maior valor agregado.<\/em><br \/>\n<em>No meio ambiente e clima, transformar sustentabilidade em produtividade e competitividade.<\/em><br \/>\n<em>E, na transi\u00e7\u00e3o energ\u00e9tica, transformar nossas compet\u00eancias em tecnologias para uma economia de baixo carbono.<\/em><br \/>\n<em>Quatro N\u00facleos. Quatro grandes desafios. Uma mesma vis\u00e3o de futuro.<\/em><br \/>\n<em>Uma vis\u00e3o baseada na integra\u00e7\u00e3o: entre diferentes \u00e1reas do conhecimento, entre pesquisa e inova\u00e7\u00e3o, entre institui\u00e7\u00f5es cient\u00edficas e empresas, e entre o IPEN, o Brasil e nossos parceiros nacionais internacionais.<\/em><br \/>\n<em>Ao completar 70 anos, o IPEN olha para frente sem esquecer de onde veio.<\/em><br \/>\n<em>O passado nos legou conhecimento.<\/em><br \/>\n<em>O presente nos desafia a inovar.<\/em><br \/>\n<em>E o futuro nos convoca a transformar conhecimento em desenvolvimento.<\/em><br \/>\n<em>Esse \u00e9 o IPEN do Futuro.<\/em><br \/>\n<em>Muito obrigada e vida longa ao IPEN!&#8221;<\/em><\/p>\n<p><strong>Sobre o Ipen<\/strong><\/p>\n<p>Fundado em 1956, o Ipen se consolidou como o principal polo de pesquisa nuclear no Brasil. Com atividades que abrangem diversas \u00e1reas da ci\u00eancia, o instituto exerce fun\u00e7\u00f5es multidisciplinares. Essa versatilidade permite aos especialistas conduzirem pesquisas aplicadas com forte valor estrat\u00e9gico em materiais avan\u00e7ados, lasers, nanotecnologia e biotecnologia.<\/p>\n<p>Localizado dentro da Cidade Universit\u00e1ria, o Ipen tem v\u00ednculos hist\u00f3ricos com a Universidade, inclusive na forma\u00e7\u00e3o de novos cientistas por meio do oferecimento de programas de p\u00f3s-gradua\u00e7\u00e3o.<\/p>\n<p>&nbsp;<\/p>\n<p>&nbsp;<\/p>\n","protected":false},"excerpt":{"rendered":"<p>Nesta segunda, 31 de agosto, o Instituto de Pesquisas Energ\u00e9ticas e Nucleares (Ipen) celebrou 70 anos de atua\u00e7\u00e3o em uma cerim\u00f4nia que reuniu autoridades, pesquisadores e parceiros. O evento foi marcado por homenagens a institui\u00e7\u00f5es que, ao longo das d\u00e9cadas, t\u00eam contribu\u00eddo para o desenvolvimento cient\u00edfico e tecnol\u00f3gico do Brasil. O Instituto de Engenharia, que [&hellip;]<\/p>\n","protected":false},"author":14,"featured_media":156263,"comment_status":"open","ping_status":"open","sticky":false,"template":"","format":"standard","meta":{"footnotes":""},"categories":[27,141,35],"tags":[],"class_list":{"0":"post-156260","1":"post","2":"type-post","3":"status-publish","4":"format-standard","5":"has-post-thumbnail","7":"category-instituto-de-engenharia","8":"category-noticias-menu","9":"category-pesquisa-e-desenvolvimento"},"yoast_head":"<!-- This site is optimized with the Yoast SEO plugin v28.3 - https:\/\/yoast.com\/product\/yoast-seo-wordpress\/ -->\n<title>Instituto de Engenharia \u00e9 homenageado nos 70 anos do Ipen - Instituto de Engenharia<\/title>\n<meta name=\"robots\" content=\"index, follow, max-snippet:-1, max-image-preview:large, max-video-preview:-1\" \/>\n<link rel=\"canonical\" href=\"https:\/\/www.institutodeengenharia.org.br\/site\/2026\/09\/01\/instituto-de-engenharia-e-homenageado-nos-70-anos-do-ipen\/\" \/>\n<meta property=\"og:locale\" content=\"pt_BR\" \/>\n<meta property=\"og:type\" content=\"article\" \/>\n<meta property=\"og:title\" content=\"Instituto de Engenharia \u00e9 homenageado nos 70 anos do Ipen - Instituto de Engenharia\" \/>\n<meta property=\"og:description\" content=\"Nesta segunda, 31 de agosto, o Instituto de Pesquisas Energ\u00e9ticas e Nucleares (Ipen) celebrou 70 anos de atua\u00e7\u00e3o em uma cerim\u00f4nia que reuniu autoridades, pesquisadores e parceiros. O evento foi marcado por homenagens a institui\u00e7\u00f5es que, ao longo das d\u00e9cadas, t\u00eam contribu\u00eddo para o desenvolvimento cient\u00edfico e tecnol\u00f3gico do Brasil. O Instituto de Engenharia, que [&hellip;]\" \/>\n<meta property=\"og:url\" content=\"https:\/\/www.institutodeengenharia.org.br\/site\/2026\/09\/01\/instituto-de-engenharia-e-homenageado-nos-70-anos-do-ipen\/\" \/>\n<meta property=\"og:site_name\" content=\"Instituto de Engenharia\" \/>\n<meta property=\"article:publisher\" content=\"https:\/\/www.facebook.com\/institutodeengenharia\" \/>\n<meta property=\"article:published_time\" content=\"2026-09-01T14:31:06+00:00\" \/>\n<meta property=\"article:modified_time\" content=\"2026-09-01T16:32:01+00:00\" \/>\n<meta property=\"og:image\" content=\"https:\/\/www.institutodeengenharia.org.br\/site\/wp-content\/uploads\/2026\/09\/ipen-70-anos-2.jpg\" \/>\n\t<meta property=\"og:image:width\" content=\"1200\" \/>\n\t<meta property=\"og:image:height\" content=\"1600\" \/>\n\t<meta property=\"og:image:type\" content=\"image\/jpeg\" \/>\n<meta name=\"author\" content=\"Isabel\" \/>\n<meta name=\"twitter:card\" content=\"summary_large_image\" \/>\n<meta name=\"twitter:creator\" content=\"@iengenharia\" \/>\n<meta name=\"twitter:site\" content=\"@iengenharia\" \/>\n<meta name=\"twitter:label1\" content=\"Escrito por\" \/>\n\t<meta name=\"twitter:data1\" content=\"Isabel\" \/>\n\t<meta name=\"twitter:label2\" content=\"Est. tempo de leitura\" \/>\n\t<meta name=\"twitter:data2\" content=\"11 minutos\" \/>\n<script type=\"application\/ld+json\" class=\"yoast-schema-graph\">{\"@context\":\"https:\\\/\\\/schema.org\",\"@graph\":[{\"@type\":\"Article\",\"@id\":\"https:\\\/\\\/www.institutodeengenharia.org.br\\\/site\\\/2026\\\/09\\\/01\\\/instituto-de-engenharia-e-homenageado-nos-70-anos-do-ipen\\\/#article\",\"isPartOf\":{\"@id\":\"https:\\\/\\\/www.institutodeengenharia.org.br\\\/site\\\/2026\\\/09\\\/01\\\/instituto-de-engenharia-e-homenageado-nos-70-anos-do-ipen\\\/\"},\"author\":{\"name\":\"Isabel\",\"@id\":\"https:\\\/\\\/www.institutodeengenharia.org.br\\\/site\\\/#\\\/schema\\\/person\\\/593dc356630173a4877a635d3e5fd76b\"},\"headline\":\"Instituto de Engenharia \u00e9 homenageado nos 70 anos do Ipen\",\"datePublished\":\"2026-09-01T14:31:06+00:00\",\"dateModified\":\"2026-09-01T16:32:01+00:00\",\"mainEntityOfPage\":{\"@id\":\"https:\\\/\\\/www.institutodeengenharia.org.br\\\/site\\\/2026\\\/09\\\/01\\\/instituto-de-engenharia-e-homenageado-nos-70-anos-do-ipen\\\/\"},\"wordCount\":2063,\"commentCount\":0,\"publisher\":{\"@id\":\"https:\\\/\\\/www.institutodeengenharia.org.br\\\/site\\\/#organization\"},\"image\":{\"@id\":\"https:\\\/\\\/www.institutodeengenharia.org.br\\\/site\\\/2026\\\/09\\\/01\\\/instituto-de-engenharia-e-homenageado-nos-70-anos-do-ipen\\\/#primaryimage\"},\"thumbnailUrl\":\"https:\\\/\\\/www.institutodeengenharia.org.br\\\/site\\\/wp-content\\\/uploads\\\/2026\\\/09\\\/ipen-70-anos-2.jpg\",\"articleSection\":[\"Instituto de Engenharia\",\"Not\u00edcias\",\"Pesquisa e Desenvolvimento\"],\"inLanguage\":\"pt-BR\",\"potentialAction\":[{\"@type\":\"CommentAction\",\"name\":\"Comment\",\"target\":[\"https:\\\/\\\/www.institutodeengenharia.org.br\\\/site\\\/2026\\\/09\\\/01\\\/instituto-de-engenharia-e-homenageado-nos-70-anos-do-ipen\\\/#respond\"]}]},{\"@type\":\"WebPage\",\"@id\":\"https:\\\/\\\/www.institutodeengenharia.org.br\\\/site\\\/2026\\\/09\\\/01\\\/instituto-de-engenharia-e-homenageado-nos-70-anos-do-ipen\\\/\",\"url\":\"https:\\\/\\\/www.institutodeengenharia.org.br\\\/site\\\/2026\\\/09\\\/01\\\/instituto-de-engenharia-e-homenageado-nos-70-anos-do-ipen\\\/\",\"name\":\"Instituto de Engenharia \u00e9 homenageado nos 70 anos do Ipen - Instituto de Engenharia\",\"isPartOf\":{\"@id\":\"https:\\\/\\\/www.institutodeengenharia.org.br\\\/site\\\/#website\"},\"primaryImageOfPage\":{\"@id\":\"https:\\\/\\\/www.institutodeengenharia.org.br\\\/site\\\/2026\\\/09\\\/01\\\/instituto-de-engenharia-e-homenageado-nos-70-anos-do-ipen\\\/#primaryimage\"},\"image\":{\"@id\":\"https:\\\/\\\/www.institutodeengenharia.org.br\\\/site\\\/2026\\\/09\\\/01\\\/instituto-de-engenharia-e-homenageado-nos-70-anos-do-ipen\\\/#primaryimage\"},\"thumbnailUrl\":\"https:\\\/\\\/www.institutodeengenharia.org.br\\\/site\\\/wp-content\\\/uploads\\\/2026\\\/09\\\/ipen-70-anos-2.jpg\",\"datePublished\":\"2026-09-01T14:31:06+00:00\",\"dateModified\":\"2026-09-01T16:32:01+00:00\",\"breadcrumb\":{\"@id\":\"https:\\\/\\\/www.institutodeengenharia.org.br\\\/site\\\/2026\\\/09\\\/01\\\/instituto-de-engenharia-e-homenageado-nos-70-anos-do-ipen\\\/#breadcrumb\"},\"inLanguage\":\"pt-BR\",\"potentialAction\":[{\"@type\":\"ReadAction\",\"target\":[\"https:\\\/\\\/www.institutodeengenharia.org.br\\\/site\\\/2026\\\/09\\\/01\\\/instituto-de-engenharia-e-homenageado-nos-70-anos-do-ipen\\\/\"]}]},{\"@type\":\"ImageObject\",\"inLanguage\":\"pt-BR\",\"@id\":\"https:\\\/\\\/www.institutodeengenharia.org.br\\\/site\\\/2026\\\/09\\\/01\\\/instituto-de-engenharia-e-homenageado-nos-70-anos-do-ipen\\\/#primaryimage\",\"url\":\"https:\\\/\\\/www.institutodeengenharia.org.br\\\/site\\\/wp-content\\\/uploads\\\/2026\\\/09\\\/ipen-70-anos-2.jpg\",\"contentUrl\":\"https:\\\/\\\/www.institutodeengenharia.org.br\\\/site\\\/wp-content\\\/uploads\\\/2026\\\/09\\\/ipen-70-anos-2.jpg\",\"width\":1200,\"height\":1600,\"caption\":\"O presidente do IE, Jos\u00e9 Eduardo Jardim, recebe de Isolda Cosra, a homenagem\"},{\"@type\":\"BreadcrumbList\",\"@id\":\"https:\\\/\\\/www.institutodeengenharia.org.br\\\/site\\\/2026\\\/09\\\/01\\\/instituto-de-engenharia-e-homenageado-nos-70-anos-do-ipen\\\/#breadcrumb\",\"itemListElement\":[{\"@type\":\"ListItem\",\"position\":1,\"name\":\"In\u00edcio\",\"item\":\"https:\\\/\\\/www.institutodeengenharia.org.br\\\/site\\\/\"},{\"@type\":\"ListItem\",\"position\":2,\"name\":\"Instituto de Engenharia \u00e9 homenageado nos 70 anos do Ipen\"}]},{\"@type\":\"WebSite\",\"@id\":\"https:\\\/\\\/www.institutodeengenharia.org.br\\\/site\\\/#website\",\"url\":\"https:\\\/\\\/www.institutodeengenharia.org.br\\\/site\\\/\",\"name\":\"Instituto de Engenharia\",\"description\":\"O Instituto de Engenharia promove a Engenharia em benef\u00edcio do desenvolvimento e da qualidade de vida da sociedade.\",\"publisher\":{\"@id\":\"https:\\\/\\\/www.institutodeengenharia.org.br\\\/site\\\/#organization\"},\"potentialAction\":[{\"@type\":\"SearchAction\",\"target\":{\"@type\":\"EntryPoint\",\"urlTemplate\":\"https:\\\/\\\/www.institutodeengenharia.org.br\\\/site\\\/?s={search_term_string}\"},\"query-input\":{\"@type\":\"PropertyValueSpecification\",\"valueRequired\":true,\"valueName\":\"search_term_string\"}}],\"inLanguage\":\"pt-BR\"},{\"@type\":\"Organization\",\"@id\":\"https:\\\/\\\/www.institutodeengenharia.org.br\\\/site\\\/#organization\",\"name\":\"Instituto de Engenharia\",\"url\":\"https:\\\/\\\/www.institutodeengenharia.org.br\\\/site\\\/\",\"logo\":{\"@type\":\"ImageObject\",\"inLanguage\":\"pt-BR\",\"@id\":\"https:\\\/\\\/www.institutodeengenharia.org.br\\\/site\\\/#\\\/schema\\\/logo\\\/image\\\/\",\"url\":\"https:\\\/\\\/www.institutodeengenharia.org.br\\\/site\\\/wp-content\\\/uploads\\\/2019\\\/03\\\/logo-novo-IE2018-1.jpg\",\"contentUrl\":\"https:\\\/\\\/www.institutodeengenharia.org.br\\\/site\\\/wp-content\\\/uploads\\\/2019\\\/03\\\/logo-novo-IE2018-1.jpg\",\"width\":1486,\"height\":1879,\"caption\":\"Instituto de Engenharia\"},\"image\":{\"@id\":\"https:\\\/\\\/www.institutodeengenharia.org.br\\\/site\\\/#\\\/schema\\\/logo\\\/image\\\/\"},\"sameAs\":[\"https:\\\/\\\/www.facebook.com\\\/institutodeengenharia\",\"https:\\\/\\\/x.com\\\/iengenharia\",\"https:\\\/\\\/www.instagram.com\\\/institutodeengenharia\\\/\",\"https:\\\/\\\/www.linkedin.com\\\/company\\\/instituto-de-engenharia\\\/\",\"https:\\\/\\\/www.youtube.com\\\/channel\\\/UCXiCAlsSMe977vamW915HxA\"]},{\"@type\":\"Person\",\"@id\":\"https:\\\/\\\/www.institutodeengenharia.org.br\\\/site\\\/#\\\/schema\\\/person\\\/593dc356630173a4877a635d3e5fd76b\",\"name\":\"Isabel\",\"image\":{\"@type\":\"ImageObject\",\"inLanguage\":\"pt-BR\",\"@id\":\"https:\\\/\\\/secure.gravatar.com\\\/avatar\\\/f3c521db63ec9db17894f10a88c6a3cf95b2281d7f80eeb3cf3ef1cb091576e7?s=96&d=mm&r=g\",\"url\":\"https:\\\/\\\/secure.gravatar.com\\\/avatar\\\/f3c521db63ec9db17894f10a88c6a3cf95b2281d7f80eeb3cf3ef1cb091576e7?s=96&d=mm&r=g\",\"contentUrl\":\"https:\\\/\\\/secure.gravatar.com\\\/avatar\\\/f3c521db63ec9db17894f10a88c6a3cf95b2281d7f80eeb3cf3ef1cb091576e7?s=96&d=mm&r=g\",\"caption\":\"Isabel\"},\"url\":\"https:\\\/\\\/www.institutodeengenharia.org.br\\\/site\\\/author\\\/comunicacao2\\\/\"}]}<\/script>\n<!-- \/ Yoast SEO plugin. -->","yoast_head_json":{"title":"Instituto de Engenharia \u00e9 homenageado nos 70 anos do Ipen - Instituto de Engenharia","robots":{"index":"index","follow":"follow","max-snippet":"max-snippet:-1","max-image-preview":"max-image-preview:large","max-video-preview":"max-video-preview:-1"},"canonical":"https:\/\/www.institutodeengenharia.org.br\/site\/2026\/09\/01\/instituto-de-engenharia-e-homenageado-nos-70-anos-do-ipen\/","og_locale":"pt_BR","og_type":"article","og_title":"Instituto de Engenharia \u00e9 homenageado nos 70 anos do Ipen - Instituto de Engenharia","og_description":"Nesta segunda, 31 de agosto, o Instituto de Pesquisas Energ\u00e9ticas e Nucleares (Ipen) celebrou 70 anos de atua\u00e7\u00e3o em uma cerim\u00f4nia que reuniu autoridades, pesquisadores e parceiros. O evento foi marcado por homenagens a institui\u00e7\u00f5es que, ao longo das d\u00e9cadas, t\u00eam contribu\u00eddo para o desenvolvimento cient\u00edfico e tecnol\u00f3gico do Brasil. O Instituto de Engenharia, que [&hellip;]","og_url":"https:\/\/www.institutodeengenharia.org.br\/site\/2026\/09\/01\/instituto-de-engenharia-e-homenageado-nos-70-anos-do-ipen\/","og_site_name":"Instituto de Engenharia","article_publisher":"https:\/\/www.facebook.com\/institutodeengenharia","article_published_time":"2026-09-01T14:31:06+00:00","article_modified_time":"2026-09-01T16:32:01+00:00","og_image":[{"width":1200,"height":1600,"url":"https:\/\/www.institutodeengenharia.org.br\/site\/wp-content\/uploads\/2026\/09\/ipen-70-anos-2.jpg","type":"image\/jpeg"}],"author":"Isabel","twitter_card":"summary_large_image","twitter_creator":"@iengenharia","twitter_site":"@iengenharia","twitter_misc":{"Escrito por":"Isabel","Est. tempo de leitura":"11 minutos"},"schema":{"@context":"https:\/\/schema.org","@graph":[{"@type":"Article","@id":"https:\/\/www.institutodeengenharia.org.br\/site\/2026\/09\/01\/instituto-de-engenharia-e-homenageado-nos-70-anos-do-ipen\/#article","isPartOf":{"@id":"https:\/\/www.institutodeengenharia.org.br\/site\/2026\/09\/01\/instituto-de-engenharia-e-homenageado-nos-70-anos-do-ipen\/"},"author":{"name":"Isabel","@id":"https:\/\/www.institutodeengenharia.org.br\/site\/#\/schema\/person\/593dc356630173a4877a635d3e5fd76b"},"headline":"Instituto de Engenharia \u00e9 homenageado nos 70 anos do Ipen","datePublished":"2026-09-01T14:31:06+00:00","dateModified":"2026-09-01T16:32:01+00:00","mainEntityOfPage":{"@id":"https:\/\/www.institutodeengenharia.org.br\/site\/2026\/09\/01\/instituto-de-engenharia-e-homenageado-nos-70-anos-do-ipen\/"},"wordCount":2063,"commentCount":0,"publisher":{"@id":"https:\/\/www.institutodeengenharia.org.br\/site\/#organization"},"image":{"@id":"https:\/\/www.institutodeengenharia.org.br\/site\/2026\/09\/01\/instituto-de-engenharia-e-homenageado-nos-70-anos-do-ipen\/#primaryimage"},"thumbnailUrl":"https:\/\/www.institutodeengenharia.org.br\/site\/wp-content\/uploads\/2026\/09\/ipen-70-anos-2.jpg","articleSection":["Instituto de Engenharia","Not\u00edcias","Pesquisa e Desenvolvimento"],"inLanguage":"pt-BR","potentialAction":[{"@type":"CommentAction","name":"Comment","target":["https:\/\/www.institutodeengenharia.org.br\/site\/2026\/09\/01\/instituto-de-engenharia-e-homenageado-nos-70-anos-do-ipen\/#respond"]}]},{"@type":"WebPage","@id":"https:\/\/www.institutodeengenharia.org.br\/site\/2026\/09\/01\/instituto-de-engenharia-e-homenageado-nos-70-anos-do-ipen\/","url":"https:\/\/www.institutodeengenharia.org.br\/site\/2026\/09\/01\/instituto-de-engenharia-e-homenageado-nos-70-anos-do-ipen\/","name":"Instituto de Engenharia \u00e9 homenageado nos 70 anos do Ipen - Instituto de Engenharia","isPartOf":{"@id":"https:\/\/www.institutodeengenharia.org.br\/site\/#website"},"primaryImageOfPage":{"@id":"https:\/\/www.institutodeengenharia.org.br\/site\/2026\/09\/01\/instituto-de-engenharia-e-homenageado-nos-70-anos-do-ipen\/#primaryimage"},"image":{"@id":"https:\/\/www.institutodeengenharia.org.br\/site\/2026\/09\/01\/instituto-de-engenharia-e-homenageado-nos-70-anos-do-ipen\/#primaryimage"},"thumbnailUrl":"https:\/\/www.institutodeengenharia.org.br\/site\/wp-content\/uploads\/2026\/09\/ipen-70-anos-2.jpg","datePublished":"2026-09-01T14:31:06+00:00","dateModified":"2026-09-01T16:32:01+00:00","breadcrumb":{"@id":"https:\/\/www.institutodeengenharia.org.br\/site\/2026\/09\/01\/instituto-de-engenharia-e-homenageado-nos-70-anos-do-ipen\/#breadcrumb"},"inLanguage":"pt-BR","potentialAction":[{"@type":"ReadAction","target":["https:\/\/www.institutodeengenharia.org.br\/site\/2026\/09\/01\/instituto-de-engenharia-e-homenageado-nos-70-anos-do-ipen\/"]}]},{"@type":"ImageObject","inLanguage":"pt-BR","@id":"https:\/\/www.institutodeengenharia.org.br\/site\/2026\/09\/01\/instituto-de-engenharia-e-homenageado-nos-70-anos-do-ipen\/#primaryimage","url":"https:\/\/www.institutodeengenharia.org.br\/site\/wp-content\/uploads\/2026\/09\/ipen-70-anos-2.jpg","contentUrl":"https:\/\/www.institutodeengenharia.org.br\/site\/wp-content\/uploads\/2026\/09\/ipen-70-anos-2.jpg","width":1200,"height":1600,"caption":"O presidente do IE, Jos\u00e9 Eduardo Jardim, recebe de Isolda Cosra, a homenagem"},{"@type":"BreadcrumbList","@id":"https:\/\/www.institutodeengenharia.org.br\/site\/2026\/09\/01\/instituto-de-engenharia-e-homenageado-nos-70-anos-do-ipen\/#breadcrumb","itemListElement":[{"@type":"ListItem","position":1,"name":"In\u00edcio","item":"https:\/\/www.institutodeengenharia.org.br\/site\/"},{"@type":"ListItem","position":2,"name":"Instituto de Engenharia \u00e9 homenageado nos 70 anos do Ipen"}]},{"@type":"WebSite","@id":"https:\/\/www.institutodeengenharia.org.br\/site\/#website","url":"https:\/\/www.institutodeengenharia.org.br\/site\/","name":"Instituto de Engenharia","description":"O Instituto de Engenharia promove a Engenharia em benef\u00edcio do desenvolvimento e da qualidade de vida da sociedade.","publisher":{"@id":"https:\/\/www.institutodeengenharia.org.br\/site\/#organization"},"potentialAction":[{"@type":"SearchAction","target":{"@type":"EntryPoint","urlTemplate":"https:\/\/www.institutodeengenharia.org.br\/site\/?s={search_term_string}"},"query-input":{"@type":"PropertyValueSpecification","valueRequired":true,"valueName":"search_term_string"}}],"inLanguage":"pt-BR"},{"@type":"Organization","@id":"https:\/\/www.institutodeengenharia.org.br\/site\/#organization","name":"Instituto de Engenharia","url":"https:\/\/www.institutodeengenharia.org.br\/site\/","logo":{"@type":"ImageObject","inLanguage":"pt-BR","@id":"https:\/\/www.institutodeengenharia.org.br\/site\/#\/schema\/logo\/image\/","url":"https:\/\/www.institutodeengenharia.org.br\/site\/wp-content\/uploads\/2019\/03\/logo-novo-IE2018-1.jpg","contentUrl":"https:\/\/www.institutodeengenharia.org.br\/site\/wp-content\/uploads\/2019\/03\/logo-novo-IE2018-1.jpg","width":1486,"height":1879,"caption":"Instituto de Engenharia"},"image":{"@id":"https:\/\/www.institutodeengenharia.org.br\/site\/#\/schema\/logo\/image\/"},"sameAs":["https:\/\/www.facebook.com\/institutodeengenharia","https:\/\/x.com\/iengenharia","https:\/\/www.instagram.com\/institutodeengenharia\/","https:\/\/www.linkedin.com\/company\/instituto-de-engenharia\/","https:\/\/www.youtube.com\/channel\/UCXiCAlsSMe977vamW915HxA"]},{"@type":"Person","@id":"https:\/\/www.institutodeengenharia.org.br\/site\/#\/schema\/person\/593dc356630173a4877a635d3e5fd76b","name":"Isabel","image":{"@type":"ImageObject","inLanguage":"pt-BR","@id":"https:\/\/secure.gravatar.com\/avatar\/f3c521db63ec9db17894f10a88c6a3cf95b2281d7f80eeb3cf3ef1cb091576e7?s=96&d=mm&r=g","url":"https:\/\/secure.gravatar.com\/avatar\/f3c521db63ec9db17894f10a88c6a3cf95b2281d7f80eeb3cf3ef1cb091576e7?s=96&d=mm&r=g","contentUrl":"https:\/\/secure.gravatar.com\/avatar\/f3c521db63ec9db17894f10a88c6a3cf95b2281d7f80eeb3cf3ef1cb091576e7?s=96&d=mm&r=g","caption":"Isabel"},"url":"https:\/\/www.institutodeengenharia.org.br\/site\/author\/comunicacao2\/"}]}},"_links":{"self":[{"href":"https:\/\/www.institutodeengenharia.org.br\/site\/wp-json\/wp\/v2\/posts\/156260","targetHints":{"allow":["GET"]}}],"collection":[{"href":"https:\/\/www.institutodeengenharia.org.br\/site\/wp-json\/wp\/v2\/posts"}],"about":[{"href":"https:\/\/www.institutodeengenharia.org.br\/site\/wp-json\/wp\/v2\/types\/post"}],"author":[{"embeddable":true,"href":"https:\/\/www.institutodeengenharia.org.br\/site\/wp-json\/wp\/v2\/users\/14"}],"replies":[{"embeddable":true,"href":"https:\/\/www.institutodeengenharia.org.br\/site\/wp-json\/wp\/v2\/comments?post=156260"}],"version-history":[{"count":3,"href":"https:\/\/www.institutodeengenharia.org.br\/site\/wp-json\/wp\/v2\/posts\/156260\/revisions"}],"predecessor-version":[{"id":156270,"href":"https:\/\/www.institutodeengenharia.org.br\/site\/wp-json\/wp\/v2\/posts\/156260\/revisions\/156270"}],"wp:featuredmedia":[{"embeddable":true,"href":"https:\/\/www.institutodeengenharia.org.br\/site\/wp-json\/wp\/v2\/media\/156263"}],"wp:attachment":[{"href":"https:\/\/www.institutodeengenharia.org.br\/site\/wp-json\/wp\/v2\/media?parent=156260"}],"wp:term":[{"taxonomy":"category","embeddable":true,"href":"https:\/\/www.institutodeengenharia.org.br\/site\/wp-json\/wp\/v2\/categories?post=156260"},{"taxonomy":"post_tag","embeddable":true,"href":"https:\/\/www.institutodeengenharia.org.br\/site\/wp-json\/wp\/v2\/tags?post=156260"}],"curies":[{"name":"wp","href":"https:\/\/api.w.org\/{rel}","templated":true}]}}