{"id":156247,"date":"2026-08-31T15:29:41","date_gmt":"2026-08-31T18:29:41","guid":{"rendered":"https:\/\/www.institutodeengenharia.org.br\/site\/?p=156247"},"modified":"2026-08-31T15:33:10","modified_gmt":"2026-08-31T18:33:10","slug":"confira-a-programacao-e-garanta-seu-ingresso-para-a-3a-edicao-da-semana-naiconal-da-engenharia","status":"publish","type":"post","link":"https:\/\/www.institutodeengenharia.org.br\/site\/2026\/08\/31\/confira-a-programacao-e-garanta-seu-ingresso-para-a-3a-edicao-da-semana-naiconal-da-engenharia\/","title":{"rendered":"Confira a programa\u00e7\u00e3o e garanta seu ingresso para a 3\u00aa Edi\u00e7\u00e3o da &#8220;Semana Nacional da Engenharia&#8221;"},"content":{"rendered":"<p><strong>Entre os dias 6 e 13 de outubro, teremos os seguintes temas:<\/strong><br \/>\n<em>*Confira na agenda os detalhes da programa\u00e7\u00e3o.<\/em><br \/>\n<em>-Abertura: Com a intelig\u00eancia artificial, o ser humano ainda ser\u00e1 a base do futuro da Engenharia?<\/em><\/p>\n<p><em>-Como atrair e formar a pr\u00f3xima gera\u00e7\u00e3o de engenheiros?<\/em><\/p>\n<p><em>-Energia para crescer: de que matriz e a\u00e7\u00f5es pr\u00e1ticas o Brasil precisa?<\/em><\/p>\n<p><em>-Cerim\u00f4nia do Pr\u00eamio Melhores e Maiores Obras<\/em><\/p>\n<p><em>-Engenharia e arquitetura para a sa\u00fade: o que est\u00e1 mudando nos hospitais e centros de sa\u00fade?<\/em><\/p>\n<p><em>-Desapropria\u00e7\u00f5es em obras p\u00fablicas: como reduzir conflitos e garantir o justo valor?<\/em><\/p>\n<p><em>-Chuvas, enchentes e infraestrutura urbana: como a engenharia pode enfrentar melhor esses desafios?<\/em><\/p>\n<p><em>-Desastres com redes subterr\u00e2neas: normas t\u00e9cnicas de identifica\u00e7\u00e3o podem reduzir os riscos?<\/em><\/p>\n<p><em>-Rodovias em transforma\u00e7\u00e3o: quais as perspectivas para investimentos, concess\u00f5es e novas oportunidades?<\/em><\/p>\n<p><em>-Mobilidade: o que precisa melhorar na engenharia das cidades brasileiras?<\/em><\/p>\n<p><em>-Rota para o Pac\u00edfico: quais oportunidades o Corredor Bioce\u00e2nico RILA abre para o Brasil?<\/em><\/p>\n<p><em>-Cerim\u00f4nia de entrega de Medalhas Paula Souza e do Pr\u00eamio Empresarial Ramos de Azevedo<\/em><\/p>\n<p><em>-Mobilidade a\u00e9rea urbana: o que falta para os ve\u00edculos el\u00e9tricos voadores decolarem?<\/em><\/p>\n<p><em>-Ind\u00fastrias em transforma\u00e7\u00e3o: o que est\u00e1 mudando na engenharia e na constru\u00e7\u00e3o?<\/em><\/p>\n<p><em>-Defesa, seguran\u00e7a e intelig\u00eancia: como a engenharia de Estado pode proteger o Brasil?<\/em><\/p>\n<p><em>-Data centers: quais os desafios para uma implanta\u00e7\u00e3o sustent\u00e1vel?<\/em><\/p>\n<p><em>-Ato solene de comemora\u00e7\u00e3o dos 110 Anos do Instituto de Engenharia<\/em><\/p>\n<p><em>-Fechamento &#8211; Festa\/Coquetel dos 110 Anos do Instituto de Engenharia<\/em><\/p>\n<p>&nbsp;<\/p>\n<p><a href=\"https:\/\/www.institutodeengenharia.org.br\/site\/events\/3a-edicao-da-semana-nacional-de-engenharia-programacao-e-ingressos-disponiveis\/\"><img loading=\"lazy\" decoding=\"async\" class=\"size-medium wp-image-155995 aligncenter\" src=\"https:\/\/www.institutodeengenharia.org.br\/site\/wp-content\/uploads\/2026\/08\/botao-300x168.png\" alt=\"\" width=\"300\" height=\"168\" srcset=\"https:\/\/www.institutodeengenharia.org.br\/site\/wp-content\/uploads\/2026\/08\/botao-300x168.png 300w, https:\/\/www.institutodeengenharia.org.br\/site\/wp-content\/uploads\/2026\/08\/botao.png 445w\" sizes=\"auto, (max-width: 300px) 100vw, 300px\" \/><\/a><\/p>\n","protected":false},"excerpt":{"rendered":"<p>Entre os dias 6 e 13 de outubro, teremos os seguintes temas: *Confira na agenda os detalhes da programa\u00e7\u00e3o. -Abertura: Com a intelig\u00eancia artificial, o ser humano ainda ser\u00e1 a base do futuro da Engenharia? -Como atrair e formar a pr\u00f3xima gera\u00e7\u00e3o de engenheiros? -Energia para crescer: de que matriz e a\u00e7\u00f5es pr\u00e1ticas o Brasil [&hellip;]<\/p>\n","protected":false},"author":14,"featured_media":156148,"comment_status":"open","ping_status":"open","sticky":false,"template":"","format":"standard","meta":{"footnotes":""},"categories":[27,6],"tags":[],"class_list":{"0":"post-156247","1":"post","2":"type-post","3":"status-publish","4":"format-standard","5":"has-post-thumbnail","7":"category-instituto-de-engenharia","8":"category-noticias"},"yoast_head":"<!-- This site is optimized with the Yoast SEO plugin v28.1 - https:\/\/yoast.com\/product\/yoast-seo-wordpress\/ -->\n<title>Confira a programa\u00e7\u00e3o e garanta seu ingresso para a 3\u00aa Edi\u00e7\u00e3o da &quot;Semana Nacional da Engenharia&quot; - Instituto de Engenharia<\/title>\n<meta name=\"robots\" content=\"index, follow, max-snippet:-1, max-image-preview:large, max-video-preview:-1\" \/>\n<link rel=\"canonical\" href=\"https:\/\/www.institutodeengenharia.org.br\/site\/2026\/08\/31\/confira-a-programacao-e-garanta-seu-ingresso-para-a-3a-edicao-da-semana-naiconal-da-engenharia\/\" \/>\n<meta property=\"og:locale\" content=\"pt_BR\" \/>\n<meta property=\"og:type\" content=\"article\" \/>\n<meta property=\"og:title\" content=\"Confira a programa\u00e7\u00e3o e garanta seu ingresso para a 3\u00aa Edi\u00e7\u00e3o da &quot;Semana Nacional da Engenharia&quot; - Instituto de Engenharia\" \/>\n<meta property=\"og:description\" content=\"Entre os dias 6 e 13 de outubro, teremos os seguintes temas: *Confira na agenda os detalhes da programa\u00e7\u00e3o. -Abertura: Com a intelig\u00eancia artificial, o ser humano ainda ser\u00e1 a base do futuro da Engenharia? -Como atrair e formar a pr\u00f3xima gera\u00e7\u00e3o de engenheiros? -Energia para crescer: de que matriz e a\u00e7\u00f5es pr\u00e1ticas o Brasil [&hellip;]\" \/>\n<meta property=\"og:url\" content=\"https:\/\/www.institutodeengenharia.org.br\/site\/2026\/08\/31\/confira-a-programacao-e-garanta-seu-ingresso-para-a-3a-edicao-da-semana-naiconal-da-engenharia\/\" \/>\n<meta property=\"og:site_name\" content=\"Instituto de Engenharia\" \/>\n<meta property=\"article:publisher\" content=\"https:\/\/www.facebook.com\/institutodeengenharia\" \/>\n<meta property=\"article:published_time\" content=\"2026-08-31T18:29:41+00:00\" \/>\n<meta property=\"article:modified_time\" content=\"2026-08-31T18:33:10+00:00\" \/>\n<meta property=\"og:image\" content=\"https:\/\/www.institutodeengenharia.org.br\/site\/wp-content\/uploads\/2026\/08\/SNE-logo.jpg\" \/>\n\t<meta property=\"og:image:width\" content=\"1024\" \/>\n\t<meta property=\"og:image:height\" content=\"576\" \/>\n\t<meta property=\"og:image:type\" content=\"image\/jpeg\" \/>\n<meta name=\"author\" content=\"Isabel\" \/>\n<meta name=\"twitter:card\" content=\"summary_large_image\" \/>\n<meta name=\"twitter:creator\" content=\"@iengenharia\" \/>\n<meta name=\"twitter:site\" content=\"@iengenharia\" \/>\n<meta name=\"twitter:label1\" content=\"Escrito por\" \/>\n\t<meta name=\"twitter:data1\" content=\"Isabel\" \/>\n\t<meta name=\"twitter:label2\" content=\"Est. tempo de leitura\" \/>\n\t<meta name=\"twitter:data2\" content=\"2 minutos\" \/>\n<script type=\"application\/ld+json\" class=\"yoast-schema-graph\">{\"@context\":\"https:\\\/\\\/schema.org\",\"@graph\":[{\"@type\":\"Article\",\"@id\":\"https:\\\/\\\/www.institutodeengenharia.org.br\\\/site\\\/2026\\\/08\\\/31\\\/confira-a-programacao-e-garanta-seu-ingresso-para-a-3a-edicao-da-semana-naiconal-da-engenharia\\\/#article\",\"isPartOf\":{\"@id\":\"https:\\\/\\\/www.institutodeengenharia.org.br\\\/site\\\/2026\\\/08\\\/31\\\/confira-a-programacao-e-garanta-seu-ingresso-para-a-3a-edicao-da-semana-naiconal-da-engenharia\\\/\"},\"author\":{\"name\":\"Isabel\",\"@id\":\"https:\\\/\\\/www.institutodeengenharia.org.br\\\/site\\\/#\\\/schema\\\/person\\\/593dc356630173a4877a635d3e5fd76b\"},\"headline\":\"Confira a programa\u00e7\u00e3o e garanta seu ingresso para a 3\u00aa Edi\u00e7\u00e3o da &#8220;Semana Nacional da Engenharia&#8221;\",\"datePublished\":\"2026-08-31T18:29:41+00:00\",\"dateModified\":\"2026-08-31T18:33:10+00:00\",\"mainEntityOfPage\":{\"@id\":\"https:\\\/\\\/www.institutodeengenharia.org.br\\\/site\\\/2026\\\/08\\\/31\\\/confira-a-programacao-e-garanta-seu-ingresso-para-a-3a-edicao-da-semana-naiconal-da-engenharia\\\/\"},\"wordCount\":280,\"commentCount\":0,\"publisher\":{\"@id\":\"https:\\\/\\\/www.institutodeengenharia.org.br\\\/site\\\/#organization\"},\"image\":{\"@id\":\"https:\\\/\\\/www.institutodeengenharia.org.br\\\/site\\\/2026\\\/08\\\/31\\\/confira-a-programacao-e-garanta-seu-ingresso-para-a-3a-edicao-da-semana-naiconal-da-engenharia\\\/#primaryimage\"},\"thumbnailUrl\":\"https:\\\/\\\/www.institutodeengenharia.org.br\\\/site\\\/wp-content\\\/uploads\\\/2026\\\/08\\\/SNE-logo.jpg\",\"articleSection\":[\"Instituto de Engenharia\",\"Not\u00edcias\"],\"inLanguage\":\"pt-BR\",\"potentialAction\":[{\"@type\":\"CommentAction\",\"name\":\"Comment\",\"target\":[\"https:\\\/\\\/www.institutodeengenharia.org.br\\\/site\\\/2026\\\/08\\\/31\\\/confira-a-programacao-e-garanta-seu-ingresso-para-a-3a-edicao-da-semana-naiconal-da-engenharia\\\/#respond\"]}]},{\"@type\":\"WebPage\",\"@id\":\"https:\\\/\\\/www.institutodeengenharia.org.br\\\/site\\\/2026\\\/08\\\/31\\\/confira-a-programacao-e-garanta-seu-ingresso-para-a-3a-edicao-da-semana-naiconal-da-engenharia\\\/\",\"url\":\"https:\\\/\\\/www.institutodeengenharia.org.br\\\/site\\\/2026\\\/08\\\/31\\\/confira-a-programacao-e-garanta-seu-ingresso-para-a-3a-edicao-da-semana-naiconal-da-engenharia\\\/\",\"name\":\"Confira a programa\u00e7\u00e3o e garanta seu ingresso para a 3\u00aa Edi\u00e7\u00e3o da \\\"Semana Nacional da Engenharia\\\" - Instituto de Engenharia\",\"isPartOf\":{\"@id\":\"https:\\\/\\\/www.institutodeengenharia.org.br\\\/site\\\/#website\"},\"primaryImageOfPage\":{\"@id\":\"https:\\\/\\\/www.institutodeengenharia.org.br\\\/site\\\/2026\\\/08\\\/31\\\/confira-a-programacao-e-garanta-seu-ingresso-para-a-3a-edicao-da-semana-naiconal-da-engenharia\\\/#primaryimage\"},\"image\":{\"@id\":\"https:\\\/\\\/www.institutodeengenharia.org.br\\\/site\\\/2026\\\/08\\\/31\\\/confira-a-programacao-e-garanta-seu-ingresso-para-a-3a-edicao-da-semana-naiconal-da-engenharia\\\/#primaryimage\"},\"thumbnailUrl\":\"https:\\\/\\\/www.institutodeengenharia.org.br\\\/site\\\/wp-content\\\/uploads\\\/2026\\\/08\\\/SNE-logo.jpg\",\"datePublished\":\"2026-08-31T18:29:41+00:00\",\"dateModified\":\"2026-08-31T18:33:10+00:00\",\"breadcrumb\":{\"@id\":\"https:\\\/\\\/www.institutodeengenharia.org.br\\\/site\\\/2026\\\/08\\\/31\\\/confira-a-programacao-e-garanta-seu-ingresso-para-a-3a-edicao-da-semana-naiconal-da-engenharia\\\/#breadcrumb\"},\"inLanguage\":\"pt-BR\",\"potentialAction\":[{\"@type\":\"ReadAction\",\"target\":[\"https:\\\/\\\/www.institutodeengenharia.org.br\\\/site\\\/2026\\\/08\\\/31\\\/confira-a-programacao-e-garanta-seu-ingresso-para-a-3a-edicao-da-semana-naiconal-da-engenharia\\\/\"]}]},{\"@type\":\"ImageObject\",\"inLanguage\":\"pt-BR\",\"@id\":\"https:\\\/\\\/www.institutodeengenharia.org.br\\\/site\\\/2026\\\/08\\\/31\\\/confira-a-programacao-e-garanta-seu-ingresso-para-a-3a-edicao-da-semana-naiconal-da-engenharia\\\/#primaryimage\",\"url\":\"https:\\\/\\\/www.institutodeengenharia.org.br\\\/site\\\/wp-content\\\/uploads\\\/2026\\\/08\\\/SNE-logo.jpg\",\"contentUrl\":\"https:\\\/\\\/www.institutodeengenharia.org.br\\\/site\\\/wp-content\\\/uploads\\\/2026\\\/08\\\/SNE-logo.jpg\",\"width\":1024,\"height\":576},{\"@type\":\"BreadcrumbList\",\"@id\":\"https:\\\/\\\/www.institutodeengenharia.org.br\\\/site\\\/2026\\\/08\\\/31\\\/confira-a-programacao-e-garanta-seu-ingresso-para-a-3a-edicao-da-semana-naiconal-da-engenharia\\\/#breadcrumb\",\"itemListElement\":[{\"@type\":\"ListItem\",\"position\":1,\"name\":\"In\u00edcio\",\"item\":\"https:\\\/\\\/www.institutodeengenharia.org.br\\\/site\\\/\"},{\"@type\":\"ListItem\",\"position\":2,\"name\":\"Confira a programa\u00e7\u00e3o e garanta seu ingresso para a 3\u00aa Edi\u00e7\u00e3o da &#8220;Semana Nacional da Engenharia&#8221;\"}]},{\"@type\":\"WebSite\",\"@id\":\"https:\\\/\\\/www.institutodeengenharia.org.br\\\/site\\\/#website\",\"url\":\"https:\\\/\\\/www.institutodeengenharia.org.br\\\/site\\\/\",\"name\":\"Instituto de Engenharia\",\"description\":\"O Instituto de Engenharia promove a Engenharia em benef\u00edcio do desenvolvimento e da qualidade de vida da sociedade.\",\"publisher\":{\"@id\":\"https:\\\/\\\/www.institutodeengenharia.org.br\\\/site\\\/#organization\"},\"potentialAction\":[{\"@type\":\"SearchAction\",\"target\":{\"@type\":\"EntryPoint\",\"urlTemplate\":\"https:\\\/\\\/www.institutodeengenharia.org.br\\\/site\\\/?s={search_term_string}\"},\"query-input\":{\"@type\":\"PropertyValueSpecification\",\"valueRequired\":true,\"valueName\":\"search_term_string\"}}],\"inLanguage\":\"pt-BR\"},{\"@type\":\"Organization\",\"@id\":\"https:\\\/\\\/www.institutodeengenharia.org.br\\\/site\\\/#organization\",\"name\":\"Instituto de Engenharia\",\"url\":\"https:\\\/\\\/www.institutodeengenharia.org.br\\\/site\\\/\",\"logo\":{\"@type\":\"ImageObject\",\"inLanguage\":\"pt-BR\",\"@id\":\"https:\\\/\\\/www.institutodeengenharia.org.br\\\/site\\\/#\\\/schema\\\/logo\\\/image\\\/\",\"url\":\"https:\\\/\\\/www.institutodeengenharia.org.br\\\/site\\\/wp-content\\\/uploads\\\/2019\\\/03\\\/logo-novo-IE2018-1.jpg\",\"contentUrl\":\"https:\\\/\\\/www.institutodeengenharia.org.br\\\/site\\\/wp-content\\\/uploads\\\/2019\\\/03\\\/logo-novo-IE2018-1.jpg\",\"width\":1486,\"height\":1879,\"caption\":\"Instituto de Engenharia\"},\"image\":{\"@id\":\"https:\\\/\\\/www.institutodeengenharia.org.br\\\/site\\\/#\\\/schema\\\/logo\\\/image\\\/\"},\"sameAs\":[\"https:\\\/\\\/www.facebook.com\\\/institutodeengenharia\",\"https:\\\/\\\/x.com\\\/iengenharia\",\"https:\\\/\\\/www.instagram.com\\\/institutodeengenharia\\\/\",\"https:\\\/\\\/www.linkedin.com\\\/company\\\/instituto-de-engenharia\\\/\",\"https:\\\/\\\/www.youtube.com\\\/channel\\\/UCXiCAlsSMe977vamW915HxA\"]},{\"@type\":\"Person\",\"@id\":\"https:\\\/\\\/www.institutodeengenharia.org.br\\\/site\\\/#\\\/schema\\\/person\\\/593dc356630173a4877a635d3e5fd76b\",\"name\":\"Isabel\",\"image\":{\"@type\":\"ImageObject\",\"inLanguage\":\"pt-BR\",\"@id\":\"https:\\\/\\\/secure.gravatar.com\\\/avatar\\\/f3c521db63ec9db17894f10a88c6a3cf95b2281d7f80eeb3cf3ef1cb091576e7?s=96&d=mm&r=g\",\"url\":\"https:\\\/\\\/secure.gravatar.com\\\/avatar\\\/f3c521db63ec9db17894f10a88c6a3cf95b2281d7f80eeb3cf3ef1cb091576e7?s=96&d=mm&r=g\",\"contentUrl\":\"https:\\\/\\\/secure.gravatar.com\\\/avatar\\\/f3c521db63ec9db17894f10a88c6a3cf95b2281d7f80eeb3cf3ef1cb091576e7?s=96&d=mm&r=g\",\"caption\":\"Isabel\"},\"url\":\"https:\\\/\\\/www.institutodeengenharia.org.br\\\/site\\\/author\\\/comunicacao2\\\/\"}]}<\/script>\n<!-- \/ Yoast SEO plugin. -->","yoast_head_json":{"title":"Confira a programa\u00e7\u00e3o e garanta seu ingresso para a 3\u00aa Edi\u00e7\u00e3o da \"Semana Nacional da Engenharia\" - Instituto de Engenharia","robots":{"index":"index","follow":"follow","max-snippet":"max-snippet:-1","max-image-preview":"max-image-preview:large","max-video-preview":"max-video-preview:-1"},"canonical":"https:\/\/www.institutodeengenharia.org.br\/site\/2026\/08\/31\/confira-a-programacao-e-garanta-seu-ingresso-para-a-3a-edicao-da-semana-naiconal-da-engenharia\/","og_locale":"pt_BR","og_type":"article","og_title":"Confira a programa\u00e7\u00e3o e garanta seu ingresso para a 3\u00aa Edi\u00e7\u00e3o da \"Semana Nacional da Engenharia\" - Instituto de Engenharia","og_description":"Entre os dias 6 e 13 de outubro, teremos os seguintes temas: *Confira na agenda os detalhes da programa\u00e7\u00e3o. -Abertura: Com a intelig\u00eancia artificial, o ser humano ainda ser\u00e1 a base do futuro da Engenharia? -Como atrair e formar a pr\u00f3xima gera\u00e7\u00e3o de engenheiros? -Energia para crescer: de que matriz e a\u00e7\u00f5es pr\u00e1ticas o Brasil [&hellip;]","og_url":"https:\/\/www.institutodeengenharia.org.br\/site\/2026\/08\/31\/confira-a-programacao-e-garanta-seu-ingresso-para-a-3a-edicao-da-semana-naiconal-da-engenharia\/","og_site_name":"Instituto de Engenharia","article_publisher":"https:\/\/www.facebook.com\/institutodeengenharia","article_published_time":"2026-08-31T18:29:41+00:00","article_modified_time":"2026-08-31T18:33:10+00:00","og_image":[{"width":1024,"height":576,"url":"https:\/\/www.institutodeengenharia.org.br\/site\/wp-content\/uploads\/2026\/08\/SNE-logo.jpg","type":"image\/jpeg"}],"author":"Isabel","twitter_card":"summary_large_image","twitter_creator":"@iengenharia","twitter_site":"@iengenharia","twitter_misc":{"Escrito por":"Isabel","Est. tempo de leitura":"2 minutos"},"schema":{"@context":"https:\/\/schema.org","@graph":[{"@type":"Article","@id":"https:\/\/www.institutodeengenharia.org.br\/site\/2026\/08\/31\/confira-a-programacao-e-garanta-seu-ingresso-para-a-3a-edicao-da-semana-naiconal-da-engenharia\/#article","isPartOf":{"@id":"https:\/\/www.institutodeengenharia.org.br\/site\/2026\/08\/31\/confira-a-programacao-e-garanta-seu-ingresso-para-a-3a-edicao-da-semana-naiconal-da-engenharia\/"},"author":{"name":"Isabel","@id":"https:\/\/www.institutodeengenharia.org.br\/site\/#\/schema\/person\/593dc356630173a4877a635d3e5fd76b"},"headline":"Confira a programa\u00e7\u00e3o e garanta seu ingresso para a 3\u00aa Edi\u00e7\u00e3o da &#8220;Semana Nacional da Engenharia&#8221;","datePublished":"2026-08-31T18:29:41+00:00","dateModified":"2026-08-31T18:33:10+00:00","mainEntityOfPage":{"@id":"https:\/\/www.institutodeengenharia.org.br\/site\/2026\/08\/31\/confira-a-programacao-e-garanta-seu-ingresso-para-a-3a-edicao-da-semana-naiconal-da-engenharia\/"},"wordCount":280,"commentCount":0,"publisher":{"@id":"https:\/\/www.institutodeengenharia.org.br\/site\/#organization"},"image":{"@id":"https:\/\/www.institutodeengenharia.org.br\/site\/2026\/08\/31\/confira-a-programacao-e-garanta-seu-ingresso-para-a-3a-edicao-da-semana-naiconal-da-engenharia\/#primaryimage"},"thumbnailUrl":"https:\/\/www.institutodeengenharia.org.br\/site\/wp-content\/uploads\/2026\/08\/SNE-logo.jpg","articleSection":["Instituto de Engenharia","Not\u00edcias"],"inLanguage":"pt-BR","potentialAction":[{"@type":"CommentAction","name":"Comment","target":["https:\/\/www.institutodeengenharia.org.br\/site\/2026\/08\/31\/confira-a-programacao-e-garanta-seu-ingresso-para-a-3a-edicao-da-semana-naiconal-da-engenharia\/#respond"]}]},{"@type":"WebPage","@id":"https:\/\/www.institutodeengenharia.org.br\/site\/2026\/08\/31\/confira-a-programacao-e-garanta-seu-ingresso-para-a-3a-edicao-da-semana-naiconal-da-engenharia\/","url":"https:\/\/www.institutodeengenharia.org.br\/site\/2026\/08\/31\/confira-a-programacao-e-garanta-seu-ingresso-para-a-3a-edicao-da-semana-naiconal-da-engenharia\/","name":"Confira a programa\u00e7\u00e3o e garanta seu ingresso para a 3\u00aa Edi\u00e7\u00e3o da \"Semana Nacional da Engenharia\" - Instituto de Engenharia","isPartOf":{"@id":"https:\/\/www.institutodeengenharia.org.br\/site\/#website"},"primaryImageOfPage":{"@id":"https:\/\/www.institutodeengenharia.org.br\/site\/2026\/08\/31\/confira-a-programacao-e-garanta-seu-ingresso-para-a-3a-edicao-da-semana-naiconal-da-engenharia\/#primaryimage"},"image":{"@id":"https:\/\/www.institutodeengenharia.org.br\/site\/2026\/08\/31\/confira-a-programacao-e-garanta-seu-ingresso-para-a-3a-edicao-da-semana-naiconal-da-engenharia\/#primaryimage"},"thumbnailUrl":"https:\/\/www.institutodeengenharia.org.br\/site\/wp-content\/uploads\/2026\/08\/SNE-logo.jpg","datePublished":"2026-08-31T18:29:41+00:00","dateModified":"2026-08-31T18:33:10+00:00","breadcrumb":{"@id":"https:\/\/www.institutodeengenharia.org.br\/site\/2026\/08\/31\/confira-a-programacao-e-garanta-seu-ingresso-para-a-3a-edicao-da-semana-naiconal-da-engenharia\/#breadcrumb"},"inLanguage":"pt-BR","potentialAction":[{"@type":"ReadAction","target":["https:\/\/www.institutodeengenharia.org.br\/site\/2026\/08\/31\/confira-a-programacao-e-garanta-seu-ingresso-para-a-3a-edicao-da-semana-naiconal-da-engenharia\/"]}]},{"@type":"ImageObject","inLanguage":"pt-BR","@id":"https:\/\/www.institutodeengenharia.org.br\/site\/2026\/08\/31\/confira-a-programacao-e-garanta-seu-ingresso-para-a-3a-edicao-da-semana-naiconal-da-engenharia\/#primaryimage","url":"https:\/\/www.institutodeengenharia.org.br\/site\/wp-content\/uploads\/2026\/08\/SNE-logo.jpg","contentUrl":"https:\/\/www.institutodeengenharia.org.br\/site\/wp-content\/uploads\/2026\/08\/SNE-logo.jpg","width":1024,"height":576},{"@type":"BreadcrumbList","@id":"https:\/\/www.institutodeengenharia.org.br\/site\/2026\/08\/31\/confira-a-programacao-e-garanta-seu-ingresso-para-a-3a-edicao-da-semana-naiconal-da-engenharia\/#breadcrumb","itemListElement":[{"@type":"ListItem","position":1,"name":"In\u00edcio","item":"https:\/\/www.institutodeengenharia.org.br\/site\/"},{"@type":"ListItem","position":2,"name":"Confira a programa\u00e7\u00e3o e garanta seu ingresso para a 3\u00aa Edi\u00e7\u00e3o da &#8220;Semana Nacional da Engenharia&#8221;"}]},{"@type":"WebSite","@id":"https:\/\/www.institutodeengenharia.org.br\/site\/#website","url":"https:\/\/www.institutodeengenharia.org.br\/site\/","name":"Instituto de Engenharia","description":"O Instituto de Engenharia promove a Engenharia em benef\u00edcio do desenvolvimento e da qualidade de vida da sociedade.","publisher":{"@id":"https:\/\/www.institutodeengenharia.org.br\/site\/#organization"},"potentialAction":[{"@type":"SearchAction","target":{"@type":"EntryPoint","urlTemplate":"https:\/\/www.institutodeengenharia.org.br\/site\/?s={search_term_string}"},"query-input":{"@type":"PropertyValueSpecification","valueRequired":true,"valueName":"search_term_string"}}],"inLanguage":"pt-BR"},{"@type":"Organization","@id":"https:\/\/www.institutodeengenharia.org.br\/site\/#organization","name":"Instituto de Engenharia","url":"https:\/\/www.institutodeengenharia.org.br\/site\/","logo":{"@type":"ImageObject","inLanguage":"pt-BR","@id":"https:\/\/www.institutodeengenharia.org.br\/site\/#\/schema\/logo\/image\/","url":"https:\/\/www.institutodeengenharia.org.br\/site\/wp-content\/uploads\/2019\/03\/logo-novo-IE2018-1.jpg","contentUrl":"https:\/\/www.institutodeengenharia.org.br\/site\/wp-content\/uploads\/2019\/03\/logo-novo-IE2018-1.jpg","width":1486,"height":1879,"caption":"Instituto de Engenharia"},"image":{"@id":"https:\/\/www.institutodeengenharia.org.br\/site\/#\/schema\/logo\/image\/"},"sameAs":["https:\/\/www.facebook.com\/institutodeengenharia","https:\/\/x.com\/iengenharia","https:\/\/www.instagram.com\/institutodeengenharia\/","https:\/\/www.linkedin.com\/company\/instituto-de-engenharia\/","https:\/\/www.youtube.com\/channel\/UCXiCAlsSMe977vamW915HxA"]},{"@type":"Person","@id":"https:\/\/www.institutodeengenharia.org.br\/site\/#\/schema\/person\/593dc356630173a4877a635d3e5fd76b","name":"Isabel","image":{"@type":"ImageObject","inLanguage":"pt-BR","@id":"https:\/\/secure.gravatar.com\/avatar\/f3c521db63ec9db17894f10a88c6a3cf95b2281d7f80eeb3cf3ef1cb091576e7?s=96&d=mm&r=g","url":"https:\/\/secure.gravatar.com\/avatar\/f3c521db63ec9db17894f10a88c6a3cf95b2281d7f80eeb3cf3ef1cb091576e7?s=96&d=mm&r=g","contentUrl":"https:\/\/secure.gravatar.com\/avatar\/f3c521db63ec9db17894f10a88c6a3cf95b2281d7f80eeb3cf3ef1cb091576e7?s=96&d=mm&r=g","caption":"Isabel"},"url":"https:\/\/www.institutodeengenharia.org.br\/site\/author\/comunicacao2\/"}]}},"_links":{"self":[{"href":"https:\/\/www.institutodeengenharia.org.br\/site\/wp-json\/wp\/v2\/posts\/156247","targetHints":{"allow":["GET"]}}],"collection":[{"href":"https:\/\/www.institutodeengenharia.org.br\/site\/wp-json\/wp\/v2\/posts"}],"about":[{"href":"https:\/\/www.institutodeengenharia.org.br\/site\/wp-json\/wp\/v2\/types\/post"}],"author":[{"embeddable":true,"href":"https:\/\/www.institutodeengenharia.org.br\/site\/wp-json\/wp\/v2\/users\/14"}],"replies":[{"embeddable":true,"href":"https:\/\/www.institutodeengenharia.org.br\/site\/wp-json\/wp\/v2\/comments?post=156247"}],"version-history":[{"count":4,"href":"https:\/\/www.institutodeengenharia.org.br\/site\/wp-json\/wp\/v2\/posts\/156247\/revisions"}],"predecessor-version":[{"id":156254,"href":"https:\/\/www.institutodeengenharia.org.br\/site\/wp-json\/wp\/v2\/posts\/156247\/revisions\/156254"}],"wp:featuredmedia":[{"embeddable":true,"href":"https:\/\/www.institutodeengenharia.org.br\/site\/wp-json\/wp\/v2\/media\/156148"}],"wp:attachment":[{"href":"https:\/\/www.institutodeengenharia.org.br\/site\/wp-json\/wp\/v2\/media?parent=156247"}],"wp:term":[{"taxonomy":"category","embeddable":true,"href":"https:\/\/www.institutodeengenharia.org.br\/site\/wp-json\/wp\/v2\/categories?post=156247"},{"taxonomy":"post_tag","embeddable":true,"href":"https:\/\/www.institutodeengenharia.org.br\/site\/wp-json\/wp\/v2\/tags?post=156247"}],"curies":[{"name":"wp","href":"https:\/\/api.w.org\/{rel}","templated":true}]}}