{"id":153492,"date":"2026-04-09T11:48:36","date_gmt":"2026-04-09T14:48:36","guid":{"rendered":"https:\/\/www.institutodeengenharia.org.br\/site\/?p=153492"},"modified":"2026-04-24T11:50:47","modified_gmt":"2026-04-24T14:50:47","slug":"gestao-reativa-x-gestao-proativa-de-contratos-e-projetos-com-suporte-de-ia","status":"publish","type":"post","link":"https:\/\/www.institutodeengenharia.org.br\/site\/2026\/04\/09\/gestao-reativa-x-gestao-proativa-de-contratos-e-projetos-com-suporte-de-ia\/","title":{"rendered":"Gest\u00e3o reativa x gest\u00e3o proativa de contratos e projetos com suporte de IA"},"content":{"rendered":"<p>Assista \u00e0 palestra.<\/p>\n<div style=\"padding: 75% 0 0 0; position: relative;\"><iframe style=\"position: absolute; top: 0; left: 0; width: 100%; height: 100%;\" title=\"Gestao reativa x gestao proativa de contratos e projetos\" src=\"https:\/\/player.vimeo.com\/video\/1185969517?badge=0&amp;autopause=0&amp;player_id=0&amp;app_id=58479\" frameborder=\"0\"><\/iframe><\/div>\n<p><script src=\"https:\/\/player.vimeo.com\/api\/player.js\"><\/script><\/p>\n<p><strong>Abordagem:<\/strong><\/p>\n<p>Voc\u00ea ainda gerencia seus projetos \u201capagando inc\u00eandios\u201d ou j\u00e1 utiliza a tecnologia para prever e evitar conflitos?<br \/>\nNeste evento, discutiremos como a integra\u00e7\u00e3o de tecnologias de ponta \u2014 incluindo BIM, Drones e Monitoramento via Sat\u00e9lite \u2014 \u00e9 fundamental para a produ\u00e7\u00e3o de provas, acompanhamento de obras e mitiga\u00e7\u00e3o de riscos.<\/p>\n<p><strong><img loading=\"lazy\" decoding=\"async\" class=\"wp-image-136499 alignleft\" src=\"https:\/\/www.institutodeengenharia.org.br\/site\/wp-content\/uploads\/2026\/02\/Logo-110-Anos-Sem-fundo-Azul-1-300x300.png\" alt=\"\" width=\"180\" height=\"180\" srcset=\"https:\/\/www.institutodeengenharia.org.br\/site\/wp-content\/uploads\/2026\/02\/Logo-110-Anos-Sem-fundo-Azul-1-300x300.png 300w, https:\/\/www.institutodeengenharia.org.br\/site\/wp-content\/uploads\/2026\/02\/Logo-110-Anos-Sem-fundo-Azul-1-150x150.png 150w, https:\/\/www.institutodeengenharia.org.br\/site\/wp-content\/uploads\/2026\/02\/Logo-110-Anos-Sem-fundo-Azul-1-768x768.png 768w, https:\/\/www.institutodeengenharia.org.br\/site\/wp-content\/uploads\/2026\/02\/Logo-110-Anos-Sem-fundo-Azul-1-420x420.png 420w, https:\/\/www.institutodeengenharia.org.br\/site\/wp-content\/uploads\/2026\/02\/Logo-110-Anos-Sem-fundo-Azul-1-696x696.png 696w, https:\/\/www.institutodeengenharia.org.br\/site\/wp-content\/uploads\/2026\/02\/Logo-110-Anos-Sem-fundo-Azul-1-600x600.png 600w, https:\/\/www.institutodeengenharia.org.br\/site\/wp-content\/uploads\/2026\/02\/Logo-110-Anos-Sem-fundo-Azul-1-100x100.png 100w, https:\/\/www.institutodeengenharia.org.br\/site\/wp-content\/uploads\/2026\/02\/Logo-110-Anos-Sem-fundo-Azul-1.png 1024w\" sizes=\"auto, (max-width: 180px) 100vw, 180px\" \/>Realiza\u00e7\u00e3o<\/strong><\/p>\n<h6><em>Eng. Jer\u00f4nimo Cabral Pereira Fagundes Neto \u2013 Vice-presidente de Atividades T\u00e9cnicas<\/em><br \/>\n<em>Eng.\u00aa D\u00e9bora Sanches de A. Marinello \u2013 Diretora do Departamento de Desenvolvimento de Gest\u00e3o e Objetivos<\/em><br \/>\n<em>Eng. S\u00e9rgio Luiz Azevedo Resende \u2013 Coordenador da Divis\u00e3o T\u00e9cnica de Gerenciamento de Empreendimentos<\/em><\/h6>\n<p>&nbsp;<\/p>\n<p><strong>Apoio Institucional:<\/strong><\/p>\n<p><img loading=\"lazy\" decoding=\"async\" class=\"alignnone wp-image-37990\" src=\"https:\/\/www.institutodeengenharia.org.br\/site\/wp-content\/uploads\/2018\/09\/crea-blog-da-engenharia-prova-1-300x300.jpg\" alt=\"\" width=\"104\" height=\"104\" srcset=\"https:\/\/www.institutodeengenharia.org.br\/site\/wp-content\/uploads\/2018\/09\/crea-blog-da-engenharia-prova-1-300x300.jpg 300w, https:\/\/www.institutodeengenharia.org.br\/site\/wp-content\/uploads\/2018\/09\/crea-blog-da-engenharia-prova-1-150x150.jpg 150w, https:\/\/www.institutodeengenharia.org.br\/site\/wp-content\/uploads\/2018\/09\/crea-blog-da-engenharia-prova-1-768x768.jpg 768w, https:\/\/www.institutodeengenharia.org.br\/site\/wp-content\/uploads\/2018\/09\/crea-blog-da-engenharia-prova-1-696x696.jpg 696w, https:\/\/www.institutodeengenharia.org.br\/site\/wp-content\/uploads\/2018\/09\/crea-blog-da-engenharia-prova-1-420x420.jpg 420w, https:\/\/www.institutodeengenharia.org.br\/site\/wp-content\/uploads\/2018\/09\/crea-blog-da-engenharia-prova-1.jpg 800w\" sizes=\"auto, (max-width: 104px) 100vw, 104px\" \/><\/p>\n<p><strong>Apoio \u00e0 forma\u00e7\u00e3o:<\/strong><\/p>\n<p>Espa\u00e7o aberto ao CREA-SP, objetivando o aperfei\u00e7oamento dos profissionais e o aprimoramento da fiscaliza\u00e7\u00e3o das \u00e1reas abrangidas pelo Sistema Confea\/CREAs, al\u00e9m de promover a conscientiza\u00e7\u00e3o da sociedade quanto \u00e0 necessidade e obrigatoriedade de contratar um profissional devidamente habilitado.<\/p>\n","protected":false},"excerpt":{"rendered":"<p>Assista \u00e0 palestra. Abordagem: Voc\u00ea ainda gerencia seus projetos \u201capagando inc\u00eandios\u201d ou j\u00e1 utiliza a tecnologia para prever e evitar conflitos? Neste evento, discutiremos como a integra\u00e7\u00e3o de tecnologias de ponta \u2014 incluindo BIM, Drones e Monitoramento via Sat\u00e9lite \u2014 \u00e9 fundamental para a produ\u00e7\u00e3o de provas, acompanhamento de obras e mitiga\u00e7\u00e3o de riscos. Realiza\u00e7\u00e3o [&hellip;]<\/p>\n","protected":false},"author":14,"featured_media":153494,"comment_status":"open","ping_status":"open","sticky":false,"template":"","format":"video","meta":{"footnotes":""},"categories":[46,70,968,17],"tags":[1176],"class_list":{"0":"post-153492","1":"post","2":"type-post","3":"status-publish","4":"format-video","5":"has-post-thumbnail","7":"category-departamento-desenvolvimento-de-gestao-e-objetivos","8":"category-divisao-de-gerenciamento-de-empreendimentos","9":"category-nova-tv-engenharia","10":"category-tv-engenharia","11":"tag-video-home","12":"post_format-post-format-video"},"yoast_head":"<!-- This site is optimized with the Yoast SEO plugin v27.2 - https:\/\/yoast.com\/product\/yoast-seo-wordpress\/ -->\n<title>Gest\u00e3o reativa x gest\u00e3o proativa de contratos e projetos com suporte de IA - Instituto de Engenharia<\/title>\n<meta name=\"robots\" content=\"index, follow, max-snippet:-1, max-image-preview:large, max-video-preview:-1\" \/>\n<link rel=\"canonical\" href=\"https:\/\/www.institutodeengenharia.org.br\/site\/2026\/04\/09\/gestao-reativa-x-gestao-proativa-de-contratos-e-projetos-com-suporte-de-ia\/\" \/>\n<meta property=\"og:locale\" content=\"pt_BR\" \/>\n<meta property=\"og:type\" content=\"article\" \/>\n<meta property=\"og:title\" content=\"Gest\u00e3o reativa x gest\u00e3o proativa de contratos e projetos com suporte de IA - Instituto de Engenharia\" \/>\n<meta property=\"og:description\" content=\"Assista \u00e0 palestra. Abordagem: Voc\u00ea ainda gerencia seus projetos \u201capagando inc\u00eandios\u201d ou j\u00e1 utiliza a tecnologia para prever e evitar conflitos? Neste evento, discutiremos como a integra\u00e7\u00e3o de tecnologias de ponta \u2014 incluindo BIM, Drones e Monitoramento via Sat\u00e9lite \u2014 \u00e9 fundamental para a produ\u00e7\u00e3o de provas, acompanhamento de obras e mitiga\u00e7\u00e3o de riscos. Realiza\u00e7\u00e3o [&hellip;]\" \/>\n<meta property=\"og:url\" content=\"https:\/\/www.institutodeengenharia.org.br\/site\/2026\/04\/09\/gestao-reativa-x-gestao-proativa-de-contratos-e-projetos-com-suporte-de-ia\/\" \/>\n<meta property=\"og:site_name\" content=\"Instituto de Engenharia\" \/>\n<meta property=\"article:publisher\" content=\"https:\/\/www.facebook.com\/institutodeengenharia\" \/>\n<meta property=\"article:published_time\" content=\"2026-04-09T14:48:36+00:00\" \/>\n<meta property=\"article:modified_time\" content=\"2026-04-24T14:50:47+00:00\" \/>\n<meta property=\"og:image\" content=\"https:\/\/www.institutodeengenharia.org.br\/site\/wp-content\/uploads\/2026\/04\/CAPA-PALESTRA-ONLINE.jpg\" \/>\n\t<meta property=\"og:image:width\" content=\"1920\" \/>\n\t<meta property=\"og:image:height\" content=\"1080\" \/>\n\t<meta property=\"og:image:type\" content=\"image\/jpeg\" \/>\n<meta name=\"author\" content=\"Isabel\" \/>\n<meta name=\"twitter:card\" content=\"summary_large_image\" \/>\n<meta name=\"twitter:creator\" content=\"@iengenharia\" \/>\n<meta name=\"twitter:site\" content=\"@iengenharia\" \/>\n<meta name=\"twitter:label1\" content=\"Escrito por\" \/>\n\t<meta name=\"twitter:data1\" content=\"Isabel\" \/>\n\t<meta name=\"twitter:label2\" content=\"Est. tempo de leitura\" \/>\n\t<meta name=\"twitter:data2\" content=\"2 minutos\" \/>\n<script type=\"application\/ld+json\" class=\"yoast-schema-graph\">{\"@context\":\"https:\/\/schema.org\",\"@graph\":[{\"@type\":\"Article\",\"@id\":\"https:\/\/www.institutodeengenharia.org.br\/site\/2026\/04\/09\/gestao-reativa-x-gestao-proativa-de-contratos-e-projetos-com-suporte-de-ia\/#article\",\"isPartOf\":{\"@id\":\"https:\/\/www.institutodeengenharia.org.br\/site\/2026\/04\/09\/gestao-reativa-x-gestao-proativa-de-contratos-e-projetos-com-suporte-de-ia\/\"},\"author\":{\"name\":\"Isabel\",\"@id\":\"https:\/\/www.institutodeengenharia.org.br\/site\/#\/schema\/person\/593dc356630173a4877a635d3e5fd76b\"},\"headline\":\"Gest\u00e3o reativa x gest\u00e3o proativa de contratos e projetos com suporte de IA\",\"datePublished\":\"2026-04-09T14:48:36+00:00\",\"dateModified\":\"2026-04-24T14:50:47+00:00\",\"mainEntityOfPage\":{\"@id\":\"https:\/\/www.institutodeengenharia.org.br\/site\/2026\/04\/09\/gestao-reativa-x-gestao-proativa-de-contratos-e-projetos-com-suporte-de-ia\/\"},\"wordCount\":166,\"commentCount\":0,\"publisher\":{\"@id\":\"https:\/\/www.institutodeengenharia.org.br\/site\/#organization\"},\"image\":{\"@id\":\"https:\/\/www.institutodeengenharia.org.br\/site\/2026\/04\/09\/gestao-reativa-x-gestao-proativa-de-contratos-e-projetos-com-suporte-de-ia\/#primaryimage\"},\"thumbnailUrl\":\"https:\/\/www.institutodeengenharia.org.br\/site\/wp-content\/uploads\/2026\/04\/CAPA-PALESTRA-ONLINE.jpg\",\"keywords\":[\"video-home\"],\"articleSection\":[\"Departamento Desenvolvimento de Gest\u00e3o e Objetivos\",\"Divis\u00e3o T\u00e9cnica de Gerenciamento de Empreendimentos\",\"Nova TV Engenharia\",\"TV Engenharia\"],\"inLanguage\":\"pt-BR\",\"potentialAction\":[{\"@type\":\"CommentAction\",\"name\":\"Comment\",\"target\":[\"https:\/\/www.institutodeengenharia.org.br\/site\/2026\/04\/09\/gestao-reativa-x-gestao-proativa-de-contratos-e-projetos-com-suporte-de-ia\/#respond\"]}]},{\"@type\":\"WebPage\",\"@id\":\"https:\/\/www.institutodeengenharia.org.br\/site\/2026\/04\/09\/gestao-reativa-x-gestao-proativa-de-contratos-e-projetos-com-suporte-de-ia\/\",\"url\":\"https:\/\/www.institutodeengenharia.org.br\/site\/2026\/04\/09\/gestao-reativa-x-gestao-proativa-de-contratos-e-projetos-com-suporte-de-ia\/\",\"name\":\"Gest\u00e3o reativa x gest\u00e3o proativa de contratos e projetos com suporte de IA - Instituto de Engenharia\",\"isPartOf\":{\"@id\":\"https:\/\/www.institutodeengenharia.org.br\/site\/#website\"},\"primaryImageOfPage\":{\"@id\":\"https:\/\/www.institutodeengenharia.org.br\/site\/2026\/04\/09\/gestao-reativa-x-gestao-proativa-de-contratos-e-projetos-com-suporte-de-ia\/#primaryimage\"},\"image\":{\"@id\":\"https:\/\/www.institutodeengenharia.org.br\/site\/2026\/04\/09\/gestao-reativa-x-gestao-proativa-de-contratos-e-projetos-com-suporte-de-ia\/#primaryimage\"},\"thumbnailUrl\":\"https:\/\/www.institutodeengenharia.org.br\/site\/wp-content\/uploads\/2026\/04\/CAPA-PALESTRA-ONLINE.jpg\",\"datePublished\":\"2026-04-09T14:48:36+00:00\",\"dateModified\":\"2026-04-24T14:50:47+00:00\",\"breadcrumb\":{\"@id\":\"https:\/\/www.institutodeengenharia.org.br\/site\/2026\/04\/09\/gestao-reativa-x-gestao-proativa-de-contratos-e-projetos-com-suporte-de-ia\/#breadcrumb\"},\"inLanguage\":\"pt-BR\",\"potentialAction\":[{\"@type\":\"ReadAction\",\"target\":[\"https:\/\/www.institutodeengenharia.org.br\/site\/2026\/04\/09\/gestao-reativa-x-gestao-proativa-de-contratos-e-projetos-com-suporte-de-ia\/\"]}]},{\"@type\":\"ImageObject\",\"inLanguage\":\"pt-BR\",\"@id\":\"https:\/\/www.institutodeengenharia.org.br\/site\/2026\/04\/09\/gestao-reativa-x-gestao-proativa-de-contratos-e-projetos-com-suporte-de-ia\/#primaryimage\",\"url\":\"https:\/\/www.institutodeengenharia.org.br\/site\/wp-content\/uploads\/2026\/04\/CAPA-PALESTRA-ONLINE.jpg\",\"contentUrl\":\"https:\/\/www.institutodeengenharia.org.br\/site\/wp-content\/uploads\/2026\/04\/CAPA-PALESTRA-ONLINE.jpg\",\"width\":1920,\"height\":1080},{\"@type\":\"BreadcrumbList\",\"@id\":\"https:\/\/www.institutodeengenharia.org.br\/site\/2026\/04\/09\/gestao-reativa-x-gestao-proativa-de-contratos-e-projetos-com-suporte-de-ia\/#breadcrumb\",\"itemListElement\":[{\"@type\":\"ListItem\",\"position\":1,\"name\":\"In\u00edcio\",\"item\":\"https:\/\/www.institutodeengenharia.org.br\/site\/\"},{\"@type\":\"ListItem\",\"position\":2,\"name\":\"Gest\u00e3o reativa x gest\u00e3o proativa de contratos e projetos com suporte de IA\"}]},{\"@type\":\"WebSite\",\"@id\":\"https:\/\/www.institutodeengenharia.org.br\/site\/#website\",\"url\":\"https:\/\/www.institutodeengenharia.org.br\/site\/\",\"name\":\"Instituto de Engenharia\",\"description\":\"O Instituto de Engenharia promove a Engenharia em benef\u00edcio do desenvolvimento e da qualidade de vida da sociedade.\",\"publisher\":{\"@id\":\"https:\/\/www.institutodeengenharia.org.br\/site\/#organization\"},\"potentialAction\":[{\"@type\":\"SearchAction\",\"target\":{\"@type\":\"EntryPoint\",\"urlTemplate\":\"https:\/\/www.institutodeengenharia.org.br\/site\/?s={search_term_string}\"},\"query-input\":{\"@type\":\"PropertyValueSpecification\",\"valueRequired\":true,\"valueName\":\"search_term_string\"}}],\"inLanguage\":\"pt-BR\"},{\"@type\":\"Organization\",\"@id\":\"https:\/\/www.institutodeengenharia.org.br\/site\/#organization\",\"name\":\"Instituto de Engenharia\",\"url\":\"https:\/\/www.institutodeengenharia.org.br\/site\/\",\"logo\":{\"@type\":\"ImageObject\",\"inLanguage\":\"pt-BR\",\"@id\":\"https:\/\/www.institutodeengenharia.org.br\/site\/#\/schema\/logo\/image\/\",\"url\":\"https:\/\/www.institutodeengenharia.org.br\/site\/wp-content\/uploads\/2019\/03\/logo-novo-IE2018-1.jpg\",\"contentUrl\":\"https:\/\/www.institutodeengenharia.org.br\/site\/wp-content\/uploads\/2019\/03\/logo-novo-IE2018-1.jpg\",\"width\":1486,\"height\":1879,\"caption\":\"Instituto de Engenharia\"},\"image\":{\"@id\":\"https:\/\/www.institutodeengenharia.org.br\/site\/#\/schema\/logo\/image\/\"},\"sameAs\":[\"https:\/\/www.facebook.com\/institutodeengenharia\",\"https:\/\/x.com\/iengenharia\",\"https:\/\/www.instagram.com\/institutodeengenharia\/\",\"https:\/\/www.linkedin.com\/company\/instituto-de-engenharia\/\",\"https:\/\/www.youtube.com\/channel\/UCXiCAlsSMe977vamW915HxA\"]},{\"@type\":\"Person\",\"@id\":\"https:\/\/www.institutodeengenharia.org.br\/site\/#\/schema\/person\/593dc356630173a4877a635d3e5fd76b\",\"name\":\"Isabel\",\"image\":{\"@type\":\"ImageObject\",\"inLanguage\":\"pt-BR\",\"@id\":\"https:\/\/secure.gravatar.com\/avatar\/f3c521db63ec9db17894f10a88c6a3cf95b2281d7f80eeb3cf3ef1cb091576e7?s=96&d=mm&r=g\",\"url\":\"https:\/\/secure.gravatar.com\/avatar\/f3c521db63ec9db17894f10a88c6a3cf95b2281d7f80eeb3cf3ef1cb091576e7?s=96&d=mm&r=g\",\"contentUrl\":\"https:\/\/secure.gravatar.com\/avatar\/f3c521db63ec9db17894f10a88c6a3cf95b2281d7f80eeb3cf3ef1cb091576e7?s=96&d=mm&r=g\",\"caption\":\"Isabel\"},\"url\":\"https:\/\/www.institutodeengenharia.org.br\/site\/author\/comunicacao2\/\"}]}<\/script>\n<!-- \/ Yoast SEO plugin. -->","yoast_head_json":{"title":"Gest\u00e3o reativa x gest\u00e3o proativa de contratos e projetos com suporte de IA - Instituto de Engenharia","robots":{"index":"index","follow":"follow","max-snippet":"max-snippet:-1","max-image-preview":"max-image-preview:large","max-video-preview":"max-video-preview:-1"},"canonical":"https:\/\/www.institutodeengenharia.org.br\/site\/2026\/04\/09\/gestao-reativa-x-gestao-proativa-de-contratos-e-projetos-com-suporte-de-ia\/","og_locale":"pt_BR","og_type":"article","og_title":"Gest\u00e3o reativa x gest\u00e3o proativa de contratos e projetos com suporte de IA - Instituto de Engenharia","og_description":"Assista \u00e0 palestra. Abordagem: Voc\u00ea ainda gerencia seus projetos \u201capagando inc\u00eandios\u201d ou j\u00e1 utiliza a tecnologia para prever e evitar conflitos? Neste evento, discutiremos como a integra\u00e7\u00e3o de tecnologias de ponta \u2014 incluindo BIM, Drones e Monitoramento via Sat\u00e9lite \u2014 \u00e9 fundamental para a produ\u00e7\u00e3o de provas, acompanhamento de obras e mitiga\u00e7\u00e3o de riscos. Realiza\u00e7\u00e3o [&hellip;]","og_url":"https:\/\/www.institutodeengenharia.org.br\/site\/2026\/04\/09\/gestao-reativa-x-gestao-proativa-de-contratos-e-projetos-com-suporte-de-ia\/","og_site_name":"Instituto de Engenharia","article_publisher":"https:\/\/www.facebook.com\/institutodeengenharia","article_published_time":"2026-04-09T14:48:36+00:00","article_modified_time":"2026-04-24T14:50:47+00:00","og_image":[{"width":1920,"height":1080,"url":"https:\/\/www.institutodeengenharia.org.br\/site\/wp-content\/uploads\/2026\/04\/CAPA-PALESTRA-ONLINE.jpg","type":"image\/jpeg"}],"author":"Isabel","twitter_card":"summary_large_image","twitter_creator":"@iengenharia","twitter_site":"@iengenharia","twitter_misc":{"Escrito por":"Isabel","Est. tempo de leitura":"2 minutos"},"schema":{"@context":"https:\/\/schema.org","@graph":[{"@type":"Article","@id":"https:\/\/www.institutodeengenharia.org.br\/site\/2026\/04\/09\/gestao-reativa-x-gestao-proativa-de-contratos-e-projetos-com-suporte-de-ia\/#article","isPartOf":{"@id":"https:\/\/www.institutodeengenharia.org.br\/site\/2026\/04\/09\/gestao-reativa-x-gestao-proativa-de-contratos-e-projetos-com-suporte-de-ia\/"},"author":{"name":"Isabel","@id":"https:\/\/www.institutodeengenharia.org.br\/site\/#\/schema\/person\/593dc356630173a4877a635d3e5fd76b"},"headline":"Gest\u00e3o reativa x gest\u00e3o proativa de contratos e projetos com suporte de IA","datePublished":"2026-04-09T14:48:36+00:00","dateModified":"2026-04-24T14:50:47+00:00","mainEntityOfPage":{"@id":"https:\/\/www.institutodeengenharia.org.br\/site\/2026\/04\/09\/gestao-reativa-x-gestao-proativa-de-contratos-e-projetos-com-suporte-de-ia\/"},"wordCount":166,"commentCount":0,"publisher":{"@id":"https:\/\/www.institutodeengenharia.org.br\/site\/#organization"},"image":{"@id":"https:\/\/www.institutodeengenharia.org.br\/site\/2026\/04\/09\/gestao-reativa-x-gestao-proativa-de-contratos-e-projetos-com-suporte-de-ia\/#primaryimage"},"thumbnailUrl":"https:\/\/www.institutodeengenharia.org.br\/site\/wp-content\/uploads\/2026\/04\/CAPA-PALESTRA-ONLINE.jpg","keywords":["video-home"],"articleSection":["Departamento Desenvolvimento de Gest\u00e3o e Objetivos","Divis\u00e3o T\u00e9cnica de Gerenciamento de Empreendimentos","Nova TV Engenharia","TV Engenharia"],"inLanguage":"pt-BR","potentialAction":[{"@type":"CommentAction","name":"Comment","target":["https:\/\/www.institutodeengenharia.org.br\/site\/2026\/04\/09\/gestao-reativa-x-gestao-proativa-de-contratos-e-projetos-com-suporte-de-ia\/#respond"]}]},{"@type":"WebPage","@id":"https:\/\/www.institutodeengenharia.org.br\/site\/2026\/04\/09\/gestao-reativa-x-gestao-proativa-de-contratos-e-projetos-com-suporte-de-ia\/","url":"https:\/\/www.institutodeengenharia.org.br\/site\/2026\/04\/09\/gestao-reativa-x-gestao-proativa-de-contratos-e-projetos-com-suporte-de-ia\/","name":"Gest\u00e3o reativa x gest\u00e3o proativa de contratos e projetos com suporte de IA - Instituto de Engenharia","isPartOf":{"@id":"https:\/\/www.institutodeengenharia.org.br\/site\/#website"},"primaryImageOfPage":{"@id":"https:\/\/www.institutodeengenharia.org.br\/site\/2026\/04\/09\/gestao-reativa-x-gestao-proativa-de-contratos-e-projetos-com-suporte-de-ia\/#primaryimage"},"image":{"@id":"https:\/\/www.institutodeengenharia.org.br\/site\/2026\/04\/09\/gestao-reativa-x-gestao-proativa-de-contratos-e-projetos-com-suporte-de-ia\/#primaryimage"},"thumbnailUrl":"https:\/\/www.institutodeengenharia.org.br\/site\/wp-content\/uploads\/2026\/04\/CAPA-PALESTRA-ONLINE.jpg","datePublished":"2026-04-09T14:48:36+00:00","dateModified":"2026-04-24T14:50:47+00:00","breadcrumb":{"@id":"https:\/\/www.institutodeengenharia.org.br\/site\/2026\/04\/09\/gestao-reativa-x-gestao-proativa-de-contratos-e-projetos-com-suporte-de-ia\/#breadcrumb"},"inLanguage":"pt-BR","potentialAction":[{"@type":"ReadAction","target":["https:\/\/www.institutodeengenharia.org.br\/site\/2026\/04\/09\/gestao-reativa-x-gestao-proativa-de-contratos-e-projetos-com-suporte-de-ia\/"]}]},{"@type":"ImageObject","inLanguage":"pt-BR","@id":"https:\/\/www.institutodeengenharia.org.br\/site\/2026\/04\/09\/gestao-reativa-x-gestao-proativa-de-contratos-e-projetos-com-suporte-de-ia\/#primaryimage","url":"https:\/\/www.institutodeengenharia.org.br\/site\/wp-content\/uploads\/2026\/04\/CAPA-PALESTRA-ONLINE.jpg","contentUrl":"https:\/\/www.institutodeengenharia.org.br\/site\/wp-content\/uploads\/2026\/04\/CAPA-PALESTRA-ONLINE.jpg","width":1920,"height":1080},{"@type":"BreadcrumbList","@id":"https:\/\/www.institutodeengenharia.org.br\/site\/2026\/04\/09\/gestao-reativa-x-gestao-proativa-de-contratos-e-projetos-com-suporte-de-ia\/#breadcrumb","itemListElement":[{"@type":"ListItem","position":1,"name":"In\u00edcio","item":"https:\/\/www.institutodeengenharia.org.br\/site\/"},{"@type":"ListItem","position":2,"name":"Gest\u00e3o reativa x gest\u00e3o proativa de contratos e projetos com suporte de IA"}]},{"@type":"WebSite","@id":"https:\/\/www.institutodeengenharia.org.br\/site\/#website","url":"https:\/\/www.institutodeengenharia.org.br\/site\/","name":"Instituto de Engenharia","description":"O Instituto de Engenharia promove a Engenharia em benef\u00edcio do desenvolvimento e da qualidade de vida da sociedade.","publisher":{"@id":"https:\/\/www.institutodeengenharia.org.br\/site\/#organization"},"potentialAction":[{"@type":"SearchAction","target":{"@type":"EntryPoint","urlTemplate":"https:\/\/www.institutodeengenharia.org.br\/site\/?s={search_term_string}"},"query-input":{"@type":"PropertyValueSpecification","valueRequired":true,"valueName":"search_term_string"}}],"inLanguage":"pt-BR"},{"@type":"Organization","@id":"https:\/\/www.institutodeengenharia.org.br\/site\/#organization","name":"Instituto de Engenharia","url":"https:\/\/www.institutodeengenharia.org.br\/site\/","logo":{"@type":"ImageObject","inLanguage":"pt-BR","@id":"https:\/\/www.institutodeengenharia.org.br\/site\/#\/schema\/logo\/image\/","url":"https:\/\/www.institutodeengenharia.org.br\/site\/wp-content\/uploads\/2019\/03\/logo-novo-IE2018-1.jpg","contentUrl":"https:\/\/www.institutodeengenharia.org.br\/site\/wp-content\/uploads\/2019\/03\/logo-novo-IE2018-1.jpg","width":1486,"height":1879,"caption":"Instituto de Engenharia"},"image":{"@id":"https:\/\/www.institutodeengenharia.org.br\/site\/#\/schema\/logo\/image\/"},"sameAs":["https:\/\/www.facebook.com\/institutodeengenharia","https:\/\/x.com\/iengenharia","https:\/\/www.instagram.com\/institutodeengenharia\/","https:\/\/www.linkedin.com\/company\/instituto-de-engenharia\/","https:\/\/www.youtube.com\/channel\/UCXiCAlsSMe977vamW915HxA"]},{"@type":"Person","@id":"https:\/\/www.institutodeengenharia.org.br\/site\/#\/schema\/person\/593dc356630173a4877a635d3e5fd76b","name":"Isabel","image":{"@type":"ImageObject","inLanguage":"pt-BR","@id":"https:\/\/secure.gravatar.com\/avatar\/f3c521db63ec9db17894f10a88c6a3cf95b2281d7f80eeb3cf3ef1cb091576e7?s=96&d=mm&r=g","url":"https:\/\/secure.gravatar.com\/avatar\/f3c521db63ec9db17894f10a88c6a3cf95b2281d7f80eeb3cf3ef1cb091576e7?s=96&d=mm&r=g","contentUrl":"https:\/\/secure.gravatar.com\/avatar\/f3c521db63ec9db17894f10a88c6a3cf95b2281d7f80eeb3cf3ef1cb091576e7?s=96&d=mm&r=g","caption":"Isabel"},"url":"https:\/\/www.institutodeengenharia.org.br\/site\/author\/comunicacao2\/"}]}},"_links":{"self":[{"href":"https:\/\/www.institutodeengenharia.org.br\/site\/wp-json\/wp\/v2\/posts\/153492","targetHints":{"allow":["GET"]}}],"collection":[{"href":"https:\/\/www.institutodeengenharia.org.br\/site\/wp-json\/wp\/v2\/posts"}],"about":[{"href":"https:\/\/www.institutodeengenharia.org.br\/site\/wp-json\/wp\/v2\/types\/post"}],"author":[{"embeddable":true,"href":"https:\/\/www.institutodeengenharia.org.br\/site\/wp-json\/wp\/v2\/users\/14"}],"replies":[{"embeddable":true,"href":"https:\/\/www.institutodeengenharia.org.br\/site\/wp-json\/wp\/v2\/comments?post=153492"}],"version-history":[{"count":1,"href":"https:\/\/www.institutodeengenharia.org.br\/site\/wp-json\/wp\/v2\/posts\/153492\/revisions"}],"predecessor-version":[{"id":153493,"href":"https:\/\/www.institutodeengenharia.org.br\/site\/wp-json\/wp\/v2\/posts\/153492\/revisions\/153493"}],"wp:featuredmedia":[{"embeddable":true,"href":"https:\/\/www.institutodeengenharia.org.br\/site\/wp-json\/wp\/v2\/media\/153494"}],"wp:attachment":[{"href":"https:\/\/www.institutodeengenharia.org.br\/site\/wp-json\/wp\/v2\/media?parent=153492"}],"wp:term":[{"taxonomy":"category","embeddable":true,"href":"https:\/\/www.institutodeengenharia.org.br\/site\/wp-json\/wp\/v2\/categories?post=153492"},{"taxonomy":"post_tag","embeddable":true,"href":"https:\/\/www.institutodeengenharia.org.br\/site\/wp-json\/wp\/v2\/tags?post=153492"}],"curies":[{"name":"wp","href":"https:\/\/api.w.org\/{rel}","templated":true}]}}