{"id":152548,"date":"2026-03-16T10:39:54","date_gmt":"2026-03-16T13:39:54","guid":{"rendered":"https:\/\/www.institutodeengenharia.org.br\/site\/?p=152548"},"modified":"2026-03-16T10:40:56","modified_gmt":"2026-03-16T13:40:56","slug":"tcmsp-apresenta-a-sala-do-clima-para-a-diretoria-do-ie","status":"publish","type":"post","link":"https:\/\/www.institutodeengenharia.org.br\/site\/2026\/03\/16\/tcmsp-apresenta-a-sala-do-clima-para-a-diretoria-do-ie\/","title":{"rendered":"TCMSP apresenta a Sala do Clima para a diretoria do IE"},"content":{"rendered":"<p>O presidente do Instituto de Engenharia, Jos\u00e9 Eduardo Jardim, recebeu na \u00faltima sexta (13), membros do Tribunal de Contas do Munic\u00edpio de S\u00e3o Paulo (TCMSP), que <span data-teams=\"true\">apresentaram os objetivos, as diretrizes e a forma de atua\u00e7\u00e3o da\u00a0<\/span>Sala do Clima.<\/p>\n<p><span data-teams=\"true\">A <\/span>Sala do Clima \u00e9 uma iniciativa in\u00e9dita e permanente do TCMSP voltada ao acompanhamento das pol\u00edticas p\u00fablicas ambientais no controle externo. O projeto foi criado pelo presidente do TCMSP, Domingos Dissei, ap\u00f3s a realiza\u00e7\u00e3o do Semin\u00e1rio \u2018Mudan\u00e7as Clim\u00e1ticas e o Papel dos Tribunais de Contas\u2019, em agosto de 2025.<\/p>\n<p>O coordenador da Sala do Clima, Gilberto Natalini, fequentador antigo do IE, destacou que a participa\u00e7\u00e3o do Instituto \u00e9 importante pela vida social na cidade de S\u00e3o Paulo e no Pa\u00eds. &#8220;Respeito muito a postura do Instituto de Engenharia (&#8230;) pelo conhecimento, pela abertura, vis\u00e3o democr\u00e1tica e pela expertise t\u00e9cnica&#8221;, destacou Natalini, que \u00e9 m\u00e9dico, mas se diz obrigado a se ajoelhar para os engenheiros na atitude do Instituto de Engenharia.<\/p>\n<p>Jardim destacou que esse projeto \u00e9 uma oportunidade de ouro. &#8220;Apesar de estarmos em S\u00e3o Paulo, sempre olhamos para o Brasil.&#8221;<\/p>\n<p>O encontro refor\u00e7ou o compromisso institucional do TCMSP com o di\u00e1logo t\u00e9cnico e com a articula\u00e7\u00e3o junto a entidades de refer\u00eancia nas \u00e1reas de Engenharia, Infraestrutura e Desenvolvimento Sustent\u00e1vel, ampliando a divulga\u00e7\u00e3o da Sala do Clima e contribuindo para a consolida\u00e7\u00e3o de parcerias estrat\u00e9gicas voltadas \u00e0 qualifica\u00e7\u00e3o do controle externo das pol\u00edticas clim\u00e1ticas no munic\u00edpio de S\u00e3o Paulo<\/p>\n<p><span data-teams=\"true\"><img loading=\"lazy\" decoding=\"async\" class=\" wp-image-152552 alignleft\" src=\"https:\/\/www.institutodeengenharia.org.br\/site\/wp-content\/uploads\/2026\/03\/sala-do-clima-2-300x135.jpg\" alt=\"\" width=\"373\" height=\"168\" srcset=\"https:\/\/www.institutodeengenharia.org.br\/site\/wp-content\/uploads\/2026\/03\/sala-do-clima-2-300x135.jpg 300w, https:\/\/www.institutodeengenharia.org.br\/site\/wp-content\/uploads\/2026\/03\/sala-do-clima-2-1024x461.jpg 1024w, https:\/\/www.institutodeengenharia.org.br\/site\/wp-content\/uploads\/2026\/03\/sala-do-clima-2-768x346.jpg 768w, https:\/\/www.institutodeengenharia.org.br\/site\/wp-content\/uploads\/2026\/03\/sala-do-clima-2-1536x692.jpg 1536w, https:\/\/www.institutodeengenharia.org.br\/site\/wp-content\/uploads\/2026\/03\/sala-do-clima-2-933x420.jpg 933w, https:\/\/www.institutodeengenharia.org.br\/site\/wp-content\/uploads\/2026\/03\/sala-do-clima-2-696x313.jpg 696w, https:\/\/www.institutodeengenharia.org.br\/site\/wp-content\/uploads\/2026\/03\/sala-do-clima-2-1068x481.jpg 1068w, https:\/\/www.institutodeengenharia.org.br\/site\/wp-content\/uploads\/2026\/03\/sala-do-clima-2-1920x865.jpg 1920w, https:\/\/www.institutodeengenharia.org.br\/site\/wp-content\/uploads\/2026\/03\/sala-do-clima-2-600x270.jpg 600w, https:\/\/www.institutodeengenharia.org.br\/site\/wp-content\/uploads\/2026\/03\/sala-do-clima-2.jpg 2016w\" sizes=\"auto, (max-width: 373px) 100vw, 373px\" \/>Estiveram tamb\u00e9m presentes do TCMSP, o chefe de Gabinete da Presid\u00eancia, Rubens Chammas; o assessor da Presid\u00eancia, Am\u00e2ndio Martins; <\/span><span data-teams=\"true\">o chefe de Gabinete do Conselheiro Domingos Dissei, Pedro Evangelista; a assessora do Conselheiro Domingos Dissei, Dilian Guimar\u00e3es; e o assessor do gabinete do Conselheiro Ricardo Torres, Vin\u00edcius Caruso.<\/span><\/p>\n<p>Do IE participaram o presidente do Conselho Consultivo, Alfredo Savelli; o c<span data-teams=\"true\">oordenador da DT de \u00c1guas e Saneamento, Jos\u00e9 Eduardo Cavalcanti;\u00a0<\/span>o coordenador da DT Ind\u00fastria de Petr\u00f3leo, G\u00e1s, Bioenerg\u00e9tica, Minera\u00e7\u00e3o e Dutovias, Jos\u00e9 Jaime Sznelwar, e os associados convidados, Renato Pimentel Mendes e Henrique Dias de Faria.<\/p>\n<p><img loading=\"lazy\" decoding=\"async\" class=\" wp-image-152554 aligncenter\" src=\"https:\/\/www.institutodeengenharia.org.br\/site\/wp-content\/uploads\/2026\/03\/sala-do-clima-3-300x135.jpg\" alt=\"\" width=\"416\" height=\"187\" srcset=\"https:\/\/www.institutodeengenharia.org.br\/site\/wp-content\/uploads\/2026\/03\/sala-do-clima-3-300x135.jpg 300w, https:\/\/www.institutodeengenharia.org.br\/site\/wp-content\/uploads\/2026\/03\/sala-do-clima-3-1024x461.jpg 1024w, https:\/\/www.institutodeengenharia.org.br\/site\/wp-content\/uploads\/2026\/03\/sala-do-clima-3-768x346.jpg 768w, https:\/\/www.institutodeengenharia.org.br\/site\/wp-content\/uploads\/2026\/03\/sala-do-clima-3-1536x691.jpg 1536w, https:\/\/www.institutodeengenharia.org.br\/site\/wp-content\/uploads\/2026\/03\/sala-do-clima-3-933x420.jpg 933w, https:\/\/www.institutodeengenharia.org.br\/site\/wp-content\/uploads\/2026\/03\/sala-do-clima-3-696x313.jpg 696w, https:\/\/www.institutodeengenharia.org.br\/site\/wp-content\/uploads\/2026\/03\/sala-do-clima-3-1068x481.jpg 1068w, https:\/\/www.institutodeengenharia.org.br\/site\/wp-content\/uploads\/2026\/03\/sala-do-clima-3-1920x864.jpg 1920w, https:\/\/www.institutodeengenharia.org.br\/site\/wp-content\/uploads\/2026\/03\/sala-do-clima-3-600x270.jpg 600w, https:\/\/www.institutodeengenharia.org.br\/site\/wp-content\/uploads\/2026\/03\/sala-do-clima-3.jpg 2000w\" sizes=\"auto, (max-width: 416px) 100vw, 416px\" \/><\/p>\n<p>&nbsp;<\/p>\n<p><span data-teams=\"true\">.<\/span><\/p>\n","protected":false},"excerpt":{"rendered":"<p>O presidente do Instituto de Engenharia, Jos\u00e9 Eduardo Jardim, recebeu na \u00faltima sexta (13), membros do Tribunal de Contas do Munic\u00edpio de S\u00e3o Paulo (TCMSP), que apresentaram os objetivos, as diretrizes e a forma de atua\u00e7\u00e3o da\u00a0Sala do Clima. A Sala do Clima \u00e9 uma iniciativa in\u00e9dita e permanente do TCMSP voltada ao acompanhamento das [&hellip;]<\/p>\n","protected":false},"author":14,"featured_media":152551,"comment_status":"open","ping_status":"open","sticky":false,"template":"","format":"standard","meta":{"footnotes":""},"categories":[27,31,973,141],"tags":[],"class_list":{"0":"post-152548","1":"post","2":"type-post","3":"status-publish","4":"format-standard","5":"has-post-thumbnail","7":"category-instituto-de-engenharia","8":"category-meio-ambiente","9":"category-meio-ambiente-futuro","10":"category-noticias-menu"},"yoast_head":"<!-- This site is optimized with the Yoast SEO plugin v27.2 - https:\/\/yoast.com\/product\/yoast-seo-wordpress\/ -->\n<title>TCMSP apresenta a Sala do Clima para a diretoria do IE - Instituto de Engenharia<\/title>\n<meta name=\"robots\" content=\"index, follow, max-snippet:-1, max-image-preview:large, max-video-preview:-1\" \/>\n<link rel=\"canonical\" href=\"https:\/\/www.institutodeengenharia.org.br\/site\/2026\/03\/16\/tcmsp-apresenta-a-sala-do-clima-para-a-diretoria-do-ie\/\" \/>\n<meta property=\"og:locale\" content=\"pt_BR\" \/>\n<meta property=\"og:type\" content=\"article\" \/>\n<meta property=\"og:title\" content=\"TCMSP apresenta a Sala do Clima para a diretoria do IE - Instituto de Engenharia\" \/>\n<meta property=\"og:description\" content=\"O presidente do Instituto de Engenharia, Jos\u00e9 Eduardo Jardim, recebeu na \u00faltima sexta (13), membros do Tribunal de Contas do Munic\u00edpio de S\u00e3o Paulo (TCMSP), que apresentaram os objetivos, as diretrizes e a forma de atua\u00e7\u00e3o da\u00a0Sala do Clima. A Sala do Clima \u00e9 uma iniciativa in\u00e9dita e permanente do TCMSP voltada ao acompanhamento das [&hellip;]\" \/>\n<meta property=\"og:url\" content=\"https:\/\/www.institutodeengenharia.org.br\/site\/2026\/03\/16\/tcmsp-apresenta-a-sala-do-clima-para-a-diretoria-do-ie\/\" \/>\n<meta property=\"og:site_name\" content=\"Instituto de Engenharia\" \/>\n<meta property=\"article:publisher\" content=\"https:\/\/www.facebook.com\/institutodeengenharia\" \/>\n<meta property=\"article:published_time\" content=\"2026-03-16T13:39:54+00:00\" \/>\n<meta property=\"article:modified_time\" content=\"2026-03-16T13:40:56+00:00\" \/>\n<meta property=\"og:image\" content=\"https:\/\/www.institutodeengenharia.org.br\/site\/wp-content\/uploads\/2026\/03\/sala-do-clima-1.jpg\" \/>\n\t<meta property=\"og:image:width\" content=\"2000\" \/>\n\t<meta property=\"og:image:height\" content=\"900\" \/>\n\t<meta property=\"og:image:type\" content=\"image\/jpeg\" \/>\n<meta name=\"author\" content=\"Isabel\" \/>\n<meta name=\"twitter:card\" content=\"summary_large_image\" \/>\n<meta name=\"twitter:creator\" content=\"@iengenharia\" \/>\n<meta name=\"twitter:site\" content=\"@iengenharia\" \/>\n<meta name=\"twitter:label1\" content=\"Escrito por\" \/>\n\t<meta name=\"twitter:data1\" content=\"Isabel\" \/>\n\t<meta name=\"twitter:label2\" content=\"Est. tempo de leitura\" \/>\n\t<meta name=\"twitter:data2\" content=\"3 minutos\" \/>\n<script type=\"application\/ld+json\" class=\"yoast-schema-graph\">{\"@context\":\"https:\/\/schema.org\",\"@graph\":[{\"@type\":\"Article\",\"@id\":\"https:\/\/www.institutodeengenharia.org.br\/site\/2026\/03\/16\/tcmsp-apresenta-a-sala-do-clima-para-a-diretoria-do-ie\/#article\",\"isPartOf\":{\"@id\":\"https:\/\/www.institutodeengenharia.org.br\/site\/2026\/03\/16\/tcmsp-apresenta-a-sala-do-clima-para-a-diretoria-do-ie\/\"},\"author\":{\"name\":\"Isabel\",\"@id\":\"https:\/\/www.institutodeengenharia.org.br\/site\/#\/schema\/person\/593dc356630173a4877a635d3e5fd76b\"},\"headline\":\"TCMSP apresenta a Sala do Clima para a diretoria do IE\",\"datePublished\":\"2026-03-16T13:39:54+00:00\",\"dateModified\":\"2026-03-16T13:40:56+00:00\",\"mainEntityOfPage\":{\"@id\":\"https:\/\/www.institutodeengenharia.org.br\/site\/2026\/03\/16\/tcmsp-apresenta-a-sala-do-clima-para-a-diretoria-do-ie\/\"},\"wordCount\":384,\"commentCount\":0,\"publisher\":{\"@id\":\"https:\/\/www.institutodeengenharia.org.br\/site\/#organization\"},\"image\":{\"@id\":\"https:\/\/www.institutodeengenharia.org.br\/site\/2026\/03\/16\/tcmsp-apresenta-a-sala-do-clima-para-a-diretoria-do-ie\/#primaryimage\"},\"thumbnailUrl\":\"https:\/\/www.institutodeengenharia.org.br\/site\/wp-content\/uploads\/2026\/03\/sala-do-clima-1.jpg\",\"articleSection\":[\"Instituto de Engenharia\",\"Meio Ambiente\",\"Meio Ambiente\",\"Not\u00edcias\"],\"inLanguage\":\"pt-BR\",\"potentialAction\":[{\"@type\":\"CommentAction\",\"name\":\"Comment\",\"target\":[\"https:\/\/www.institutodeengenharia.org.br\/site\/2026\/03\/16\/tcmsp-apresenta-a-sala-do-clima-para-a-diretoria-do-ie\/#respond\"]}]},{\"@type\":\"WebPage\",\"@id\":\"https:\/\/www.institutodeengenharia.org.br\/site\/2026\/03\/16\/tcmsp-apresenta-a-sala-do-clima-para-a-diretoria-do-ie\/\",\"url\":\"https:\/\/www.institutodeengenharia.org.br\/site\/2026\/03\/16\/tcmsp-apresenta-a-sala-do-clima-para-a-diretoria-do-ie\/\",\"name\":\"TCMSP apresenta a Sala do Clima para a diretoria do IE - Instituto de Engenharia\",\"isPartOf\":{\"@id\":\"https:\/\/www.institutodeengenharia.org.br\/site\/#website\"},\"primaryImageOfPage\":{\"@id\":\"https:\/\/www.institutodeengenharia.org.br\/site\/2026\/03\/16\/tcmsp-apresenta-a-sala-do-clima-para-a-diretoria-do-ie\/#primaryimage\"},\"image\":{\"@id\":\"https:\/\/www.institutodeengenharia.org.br\/site\/2026\/03\/16\/tcmsp-apresenta-a-sala-do-clima-para-a-diretoria-do-ie\/#primaryimage\"},\"thumbnailUrl\":\"https:\/\/www.institutodeengenharia.org.br\/site\/wp-content\/uploads\/2026\/03\/sala-do-clima-1.jpg\",\"datePublished\":\"2026-03-16T13:39:54+00:00\",\"dateModified\":\"2026-03-16T13:40:56+00:00\",\"breadcrumb\":{\"@id\":\"https:\/\/www.institutodeengenharia.org.br\/site\/2026\/03\/16\/tcmsp-apresenta-a-sala-do-clima-para-a-diretoria-do-ie\/#breadcrumb\"},\"inLanguage\":\"pt-BR\",\"potentialAction\":[{\"@type\":\"ReadAction\",\"target\":[\"https:\/\/www.institutodeengenharia.org.br\/site\/2026\/03\/16\/tcmsp-apresenta-a-sala-do-clima-para-a-diretoria-do-ie\/\"]}]},{\"@type\":\"ImageObject\",\"inLanguage\":\"pt-BR\",\"@id\":\"https:\/\/www.institutodeengenharia.org.br\/site\/2026\/03\/16\/tcmsp-apresenta-a-sala-do-clima-para-a-diretoria-do-ie\/#primaryimage\",\"url\":\"https:\/\/www.institutodeengenharia.org.br\/site\/wp-content\/uploads\/2026\/03\/sala-do-clima-1.jpg\",\"contentUrl\":\"https:\/\/www.institutodeengenharia.org.br\/site\/wp-content\/uploads\/2026\/03\/sala-do-clima-1.jpg\",\"width\":2000,\"height\":900},{\"@type\":\"BreadcrumbList\",\"@id\":\"https:\/\/www.institutodeengenharia.org.br\/site\/2026\/03\/16\/tcmsp-apresenta-a-sala-do-clima-para-a-diretoria-do-ie\/#breadcrumb\",\"itemListElement\":[{\"@type\":\"ListItem\",\"position\":1,\"name\":\"In\u00edcio\",\"item\":\"https:\/\/www.institutodeengenharia.org.br\/site\/\"},{\"@type\":\"ListItem\",\"position\":2,\"name\":\"TCMSP apresenta a Sala do Clima para a diretoria do IE\"}]},{\"@type\":\"WebSite\",\"@id\":\"https:\/\/www.institutodeengenharia.org.br\/site\/#website\",\"url\":\"https:\/\/www.institutodeengenharia.org.br\/site\/\",\"name\":\"Instituto de Engenharia\",\"description\":\"O Instituto de Engenharia promove a Engenharia em benef\u00edcio do desenvolvimento e da qualidade de vida da sociedade.\",\"publisher\":{\"@id\":\"https:\/\/www.institutodeengenharia.org.br\/site\/#organization\"},\"potentialAction\":[{\"@type\":\"SearchAction\",\"target\":{\"@type\":\"EntryPoint\",\"urlTemplate\":\"https:\/\/www.institutodeengenharia.org.br\/site\/?s={search_term_string}\"},\"query-input\":{\"@type\":\"PropertyValueSpecification\",\"valueRequired\":true,\"valueName\":\"search_term_string\"}}],\"inLanguage\":\"pt-BR\"},{\"@type\":\"Organization\",\"@id\":\"https:\/\/www.institutodeengenharia.org.br\/site\/#organization\",\"name\":\"Instituto de Engenharia\",\"url\":\"https:\/\/www.institutodeengenharia.org.br\/site\/\",\"logo\":{\"@type\":\"ImageObject\",\"inLanguage\":\"pt-BR\",\"@id\":\"https:\/\/www.institutodeengenharia.org.br\/site\/#\/schema\/logo\/image\/\",\"url\":\"https:\/\/www.institutodeengenharia.org.br\/site\/wp-content\/uploads\/2019\/03\/logo-novo-IE2018-1.jpg\",\"contentUrl\":\"https:\/\/www.institutodeengenharia.org.br\/site\/wp-content\/uploads\/2019\/03\/logo-novo-IE2018-1.jpg\",\"width\":1486,\"height\":1879,\"caption\":\"Instituto de Engenharia\"},\"image\":{\"@id\":\"https:\/\/www.institutodeengenharia.org.br\/site\/#\/schema\/logo\/image\/\"},\"sameAs\":[\"https:\/\/www.facebook.com\/institutodeengenharia\",\"https:\/\/x.com\/iengenharia\",\"https:\/\/www.instagram.com\/institutodeengenharia\/\",\"https:\/\/www.linkedin.com\/company\/instituto-de-engenharia\/\",\"https:\/\/www.youtube.com\/channel\/UCXiCAlsSMe977vamW915HxA\"]},{\"@type\":\"Person\",\"@id\":\"https:\/\/www.institutodeengenharia.org.br\/site\/#\/schema\/person\/593dc356630173a4877a635d3e5fd76b\",\"name\":\"Isabel\",\"image\":{\"@type\":\"ImageObject\",\"inLanguage\":\"pt-BR\",\"@id\":\"https:\/\/secure.gravatar.com\/avatar\/f3c521db63ec9db17894f10a88c6a3cf95b2281d7f80eeb3cf3ef1cb091576e7?s=96&d=mm&r=g\",\"url\":\"https:\/\/secure.gravatar.com\/avatar\/f3c521db63ec9db17894f10a88c6a3cf95b2281d7f80eeb3cf3ef1cb091576e7?s=96&d=mm&r=g\",\"contentUrl\":\"https:\/\/secure.gravatar.com\/avatar\/f3c521db63ec9db17894f10a88c6a3cf95b2281d7f80eeb3cf3ef1cb091576e7?s=96&d=mm&r=g\",\"caption\":\"Isabel\"},\"url\":\"https:\/\/www.institutodeengenharia.org.br\/site\/author\/comunicacao2\/\"}]}<\/script>\n<!-- \/ Yoast SEO plugin. -->","yoast_head_json":{"title":"TCMSP apresenta a Sala do Clima para a diretoria do IE - Instituto de Engenharia","robots":{"index":"index","follow":"follow","max-snippet":"max-snippet:-1","max-image-preview":"max-image-preview:large","max-video-preview":"max-video-preview:-1"},"canonical":"https:\/\/www.institutodeengenharia.org.br\/site\/2026\/03\/16\/tcmsp-apresenta-a-sala-do-clima-para-a-diretoria-do-ie\/","og_locale":"pt_BR","og_type":"article","og_title":"TCMSP apresenta a Sala do Clima para a diretoria do IE - Instituto de Engenharia","og_description":"O presidente do Instituto de Engenharia, Jos\u00e9 Eduardo Jardim, recebeu na \u00faltima sexta (13), membros do Tribunal de Contas do Munic\u00edpio de S\u00e3o Paulo (TCMSP), que apresentaram os objetivos, as diretrizes e a forma de atua\u00e7\u00e3o da\u00a0Sala do Clima. A Sala do Clima \u00e9 uma iniciativa in\u00e9dita e permanente do TCMSP voltada ao acompanhamento das [&hellip;]","og_url":"https:\/\/www.institutodeengenharia.org.br\/site\/2026\/03\/16\/tcmsp-apresenta-a-sala-do-clima-para-a-diretoria-do-ie\/","og_site_name":"Instituto de Engenharia","article_publisher":"https:\/\/www.facebook.com\/institutodeengenharia","article_published_time":"2026-03-16T13:39:54+00:00","article_modified_time":"2026-03-16T13:40:56+00:00","og_image":[{"width":2000,"height":900,"url":"https:\/\/www.institutodeengenharia.org.br\/site\/wp-content\/uploads\/2026\/03\/sala-do-clima-1.jpg","type":"image\/jpeg"}],"author":"Isabel","twitter_card":"summary_large_image","twitter_creator":"@iengenharia","twitter_site":"@iengenharia","twitter_misc":{"Escrito por":"Isabel","Est. tempo de leitura":"3 minutos"},"schema":{"@context":"https:\/\/schema.org","@graph":[{"@type":"Article","@id":"https:\/\/www.institutodeengenharia.org.br\/site\/2026\/03\/16\/tcmsp-apresenta-a-sala-do-clima-para-a-diretoria-do-ie\/#article","isPartOf":{"@id":"https:\/\/www.institutodeengenharia.org.br\/site\/2026\/03\/16\/tcmsp-apresenta-a-sala-do-clima-para-a-diretoria-do-ie\/"},"author":{"name":"Isabel","@id":"https:\/\/www.institutodeengenharia.org.br\/site\/#\/schema\/person\/593dc356630173a4877a635d3e5fd76b"},"headline":"TCMSP apresenta a Sala do Clima para a diretoria do IE","datePublished":"2026-03-16T13:39:54+00:00","dateModified":"2026-03-16T13:40:56+00:00","mainEntityOfPage":{"@id":"https:\/\/www.institutodeengenharia.org.br\/site\/2026\/03\/16\/tcmsp-apresenta-a-sala-do-clima-para-a-diretoria-do-ie\/"},"wordCount":384,"commentCount":0,"publisher":{"@id":"https:\/\/www.institutodeengenharia.org.br\/site\/#organization"},"image":{"@id":"https:\/\/www.institutodeengenharia.org.br\/site\/2026\/03\/16\/tcmsp-apresenta-a-sala-do-clima-para-a-diretoria-do-ie\/#primaryimage"},"thumbnailUrl":"https:\/\/www.institutodeengenharia.org.br\/site\/wp-content\/uploads\/2026\/03\/sala-do-clima-1.jpg","articleSection":["Instituto de Engenharia","Meio Ambiente","Meio Ambiente","Not\u00edcias"],"inLanguage":"pt-BR","potentialAction":[{"@type":"CommentAction","name":"Comment","target":["https:\/\/www.institutodeengenharia.org.br\/site\/2026\/03\/16\/tcmsp-apresenta-a-sala-do-clima-para-a-diretoria-do-ie\/#respond"]}]},{"@type":"WebPage","@id":"https:\/\/www.institutodeengenharia.org.br\/site\/2026\/03\/16\/tcmsp-apresenta-a-sala-do-clima-para-a-diretoria-do-ie\/","url":"https:\/\/www.institutodeengenharia.org.br\/site\/2026\/03\/16\/tcmsp-apresenta-a-sala-do-clima-para-a-diretoria-do-ie\/","name":"TCMSP apresenta a Sala do Clima para a diretoria do IE - Instituto de Engenharia","isPartOf":{"@id":"https:\/\/www.institutodeengenharia.org.br\/site\/#website"},"primaryImageOfPage":{"@id":"https:\/\/www.institutodeengenharia.org.br\/site\/2026\/03\/16\/tcmsp-apresenta-a-sala-do-clima-para-a-diretoria-do-ie\/#primaryimage"},"image":{"@id":"https:\/\/www.institutodeengenharia.org.br\/site\/2026\/03\/16\/tcmsp-apresenta-a-sala-do-clima-para-a-diretoria-do-ie\/#primaryimage"},"thumbnailUrl":"https:\/\/www.institutodeengenharia.org.br\/site\/wp-content\/uploads\/2026\/03\/sala-do-clima-1.jpg","datePublished":"2026-03-16T13:39:54+00:00","dateModified":"2026-03-16T13:40:56+00:00","breadcrumb":{"@id":"https:\/\/www.institutodeengenharia.org.br\/site\/2026\/03\/16\/tcmsp-apresenta-a-sala-do-clima-para-a-diretoria-do-ie\/#breadcrumb"},"inLanguage":"pt-BR","potentialAction":[{"@type":"ReadAction","target":["https:\/\/www.institutodeengenharia.org.br\/site\/2026\/03\/16\/tcmsp-apresenta-a-sala-do-clima-para-a-diretoria-do-ie\/"]}]},{"@type":"ImageObject","inLanguage":"pt-BR","@id":"https:\/\/www.institutodeengenharia.org.br\/site\/2026\/03\/16\/tcmsp-apresenta-a-sala-do-clima-para-a-diretoria-do-ie\/#primaryimage","url":"https:\/\/www.institutodeengenharia.org.br\/site\/wp-content\/uploads\/2026\/03\/sala-do-clima-1.jpg","contentUrl":"https:\/\/www.institutodeengenharia.org.br\/site\/wp-content\/uploads\/2026\/03\/sala-do-clima-1.jpg","width":2000,"height":900},{"@type":"BreadcrumbList","@id":"https:\/\/www.institutodeengenharia.org.br\/site\/2026\/03\/16\/tcmsp-apresenta-a-sala-do-clima-para-a-diretoria-do-ie\/#breadcrumb","itemListElement":[{"@type":"ListItem","position":1,"name":"In\u00edcio","item":"https:\/\/www.institutodeengenharia.org.br\/site\/"},{"@type":"ListItem","position":2,"name":"TCMSP apresenta a Sala do Clima para a diretoria do IE"}]},{"@type":"WebSite","@id":"https:\/\/www.institutodeengenharia.org.br\/site\/#website","url":"https:\/\/www.institutodeengenharia.org.br\/site\/","name":"Instituto de Engenharia","description":"O Instituto de Engenharia promove a Engenharia em benef\u00edcio do desenvolvimento e da qualidade de vida da sociedade.","publisher":{"@id":"https:\/\/www.institutodeengenharia.org.br\/site\/#organization"},"potentialAction":[{"@type":"SearchAction","target":{"@type":"EntryPoint","urlTemplate":"https:\/\/www.institutodeengenharia.org.br\/site\/?s={search_term_string}"},"query-input":{"@type":"PropertyValueSpecification","valueRequired":true,"valueName":"search_term_string"}}],"inLanguage":"pt-BR"},{"@type":"Organization","@id":"https:\/\/www.institutodeengenharia.org.br\/site\/#organization","name":"Instituto de Engenharia","url":"https:\/\/www.institutodeengenharia.org.br\/site\/","logo":{"@type":"ImageObject","inLanguage":"pt-BR","@id":"https:\/\/www.institutodeengenharia.org.br\/site\/#\/schema\/logo\/image\/","url":"https:\/\/www.institutodeengenharia.org.br\/site\/wp-content\/uploads\/2019\/03\/logo-novo-IE2018-1.jpg","contentUrl":"https:\/\/www.institutodeengenharia.org.br\/site\/wp-content\/uploads\/2019\/03\/logo-novo-IE2018-1.jpg","width":1486,"height":1879,"caption":"Instituto de Engenharia"},"image":{"@id":"https:\/\/www.institutodeengenharia.org.br\/site\/#\/schema\/logo\/image\/"},"sameAs":["https:\/\/www.facebook.com\/institutodeengenharia","https:\/\/x.com\/iengenharia","https:\/\/www.instagram.com\/institutodeengenharia\/","https:\/\/www.linkedin.com\/company\/instituto-de-engenharia\/","https:\/\/www.youtube.com\/channel\/UCXiCAlsSMe977vamW915HxA"]},{"@type":"Person","@id":"https:\/\/www.institutodeengenharia.org.br\/site\/#\/schema\/person\/593dc356630173a4877a635d3e5fd76b","name":"Isabel","image":{"@type":"ImageObject","inLanguage":"pt-BR","@id":"https:\/\/secure.gravatar.com\/avatar\/f3c521db63ec9db17894f10a88c6a3cf95b2281d7f80eeb3cf3ef1cb091576e7?s=96&d=mm&r=g","url":"https:\/\/secure.gravatar.com\/avatar\/f3c521db63ec9db17894f10a88c6a3cf95b2281d7f80eeb3cf3ef1cb091576e7?s=96&d=mm&r=g","contentUrl":"https:\/\/secure.gravatar.com\/avatar\/f3c521db63ec9db17894f10a88c6a3cf95b2281d7f80eeb3cf3ef1cb091576e7?s=96&d=mm&r=g","caption":"Isabel"},"url":"https:\/\/www.institutodeengenharia.org.br\/site\/author\/comunicacao2\/"}]}},"_links":{"self":[{"href":"https:\/\/www.institutodeengenharia.org.br\/site\/wp-json\/wp\/v2\/posts\/152548","targetHints":{"allow":["GET"]}}],"collection":[{"href":"https:\/\/www.institutodeengenharia.org.br\/site\/wp-json\/wp\/v2\/posts"}],"about":[{"href":"https:\/\/www.institutodeengenharia.org.br\/site\/wp-json\/wp\/v2\/types\/post"}],"author":[{"embeddable":true,"href":"https:\/\/www.institutodeengenharia.org.br\/site\/wp-json\/wp\/v2\/users\/14"}],"replies":[{"embeddable":true,"href":"https:\/\/www.institutodeengenharia.org.br\/site\/wp-json\/wp\/v2\/comments?post=152548"}],"version-history":[{"count":1,"href":"https:\/\/www.institutodeengenharia.org.br\/site\/wp-json\/wp\/v2\/posts\/152548\/revisions"}],"predecessor-version":[{"id":152555,"href":"https:\/\/www.institutodeengenharia.org.br\/site\/wp-json\/wp\/v2\/posts\/152548\/revisions\/152555"}],"wp:featuredmedia":[{"embeddable":true,"href":"https:\/\/www.institutodeengenharia.org.br\/site\/wp-json\/wp\/v2\/media\/152551"}],"wp:attachment":[{"href":"https:\/\/www.institutodeengenharia.org.br\/site\/wp-json\/wp\/v2\/media?parent=152548"}],"wp:term":[{"taxonomy":"category","embeddable":true,"href":"https:\/\/www.institutodeengenharia.org.br\/site\/wp-json\/wp\/v2\/categories?post=152548"},{"taxonomy":"post_tag","embeddable":true,"href":"https:\/\/www.institutodeengenharia.org.br\/site\/wp-json\/wp\/v2\/tags?post=152548"}],"curies":[{"name":"wp","href":"https:\/\/api.w.org\/{rel}","templated":true}]}}