{"id":152530,"date":"2026-03-11T14:53:23","date_gmt":"2026-03-11T17:53:23","guid":{"rendered":"https:\/\/www.institutodeengenharia.org.br\/site\/?p=152530"},"modified":"2026-03-13T15:13:22","modified_gmt":"2026-03-13T18:13:22","slug":"ppp-sem-erros-aposentadoria-especial-e-a-sinergia-entre-engenharia-e-advocacia-na-seguranca-do-trabalho","status":"publish","type":"post","link":"https:\/\/www.institutodeengenharia.org.br\/site\/2026\/03\/11\/ppp-sem-erros-aposentadoria-especial-e-a-sinergia-entre-engenharia-e-advocacia-na-seguranca-do-trabalho\/","title":{"rendered":"PPP sem erros: Aposentadoria especial e a sinergia entre engenharia e advocacia na seguran\u00e7a do trabalho"},"content":{"rendered":"<p><strong>Assista abaixo \u00e0 grava\u00e7\u00e3o do evento:\u00a0<\/strong><\/p>\n<div style=\"padding: 56.25% 0 0 0; position: relative;\"><iframe style=\"position: absolute; top: 0; left: 0; width: 100%; height: 100%;\" title=\"PPP Sem Erros\" src=\"https:\/\/player.vimeo.com\/video\/1173367707?badge=0&amp;autopause=0&amp;player_id=0&amp;app_id=58479\" frameborder=\"0\"><\/iframe><\/div>\n<p>&nbsp;<\/p>\n<p><strong>+ Informa\u00e7\u00f5es:\u00a0<\/strong><\/p>\n<ol>\n<li>Mostrar como a atua\u00e7\u00e3o conjunta evita passivos trabalhistas e previdenci\u00e1rios;<\/li>\n<li>Defini\u00e7\u00e3o do Perfil Profissiogr\u00e1fico Previdenci\u00e1rio;<\/li>\n<li>Documentos que alimentam o PPP: LTCAT, laudos ambientais e registros de EPI\/EPC;<\/li>\n<li>Diverg\u00eancia entre PPP e LTCAT;<\/li>\n<li>Trabalho em equipe: engenheiro + advogado;<\/li>\n<li>O papel do PPP como prova principal;<\/li>\n<li>Advogado trabalhista\/previdenci\u00e1rio: interpreta legisla\u00e7\u00e3o, orienta sobre impactos jur\u00eddicos e atua em defesa do trabalhador ou da empresa?;<\/li>\n<li>Impacto dos erros no PPP na concess\u00e3o do benef\u00edcio;<\/li>\n<li>Refor\u00e7o da import\u00e2ncia da atua\u00e7\u00e3o multidisciplinar;<\/li>\n<li>Esclarecimentos.<\/li>\n<\/ol>\n<p><strong>P\u00fablico-alvo:<\/strong><\/p>\n<p>Profissionais de SST, engenheiros, t\u00e9cnicos qu\u00edmicos, t\u00e9cnicos de seguran\u00e7a do trabalho, advogados e empres\u00e1rios.<\/p>\n<p><strong>Realiza\u00e7\u00e3o:<\/strong><\/p>\n<p><img loading=\"lazy\" decoding=\"async\" class=\"wp-image-136101 alignleft td-animation-stack-type0-2\" src=\"https:\/\/www.institutodeengenharia.org.br\/site\/wp-content\/uploads\/2026\/02\/Logo-110-Anos-Sem-fundo-Azul.png\" alt=\"\" width=\"127\" height=\"127\" srcset=\"https:\/\/www.institutodeengenharia.org.br\/site\/wp-content\/uploads\/2026\/02\/Logo-110-Anos-Sem-fundo-Azul.png 1024w, https:\/\/www.institutodeengenharia.org.br\/site\/wp-content\/uploads\/2026\/02\/Logo-110-Anos-Sem-fundo-Azul-300x300.png 300w, https:\/\/www.institutodeengenharia.org.br\/site\/wp-content\/uploads\/2026\/02\/Logo-110-Anos-Sem-fundo-Azul-150x150.png 150w, https:\/\/www.institutodeengenharia.org.br\/site\/wp-content\/uploads\/2026\/02\/Logo-110-Anos-Sem-fundo-Azul-768x768.png 768w, https:\/\/www.institutodeengenharia.org.br\/site\/wp-content\/uploads\/2026\/02\/Logo-110-Anos-Sem-fundo-Azul-420x420.png 420w, https:\/\/www.institutodeengenharia.org.br\/site\/wp-content\/uploads\/2026\/02\/Logo-110-Anos-Sem-fundo-Azul-696x696.png 696w, https:\/\/www.institutodeengenharia.org.br\/site\/wp-content\/uploads\/2026\/02\/Logo-110-Anos-Sem-fundo-Azul-600x600.png 600w, https:\/\/www.institutodeengenharia.org.br\/site\/wp-content\/uploads\/2026\/02\/Logo-110-Anos-Sem-fundo-Azul-100x100.png 100w\" sizes=\"auto, (max-width: 127px) 100vw, 127px\" \/><\/p>\n<p><strong>Eng. Jer\u00f4nimo Cabral Pereira Fagundes Neto<\/strong>\u00a0\u2013 Vice-presidente de Atividades T\u00e9cnicas<\/p>\n<p><strong>Eng.\u00aa D\u00e9bora Sanches de A. Marinello<\/strong>\u00a0\u2013 Diretora do Departamento de Desenvolvimento de Gest\u00e3o e Objetivos<\/p>\n<p><strong>Eng. Jefferson D. Teixeira da Costa<\/strong>\u00a0\u2013 Coordenador da Divis\u00e3o T\u00e9cnica de Seguran\u00e7a do Trabalho<\/p>\n<p><strong>Apoio Institucional:<\/strong><\/p>\n<p><img loading=\"lazy\" decoding=\"async\" class=\"alignnone wp-image-77696 td-animation-stack-type0-2\" src=\"https:\/\/www.institutodeengenharia.org.br\/site\/wp-content\/uploads\/2021\/02\/crea.jpg\" alt=\"\" width=\"145\" height=\"102\" srcset=\"https:\/\/www.institutodeengenharia.org.br\/site\/wp-content\/uploads\/2021\/02\/crea.jpg 448w, https:\/\/www.institutodeengenharia.org.br\/site\/wp-content\/uploads\/2021\/02\/crea-300x211.jpg 300w, https:\/\/www.institutodeengenharia.org.br\/site\/wp-content\/uploads\/2021\/02\/crea-100x70.jpg 100w\" sizes=\"auto, (max-width: 145px) 100vw, 145px\" \/><\/p>\n<p><strong>Apoio \u00e0 forma\u00e7\u00e3o:\u00a0<\/strong><\/p>\n<p>Espa\u00e7o aberto ao CREA-SP, objetivando o aperfei\u00e7oamento dos profissionais e o aprimoramento da fiscaliza\u00e7\u00e3o das \u00e1reas abrangidas pelo Sistema Confea\/CREAs, al\u00e9m de promover a conscientiza\u00e7\u00e3o da sociedade quanto \u00e0 necessidade e obrigatoriedade de contratar um profissional devidamente habilitado.<\/p>\n<p>&nbsp;<\/p>\n","protected":false},"excerpt":{"rendered":"<p>Assista abaixo \u00e0 grava\u00e7\u00e3o do evento:\u00a0 &nbsp; + Informa\u00e7\u00f5es:\u00a0 Mostrar como a atua\u00e7\u00e3o conjunta evita passivos trabalhistas e previdenci\u00e1rios; Defini\u00e7\u00e3o do Perfil Profissiogr\u00e1fico Previdenci\u00e1rio; Documentos que alimentam o PPP: LTCAT, laudos ambientais e registros de EPI\/EPC; Diverg\u00eancia entre PPP e LTCAT; Trabalho em equipe: engenheiro + advogado; O papel do PPP como prova principal; Advogado [&hellip;]<\/p>\n","protected":false},"author":13,"featured_media":152531,"comment_status":"open","ping_status":"open","sticky":false,"template":"","format":"video","meta":{"footnotes":""},"categories":[968,969],"tags":[1176],"class_list":{"0":"post-152530","1":"post","2":"type-post","3":"status-publish","4":"format-video","5":"has-post-thumbnail","7":"category-nova-tv-engenharia","8":"category-palestra","9":"tag-video-home","10":"post_format-post-format-video"},"yoast_head":"<!-- This site is optimized with the Yoast SEO plugin v27.2 - https:\/\/yoast.com\/product\/yoast-seo-wordpress\/ -->\n<title>PPP sem erros: Aposentadoria especial e a sinergia entre engenharia e advocacia na seguran\u00e7a do trabalho - Instituto de Engenharia<\/title>\n<meta name=\"robots\" content=\"index, follow, max-snippet:-1, max-image-preview:large, max-video-preview:-1\" \/>\n<link rel=\"canonical\" href=\"https:\/\/www.institutodeengenharia.org.br\/site\/2026\/03\/11\/ppp-sem-erros-aposentadoria-especial-e-a-sinergia-entre-engenharia-e-advocacia-na-seguranca-do-trabalho\/\" \/>\n<meta property=\"og:locale\" content=\"pt_BR\" \/>\n<meta property=\"og:type\" content=\"article\" \/>\n<meta property=\"og:title\" content=\"PPP sem erros: Aposentadoria especial e a sinergia entre engenharia e advocacia na seguran\u00e7a do trabalho - Instituto de Engenharia\" \/>\n<meta property=\"og:description\" content=\"Assista abaixo \u00e0 grava\u00e7\u00e3o do evento:\u00a0 &nbsp; + Informa\u00e7\u00f5es:\u00a0 Mostrar como a atua\u00e7\u00e3o conjunta evita passivos trabalhistas e previdenci\u00e1rios; Defini\u00e7\u00e3o do Perfil Profissiogr\u00e1fico Previdenci\u00e1rio; Documentos que alimentam o PPP: LTCAT, laudos ambientais e registros de EPI\/EPC; Diverg\u00eancia entre PPP e LTCAT; Trabalho em equipe: engenheiro + advogado; O papel do PPP como prova principal; Advogado [&hellip;]\" \/>\n<meta property=\"og:url\" content=\"https:\/\/www.institutodeengenharia.org.br\/site\/2026\/03\/11\/ppp-sem-erros-aposentadoria-especial-e-a-sinergia-entre-engenharia-e-advocacia-na-seguranca-do-trabalho\/\" \/>\n<meta property=\"og:site_name\" content=\"Instituto de Engenharia\" \/>\n<meta property=\"article:publisher\" content=\"https:\/\/www.facebook.com\/institutodeengenharia\" \/>\n<meta property=\"article:published_time\" content=\"2026-03-11T17:53:23+00:00\" \/>\n<meta property=\"article:modified_time\" content=\"2026-03-13T18:13:22+00:00\" \/>\n<meta property=\"og:image\" content=\"https:\/\/www.institutodeengenharia.org.br\/site\/wp-content\/uploads\/2026\/03\/CAPA-PALESTRA-ONLINE-2x.jpg\" \/>\n\t<meta property=\"og:image:width\" content=\"1920\" \/>\n\t<meta property=\"og:image:height\" content=\"1080\" \/>\n\t<meta property=\"og:image:type\" content=\"image\/jpeg\" \/>\n<meta name=\"author\" content=\"Bianca\" \/>\n<meta name=\"twitter:card\" content=\"summary_large_image\" \/>\n<meta name=\"twitter:creator\" content=\"@iengenharia\" \/>\n<meta name=\"twitter:site\" content=\"@iengenharia\" \/>\n<meta name=\"twitter:label1\" content=\"Escrito por\" \/>\n\t<meta name=\"twitter:data1\" content=\"Bianca\" \/>\n\t<meta name=\"twitter:label2\" content=\"Est. tempo de leitura\" \/>\n\t<meta name=\"twitter:data2\" content=\"2 minutos\" \/>\n<script type=\"application\/ld+json\" class=\"yoast-schema-graph\">{\"@context\":\"https:\/\/schema.org\",\"@graph\":[{\"@type\":\"Article\",\"@id\":\"https:\/\/www.institutodeengenharia.org.br\/site\/2026\/03\/11\/ppp-sem-erros-aposentadoria-especial-e-a-sinergia-entre-engenharia-e-advocacia-na-seguranca-do-trabalho\/#article\",\"isPartOf\":{\"@id\":\"https:\/\/www.institutodeengenharia.org.br\/site\/2026\/03\/11\/ppp-sem-erros-aposentadoria-especial-e-a-sinergia-entre-engenharia-e-advocacia-na-seguranca-do-trabalho\/\"},\"author\":{\"name\":\"Bianca\",\"@id\":\"https:\/\/www.institutodeengenharia.org.br\/site\/#\/schema\/person\/aeb64951c405e100d26d30b033dd423f\"},\"headline\":\"PPP sem erros: Aposentadoria especial e a sinergia entre engenharia e advocacia na seguran\u00e7a do trabalho\",\"datePublished\":\"2026-03-11T17:53:23+00:00\",\"dateModified\":\"2026-03-13T18:13:22+00:00\",\"mainEntityOfPage\":{\"@id\":\"https:\/\/www.institutodeengenharia.org.br\/site\/2026\/03\/11\/ppp-sem-erros-aposentadoria-especial-e-a-sinergia-entre-engenharia-e-advocacia-na-seguranca-do-trabalho\/\"},\"wordCount\":237,\"commentCount\":0,\"publisher\":{\"@id\":\"https:\/\/www.institutodeengenharia.org.br\/site\/#organization\"},\"image\":{\"@id\":\"https:\/\/www.institutodeengenharia.org.br\/site\/2026\/03\/11\/ppp-sem-erros-aposentadoria-especial-e-a-sinergia-entre-engenharia-e-advocacia-na-seguranca-do-trabalho\/#primaryimage\"},\"thumbnailUrl\":\"https:\/\/www.institutodeengenharia.org.br\/site\/wp-content\/uploads\/2026\/03\/CAPA-PALESTRA-ONLINE-2x.jpg\",\"keywords\":[\"video-home\"],\"articleSection\":[\"Nova TV Engenharia\",\"Palestra\"],\"inLanguage\":\"pt-BR\",\"potentialAction\":[{\"@type\":\"CommentAction\",\"name\":\"Comment\",\"target\":[\"https:\/\/www.institutodeengenharia.org.br\/site\/2026\/03\/11\/ppp-sem-erros-aposentadoria-especial-e-a-sinergia-entre-engenharia-e-advocacia-na-seguranca-do-trabalho\/#respond\"]}]},{\"@type\":\"WebPage\",\"@id\":\"https:\/\/www.institutodeengenharia.org.br\/site\/2026\/03\/11\/ppp-sem-erros-aposentadoria-especial-e-a-sinergia-entre-engenharia-e-advocacia-na-seguranca-do-trabalho\/\",\"url\":\"https:\/\/www.institutodeengenharia.org.br\/site\/2026\/03\/11\/ppp-sem-erros-aposentadoria-especial-e-a-sinergia-entre-engenharia-e-advocacia-na-seguranca-do-trabalho\/\",\"name\":\"PPP sem erros: Aposentadoria especial e a sinergia entre engenharia e advocacia na seguran\u00e7a do trabalho - Instituto de Engenharia\",\"isPartOf\":{\"@id\":\"https:\/\/www.institutodeengenharia.org.br\/site\/#website\"},\"primaryImageOfPage\":{\"@id\":\"https:\/\/www.institutodeengenharia.org.br\/site\/2026\/03\/11\/ppp-sem-erros-aposentadoria-especial-e-a-sinergia-entre-engenharia-e-advocacia-na-seguranca-do-trabalho\/#primaryimage\"},\"image\":{\"@id\":\"https:\/\/www.institutodeengenharia.org.br\/site\/2026\/03\/11\/ppp-sem-erros-aposentadoria-especial-e-a-sinergia-entre-engenharia-e-advocacia-na-seguranca-do-trabalho\/#primaryimage\"},\"thumbnailUrl\":\"https:\/\/www.institutodeengenharia.org.br\/site\/wp-content\/uploads\/2026\/03\/CAPA-PALESTRA-ONLINE-2x.jpg\",\"datePublished\":\"2026-03-11T17:53:23+00:00\",\"dateModified\":\"2026-03-13T18:13:22+00:00\",\"breadcrumb\":{\"@id\":\"https:\/\/www.institutodeengenharia.org.br\/site\/2026\/03\/11\/ppp-sem-erros-aposentadoria-especial-e-a-sinergia-entre-engenharia-e-advocacia-na-seguranca-do-trabalho\/#breadcrumb\"},\"inLanguage\":\"pt-BR\",\"potentialAction\":[{\"@type\":\"ReadAction\",\"target\":[\"https:\/\/www.institutodeengenharia.org.br\/site\/2026\/03\/11\/ppp-sem-erros-aposentadoria-especial-e-a-sinergia-entre-engenharia-e-advocacia-na-seguranca-do-trabalho\/\"]}]},{\"@type\":\"ImageObject\",\"inLanguage\":\"pt-BR\",\"@id\":\"https:\/\/www.institutodeengenharia.org.br\/site\/2026\/03\/11\/ppp-sem-erros-aposentadoria-especial-e-a-sinergia-entre-engenharia-e-advocacia-na-seguranca-do-trabalho\/#primaryimage\",\"url\":\"https:\/\/www.institutodeengenharia.org.br\/site\/wp-content\/uploads\/2026\/03\/CAPA-PALESTRA-ONLINE-2x.jpg\",\"contentUrl\":\"https:\/\/www.institutodeengenharia.org.br\/site\/wp-content\/uploads\/2026\/03\/CAPA-PALESTRA-ONLINE-2x.jpg\",\"width\":1920,\"height\":1080},{\"@type\":\"BreadcrumbList\",\"@id\":\"https:\/\/www.institutodeengenharia.org.br\/site\/2026\/03\/11\/ppp-sem-erros-aposentadoria-especial-e-a-sinergia-entre-engenharia-e-advocacia-na-seguranca-do-trabalho\/#breadcrumb\",\"itemListElement\":[{\"@type\":\"ListItem\",\"position\":1,\"name\":\"In\u00edcio\",\"item\":\"https:\/\/www.institutodeengenharia.org.br\/site\/\"},{\"@type\":\"ListItem\",\"position\":2,\"name\":\"PPP sem erros: Aposentadoria especial e a sinergia entre engenharia e advocacia na seguran\u00e7a do trabalho\"}]},{\"@type\":\"WebSite\",\"@id\":\"https:\/\/www.institutodeengenharia.org.br\/site\/#website\",\"url\":\"https:\/\/www.institutodeengenharia.org.br\/site\/\",\"name\":\"Instituto de Engenharia\",\"description\":\"O Instituto de Engenharia promove a Engenharia em benef\u00edcio do desenvolvimento e da qualidade de vida da sociedade.\",\"publisher\":{\"@id\":\"https:\/\/www.institutodeengenharia.org.br\/site\/#organization\"},\"potentialAction\":[{\"@type\":\"SearchAction\",\"target\":{\"@type\":\"EntryPoint\",\"urlTemplate\":\"https:\/\/www.institutodeengenharia.org.br\/site\/?s={search_term_string}\"},\"query-input\":{\"@type\":\"PropertyValueSpecification\",\"valueRequired\":true,\"valueName\":\"search_term_string\"}}],\"inLanguage\":\"pt-BR\"},{\"@type\":\"Organization\",\"@id\":\"https:\/\/www.institutodeengenharia.org.br\/site\/#organization\",\"name\":\"Instituto de Engenharia\",\"url\":\"https:\/\/www.institutodeengenharia.org.br\/site\/\",\"logo\":{\"@type\":\"ImageObject\",\"inLanguage\":\"pt-BR\",\"@id\":\"https:\/\/www.institutodeengenharia.org.br\/site\/#\/schema\/logo\/image\/\",\"url\":\"https:\/\/www.institutodeengenharia.org.br\/site\/wp-content\/uploads\/2019\/03\/logo-novo-IE2018-1.jpg\",\"contentUrl\":\"https:\/\/www.institutodeengenharia.org.br\/site\/wp-content\/uploads\/2019\/03\/logo-novo-IE2018-1.jpg\",\"width\":1486,\"height\":1879,\"caption\":\"Instituto de Engenharia\"},\"image\":{\"@id\":\"https:\/\/www.institutodeengenharia.org.br\/site\/#\/schema\/logo\/image\/\"},\"sameAs\":[\"https:\/\/www.facebook.com\/institutodeengenharia\",\"https:\/\/x.com\/iengenharia\",\"https:\/\/www.instagram.com\/institutodeengenharia\/\",\"https:\/\/www.linkedin.com\/company\/instituto-de-engenharia\/\",\"https:\/\/www.youtube.com\/channel\/UCXiCAlsSMe977vamW915HxA\"]},{\"@type\":\"Person\",\"@id\":\"https:\/\/www.institutodeengenharia.org.br\/site\/#\/schema\/person\/aeb64951c405e100d26d30b033dd423f\",\"name\":\"Bianca\",\"image\":{\"@type\":\"ImageObject\",\"inLanguage\":\"pt-BR\",\"@id\":\"https:\/\/secure.gravatar.com\/avatar\/a6fbe9bff57405baf4c1e2c5c1811e072b558253974a9f9508f4678900c97c2a?s=96&d=mm&r=g\",\"url\":\"https:\/\/secure.gravatar.com\/avatar\/a6fbe9bff57405baf4c1e2c5c1811e072b558253974a9f9508f4678900c97c2a?s=96&d=mm&r=g\",\"contentUrl\":\"https:\/\/secure.gravatar.com\/avatar\/a6fbe9bff57405baf4c1e2c5c1811e072b558253974a9f9508f4678900c97c2a?s=96&d=mm&r=g\",\"caption\":\"Bianca\"},\"url\":\"https:\/\/www.institutodeengenharia.org.br\/site\/author\/comunicacao1\/\"}]}<\/script>\n<!-- \/ Yoast SEO plugin. -->","yoast_head_json":{"title":"PPP sem erros: Aposentadoria especial e a sinergia entre engenharia e advocacia na seguran\u00e7a do trabalho - Instituto de Engenharia","robots":{"index":"index","follow":"follow","max-snippet":"max-snippet:-1","max-image-preview":"max-image-preview:large","max-video-preview":"max-video-preview:-1"},"canonical":"https:\/\/www.institutodeengenharia.org.br\/site\/2026\/03\/11\/ppp-sem-erros-aposentadoria-especial-e-a-sinergia-entre-engenharia-e-advocacia-na-seguranca-do-trabalho\/","og_locale":"pt_BR","og_type":"article","og_title":"PPP sem erros: Aposentadoria especial e a sinergia entre engenharia e advocacia na seguran\u00e7a do trabalho - Instituto de Engenharia","og_description":"Assista abaixo \u00e0 grava\u00e7\u00e3o do evento:\u00a0 &nbsp; + Informa\u00e7\u00f5es:\u00a0 Mostrar como a atua\u00e7\u00e3o conjunta evita passivos trabalhistas e previdenci\u00e1rios; Defini\u00e7\u00e3o do Perfil Profissiogr\u00e1fico Previdenci\u00e1rio; Documentos que alimentam o PPP: LTCAT, laudos ambientais e registros de EPI\/EPC; Diverg\u00eancia entre PPP e LTCAT; Trabalho em equipe: engenheiro + advogado; O papel do PPP como prova principal; Advogado [&hellip;]","og_url":"https:\/\/www.institutodeengenharia.org.br\/site\/2026\/03\/11\/ppp-sem-erros-aposentadoria-especial-e-a-sinergia-entre-engenharia-e-advocacia-na-seguranca-do-trabalho\/","og_site_name":"Instituto de Engenharia","article_publisher":"https:\/\/www.facebook.com\/institutodeengenharia","article_published_time":"2026-03-11T17:53:23+00:00","article_modified_time":"2026-03-13T18:13:22+00:00","og_image":[{"width":1920,"height":1080,"url":"https:\/\/www.institutodeengenharia.org.br\/site\/wp-content\/uploads\/2026\/03\/CAPA-PALESTRA-ONLINE-2x.jpg","type":"image\/jpeg"}],"author":"Bianca","twitter_card":"summary_large_image","twitter_creator":"@iengenharia","twitter_site":"@iengenharia","twitter_misc":{"Escrito por":"Bianca","Est. tempo de leitura":"2 minutos"},"schema":{"@context":"https:\/\/schema.org","@graph":[{"@type":"Article","@id":"https:\/\/www.institutodeengenharia.org.br\/site\/2026\/03\/11\/ppp-sem-erros-aposentadoria-especial-e-a-sinergia-entre-engenharia-e-advocacia-na-seguranca-do-trabalho\/#article","isPartOf":{"@id":"https:\/\/www.institutodeengenharia.org.br\/site\/2026\/03\/11\/ppp-sem-erros-aposentadoria-especial-e-a-sinergia-entre-engenharia-e-advocacia-na-seguranca-do-trabalho\/"},"author":{"name":"Bianca","@id":"https:\/\/www.institutodeengenharia.org.br\/site\/#\/schema\/person\/aeb64951c405e100d26d30b033dd423f"},"headline":"PPP sem erros: Aposentadoria especial e a sinergia entre engenharia e advocacia na seguran\u00e7a do trabalho","datePublished":"2026-03-11T17:53:23+00:00","dateModified":"2026-03-13T18:13:22+00:00","mainEntityOfPage":{"@id":"https:\/\/www.institutodeengenharia.org.br\/site\/2026\/03\/11\/ppp-sem-erros-aposentadoria-especial-e-a-sinergia-entre-engenharia-e-advocacia-na-seguranca-do-trabalho\/"},"wordCount":237,"commentCount":0,"publisher":{"@id":"https:\/\/www.institutodeengenharia.org.br\/site\/#organization"},"image":{"@id":"https:\/\/www.institutodeengenharia.org.br\/site\/2026\/03\/11\/ppp-sem-erros-aposentadoria-especial-e-a-sinergia-entre-engenharia-e-advocacia-na-seguranca-do-trabalho\/#primaryimage"},"thumbnailUrl":"https:\/\/www.institutodeengenharia.org.br\/site\/wp-content\/uploads\/2026\/03\/CAPA-PALESTRA-ONLINE-2x.jpg","keywords":["video-home"],"articleSection":["Nova TV Engenharia","Palestra"],"inLanguage":"pt-BR","potentialAction":[{"@type":"CommentAction","name":"Comment","target":["https:\/\/www.institutodeengenharia.org.br\/site\/2026\/03\/11\/ppp-sem-erros-aposentadoria-especial-e-a-sinergia-entre-engenharia-e-advocacia-na-seguranca-do-trabalho\/#respond"]}]},{"@type":"WebPage","@id":"https:\/\/www.institutodeengenharia.org.br\/site\/2026\/03\/11\/ppp-sem-erros-aposentadoria-especial-e-a-sinergia-entre-engenharia-e-advocacia-na-seguranca-do-trabalho\/","url":"https:\/\/www.institutodeengenharia.org.br\/site\/2026\/03\/11\/ppp-sem-erros-aposentadoria-especial-e-a-sinergia-entre-engenharia-e-advocacia-na-seguranca-do-trabalho\/","name":"PPP sem erros: Aposentadoria especial e a sinergia entre engenharia e advocacia na seguran\u00e7a do trabalho - Instituto de Engenharia","isPartOf":{"@id":"https:\/\/www.institutodeengenharia.org.br\/site\/#website"},"primaryImageOfPage":{"@id":"https:\/\/www.institutodeengenharia.org.br\/site\/2026\/03\/11\/ppp-sem-erros-aposentadoria-especial-e-a-sinergia-entre-engenharia-e-advocacia-na-seguranca-do-trabalho\/#primaryimage"},"image":{"@id":"https:\/\/www.institutodeengenharia.org.br\/site\/2026\/03\/11\/ppp-sem-erros-aposentadoria-especial-e-a-sinergia-entre-engenharia-e-advocacia-na-seguranca-do-trabalho\/#primaryimage"},"thumbnailUrl":"https:\/\/www.institutodeengenharia.org.br\/site\/wp-content\/uploads\/2026\/03\/CAPA-PALESTRA-ONLINE-2x.jpg","datePublished":"2026-03-11T17:53:23+00:00","dateModified":"2026-03-13T18:13:22+00:00","breadcrumb":{"@id":"https:\/\/www.institutodeengenharia.org.br\/site\/2026\/03\/11\/ppp-sem-erros-aposentadoria-especial-e-a-sinergia-entre-engenharia-e-advocacia-na-seguranca-do-trabalho\/#breadcrumb"},"inLanguage":"pt-BR","potentialAction":[{"@type":"ReadAction","target":["https:\/\/www.institutodeengenharia.org.br\/site\/2026\/03\/11\/ppp-sem-erros-aposentadoria-especial-e-a-sinergia-entre-engenharia-e-advocacia-na-seguranca-do-trabalho\/"]}]},{"@type":"ImageObject","inLanguage":"pt-BR","@id":"https:\/\/www.institutodeengenharia.org.br\/site\/2026\/03\/11\/ppp-sem-erros-aposentadoria-especial-e-a-sinergia-entre-engenharia-e-advocacia-na-seguranca-do-trabalho\/#primaryimage","url":"https:\/\/www.institutodeengenharia.org.br\/site\/wp-content\/uploads\/2026\/03\/CAPA-PALESTRA-ONLINE-2x.jpg","contentUrl":"https:\/\/www.institutodeengenharia.org.br\/site\/wp-content\/uploads\/2026\/03\/CAPA-PALESTRA-ONLINE-2x.jpg","width":1920,"height":1080},{"@type":"BreadcrumbList","@id":"https:\/\/www.institutodeengenharia.org.br\/site\/2026\/03\/11\/ppp-sem-erros-aposentadoria-especial-e-a-sinergia-entre-engenharia-e-advocacia-na-seguranca-do-trabalho\/#breadcrumb","itemListElement":[{"@type":"ListItem","position":1,"name":"In\u00edcio","item":"https:\/\/www.institutodeengenharia.org.br\/site\/"},{"@type":"ListItem","position":2,"name":"PPP sem erros: Aposentadoria especial e a sinergia entre engenharia e advocacia na seguran\u00e7a do trabalho"}]},{"@type":"WebSite","@id":"https:\/\/www.institutodeengenharia.org.br\/site\/#website","url":"https:\/\/www.institutodeengenharia.org.br\/site\/","name":"Instituto de Engenharia","description":"O Instituto de Engenharia promove a Engenharia em benef\u00edcio do desenvolvimento e da qualidade de vida da sociedade.","publisher":{"@id":"https:\/\/www.institutodeengenharia.org.br\/site\/#organization"},"potentialAction":[{"@type":"SearchAction","target":{"@type":"EntryPoint","urlTemplate":"https:\/\/www.institutodeengenharia.org.br\/site\/?s={search_term_string}"},"query-input":{"@type":"PropertyValueSpecification","valueRequired":true,"valueName":"search_term_string"}}],"inLanguage":"pt-BR"},{"@type":"Organization","@id":"https:\/\/www.institutodeengenharia.org.br\/site\/#organization","name":"Instituto de Engenharia","url":"https:\/\/www.institutodeengenharia.org.br\/site\/","logo":{"@type":"ImageObject","inLanguage":"pt-BR","@id":"https:\/\/www.institutodeengenharia.org.br\/site\/#\/schema\/logo\/image\/","url":"https:\/\/www.institutodeengenharia.org.br\/site\/wp-content\/uploads\/2019\/03\/logo-novo-IE2018-1.jpg","contentUrl":"https:\/\/www.institutodeengenharia.org.br\/site\/wp-content\/uploads\/2019\/03\/logo-novo-IE2018-1.jpg","width":1486,"height":1879,"caption":"Instituto de Engenharia"},"image":{"@id":"https:\/\/www.institutodeengenharia.org.br\/site\/#\/schema\/logo\/image\/"},"sameAs":["https:\/\/www.facebook.com\/institutodeengenharia","https:\/\/x.com\/iengenharia","https:\/\/www.instagram.com\/institutodeengenharia\/","https:\/\/www.linkedin.com\/company\/instituto-de-engenharia\/","https:\/\/www.youtube.com\/channel\/UCXiCAlsSMe977vamW915HxA"]},{"@type":"Person","@id":"https:\/\/www.institutodeengenharia.org.br\/site\/#\/schema\/person\/aeb64951c405e100d26d30b033dd423f","name":"Bianca","image":{"@type":"ImageObject","inLanguage":"pt-BR","@id":"https:\/\/secure.gravatar.com\/avatar\/a6fbe9bff57405baf4c1e2c5c1811e072b558253974a9f9508f4678900c97c2a?s=96&d=mm&r=g","url":"https:\/\/secure.gravatar.com\/avatar\/a6fbe9bff57405baf4c1e2c5c1811e072b558253974a9f9508f4678900c97c2a?s=96&d=mm&r=g","contentUrl":"https:\/\/secure.gravatar.com\/avatar\/a6fbe9bff57405baf4c1e2c5c1811e072b558253974a9f9508f4678900c97c2a?s=96&d=mm&r=g","caption":"Bianca"},"url":"https:\/\/www.institutodeengenharia.org.br\/site\/author\/comunicacao1\/"}]}},"_links":{"self":[{"href":"https:\/\/www.institutodeengenharia.org.br\/site\/wp-json\/wp\/v2\/posts\/152530","targetHints":{"allow":["GET"]}}],"collection":[{"href":"https:\/\/www.institutodeengenharia.org.br\/site\/wp-json\/wp\/v2\/posts"}],"about":[{"href":"https:\/\/www.institutodeengenharia.org.br\/site\/wp-json\/wp\/v2\/types\/post"}],"author":[{"embeddable":true,"href":"https:\/\/www.institutodeengenharia.org.br\/site\/wp-json\/wp\/v2\/users\/13"}],"replies":[{"embeddable":true,"href":"https:\/\/www.institutodeengenharia.org.br\/site\/wp-json\/wp\/v2\/comments?post=152530"}],"version-history":[{"count":1,"href":"https:\/\/www.institutodeengenharia.org.br\/site\/wp-json\/wp\/v2\/posts\/152530\/revisions"}],"predecessor-version":[{"id":152532,"href":"https:\/\/www.institutodeengenharia.org.br\/site\/wp-json\/wp\/v2\/posts\/152530\/revisions\/152532"}],"wp:featuredmedia":[{"embeddable":true,"href":"https:\/\/www.institutodeengenharia.org.br\/site\/wp-json\/wp\/v2\/media\/152531"}],"wp:attachment":[{"href":"https:\/\/www.institutodeengenharia.org.br\/site\/wp-json\/wp\/v2\/media?parent=152530"}],"wp:term":[{"taxonomy":"category","embeddable":true,"href":"https:\/\/www.institutodeengenharia.org.br\/site\/wp-json\/wp\/v2\/categories?post=152530"},{"taxonomy":"post_tag","embeddable":true,"href":"https:\/\/www.institutodeengenharia.org.br\/site\/wp-json\/wp\/v2\/tags?post=152530"}],"curies":[{"name":"wp","href":"https:\/\/api.w.org\/{rel}","templated":true}]}}