{"id":14742,"date":"2008-05-12T21:50:20","date_gmt":"2008-05-12T21:50:20","guid":{"rendered":"https:\/\/www.institutodeengenharia.org.br\/?p=14742"},"modified":"2008-05-12T11:54:03","modified_gmt":"2008-05-12T11:54:03","slug":"maua-participa-da-feira-internacional-da-mecanica-2008-e-expoe-prototipo-projetado-por-estudantes","status":"publish","type":"post","link":"https:\/\/www.institutodeengenharia.org.br\/site\/2008\/05\/12\/maua-participa-da-feira-internacional-da-mecanica-2008-e-expoe-prototipo-projetado-por-estudantes\/","title":{"rendered":"MAU\u00c1 participa da Feira Internacional da Mec\u00e2nica 2008 e exp\u00f5e prot\u00f3tipo projetado por estudantes"},"content":{"rendered":"<p>O prot\u00f3tipo de um ve\u00edculo econ\u00f4mico desenvolvido por estudantes da Escola de Engenharia Mau\u00e1 ser\u00e1 uma das atra\u00e7\u00f5es do estande que o Instituto Mau\u00e1 de Tecnologia manter\u00e1, de 13 a 17 de maio, na 27\u00aa Feira Internacional da Mec\u00e2nica \u2013 Mec\u00e2nica 2008. Considerada a principal feira do setor de m\u00e1quinas e equipamentos na Am\u00e9rica Latina, a Mec\u00e2nica 2008 ter\u00e1 como palco o Pavilh\u00e3o de Exposi\u00e7\u00f5es do Anhembi, em S\u00e3o Paulo.\u00a0<\/p>\n<p>No estande da Mau\u00e1, localizado na rua K, n\u00famero 03, al\u00e9m do prot\u00f3tipo projetado para competi\u00e7\u00f5es que t\u00eam como foco a efici\u00eancia energ\u00e9tica e o menor consumo de combust\u00edvel por quil\u00f4metro, o visitante poder\u00e1 obter informa\u00e7\u00f5es relativas aos cursos de gradua\u00e7\u00e3o, p\u00f3s-gradua\u00e7\u00e3o e MBA oferecidos pelo Centro Universit\u00e1rio e sobre os servi\u00e7os e pesquisas prestados, em diferentes \u00e1reas da Engenharia, pelo Centro de Pesquisas do Instituto Mau\u00e1 de Tecnologia.\u00a0<\/p>\n<p>A Feira Internacional da Mec\u00e2nica \u00e9 um grande mostru\u00e1rio de m\u00e1quinas, equipamentos e acess\u00f3rios, com solu\u00e7\u00f5es para instala\u00e7\u00f5es industriais nas \u00e1reas de produ\u00e7\u00e3o, manuten\u00e7\u00e3o, transporte, armazenagem, controle da qualidade e automa\u00e7\u00e3o. Na edi\u00e7\u00e3o 2008, a feira recebeu 1.900 empresas expositoras, de 35 pa\u00edses, e 114 mil visitantes e ou compradores, de 40 pa\u00edses.\u00a0<\/p>\n<p>Servi\u00e7o\u00a0<\/p>\n<p>MEC\u00c2NICA 2008\u00a0<br \/>\n27\u00aa Feira Internacional da Mec\u00e2nica. <br \/>\nPer\u00edodo: 13 a 17 de maio de 2008 <br \/>\nHor\u00e1rio: de ter\u00e7a a sexta-feira, das 10h \u00e0s 19h, no s\u00e1bado, das 9h \u00e0s 17h. <br \/>\nLocal: Pavilh\u00e3o de Exposi\u00e7\u00f5es do Parque Anhembi \u2013 S\u00e3o Paulo <\/p>\n<p><b>Autor: Assessoria de imprensa<\/b><\/p>\n","protected":false},"excerpt":{"rendered":"<p>O prot\u00f3tipo de um ve\u00edculo econ\u00f4mico desenvolvido por estudantes da Escola de Engenharia Mau\u00e1 ser\u00e1 uma das atra\u00e7\u00f5es do estande que o Instituto Mau\u00e1 de Tecnologia manter\u00e1, de 13 a 17 de maio, na 27\u00aa Feira Internacional da Mec\u00e2nica \u2013 Mec\u00e2nica 2008. Considerada a principal feira do setor de m\u00e1quinas e equipamentos na Am\u00e9rica Latina, [&hellip;]<\/p>\n","protected":false},"author":1,"featured_media":0,"comment_status":"open","ping_status":"open","sticky":false,"template":"","format":"standard","meta":{"footnotes":""},"categories":[6,35],"tags":[],"class_list":{"0":"post-14742","1":"post","2":"type-post","3":"status-publish","4":"format-standard","6":"category-noticias","7":"category-pesquisa-e-desenvolvimento"},"yoast_head":"<!-- This site is optimized with the Yoast SEO plugin v27.2 - https:\/\/yoast.com\/product\/yoast-seo-wordpress\/ -->\n<title>MAU\u00c1 participa da Feira Internacional da Mec\u00e2nica 2008 e exp\u00f5e prot\u00f3tipo projetado por estudantes - Instituto de Engenharia<\/title>\n<meta name=\"robots\" content=\"index, follow, max-snippet:-1, max-image-preview:large, max-video-preview:-1\" \/>\n<link rel=\"canonical\" href=\"https:\/\/www.institutodeengenharia.org.br\/site\/2008\/05\/12\/maua-participa-da-feira-internacional-da-mecanica-2008-e-expoe-prototipo-projetado-por-estudantes\/\" \/>\n<meta property=\"og:locale\" content=\"pt_BR\" \/>\n<meta property=\"og:type\" content=\"article\" \/>\n<meta property=\"og:title\" content=\"MAU\u00c1 participa da Feira Internacional da Mec\u00e2nica 2008 e exp\u00f5e prot\u00f3tipo projetado por estudantes - Instituto de Engenharia\" \/>\n<meta property=\"og:description\" content=\"O prot\u00f3tipo de um ve\u00edculo econ\u00f4mico desenvolvido por estudantes da Escola de Engenharia Mau\u00e1 ser\u00e1 uma das atra\u00e7\u00f5es do estande que o Instituto Mau\u00e1 de Tecnologia manter\u00e1, de 13 a 17 de maio, na 27\u00aa Feira Internacional da Mec\u00e2nica \u2013 Mec\u00e2nica 2008. Considerada a principal feira do setor de m\u00e1quinas e equipamentos na Am\u00e9rica Latina, [&hellip;]\" \/>\n<meta property=\"og:url\" content=\"https:\/\/www.institutodeengenharia.org.br\/site\/2008\/05\/12\/maua-participa-da-feira-internacional-da-mecanica-2008-e-expoe-prototipo-projetado-por-estudantes\/\" \/>\n<meta property=\"og:site_name\" content=\"Instituto de Engenharia\" \/>\n<meta property=\"article:publisher\" content=\"https:\/\/www.facebook.com\/institutodeengenharia\" \/>\n<meta property=\"article:published_time\" content=\"2008-05-12T21:50:20+00:00\" \/>\n<meta name=\"author\" content=\"TMax Tecnologia\" \/>\n<meta name=\"twitter:card\" content=\"summary_large_image\" \/>\n<meta name=\"twitter:creator\" content=\"@iengenharia\" \/>\n<meta name=\"twitter:site\" content=\"@iengenharia\" \/>\n<meta name=\"twitter:label1\" content=\"Escrito por\" \/>\n\t<meta name=\"twitter:data1\" content=\"TMax Tecnologia\" \/>\n\t<meta name=\"twitter:label2\" content=\"Est. tempo de leitura\" \/>\n\t<meta name=\"twitter:data2\" content=\"1 minuto\" \/>\n<script type=\"application\/ld+json\" class=\"yoast-schema-graph\">{\"@context\":\"https:\/\/schema.org\",\"@graph\":[{\"@type\":\"Article\",\"@id\":\"https:\/\/www.institutodeengenharia.org.br\/site\/2008\/05\/12\/maua-participa-da-feira-internacional-da-mecanica-2008-e-expoe-prototipo-projetado-por-estudantes\/#article\",\"isPartOf\":{\"@id\":\"https:\/\/www.institutodeengenharia.org.br\/site\/2008\/05\/12\/maua-participa-da-feira-internacional-da-mecanica-2008-e-expoe-prototipo-projetado-por-estudantes\/\"},\"author\":{\"name\":\"TMax Tecnologia\",\"@id\":\"https:\/\/www.institutodeengenharia.org.br\/site\/#\/schema\/person\/3b1ff109facef084739fc2edcb9a127f\"},\"headline\":\"MAU\u00c1 participa da Feira Internacional da Mec\u00e2nica 2008 e exp\u00f5e prot\u00f3tipo projetado por estudantes\",\"datePublished\":\"2008-05-12T21:50:20+00:00\",\"mainEntityOfPage\":{\"@id\":\"https:\/\/www.institutodeengenharia.org.br\/site\/2008\/05\/12\/maua-participa-da-feira-internacional-da-mecanica-2008-e-expoe-prototipo-projetado-por-estudantes\/\"},\"wordCount\":283,\"commentCount\":0,\"publisher\":{\"@id\":\"https:\/\/www.institutodeengenharia.org.br\/site\/#organization\"},\"articleSection\":[\"Not\u00edcias\",\"Pesquisa e Desenvolvimento\"],\"inLanguage\":\"pt-BR\",\"potentialAction\":[{\"@type\":\"CommentAction\",\"name\":\"Comment\",\"target\":[\"https:\/\/www.institutodeengenharia.org.br\/site\/2008\/05\/12\/maua-participa-da-feira-internacional-da-mecanica-2008-e-expoe-prototipo-projetado-por-estudantes\/#respond\"]}]},{\"@type\":\"WebPage\",\"@id\":\"https:\/\/www.institutodeengenharia.org.br\/site\/2008\/05\/12\/maua-participa-da-feira-internacional-da-mecanica-2008-e-expoe-prototipo-projetado-por-estudantes\/\",\"url\":\"https:\/\/www.institutodeengenharia.org.br\/site\/2008\/05\/12\/maua-participa-da-feira-internacional-da-mecanica-2008-e-expoe-prototipo-projetado-por-estudantes\/\",\"name\":\"MAU\u00c1 participa da Feira Internacional da Mec\u00e2nica 2008 e exp\u00f5e prot\u00f3tipo projetado por estudantes - Instituto de Engenharia\",\"isPartOf\":{\"@id\":\"https:\/\/www.institutodeengenharia.org.br\/site\/#website\"},\"datePublished\":\"2008-05-12T21:50:20+00:00\",\"breadcrumb\":{\"@id\":\"https:\/\/www.institutodeengenharia.org.br\/site\/2008\/05\/12\/maua-participa-da-feira-internacional-da-mecanica-2008-e-expoe-prototipo-projetado-por-estudantes\/#breadcrumb\"},\"inLanguage\":\"pt-BR\",\"potentialAction\":[{\"@type\":\"ReadAction\",\"target\":[\"https:\/\/www.institutodeengenharia.org.br\/site\/2008\/05\/12\/maua-participa-da-feira-internacional-da-mecanica-2008-e-expoe-prototipo-projetado-por-estudantes\/\"]}]},{\"@type\":\"BreadcrumbList\",\"@id\":\"https:\/\/www.institutodeengenharia.org.br\/site\/2008\/05\/12\/maua-participa-da-feira-internacional-da-mecanica-2008-e-expoe-prototipo-projetado-por-estudantes\/#breadcrumb\",\"itemListElement\":[{\"@type\":\"ListItem\",\"position\":1,\"name\":\"In\u00edcio\",\"item\":\"https:\/\/www.institutodeengenharia.org.br\/site\/\"},{\"@type\":\"ListItem\",\"position\":2,\"name\":\"MAU\u00c1 participa da Feira Internacional da Mec\u00e2nica 2008 e exp\u00f5e prot\u00f3tipo projetado por estudantes\"}]},{\"@type\":\"WebSite\",\"@id\":\"https:\/\/www.institutodeengenharia.org.br\/site\/#website\",\"url\":\"https:\/\/www.institutodeengenharia.org.br\/site\/\",\"name\":\"Instituto de Engenharia\",\"description\":\"O Instituto de Engenharia promove a Engenharia em benef\u00edcio do desenvolvimento e da qualidade de vida da sociedade.\",\"publisher\":{\"@id\":\"https:\/\/www.institutodeengenharia.org.br\/site\/#organization\"},\"potentialAction\":[{\"@type\":\"SearchAction\",\"target\":{\"@type\":\"EntryPoint\",\"urlTemplate\":\"https:\/\/www.institutodeengenharia.org.br\/site\/?s={search_term_string}\"},\"query-input\":{\"@type\":\"PropertyValueSpecification\",\"valueRequired\":true,\"valueName\":\"search_term_string\"}}],\"inLanguage\":\"pt-BR\"},{\"@type\":\"Organization\",\"@id\":\"https:\/\/www.institutodeengenharia.org.br\/site\/#organization\",\"name\":\"Instituto de Engenharia\",\"url\":\"https:\/\/www.institutodeengenharia.org.br\/site\/\",\"logo\":{\"@type\":\"ImageObject\",\"inLanguage\":\"pt-BR\",\"@id\":\"https:\/\/www.institutodeengenharia.org.br\/site\/#\/schema\/logo\/image\/\",\"url\":\"https:\/\/www.institutodeengenharia.org.br\/site\/wp-content\/uploads\/2019\/03\/logo-novo-IE2018-1.jpg\",\"contentUrl\":\"https:\/\/www.institutodeengenharia.org.br\/site\/wp-content\/uploads\/2019\/03\/logo-novo-IE2018-1.jpg\",\"width\":1486,\"height\":1879,\"caption\":\"Instituto de Engenharia\"},\"image\":{\"@id\":\"https:\/\/www.institutodeengenharia.org.br\/site\/#\/schema\/logo\/image\/\"},\"sameAs\":[\"https:\/\/www.facebook.com\/institutodeengenharia\",\"https:\/\/x.com\/iengenharia\",\"https:\/\/www.instagram.com\/institutodeengenharia\/\",\"https:\/\/www.linkedin.com\/company\/instituto-de-engenharia\/\",\"https:\/\/www.youtube.com\/channel\/UCXiCAlsSMe977vamW915HxA\"]},{\"@type\":\"Person\",\"@id\":\"https:\/\/www.institutodeengenharia.org.br\/site\/#\/schema\/person\/3b1ff109facef084739fc2edcb9a127f\",\"name\":\"TMax Tecnologia\",\"image\":{\"@type\":\"ImageObject\",\"inLanguage\":\"pt-BR\",\"@id\":\"https:\/\/secure.gravatar.com\/avatar\/f912434ef7f389c92cb311fcdae346af848465d638912574b3c669070f797701?s=96&d=mm&r=g\",\"url\":\"https:\/\/secure.gravatar.com\/avatar\/f912434ef7f389c92cb311fcdae346af848465d638912574b3c669070f797701?s=96&d=mm&r=g\",\"contentUrl\":\"https:\/\/secure.gravatar.com\/avatar\/f912434ef7f389c92cb311fcdae346af848465d638912574b3c669070f797701?s=96&d=mm&r=g\",\"caption\":\"TMax Tecnologia\"},\"url\":\"https:\/\/www.institutodeengenharia.org.br\/site\/author\/tmax\/\"}]}<\/script>\n<!-- \/ Yoast SEO plugin. -->","yoast_head_json":{"title":"MAU\u00c1 participa da Feira Internacional da Mec\u00e2nica 2008 e exp\u00f5e prot\u00f3tipo projetado por estudantes - Instituto de Engenharia","robots":{"index":"index","follow":"follow","max-snippet":"max-snippet:-1","max-image-preview":"max-image-preview:large","max-video-preview":"max-video-preview:-1"},"canonical":"https:\/\/www.institutodeengenharia.org.br\/site\/2008\/05\/12\/maua-participa-da-feira-internacional-da-mecanica-2008-e-expoe-prototipo-projetado-por-estudantes\/","og_locale":"pt_BR","og_type":"article","og_title":"MAU\u00c1 participa da Feira Internacional da Mec\u00e2nica 2008 e exp\u00f5e prot\u00f3tipo projetado por estudantes - Instituto de Engenharia","og_description":"O prot\u00f3tipo de um ve\u00edculo econ\u00f4mico desenvolvido por estudantes da Escola de Engenharia Mau\u00e1 ser\u00e1 uma das atra\u00e7\u00f5es do estande que o Instituto Mau\u00e1 de Tecnologia manter\u00e1, de 13 a 17 de maio, na 27\u00aa Feira Internacional da Mec\u00e2nica \u2013 Mec\u00e2nica 2008. Considerada a principal feira do setor de m\u00e1quinas e equipamentos na Am\u00e9rica Latina, [&hellip;]","og_url":"https:\/\/www.institutodeengenharia.org.br\/site\/2008\/05\/12\/maua-participa-da-feira-internacional-da-mecanica-2008-e-expoe-prototipo-projetado-por-estudantes\/","og_site_name":"Instituto de Engenharia","article_publisher":"https:\/\/www.facebook.com\/institutodeengenharia","article_published_time":"2008-05-12T21:50:20+00:00","author":"TMax Tecnologia","twitter_card":"summary_large_image","twitter_creator":"@iengenharia","twitter_site":"@iengenharia","twitter_misc":{"Escrito por":"TMax Tecnologia","Est. tempo de leitura":"1 minuto"},"schema":{"@context":"https:\/\/schema.org","@graph":[{"@type":"Article","@id":"https:\/\/www.institutodeengenharia.org.br\/site\/2008\/05\/12\/maua-participa-da-feira-internacional-da-mecanica-2008-e-expoe-prototipo-projetado-por-estudantes\/#article","isPartOf":{"@id":"https:\/\/www.institutodeengenharia.org.br\/site\/2008\/05\/12\/maua-participa-da-feira-internacional-da-mecanica-2008-e-expoe-prototipo-projetado-por-estudantes\/"},"author":{"name":"TMax Tecnologia","@id":"https:\/\/www.institutodeengenharia.org.br\/site\/#\/schema\/person\/3b1ff109facef084739fc2edcb9a127f"},"headline":"MAU\u00c1 participa da Feira Internacional da Mec\u00e2nica 2008 e exp\u00f5e prot\u00f3tipo projetado por estudantes","datePublished":"2008-05-12T21:50:20+00:00","mainEntityOfPage":{"@id":"https:\/\/www.institutodeengenharia.org.br\/site\/2008\/05\/12\/maua-participa-da-feira-internacional-da-mecanica-2008-e-expoe-prototipo-projetado-por-estudantes\/"},"wordCount":283,"commentCount":0,"publisher":{"@id":"https:\/\/www.institutodeengenharia.org.br\/site\/#organization"},"articleSection":["Not\u00edcias","Pesquisa e Desenvolvimento"],"inLanguage":"pt-BR","potentialAction":[{"@type":"CommentAction","name":"Comment","target":["https:\/\/www.institutodeengenharia.org.br\/site\/2008\/05\/12\/maua-participa-da-feira-internacional-da-mecanica-2008-e-expoe-prototipo-projetado-por-estudantes\/#respond"]}]},{"@type":"WebPage","@id":"https:\/\/www.institutodeengenharia.org.br\/site\/2008\/05\/12\/maua-participa-da-feira-internacional-da-mecanica-2008-e-expoe-prototipo-projetado-por-estudantes\/","url":"https:\/\/www.institutodeengenharia.org.br\/site\/2008\/05\/12\/maua-participa-da-feira-internacional-da-mecanica-2008-e-expoe-prototipo-projetado-por-estudantes\/","name":"MAU\u00c1 participa da Feira Internacional da Mec\u00e2nica 2008 e exp\u00f5e prot\u00f3tipo projetado por estudantes - Instituto de Engenharia","isPartOf":{"@id":"https:\/\/www.institutodeengenharia.org.br\/site\/#website"},"datePublished":"2008-05-12T21:50:20+00:00","breadcrumb":{"@id":"https:\/\/www.institutodeengenharia.org.br\/site\/2008\/05\/12\/maua-participa-da-feira-internacional-da-mecanica-2008-e-expoe-prototipo-projetado-por-estudantes\/#breadcrumb"},"inLanguage":"pt-BR","potentialAction":[{"@type":"ReadAction","target":["https:\/\/www.institutodeengenharia.org.br\/site\/2008\/05\/12\/maua-participa-da-feira-internacional-da-mecanica-2008-e-expoe-prototipo-projetado-por-estudantes\/"]}]},{"@type":"BreadcrumbList","@id":"https:\/\/www.institutodeengenharia.org.br\/site\/2008\/05\/12\/maua-participa-da-feira-internacional-da-mecanica-2008-e-expoe-prototipo-projetado-por-estudantes\/#breadcrumb","itemListElement":[{"@type":"ListItem","position":1,"name":"In\u00edcio","item":"https:\/\/www.institutodeengenharia.org.br\/site\/"},{"@type":"ListItem","position":2,"name":"MAU\u00c1 participa da Feira Internacional da Mec\u00e2nica 2008 e exp\u00f5e prot\u00f3tipo projetado por estudantes"}]},{"@type":"WebSite","@id":"https:\/\/www.institutodeengenharia.org.br\/site\/#website","url":"https:\/\/www.institutodeengenharia.org.br\/site\/","name":"Instituto de Engenharia","description":"O Instituto de Engenharia promove a Engenharia em benef\u00edcio do desenvolvimento e da qualidade de vida da sociedade.","publisher":{"@id":"https:\/\/www.institutodeengenharia.org.br\/site\/#organization"},"potentialAction":[{"@type":"SearchAction","target":{"@type":"EntryPoint","urlTemplate":"https:\/\/www.institutodeengenharia.org.br\/site\/?s={search_term_string}"},"query-input":{"@type":"PropertyValueSpecification","valueRequired":true,"valueName":"search_term_string"}}],"inLanguage":"pt-BR"},{"@type":"Organization","@id":"https:\/\/www.institutodeengenharia.org.br\/site\/#organization","name":"Instituto de Engenharia","url":"https:\/\/www.institutodeengenharia.org.br\/site\/","logo":{"@type":"ImageObject","inLanguage":"pt-BR","@id":"https:\/\/www.institutodeengenharia.org.br\/site\/#\/schema\/logo\/image\/","url":"https:\/\/www.institutodeengenharia.org.br\/site\/wp-content\/uploads\/2019\/03\/logo-novo-IE2018-1.jpg","contentUrl":"https:\/\/www.institutodeengenharia.org.br\/site\/wp-content\/uploads\/2019\/03\/logo-novo-IE2018-1.jpg","width":1486,"height":1879,"caption":"Instituto de Engenharia"},"image":{"@id":"https:\/\/www.institutodeengenharia.org.br\/site\/#\/schema\/logo\/image\/"},"sameAs":["https:\/\/www.facebook.com\/institutodeengenharia","https:\/\/x.com\/iengenharia","https:\/\/www.instagram.com\/institutodeengenharia\/","https:\/\/www.linkedin.com\/company\/instituto-de-engenharia\/","https:\/\/www.youtube.com\/channel\/UCXiCAlsSMe977vamW915HxA"]},{"@type":"Person","@id":"https:\/\/www.institutodeengenharia.org.br\/site\/#\/schema\/person\/3b1ff109facef084739fc2edcb9a127f","name":"TMax Tecnologia","image":{"@type":"ImageObject","inLanguage":"pt-BR","@id":"https:\/\/secure.gravatar.com\/avatar\/f912434ef7f389c92cb311fcdae346af848465d638912574b3c669070f797701?s=96&d=mm&r=g","url":"https:\/\/secure.gravatar.com\/avatar\/f912434ef7f389c92cb311fcdae346af848465d638912574b3c669070f797701?s=96&d=mm&r=g","contentUrl":"https:\/\/secure.gravatar.com\/avatar\/f912434ef7f389c92cb311fcdae346af848465d638912574b3c669070f797701?s=96&d=mm&r=g","caption":"TMax Tecnologia"},"url":"https:\/\/www.institutodeengenharia.org.br\/site\/author\/tmax\/"}]}},"_links":{"self":[{"href":"https:\/\/www.institutodeengenharia.org.br\/site\/wp-json\/wp\/v2\/posts\/14742","targetHints":{"allow":["GET"]}}],"collection":[{"href":"https:\/\/www.institutodeengenharia.org.br\/site\/wp-json\/wp\/v2\/posts"}],"about":[{"href":"https:\/\/www.institutodeengenharia.org.br\/site\/wp-json\/wp\/v2\/types\/post"}],"author":[{"embeddable":true,"href":"https:\/\/www.institutodeengenharia.org.br\/site\/wp-json\/wp\/v2\/users\/1"}],"replies":[{"embeddable":true,"href":"https:\/\/www.institutodeengenharia.org.br\/site\/wp-json\/wp\/v2\/comments?post=14742"}],"version-history":[{"count":0,"href":"https:\/\/www.institutodeengenharia.org.br\/site\/wp-json\/wp\/v2\/posts\/14742\/revisions"}],"wp:attachment":[{"href":"https:\/\/www.institutodeengenharia.org.br\/site\/wp-json\/wp\/v2\/media?parent=14742"}],"wp:term":[{"taxonomy":"category","embeddable":true,"href":"https:\/\/www.institutodeengenharia.org.br\/site\/wp-json\/wp\/v2\/categories?post=14742"},{"taxonomy":"post_tag","embeddable":true,"href":"https:\/\/www.institutodeengenharia.org.br\/site\/wp-json\/wp\/v2\/tags?post=14742"}],"curies":[{"name":"wp","href":"https:\/\/api.w.org\/{rel}","templated":true}]}}