{"id":14718,"date":"2008-05-06T21:49:56","date_gmt":"2008-05-06T21:49:56","guid":{"rendered":"https:\/\/www.institutodeengenharia.org.br\/?p=14718"},"modified":"2008-05-06T14:38:03","modified_gmt":"2008-05-06T14:38:03","slug":"odebrecht-lanca-premio-para-projetos-academicos-de-sustentabilidade","status":"publish","type":"post","link":"https:\/\/www.institutodeengenharia.org.br\/site\/2008\/05\/06\/odebrecht-lanca-premio-para-projetos-academicos-de-sustentabilidade\/","title":{"rendered":"Odebrecht lan\u00e7a pr\u00eamio para projetos acad\u00eamicos de sustentabilidade"},"content":{"rendered":"<p>A Odebrecht lan\u00e7a o Pr\u00eamio Odebrecht \u2013 Contribui\u00e7\u00f5es da Engenharia para o Desenvolvimento Sustent\u00e1vel. Estudantes do curso de gradua\u00e7\u00e3o em engenharia de todo o Brasil podem participar do concurso de disserta\u00e7\u00f5es que visa estimular a gera\u00e7\u00e3o de conhecimento sobre assuntos relacionados \u00e0 contribui\u00e7\u00e3o da engenharia para o desenvolvimento sustent\u00e1vel. O tema este ano \u00e9 Utiliza\u00e7\u00e3o de Recursos e Materiais na Constru\u00e7\u00e3o. <\/p>\n<p>Os projetos devem ser in\u00e9ditos, vi\u00e1veis e desenvolvidos sob a \u00f3tica dos tr\u00eas pilares da sustentabilidade: viabilidade econ\u00f4mica, responsabilidade ambiental e inclus\u00e3o social. Ser\u00e3o premiadas as cinco melhores disserta\u00e7\u00f5es. O autor, ou grupo de autores, e orientadores ganham R$ 20 mil reais cada. J\u00e1 as universidades receber\u00e3o a mesma quantia em pr\u00eamios. Tamb\u00e9m ser\u00e3o concedidas men\u00e7\u00f5es honrosas para mais cinco disserta\u00e7\u00f5es. No total, os dez projetos ser\u00e3o publicados em livro comemorativo. <\/p>\n<p>As inscri\u00e7\u00f5es est\u00e3o abertas a partir de 1\u00b0 de maio e devem ser feitas no site da Odebrecht, no link www.odebrecht.com\/premioodebrecht. O prazo para envio dos trabalhos se encerra no dia 31 de julho de 2008. Os projetos enviados ser\u00e3o pr\u00e9-selecionados por uma Comiss\u00e3o Julgadora interna. Ap\u00f3s a primeira triagem, uma Comiss\u00e3o externa, composta por profissionais de reconhecido saber no tema, nomear\u00e1 os vencedores. O resultado ser\u00e1 divulgado tamb\u00e9m no site a partir da primeira semana de outubro. <\/p>\n<p>Com mais este incentivo, o Pr\u00eamio Odebrecht \u2013 Contribui\u00e7\u00f5es da Engenharia para o Desenvolvimento Sustent\u00e1vel, a Organiza\u00e7\u00e3o espera difundir o tema junto \u00e0 comunidade acad\u00eamica brasileira e \u00e0 sociedade para, dessa forma, investir em sua maior fonte renov\u00e1vel: o futuro engenheiro. <\/p>\n<p><b>Autor: Assessoria de imprensa<\/b><\/p>\n","protected":false},"excerpt":{"rendered":"<p>A Odebrecht lan\u00e7a o Pr\u00eamio Odebrecht \u2013 Contribui\u00e7\u00f5es da Engenharia para o Desenvolvimento Sustent\u00e1vel. Estudantes do curso de gradua\u00e7\u00e3o em engenharia de todo o Brasil podem participar do concurso de disserta\u00e7\u00f5es que visa estimular a gera\u00e7\u00e3o de conhecimento sobre assuntos relacionados \u00e0 contribui\u00e7\u00e3o da engenharia para o desenvolvimento sustent\u00e1vel. O tema este ano \u00e9 Utiliza\u00e7\u00e3o [&hellip;]<\/p>\n","protected":false},"author":1,"featured_media":0,"comment_status":"open","ping_status":"open","sticky":false,"template":"","format":"standard","meta":{"footnotes":""},"categories":[6,35],"tags":[],"class_list":{"0":"post-14718","1":"post","2":"type-post","3":"status-publish","4":"format-standard","6":"category-noticias","7":"category-pesquisa-e-desenvolvimento"},"yoast_head":"<!-- This site is optimized with the Yoast SEO plugin v27.2 - https:\/\/yoast.com\/product\/yoast-seo-wordpress\/ -->\n<title>Odebrecht lan\u00e7a pr\u00eamio para projetos acad\u00eamicos de sustentabilidade - Instituto de Engenharia<\/title>\n<meta name=\"robots\" content=\"index, follow, max-snippet:-1, max-image-preview:large, max-video-preview:-1\" \/>\n<link rel=\"canonical\" href=\"https:\/\/www.institutodeengenharia.org.br\/site\/2008\/05\/06\/odebrecht-lanca-premio-para-projetos-academicos-de-sustentabilidade\/\" \/>\n<meta property=\"og:locale\" content=\"pt_BR\" \/>\n<meta property=\"og:type\" content=\"article\" \/>\n<meta property=\"og:title\" content=\"Odebrecht lan\u00e7a pr\u00eamio para projetos acad\u00eamicos de sustentabilidade - Instituto de Engenharia\" \/>\n<meta property=\"og:description\" content=\"A Odebrecht lan\u00e7a o Pr\u00eamio Odebrecht \u2013 Contribui\u00e7\u00f5es da Engenharia para o Desenvolvimento Sustent\u00e1vel. Estudantes do curso de gradua\u00e7\u00e3o em engenharia de todo o Brasil podem participar do concurso de disserta\u00e7\u00f5es que visa estimular a gera\u00e7\u00e3o de conhecimento sobre assuntos relacionados \u00e0 contribui\u00e7\u00e3o da engenharia para o desenvolvimento sustent\u00e1vel. O tema este ano \u00e9 Utiliza\u00e7\u00e3o [&hellip;]\" \/>\n<meta property=\"og:url\" content=\"https:\/\/www.institutodeengenharia.org.br\/site\/2008\/05\/06\/odebrecht-lanca-premio-para-projetos-academicos-de-sustentabilidade\/\" \/>\n<meta property=\"og:site_name\" content=\"Instituto de Engenharia\" \/>\n<meta property=\"article:publisher\" content=\"https:\/\/www.facebook.com\/institutodeengenharia\" \/>\n<meta property=\"article:published_time\" content=\"2008-05-06T21:49:56+00:00\" \/>\n<meta name=\"author\" content=\"TMax Tecnologia\" \/>\n<meta name=\"twitter:card\" content=\"summary_large_image\" \/>\n<meta name=\"twitter:creator\" content=\"@iengenharia\" \/>\n<meta name=\"twitter:site\" content=\"@iengenharia\" \/>\n<meta name=\"twitter:label1\" content=\"Escrito por\" \/>\n\t<meta name=\"twitter:data1\" content=\"TMax Tecnologia\" \/>\n\t<meta name=\"twitter:label2\" content=\"Est. tempo de leitura\" \/>\n\t<meta name=\"twitter:data2\" content=\"1 minuto\" \/>\n<script type=\"application\/ld+json\" class=\"yoast-schema-graph\">{\"@context\":\"https:\/\/schema.org\",\"@graph\":[{\"@type\":\"Article\",\"@id\":\"https:\/\/www.institutodeengenharia.org.br\/site\/2008\/05\/06\/odebrecht-lanca-premio-para-projetos-academicos-de-sustentabilidade\/#article\",\"isPartOf\":{\"@id\":\"https:\/\/www.institutodeengenharia.org.br\/site\/2008\/05\/06\/odebrecht-lanca-premio-para-projetos-academicos-de-sustentabilidade\/\"},\"author\":{\"name\":\"TMax Tecnologia\",\"@id\":\"https:\/\/www.institutodeengenharia.org.br\/site\/#\/schema\/person\/3b1ff109facef084739fc2edcb9a127f\"},\"headline\":\"Odebrecht lan\u00e7a pr\u00eamio para projetos acad\u00eamicos de sustentabilidade\",\"datePublished\":\"2008-05-06T21:49:56+00:00\",\"mainEntityOfPage\":{\"@id\":\"https:\/\/www.institutodeengenharia.org.br\/site\/2008\/05\/06\/odebrecht-lanca-premio-para-projetos-academicos-de-sustentabilidade\/\"},\"wordCount\":298,\"commentCount\":0,\"publisher\":{\"@id\":\"https:\/\/www.institutodeengenharia.org.br\/site\/#organization\"},\"articleSection\":[\"Not\u00edcias\",\"Pesquisa e Desenvolvimento\"],\"inLanguage\":\"pt-BR\",\"potentialAction\":[{\"@type\":\"CommentAction\",\"name\":\"Comment\",\"target\":[\"https:\/\/www.institutodeengenharia.org.br\/site\/2008\/05\/06\/odebrecht-lanca-premio-para-projetos-academicos-de-sustentabilidade\/#respond\"]}]},{\"@type\":\"WebPage\",\"@id\":\"https:\/\/www.institutodeengenharia.org.br\/site\/2008\/05\/06\/odebrecht-lanca-premio-para-projetos-academicos-de-sustentabilidade\/\",\"url\":\"https:\/\/www.institutodeengenharia.org.br\/site\/2008\/05\/06\/odebrecht-lanca-premio-para-projetos-academicos-de-sustentabilidade\/\",\"name\":\"Odebrecht lan\u00e7a pr\u00eamio para projetos acad\u00eamicos de sustentabilidade - Instituto de Engenharia\",\"isPartOf\":{\"@id\":\"https:\/\/www.institutodeengenharia.org.br\/site\/#website\"},\"datePublished\":\"2008-05-06T21:49:56+00:00\",\"breadcrumb\":{\"@id\":\"https:\/\/www.institutodeengenharia.org.br\/site\/2008\/05\/06\/odebrecht-lanca-premio-para-projetos-academicos-de-sustentabilidade\/#breadcrumb\"},\"inLanguage\":\"pt-BR\",\"potentialAction\":[{\"@type\":\"ReadAction\",\"target\":[\"https:\/\/www.institutodeengenharia.org.br\/site\/2008\/05\/06\/odebrecht-lanca-premio-para-projetos-academicos-de-sustentabilidade\/\"]}]},{\"@type\":\"BreadcrumbList\",\"@id\":\"https:\/\/www.institutodeengenharia.org.br\/site\/2008\/05\/06\/odebrecht-lanca-premio-para-projetos-academicos-de-sustentabilidade\/#breadcrumb\",\"itemListElement\":[{\"@type\":\"ListItem\",\"position\":1,\"name\":\"In\u00edcio\",\"item\":\"https:\/\/www.institutodeengenharia.org.br\/site\/\"},{\"@type\":\"ListItem\",\"position\":2,\"name\":\"Odebrecht lan\u00e7a pr\u00eamio para projetos acad\u00eamicos de sustentabilidade\"}]},{\"@type\":\"WebSite\",\"@id\":\"https:\/\/www.institutodeengenharia.org.br\/site\/#website\",\"url\":\"https:\/\/www.institutodeengenharia.org.br\/site\/\",\"name\":\"Instituto de Engenharia\",\"description\":\"O Instituto de Engenharia promove a Engenharia em benef\u00edcio do desenvolvimento e da qualidade de vida da sociedade.\",\"publisher\":{\"@id\":\"https:\/\/www.institutodeengenharia.org.br\/site\/#organization\"},\"potentialAction\":[{\"@type\":\"SearchAction\",\"target\":{\"@type\":\"EntryPoint\",\"urlTemplate\":\"https:\/\/www.institutodeengenharia.org.br\/site\/?s={search_term_string}\"},\"query-input\":{\"@type\":\"PropertyValueSpecification\",\"valueRequired\":true,\"valueName\":\"search_term_string\"}}],\"inLanguage\":\"pt-BR\"},{\"@type\":\"Organization\",\"@id\":\"https:\/\/www.institutodeengenharia.org.br\/site\/#organization\",\"name\":\"Instituto de Engenharia\",\"url\":\"https:\/\/www.institutodeengenharia.org.br\/site\/\",\"logo\":{\"@type\":\"ImageObject\",\"inLanguage\":\"pt-BR\",\"@id\":\"https:\/\/www.institutodeengenharia.org.br\/site\/#\/schema\/logo\/image\/\",\"url\":\"https:\/\/www.institutodeengenharia.org.br\/site\/wp-content\/uploads\/2019\/03\/logo-novo-IE2018-1.jpg\",\"contentUrl\":\"https:\/\/www.institutodeengenharia.org.br\/site\/wp-content\/uploads\/2019\/03\/logo-novo-IE2018-1.jpg\",\"width\":1486,\"height\":1879,\"caption\":\"Instituto de Engenharia\"},\"image\":{\"@id\":\"https:\/\/www.institutodeengenharia.org.br\/site\/#\/schema\/logo\/image\/\"},\"sameAs\":[\"https:\/\/www.facebook.com\/institutodeengenharia\",\"https:\/\/x.com\/iengenharia\",\"https:\/\/www.instagram.com\/institutodeengenharia\/\",\"https:\/\/www.linkedin.com\/company\/instituto-de-engenharia\/\",\"https:\/\/www.youtube.com\/channel\/UCXiCAlsSMe977vamW915HxA\"]},{\"@type\":\"Person\",\"@id\":\"https:\/\/www.institutodeengenharia.org.br\/site\/#\/schema\/person\/3b1ff109facef084739fc2edcb9a127f\",\"name\":\"TMax Tecnologia\",\"image\":{\"@type\":\"ImageObject\",\"inLanguage\":\"pt-BR\",\"@id\":\"https:\/\/secure.gravatar.com\/avatar\/f912434ef7f389c92cb311fcdae346af848465d638912574b3c669070f797701?s=96&d=mm&r=g\",\"url\":\"https:\/\/secure.gravatar.com\/avatar\/f912434ef7f389c92cb311fcdae346af848465d638912574b3c669070f797701?s=96&d=mm&r=g\",\"contentUrl\":\"https:\/\/secure.gravatar.com\/avatar\/f912434ef7f389c92cb311fcdae346af848465d638912574b3c669070f797701?s=96&d=mm&r=g\",\"caption\":\"TMax Tecnologia\"},\"url\":\"https:\/\/www.institutodeengenharia.org.br\/site\/author\/tmax\/\"}]}<\/script>\n<!-- \/ Yoast SEO plugin. -->","yoast_head_json":{"title":"Odebrecht lan\u00e7a pr\u00eamio para projetos acad\u00eamicos de sustentabilidade - Instituto de Engenharia","robots":{"index":"index","follow":"follow","max-snippet":"max-snippet:-1","max-image-preview":"max-image-preview:large","max-video-preview":"max-video-preview:-1"},"canonical":"https:\/\/www.institutodeengenharia.org.br\/site\/2008\/05\/06\/odebrecht-lanca-premio-para-projetos-academicos-de-sustentabilidade\/","og_locale":"pt_BR","og_type":"article","og_title":"Odebrecht lan\u00e7a pr\u00eamio para projetos acad\u00eamicos de sustentabilidade - Instituto de Engenharia","og_description":"A Odebrecht lan\u00e7a o Pr\u00eamio Odebrecht \u2013 Contribui\u00e7\u00f5es da Engenharia para o Desenvolvimento Sustent\u00e1vel. Estudantes do curso de gradua\u00e7\u00e3o em engenharia de todo o Brasil podem participar do concurso de disserta\u00e7\u00f5es que visa estimular a gera\u00e7\u00e3o de conhecimento sobre assuntos relacionados \u00e0 contribui\u00e7\u00e3o da engenharia para o desenvolvimento sustent\u00e1vel. O tema este ano \u00e9 Utiliza\u00e7\u00e3o [&hellip;]","og_url":"https:\/\/www.institutodeengenharia.org.br\/site\/2008\/05\/06\/odebrecht-lanca-premio-para-projetos-academicos-de-sustentabilidade\/","og_site_name":"Instituto de Engenharia","article_publisher":"https:\/\/www.facebook.com\/institutodeengenharia","article_published_time":"2008-05-06T21:49:56+00:00","author":"TMax Tecnologia","twitter_card":"summary_large_image","twitter_creator":"@iengenharia","twitter_site":"@iengenharia","twitter_misc":{"Escrito por":"TMax Tecnologia","Est. tempo de leitura":"1 minuto"},"schema":{"@context":"https:\/\/schema.org","@graph":[{"@type":"Article","@id":"https:\/\/www.institutodeengenharia.org.br\/site\/2008\/05\/06\/odebrecht-lanca-premio-para-projetos-academicos-de-sustentabilidade\/#article","isPartOf":{"@id":"https:\/\/www.institutodeengenharia.org.br\/site\/2008\/05\/06\/odebrecht-lanca-premio-para-projetos-academicos-de-sustentabilidade\/"},"author":{"name":"TMax Tecnologia","@id":"https:\/\/www.institutodeengenharia.org.br\/site\/#\/schema\/person\/3b1ff109facef084739fc2edcb9a127f"},"headline":"Odebrecht lan\u00e7a pr\u00eamio para projetos acad\u00eamicos de sustentabilidade","datePublished":"2008-05-06T21:49:56+00:00","mainEntityOfPage":{"@id":"https:\/\/www.institutodeengenharia.org.br\/site\/2008\/05\/06\/odebrecht-lanca-premio-para-projetos-academicos-de-sustentabilidade\/"},"wordCount":298,"commentCount":0,"publisher":{"@id":"https:\/\/www.institutodeengenharia.org.br\/site\/#organization"},"articleSection":["Not\u00edcias","Pesquisa e Desenvolvimento"],"inLanguage":"pt-BR","potentialAction":[{"@type":"CommentAction","name":"Comment","target":["https:\/\/www.institutodeengenharia.org.br\/site\/2008\/05\/06\/odebrecht-lanca-premio-para-projetos-academicos-de-sustentabilidade\/#respond"]}]},{"@type":"WebPage","@id":"https:\/\/www.institutodeengenharia.org.br\/site\/2008\/05\/06\/odebrecht-lanca-premio-para-projetos-academicos-de-sustentabilidade\/","url":"https:\/\/www.institutodeengenharia.org.br\/site\/2008\/05\/06\/odebrecht-lanca-premio-para-projetos-academicos-de-sustentabilidade\/","name":"Odebrecht lan\u00e7a pr\u00eamio para projetos acad\u00eamicos de sustentabilidade - Instituto de Engenharia","isPartOf":{"@id":"https:\/\/www.institutodeengenharia.org.br\/site\/#website"},"datePublished":"2008-05-06T21:49:56+00:00","breadcrumb":{"@id":"https:\/\/www.institutodeengenharia.org.br\/site\/2008\/05\/06\/odebrecht-lanca-premio-para-projetos-academicos-de-sustentabilidade\/#breadcrumb"},"inLanguage":"pt-BR","potentialAction":[{"@type":"ReadAction","target":["https:\/\/www.institutodeengenharia.org.br\/site\/2008\/05\/06\/odebrecht-lanca-premio-para-projetos-academicos-de-sustentabilidade\/"]}]},{"@type":"BreadcrumbList","@id":"https:\/\/www.institutodeengenharia.org.br\/site\/2008\/05\/06\/odebrecht-lanca-premio-para-projetos-academicos-de-sustentabilidade\/#breadcrumb","itemListElement":[{"@type":"ListItem","position":1,"name":"In\u00edcio","item":"https:\/\/www.institutodeengenharia.org.br\/site\/"},{"@type":"ListItem","position":2,"name":"Odebrecht lan\u00e7a pr\u00eamio para projetos acad\u00eamicos de sustentabilidade"}]},{"@type":"WebSite","@id":"https:\/\/www.institutodeengenharia.org.br\/site\/#website","url":"https:\/\/www.institutodeengenharia.org.br\/site\/","name":"Instituto de Engenharia","description":"O Instituto de Engenharia promove a Engenharia em benef\u00edcio do desenvolvimento e da qualidade de vida da sociedade.","publisher":{"@id":"https:\/\/www.institutodeengenharia.org.br\/site\/#organization"},"potentialAction":[{"@type":"SearchAction","target":{"@type":"EntryPoint","urlTemplate":"https:\/\/www.institutodeengenharia.org.br\/site\/?s={search_term_string}"},"query-input":{"@type":"PropertyValueSpecification","valueRequired":true,"valueName":"search_term_string"}}],"inLanguage":"pt-BR"},{"@type":"Organization","@id":"https:\/\/www.institutodeengenharia.org.br\/site\/#organization","name":"Instituto de Engenharia","url":"https:\/\/www.institutodeengenharia.org.br\/site\/","logo":{"@type":"ImageObject","inLanguage":"pt-BR","@id":"https:\/\/www.institutodeengenharia.org.br\/site\/#\/schema\/logo\/image\/","url":"https:\/\/www.institutodeengenharia.org.br\/site\/wp-content\/uploads\/2019\/03\/logo-novo-IE2018-1.jpg","contentUrl":"https:\/\/www.institutodeengenharia.org.br\/site\/wp-content\/uploads\/2019\/03\/logo-novo-IE2018-1.jpg","width":1486,"height":1879,"caption":"Instituto de Engenharia"},"image":{"@id":"https:\/\/www.institutodeengenharia.org.br\/site\/#\/schema\/logo\/image\/"},"sameAs":["https:\/\/www.facebook.com\/institutodeengenharia","https:\/\/x.com\/iengenharia","https:\/\/www.instagram.com\/institutodeengenharia\/","https:\/\/www.linkedin.com\/company\/instituto-de-engenharia\/","https:\/\/www.youtube.com\/channel\/UCXiCAlsSMe977vamW915HxA"]},{"@type":"Person","@id":"https:\/\/www.institutodeengenharia.org.br\/site\/#\/schema\/person\/3b1ff109facef084739fc2edcb9a127f","name":"TMax Tecnologia","image":{"@type":"ImageObject","inLanguage":"pt-BR","@id":"https:\/\/secure.gravatar.com\/avatar\/f912434ef7f389c92cb311fcdae346af848465d638912574b3c669070f797701?s=96&d=mm&r=g","url":"https:\/\/secure.gravatar.com\/avatar\/f912434ef7f389c92cb311fcdae346af848465d638912574b3c669070f797701?s=96&d=mm&r=g","contentUrl":"https:\/\/secure.gravatar.com\/avatar\/f912434ef7f389c92cb311fcdae346af848465d638912574b3c669070f797701?s=96&d=mm&r=g","caption":"TMax Tecnologia"},"url":"https:\/\/www.institutodeengenharia.org.br\/site\/author\/tmax\/"}]}},"_links":{"self":[{"href":"https:\/\/www.institutodeengenharia.org.br\/site\/wp-json\/wp\/v2\/posts\/14718","targetHints":{"allow":["GET"]}}],"collection":[{"href":"https:\/\/www.institutodeengenharia.org.br\/site\/wp-json\/wp\/v2\/posts"}],"about":[{"href":"https:\/\/www.institutodeengenharia.org.br\/site\/wp-json\/wp\/v2\/types\/post"}],"author":[{"embeddable":true,"href":"https:\/\/www.institutodeengenharia.org.br\/site\/wp-json\/wp\/v2\/users\/1"}],"replies":[{"embeddable":true,"href":"https:\/\/www.institutodeengenharia.org.br\/site\/wp-json\/wp\/v2\/comments?post=14718"}],"version-history":[{"count":0,"href":"https:\/\/www.institutodeengenharia.org.br\/site\/wp-json\/wp\/v2\/posts\/14718\/revisions"}],"wp:attachment":[{"href":"https:\/\/www.institutodeengenharia.org.br\/site\/wp-json\/wp\/v2\/media?parent=14718"}],"wp:term":[{"taxonomy":"category","embeddable":true,"href":"https:\/\/www.institutodeengenharia.org.br\/site\/wp-json\/wp\/v2\/categories?post=14718"},{"taxonomy":"post_tag","embeddable":true,"href":"https:\/\/www.institutodeengenharia.org.br\/site\/wp-json\/wp\/v2\/tags?post=14718"}],"curies":[{"name":"wp","href":"https:\/\/api.w.org\/{rel}","templated":true}]}}