{"id":14717,"date":"2008-05-06T21:49:55","date_gmt":"2008-05-06T21:49:55","guid":{"rendered":"https:\/\/www.institutodeengenharia.org.br\/?p=14717"},"modified":"2008-05-06T14:37:18","modified_gmt":"2008-05-06T14:37:18","slug":"diziam-que-meus-projetos-eram-malucos-e-caros-diz-arquiteto-chines","status":"publish","type":"post","link":"https:\/\/www.institutodeengenharia.org.br\/site\/2008\/05\/06\/diziam-que-meus-projetos-eram-malucos-e-caros-diz-arquiteto-chines\/","title":{"rendered":"&#8220;Diziam que meus projetos eram malucos e caros&#8221;, diz arquiteto chin\u00eas"},"content":{"rendered":"<p>Na terra onde o Est\u00e1dio Ol\u00edmpico foi desenhado por su\u00ed\u00e7os; o aeroporto internacional, por um ingl\u00eas; o gin\u00e1sio da nata\u00e7\u00e3o, por australianos; e a nova \u00f3pera, por um franc\u00eas, finalmente um chin\u00eas conseguiu espa\u00e7o entre as mais badaladas estrelas da arquitetura.\u00a0<\/p>\n<p>Aos 31, Ma Yansong virou celebridade no seu pa\u00eds ao fazer o caminho inverso: vencer concursos internacionais na Dinamarca, no Jap\u00e3o e na Mal\u00e1sia e construir duas torres de mais de 50 andares no Canad\u00e1, t\u00e3o cheias de curvas que foram apelidadas de Marilyn Monroe.\u00a0<\/p>\n<p>Ap\u00f3s estudar em Yale com a premiada arquiteta iraquiana Zaha Hadid, com quem trabalhou dois anos em Londres, Ma voltou \u00e0 China para desenvolver um projeto nunca constru\u00eddo. Foi quando abriu seu escrit\u00f3rio, Mad, com um disc\u00edpulo. Quatro anos depois, tem uma equipe de 40 arquitetos.\u00a0<\/p>\n<p>&#8220;N\u00e3o conhe\u00e7o um \u00fanico arquiteto desempregado na China&#8221;, disse Ma \u00e0 Folha, em seu belo e despojado escrit\u00f3rio, em uma \u00e1rea popular de Pequim que ainda n\u00e3o foi destru\u00edda para dar espa\u00e7o a arranha-c\u00e9us.\u00a0<\/p>\n<p>A hist\u00f3ria de Ma revela o boom arquitet\u00f4nico do pa\u00eds, onde 50% do cimento mundial \u00e9 consumido. H\u00e1 3.000 pr\u00e9dios em constru\u00e7\u00e3o apenas na capital chinesa. &#8220;Hoje n\u00e3o tenho tempo de aceitar as dezenas de convites que recebo, mas s\u00f3 fiz sucesso aqui depois de ganhar o concurso no Canad\u00e1&#8221;, diz Ma, confirmando que santo de casa tamb\u00e9m sofre na China.\u00a0&#8220;Antes diziam que meus projetos eram malucos e caros.&#8221;\u00a0<\/p>\n<p>Seu mais novo projeto \u00e9 uma torre de 385 m de altura, mais que o dobro do edif\u00edcio It\u00e1lia paulistano, para a gigante sider\u00fargica Sinosteel, no porto de Tianjin, a 120 km da capital. O revestimento do pr\u00e9dio lembra uma colm\u00e9ia -por conta dos &#8220;favos&#8221; por onde entra a luz.\u00a0<\/p>\n<p>Ele foi convidado a desenhar um novo centro financeiro, com mais de 20 edif\u00edcios, para Beihai, no sul da China. &#8220;Se o cliente confia, voc\u00ea pode ser ambicioso. As autoridades chinesas andam competindo por quem faz os pr\u00e9dios mais audaciosos, mais arriscados ou os arranha-c\u00e9us mais altos.&#8221;\u00a0<\/p>\n<p>Ma \u00e9 cr\u00edtico de boa parte dos arranha-c\u00e9us de Pequim, &#8220;cada vez mais iguais, caixot\u00f5es sem personalidade&#8221;. Seus projetos ousam nas curvas e em geometrias arriscadas, &#8220;macios&#8221;, segundo ele, onde se nota a influ\u00eancia de sua mentora Hadid.\u00a0<\/p>\n<p>Curvas presentes em at\u00e9 seus primeiros -e pequenos- projetos, como o clube Hong Luo, centro de conviv\u00eancia constru\u00eddo em 2005 em um condom\u00ednio de Pequim. <br \/>\nTiananmen verde\u00a0<\/p>\n<p>Seu projeto mais pol\u00eamico e discutido na China ultimamente, por\u00e9m, tem poucas chances de ser realizado, segundo o pr\u00f3prio arquiteto. \u00c9 deixar &#8220;verde&#8221; a pra\u00e7a Tiananmen, da Paz Celestial, a maior do mundo, palco da violenta repress\u00e3o da ditadura comunista em 1989.\u00a0<\/p>\n<p>A pra\u00e7a \u00e9 sede do Congresso do Povo e entrada da Cidade Proibida, complexo de resid\u00eancias imperiais, onde hoje fica o gigante retrato do l\u00edder comunista Mao Ts\u00e9-Tung. &#8220;Mao a construiu com inspira\u00e7\u00e3o na pra\u00e7a Vermelha, de Moscou. Mas o pa\u00eds mudou, n\u00e3o temos mais paradas militares l\u00e1, a Tiananmen \u00e9 lugar de passagem, os pequineses n\u00e3o a usam.&#8221;\u00a0<\/p>\n<p>Em seu projeto, a pra\u00e7a \u00e9 revestida de \u00e1rvores, fontes, espa\u00e7os para cultura e at\u00e9 um pequeno morro. &#8220;Fiz o projeto para provocar, colocar o pequin\u00eas a pensar sobre o uso da cidade, e as pessoas adoram \u00e1rvores. Quem sabe um dia?&#8221;, sonha.\u00a0<\/p>\n<p><strong>Jovens no Brasil<\/strong>\u00a0<\/p>\n<p>Ma diz n\u00e3o ter f\u00f3rmula para virar arquiteto internacional. &#8220;Veja Niemeyer: ele n\u00e3o imitou ningu\u00e9m, come\u00e7ou construindo no Brasil e \u00e9 um nome internacional.&#8221; Ele conheceu obras de Niemeyer, como o Copan (S\u00e3o Paulo) e a casa de Canoas (Rio) no m\u00eas passado, quando esteve no Brasil para o 6\u00ba F\u00f3rum Internacional de Arquitetura e Constru\u00e7\u00e3o. &#8220;Gostei das curvas do Copan e daquela galeria aberta para a rua.&#8221;\u00a0<\/p>\n<p>Ao ser ciceroneado pelas obras de Niemeyer, estranhou n\u00e3o ver obras de arquitetos jovens. &#8220;Eles n\u00e3o est\u00e3o construindo? Deveriam vir para a China! \u00c9 dif\u00edcil conseguir bons arquitetos, h\u00e1 falta deles!&#8221; <\/p>\n<p><b>Autor: Folha de S.Paulo &#8211; Raul Juste Lores<\/b><\/p>\n","protected":false},"excerpt":{"rendered":"<p>Na terra onde o Est\u00e1dio Ol\u00edmpico foi desenhado por su\u00ed\u00e7os; o aeroporto internacional, por um ingl\u00eas; o gin\u00e1sio da nata\u00e7\u00e3o, por australianos; e a nova \u00f3pera, por um franc\u00eas, finalmente um chin\u00eas conseguiu espa\u00e7o entre as mais badaladas estrelas da arquitetura.\u00a0 Aos 31, Ma Yansong virou celebridade no seu pa\u00eds ao fazer o caminho inverso: [&hellip;]<\/p>\n","protected":false},"author":1,"featured_media":0,"comment_status":"open","ping_status":"open","sticky":false,"template":"","format":"standard","meta":{"footnotes":""},"categories":[6,42],"tags":[],"class_list":{"0":"post-14717","1":"post","2":"type-post","3":"status-publish","4":"format-standard","6":"category-noticias","7":"category-urbanismo"},"yoast_head":"<!-- This site is optimized with the Yoast SEO plugin v27.2 - https:\/\/yoast.com\/product\/yoast-seo-wordpress\/ -->\n<title>&quot;Diziam que meus projetos eram malucos e caros&quot;, diz arquiteto chin\u00eas - Instituto de Engenharia<\/title>\n<meta name=\"robots\" content=\"index, follow, max-snippet:-1, max-image-preview:large, max-video-preview:-1\" \/>\n<link rel=\"canonical\" href=\"https:\/\/www.institutodeengenharia.org.br\/site\/2008\/05\/06\/diziam-que-meus-projetos-eram-malucos-e-caros-diz-arquiteto-chines\/\" \/>\n<meta property=\"og:locale\" content=\"pt_BR\" \/>\n<meta property=\"og:type\" content=\"article\" \/>\n<meta property=\"og:title\" content=\"&quot;Diziam que meus projetos eram malucos e caros&quot;, diz arquiteto chin\u00eas - Instituto de Engenharia\" \/>\n<meta property=\"og:description\" content=\"Na terra onde o Est\u00e1dio Ol\u00edmpico foi desenhado por su\u00ed\u00e7os; o aeroporto internacional, por um ingl\u00eas; o gin\u00e1sio da nata\u00e7\u00e3o, por australianos; e a nova \u00f3pera, por um franc\u00eas, finalmente um chin\u00eas conseguiu espa\u00e7o entre as mais badaladas estrelas da arquitetura.\u00a0 Aos 31, Ma Yansong virou celebridade no seu pa\u00eds ao fazer o caminho inverso: [&hellip;]\" \/>\n<meta property=\"og:url\" content=\"https:\/\/www.institutodeengenharia.org.br\/site\/2008\/05\/06\/diziam-que-meus-projetos-eram-malucos-e-caros-diz-arquiteto-chines\/\" \/>\n<meta property=\"og:site_name\" content=\"Instituto de Engenharia\" \/>\n<meta property=\"article:publisher\" content=\"https:\/\/www.facebook.com\/institutodeengenharia\" \/>\n<meta property=\"article:published_time\" content=\"2008-05-06T21:49:55+00:00\" \/>\n<meta name=\"author\" content=\"TMax Tecnologia\" \/>\n<meta name=\"twitter:card\" content=\"summary_large_image\" \/>\n<meta name=\"twitter:creator\" content=\"@iengenharia\" \/>\n<meta name=\"twitter:site\" content=\"@iengenharia\" \/>\n<meta name=\"twitter:label1\" content=\"Escrito por\" \/>\n\t<meta name=\"twitter:data1\" content=\"TMax Tecnologia\" \/>\n\t<meta name=\"twitter:label2\" content=\"Est. tempo de leitura\" \/>\n\t<meta name=\"twitter:data2\" content=\"4 minutos\" \/>\n<script type=\"application\/ld+json\" class=\"yoast-schema-graph\">{\"@context\":\"https:\/\/schema.org\",\"@graph\":[{\"@type\":\"Article\",\"@id\":\"https:\/\/www.institutodeengenharia.org.br\/site\/2008\/05\/06\/diziam-que-meus-projetos-eram-malucos-e-caros-diz-arquiteto-chines\/#article\",\"isPartOf\":{\"@id\":\"https:\/\/www.institutodeengenharia.org.br\/site\/2008\/05\/06\/diziam-que-meus-projetos-eram-malucos-e-caros-diz-arquiteto-chines\/\"},\"author\":{\"name\":\"TMax Tecnologia\",\"@id\":\"https:\/\/www.institutodeengenharia.org.br\/site\/#\/schema\/person\/3b1ff109facef084739fc2edcb9a127f\"},\"headline\":\"&#8220;Diziam que meus projetos eram malucos e caros&#8221;, diz arquiteto chin\u00eas\",\"datePublished\":\"2008-05-06T21:49:55+00:00\",\"mainEntityOfPage\":{\"@id\":\"https:\/\/www.institutodeengenharia.org.br\/site\/2008\/05\/06\/diziam-que-meus-projetos-eram-malucos-e-caros-diz-arquiteto-chines\/\"},\"wordCount\":719,\"commentCount\":0,\"publisher\":{\"@id\":\"https:\/\/www.institutodeengenharia.org.br\/site\/#organization\"},\"articleSection\":[\"Not\u00edcias\",\"Urbanismo\"],\"inLanguage\":\"pt-BR\",\"potentialAction\":[{\"@type\":\"CommentAction\",\"name\":\"Comment\",\"target\":[\"https:\/\/www.institutodeengenharia.org.br\/site\/2008\/05\/06\/diziam-que-meus-projetos-eram-malucos-e-caros-diz-arquiteto-chines\/#respond\"]}]},{\"@type\":\"WebPage\",\"@id\":\"https:\/\/www.institutodeengenharia.org.br\/site\/2008\/05\/06\/diziam-que-meus-projetos-eram-malucos-e-caros-diz-arquiteto-chines\/\",\"url\":\"https:\/\/www.institutodeengenharia.org.br\/site\/2008\/05\/06\/diziam-que-meus-projetos-eram-malucos-e-caros-diz-arquiteto-chines\/\",\"name\":\"\\\"Diziam que meus projetos eram malucos e caros\\\", diz arquiteto chin\u00eas - Instituto de Engenharia\",\"isPartOf\":{\"@id\":\"https:\/\/www.institutodeengenharia.org.br\/site\/#website\"},\"datePublished\":\"2008-05-06T21:49:55+00:00\",\"breadcrumb\":{\"@id\":\"https:\/\/www.institutodeengenharia.org.br\/site\/2008\/05\/06\/diziam-que-meus-projetos-eram-malucos-e-caros-diz-arquiteto-chines\/#breadcrumb\"},\"inLanguage\":\"pt-BR\",\"potentialAction\":[{\"@type\":\"ReadAction\",\"target\":[\"https:\/\/www.institutodeengenharia.org.br\/site\/2008\/05\/06\/diziam-que-meus-projetos-eram-malucos-e-caros-diz-arquiteto-chines\/\"]}]},{\"@type\":\"BreadcrumbList\",\"@id\":\"https:\/\/www.institutodeengenharia.org.br\/site\/2008\/05\/06\/diziam-que-meus-projetos-eram-malucos-e-caros-diz-arquiteto-chines\/#breadcrumb\",\"itemListElement\":[{\"@type\":\"ListItem\",\"position\":1,\"name\":\"In\u00edcio\",\"item\":\"https:\/\/www.institutodeengenharia.org.br\/site\/\"},{\"@type\":\"ListItem\",\"position\":2,\"name\":\"&#8220;Diziam que meus projetos eram malucos e caros&#8221;, diz arquiteto chin\u00eas\"}]},{\"@type\":\"WebSite\",\"@id\":\"https:\/\/www.institutodeengenharia.org.br\/site\/#website\",\"url\":\"https:\/\/www.institutodeengenharia.org.br\/site\/\",\"name\":\"Instituto de Engenharia\",\"description\":\"O Instituto de Engenharia promove a Engenharia em benef\u00edcio do desenvolvimento e da qualidade de vida da sociedade.\",\"publisher\":{\"@id\":\"https:\/\/www.institutodeengenharia.org.br\/site\/#organization\"},\"potentialAction\":[{\"@type\":\"SearchAction\",\"target\":{\"@type\":\"EntryPoint\",\"urlTemplate\":\"https:\/\/www.institutodeengenharia.org.br\/site\/?s={search_term_string}\"},\"query-input\":{\"@type\":\"PropertyValueSpecification\",\"valueRequired\":true,\"valueName\":\"search_term_string\"}}],\"inLanguage\":\"pt-BR\"},{\"@type\":\"Organization\",\"@id\":\"https:\/\/www.institutodeengenharia.org.br\/site\/#organization\",\"name\":\"Instituto de Engenharia\",\"url\":\"https:\/\/www.institutodeengenharia.org.br\/site\/\",\"logo\":{\"@type\":\"ImageObject\",\"inLanguage\":\"pt-BR\",\"@id\":\"https:\/\/www.institutodeengenharia.org.br\/site\/#\/schema\/logo\/image\/\",\"url\":\"https:\/\/www.institutodeengenharia.org.br\/site\/wp-content\/uploads\/2019\/03\/logo-novo-IE2018-1.jpg\",\"contentUrl\":\"https:\/\/www.institutodeengenharia.org.br\/site\/wp-content\/uploads\/2019\/03\/logo-novo-IE2018-1.jpg\",\"width\":1486,\"height\":1879,\"caption\":\"Instituto de Engenharia\"},\"image\":{\"@id\":\"https:\/\/www.institutodeengenharia.org.br\/site\/#\/schema\/logo\/image\/\"},\"sameAs\":[\"https:\/\/www.facebook.com\/institutodeengenharia\",\"https:\/\/x.com\/iengenharia\",\"https:\/\/www.instagram.com\/institutodeengenharia\/\",\"https:\/\/www.linkedin.com\/company\/instituto-de-engenharia\/\",\"https:\/\/www.youtube.com\/channel\/UCXiCAlsSMe977vamW915HxA\"]},{\"@type\":\"Person\",\"@id\":\"https:\/\/www.institutodeengenharia.org.br\/site\/#\/schema\/person\/3b1ff109facef084739fc2edcb9a127f\",\"name\":\"TMax Tecnologia\",\"image\":{\"@type\":\"ImageObject\",\"inLanguage\":\"pt-BR\",\"@id\":\"https:\/\/secure.gravatar.com\/avatar\/f912434ef7f389c92cb311fcdae346af848465d638912574b3c669070f797701?s=96&d=mm&r=g\",\"url\":\"https:\/\/secure.gravatar.com\/avatar\/f912434ef7f389c92cb311fcdae346af848465d638912574b3c669070f797701?s=96&d=mm&r=g\",\"contentUrl\":\"https:\/\/secure.gravatar.com\/avatar\/f912434ef7f389c92cb311fcdae346af848465d638912574b3c669070f797701?s=96&d=mm&r=g\",\"caption\":\"TMax Tecnologia\"},\"url\":\"https:\/\/www.institutodeengenharia.org.br\/site\/author\/tmax\/\"}]}<\/script>\n<!-- \/ Yoast SEO plugin. -->","yoast_head_json":{"title":"\"Diziam que meus projetos eram malucos e caros\", diz arquiteto chin\u00eas - Instituto de Engenharia","robots":{"index":"index","follow":"follow","max-snippet":"max-snippet:-1","max-image-preview":"max-image-preview:large","max-video-preview":"max-video-preview:-1"},"canonical":"https:\/\/www.institutodeengenharia.org.br\/site\/2008\/05\/06\/diziam-que-meus-projetos-eram-malucos-e-caros-diz-arquiteto-chines\/","og_locale":"pt_BR","og_type":"article","og_title":"\"Diziam que meus projetos eram malucos e caros\", diz arquiteto chin\u00eas - Instituto de Engenharia","og_description":"Na terra onde o Est\u00e1dio Ol\u00edmpico foi desenhado por su\u00ed\u00e7os; o aeroporto internacional, por um ingl\u00eas; o gin\u00e1sio da nata\u00e7\u00e3o, por australianos; e a nova \u00f3pera, por um franc\u00eas, finalmente um chin\u00eas conseguiu espa\u00e7o entre as mais badaladas estrelas da arquitetura.\u00a0 Aos 31, Ma Yansong virou celebridade no seu pa\u00eds ao fazer o caminho inverso: [&hellip;]","og_url":"https:\/\/www.institutodeengenharia.org.br\/site\/2008\/05\/06\/diziam-que-meus-projetos-eram-malucos-e-caros-diz-arquiteto-chines\/","og_site_name":"Instituto de Engenharia","article_publisher":"https:\/\/www.facebook.com\/institutodeengenharia","article_published_time":"2008-05-06T21:49:55+00:00","author":"TMax Tecnologia","twitter_card":"summary_large_image","twitter_creator":"@iengenharia","twitter_site":"@iengenharia","twitter_misc":{"Escrito por":"TMax Tecnologia","Est. tempo de leitura":"4 minutos"},"schema":{"@context":"https:\/\/schema.org","@graph":[{"@type":"Article","@id":"https:\/\/www.institutodeengenharia.org.br\/site\/2008\/05\/06\/diziam-que-meus-projetos-eram-malucos-e-caros-diz-arquiteto-chines\/#article","isPartOf":{"@id":"https:\/\/www.institutodeengenharia.org.br\/site\/2008\/05\/06\/diziam-que-meus-projetos-eram-malucos-e-caros-diz-arquiteto-chines\/"},"author":{"name":"TMax Tecnologia","@id":"https:\/\/www.institutodeengenharia.org.br\/site\/#\/schema\/person\/3b1ff109facef084739fc2edcb9a127f"},"headline":"&#8220;Diziam que meus projetos eram malucos e caros&#8221;, diz arquiteto chin\u00eas","datePublished":"2008-05-06T21:49:55+00:00","mainEntityOfPage":{"@id":"https:\/\/www.institutodeengenharia.org.br\/site\/2008\/05\/06\/diziam-que-meus-projetos-eram-malucos-e-caros-diz-arquiteto-chines\/"},"wordCount":719,"commentCount":0,"publisher":{"@id":"https:\/\/www.institutodeengenharia.org.br\/site\/#organization"},"articleSection":["Not\u00edcias","Urbanismo"],"inLanguage":"pt-BR","potentialAction":[{"@type":"CommentAction","name":"Comment","target":["https:\/\/www.institutodeengenharia.org.br\/site\/2008\/05\/06\/diziam-que-meus-projetos-eram-malucos-e-caros-diz-arquiteto-chines\/#respond"]}]},{"@type":"WebPage","@id":"https:\/\/www.institutodeengenharia.org.br\/site\/2008\/05\/06\/diziam-que-meus-projetos-eram-malucos-e-caros-diz-arquiteto-chines\/","url":"https:\/\/www.institutodeengenharia.org.br\/site\/2008\/05\/06\/diziam-que-meus-projetos-eram-malucos-e-caros-diz-arquiteto-chines\/","name":"\"Diziam que meus projetos eram malucos e caros\", diz arquiteto chin\u00eas - Instituto de Engenharia","isPartOf":{"@id":"https:\/\/www.institutodeengenharia.org.br\/site\/#website"},"datePublished":"2008-05-06T21:49:55+00:00","breadcrumb":{"@id":"https:\/\/www.institutodeengenharia.org.br\/site\/2008\/05\/06\/diziam-que-meus-projetos-eram-malucos-e-caros-diz-arquiteto-chines\/#breadcrumb"},"inLanguage":"pt-BR","potentialAction":[{"@type":"ReadAction","target":["https:\/\/www.institutodeengenharia.org.br\/site\/2008\/05\/06\/diziam-que-meus-projetos-eram-malucos-e-caros-diz-arquiteto-chines\/"]}]},{"@type":"BreadcrumbList","@id":"https:\/\/www.institutodeengenharia.org.br\/site\/2008\/05\/06\/diziam-que-meus-projetos-eram-malucos-e-caros-diz-arquiteto-chines\/#breadcrumb","itemListElement":[{"@type":"ListItem","position":1,"name":"In\u00edcio","item":"https:\/\/www.institutodeengenharia.org.br\/site\/"},{"@type":"ListItem","position":2,"name":"&#8220;Diziam que meus projetos eram malucos e caros&#8221;, diz arquiteto chin\u00eas"}]},{"@type":"WebSite","@id":"https:\/\/www.institutodeengenharia.org.br\/site\/#website","url":"https:\/\/www.institutodeengenharia.org.br\/site\/","name":"Instituto de Engenharia","description":"O Instituto de Engenharia promove a Engenharia em benef\u00edcio do desenvolvimento e da qualidade de vida da sociedade.","publisher":{"@id":"https:\/\/www.institutodeengenharia.org.br\/site\/#organization"},"potentialAction":[{"@type":"SearchAction","target":{"@type":"EntryPoint","urlTemplate":"https:\/\/www.institutodeengenharia.org.br\/site\/?s={search_term_string}"},"query-input":{"@type":"PropertyValueSpecification","valueRequired":true,"valueName":"search_term_string"}}],"inLanguage":"pt-BR"},{"@type":"Organization","@id":"https:\/\/www.institutodeengenharia.org.br\/site\/#organization","name":"Instituto de Engenharia","url":"https:\/\/www.institutodeengenharia.org.br\/site\/","logo":{"@type":"ImageObject","inLanguage":"pt-BR","@id":"https:\/\/www.institutodeengenharia.org.br\/site\/#\/schema\/logo\/image\/","url":"https:\/\/www.institutodeengenharia.org.br\/site\/wp-content\/uploads\/2019\/03\/logo-novo-IE2018-1.jpg","contentUrl":"https:\/\/www.institutodeengenharia.org.br\/site\/wp-content\/uploads\/2019\/03\/logo-novo-IE2018-1.jpg","width":1486,"height":1879,"caption":"Instituto de Engenharia"},"image":{"@id":"https:\/\/www.institutodeengenharia.org.br\/site\/#\/schema\/logo\/image\/"},"sameAs":["https:\/\/www.facebook.com\/institutodeengenharia","https:\/\/x.com\/iengenharia","https:\/\/www.instagram.com\/institutodeengenharia\/","https:\/\/www.linkedin.com\/company\/instituto-de-engenharia\/","https:\/\/www.youtube.com\/channel\/UCXiCAlsSMe977vamW915HxA"]},{"@type":"Person","@id":"https:\/\/www.institutodeengenharia.org.br\/site\/#\/schema\/person\/3b1ff109facef084739fc2edcb9a127f","name":"TMax Tecnologia","image":{"@type":"ImageObject","inLanguage":"pt-BR","@id":"https:\/\/secure.gravatar.com\/avatar\/f912434ef7f389c92cb311fcdae346af848465d638912574b3c669070f797701?s=96&d=mm&r=g","url":"https:\/\/secure.gravatar.com\/avatar\/f912434ef7f389c92cb311fcdae346af848465d638912574b3c669070f797701?s=96&d=mm&r=g","contentUrl":"https:\/\/secure.gravatar.com\/avatar\/f912434ef7f389c92cb311fcdae346af848465d638912574b3c669070f797701?s=96&d=mm&r=g","caption":"TMax Tecnologia"},"url":"https:\/\/www.institutodeengenharia.org.br\/site\/author\/tmax\/"}]}},"_links":{"self":[{"href":"https:\/\/www.institutodeengenharia.org.br\/site\/wp-json\/wp\/v2\/posts\/14717","targetHints":{"allow":["GET"]}}],"collection":[{"href":"https:\/\/www.institutodeengenharia.org.br\/site\/wp-json\/wp\/v2\/posts"}],"about":[{"href":"https:\/\/www.institutodeengenharia.org.br\/site\/wp-json\/wp\/v2\/types\/post"}],"author":[{"embeddable":true,"href":"https:\/\/www.institutodeengenharia.org.br\/site\/wp-json\/wp\/v2\/users\/1"}],"replies":[{"embeddable":true,"href":"https:\/\/www.institutodeengenharia.org.br\/site\/wp-json\/wp\/v2\/comments?post=14717"}],"version-history":[{"count":0,"href":"https:\/\/www.institutodeengenharia.org.br\/site\/wp-json\/wp\/v2\/posts\/14717\/revisions"}],"wp:attachment":[{"href":"https:\/\/www.institutodeengenharia.org.br\/site\/wp-json\/wp\/v2\/media?parent=14717"}],"wp:term":[{"taxonomy":"category","embeddable":true,"href":"https:\/\/www.institutodeengenharia.org.br\/site\/wp-json\/wp\/v2\/categories?post=14717"},{"taxonomy":"post_tag","embeddable":true,"href":"https:\/\/www.institutodeengenharia.org.br\/site\/wp-json\/wp\/v2\/tags?post=14717"}],"curies":[{"name":"wp","href":"https:\/\/api.w.org\/{rel}","templated":true}]}}