{"id":14711,"date":"2008-04-30T21:49:50","date_gmt":"2008-04-30T21:49:50","guid":{"rendered":"https:\/\/www.institutodeengenharia.org.br\/?p=14711"},"modified":"2008-04-30T15:35:47","modified_gmt":"2008-04-30T15:35:47","slug":"primeiro-jato-executivo-phenom-300-realiza-voo-inaugural","status":"publish","type":"post","link":"https:\/\/www.institutodeengenharia.org.br\/site\/2008\/04\/30\/primeiro-jato-executivo-phenom-300-realiza-voo-inaugural\/","title":{"rendered":"Primeiro jato executivo phenom 300 realiza v\u00f4o inaugural"},"content":{"rendered":"<p>O Phenom 300 da Embraer, aeronave que estabeleceu novos padr\u00f5es para a categoria light jet, decolou pela primeira vez com sucesso, hoje, na pista de teste da Unidade Gavi\u00e3o Peixoto. Nos pr\u00f3ximos meses, o primeiro Phenom 300, n\u00famero de s\u00e9rie 99801, participar\u00e1 da campanha de testes juntamente com outros tr\u00eas jatos Phenom 300. A entrada em servi\u00e7o da aeronave est\u00e1 prevista para o segundo semestre de 2009.\u00a0<\/p>\n<p>\u201cEste primeiro v\u00f4o do jato executivo Phenom 300 \u00e9 um momento hist\u00f3rico muito especial para todos n\u00f3s da Embraer e eu parabenizo cada um dos nossos empregados por esta conquista\u201d, disse Frederico Fleury Curado, Diretor-Presidente da Embraer. \u201cAnunciamos os jatos Phenom h\u00e1 aproximadamente tr\u00eas anos, deixando claro ao mercado de avia\u00e7\u00e3o executiva o nosso compromisso em nos tornarmos, a longo prazo, um dos principais fabricantes. O primeiro v\u00f4o do Phenom 300 \u00e9 mais uma confirma\u00e7\u00e3o da nossa determina\u00e7\u00e3o e um passo fundamental na estrat\u00e9gia da Embraer de oferecer uma linha de produtos que atenda plenamente a crescente e exigente expectativa dos clientes.\u201d\u00a0<\/p>\n<p>O processo de desenvolvimento da aeronave foi completamente digital e contou tamb\u00e9m com total comprometimento das equipes envolvidas no programa, o que permitiu antecipar esse v\u00f4o, originalmente programado para meados do ano. <br \/>\n\u201cEstamos entusiasmados com o sucesso do primeiro v\u00f4o do Phenom 300, que nos d\u00e1 confian\u00e7a para as pr\u00f3ximas etapas do programa\u201d, disse Lu\u00eds Carlos Affonso, Vice-Presidente Executivo da Embraer para o Mercado de Avia\u00e7\u00e3o Executiva. \u201cO Phenom 300 oferecer\u00e1 uma experi\u00eancia de viagem inigual\u00e1vel, com o maior conforto e melhor desempenho da categoria light jet.\u201d\u00a0<\/p>\n<p>Durante o v\u00f4o de uma hora e vinte e dois minutos, o Comandante John Sevalho Cor\u00e7\u00e3o e o Comandante-Chefe Eduardo Alves Menini, que tamb\u00e9m participou da tripula\u00e7\u00e3o do primeiro. <br \/>\nv\u00f4o do Phenom 100, acompanhados pelo engenheiro de ensaios em v\u00f4o Jens Peter Theodor Geiger Wentz, realizaram uma s\u00e9rie de manobras com o avi\u00e3o, verificando as caracter\u00edsticas de v\u00f4o da aeronave e o funcionamento dos sistemas. Simultaneamente, as equipes de engenharia envolvidas na campanha de ensaios do programa Phenom 300 analisaram os dados do v\u00f4o, transmitidos em tempo real, e apoiaram, no solo, a tripula\u00e7\u00e3o.\u00a0<\/p>\n<p>&#8220;A tripula\u00e7\u00e3o se sente honrada em participar desse importante evento, que representa o grande trabalho de centenas de pessoas, as quais parabenizamos\u201d, disse o Comandante Cor\u00e7\u00e3o. \u201cA qualidade do projeto do Phenom 300 e a alta tecnologia embarcada proporcionaram um v\u00f4o muito suave e agrad\u00e1vel, aumentando a emo\u00e7\u00e3o de voar a aeronave pela primeira vez.\u201d\u00a0<\/p>\n<p>Com uma programa\u00e7\u00e3o similar \u00e0 do Phenom 100, tr\u00eas jatos Phenom 300 cumprir\u00e3o um programa de certifica\u00e7\u00e3o de aproximadamente 1.400 horas. Uma quarta aeronave ser\u00e1 dedicada \u00e0 campanha de maturidade. Os testes a serem realizados pela aeronave 99801 ter\u00e3o foco no desempenho e na defini\u00e7\u00e3o da configura\u00e7\u00e3o aerodin\u00e2mica. Outros testes, tais como os relativos ao funcionamento e confiabilidade dos sistemas, vibra\u00e7\u00f5es em solo, qualidades de v\u00f4o, vibra\u00e7\u00e3o (flutter), opera\u00e7\u00e3o em pista molhada (water spray) e sistema de reabastecimento por ponto \u00fanico, entre outros, ser\u00e3o realizados pelas tr\u00eas primeiras aeronaves de testes.\u00a0<\/p>\n<p><strong>Sobre o Phenom 300<\/strong>\u00a0<\/p>\n<p>O jato Phenom 300 \u00e9 o melhor da sua classe. Conforto superior, desempenho excepcional e baixo custo de opera\u00e7\u00e3o s\u00e3o requisitos imprescind\u00edveis no projeto desta aeronave, que oferecer\u00e1 aos pilotos e passageiros conforto e estilo sem paralelo em suas categorias. A sensa\u00e7\u00e3o de ambiente agrad\u00e1vel e relaxante \u00e9 ainda mais enfatizada pelas amplas janelas e comodidade proporcionada pela maior cabine em sua classe. Outros itens a bordo incluem espa\u00e7o para um arm\u00e1rio ou copa, um lavabo privativo traseiro e comunica\u00e7\u00e3o via sat\u00e9lite.\u00a0<\/p>\n<p>A funcionalidade da cabine de pilotagem e as qualidades de v\u00f4o da nova aeronave permitir\u00e3o a opera\u00e7\u00e3o por apenas um piloto. Empregando a experi\u00eancia em projeto e engenharia da Embraer, o jato Phenom 300 ser\u00e1 constru\u00eddo para alta utiliza\u00e7\u00e3o e disponibilidade. Para garantir seguran\u00e7a e confiabilidade adicionais, a aeronave oferecer\u00e1 um sistema brake-by-wire com a funcionalidade antiderrapante na configura\u00e7\u00e3o padr\u00e3o.\u00a0<\/p>\n<p>Baseado nos sistemas avi\u00f4nicos da Garmin, que s\u00e3o completamente integrados e totalmente digitais, a cabine de comando Prodigy\u00ae oferece aos pilotos do Phenom 300 mais vantagens que qualquer outro conjunto de avi\u00f4nicos no mercado atual. A cabine de pilotagem disp\u00f5e de tr\u00eas monitores intercambi\u00e1veis de 12 polegadas, sendo dois Primary Flight Displays (Monitores Prim\u00e1rios de V\u00f4o, PFD em ingl\u00eas) e um Multi-Function Display (Monitor de Fun\u00e7\u00e3o M\u00faltipla, MFD). O sistema integra todas as informa\u00e7\u00f5es prim\u00e1rias de v\u00f4o, navega\u00e7\u00e3o, comunica\u00e7\u00e3o, topologia, tr\u00e1fego, meteorologia, instrumenta\u00e7\u00e3o dos motores e sistemas de alerta da tripula\u00e7\u00e3o, e apresenta a informa\u00e7\u00e3o consolidada em tr\u00eas monitores de cristal l\u00edquido <br \/>\ncom matrizes ativas, coloridos, de alto brilho e plenamente leg\u00edveis \u00e0 luz do sol.\u00a0<\/p>\n<p>O Phenom 300 transportar\u00e1 at\u00e9 dez ocupantes. Os compartimentos de bagagem somam 2,15 metros c\u00fabicos (76 p\u00e9s c\u00fabicos) de capacidade e acomodar\u00e3o malas e equipamentos de golfe e esqui.\u00a0<\/p>\n<p>O jato ser\u00e1 equipado com dois motores PW535E da Pratt &#038; Whitney Canad\u00e1, com 3.200 libras de empuxo cada. Seu alcance, com velocidade m\u00e1xima de Mach 0,78 e seis ocupantes a bordo, ser\u00e1 de 3.334 km (1.800 milhas n\u00e1uticas), incluindo reservas NBAA IFR (35 minutos de espera e alternativa de 100 milhas n\u00e1uticas). O avi\u00e3o tamb\u00e9m \u00e9 projetado para decolar em pistas curtas e \u00e9 capaz de voar a 45.000 p\u00e9s (13.716 metros) de altitude. Estas caracter\u00edsticas permitir\u00e3o aos clientes voar sem escalas de S\u00e3o Paulo (Brasil) a Manaus (Brasil) ou Santiago (Chile); de Buenos Aires (Argentina) a Salvador (Brasil) ou La Paz (Bol\u00edvia); ou de Caracas (Venezuela) a La Paz, Jacksonville, no Estado norte-americano da Florida, ou \u00e0s ilhas <br \/>\nBermudas, no Caribe, a um custo operacional menor que o de aeronaves concorrentes.\u00a0<\/p>\n<p>O Phenom 300 dever\u00e1 entrar em servi\u00e7o no segundo semestre de 2009 e tem pre\u00e7o de US$ 6,65 milh\u00f5es (configura\u00e7\u00e3o b\u00e1sica, sem opcionais), nas condi\u00e7\u00f5es econ\u00f4micas de janeiro de 2005 para certifica\u00e7\u00e3o FAA. <\/p>\n<p><b>Autor: Assessoria de imprensa Embraer<\/b><\/p>\n","protected":false},"excerpt":{"rendered":"<p>O Phenom 300 da Embraer, aeronave que estabeleceu novos padr\u00f5es para a categoria light jet, decolou pela primeira vez com sucesso, hoje, na pista de teste da Unidade Gavi\u00e3o Peixoto. Nos pr\u00f3ximos meses, o primeiro Phenom 300, n\u00famero de s\u00e9rie 99801, participar\u00e1 da campanha de testes juntamente com outros tr\u00eas jatos Phenom 300. A entrada [&hellip;]<\/p>\n","protected":false},"author":1,"featured_media":14712,"comment_status":"open","ping_status":"open","sticky":false,"template":"","format":"standard","meta":{"footnotes":""},"categories":[6,41],"tags":[],"class_list":{"0":"post-14711","1":"post","2":"type-post","3":"status-publish","4":"format-standard","5":"has-post-thumbnail","7":"category-noticias","8":"category-transportes"},"yoast_head":"<!-- This site is optimized with the Yoast SEO plugin v27.2 - https:\/\/yoast.com\/product\/yoast-seo-wordpress\/ -->\n<title>Primeiro jato executivo phenom 300 realiza v\u00f4o inaugural - Instituto de Engenharia<\/title>\n<meta name=\"robots\" content=\"index, follow, max-snippet:-1, max-image-preview:large, max-video-preview:-1\" \/>\n<link rel=\"canonical\" href=\"https:\/\/www.institutodeengenharia.org.br\/site\/2008\/04\/30\/primeiro-jato-executivo-phenom-300-realiza-voo-inaugural\/\" \/>\n<meta property=\"og:locale\" content=\"pt_BR\" \/>\n<meta property=\"og:type\" content=\"article\" \/>\n<meta property=\"og:title\" content=\"Primeiro jato executivo phenom 300 realiza v\u00f4o inaugural - Instituto de Engenharia\" \/>\n<meta property=\"og:description\" content=\"O Phenom 300 da Embraer, aeronave que estabeleceu novos padr\u00f5es para a categoria light jet, decolou pela primeira vez com sucesso, hoje, na pista de teste da Unidade Gavi\u00e3o Peixoto. Nos pr\u00f3ximos meses, o primeiro Phenom 300, n\u00famero de s\u00e9rie 99801, participar\u00e1 da campanha de testes juntamente com outros tr\u00eas jatos Phenom 300. A entrada [&hellip;]\" \/>\n<meta property=\"og:url\" content=\"https:\/\/www.institutodeengenharia.org.br\/site\/2008\/04\/30\/primeiro-jato-executivo-phenom-300-realiza-voo-inaugural\/\" \/>\n<meta property=\"og:site_name\" content=\"Instituto de Engenharia\" \/>\n<meta property=\"article:publisher\" content=\"https:\/\/www.facebook.com\/institutodeengenharia\" \/>\n<meta property=\"article:published_time\" content=\"2008-04-30T21:49:50+00:00\" \/>\n<meta property=\"og:image\" content=\"https:\/\/www.institutodeengenharia.org.br\/site\/wp-content\/uploads\/2017\/10\/noticia_205_phenon.jpg\" \/>\n\t<meta property=\"og:image:width\" content=\"195\" \/>\n\t<meta property=\"og:image:height\" content=\"131\" \/>\n\t<meta property=\"og:image:type\" content=\"image\/jpeg\" \/>\n<meta name=\"author\" content=\"TMax Tecnologia\" \/>\n<meta name=\"twitter:card\" content=\"summary_large_image\" \/>\n<meta name=\"twitter:creator\" content=\"@iengenharia\" \/>\n<meta name=\"twitter:site\" content=\"@iengenharia\" \/>\n<meta name=\"twitter:label1\" content=\"Escrito por\" \/>\n\t<meta name=\"twitter:data1\" content=\"TMax Tecnologia\" \/>\n\t<meta name=\"twitter:label2\" content=\"Est. tempo de leitura\" \/>\n\t<meta name=\"twitter:data2\" content=\"5 minutos\" \/>\n<script type=\"application\/ld+json\" class=\"yoast-schema-graph\">{\"@context\":\"https:\/\/schema.org\",\"@graph\":[{\"@type\":\"Article\",\"@id\":\"https:\/\/www.institutodeengenharia.org.br\/site\/2008\/04\/30\/primeiro-jato-executivo-phenom-300-realiza-voo-inaugural\/#article\",\"isPartOf\":{\"@id\":\"https:\/\/www.institutodeengenharia.org.br\/site\/2008\/04\/30\/primeiro-jato-executivo-phenom-300-realiza-voo-inaugural\/\"},\"author\":{\"name\":\"TMax Tecnologia\",\"@id\":\"https:\/\/www.institutodeengenharia.org.br\/site\/#\/schema\/person\/3b1ff109facef084739fc2edcb9a127f\"},\"headline\":\"Primeiro jato executivo phenom 300 realiza v\u00f4o inaugural\",\"datePublished\":\"2008-04-30T21:49:50+00:00\",\"mainEntityOfPage\":{\"@id\":\"https:\/\/www.institutodeengenharia.org.br\/site\/2008\/04\/30\/primeiro-jato-executivo-phenom-300-realiza-voo-inaugural\/\"},\"wordCount\":1040,\"commentCount\":0,\"publisher\":{\"@id\":\"https:\/\/www.institutodeengenharia.org.br\/site\/#organization\"},\"image\":{\"@id\":\"https:\/\/www.institutodeengenharia.org.br\/site\/2008\/04\/30\/primeiro-jato-executivo-phenom-300-realiza-voo-inaugural\/#primaryimage\"},\"thumbnailUrl\":\"https:\/\/www.institutodeengenharia.org.br\/site\/wp-content\/uploads\/2017\/10\/noticia_205_phenon.jpg\",\"articleSection\":[\"Not\u00edcias\",\"Transportes\"],\"inLanguage\":\"pt-BR\",\"potentialAction\":[{\"@type\":\"CommentAction\",\"name\":\"Comment\",\"target\":[\"https:\/\/www.institutodeengenharia.org.br\/site\/2008\/04\/30\/primeiro-jato-executivo-phenom-300-realiza-voo-inaugural\/#respond\"]}]},{\"@type\":\"WebPage\",\"@id\":\"https:\/\/www.institutodeengenharia.org.br\/site\/2008\/04\/30\/primeiro-jato-executivo-phenom-300-realiza-voo-inaugural\/\",\"url\":\"https:\/\/www.institutodeengenharia.org.br\/site\/2008\/04\/30\/primeiro-jato-executivo-phenom-300-realiza-voo-inaugural\/\",\"name\":\"Primeiro jato executivo phenom 300 realiza v\u00f4o inaugural - Instituto de Engenharia\",\"isPartOf\":{\"@id\":\"https:\/\/www.institutodeengenharia.org.br\/site\/#website\"},\"primaryImageOfPage\":{\"@id\":\"https:\/\/www.institutodeengenharia.org.br\/site\/2008\/04\/30\/primeiro-jato-executivo-phenom-300-realiza-voo-inaugural\/#primaryimage\"},\"image\":{\"@id\":\"https:\/\/www.institutodeengenharia.org.br\/site\/2008\/04\/30\/primeiro-jato-executivo-phenom-300-realiza-voo-inaugural\/#primaryimage\"},\"thumbnailUrl\":\"https:\/\/www.institutodeengenharia.org.br\/site\/wp-content\/uploads\/2017\/10\/noticia_205_phenon.jpg\",\"datePublished\":\"2008-04-30T21:49:50+00:00\",\"breadcrumb\":{\"@id\":\"https:\/\/www.institutodeengenharia.org.br\/site\/2008\/04\/30\/primeiro-jato-executivo-phenom-300-realiza-voo-inaugural\/#breadcrumb\"},\"inLanguage\":\"pt-BR\",\"potentialAction\":[{\"@type\":\"ReadAction\",\"target\":[\"https:\/\/www.institutodeengenharia.org.br\/site\/2008\/04\/30\/primeiro-jato-executivo-phenom-300-realiza-voo-inaugural\/\"]}]},{\"@type\":\"ImageObject\",\"inLanguage\":\"pt-BR\",\"@id\":\"https:\/\/www.institutodeengenharia.org.br\/site\/2008\/04\/30\/primeiro-jato-executivo-phenom-300-realiza-voo-inaugural\/#primaryimage\",\"url\":\"https:\/\/www.institutodeengenharia.org.br\/site\/wp-content\/uploads\/2017\/10\/noticia_205_phenon.jpg\",\"contentUrl\":\"https:\/\/www.institutodeengenharia.org.br\/site\/wp-content\/uploads\/2017\/10\/noticia_205_phenon.jpg\",\"width\":195,\"height\":131},{\"@type\":\"BreadcrumbList\",\"@id\":\"https:\/\/www.institutodeengenharia.org.br\/site\/2008\/04\/30\/primeiro-jato-executivo-phenom-300-realiza-voo-inaugural\/#breadcrumb\",\"itemListElement\":[{\"@type\":\"ListItem\",\"position\":1,\"name\":\"In\u00edcio\",\"item\":\"https:\/\/www.institutodeengenharia.org.br\/site\/\"},{\"@type\":\"ListItem\",\"position\":2,\"name\":\"Primeiro jato executivo phenom 300 realiza v\u00f4o inaugural\"}]},{\"@type\":\"WebSite\",\"@id\":\"https:\/\/www.institutodeengenharia.org.br\/site\/#website\",\"url\":\"https:\/\/www.institutodeengenharia.org.br\/site\/\",\"name\":\"Instituto de Engenharia\",\"description\":\"O Instituto de Engenharia promove a Engenharia em benef\u00edcio do desenvolvimento e da qualidade de vida da sociedade.\",\"publisher\":{\"@id\":\"https:\/\/www.institutodeengenharia.org.br\/site\/#organization\"},\"potentialAction\":[{\"@type\":\"SearchAction\",\"target\":{\"@type\":\"EntryPoint\",\"urlTemplate\":\"https:\/\/www.institutodeengenharia.org.br\/site\/?s={search_term_string}\"},\"query-input\":{\"@type\":\"PropertyValueSpecification\",\"valueRequired\":true,\"valueName\":\"search_term_string\"}}],\"inLanguage\":\"pt-BR\"},{\"@type\":\"Organization\",\"@id\":\"https:\/\/www.institutodeengenharia.org.br\/site\/#organization\",\"name\":\"Instituto de Engenharia\",\"url\":\"https:\/\/www.institutodeengenharia.org.br\/site\/\",\"logo\":{\"@type\":\"ImageObject\",\"inLanguage\":\"pt-BR\",\"@id\":\"https:\/\/www.institutodeengenharia.org.br\/site\/#\/schema\/logo\/image\/\",\"url\":\"https:\/\/www.institutodeengenharia.org.br\/site\/wp-content\/uploads\/2019\/03\/logo-novo-IE2018-1.jpg\",\"contentUrl\":\"https:\/\/www.institutodeengenharia.org.br\/site\/wp-content\/uploads\/2019\/03\/logo-novo-IE2018-1.jpg\",\"width\":1486,\"height\":1879,\"caption\":\"Instituto de Engenharia\"},\"image\":{\"@id\":\"https:\/\/www.institutodeengenharia.org.br\/site\/#\/schema\/logo\/image\/\"},\"sameAs\":[\"https:\/\/www.facebook.com\/institutodeengenharia\",\"https:\/\/x.com\/iengenharia\",\"https:\/\/www.instagram.com\/institutodeengenharia\/\",\"https:\/\/www.linkedin.com\/company\/instituto-de-engenharia\/\",\"https:\/\/www.youtube.com\/channel\/UCXiCAlsSMe977vamW915HxA\"]},{\"@type\":\"Person\",\"@id\":\"https:\/\/www.institutodeengenharia.org.br\/site\/#\/schema\/person\/3b1ff109facef084739fc2edcb9a127f\",\"name\":\"TMax Tecnologia\",\"image\":{\"@type\":\"ImageObject\",\"inLanguage\":\"pt-BR\",\"@id\":\"https:\/\/secure.gravatar.com\/avatar\/f912434ef7f389c92cb311fcdae346af848465d638912574b3c669070f797701?s=96&d=mm&r=g\",\"url\":\"https:\/\/secure.gravatar.com\/avatar\/f912434ef7f389c92cb311fcdae346af848465d638912574b3c669070f797701?s=96&d=mm&r=g\",\"contentUrl\":\"https:\/\/secure.gravatar.com\/avatar\/f912434ef7f389c92cb311fcdae346af848465d638912574b3c669070f797701?s=96&d=mm&r=g\",\"caption\":\"TMax Tecnologia\"},\"url\":\"https:\/\/www.institutodeengenharia.org.br\/site\/author\/tmax\/\"}]}<\/script>\n<!-- \/ Yoast SEO plugin. -->","yoast_head_json":{"title":"Primeiro jato executivo phenom 300 realiza v\u00f4o inaugural - Instituto de Engenharia","robots":{"index":"index","follow":"follow","max-snippet":"max-snippet:-1","max-image-preview":"max-image-preview:large","max-video-preview":"max-video-preview:-1"},"canonical":"https:\/\/www.institutodeengenharia.org.br\/site\/2008\/04\/30\/primeiro-jato-executivo-phenom-300-realiza-voo-inaugural\/","og_locale":"pt_BR","og_type":"article","og_title":"Primeiro jato executivo phenom 300 realiza v\u00f4o inaugural - Instituto de Engenharia","og_description":"O Phenom 300 da Embraer, aeronave que estabeleceu novos padr\u00f5es para a categoria light jet, decolou pela primeira vez com sucesso, hoje, na pista de teste da Unidade Gavi\u00e3o Peixoto. Nos pr\u00f3ximos meses, o primeiro Phenom 300, n\u00famero de s\u00e9rie 99801, participar\u00e1 da campanha de testes juntamente com outros tr\u00eas jatos Phenom 300. A entrada [&hellip;]","og_url":"https:\/\/www.institutodeengenharia.org.br\/site\/2008\/04\/30\/primeiro-jato-executivo-phenom-300-realiza-voo-inaugural\/","og_site_name":"Instituto de Engenharia","article_publisher":"https:\/\/www.facebook.com\/institutodeengenharia","article_published_time":"2008-04-30T21:49:50+00:00","og_image":[{"width":195,"height":131,"url":"https:\/\/www.institutodeengenharia.org.br\/site\/wp-content\/uploads\/2017\/10\/noticia_205_phenon.jpg","type":"image\/jpeg"}],"author":"TMax Tecnologia","twitter_card":"summary_large_image","twitter_creator":"@iengenharia","twitter_site":"@iengenharia","twitter_misc":{"Escrito por":"TMax Tecnologia","Est. tempo de leitura":"5 minutos"},"schema":{"@context":"https:\/\/schema.org","@graph":[{"@type":"Article","@id":"https:\/\/www.institutodeengenharia.org.br\/site\/2008\/04\/30\/primeiro-jato-executivo-phenom-300-realiza-voo-inaugural\/#article","isPartOf":{"@id":"https:\/\/www.institutodeengenharia.org.br\/site\/2008\/04\/30\/primeiro-jato-executivo-phenom-300-realiza-voo-inaugural\/"},"author":{"name":"TMax Tecnologia","@id":"https:\/\/www.institutodeengenharia.org.br\/site\/#\/schema\/person\/3b1ff109facef084739fc2edcb9a127f"},"headline":"Primeiro jato executivo phenom 300 realiza v\u00f4o inaugural","datePublished":"2008-04-30T21:49:50+00:00","mainEntityOfPage":{"@id":"https:\/\/www.institutodeengenharia.org.br\/site\/2008\/04\/30\/primeiro-jato-executivo-phenom-300-realiza-voo-inaugural\/"},"wordCount":1040,"commentCount":0,"publisher":{"@id":"https:\/\/www.institutodeengenharia.org.br\/site\/#organization"},"image":{"@id":"https:\/\/www.institutodeengenharia.org.br\/site\/2008\/04\/30\/primeiro-jato-executivo-phenom-300-realiza-voo-inaugural\/#primaryimage"},"thumbnailUrl":"https:\/\/www.institutodeengenharia.org.br\/site\/wp-content\/uploads\/2017\/10\/noticia_205_phenon.jpg","articleSection":["Not\u00edcias","Transportes"],"inLanguage":"pt-BR","potentialAction":[{"@type":"CommentAction","name":"Comment","target":["https:\/\/www.institutodeengenharia.org.br\/site\/2008\/04\/30\/primeiro-jato-executivo-phenom-300-realiza-voo-inaugural\/#respond"]}]},{"@type":"WebPage","@id":"https:\/\/www.institutodeengenharia.org.br\/site\/2008\/04\/30\/primeiro-jato-executivo-phenom-300-realiza-voo-inaugural\/","url":"https:\/\/www.institutodeengenharia.org.br\/site\/2008\/04\/30\/primeiro-jato-executivo-phenom-300-realiza-voo-inaugural\/","name":"Primeiro jato executivo phenom 300 realiza v\u00f4o inaugural - Instituto de Engenharia","isPartOf":{"@id":"https:\/\/www.institutodeengenharia.org.br\/site\/#website"},"primaryImageOfPage":{"@id":"https:\/\/www.institutodeengenharia.org.br\/site\/2008\/04\/30\/primeiro-jato-executivo-phenom-300-realiza-voo-inaugural\/#primaryimage"},"image":{"@id":"https:\/\/www.institutodeengenharia.org.br\/site\/2008\/04\/30\/primeiro-jato-executivo-phenom-300-realiza-voo-inaugural\/#primaryimage"},"thumbnailUrl":"https:\/\/www.institutodeengenharia.org.br\/site\/wp-content\/uploads\/2017\/10\/noticia_205_phenon.jpg","datePublished":"2008-04-30T21:49:50+00:00","breadcrumb":{"@id":"https:\/\/www.institutodeengenharia.org.br\/site\/2008\/04\/30\/primeiro-jato-executivo-phenom-300-realiza-voo-inaugural\/#breadcrumb"},"inLanguage":"pt-BR","potentialAction":[{"@type":"ReadAction","target":["https:\/\/www.institutodeengenharia.org.br\/site\/2008\/04\/30\/primeiro-jato-executivo-phenom-300-realiza-voo-inaugural\/"]}]},{"@type":"ImageObject","inLanguage":"pt-BR","@id":"https:\/\/www.institutodeengenharia.org.br\/site\/2008\/04\/30\/primeiro-jato-executivo-phenom-300-realiza-voo-inaugural\/#primaryimage","url":"https:\/\/www.institutodeengenharia.org.br\/site\/wp-content\/uploads\/2017\/10\/noticia_205_phenon.jpg","contentUrl":"https:\/\/www.institutodeengenharia.org.br\/site\/wp-content\/uploads\/2017\/10\/noticia_205_phenon.jpg","width":195,"height":131},{"@type":"BreadcrumbList","@id":"https:\/\/www.institutodeengenharia.org.br\/site\/2008\/04\/30\/primeiro-jato-executivo-phenom-300-realiza-voo-inaugural\/#breadcrumb","itemListElement":[{"@type":"ListItem","position":1,"name":"In\u00edcio","item":"https:\/\/www.institutodeengenharia.org.br\/site\/"},{"@type":"ListItem","position":2,"name":"Primeiro jato executivo phenom 300 realiza v\u00f4o inaugural"}]},{"@type":"WebSite","@id":"https:\/\/www.institutodeengenharia.org.br\/site\/#website","url":"https:\/\/www.institutodeengenharia.org.br\/site\/","name":"Instituto de Engenharia","description":"O Instituto de Engenharia promove a Engenharia em benef\u00edcio do desenvolvimento e da qualidade de vida da sociedade.","publisher":{"@id":"https:\/\/www.institutodeengenharia.org.br\/site\/#organization"},"potentialAction":[{"@type":"SearchAction","target":{"@type":"EntryPoint","urlTemplate":"https:\/\/www.institutodeengenharia.org.br\/site\/?s={search_term_string}"},"query-input":{"@type":"PropertyValueSpecification","valueRequired":true,"valueName":"search_term_string"}}],"inLanguage":"pt-BR"},{"@type":"Organization","@id":"https:\/\/www.institutodeengenharia.org.br\/site\/#organization","name":"Instituto de Engenharia","url":"https:\/\/www.institutodeengenharia.org.br\/site\/","logo":{"@type":"ImageObject","inLanguage":"pt-BR","@id":"https:\/\/www.institutodeengenharia.org.br\/site\/#\/schema\/logo\/image\/","url":"https:\/\/www.institutodeengenharia.org.br\/site\/wp-content\/uploads\/2019\/03\/logo-novo-IE2018-1.jpg","contentUrl":"https:\/\/www.institutodeengenharia.org.br\/site\/wp-content\/uploads\/2019\/03\/logo-novo-IE2018-1.jpg","width":1486,"height":1879,"caption":"Instituto de Engenharia"},"image":{"@id":"https:\/\/www.institutodeengenharia.org.br\/site\/#\/schema\/logo\/image\/"},"sameAs":["https:\/\/www.facebook.com\/institutodeengenharia","https:\/\/x.com\/iengenharia","https:\/\/www.instagram.com\/institutodeengenharia\/","https:\/\/www.linkedin.com\/company\/instituto-de-engenharia\/","https:\/\/www.youtube.com\/channel\/UCXiCAlsSMe977vamW915HxA"]},{"@type":"Person","@id":"https:\/\/www.institutodeengenharia.org.br\/site\/#\/schema\/person\/3b1ff109facef084739fc2edcb9a127f","name":"TMax Tecnologia","image":{"@type":"ImageObject","inLanguage":"pt-BR","@id":"https:\/\/secure.gravatar.com\/avatar\/f912434ef7f389c92cb311fcdae346af848465d638912574b3c669070f797701?s=96&d=mm&r=g","url":"https:\/\/secure.gravatar.com\/avatar\/f912434ef7f389c92cb311fcdae346af848465d638912574b3c669070f797701?s=96&d=mm&r=g","contentUrl":"https:\/\/secure.gravatar.com\/avatar\/f912434ef7f389c92cb311fcdae346af848465d638912574b3c669070f797701?s=96&d=mm&r=g","caption":"TMax Tecnologia"},"url":"https:\/\/www.institutodeengenharia.org.br\/site\/author\/tmax\/"}]}},"_links":{"self":[{"href":"https:\/\/www.institutodeengenharia.org.br\/site\/wp-json\/wp\/v2\/posts\/14711","targetHints":{"allow":["GET"]}}],"collection":[{"href":"https:\/\/www.institutodeengenharia.org.br\/site\/wp-json\/wp\/v2\/posts"}],"about":[{"href":"https:\/\/www.institutodeengenharia.org.br\/site\/wp-json\/wp\/v2\/types\/post"}],"author":[{"embeddable":true,"href":"https:\/\/www.institutodeengenharia.org.br\/site\/wp-json\/wp\/v2\/users\/1"}],"replies":[{"embeddable":true,"href":"https:\/\/www.institutodeengenharia.org.br\/site\/wp-json\/wp\/v2\/comments?post=14711"}],"version-history":[{"count":0,"href":"https:\/\/www.institutodeengenharia.org.br\/site\/wp-json\/wp\/v2\/posts\/14711\/revisions"}],"wp:featuredmedia":[{"embeddable":true,"href":"https:\/\/www.institutodeengenharia.org.br\/site\/wp-json\/wp\/v2\/media\/14712"}],"wp:attachment":[{"href":"https:\/\/www.institutodeengenharia.org.br\/site\/wp-json\/wp\/v2\/media?parent=14711"}],"wp:term":[{"taxonomy":"category","embeddable":true,"href":"https:\/\/www.institutodeengenharia.org.br\/site\/wp-json\/wp\/v2\/categories?post=14711"},{"taxonomy":"post_tag","embeddable":true,"href":"https:\/\/www.institutodeengenharia.org.br\/site\/wp-json\/wp\/v2\/tags?post=14711"}],"curies":[{"name":"wp","href":"https:\/\/api.w.org\/{rel}","templated":true}]}}