{"id":14703,"date":"2008-04-29T21:49:41","date_gmt":"2008-04-29T21:49:41","guid":{"rendered":"https:\/\/www.institutodeengenharia.org.br\/?p=14703"},"modified":"2008-04-29T13:38:01","modified_gmt":"2008-04-29T13:38:01","slug":"brasil-e-sede-do-forum-global-de-energias-renovaveis","status":"publish","type":"post","link":"https:\/\/www.institutodeengenharia.org.br\/site\/2008\/04\/29\/brasil-e-sede-do-forum-global-de-energias-renovaveis\/","title":{"rendered":"Brasil \u00e9 sede do F\u00f3rum Global de Energias Renov\u00e1veis"},"content":{"rendered":"<p>O Brasil sediar\u00e1 o F\u00f3rum Global de Energias Renov\u00e1veis. O evento, fruto de iniciativa do Minist\u00e9rio das Minas e Energia (MME) e da Organiza\u00e7\u00e3o das Na\u00e7\u00f5es Unidas para o Desenvolvimento Industrial (ONUDI), reunir\u00e1 especialistas e personalidades do Brasil e do mundo, entre os dias 18 e 21 de maio, em Foz do Igua\u00e7u (PR), com o objetivo de discutir alternativas para o desenvolvimento econ\u00f4mico sustent\u00e1vel a partir do uso de fontes \u201climpas e renov\u00e1veis\u201d na produ\u00e7\u00e3o de energia el\u00e9trica (hidrel\u00e9tricas, solar, e\u00f3licas e bioenerg\u00e9ticas). <\/p>\n<p>Diante da preocupa\u00e7\u00e3o com os danos causados ao meio-ambiente, a exemplo do aquecimento global e de problemas ocasionados pelos combust\u00edveis f\u00f3sseis, que al\u00e9m de poluentes est\u00e3o se tornando cada vez mais escassos no mundo, especialistas buscam um di\u00e1logo pr\u00f3-ativo e permanente entre pa\u00edses chamando a aten\u00e7\u00e3o para a conveni\u00eancia do uso de fontes renov\u00e1veis, tanto para o abastecimento de energia, quanto para a produ\u00e7\u00e3o industrial em larga escala. O Brasil \u00e9 um caso t\u00edpico que re\u00fane excelentes condi\u00e7\u00f5es para o incremento de fontes limpas. <\/p>\n<p>O Presidente Luiz In\u00e1cio Lula da Silva e a Ministra Dilma Rousseff (Casa Civil), foram convidados para fazer a abertura oficial do encontro no dia 18, \u00e0s 18h30, acompanhados dos Ministros Edison Lob\u00e3o (Minas e Energia), Miguel Jorge (Ind\u00fastria e Com\u00e9rcio Exterior), al\u00e9m do Diretor-Geral da ONUDI, Kandeh Yumkella. Participam ainda o presidente Jos\u00e9 Antonio Muniz Lopez (Eletrobr\u00e1s) e os diretores-gerais da Itaipu Binacional, Jorge Samek (Brasil) e Ram\u00f3n Roa (Paraguai). <\/p>\n<p>No dia 19, os participantes abrir\u00e3o os trabalhos debatendo as tend\u00eancias para a energia no cen\u00e1rio mundial. Na seq\u00fc\u00eancia, dois temas important\u00edssimos entram em pauta: \u201cAs Conex\u00f5es entre Mudan\u00e7a Clim\u00e1tica, Seguran\u00e7a Energ\u00e9tica e Energia Renov\u00e1vel\u201d e as \u201cCondi\u00e7\u00f5es de Mercado para a Energia Renov\u00e1vel versus Combust\u00edveis F\u00f3sseis\u201d. O aproveitamento e o papel das hidrel\u00e9tricas (grandes e pequenas), em plena fase de expans\u00e3o no Brasil, ser\u00e1 destaque nas confer\u00eancias do dia 20. O uso produtivo de fontes renov\u00e1veis de energia e suas m\u00faltiplas possibilidades, especialmente na ind\u00fastria e usos produtivos, fecham os debates neste dia. A mesa redonda de encerramento do F\u00f3rum Global acontecer\u00e1 no dia 21, com o tema \u201cCen\u00e1rio Financeiro para a Energia Renov\u00e1vel\u201d. <\/p>\n<p>O F\u00f3rum ir\u00e1 tamb\u00e9m promover redes de rela\u00e7\u00f5es comerciais entre regi\u00f5es. Por este motivo, espera-se um aumento da atividade econ\u00f4mica e de gera\u00e7\u00e3o de emprego e renda nas regi\u00f5es menos desenvolvidas. Recentemente, a Am\u00e9rica Latina (o Brasil em particular) se mostrou como uma deposit\u00e1ria de experi\u00eancias valiosas neste contexto. A bem sucedida experi\u00eancia brasileira com o desenvolvimento de fontes renov\u00e1veis de bioenergia \u00e9 um bom exemplo de oportunidades de neg\u00f3cios que podem ser levadas \u00e0 arena internacional. <\/p>\n<p>O evento termina com uma visita \u00e0 usina de Itaipu. Coube \u00e0 ONUDI e \u00e0 Eletrobr\u00e1s \u2013 e empresas do sistema (Itaipu, Furnas, Eletrosul, Chesf, Eletronorte, CGTEE, Eletronuclear e Cepel) \u2013 coordenar a log\u00edstica e a organiza\u00e7\u00e3o do evento. As inscri\u00e7\u00f5es est\u00e3o abertas e s\u00e3o gratuitas, lembrando aos interessados que as vagas s\u00e3o limitadas. <\/p>\n<p>Mais informa\u00e7\u00f5es e inscri\u00e7\u00f5es: http:\/\/www.renergybrazil2008.org\/ <\/p>\n<p>F\u00d3RUM GLOBAL DE ENERGIAS RENOV\u00c1VEIS <br \/>\nData: 18 a 21 de maio de 2008 <br \/>\nLocal: Hotel Bourbon Cataratas Resort &#038; Convention Center <br \/>\nFoz do Igua\u00e7u (PR) <\/p>\n<p><b>Autor: Assessoria de Imprensa da Eletrobr\u00e1s<\/b><\/p>\n","protected":false},"excerpt":{"rendered":"<p>O Brasil sediar\u00e1 o F\u00f3rum Global de Energias Renov\u00e1veis. O evento, fruto de iniciativa do Minist\u00e9rio das Minas e Energia (MME) e da Organiza\u00e7\u00e3o das Na\u00e7\u00f5es Unidas para o Desenvolvimento Industrial (ONUDI), reunir\u00e1 especialistas e personalidades do Brasil e do mundo, entre os dias 18 e 21 de maio, em Foz do Igua\u00e7u (PR), com [&hellip;]<\/p>\n","protected":false},"author":1,"featured_media":0,"comment_status":"open","ping_status":"open","sticky":false,"template":"","format":"standard","meta":{"footnotes":""},"categories":[24,6],"tags":[],"class_list":{"0":"post-14703","1":"post","2":"type-post","3":"status-publish","4":"format-standard","6":"category-energia","7":"category-noticias"},"yoast_head":"<!-- This site is optimized with the Yoast SEO plugin v27.2 - https:\/\/yoast.com\/product\/yoast-seo-wordpress\/ -->\n<title>Brasil \u00e9 sede do F\u00f3rum Global de Energias Renov\u00e1veis - Instituto de Engenharia<\/title>\n<meta name=\"robots\" content=\"index, follow, max-snippet:-1, max-image-preview:large, max-video-preview:-1\" \/>\n<link rel=\"canonical\" href=\"https:\/\/www.institutodeengenharia.org.br\/site\/2008\/04\/29\/brasil-e-sede-do-forum-global-de-energias-renovaveis\/\" \/>\n<meta property=\"og:locale\" content=\"pt_BR\" \/>\n<meta property=\"og:type\" content=\"article\" \/>\n<meta property=\"og:title\" content=\"Brasil \u00e9 sede do F\u00f3rum Global de Energias Renov\u00e1veis - Instituto de Engenharia\" \/>\n<meta property=\"og:description\" content=\"O Brasil sediar\u00e1 o F\u00f3rum Global de Energias Renov\u00e1veis. O evento, fruto de iniciativa do Minist\u00e9rio das Minas e Energia (MME) e da Organiza\u00e7\u00e3o das Na\u00e7\u00f5es Unidas para o Desenvolvimento Industrial (ONUDI), reunir\u00e1 especialistas e personalidades do Brasil e do mundo, entre os dias 18 e 21 de maio, em Foz do Igua\u00e7u (PR), com [&hellip;]\" \/>\n<meta property=\"og:url\" content=\"https:\/\/www.institutodeengenharia.org.br\/site\/2008\/04\/29\/brasil-e-sede-do-forum-global-de-energias-renovaveis\/\" \/>\n<meta property=\"og:site_name\" content=\"Instituto de Engenharia\" \/>\n<meta property=\"article:publisher\" content=\"https:\/\/www.facebook.com\/institutodeengenharia\" \/>\n<meta property=\"article:published_time\" content=\"2008-04-29T21:49:41+00:00\" \/>\n<meta name=\"author\" content=\"TMax Tecnologia\" \/>\n<meta name=\"twitter:card\" content=\"summary_large_image\" \/>\n<meta name=\"twitter:creator\" content=\"@iengenharia\" \/>\n<meta name=\"twitter:site\" content=\"@iengenharia\" \/>\n<meta name=\"twitter:label1\" content=\"Escrito por\" \/>\n\t<meta name=\"twitter:data1\" content=\"TMax Tecnologia\" \/>\n\t<meta name=\"twitter:label2\" content=\"Est. tempo de leitura\" \/>\n\t<meta name=\"twitter:data2\" content=\"3 minutos\" \/>\n<script type=\"application\/ld+json\" class=\"yoast-schema-graph\">{\"@context\":\"https:\/\/schema.org\",\"@graph\":[{\"@type\":\"Article\",\"@id\":\"https:\/\/www.institutodeengenharia.org.br\/site\/2008\/04\/29\/brasil-e-sede-do-forum-global-de-energias-renovaveis\/#article\",\"isPartOf\":{\"@id\":\"https:\/\/www.institutodeengenharia.org.br\/site\/2008\/04\/29\/brasil-e-sede-do-forum-global-de-energias-renovaveis\/\"},\"author\":{\"name\":\"TMax Tecnologia\",\"@id\":\"https:\/\/www.institutodeengenharia.org.br\/site\/#\/schema\/person\/3b1ff109facef084739fc2edcb9a127f\"},\"headline\":\"Brasil \u00e9 sede do F\u00f3rum Global de Energias Renov\u00e1veis\",\"datePublished\":\"2008-04-29T21:49:41+00:00\",\"mainEntityOfPage\":{\"@id\":\"https:\/\/www.institutodeengenharia.org.br\/site\/2008\/04\/29\/brasil-e-sede-do-forum-global-de-energias-renovaveis\/\"},\"wordCount\":602,\"commentCount\":0,\"publisher\":{\"@id\":\"https:\/\/www.institutodeengenharia.org.br\/site\/#organization\"},\"articleSection\":[\"Energia\",\"Not\u00edcias\"],\"inLanguage\":\"pt-BR\",\"potentialAction\":[{\"@type\":\"CommentAction\",\"name\":\"Comment\",\"target\":[\"https:\/\/www.institutodeengenharia.org.br\/site\/2008\/04\/29\/brasil-e-sede-do-forum-global-de-energias-renovaveis\/#respond\"]}]},{\"@type\":\"WebPage\",\"@id\":\"https:\/\/www.institutodeengenharia.org.br\/site\/2008\/04\/29\/brasil-e-sede-do-forum-global-de-energias-renovaveis\/\",\"url\":\"https:\/\/www.institutodeengenharia.org.br\/site\/2008\/04\/29\/brasil-e-sede-do-forum-global-de-energias-renovaveis\/\",\"name\":\"Brasil \u00e9 sede do F\u00f3rum Global de Energias Renov\u00e1veis - Instituto de Engenharia\",\"isPartOf\":{\"@id\":\"https:\/\/www.institutodeengenharia.org.br\/site\/#website\"},\"datePublished\":\"2008-04-29T21:49:41+00:00\",\"breadcrumb\":{\"@id\":\"https:\/\/www.institutodeengenharia.org.br\/site\/2008\/04\/29\/brasil-e-sede-do-forum-global-de-energias-renovaveis\/#breadcrumb\"},\"inLanguage\":\"pt-BR\",\"potentialAction\":[{\"@type\":\"ReadAction\",\"target\":[\"https:\/\/www.institutodeengenharia.org.br\/site\/2008\/04\/29\/brasil-e-sede-do-forum-global-de-energias-renovaveis\/\"]}]},{\"@type\":\"BreadcrumbList\",\"@id\":\"https:\/\/www.institutodeengenharia.org.br\/site\/2008\/04\/29\/brasil-e-sede-do-forum-global-de-energias-renovaveis\/#breadcrumb\",\"itemListElement\":[{\"@type\":\"ListItem\",\"position\":1,\"name\":\"In\u00edcio\",\"item\":\"https:\/\/www.institutodeengenharia.org.br\/site\/\"},{\"@type\":\"ListItem\",\"position\":2,\"name\":\"Brasil \u00e9 sede do F\u00f3rum Global de Energias Renov\u00e1veis\"}]},{\"@type\":\"WebSite\",\"@id\":\"https:\/\/www.institutodeengenharia.org.br\/site\/#website\",\"url\":\"https:\/\/www.institutodeengenharia.org.br\/site\/\",\"name\":\"Instituto de Engenharia\",\"description\":\"O Instituto de Engenharia promove a Engenharia em benef\u00edcio do desenvolvimento e da qualidade de vida da sociedade.\",\"publisher\":{\"@id\":\"https:\/\/www.institutodeengenharia.org.br\/site\/#organization\"},\"potentialAction\":[{\"@type\":\"SearchAction\",\"target\":{\"@type\":\"EntryPoint\",\"urlTemplate\":\"https:\/\/www.institutodeengenharia.org.br\/site\/?s={search_term_string}\"},\"query-input\":{\"@type\":\"PropertyValueSpecification\",\"valueRequired\":true,\"valueName\":\"search_term_string\"}}],\"inLanguage\":\"pt-BR\"},{\"@type\":\"Organization\",\"@id\":\"https:\/\/www.institutodeengenharia.org.br\/site\/#organization\",\"name\":\"Instituto de Engenharia\",\"url\":\"https:\/\/www.institutodeengenharia.org.br\/site\/\",\"logo\":{\"@type\":\"ImageObject\",\"inLanguage\":\"pt-BR\",\"@id\":\"https:\/\/www.institutodeengenharia.org.br\/site\/#\/schema\/logo\/image\/\",\"url\":\"https:\/\/www.institutodeengenharia.org.br\/site\/wp-content\/uploads\/2019\/03\/logo-novo-IE2018-1.jpg\",\"contentUrl\":\"https:\/\/www.institutodeengenharia.org.br\/site\/wp-content\/uploads\/2019\/03\/logo-novo-IE2018-1.jpg\",\"width\":1486,\"height\":1879,\"caption\":\"Instituto de Engenharia\"},\"image\":{\"@id\":\"https:\/\/www.institutodeengenharia.org.br\/site\/#\/schema\/logo\/image\/\"},\"sameAs\":[\"https:\/\/www.facebook.com\/institutodeengenharia\",\"https:\/\/x.com\/iengenharia\",\"https:\/\/www.instagram.com\/institutodeengenharia\/\",\"https:\/\/www.linkedin.com\/company\/instituto-de-engenharia\/\",\"https:\/\/www.youtube.com\/channel\/UCXiCAlsSMe977vamW915HxA\"]},{\"@type\":\"Person\",\"@id\":\"https:\/\/www.institutodeengenharia.org.br\/site\/#\/schema\/person\/3b1ff109facef084739fc2edcb9a127f\",\"name\":\"TMax Tecnologia\",\"image\":{\"@type\":\"ImageObject\",\"inLanguage\":\"pt-BR\",\"@id\":\"https:\/\/secure.gravatar.com\/avatar\/f912434ef7f389c92cb311fcdae346af848465d638912574b3c669070f797701?s=96&d=mm&r=g\",\"url\":\"https:\/\/secure.gravatar.com\/avatar\/f912434ef7f389c92cb311fcdae346af848465d638912574b3c669070f797701?s=96&d=mm&r=g\",\"contentUrl\":\"https:\/\/secure.gravatar.com\/avatar\/f912434ef7f389c92cb311fcdae346af848465d638912574b3c669070f797701?s=96&d=mm&r=g\",\"caption\":\"TMax Tecnologia\"},\"url\":\"https:\/\/www.institutodeengenharia.org.br\/site\/author\/tmax\/\"}]}<\/script>\n<!-- \/ Yoast SEO plugin. -->","yoast_head_json":{"title":"Brasil \u00e9 sede do F\u00f3rum Global de Energias Renov\u00e1veis - Instituto de Engenharia","robots":{"index":"index","follow":"follow","max-snippet":"max-snippet:-1","max-image-preview":"max-image-preview:large","max-video-preview":"max-video-preview:-1"},"canonical":"https:\/\/www.institutodeengenharia.org.br\/site\/2008\/04\/29\/brasil-e-sede-do-forum-global-de-energias-renovaveis\/","og_locale":"pt_BR","og_type":"article","og_title":"Brasil \u00e9 sede do F\u00f3rum Global de Energias Renov\u00e1veis - Instituto de Engenharia","og_description":"O Brasil sediar\u00e1 o F\u00f3rum Global de Energias Renov\u00e1veis. O evento, fruto de iniciativa do Minist\u00e9rio das Minas e Energia (MME) e da Organiza\u00e7\u00e3o das Na\u00e7\u00f5es Unidas para o Desenvolvimento Industrial (ONUDI), reunir\u00e1 especialistas e personalidades do Brasil e do mundo, entre os dias 18 e 21 de maio, em Foz do Igua\u00e7u (PR), com [&hellip;]","og_url":"https:\/\/www.institutodeengenharia.org.br\/site\/2008\/04\/29\/brasil-e-sede-do-forum-global-de-energias-renovaveis\/","og_site_name":"Instituto de Engenharia","article_publisher":"https:\/\/www.facebook.com\/institutodeengenharia","article_published_time":"2008-04-29T21:49:41+00:00","author":"TMax Tecnologia","twitter_card":"summary_large_image","twitter_creator":"@iengenharia","twitter_site":"@iengenharia","twitter_misc":{"Escrito por":"TMax Tecnologia","Est. tempo de leitura":"3 minutos"},"schema":{"@context":"https:\/\/schema.org","@graph":[{"@type":"Article","@id":"https:\/\/www.institutodeengenharia.org.br\/site\/2008\/04\/29\/brasil-e-sede-do-forum-global-de-energias-renovaveis\/#article","isPartOf":{"@id":"https:\/\/www.institutodeengenharia.org.br\/site\/2008\/04\/29\/brasil-e-sede-do-forum-global-de-energias-renovaveis\/"},"author":{"name":"TMax Tecnologia","@id":"https:\/\/www.institutodeengenharia.org.br\/site\/#\/schema\/person\/3b1ff109facef084739fc2edcb9a127f"},"headline":"Brasil \u00e9 sede do F\u00f3rum Global de Energias Renov\u00e1veis","datePublished":"2008-04-29T21:49:41+00:00","mainEntityOfPage":{"@id":"https:\/\/www.institutodeengenharia.org.br\/site\/2008\/04\/29\/brasil-e-sede-do-forum-global-de-energias-renovaveis\/"},"wordCount":602,"commentCount":0,"publisher":{"@id":"https:\/\/www.institutodeengenharia.org.br\/site\/#organization"},"articleSection":["Energia","Not\u00edcias"],"inLanguage":"pt-BR","potentialAction":[{"@type":"CommentAction","name":"Comment","target":["https:\/\/www.institutodeengenharia.org.br\/site\/2008\/04\/29\/brasil-e-sede-do-forum-global-de-energias-renovaveis\/#respond"]}]},{"@type":"WebPage","@id":"https:\/\/www.institutodeengenharia.org.br\/site\/2008\/04\/29\/brasil-e-sede-do-forum-global-de-energias-renovaveis\/","url":"https:\/\/www.institutodeengenharia.org.br\/site\/2008\/04\/29\/brasil-e-sede-do-forum-global-de-energias-renovaveis\/","name":"Brasil \u00e9 sede do F\u00f3rum Global de Energias Renov\u00e1veis - Instituto de Engenharia","isPartOf":{"@id":"https:\/\/www.institutodeengenharia.org.br\/site\/#website"},"datePublished":"2008-04-29T21:49:41+00:00","breadcrumb":{"@id":"https:\/\/www.institutodeengenharia.org.br\/site\/2008\/04\/29\/brasil-e-sede-do-forum-global-de-energias-renovaveis\/#breadcrumb"},"inLanguage":"pt-BR","potentialAction":[{"@type":"ReadAction","target":["https:\/\/www.institutodeengenharia.org.br\/site\/2008\/04\/29\/brasil-e-sede-do-forum-global-de-energias-renovaveis\/"]}]},{"@type":"BreadcrumbList","@id":"https:\/\/www.institutodeengenharia.org.br\/site\/2008\/04\/29\/brasil-e-sede-do-forum-global-de-energias-renovaveis\/#breadcrumb","itemListElement":[{"@type":"ListItem","position":1,"name":"In\u00edcio","item":"https:\/\/www.institutodeengenharia.org.br\/site\/"},{"@type":"ListItem","position":2,"name":"Brasil \u00e9 sede do F\u00f3rum Global de Energias Renov\u00e1veis"}]},{"@type":"WebSite","@id":"https:\/\/www.institutodeengenharia.org.br\/site\/#website","url":"https:\/\/www.institutodeengenharia.org.br\/site\/","name":"Instituto de Engenharia","description":"O Instituto de Engenharia promove a Engenharia em benef\u00edcio do desenvolvimento e da qualidade de vida da sociedade.","publisher":{"@id":"https:\/\/www.institutodeengenharia.org.br\/site\/#organization"},"potentialAction":[{"@type":"SearchAction","target":{"@type":"EntryPoint","urlTemplate":"https:\/\/www.institutodeengenharia.org.br\/site\/?s={search_term_string}"},"query-input":{"@type":"PropertyValueSpecification","valueRequired":true,"valueName":"search_term_string"}}],"inLanguage":"pt-BR"},{"@type":"Organization","@id":"https:\/\/www.institutodeengenharia.org.br\/site\/#organization","name":"Instituto de Engenharia","url":"https:\/\/www.institutodeengenharia.org.br\/site\/","logo":{"@type":"ImageObject","inLanguage":"pt-BR","@id":"https:\/\/www.institutodeengenharia.org.br\/site\/#\/schema\/logo\/image\/","url":"https:\/\/www.institutodeengenharia.org.br\/site\/wp-content\/uploads\/2019\/03\/logo-novo-IE2018-1.jpg","contentUrl":"https:\/\/www.institutodeengenharia.org.br\/site\/wp-content\/uploads\/2019\/03\/logo-novo-IE2018-1.jpg","width":1486,"height":1879,"caption":"Instituto de Engenharia"},"image":{"@id":"https:\/\/www.institutodeengenharia.org.br\/site\/#\/schema\/logo\/image\/"},"sameAs":["https:\/\/www.facebook.com\/institutodeengenharia","https:\/\/x.com\/iengenharia","https:\/\/www.instagram.com\/institutodeengenharia\/","https:\/\/www.linkedin.com\/company\/instituto-de-engenharia\/","https:\/\/www.youtube.com\/channel\/UCXiCAlsSMe977vamW915HxA"]},{"@type":"Person","@id":"https:\/\/www.institutodeengenharia.org.br\/site\/#\/schema\/person\/3b1ff109facef084739fc2edcb9a127f","name":"TMax Tecnologia","image":{"@type":"ImageObject","inLanguage":"pt-BR","@id":"https:\/\/secure.gravatar.com\/avatar\/f912434ef7f389c92cb311fcdae346af848465d638912574b3c669070f797701?s=96&d=mm&r=g","url":"https:\/\/secure.gravatar.com\/avatar\/f912434ef7f389c92cb311fcdae346af848465d638912574b3c669070f797701?s=96&d=mm&r=g","contentUrl":"https:\/\/secure.gravatar.com\/avatar\/f912434ef7f389c92cb311fcdae346af848465d638912574b3c669070f797701?s=96&d=mm&r=g","caption":"TMax Tecnologia"},"url":"https:\/\/www.institutodeengenharia.org.br\/site\/author\/tmax\/"}]}},"_links":{"self":[{"href":"https:\/\/www.institutodeengenharia.org.br\/site\/wp-json\/wp\/v2\/posts\/14703","targetHints":{"allow":["GET"]}}],"collection":[{"href":"https:\/\/www.institutodeengenharia.org.br\/site\/wp-json\/wp\/v2\/posts"}],"about":[{"href":"https:\/\/www.institutodeengenharia.org.br\/site\/wp-json\/wp\/v2\/types\/post"}],"author":[{"embeddable":true,"href":"https:\/\/www.institutodeengenharia.org.br\/site\/wp-json\/wp\/v2\/users\/1"}],"replies":[{"embeddable":true,"href":"https:\/\/www.institutodeengenharia.org.br\/site\/wp-json\/wp\/v2\/comments?post=14703"}],"version-history":[{"count":0,"href":"https:\/\/www.institutodeengenharia.org.br\/site\/wp-json\/wp\/v2\/posts\/14703\/revisions"}],"wp:attachment":[{"href":"https:\/\/www.institutodeengenharia.org.br\/site\/wp-json\/wp\/v2\/media?parent=14703"}],"wp:term":[{"taxonomy":"category","embeddable":true,"href":"https:\/\/www.institutodeengenharia.org.br\/site\/wp-json\/wp\/v2\/categories?post=14703"},{"taxonomy":"post_tag","embeddable":true,"href":"https:\/\/www.institutodeengenharia.org.br\/site\/wp-json\/wp\/v2\/tags?post=14703"}],"curies":[{"name":"wp","href":"https:\/\/api.w.org\/{rel}","templated":true}]}}