{"id":14701,"date":"2008-04-29T21:49:39","date_gmt":"2008-04-29T21:49:39","guid":{"rendered":"https:\/\/www.institutodeengenharia.org.br\/?p=14701"},"modified":"2008-04-29T13:35:57","modified_gmt":"2008-04-29T13:35:57","slug":"itau-e-bndes-assinam-contrato-para-financiamento-de-projetos-de-eficiencia-energetica","status":"publish","type":"post","link":"https:\/\/www.institutodeengenharia.org.br\/site\/2008\/04\/29\/itau-e-bndes-assinam-contrato-para-financiamento-de-projetos-de-eficiencia-energetica\/","title":{"rendered":"Ita\u00fa e BNDES assinam contrato para financiamento de projetos de efici\u00eancia energ\u00e9tica"},"content":{"rendered":"<p>O Banco Ita\u00fa assinou ontem (28\/4) contrato de mandato com o Banco Nacional de Desenvolvimento Econ\u00f4mico e Social (BNDES) para opera\u00e7\u00f5es na linha de financiamento do Programa de Apoio a Projetos de Efici\u00eancia Energ\u00e9tica &#8211; PROESCO. Assim, o Ita\u00fa torna-se o primeiro agente financeiro privado mandat\u00e1rio dos recursos destinados ao programa criado pelo BNDES, em 2006, com o objetivo de promover a efici\u00eancia energ\u00e9tica no pa\u00eds.\u00a0<\/p>\n<p>Pelo acordo, o Ita\u00fa viabilizar\u00e1 a utiliza\u00e7\u00e3o destes recursos para o desenvolvimento de projetos que contribuam para a economia de energia e \u00e1gua, resultando na redu\u00e7\u00e3o de consumo de eletricidade nas empresas, em todo o Pa\u00eds. O Ita\u00fa passar\u00e1 a oferecer a Empresas de Servi\u00e7os de Conserva\u00e7\u00e3o de Energia (ESCOs), especializadas na elabora\u00e7\u00e3o e implanta\u00e7\u00e3o de projetos de efici\u00eancia energ\u00e9tica, financiamentos na modalidade de risco compartilhado.<\/p>\n<p>Nesta opera\u00e7\u00e3o, o BNDES poder\u00e1 se responsabilizar por at\u00e9 80% do risco da opera\u00e7\u00e3o, devendo o Ita\u00fa assumir, no m\u00ednimo, 20%. Ser\u00e1 cobrada do benefici\u00e1rio uma remunera\u00e7\u00e3o especial por assun\u00e7\u00e3o de risco, de 3% ao ano. Atualmente, operam no Brasil cerca de 70 ESCOs, sendo que 32% t\u00eam faturamento entre R$ 1 e R$ 5 milh\u00f5es e 32% entre R$ 500 mil e R$ 1 milh\u00e3o, e o valor dos projetos desenvolvidos por elas varia de R$ 200 mil a R$ 5 milh\u00f5es. Em seus projetos, estas empresas trabalham sob contrato de performance, onde o usu\u00e1rio final paga uma mensalidade sobre o percentual de economia gerada.\u00a0<\/p>\n<p>A empresa que quiser acessar a linha de cr\u00e9dito pelo Ita\u00fa dever\u00e1 apresentar um plano que permita identificar, analisar e acompanhar detalhadamente o conjunto de a\u00e7\u00f5es e metas. As linhas de cr\u00e9dito destinadas a essas empresas t\u00eam prazos de at\u00e9 72 meses e car\u00eancia m\u00e1xima de 24 meses. \u201cA parceria com o BNDES para ampliar a abrang\u00eancia do financiamento de projetos que visam a sustentabilidade do setor energ\u00e9tico est\u00e1 alinhada \u00e0 nossa cren\u00e7a de que s\u00f3 \u00e9 poss\u00edvel o pleno desenvolvimento quando administramos nossos recursos de forma eficiente. O est\u00edmulo econ\u00f4mico, neste caso, \u00e9 t\u00e3o importante quanto a conscientiza\u00e7\u00e3o para a implanta\u00e7\u00e3o de pol\u00edticas de efici\u00eancia energ\u00e9tica pelas empresas\u201d, afirma Sandra Boteguim, diretora de Produtos Pessoa Jur\u00eddica do Ita\u00fa.\u00a0<\/p>\n<p>O foco dos recursos do PROESCO est\u00e1 voltado \u00e0s \u00e1reas que contribuem para a economia de energia, como ilumina\u00e7\u00e3o; troca de motores; otimiza\u00e7\u00e3o de processos; processos de refrigera\u00e7\u00e3o e resfriamento; produ\u00e7\u00e3o e distribui\u00e7\u00e3o de vapor; aquecimento, automa\u00e7\u00e3o e controle, distribui\u00e7\u00e3o de energia e gerenciamento energ\u00e9tico. O financiamento \u00e9 destinado a estudos, projetos, servi\u00e7os t\u00e9cnicos especializados, obras e instala\u00e7\u00f5es, aquisi\u00e7\u00e3o de m\u00e1quinas e equipamentos e desenvolvimento de sistemas de informa\u00e7\u00e3o, monitoramento, controle e fiscaliza\u00e7\u00e3o. <\/p>\n<p><b>Autor: Assessoria de imprensa<\/b><\/p>\n","protected":false},"excerpt":{"rendered":"<p>O Banco Ita\u00fa assinou ontem (28\/4) contrato de mandato com o Banco Nacional de Desenvolvimento Econ\u00f4mico e Social (BNDES) para opera\u00e7\u00f5es na linha de financiamento do Programa de Apoio a Projetos de Efici\u00eancia Energ\u00e9tica &#8211; PROESCO. Assim, o Ita\u00fa torna-se o primeiro agente financeiro privado mandat\u00e1rio dos recursos destinados ao programa criado pelo BNDES, em [&hellip;]<\/p>\n","protected":false},"author":1,"featured_media":0,"comment_status":"open","ping_status":"open","sticky":false,"template":"","format":"standard","meta":{"footnotes":""},"categories":[24,6],"tags":[],"class_list":{"0":"post-14701","1":"post","2":"type-post","3":"status-publish","4":"format-standard","6":"category-energia","7":"category-noticias"},"yoast_head":"<!-- This site is optimized with the Yoast SEO plugin v27.2 - https:\/\/yoast.com\/product\/yoast-seo-wordpress\/ -->\n<title>Ita\u00fa e BNDES assinam contrato para financiamento de projetos de efici\u00eancia energ\u00e9tica - Instituto de Engenharia<\/title>\n<meta name=\"robots\" content=\"index, follow, max-snippet:-1, max-image-preview:large, max-video-preview:-1\" \/>\n<link rel=\"canonical\" href=\"https:\/\/www.institutodeengenharia.org.br\/site\/2008\/04\/29\/itau-e-bndes-assinam-contrato-para-financiamento-de-projetos-de-eficiencia-energetica\/\" \/>\n<meta property=\"og:locale\" content=\"pt_BR\" \/>\n<meta property=\"og:type\" content=\"article\" \/>\n<meta property=\"og:title\" content=\"Ita\u00fa e BNDES assinam contrato para financiamento de projetos de efici\u00eancia energ\u00e9tica - Instituto de Engenharia\" \/>\n<meta property=\"og:description\" content=\"O Banco Ita\u00fa assinou ontem (28\/4) contrato de mandato com o Banco Nacional de Desenvolvimento Econ\u00f4mico e Social (BNDES) para opera\u00e7\u00f5es na linha de financiamento do Programa de Apoio a Projetos de Efici\u00eancia Energ\u00e9tica &#8211; PROESCO. Assim, o Ita\u00fa torna-se o primeiro agente financeiro privado mandat\u00e1rio dos recursos destinados ao programa criado pelo BNDES, em [&hellip;]\" \/>\n<meta property=\"og:url\" content=\"https:\/\/www.institutodeengenharia.org.br\/site\/2008\/04\/29\/itau-e-bndes-assinam-contrato-para-financiamento-de-projetos-de-eficiencia-energetica\/\" \/>\n<meta property=\"og:site_name\" content=\"Instituto de Engenharia\" \/>\n<meta property=\"article:publisher\" content=\"https:\/\/www.facebook.com\/institutodeengenharia\" \/>\n<meta property=\"article:published_time\" content=\"2008-04-29T21:49:39+00:00\" \/>\n<meta name=\"author\" content=\"TMax Tecnologia\" \/>\n<meta name=\"twitter:card\" content=\"summary_large_image\" \/>\n<meta name=\"twitter:creator\" content=\"@iengenharia\" \/>\n<meta name=\"twitter:site\" content=\"@iengenharia\" \/>\n<meta name=\"twitter:label1\" content=\"Escrito por\" \/>\n\t<meta name=\"twitter:data1\" content=\"TMax Tecnologia\" \/>\n\t<meta name=\"twitter:label2\" content=\"Est. tempo de leitura\" \/>\n\t<meta name=\"twitter:data2\" content=\"2 minutos\" \/>\n<script type=\"application\/ld+json\" class=\"yoast-schema-graph\">{\"@context\":\"https:\/\/schema.org\",\"@graph\":[{\"@type\":\"Article\",\"@id\":\"https:\/\/www.institutodeengenharia.org.br\/site\/2008\/04\/29\/itau-e-bndes-assinam-contrato-para-financiamento-de-projetos-de-eficiencia-energetica\/#article\",\"isPartOf\":{\"@id\":\"https:\/\/www.institutodeengenharia.org.br\/site\/2008\/04\/29\/itau-e-bndes-assinam-contrato-para-financiamento-de-projetos-de-eficiencia-energetica\/\"},\"author\":{\"name\":\"TMax Tecnologia\",\"@id\":\"https:\/\/www.institutodeengenharia.org.br\/site\/#\/schema\/person\/3b1ff109facef084739fc2edcb9a127f\"},\"headline\":\"Ita\u00fa e BNDES assinam contrato para financiamento de projetos de efici\u00eancia energ\u00e9tica\",\"datePublished\":\"2008-04-29T21:49:39+00:00\",\"mainEntityOfPage\":{\"@id\":\"https:\/\/www.institutodeengenharia.org.br\/site\/2008\/04\/29\/itau-e-bndes-assinam-contrato-para-financiamento-de-projetos-de-eficiencia-energetica\/\"},\"wordCount\":490,\"commentCount\":0,\"publisher\":{\"@id\":\"https:\/\/www.institutodeengenharia.org.br\/site\/#organization\"},\"articleSection\":[\"Energia\",\"Not\u00edcias\"],\"inLanguage\":\"pt-BR\",\"potentialAction\":[{\"@type\":\"CommentAction\",\"name\":\"Comment\",\"target\":[\"https:\/\/www.institutodeengenharia.org.br\/site\/2008\/04\/29\/itau-e-bndes-assinam-contrato-para-financiamento-de-projetos-de-eficiencia-energetica\/#respond\"]}]},{\"@type\":\"WebPage\",\"@id\":\"https:\/\/www.institutodeengenharia.org.br\/site\/2008\/04\/29\/itau-e-bndes-assinam-contrato-para-financiamento-de-projetos-de-eficiencia-energetica\/\",\"url\":\"https:\/\/www.institutodeengenharia.org.br\/site\/2008\/04\/29\/itau-e-bndes-assinam-contrato-para-financiamento-de-projetos-de-eficiencia-energetica\/\",\"name\":\"Ita\u00fa e BNDES assinam contrato para financiamento de projetos de efici\u00eancia energ\u00e9tica - Instituto de Engenharia\",\"isPartOf\":{\"@id\":\"https:\/\/www.institutodeengenharia.org.br\/site\/#website\"},\"datePublished\":\"2008-04-29T21:49:39+00:00\",\"breadcrumb\":{\"@id\":\"https:\/\/www.institutodeengenharia.org.br\/site\/2008\/04\/29\/itau-e-bndes-assinam-contrato-para-financiamento-de-projetos-de-eficiencia-energetica\/#breadcrumb\"},\"inLanguage\":\"pt-BR\",\"potentialAction\":[{\"@type\":\"ReadAction\",\"target\":[\"https:\/\/www.institutodeengenharia.org.br\/site\/2008\/04\/29\/itau-e-bndes-assinam-contrato-para-financiamento-de-projetos-de-eficiencia-energetica\/\"]}]},{\"@type\":\"BreadcrumbList\",\"@id\":\"https:\/\/www.institutodeengenharia.org.br\/site\/2008\/04\/29\/itau-e-bndes-assinam-contrato-para-financiamento-de-projetos-de-eficiencia-energetica\/#breadcrumb\",\"itemListElement\":[{\"@type\":\"ListItem\",\"position\":1,\"name\":\"In\u00edcio\",\"item\":\"https:\/\/www.institutodeengenharia.org.br\/site\/\"},{\"@type\":\"ListItem\",\"position\":2,\"name\":\"Ita\u00fa e BNDES assinam contrato para financiamento de projetos de efici\u00eancia energ\u00e9tica\"}]},{\"@type\":\"WebSite\",\"@id\":\"https:\/\/www.institutodeengenharia.org.br\/site\/#website\",\"url\":\"https:\/\/www.institutodeengenharia.org.br\/site\/\",\"name\":\"Instituto de Engenharia\",\"description\":\"O Instituto de Engenharia promove a Engenharia em benef\u00edcio do desenvolvimento e da qualidade de vida da sociedade.\",\"publisher\":{\"@id\":\"https:\/\/www.institutodeengenharia.org.br\/site\/#organization\"},\"potentialAction\":[{\"@type\":\"SearchAction\",\"target\":{\"@type\":\"EntryPoint\",\"urlTemplate\":\"https:\/\/www.institutodeengenharia.org.br\/site\/?s={search_term_string}\"},\"query-input\":{\"@type\":\"PropertyValueSpecification\",\"valueRequired\":true,\"valueName\":\"search_term_string\"}}],\"inLanguage\":\"pt-BR\"},{\"@type\":\"Organization\",\"@id\":\"https:\/\/www.institutodeengenharia.org.br\/site\/#organization\",\"name\":\"Instituto de Engenharia\",\"url\":\"https:\/\/www.institutodeengenharia.org.br\/site\/\",\"logo\":{\"@type\":\"ImageObject\",\"inLanguage\":\"pt-BR\",\"@id\":\"https:\/\/www.institutodeengenharia.org.br\/site\/#\/schema\/logo\/image\/\",\"url\":\"https:\/\/www.institutodeengenharia.org.br\/site\/wp-content\/uploads\/2019\/03\/logo-novo-IE2018-1.jpg\",\"contentUrl\":\"https:\/\/www.institutodeengenharia.org.br\/site\/wp-content\/uploads\/2019\/03\/logo-novo-IE2018-1.jpg\",\"width\":1486,\"height\":1879,\"caption\":\"Instituto de Engenharia\"},\"image\":{\"@id\":\"https:\/\/www.institutodeengenharia.org.br\/site\/#\/schema\/logo\/image\/\"},\"sameAs\":[\"https:\/\/www.facebook.com\/institutodeengenharia\",\"https:\/\/x.com\/iengenharia\",\"https:\/\/www.instagram.com\/institutodeengenharia\/\",\"https:\/\/www.linkedin.com\/company\/instituto-de-engenharia\/\",\"https:\/\/www.youtube.com\/channel\/UCXiCAlsSMe977vamW915HxA\"]},{\"@type\":\"Person\",\"@id\":\"https:\/\/www.institutodeengenharia.org.br\/site\/#\/schema\/person\/3b1ff109facef084739fc2edcb9a127f\",\"name\":\"TMax Tecnologia\",\"image\":{\"@type\":\"ImageObject\",\"inLanguage\":\"pt-BR\",\"@id\":\"https:\/\/secure.gravatar.com\/avatar\/f912434ef7f389c92cb311fcdae346af848465d638912574b3c669070f797701?s=96&d=mm&r=g\",\"url\":\"https:\/\/secure.gravatar.com\/avatar\/f912434ef7f389c92cb311fcdae346af848465d638912574b3c669070f797701?s=96&d=mm&r=g\",\"contentUrl\":\"https:\/\/secure.gravatar.com\/avatar\/f912434ef7f389c92cb311fcdae346af848465d638912574b3c669070f797701?s=96&d=mm&r=g\",\"caption\":\"TMax Tecnologia\"},\"url\":\"https:\/\/www.institutodeengenharia.org.br\/site\/author\/tmax\/\"}]}<\/script>\n<!-- \/ Yoast SEO plugin. -->","yoast_head_json":{"title":"Ita\u00fa e BNDES assinam contrato para financiamento de projetos de efici\u00eancia energ\u00e9tica - Instituto de Engenharia","robots":{"index":"index","follow":"follow","max-snippet":"max-snippet:-1","max-image-preview":"max-image-preview:large","max-video-preview":"max-video-preview:-1"},"canonical":"https:\/\/www.institutodeengenharia.org.br\/site\/2008\/04\/29\/itau-e-bndes-assinam-contrato-para-financiamento-de-projetos-de-eficiencia-energetica\/","og_locale":"pt_BR","og_type":"article","og_title":"Ita\u00fa e BNDES assinam contrato para financiamento de projetos de efici\u00eancia energ\u00e9tica - Instituto de Engenharia","og_description":"O Banco Ita\u00fa assinou ontem (28\/4) contrato de mandato com o Banco Nacional de Desenvolvimento Econ\u00f4mico e Social (BNDES) para opera\u00e7\u00f5es na linha de financiamento do Programa de Apoio a Projetos de Efici\u00eancia Energ\u00e9tica &#8211; PROESCO. Assim, o Ita\u00fa torna-se o primeiro agente financeiro privado mandat\u00e1rio dos recursos destinados ao programa criado pelo BNDES, em [&hellip;]","og_url":"https:\/\/www.institutodeengenharia.org.br\/site\/2008\/04\/29\/itau-e-bndes-assinam-contrato-para-financiamento-de-projetos-de-eficiencia-energetica\/","og_site_name":"Instituto de Engenharia","article_publisher":"https:\/\/www.facebook.com\/institutodeengenharia","article_published_time":"2008-04-29T21:49:39+00:00","author":"TMax Tecnologia","twitter_card":"summary_large_image","twitter_creator":"@iengenharia","twitter_site":"@iengenharia","twitter_misc":{"Escrito por":"TMax Tecnologia","Est. tempo de leitura":"2 minutos"},"schema":{"@context":"https:\/\/schema.org","@graph":[{"@type":"Article","@id":"https:\/\/www.institutodeengenharia.org.br\/site\/2008\/04\/29\/itau-e-bndes-assinam-contrato-para-financiamento-de-projetos-de-eficiencia-energetica\/#article","isPartOf":{"@id":"https:\/\/www.institutodeengenharia.org.br\/site\/2008\/04\/29\/itau-e-bndes-assinam-contrato-para-financiamento-de-projetos-de-eficiencia-energetica\/"},"author":{"name":"TMax Tecnologia","@id":"https:\/\/www.institutodeengenharia.org.br\/site\/#\/schema\/person\/3b1ff109facef084739fc2edcb9a127f"},"headline":"Ita\u00fa e BNDES assinam contrato para financiamento de projetos de efici\u00eancia energ\u00e9tica","datePublished":"2008-04-29T21:49:39+00:00","mainEntityOfPage":{"@id":"https:\/\/www.institutodeengenharia.org.br\/site\/2008\/04\/29\/itau-e-bndes-assinam-contrato-para-financiamento-de-projetos-de-eficiencia-energetica\/"},"wordCount":490,"commentCount":0,"publisher":{"@id":"https:\/\/www.institutodeengenharia.org.br\/site\/#organization"},"articleSection":["Energia","Not\u00edcias"],"inLanguage":"pt-BR","potentialAction":[{"@type":"CommentAction","name":"Comment","target":["https:\/\/www.institutodeengenharia.org.br\/site\/2008\/04\/29\/itau-e-bndes-assinam-contrato-para-financiamento-de-projetos-de-eficiencia-energetica\/#respond"]}]},{"@type":"WebPage","@id":"https:\/\/www.institutodeengenharia.org.br\/site\/2008\/04\/29\/itau-e-bndes-assinam-contrato-para-financiamento-de-projetos-de-eficiencia-energetica\/","url":"https:\/\/www.institutodeengenharia.org.br\/site\/2008\/04\/29\/itau-e-bndes-assinam-contrato-para-financiamento-de-projetos-de-eficiencia-energetica\/","name":"Ita\u00fa e BNDES assinam contrato para financiamento de projetos de efici\u00eancia energ\u00e9tica - Instituto de Engenharia","isPartOf":{"@id":"https:\/\/www.institutodeengenharia.org.br\/site\/#website"},"datePublished":"2008-04-29T21:49:39+00:00","breadcrumb":{"@id":"https:\/\/www.institutodeengenharia.org.br\/site\/2008\/04\/29\/itau-e-bndes-assinam-contrato-para-financiamento-de-projetos-de-eficiencia-energetica\/#breadcrumb"},"inLanguage":"pt-BR","potentialAction":[{"@type":"ReadAction","target":["https:\/\/www.institutodeengenharia.org.br\/site\/2008\/04\/29\/itau-e-bndes-assinam-contrato-para-financiamento-de-projetos-de-eficiencia-energetica\/"]}]},{"@type":"BreadcrumbList","@id":"https:\/\/www.institutodeengenharia.org.br\/site\/2008\/04\/29\/itau-e-bndes-assinam-contrato-para-financiamento-de-projetos-de-eficiencia-energetica\/#breadcrumb","itemListElement":[{"@type":"ListItem","position":1,"name":"In\u00edcio","item":"https:\/\/www.institutodeengenharia.org.br\/site\/"},{"@type":"ListItem","position":2,"name":"Ita\u00fa e BNDES assinam contrato para financiamento de projetos de efici\u00eancia energ\u00e9tica"}]},{"@type":"WebSite","@id":"https:\/\/www.institutodeengenharia.org.br\/site\/#website","url":"https:\/\/www.institutodeengenharia.org.br\/site\/","name":"Instituto de Engenharia","description":"O Instituto de Engenharia promove a Engenharia em benef\u00edcio do desenvolvimento e da qualidade de vida da sociedade.","publisher":{"@id":"https:\/\/www.institutodeengenharia.org.br\/site\/#organization"},"potentialAction":[{"@type":"SearchAction","target":{"@type":"EntryPoint","urlTemplate":"https:\/\/www.institutodeengenharia.org.br\/site\/?s={search_term_string}"},"query-input":{"@type":"PropertyValueSpecification","valueRequired":true,"valueName":"search_term_string"}}],"inLanguage":"pt-BR"},{"@type":"Organization","@id":"https:\/\/www.institutodeengenharia.org.br\/site\/#organization","name":"Instituto de Engenharia","url":"https:\/\/www.institutodeengenharia.org.br\/site\/","logo":{"@type":"ImageObject","inLanguage":"pt-BR","@id":"https:\/\/www.institutodeengenharia.org.br\/site\/#\/schema\/logo\/image\/","url":"https:\/\/www.institutodeengenharia.org.br\/site\/wp-content\/uploads\/2019\/03\/logo-novo-IE2018-1.jpg","contentUrl":"https:\/\/www.institutodeengenharia.org.br\/site\/wp-content\/uploads\/2019\/03\/logo-novo-IE2018-1.jpg","width":1486,"height":1879,"caption":"Instituto de Engenharia"},"image":{"@id":"https:\/\/www.institutodeengenharia.org.br\/site\/#\/schema\/logo\/image\/"},"sameAs":["https:\/\/www.facebook.com\/institutodeengenharia","https:\/\/x.com\/iengenharia","https:\/\/www.instagram.com\/institutodeengenharia\/","https:\/\/www.linkedin.com\/company\/instituto-de-engenharia\/","https:\/\/www.youtube.com\/channel\/UCXiCAlsSMe977vamW915HxA"]},{"@type":"Person","@id":"https:\/\/www.institutodeengenharia.org.br\/site\/#\/schema\/person\/3b1ff109facef084739fc2edcb9a127f","name":"TMax Tecnologia","image":{"@type":"ImageObject","inLanguage":"pt-BR","@id":"https:\/\/secure.gravatar.com\/avatar\/f912434ef7f389c92cb311fcdae346af848465d638912574b3c669070f797701?s=96&d=mm&r=g","url":"https:\/\/secure.gravatar.com\/avatar\/f912434ef7f389c92cb311fcdae346af848465d638912574b3c669070f797701?s=96&d=mm&r=g","contentUrl":"https:\/\/secure.gravatar.com\/avatar\/f912434ef7f389c92cb311fcdae346af848465d638912574b3c669070f797701?s=96&d=mm&r=g","caption":"TMax Tecnologia"},"url":"https:\/\/www.institutodeengenharia.org.br\/site\/author\/tmax\/"}]}},"_links":{"self":[{"href":"https:\/\/www.institutodeengenharia.org.br\/site\/wp-json\/wp\/v2\/posts\/14701","targetHints":{"allow":["GET"]}}],"collection":[{"href":"https:\/\/www.institutodeengenharia.org.br\/site\/wp-json\/wp\/v2\/posts"}],"about":[{"href":"https:\/\/www.institutodeengenharia.org.br\/site\/wp-json\/wp\/v2\/types\/post"}],"author":[{"embeddable":true,"href":"https:\/\/www.institutodeengenharia.org.br\/site\/wp-json\/wp\/v2\/users\/1"}],"replies":[{"embeddable":true,"href":"https:\/\/www.institutodeengenharia.org.br\/site\/wp-json\/wp\/v2\/comments?post=14701"}],"version-history":[{"count":0,"href":"https:\/\/www.institutodeengenharia.org.br\/site\/wp-json\/wp\/v2\/posts\/14701\/revisions"}],"wp:attachment":[{"href":"https:\/\/www.institutodeengenharia.org.br\/site\/wp-json\/wp\/v2\/media?parent=14701"}],"wp:term":[{"taxonomy":"category","embeddable":true,"href":"https:\/\/www.institutodeengenharia.org.br\/site\/wp-json\/wp\/v2\/categories?post=14701"},{"taxonomy":"post_tag","embeddable":true,"href":"https:\/\/www.institutodeengenharia.org.br\/site\/wp-json\/wp\/v2\/tags?post=14701"}],"curies":[{"name":"wp","href":"https:\/\/api.w.org\/{rel}","templated":true}]}}