{"id":14694,"date":"2008-04-28T21:49:31","date_gmt":"2008-04-28T21:49:31","guid":{"rendered":"https:\/\/www.institutodeengenharia.org.br\/?p=14694"},"modified":"2008-04-28T13:46:52","modified_gmt":"2008-04-28T13:46:52","slug":"fenasan-2008-se-destaca-como-o-maior-evento-do-setor","status":"publish","type":"post","link":"https:\/\/www.institutodeengenharia.org.br\/site\/2008\/04\/28\/fenasan-2008-se-destaca-como-o-maior-evento-do-setor\/","title":{"rendered":"Fenasan 2008 se destaca como o maior evento do setor"},"content":{"rendered":"<p>Institu\u00eddo pela Unesco como o \u201cAno Internacional do Saneamento\u201d, 2008 conta com uma mobiliza\u00e7\u00e3o de mercado bastante aquecida em torno desse setor. A comprova\u00e7\u00e3o do bom momento \u00e9 mostrada pelos n\u00fameros da Fenasan 2008 &#8211; Feira Nacional de Materiais e Equipamentos para Saneamento, que a 4 meses do evento, previsto para 19, 20 e 21 de agosto, no Expo Center Norte , em S\u00e3o Paulo, est\u00e1 com cerca de 90% da \u00e1rea de exposi\u00e7\u00e3o comercializada e ocupada por empresas fabricantes e prestadoras de servi\u00e7os diretos e complementares.\u00a0<\/p>\n<p>A Feira conta at\u00e9 o momento com 80 expositores de diversos segmentos, como sistemas de capta\u00e7\u00e3o, adu\u00e7\u00e3o, tratamento e distribui\u00e7\u00e3o da \u00e1gua; sistemas de coleta, afastamento e tratamento de esgotos; gest\u00e3o ambiental; manuten\u00e7\u00e3o e energia; \u00e1gua de reuso; res\u00edduos s\u00f3lidos; recursos h\u00eddricos; desenvolvimento de produtos e de materiais, al\u00e9m de alguns estreantes como laborat\u00f3rios e fabricantes de estruturas met\u00e1licas.\u00a0<\/p>\n<p>Haver\u00e1 ainda cen\u00e1rios demarcados como as empresas que comp\u00f5em a Ilha Sindesam (Sindicato Nacional das Ind\u00fastrias de Equipamentos para Saneamento B\u00e1sico), um n\u00facleo setorial da Abimaq (Associa\u00e7\u00e3o Brasileira da Ind\u00fastria de M\u00e1quinas e Equipamentos). Outra ilha tamb\u00e9m ser\u00e1 formada por 20 empresas filiadas em duas entidades do setor, que est\u00e3o pela primeira vez na Fenasan: a Apecs (Associa\u00e7\u00e3o Paulista de Empresas de Consultoria e Servi\u00e7os em Saneamento e Meio Ambiente) e Sinaenco (Sindicato Nacional das Empresas de Arquitetura e Engenharia Consultiva).\u00a0<\/p>\n<p>\u00c9 interessante o fato de que 60% das empresas s\u00e3o conhecidas e expositoras de v\u00e1rias edi\u00e7\u00f5es passadas da Fenasan, mas 40% s\u00e3o novas e atra\u00eddas pelos grandes investimentos p\u00fablicos e de grupos privados internacionais. Para se ter uma id\u00e9ia, s\u00f3 em S\u00e3o Paulo, j\u00e1 est\u00e1 assegurado o aporte de R$ 7 bilh\u00f5es, at\u00e9 2010, para se manter a universaliza\u00e7\u00e3o no fornecimento de \u00e1gua tratada e chegar a 84% na coleta e esgoto, nos 367 munic\u00edpios atendidos pela Sabesp.\u00a0<\/p>\n<p>Por todos esses motivos, a Fenasan, promovida h\u00e1 19 anos consecutivos pela Associa\u00e7\u00e3o dos Engenheiros da Sabesp, est\u00e1 sendo considerada, antes de sua realiza\u00e7\u00e3o, como o maior evento mercadol\u00f3gico do setor em \u00e2mbitos nacional e internacional.\u00a0<\/p>\n<p>Era previsto um crescimento da Feira, face aos grandes investimentos, mas a comercializa\u00e7\u00e3o de todo o espa\u00e7o no primeiro trimestre do ano foi acima das expectativas. Para o presidente da AESabesp, Luiz Narimatsu, a necessidade das empresas em mostrar seus produtos e servi\u00e7os, nesse momento, \u00e9 t\u00e3o urgente, que a entidade vislumbra um redimensionamento do espa\u00e7o do Center Norte, com utiliza\u00e7\u00e3o de mezaninos e a extens\u00e3o de eventos segmentados ao longo de 2008.\u00a0<\/p>\n<p>Para mais informa\u00e7\u00f5es sobre o evento, <a href=\"http:\/\/www.ie.org.br\/site\/evento.php?id_sessao=2&#038;id_evento=163\">clique aqui.<\/a><\/p>\n<p><b>Autor: Assessoria de imprensa<\/b><\/p>\n","protected":false},"excerpt":{"rendered":"<p>Institu\u00eddo pela Unesco como o \u201cAno Internacional do Saneamento\u201d, 2008 conta com uma mobiliza\u00e7\u00e3o de mercado bastante aquecida em torno desse setor. A comprova\u00e7\u00e3o do bom momento \u00e9 mostrada pelos n\u00fameros da Fenasan 2008 &#8211; Feira Nacional de Materiais e Equipamentos para Saneamento, que a 4 meses do evento, previsto para 19, 20 e 21 [&hellip;]<\/p>\n","protected":false},"author":1,"featured_media":0,"comment_status":"open","ping_status":"open","sticky":false,"template":"","format":"standard","meta":{"footnotes":""},"categories":[31,6],"tags":[],"class_list":{"0":"post-14694","1":"post","2":"type-post","3":"status-publish","4":"format-standard","6":"category-meio-ambiente","7":"category-noticias"},"yoast_head":"<!-- This site is optimized with the Yoast SEO plugin v27.2 - https:\/\/yoast.com\/product\/yoast-seo-wordpress\/ -->\n<title>Fenasan 2008 se destaca como o maior evento do setor - Instituto de Engenharia<\/title>\n<meta name=\"robots\" content=\"index, follow, max-snippet:-1, max-image-preview:large, max-video-preview:-1\" \/>\n<link rel=\"canonical\" href=\"https:\/\/www.institutodeengenharia.org.br\/site\/2008\/04\/28\/fenasan-2008-se-destaca-como-o-maior-evento-do-setor\/\" \/>\n<meta property=\"og:locale\" content=\"pt_BR\" \/>\n<meta property=\"og:type\" content=\"article\" \/>\n<meta property=\"og:title\" content=\"Fenasan 2008 se destaca como o maior evento do setor - Instituto de Engenharia\" \/>\n<meta property=\"og:description\" content=\"Institu\u00eddo pela Unesco como o \u201cAno Internacional do Saneamento\u201d, 2008 conta com uma mobiliza\u00e7\u00e3o de mercado bastante aquecida em torno desse setor. A comprova\u00e7\u00e3o do bom momento \u00e9 mostrada pelos n\u00fameros da Fenasan 2008 &#8211; Feira Nacional de Materiais e Equipamentos para Saneamento, que a 4 meses do evento, previsto para 19, 20 e 21 [&hellip;]\" \/>\n<meta property=\"og:url\" content=\"https:\/\/www.institutodeengenharia.org.br\/site\/2008\/04\/28\/fenasan-2008-se-destaca-como-o-maior-evento-do-setor\/\" \/>\n<meta property=\"og:site_name\" content=\"Instituto de Engenharia\" \/>\n<meta property=\"article:publisher\" content=\"https:\/\/www.facebook.com\/institutodeengenharia\" \/>\n<meta property=\"article:published_time\" content=\"2008-04-28T21:49:31+00:00\" \/>\n<meta name=\"author\" content=\"TMax Tecnologia\" \/>\n<meta name=\"twitter:card\" content=\"summary_large_image\" \/>\n<meta name=\"twitter:creator\" content=\"@iengenharia\" \/>\n<meta name=\"twitter:site\" content=\"@iengenharia\" \/>\n<meta name=\"twitter:label1\" content=\"Escrito por\" \/>\n\t<meta name=\"twitter:data1\" content=\"TMax Tecnologia\" \/>\n\t<meta name=\"twitter:label2\" content=\"Est. tempo de leitura\" \/>\n\t<meta name=\"twitter:data2\" content=\"2 minutos\" \/>\n<script type=\"application\/ld+json\" class=\"yoast-schema-graph\">{\"@context\":\"https:\/\/schema.org\",\"@graph\":[{\"@type\":\"Article\",\"@id\":\"https:\/\/www.institutodeengenharia.org.br\/site\/2008\/04\/28\/fenasan-2008-se-destaca-como-o-maior-evento-do-setor\/#article\",\"isPartOf\":{\"@id\":\"https:\/\/www.institutodeengenharia.org.br\/site\/2008\/04\/28\/fenasan-2008-se-destaca-como-o-maior-evento-do-setor\/\"},\"author\":{\"name\":\"TMax Tecnologia\",\"@id\":\"https:\/\/www.institutodeengenharia.org.br\/site\/#\/schema\/person\/3b1ff109facef084739fc2edcb9a127f\"},\"headline\":\"Fenasan 2008 se destaca como o maior evento do setor\",\"datePublished\":\"2008-04-28T21:49:31+00:00\",\"mainEntityOfPage\":{\"@id\":\"https:\/\/www.institutodeengenharia.org.br\/site\/2008\/04\/28\/fenasan-2008-se-destaca-como-o-maior-evento-do-setor\/\"},\"wordCount\":466,\"commentCount\":0,\"publisher\":{\"@id\":\"https:\/\/www.institutodeengenharia.org.br\/site\/#organization\"},\"articleSection\":[\"Meio Ambiente\",\"Not\u00edcias\"],\"inLanguage\":\"pt-BR\",\"potentialAction\":[{\"@type\":\"CommentAction\",\"name\":\"Comment\",\"target\":[\"https:\/\/www.institutodeengenharia.org.br\/site\/2008\/04\/28\/fenasan-2008-se-destaca-como-o-maior-evento-do-setor\/#respond\"]}]},{\"@type\":\"WebPage\",\"@id\":\"https:\/\/www.institutodeengenharia.org.br\/site\/2008\/04\/28\/fenasan-2008-se-destaca-como-o-maior-evento-do-setor\/\",\"url\":\"https:\/\/www.institutodeengenharia.org.br\/site\/2008\/04\/28\/fenasan-2008-se-destaca-como-o-maior-evento-do-setor\/\",\"name\":\"Fenasan 2008 se destaca como o maior evento do setor - Instituto de Engenharia\",\"isPartOf\":{\"@id\":\"https:\/\/www.institutodeengenharia.org.br\/site\/#website\"},\"datePublished\":\"2008-04-28T21:49:31+00:00\",\"breadcrumb\":{\"@id\":\"https:\/\/www.institutodeengenharia.org.br\/site\/2008\/04\/28\/fenasan-2008-se-destaca-como-o-maior-evento-do-setor\/#breadcrumb\"},\"inLanguage\":\"pt-BR\",\"potentialAction\":[{\"@type\":\"ReadAction\",\"target\":[\"https:\/\/www.institutodeengenharia.org.br\/site\/2008\/04\/28\/fenasan-2008-se-destaca-como-o-maior-evento-do-setor\/\"]}]},{\"@type\":\"BreadcrumbList\",\"@id\":\"https:\/\/www.institutodeengenharia.org.br\/site\/2008\/04\/28\/fenasan-2008-se-destaca-como-o-maior-evento-do-setor\/#breadcrumb\",\"itemListElement\":[{\"@type\":\"ListItem\",\"position\":1,\"name\":\"In\u00edcio\",\"item\":\"https:\/\/www.institutodeengenharia.org.br\/site\/\"},{\"@type\":\"ListItem\",\"position\":2,\"name\":\"Fenasan 2008 se destaca como o maior evento do setor\"}]},{\"@type\":\"WebSite\",\"@id\":\"https:\/\/www.institutodeengenharia.org.br\/site\/#website\",\"url\":\"https:\/\/www.institutodeengenharia.org.br\/site\/\",\"name\":\"Instituto de Engenharia\",\"description\":\"O Instituto de Engenharia promove a Engenharia em benef\u00edcio do desenvolvimento e da qualidade de vida da sociedade.\",\"publisher\":{\"@id\":\"https:\/\/www.institutodeengenharia.org.br\/site\/#organization\"},\"potentialAction\":[{\"@type\":\"SearchAction\",\"target\":{\"@type\":\"EntryPoint\",\"urlTemplate\":\"https:\/\/www.institutodeengenharia.org.br\/site\/?s={search_term_string}\"},\"query-input\":{\"@type\":\"PropertyValueSpecification\",\"valueRequired\":true,\"valueName\":\"search_term_string\"}}],\"inLanguage\":\"pt-BR\"},{\"@type\":\"Organization\",\"@id\":\"https:\/\/www.institutodeengenharia.org.br\/site\/#organization\",\"name\":\"Instituto de Engenharia\",\"url\":\"https:\/\/www.institutodeengenharia.org.br\/site\/\",\"logo\":{\"@type\":\"ImageObject\",\"inLanguage\":\"pt-BR\",\"@id\":\"https:\/\/www.institutodeengenharia.org.br\/site\/#\/schema\/logo\/image\/\",\"url\":\"https:\/\/www.institutodeengenharia.org.br\/site\/wp-content\/uploads\/2019\/03\/logo-novo-IE2018-1.jpg\",\"contentUrl\":\"https:\/\/www.institutodeengenharia.org.br\/site\/wp-content\/uploads\/2019\/03\/logo-novo-IE2018-1.jpg\",\"width\":1486,\"height\":1879,\"caption\":\"Instituto de Engenharia\"},\"image\":{\"@id\":\"https:\/\/www.institutodeengenharia.org.br\/site\/#\/schema\/logo\/image\/\"},\"sameAs\":[\"https:\/\/www.facebook.com\/institutodeengenharia\",\"https:\/\/x.com\/iengenharia\",\"https:\/\/www.instagram.com\/institutodeengenharia\/\",\"https:\/\/www.linkedin.com\/company\/instituto-de-engenharia\/\",\"https:\/\/www.youtube.com\/channel\/UCXiCAlsSMe977vamW915HxA\"]},{\"@type\":\"Person\",\"@id\":\"https:\/\/www.institutodeengenharia.org.br\/site\/#\/schema\/person\/3b1ff109facef084739fc2edcb9a127f\",\"name\":\"TMax Tecnologia\",\"image\":{\"@type\":\"ImageObject\",\"inLanguage\":\"pt-BR\",\"@id\":\"https:\/\/secure.gravatar.com\/avatar\/f912434ef7f389c92cb311fcdae346af848465d638912574b3c669070f797701?s=96&d=mm&r=g\",\"url\":\"https:\/\/secure.gravatar.com\/avatar\/f912434ef7f389c92cb311fcdae346af848465d638912574b3c669070f797701?s=96&d=mm&r=g\",\"contentUrl\":\"https:\/\/secure.gravatar.com\/avatar\/f912434ef7f389c92cb311fcdae346af848465d638912574b3c669070f797701?s=96&d=mm&r=g\",\"caption\":\"TMax Tecnologia\"},\"url\":\"https:\/\/www.institutodeengenharia.org.br\/site\/author\/tmax\/\"}]}<\/script>\n<!-- \/ Yoast SEO plugin. -->","yoast_head_json":{"title":"Fenasan 2008 se destaca como o maior evento do setor - Instituto de Engenharia","robots":{"index":"index","follow":"follow","max-snippet":"max-snippet:-1","max-image-preview":"max-image-preview:large","max-video-preview":"max-video-preview:-1"},"canonical":"https:\/\/www.institutodeengenharia.org.br\/site\/2008\/04\/28\/fenasan-2008-se-destaca-como-o-maior-evento-do-setor\/","og_locale":"pt_BR","og_type":"article","og_title":"Fenasan 2008 se destaca como o maior evento do setor - Instituto de Engenharia","og_description":"Institu\u00eddo pela Unesco como o \u201cAno Internacional do Saneamento\u201d, 2008 conta com uma mobiliza\u00e7\u00e3o de mercado bastante aquecida em torno desse setor. A comprova\u00e7\u00e3o do bom momento \u00e9 mostrada pelos n\u00fameros da Fenasan 2008 &#8211; Feira Nacional de Materiais e Equipamentos para Saneamento, que a 4 meses do evento, previsto para 19, 20 e 21 [&hellip;]","og_url":"https:\/\/www.institutodeengenharia.org.br\/site\/2008\/04\/28\/fenasan-2008-se-destaca-como-o-maior-evento-do-setor\/","og_site_name":"Instituto de Engenharia","article_publisher":"https:\/\/www.facebook.com\/institutodeengenharia","article_published_time":"2008-04-28T21:49:31+00:00","author":"TMax Tecnologia","twitter_card":"summary_large_image","twitter_creator":"@iengenharia","twitter_site":"@iengenharia","twitter_misc":{"Escrito por":"TMax Tecnologia","Est. tempo de leitura":"2 minutos"},"schema":{"@context":"https:\/\/schema.org","@graph":[{"@type":"Article","@id":"https:\/\/www.institutodeengenharia.org.br\/site\/2008\/04\/28\/fenasan-2008-se-destaca-como-o-maior-evento-do-setor\/#article","isPartOf":{"@id":"https:\/\/www.institutodeengenharia.org.br\/site\/2008\/04\/28\/fenasan-2008-se-destaca-como-o-maior-evento-do-setor\/"},"author":{"name":"TMax Tecnologia","@id":"https:\/\/www.institutodeengenharia.org.br\/site\/#\/schema\/person\/3b1ff109facef084739fc2edcb9a127f"},"headline":"Fenasan 2008 se destaca como o maior evento do setor","datePublished":"2008-04-28T21:49:31+00:00","mainEntityOfPage":{"@id":"https:\/\/www.institutodeengenharia.org.br\/site\/2008\/04\/28\/fenasan-2008-se-destaca-como-o-maior-evento-do-setor\/"},"wordCount":466,"commentCount":0,"publisher":{"@id":"https:\/\/www.institutodeengenharia.org.br\/site\/#organization"},"articleSection":["Meio Ambiente","Not\u00edcias"],"inLanguage":"pt-BR","potentialAction":[{"@type":"CommentAction","name":"Comment","target":["https:\/\/www.institutodeengenharia.org.br\/site\/2008\/04\/28\/fenasan-2008-se-destaca-como-o-maior-evento-do-setor\/#respond"]}]},{"@type":"WebPage","@id":"https:\/\/www.institutodeengenharia.org.br\/site\/2008\/04\/28\/fenasan-2008-se-destaca-como-o-maior-evento-do-setor\/","url":"https:\/\/www.institutodeengenharia.org.br\/site\/2008\/04\/28\/fenasan-2008-se-destaca-como-o-maior-evento-do-setor\/","name":"Fenasan 2008 se destaca como o maior evento do setor - Instituto de Engenharia","isPartOf":{"@id":"https:\/\/www.institutodeengenharia.org.br\/site\/#website"},"datePublished":"2008-04-28T21:49:31+00:00","breadcrumb":{"@id":"https:\/\/www.institutodeengenharia.org.br\/site\/2008\/04\/28\/fenasan-2008-se-destaca-como-o-maior-evento-do-setor\/#breadcrumb"},"inLanguage":"pt-BR","potentialAction":[{"@type":"ReadAction","target":["https:\/\/www.institutodeengenharia.org.br\/site\/2008\/04\/28\/fenasan-2008-se-destaca-como-o-maior-evento-do-setor\/"]}]},{"@type":"BreadcrumbList","@id":"https:\/\/www.institutodeengenharia.org.br\/site\/2008\/04\/28\/fenasan-2008-se-destaca-como-o-maior-evento-do-setor\/#breadcrumb","itemListElement":[{"@type":"ListItem","position":1,"name":"In\u00edcio","item":"https:\/\/www.institutodeengenharia.org.br\/site\/"},{"@type":"ListItem","position":2,"name":"Fenasan 2008 se destaca como o maior evento do setor"}]},{"@type":"WebSite","@id":"https:\/\/www.institutodeengenharia.org.br\/site\/#website","url":"https:\/\/www.institutodeengenharia.org.br\/site\/","name":"Instituto de Engenharia","description":"O Instituto de Engenharia promove a Engenharia em benef\u00edcio do desenvolvimento e da qualidade de vida da sociedade.","publisher":{"@id":"https:\/\/www.institutodeengenharia.org.br\/site\/#organization"},"potentialAction":[{"@type":"SearchAction","target":{"@type":"EntryPoint","urlTemplate":"https:\/\/www.institutodeengenharia.org.br\/site\/?s={search_term_string}"},"query-input":{"@type":"PropertyValueSpecification","valueRequired":true,"valueName":"search_term_string"}}],"inLanguage":"pt-BR"},{"@type":"Organization","@id":"https:\/\/www.institutodeengenharia.org.br\/site\/#organization","name":"Instituto de Engenharia","url":"https:\/\/www.institutodeengenharia.org.br\/site\/","logo":{"@type":"ImageObject","inLanguage":"pt-BR","@id":"https:\/\/www.institutodeengenharia.org.br\/site\/#\/schema\/logo\/image\/","url":"https:\/\/www.institutodeengenharia.org.br\/site\/wp-content\/uploads\/2019\/03\/logo-novo-IE2018-1.jpg","contentUrl":"https:\/\/www.institutodeengenharia.org.br\/site\/wp-content\/uploads\/2019\/03\/logo-novo-IE2018-1.jpg","width":1486,"height":1879,"caption":"Instituto de Engenharia"},"image":{"@id":"https:\/\/www.institutodeengenharia.org.br\/site\/#\/schema\/logo\/image\/"},"sameAs":["https:\/\/www.facebook.com\/institutodeengenharia","https:\/\/x.com\/iengenharia","https:\/\/www.instagram.com\/institutodeengenharia\/","https:\/\/www.linkedin.com\/company\/instituto-de-engenharia\/","https:\/\/www.youtube.com\/channel\/UCXiCAlsSMe977vamW915HxA"]},{"@type":"Person","@id":"https:\/\/www.institutodeengenharia.org.br\/site\/#\/schema\/person\/3b1ff109facef084739fc2edcb9a127f","name":"TMax Tecnologia","image":{"@type":"ImageObject","inLanguage":"pt-BR","@id":"https:\/\/secure.gravatar.com\/avatar\/f912434ef7f389c92cb311fcdae346af848465d638912574b3c669070f797701?s=96&d=mm&r=g","url":"https:\/\/secure.gravatar.com\/avatar\/f912434ef7f389c92cb311fcdae346af848465d638912574b3c669070f797701?s=96&d=mm&r=g","contentUrl":"https:\/\/secure.gravatar.com\/avatar\/f912434ef7f389c92cb311fcdae346af848465d638912574b3c669070f797701?s=96&d=mm&r=g","caption":"TMax Tecnologia"},"url":"https:\/\/www.institutodeengenharia.org.br\/site\/author\/tmax\/"}]}},"_links":{"self":[{"href":"https:\/\/www.institutodeengenharia.org.br\/site\/wp-json\/wp\/v2\/posts\/14694","targetHints":{"allow":["GET"]}}],"collection":[{"href":"https:\/\/www.institutodeengenharia.org.br\/site\/wp-json\/wp\/v2\/posts"}],"about":[{"href":"https:\/\/www.institutodeengenharia.org.br\/site\/wp-json\/wp\/v2\/types\/post"}],"author":[{"embeddable":true,"href":"https:\/\/www.institutodeengenharia.org.br\/site\/wp-json\/wp\/v2\/users\/1"}],"replies":[{"embeddable":true,"href":"https:\/\/www.institutodeengenharia.org.br\/site\/wp-json\/wp\/v2\/comments?post=14694"}],"version-history":[{"count":0,"href":"https:\/\/www.institutodeengenharia.org.br\/site\/wp-json\/wp\/v2\/posts\/14694\/revisions"}],"wp:attachment":[{"href":"https:\/\/www.institutodeengenharia.org.br\/site\/wp-json\/wp\/v2\/media?parent=14694"}],"wp:term":[{"taxonomy":"category","embeddable":true,"href":"https:\/\/www.institutodeengenharia.org.br\/site\/wp-json\/wp\/v2\/categories?post=14694"},{"taxonomy":"post_tag","embeddable":true,"href":"https:\/\/www.institutodeengenharia.org.br\/site\/wp-json\/wp\/v2\/tags?post=14694"}],"curies":[{"name":"wp","href":"https:\/\/api.w.org\/{rel}","templated":true}]}}