{"id":14692,"date":"2008-04-25T21:49:29","date_gmt":"2008-04-25T21:49:29","guid":{"rendered":"https:\/\/www.institutodeengenharia.org.br\/?p=14692"},"modified":"2008-04-25T13:50:24","modified_gmt":"2008-04-25T13:50:24","slug":"regiao-tera-polo-logistico-de-r-100-mi","status":"publish","type":"post","link":"https:\/\/www.institutodeengenharia.org.br\/site\/2008\/04\/25\/regiao-tera-polo-logistico-de-r-100-mi\/","title":{"rendered":"Regi\u00e3o ter\u00e1 p\u00f3lo log\u00edstico de R$ 100 mi"},"content":{"rendered":"<p>Com investimento de R$ 100 milh\u00f5es, o Grande ABC ganhar\u00e1 o primeiro condom\u00ednio log\u00edstico ainda este ano. O empreendimento \u00e9 fruto de uma parceria entre a Bracor Investimentos Imobili\u00e1rios \u2013 companhia de terceiriza\u00e7\u00e3o e constru\u00e7\u00e3o de im\u00f3veis sob encomenda \u2013 e da EcoRodovias, empresa que controla quatro concession\u00e1rias de rodovias no Pa\u00eds, entre elas a Ecovias, em S\u00e3o Paulo.\u00a0<\/p>\n<p>A expectativa \u00e9 que seja constru\u00eddo at\u00e9 seis galp\u00f5es industriais, com 20 mil m\u00b2 de \u00e1rea cada, num espa\u00e7o total de aproximadamente 420 mil m\u00b2. Os locais ser\u00e3o alugados por empresas, que v\u00e3o ratear custos como \u00e1gua, luz e toda a infra-estrutura.\u00a0<\/p>\n<p>\u201cO objetivo das duas empresas em construir um empreendimento como esse \u00e9 facilitar o escoamento de mercadorias que s\u00e3o exportadas e importadas. Al\u00e9m disso, as empresas ter\u00e3o acesso facilitado na distribui\u00e7\u00e3o dos produtos entre o Grande ABC e S\u00e3o Paulo\u201d, explica o diretor de investimentos da Bracor, Colin Butterfield.\u00a0<\/p>\n<p>Segundo ele, o condom\u00ednio que ser\u00e1 em S\u00e3o Bernardo, ocupa uma posi\u00e7\u00e3o estrat\u00e9gica, pois est\u00e1 no entroncamento do futuro trecho sul do Rodoanel com a Rodovia dos Imigrantes \u2013 na liga\u00e7\u00e3o entre a Capital e a regi\u00e3o, al\u00e9m do p\u00f3lo industrial de Cubat\u00e3o e o Porto de Santos..\u00a0<\/p>\n<p>O terreno que j\u00e1 era de propriedade da EcoRodovias, vai ter suas obras iniciadas nos pr\u00f3ximos meses. \u201cEm maio, provavelmente, j\u00e1 teremos a documenta\u00e7\u00e3o finalizada\u201d, prev\u00ea Marcelino Rafart de Ceras, diretor presidente da empresa. <br \/>\nPreserva\u00e7\u00e3o\u00a0<\/p>\n<p>Por ser uma \u00e1rea manancial \u2013 protegida por lei e que impede constru\u00e7\u00f5es rentes \u00e0 represas \u2013 o secret\u00e1rio do Desenvolvimento Econ\u00f4mico de S\u00e3o Bernardo, Fernando Longo, explica que apenas 20% da \u00e1rea total do terreno ser\u00e1 constru\u00edda, e o restante preservada. \u201cO projeto j\u00e1 foi aprovado, uma vez que apoiamos iniciativas privadas como essa, que trar\u00e1 desenvolvimento para a cidade e a regi\u00e3o. Al\u00e9m do que, n\u00e3o vai acarretar problemas ao tr\u00e2nsito, pelo contr\u00e1rio, vai facilitar o fluxo.\u201d <\/p>\n<p><b>Autor: Di\u00e1rio do Grande ABC &#8211; Tauana Marin<\/b><\/p>\n","protected":false},"excerpt":{"rendered":"<p>Com investimento de R$ 100 milh\u00f5es, o Grande ABC ganhar\u00e1 o primeiro condom\u00ednio log\u00edstico ainda este ano. O empreendimento \u00e9 fruto de uma parceria entre a Bracor Investimentos Imobili\u00e1rios \u2013 companhia de terceiriza\u00e7\u00e3o e constru\u00e7\u00e3o de im\u00f3veis sob encomenda \u2013 e da EcoRodovias, empresa que controla quatro concession\u00e1rias de rodovias no Pa\u00eds, entre elas a [&hellip;]<\/p>\n","protected":false},"author":1,"featured_media":0,"comment_status":"open","ping_status":"open","sticky":false,"template":"","format":"standard","meta":{"footnotes":""},"categories":[6,41],"tags":[],"class_list":{"0":"post-14692","1":"post","2":"type-post","3":"status-publish","4":"format-standard","6":"category-noticias","7":"category-transportes"},"yoast_head":"<!-- This site is optimized with the Yoast SEO plugin v27.2 - https:\/\/yoast.com\/product\/yoast-seo-wordpress\/ -->\n<title>Regi\u00e3o ter\u00e1 p\u00f3lo log\u00edstico de R$ 100 mi - Instituto de Engenharia<\/title>\n<meta name=\"robots\" content=\"index, follow, max-snippet:-1, max-image-preview:large, max-video-preview:-1\" \/>\n<link rel=\"canonical\" href=\"https:\/\/www.institutodeengenharia.org.br\/site\/2008\/04\/25\/regiao-tera-polo-logistico-de-r-100-mi\/\" \/>\n<meta property=\"og:locale\" content=\"pt_BR\" \/>\n<meta property=\"og:type\" content=\"article\" \/>\n<meta property=\"og:title\" content=\"Regi\u00e3o ter\u00e1 p\u00f3lo log\u00edstico de R$ 100 mi - Instituto de Engenharia\" \/>\n<meta property=\"og:description\" content=\"Com investimento de R$ 100 milh\u00f5es, o Grande ABC ganhar\u00e1 o primeiro condom\u00ednio log\u00edstico ainda este ano. O empreendimento \u00e9 fruto de uma parceria entre a Bracor Investimentos Imobili\u00e1rios \u2013 companhia de terceiriza\u00e7\u00e3o e constru\u00e7\u00e3o de im\u00f3veis sob encomenda \u2013 e da EcoRodovias, empresa que controla quatro concession\u00e1rias de rodovias no Pa\u00eds, entre elas a [&hellip;]\" \/>\n<meta property=\"og:url\" content=\"https:\/\/www.institutodeengenharia.org.br\/site\/2008\/04\/25\/regiao-tera-polo-logistico-de-r-100-mi\/\" \/>\n<meta property=\"og:site_name\" content=\"Instituto de Engenharia\" \/>\n<meta property=\"article:publisher\" content=\"https:\/\/www.facebook.com\/institutodeengenharia\" \/>\n<meta property=\"article:published_time\" content=\"2008-04-25T21:49:29+00:00\" \/>\n<meta name=\"author\" content=\"TMax Tecnologia\" \/>\n<meta name=\"twitter:card\" content=\"summary_large_image\" \/>\n<meta name=\"twitter:creator\" content=\"@iengenharia\" \/>\n<meta name=\"twitter:site\" content=\"@iengenharia\" \/>\n<meta name=\"twitter:label1\" content=\"Escrito por\" \/>\n\t<meta name=\"twitter:data1\" content=\"TMax Tecnologia\" \/>\n\t<meta name=\"twitter:label2\" content=\"Est. tempo de leitura\" \/>\n\t<meta name=\"twitter:data2\" content=\"2 minutos\" \/>\n<script type=\"application\/ld+json\" class=\"yoast-schema-graph\">{\"@context\":\"https:\/\/schema.org\",\"@graph\":[{\"@type\":\"Article\",\"@id\":\"https:\/\/www.institutodeengenharia.org.br\/site\/2008\/04\/25\/regiao-tera-polo-logistico-de-r-100-mi\/#article\",\"isPartOf\":{\"@id\":\"https:\/\/www.institutodeengenharia.org.br\/site\/2008\/04\/25\/regiao-tera-polo-logistico-de-r-100-mi\/\"},\"author\":{\"name\":\"TMax Tecnologia\",\"@id\":\"https:\/\/www.institutodeengenharia.org.br\/site\/#\/schema\/person\/3b1ff109facef084739fc2edcb9a127f\"},\"headline\":\"Regi\u00e3o ter\u00e1 p\u00f3lo log\u00edstico de R$ 100 mi\",\"datePublished\":\"2008-04-25T21:49:29+00:00\",\"mainEntityOfPage\":{\"@id\":\"https:\/\/www.institutodeengenharia.org.br\/site\/2008\/04\/25\/regiao-tera-polo-logistico-de-r-100-mi\/\"},\"wordCount\":360,\"commentCount\":0,\"publisher\":{\"@id\":\"https:\/\/www.institutodeengenharia.org.br\/site\/#organization\"},\"articleSection\":[\"Not\u00edcias\",\"Transportes\"],\"inLanguage\":\"pt-BR\",\"potentialAction\":[{\"@type\":\"CommentAction\",\"name\":\"Comment\",\"target\":[\"https:\/\/www.institutodeengenharia.org.br\/site\/2008\/04\/25\/regiao-tera-polo-logistico-de-r-100-mi\/#respond\"]}]},{\"@type\":\"WebPage\",\"@id\":\"https:\/\/www.institutodeengenharia.org.br\/site\/2008\/04\/25\/regiao-tera-polo-logistico-de-r-100-mi\/\",\"url\":\"https:\/\/www.institutodeengenharia.org.br\/site\/2008\/04\/25\/regiao-tera-polo-logistico-de-r-100-mi\/\",\"name\":\"Regi\u00e3o ter\u00e1 p\u00f3lo log\u00edstico de R$ 100 mi - Instituto de Engenharia\",\"isPartOf\":{\"@id\":\"https:\/\/www.institutodeengenharia.org.br\/site\/#website\"},\"datePublished\":\"2008-04-25T21:49:29+00:00\",\"breadcrumb\":{\"@id\":\"https:\/\/www.institutodeengenharia.org.br\/site\/2008\/04\/25\/regiao-tera-polo-logistico-de-r-100-mi\/#breadcrumb\"},\"inLanguage\":\"pt-BR\",\"potentialAction\":[{\"@type\":\"ReadAction\",\"target\":[\"https:\/\/www.institutodeengenharia.org.br\/site\/2008\/04\/25\/regiao-tera-polo-logistico-de-r-100-mi\/\"]}]},{\"@type\":\"BreadcrumbList\",\"@id\":\"https:\/\/www.institutodeengenharia.org.br\/site\/2008\/04\/25\/regiao-tera-polo-logistico-de-r-100-mi\/#breadcrumb\",\"itemListElement\":[{\"@type\":\"ListItem\",\"position\":1,\"name\":\"In\u00edcio\",\"item\":\"https:\/\/www.institutodeengenharia.org.br\/site\/\"},{\"@type\":\"ListItem\",\"position\":2,\"name\":\"Regi\u00e3o ter\u00e1 p\u00f3lo log\u00edstico de R$ 100 mi\"}]},{\"@type\":\"WebSite\",\"@id\":\"https:\/\/www.institutodeengenharia.org.br\/site\/#website\",\"url\":\"https:\/\/www.institutodeengenharia.org.br\/site\/\",\"name\":\"Instituto de Engenharia\",\"description\":\"O Instituto de Engenharia promove a Engenharia em benef\u00edcio do desenvolvimento e da qualidade de vida da sociedade.\",\"publisher\":{\"@id\":\"https:\/\/www.institutodeengenharia.org.br\/site\/#organization\"},\"potentialAction\":[{\"@type\":\"SearchAction\",\"target\":{\"@type\":\"EntryPoint\",\"urlTemplate\":\"https:\/\/www.institutodeengenharia.org.br\/site\/?s={search_term_string}\"},\"query-input\":{\"@type\":\"PropertyValueSpecification\",\"valueRequired\":true,\"valueName\":\"search_term_string\"}}],\"inLanguage\":\"pt-BR\"},{\"@type\":\"Organization\",\"@id\":\"https:\/\/www.institutodeengenharia.org.br\/site\/#organization\",\"name\":\"Instituto de Engenharia\",\"url\":\"https:\/\/www.institutodeengenharia.org.br\/site\/\",\"logo\":{\"@type\":\"ImageObject\",\"inLanguage\":\"pt-BR\",\"@id\":\"https:\/\/www.institutodeengenharia.org.br\/site\/#\/schema\/logo\/image\/\",\"url\":\"https:\/\/www.institutodeengenharia.org.br\/site\/wp-content\/uploads\/2019\/03\/logo-novo-IE2018-1.jpg\",\"contentUrl\":\"https:\/\/www.institutodeengenharia.org.br\/site\/wp-content\/uploads\/2019\/03\/logo-novo-IE2018-1.jpg\",\"width\":1486,\"height\":1879,\"caption\":\"Instituto de Engenharia\"},\"image\":{\"@id\":\"https:\/\/www.institutodeengenharia.org.br\/site\/#\/schema\/logo\/image\/\"},\"sameAs\":[\"https:\/\/www.facebook.com\/institutodeengenharia\",\"https:\/\/x.com\/iengenharia\",\"https:\/\/www.instagram.com\/institutodeengenharia\/\",\"https:\/\/www.linkedin.com\/company\/instituto-de-engenharia\/\",\"https:\/\/www.youtube.com\/channel\/UCXiCAlsSMe977vamW915HxA\"]},{\"@type\":\"Person\",\"@id\":\"https:\/\/www.institutodeengenharia.org.br\/site\/#\/schema\/person\/3b1ff109facef084739fc2edcb9a127f\",\"name\":\"TMax Tecnologia\",\"image\":{\"@type\":\"ImageObject\",\"inLanguage\":\"pt-BR\",\"@id\":\"https:\/\/secure.gravatar.com\/avatar\/f912434ef7f389c92cb311fcdae346af848465d638912574b3c669070f797701?s=96&d=mm&r=g\",\"url\":\"https:\/\/secure.gravatar.com\/avatar\/f912434ef7f389c92cb311fcdae346af848465d638912574b3c669070f797701?s=96&d=mm&r=g\",\"contentUrl\":\"https:\/\/secure.gravatar.com\/avatar\/f912434ef7f389c92cb311fcdae346af848465d638912574b3c669070f797701?s=96&d=mm&r=g\",\"caption\":\"TMax Tecnologia\"},\"url\":\"https:\/\/www.institutodeengenharia.org.br\/site\/author\/tmax\/\"}]}<\/script>\n<!-- \/ Yoast SEO plugin. -->","yoast_head_json":{"title":"Regi\u00e3o ter\u00e1 p\u00f3lo log\u00edstico de R$ 100 mi - Instituto de Engenharia","robots":{"index":"index","follow":"follow","max-snippet":"max-snippet:-1","max-image-preview":"max-image-preview:large","max-video-preview":"max-video-preview:-1"},"canonical":"https:\/\/www.institutodeengenharia.org.br\/site\/2008\/04\/25\/regiao-tera-polo-logistico-de-r-100-mi\/","og_locale":"pt_BR","og_type":"article","og_title":"Regi\u00e3o ter\u00e1 p\u00f3lo log\u00edstico de R$ 100 mi - Instituto de Engenharia","og_description":"Com investimento de R$ 100 milh\u00f5es, o Grande ABC ganhar\u00e1 o primeiro condom\u00ednio log\u00edstico ainda este ano. O empreendimento \u00e9 fruto de uma parceria entre a Bracor Investimentos Imobili\u00e1rios \u2013 companhia de terceiriza\u00e7\u00e3o e constru\u00e7\u00e3o de im\u00f3veis sob encomenda \u2013 e da EcoRodovias, empresa que controla quatro concession\u00e1rias de rodovias no Pa\u00eds, entre elas a [&hellip;]","og_url":"https:\/\/www.institutodeengenharia.org.br\/site\/2008\/04\/25\/regiao-tera-polo-logistico-de-r-100-mi\/","og_site_name":"Instituto de Engenharia","article_publisher":"https:\/\/www.facebook.com\/institutodeengenharia","article_published_time":"2008-04-25T21:49:29+00:00","author":"TMax Tecnologia","twitter_card":"summary_large_image","twitter_creator":"@iengenharia","twitter_site":"@iengenharia","twitter_misc":{"Escrito por":"TMax Tecnologia","Est. tempo de leitura":"2 minutos"},"schema":{"@context":"https:\/\/schema.org","@graph":[{"@type":"Article","@id":"https:\/\/www.institutodeengenharia.org.br\/site\/2008\/04\/25\/regiao-tera-polo-logistico-de-r-100-mi\/#article","isPartOf":{"@id":"https:\/\/www.institutodeengenharia.org.br\/site\/2008\/04\/25\/regiao-tera-polo-logistico-de-r-100-mi\/"},"author":{"name":"TMax Tecnologia","@id":"https:\/\/www.institutodeengenharia.org.br\/site\/#\/schema\/person\/3b1ff109facef084739fc2edcb9a127f"},"headline":"Regi\u00e3o ter\u00e1 p\u00f3lo log\u00edstico de R$ 100 mi","datePublished":"2008-04-25T21:49:29+00:00","mainEntityOfPage":{"@id":"https:\/\/www.institutodeengenharia.org.br\/site\/2008\/04\/25\/regiao-tera-polo-logistico-de-r-100-mi\/"},"wordCount":360,"commentCount":0,"publisher":{"@id":"https:\/\/www.institutodeengenharia.org.br\/site\/#organization"},"articleSection":["Not\u00edcias","Transportes"],"inLanguage":"pt-BR","potentialAction":[{"@type":"CommentAction","name":"Comment","target":["https:\/\/www.institutodeengenharia.org.br\/site\/2008\/04\/25\/regiao-tera-polo-logistico-de-r-100-mi\/#respond"]}]},{"@type":"WebPage","@id":"https:\/\/www.institutodeengenharia.org.br\/site\/2008\/04\/25\/regiao-tera-polo-logistico-de-r-100-mi\/","url":"https:\/\/www.institutodeengenharia.org.br\/site\/2008\/04\/25\/regiao-tera-polo-logistico-de-r-100-mi\/","name":"Regi\u00e3o ter\u00e1 p\u00f3lo log\u00edstico de R$ 100 mi - Instituto de Engenharia","isPartOf":{"@id":"https:\/\/www.institutodeengenharia.org.br\/site\/#website"},"datePublished":"2008-04-25T21:49:29+00:00","breadcrumb":{"@id":"https:\/\/www.institutodeengenharia.org.br\/site\/2008\/04\/25\/regiao-tera-polo-logistico-de-r-100-mi\/#breadcrumb"},"inLanguage":"pt-BR","potentialAction":[{"@type":"ReadAction","target":["https:\/\/www.institutodeengenharia.org.br\/site\/2008\/04\/25\/regiao-tera-polo-logistico-de-r-100-mi\/"]}]},{"@type":"BreadcrumbList","@id":"https:\/\/www.institutodeengenharia.org.br\/site\/2008\/04\/25\/regiao-tera-polo-logistico-de-r-100-mi\/#breadcrumb","itemListElement":[{"@type":"ListItem","position":1,"name":"In\u00edcio","item":"https:\/\/www.institutodeengenharia.org.br\/site\/"},{"@type":"ListItem","position":2,"name":"Regi\u00e3o ter\u00e1 p\u00f3lo log\u00edstico de R$ 100 mi"}]},{"@type":"WebSite","@id":"https:\/\/www.institutodeengenharia.org.br\/site\/#website","url":"https:\/\/www.institutodeengenharia.org.br\/site\/","name":"Instituto de Engenharia","description":"O Instituto de Engenharia promove a Engenharia em benef\u00edcio do desenvolvimento e da qualidade de vida da sociedade.","publisher":{"@id":"https:\/\/www.institutodeengenharia.org.br\/site\/#organization"},"potentialAction":[{"@type":"SearchAction","target":{"@type":"EntryPoint","urlTemplate":"https:\/\/www.institutodeengenharia.org.br\/site\/?s={search_term_string}"},"query-input":{"@type":"PropertyValueSpecification","valueRequired":true,"valueName":"search_term_string"}}],"inLanguage":"pt-BR"},{"@type":"Organization","@id":"https:\/\/www.institutodeengenharia.org.br\/site\/#organization","name":"Instituto de Engenharia","url":"https:\/\/www.institutodeengenharia.org.br\/site\/","logo":{"@type":"ImageObject","inLanguage":"pt-BR","@id":"https:\/\/www.institutodeengenharia.org.br\/site\/#\/schema\/logo\/image\/","url":"https:\/\/www.institutodeengenharia.org.br\/site\/wp-content\/uploads\/2019\/03\/logo-novo-IE2018-1.jpg","contentUrl":"https:\/\/www.institutodeengenharia.org.br\/site\/wp-content\/uploads\/2019\/03\/logo-novo-IE2018-1.jpg","width":1486,"height":1879,"caption":"Instituto de Engenharia"},"image":{"@id":"https:\/\/www.institutodeengenharia.org.br\/site\/#\/schema\/logo\/image\/"},"sameAs":["https:\/\/www.facebook.com\/institutodeengenharia","https:\/\/x.com\/iengenharia","https:\/\/www.instagram.com\/institutodeengenharia\/","https:\/\/www.linkedin.com\/company\/instituto-de-engenharia\/","https:\/\/www.youtube.com\/channel\/UCXiCAlsSMe977vamW915HxA"]},{"@type":"Person","@id":"https:\/\/www.institutodeengenharia.org.br\/site\/#\/schema\/person\/3b1ff109facef084739fc2edcb9a127f","name":"TMax Tecnologia","image":{"@type":"ImageObject","inLanguage":"pt-BR","@id":"https:\/\/secure.gravatar.com\/avatar\/f912434ef7f389c92cb311fcdae346af848465d638912574b3c669070f797701?s=96&d=mm&r=g","url":"https:\/\/secure.gravatar.com\/avatar\/f912434ef7f389c92cb311fcdae346af848465d638912574b3c669070f797701?s=96&d=mm&r=g","contentUrl":"https:\/\/secure.gravatar.com\/avatar\/f912434ef7f389c92cb311fcdae346af848465d638912574b3c669070f797701?s=96&d=mm&r=g","caption":"TMax Tecnologia"},"url":"https:\/\/www.institutodeengenharia.org.br\/site\/author\/tmax\/"}]}},"_links":{"self":[{"href":"https:\/\/www.institutodeengenharia.org.br\/site\/wp-json\/wp\/v2\/posts\/14692","targetHints":{"allow":["GET"]}}],"collection":[{"href":"https:\/\/www.institutodeengenharia.org.br\/site\/wp-json\/wp\/v2\/posts"}],"about":[{"href":"https:\/\/www.institutodeengenharia.org.br\/site\/wp-json\/wp\/v2\/types\/post"}],"author":[{"embeddable":true,"href":"https:\/\/www.institutodeengenharia.org.br\/site\/wp-json\/wp\/v2\/users\/1"}],"replies":[{"embeddable":true,"href":"https:\/\/www.institutodeengenharia.org.br\/site\/wp-json\/wp\/v2\/comments?post=14692"}],"version-history":[{"count":0,"href":"https:\/\/www.institutodeengenharia.org.br\/site\/wp-json\/wp\/v2\/posts\/14692\/revisions"}],"wp:attachment":[{"href":"https:\/\/www.institutodeengenharia.org.br\/site\/wp-json\/wp\/v2\/media?parent=14692"}],"wp:term":[{"taxonomy":"category","embeddable":true,"href":"https:\/\/www.institutodeengenharia.org.br\/site\/wp-json\/wp\/v2\/categories?post=14692"},{"taxonomy":"post_tag","embeddable":true,"href":"https:\/\/www.institutodeengenharia.org.br\/site\/wp-json\/wp\/v2\/tags?post=14692"}],"curies":[{"name":"wp","href":"https:\/\/api.w.org\/{rel}","templated":true}]}}