{"id":14691,"date":"2008-04-25T21:49:28","date_gmt":"2008-04-25T21:49:28","guid":{"rendered":"https:\/\/www.institutodeengenharia.org.br\/?p=14691"},"modified":"2008-04-25T13:48:17","modified_gmt":"2008-04-25T13:48:17","slug":"trem-expresso-deve-ficar-pronto-em-2010-diz-secretario","status":"publish","type":"post","link":"https:\/\/www.institutodeengenharia.org.br\/site\/2008\/04\/25\/trem-expresso-deve-ficar-pronto-em-2010-diz-secretario\/","title":{"rendered":"Trem expresso deve ficar pronto em 2010, diz secret\u00e1rio"},"content":{"rendered":"<p>O governo do Estado anunciou ontem um acordo para a constru\u00e7\u00e3o de uma linha de trem ligando a esta\u00e7\u00e3o da Luz (centro de SP) ao aeroporto de Cumbica, em Guarulhos, al\u00e9m de uma nova linha de metr\u00f4 que passar\u00e1 pelo aeroporto de Congonhas (zona sul de SP). <\/p>\n<p>A previs\u00e3o \u00e9 que as obras fiquem prontas em 2010, afirmou o secret\u00e1rio estadual de Transportes Metropolitanos, Jos\u00e9 Luiz Portella. Segundo ele, o acordo foi firmado ap\u00f3s um encontro do governador Jos\u00e9 Serra (PSDB) com o ministro da Defesa, Nelson Jobim. <\/p>\n<p>Pelo acordo, o governo federal ceder\u00e1 galp\u00f5es da Infraero para a constru\u00e7\u00e3o de um terminal de passageiros da linha de trem em Cumbica &#8211;batizada de Expresso Aeroporto&#8211; e arcar\u00e1 com parte do custo das obras do metr\u00f4 at\u00e9 Congonhas. <\/p>\n<p>O Expresso Aeroporto, que desde o ano passado \u00e9 defendido por Jobim como uma das alternativas para descongestionar o aeroporto de Congonhas, ser\u00e1 feito em concess\u00e3o \u00e0 iniciativa privada, que bancar\u00e1 parte da obra, comprar\u00e1 trens, construir\u00e1 os terminais e cuidar\u00e1 da opera\u00e7\u00e3o da linha. <\/p>\n<p>&#8220;O Minist\u00e9rio da Defesa vai autorizar a concess\u00e3o dos terminais da Infraero. Isso vai permitir soltar o edital bem pr\u00f3ximo, em dias, no m\u00e1ximo semanas&#8221;, disse Portella. <\/p>\n<p>O projeto aproveita parte dos trilhos j\u00e1 existentes da CPTM (Companhia Paulista de Trens Metropolitanos) e a obra de expans\u00e3o do trem at\u00e9 o Parque Cecap, em Guarulhos. <\/p>\n<p>O governo do Estado vai investir cerca de R$ 2 bilh\u00f5es na moderniza\u00e7\u00e3o e amplia\u00e7\u00e3o dessas linhas suburbanas de trem, beneficiando tamb\u00e9m o Expresso Aeroporto. Caber\u00e1 \u00e0 iniciativa privada concluir cerca de 9 km de trilhos entre a esta\u00e7\u00e3o Engenheiro Goulart (zona leste) e o aeroporto. <\/p>\n<p>Parte dos trilhos ser\u00e1 compartilhada, embora os trens para Cumbica sejam exclusivos dos passageiros, com tarifa diferenciada &#8211;o valor ser\u00e1 definido na licita\u00e7\u00e3o&#8211; e sem paradas. A previs\u00e3o \u00e9 que os 31 km sejam percorridos em 22 minutos. <\/p>\n<p>O projeto prev\u00ea que os passageiros que forem a Cumbica possam, inclusive, fazer check-in e despachar as malas j\u00e1 na esta\u00e7\u00e3o da Luz. Portella afirmou que em 2010 o Expresso Aeroporto deve iniciar a fase de testes para entrar em opera\u00e7\u00e3o. <\/p>\n<p>&#8220;Metr\u00f4 municipal&#8221; <\/p>\n<p>A liga\u00e7\u00e3o entre a esta\u00e7\u00e3o S\u00e3o Judas do metr\u00f4 e o aeroporto de Congonhas, outra medida anunciada ontem, far\u00e1 parte de uma nova linha de metr\u00f4 na zona sul. Ainda n\u00e3o est\u00e1 definido se essa linha ser\u00e1 de um metr\u00f4 tradicional ou de outro tipo de VLT (ve\u00edculo leve sobre trilhos), que Portella chama de &#8220;bonde chique&#8221;. <\/p>\n<p>Segundo ele, a Uni\u00e3o bancar\u00e1 parte dos R$ 200 milh\u00f5es necess\u00e1rios para a liga\u00e7\u00e3o entre a esta\u00e7\u00e3o S\u00e3o Judas e Congonhas. O restante ser\u00e1 custeado pelo Estado e pela prefeitura. <\/p>\n<p>O an\u00fancio de Portella, feito no in\u00edcio da tarde de ontem, pegou a equipe do prefeito Gilberto Kassab (DEM) desprevenida. Kassab havia programado para anunciar no dia 2 de maio a constru\u00e7\u00e3o da &#8220;linha municipal de metr\u00f4&#8221;, entre a esta\u00e7\u00e3o S\u00e3o Judas e a linha Esmeralda da CPTM, passando por Congonhas e pela futura esta\u00e7\u00e3o Campo Belo (linha 5-lil\u00e1s). <\/p>\n<p>A id\u00e9ia \u00e9 que a prefeitura fa\u00e7a o projeto e a obra da nova linha. Os recursos da prefeitura vir\u00e3o da Opera\u00e7\u00e3o Urbana \u00c1gua Espraiada, com a venda de Cepacs (Certificados de Potencial Adicional de Constru\u00e7\u00e3o). <\/p>\n<p>A previs\u00e3o \u00e9 que a linha custe R$ 1,2 bilh\u00e3o. A primeira etapa &#8211;1,2 km at\u00e9 Congonhas&#8211; custar\u00e1 R$ 200 milh\u00f5es. O projeto est\u00e1 a cargo de Marcos Kassab, diretor de Planejamento do Metr\u00f4 e irm\u00e3o do prefeito, em conjunto com a prefeitura. <\/p>\n<p>O Estado estima que a demanda nessa linha seja de 15 mil passageiros por hora em cada sentido, menos da metade da capacidade de transporte de um metr\u00f4 tradicional. Por isso \u00e9 que existe a possibilidade de ser instalado outro tipo de trem, de menor capacidade. <\/p>\n<p>No final da tarde de ontem, a assessoria de imprensa de Jobim confirmou o encontro do ministro com Serra, mas n\u00e3o informou o teor da conversa. <\/p>\n<p><b>Autor: Folha de S.Paulo &#8211; Evandro Spinelli<\/b><\/p>\n","protected":false},"excerpt":{"rendered":"<p>O governo do Estado anunciou ontem um acordo para a constru\u00e7\u00e3o de uma linha de trem ligando a esta\u00e7\u00e3o da Luz (centro de SP) ao aeroporto de Cumbica, em Guarulhos, al\u00e9m de uma nova linha de metr\u00f4 que passar\u00e1 pelo aeroporto de Congonhas (zona sul de SP). A previs\u00e3o \u00e9 que as obras fiquem prontas [&hellip;]<\/p>\n","protected":false},"author":1,"featured_media":0,"comment_status":"open","ping_status":"open","sticky":false,"template":"","format":"standard","meta":{"footnotes":""},"categories":[6,41],"tags":[],"class_list":{"0":"post-14691","1":"post","2":"type-post","3":"status-publish","4":"format-standard","6":"category-noticias","7":"category-transportes"},"yoast_head":"<!-- This site is optimized with the Yoast SEO plugin v27.2 - https:\/\/yoast.com\/product\/yoast-seo-wordpress\/ -->\n<title>Trem expresso deve ficar pronto em 2010, diz secret\u00e1rio - Instituto de Engenharia<\/title>\n<meta name=\"robots\" content=\"index, follow, max-snippet:-1, max-image-preview:large, max-video-preview:-1\" \/>\n<link rel=\"canonical\" href=\"https:\/\/www.institutodeengenharia.org.br\/site\/2008\/04\/25\/trem-expresso-deve-ficar-pronto-em-2010-diz-secretario\/\" \/>\n<meta property=\"og:locale\" content=\"pt_BR\" \/>\n<meta property=\"og:type\" content=\"article\" \/>\n<meta property=\"og:title\" content=\"Trem expresso deve ficar pronto em 2010, diz secret\u00e1rio - Instituto de Engenharia\" \/>\n<meta property=\"og:description\" content=\"O governo do Estado anunciou ontem um acordo para a constru\u00e7\u00e3o de uma linha de trem ligando a esta\u00e7\u00e3o da Luz (centro de SP) ao aeroporto de Cumbica, em Guarulhos, al\u00e9m de uma nova linha de metr\u00f4 que passar\u00e1 pelo aeroporto de Congonhas (zona sul de SP). A previs\u00e3o \u00e9 que as obras fiquem prontas [&hellip;]\" \/>\n<meta property=\"og:url\" content=\"https:\/\/www.institutodeengenharia.org.br\/site\/2008\/04\/25\/trem-expresso-deve-ficar-pronto-em-2010-diz-secretario\/\" \/>\n<meta property=\"og:site_name\" content=\"Instituto de Engenharia\" \/>\n<meta property=\"article:publisher\" content=\"https:\/\/www.facebook.com\/institutodeengenharia\" \/>\n<meta property=\"article:published_time\" content=\"2008-04-25T21:49:28+00:00\" \/>\n<meta name=\"author\" content=\"TMax Tecnologia\" \/>\n<meta name=\"twitter:card\" content=\"summary_large_image\" \/>\n<meta name=\"twitter:creator\" content=\"@iengenharia\" \/>\n<meta name=\"twitter:site\" content=\"@iengenharia\" \/>\n<meta name=\"twitter:label1\" content=\"Escrito por\" \/>\n\t<meta name=\"twitter:data1\" content=\"TMax Tecnologia\" \/>\n\t<meta name=\"twitter:label2\" content=\"Est. tempo de leitura\" \/>\n\t<meta name=\"twitter:data2\" content=\"3 minutos\" \/>\n<script type=\"application\/ld+json\" class=\"yoast-schema-graph\">{\"@context\":\"https:\/\/schema.org\",\"@graph\":[{\"@type\":\"Article\",\"@id\":\"https:\/\/www.institutodeengenharia.org.br\/site\/2008\/04\/25\/trem-expresso-deve-ficar-pronto-em-2010-diz-secretario\/#article\",\"isPartOf\":{\"@id\":\"https:\/\/www.institutodeengenharia.org.br\/site\/2008\/04\/25\/trem-expresso-deve-ficar-pronto-em-2010-diz-secretario\/\"},\"author\":{\"name\":\"TMax Tecnologia\",\"@id\":\"https:\/\/www.institutodeengenharia.org.br\/site\/#\/schema\/person\/3b1ff109facef084739fc2edcb9a127f\"},\"headline\":\"Trem expresso deve ficar pronto em 2010, diz secret\u00e1rio\",\"datePublished\":\"2008-04-25T21:49:28+00:00\",\"mainEntityOfPage\":{\"@id\":\"https:\/\/www.institutodeengenharia.org.br\/site\/2008\/04\/25\/trem-expresso-deve-ficar-pronto-em-2010-diz-secretario\/\"},\"wordCount\":701,\"commentCount\":0,\"publisher\":{\"@id\":\"https:\/\/www.institutodeengenharia.org.br\/site\/#organization\"},\"articleSection\":[\"Not\u00edcias\",\"Transportes\"],\"inLanguage\":\"pt-BR\",\"potentialAction\":[{\"@type\":\"CommentAction\",\"name\":\"Comment\",\"target\":[\"https:\/\/www.institutodeengenharia.org.br\/site\/2008\/04\/25\/trem-expresso-deve-ficar-pronto-em-2010-diz-secretario\/#respond\"]}]},{\"@type\":\"WebPage\",\"@id\":\"https:\/\/www.institutodeengenharia.org.br\/site\/2008\/04\/25\/trem-expresso-deve-ficar-pronto-em-2010-diz-secretario\/\",\"url\":\"https:\/\/www.institutodeengenharia.org.br\/site\/2008\/04\/25\/trem-expresso-deve-ficar-pronto-em-2010-diz-secretario\/\",\"name\":\"Trem expresso deve ficar pronto em 2010, diz secret\u00e1rio - Instituto de Engenharia\",\"isPartOf\":{\"@id\":\"https:\/\/www.institutodeengenharia.org.br\/site\/#website\"},\"datePublished\":\"2008-04-25T21:49:28+00:00\",\"breadcrumb\":{\"@id\":\"https:\/\/www.institutodeengenharia.org.br\/site\/2008\/04\/25\/trem-expresso-deve-ficar-pronto-em-2010-diz-secretario\/#breadcrumb\"},\"inLanguage\":\"pt-BR\",\"potentialAction\":[{\"@type\":\"ReadAction\",\"target\":[\"https:\/\/www.institutodeengenharia.org.br\/site\/2008\/04\/25\/trem-expresso-deve-ficar-pronto-em-2010-diz-secretario\/\"]}]},{\"@type\":\"BreadcrumbList\",\"@id\":\"https:\/\/www.institutodeengenharia.org.br\/site\/2008\/04\/25\/trem-expresso-deve-ficar-pronto-em-2010-diz-secretario\/#breadcrumb\",\"itemListElement\":[{\"@type\":\"ListItem\",\"position\":1,\"name\":\"In\u00edcio\",\"item\":\"https:\/\/www.institutodeengenharia.org.br\/site\/\"},{\"@type\":\"ListItem\",\"position\":2,\"name\":\"Trem expresso deve ficar pronto em 2010, diz secret\u00e1rio\"}]},{\"@type\":\"WebSite\",\"@id\":\"https:\/\/www.institutodeengenharia.org.br\/site\/#website\",\"url\":\"https:\/\/www.institutodeengenharia.org.br\/site\/\",\"name\":\"Instituto de Engenharia\",\"description\":\"O Instituto de Engenharia promove a Engenharia em benef\u00edcio do desenvolvimento e da qualidade de vida da sociedade.\",\"publisher\":{\"@id\":\"https:\/\/www.institutodeengenharia.org.br\/site\/#organization\"},\"potentialAction\":[{\"@type\":\"SearchAction\",\"target\":{\"@type\":\"EntryPoint\",\"urlTemplate\":\"https:\/\/www.institutodeengenharia.org.br\/site\/?s={search_term_string}\"},\"query-input\":{\"@type\":\"PropertyValueSpecification\",\"valueRequired\":true,\"valueName\":\"search_term_string\"}}],\"inLanguage\":\"pt-BR\"},{\"@type\":\"Organization\",\"@id\":\"https:\/\/www.institutodeengenharia.org.br\/site\/#organization\",\"name\":\"Instituto de Engenharia\",\"url\":\"https:\/\/www.institutodeengenharia.org.br\/site\/\",\"logo\":{\"@type\":\"ImageObject\",\"inLanguage\":\"pt-BR\",\"@id\":\"https:\/\/www.institutodeengenharia.org.br\/site\/#\/schema\/logo\/image\/\",\"url\":\"https:\/\/www.institutodeengenharia.org.br\/site\/wp-content\/uploads\/2019\/03\/logo-novo-IE2018-1.jpg\",\"contentUrl\":\"https:\/\/www.institutodeengenharia.org.br\/site\/wp-content\/uploads\/2019\/03\/logo-novo-IE2018-1.jpg\",\"width\":1486,\"height\":1879,\"caption\":\"Instituto de Engenharia\"},\"image\":{\"@id\":\"https:\/\/www.institutodeengenharia.org.br\/site\/#\/schema\/logo\/image\/\"},\"sameAs\":[\"https:\/\/www.facebook.com\/institutodeengenharia\",\"https:\/\/x.com\/iengenharia\",\"https:\/\/www.instagram.com\/institutodeengenharia\/\",\"https:\/\/www.linkedin.com\/company\/instituto-de-engenharia\/\",\"https:\/\/www.youtube.com\/channel\/UCXiCAlsSMe977vamW915HxA\"]},{\"@type\":\"Person\",\"@id\":\"https:\/\/www.institutodeengenharia.org.br\/site\/#\/schema\/person\/3b1ff109facef084739fc2edcb9a127f\",\"name\":\"TMax Tecnologia\",\"image\":{\"@type\":\"ImageObject\",\"inLanguage\":\"pt-BR\",\"@id\":\"https:\/\/secure.gravatar.com\/avatar\/f912434ef7f389c92cb311fcdae346af848465d638912574b3c669070f797701?s=96&d=mm&r=g\",\"url\":\"https:\/\/secure.gravatar.com\/avatar\/f912434ef7f389c92cb311fcdae346af848465d638912574b3c669070f797701?s=96&d=mm&r=g\",\"contentUrl\":\"https:\/\/secure.gravatar.com\/avatar\/f912434ef7f389c92cb311fcdae346af848465d638912574b3c669070f797701?s=96&d=mm&r=g\",\"caption\":\"TMax Tecnologia\"},\"url\":\"https:\/\/www.institutodeengenharia.org.br\/site\/author\/tmax\/\"}]}<\/script>\n<!-- \/ Yoast SEO plugin. -->","yoast_head_json":{"title":"Trem expresso deve ficar pronto em 2010, diz secret\u00e1rio - Instituto de Engenharia","robots":{"index":"index","follow":"follow","max-snippet":"max-snippet:-1","max-image-preview":"max-image-preview:large","max-video-preview":"max-video-preview:-1"},"canonical":"https:\/\/www.institutodeengenharia.org.br\/site\/2008\/04\/25\/trem-expresso-deve-ficar-pronto-em-2010-diz-secretario\/","og_locale":"pt_BR","og_type":"article","og_title":"Trem expresso deve ficar pronto em 2010, diz secret\u00e1rio - Instituto de Engenharia","og_description":"O governo do Estado anunciou ontem um acordo para a constru\u00e7\u00e3o de uma linha de trem ligando a esta\u00e7\u00e3o da Luz (centro de SP) ao aeroporto de Cumbica, em Guarulhos, al\u00e9m de uma nova linha de metr\u00f4 que passar\u00e1 pelo aeroporto de Congonhas (zona sul de SP). A previs\u00e3o \u00e9 que as obras fiquem prontas [&hellip;]","og_url":"https:\/\/www.institutodeengenharia.org.br\/site\/2008\/04\/25\/trem-expresso-deve-ficar-pronto-em-2010-diz-secretario\/","og_site_name":"Instituto de Engenharia","article_publisher":"https:\/\/www.facebook.com\/institutodeengenharia","article_published_time":"2008-04-25T21:49:28+00:00","author":"TMax Tecnologia","twitter_card":"summary_large_image","twitter_creator":"@iengenharia","twitter_site":"@iengenharia","twitter_misc":{"Escrito por":"TMax Tecnologia","Est. tempo de leitura":"3 minutos"},"schema":{"@context":"https:\/\/schema.org","@graph":[{"@type":"Article","@id":"https:\/\/www.institutodeengenharia.org.br\/site\/2008\/04\/25\/trem-expresso-deve-ficar-pronto-em-2010-diz-secretario\/#article","isPartOf":{"@id":"https:\/\/www.institutodeengenharia.org.br\/site\/2008\/04\/25\/trem-expresso-deve-ficar-pronto-em-2010-diz-secretario\/"},"author":{"name":"TMax Tecnologia","@id":"https:\/\/www.institutodeengenharia.org.br\/site\/#\/schema\/person\/3b1ff109facef084739fc2edcb9a127f"},"headline":"Trem expresso deve ficar pronto em 2010, diz secret\u00e1rio","datePublished":"2008-04-25T21:49:28+00:00","mainEntityOfPage":{"@id":"https:\/\/www.institutodeengenharia.org.br\/site\/2008\/04\/25\/trem-expresso-deve-ficar-pronto-em-2010-diz-secretario\/"},"wordCount":701,"commentCount":0,"publisher":{"@id":"https:\/\/www.institutodeengenharia.org.br\/site\/#organization"},"articleSection":["Not\u00edcias","Transportes"],"inLanguage":"pt-BR","potentialAction":[{"@type":"CommentAction","name":"Comment","target":["https:\/\/www.institutodeengenharia.org.br\/site\/2008\/04\/25\/trem-expresso-deve-ficar-pronto-em-2010-diz-secretario\/#respond"]}]},{"@type":"WebPage","@id":"https:\/\/www.institutodeengenharia.org.br\/site\/2008\/04\/25\/trem-expresso-deve-ficar-pronto-em-2010-diz-secretario\/","url":"https:\/\/www.institutodeengenharia.org.br\/site\/2008\/04\/25\/trem-expresso-deve-ficar-pronto-em-2010-diz-secretario\/","name":"Trem expresso deve ficar pronto em 2010, diz secret\u00e1rio - Instituto de Engenharia","isPartOf":{"@id":"https:\/\/www.institutodeengenharia.org.br\/site\/#website"},"datePublished":"2008-04-25T21:49:28+00:00","breadcrumb":{"@id":"https:\/\/www.institutodeengenharia.org.br\/site\/2008\/04\/25\/trem-expresso-deve-ficar-pronto-em-2010-diz-secretario\/#breadcrumb"},"inLanguage":"pt-BR","potentialAction":[{"@type":"ReadAction","target":["https:\/\/www.institutodeengenharia.org.br\/site\/2008\/04\/25\/trem-expresso-deve-ficar-pronto-em-2010-diz-secretario\/"]}]},{"@type":"BreadcrumbList","@id":"https:\/\/www.institutodeengenharia.org.br\/site\/2008\/04\/25\/trem-expresso-deve-ficar-pronto-em-2010-diz-secretario\/#breadcrumb","itemListElement":[{"@type":"ListItem","position":1,"name":"In\u00edcio","item":"https:\/\/www.institutodeengenharia.org.br\/site\/"},{"@type":"ListItem","position":2,"name":"Trem expresso deve ficar pronto em 2010, diz secret\u00e1rio"}]},{"@type":"WebSite","@id":"https:\/\/www.institutodeengenharia.org.br\/site\/#website","url":"https:\/\/www.institutodeengenharia.org.br\/site\/","name":"Instituto de Engenharia","description":"O Instituto de Engenharia promove a Engenharia em benef\u00edcio do desenvolvimento e da qualidade de vida da sociedade.","publisher":{"@id":"https:\/\/www.institutodeengenharia.org.br\/site\/#organization"},"potentialAction":[{"@type":"SearchAction","target":{"@type":"EntryPoint","urlTemplate":"https:\/\/www.institutodeengenharia.org.br\/site\/?s={search_term_string}"},"query-input":{"@type":"PropertyValueSpecification","valueRequired":true,"valueName":"search_term_string"}}],"inLanguage":"pt-BR"},{"@type":"Organization","@id":"https:\/\/www.institutodeengenharia.org.br\/site\/#organization","name":"Instituto de Engenharia","url":"https:\/\/www.institutodeengenharia.org.br\/site\/","logo":{"@type":"ImageObject","inLanguage":"pt-BR","@id":"https:\/\/www.institutodeengenharia.org.br\/site\/#\/schema\/logo\/image\/","url":"https:\/\/www.institutodeengenharia.org.br\/site\/wp-content\/uploads\/2019\/03\/logo-novo-IE2018-1.jpg","contentUrl":"https:\/\/www.institutodeengenharia.org.br\/site\/wp-content\/uploads\/2019\/03\/logo-novo-IE2018-1.jpg","width":1486,"height":1879,"caption":"Instituto de Engenharia"},"image":{"@id":"https:\/\/www.institutodeengenharia.org.br\/site\/#\/schema\/logo\/image\/"},"sameAs":["https:\/\/www.facebook.com\/institutodeengenharia","https:\/\/x.com\/iengenharia","https:\/\/www.instagram.com\/institutodeengenharia\/","https:\/\/www.linkedin.com\/company\/instituto-de-engenharia\/","https:\/\/www.youtube.com\/channel\/UCXiCAlsSMe977vamW915HxA"]},{"@type":"Person","@id":"https:\/\/www.institutodeengenharia.org.br\/site\/#\/schema\/person\/3b1ff109facef084739fc2edcb9a127f","name":"TMax Tecnologia","image":{"@type":"ImageObject","inLanguage":"pt-BR","@id":"https:\/\/secure.gravatar.com\/avatar\/f912434ef7f389c92cb311fcdae346af848465d638912574b3c669070f797701?s=96&d=mm&r=g","url":"https:\/\/secure.gravatar.com\/avatar\/f912434ef7f389c92cb311fcdae346af848465d638912574b3c669070f797701?s=96&d=mm&r=g","contentUrl":"https:\/\/secure.gravatar.com\/avatar\/f912434ef7f389c92cb311fcdae346af848465d638912574b3c669070f797701?s=96&d=mm&r=g","caption":"TMax Tecnologia"},"url":"https:\/\/www.institutodeengenharia.org.br\/site\/author\/tmax\/"}]}},"_links":{"self":[{"href":"https:\/\/www.institutodeengenharia.org.br\/site\/wp-json\/wp\/v2\/posts\/14691","targetHints":{"allow":["GET"]}}],"collection":[{"href":"https:\/\/www.institutodeengenharia.org.br\/site\/wp-json\/wp\/v2\/posts"}],"about":[{"href":"https:\/\/www.institutodeengenharia.org.br\/site\/wp-json\/wp\/v2\/types\/post"}],"author":[{"embeddable":true,"href":"https:\/\/www.institutodeengenharia.org.br\/site\/wp-json\/wp\/v2\/users\/1"}],"replies":[{"embeddable":true,"href":"https:\/\/www.institutodeengenharia.org.br\/site\/wp-json\/wp\/v2\/comments?post=14691"}],"version-history":[{"count":0,"href":"https:\/\/www.institutodeengenharia.org.br\/site\/wp-json\/wp\/v2\/posts\/14691\/revisions"}],"wp:attachment":[{"href":"https:\/\/www.institutodeengenharia.org.br\/site\/wp-json\/wp\/v2\/media?parent=14691"}],"wp:term":[{"taxonomy":"category","embeddable":true,"href":"https:\/\/www.institutodeengenharia.org.br\/site\/wp-json\/wp\/v2\/categories?post=14691"},{"taxonomy":"post_tag","embeddable":true,"href":"https:\/\/www.institutodeengenharia.org.br\/site\/wp-json\/wp\/v2\/tags?post=14691"}],"curies":[{"name":"wp","href":"https:\/\/api.w.org\/{rel}","templated":true}]}}