{"id":14684,"date":"2008-04-24T21:49:20","date_gmt":"2008-04-24T21:49:20","guid":{"rendered":"https:\/\/www.institutodeengenharia.org.br\/?p=14684"},"modified":"2008-04-24T15:42:54","modified_gmt":"2008-04-24T15:42:54","slug":"conferencia-internacional-discute-tendencias-da-reciclagem-de-residuos-da-construcao-civil","status":"publish","type":"post","link":"https:\/\/www.institutodeengenharia.org.br\/site\/2008\/04\/24\/conferencia-internacional-discute-tendencias-da-reciclagem-de-residuos-da-construcao-civil\/","title":{"rendered":"Confer\u00eancia internacional discute tend\u00eancias da reciclagem de res\u00edduos da constru\u00e7\u00e3o civil"},"content":{"rendered":"<p>As principais tend\u00eancias de reciclagem de res\u00edduos de constru\u00e7\u00e3o civil e de demoli\u00e7\u00e3o ser\u00e3o discutidas durante a Confer\u00eancia sobre Res\u00edduos de Constru\u00e7\u00e3o e Demoli\u00e7\u00e3o (RCD) como Material de Constru\u00e7\u00e3o, evento que ser\u00e1 realizado em S\u00e3o Paulo, no dia 28 de abril, nas depend\u00eancias da Escola Polit\u00e9cnica da Universidade de S\u00e3o Paulo (Poli-USP).\u00a0<\/p>\n<p>Ser\u00e3o apresentados pesquisas e estudos da It\u00e1lia, Holanda, Espanha, Portugal e Brasil sobre os mais variados aspectos da reciclagem de RCD \u2013 desde as tend\u00eancias de beneficiamento at\u00e9 o impacto ambiental gerado pela atividade. O evento \u00e9 organizado Uni\u00e3o Internacional de Laborat\u00f3rios e Especialistas em Materiais de Constru\u00e7\u00e3o, Sistemas e Estruturas (Rilem), pela Poli e pelo Instituto de Pesquisas Tecnol\u00f3gicas (IPT).\u00a0<\/p>\n<p>Durante a Confer\u00eancia, tamb\u00e9m ser\u00e1 apresentada uma tecnologia para aproveitamento de res\u00edduos de constru\u00e7\u00e3o civil e demoli\u00e7\u00e3o (RCD) 50% mais barata e com consumo de energia 80% menor. Trata-se de um m\u00e9todo inovador que foi desenvolvido por pesquisadores da Poli, do Centro de Tecnologia Mineral (Cetem) e da Universidade Federal de Alagoas (UFAL).\u00a0<\/p>\n<p>Servi\u00e7o: A Confer\u00eancia sobre Res\u00edduos de Constru\u00e7\u00e3o e Demoli\u00e7\u00e3o (RCD) como Material de Constru\u00e7\u00e3o ser\u00e1 realizada no dia 28 de abril, das 8h30 \u00e0s 17h00, no audit\u00f3rio \u201cProf. Francisco Romeu Landi\u201d, do pr\u00e9dio da Administra\u00e7\u00e3o da Poli (Avenida Prof. Luciano Gualberto, travessa 3, n\u00ba 380, Cidade Universit\u00e1ria, S\u00e3o Paulo).\u00a0<\/p>\n<p>Mais informa\u00e7\u00f5es sobre o evento: http:\/\/rcd08.pcc.usp.br\/. <\/p>\n<p><b>Autor: Assessoria de Imprensa Dpto Eng. Const.Civil Poli<\/b><\/p>\n","protected":false},"excerpt":{"rendered":"<p>As principais tend\u00eancias de reciclagem de res\u00edduos de constru\u00e7\u00e3o civil e de demoli\u00e7\u00e3o ser\u00e3o discutidas durante a Confer\u00eancia sobre Res\u00edduos de Constru\u00e7\u00e3o e Demoli\u00e7\u00e3o (RCD) como Material de Constru\u00e7\u00e3o, evento que ser\u00e1 realizado em S\u00e3o Paulo, no dia 28 de abril, nas depend\u00eancias da Escola Polit\u00e9cnica da Universidade de S\u00e3o Paulo (Poli-USP).\u00a0 Ser\u00e3o apresentados pesquisas [&hellip;]<\/p>\n","protected":false},"author":1,"featured_media":0,"comment_status":"open","ping_status":"open","sticky":false,"template":"","format":"standard","meta":{"footnotes":""},"categories":[31,6],"tags":[],"class_list":{"0":"post-14684","1":"post","2":"type-post","3":"status-publish","4":"format-standard","6":"category-meio-ambiente","7":"category-noticias"},"yoast_head":"<!-- This site is optimized with the Yoast SEO plugin v27.2 - https:\/\/yoast.com\/product\/yoast-seo-wordpress\/ -->\n<title>Confer\u00eancia internacional discute tend\u00eancias da reciclagem de res\u00edduos da constru\u00e7\u00e3o civil - Instituto de Engenharia<\/title>\n<meta name=\"robots\" content=\"index, follow, max-snippet:-1, max-image-preview:large, max-video-preview:-1\" \/>\n<link rel=\"canonical\" href=\"https:\/\/www.institutodeengenharia.org.br\/site\/2008\/04\/24\/conferencia-internacional-discute-tendencias-da-reciclagem-de-residuos-da-construcao-civil\/\" \/>\n<meta property=\"og:locale\" content=\"pt_BR\" \/>\n<meta property=\"og:type\" content=\"article\" \/>\n<meta property=\"og:title\" content=\"Confer\u00eancia internacional discute tend\u00eancias da reciclagem de res\u00edduos da constru\u00e7\u00e3o civil - Instituto de Engenharia\" \/>\n<meta property=\"og:description\" content=\"As principais tend\u00eancias de reciclagem de res\u00edduos de constru\u00e7\u00e3o civil e de demoli\u00e7\u00e3o ser\u00e3o discutidas durante a Confer\u00eancia sobre Res\u00edduos de Constru\u00e7\u00e3o e Demoli\u00e7\u00e3o (RCD) como Material de Constru\u00e7\u00e3o, evento que ser\u00e1 realizado em S\u00e3o Paulo, no dia 28 de abril, nas depend\u00eancias da Escola Polit\u00e9cnica da Universidade de S\u00e3o Paulo (Poli-USP).\u00a0 Ser\u00e3o apresentados pesquisas [&hellip;]\" \/>\n<meta property=\"og:url\" content=\"https:\/\/www.institutodeengenharia.org.br\/site\/2008\/04\/24\/conferencia-internacional-discute-tendencias-da-reciclagem-de-residuos-da-construcao-civil\/\" \/>\n<meta property=\"og:site_name\" content=\"Instituto de Engenharia\" \/>\n<meta property=\"article:publisher\" content=\"https:\/\/www.facebook.com\/institutodeengenharia\" \/>\n<meta property=\"article:published_time\" content=\"2008-04-24T21:49:20+00:00\" \/>\n<meta name=\"author\" content=\"TMax Tecnologia\" \/>\n<meta name=\"twitter:card\" content=\"summary_large_image\" \/>\n<meta name=\"twitter:creator\" content=\"@iengenharia\" \/>\n<meta name=\"twitter:site\" content=\"@iengenharia\" \/>\n<meta name=\"twitter:label1\" content=\"Escrito por\" \/>\n\t<meta name=\"twitter:data1\" content=\"TMax Tecnologia\" \/>\n\t<meta name=\"twitter:label2\" content=\"Est. tempo de leitura\" \/>\n\t<meta name=\"twitter:data2\" content=\"1 minuto\" \/>\n<script type=\"application\/ld+json\" class=\"yoast-schema-graph\">{\"@context\":\"https:\/\/schema.org\",\"@graph\":[{\"@type\":\"Article\",\"@id\":\"https:\/\/www.institutodeengenharia.org.br\/site\/2008\/04\/24\/conferencia-internacional-discute-tendencias-da-reciclagem-de-residuos-da-construcao-civil\/#article\",\"isPartOf\":{\"@id\":\"https:\/\/www.institutodeengenharia.org.br\/site\/2008\/04\/24\/conferencia-internacional-discute-tendencias-da-reciclagem-de-residuos-da-construcao-civil\/\"},\"author\":{\"name\":\"TMax Tecnologia\",\"@id\":\"https:\/\/www.institutodeengenharia.org.br\/site\/#\/schema\/person\/3b1ff109facef084739fc2edcb9a127f\"},\"headline\":\"Confer\u00eancia internacional discute tend\u00eancias da reciclagem de res\u00edduos da constru\u00e7\u00e3o civil\",\"datePublished\":\"2008-04-24T21:49:20+00:00\",\"mainEntityOfPage\":{\"@id\":\"https:\/\/www.institutodeengenharia.org.br\/site\/2008\/04\/24\/conferencia-internacional-discute-tendencias-da-reciclagem-de-residuos-da-construcao-civil\/\"},\"wordCount\":280,\"commentCount\":0,\"publisher\":{\"@id\":\"https:\/\/www.institutodeengenharia.org.br\/site\/#organization\"},\"articleSection\":[\"Meio Ambiente\",\"Not\u00edcias\"],\"inLanguage\":\"pt-BR\",\"potentialAction\":[{\"@type\":\"CommentAction\",\"name\":\"Comment\",\"target\":[\"https:\/\/www.institutodeengenharia.org.br\/site\/2008\/04\/24\/conferencia-internacional-discute-tendencias-da-reciclagem-de-residuos-da-construcao-civil\/#respond\"]}]},{\"@type\":\"WebPage\",\"@id\":\"https:\/\/www.institutodeengenharia.org.br\/site\/2008\/04\/24\/conferencia-internacional-discute-tendencias-da-reciclagem-de-residuos-da-construcao-civil\/\",\"url\":\"https:\/\/www.institutodeengenharia.org.br\/site\/2008\/04\/24\/conferencia-internacional-discute-tendencias-da-reciclagem-de-residuos-da-construcao-civil\/\",\"name\":\"Confer\u00eancia internacional discute tend\u00eancias da reciclagem de res\u00edduos da constru\u00e7\u00e3o civil - Instituto de Engenharia\",\"isPartOf\":{\"@id\":\"https:\/\/www.institutodeengenharia.org.br\/site\/#website\"},\"datePublished\":\"2008-04-24T21:49:20+00:00\",\"breadcrumb\":{\"@id\":\"https:\/\/www.institutodeengenharia.org.br\/site\/2008\/04\/24\/conferencia-internacional-discute-tendencias-da-reciclagem-de-residuos-da-construcao-civil\/#breadcrumb\"},\"inLanguage\":\"pt-BR\",\"potentialAction\":[{\"@type\":\"ReadAction\",\"target\":[\"https:\/\/www.institutodeengenharia.org.br\/site\/2008\/04\/24\/conferencia-internacional-discute-tendencias-da-reciclagem-de-residuos-da-construcao-civil\/\"]}]},{\"@type\":\"BreadcrumbList\",\"@id\":\"https:\/\/www.institutodeengenharia.org.br\/site\/2008\/04\/24\/conferencia-internacional-discute-tendencias-da-reciclagem-de-residuos-da-construcao-civil\/#breadcrumb\",\"itemListElement\":[{\"@type\":\"ListItem\",\"position\":1,\"name\":\"In\u00edcio\",\"item\":\"https:\/\/www.institutodeengenharia.org.br\/site\/\"},{\"@type\":\"ListItem\",\"position\":2,\"name\":\"Confer\u00eancia internacional discute tend\u00eancias da reciclagem de res\u00edduos da constru\u00e7\u00e3o civil\"}]},{\"@type\":\"WebSite\",\"@id\":\"https:\/\/www.institutodeengenharia.org.br\/site\/#website\",\"url\":\"https:\/\/www.institutodeengenharia.org.br\/site\/\",\"name\":\"Instituto de Engenharia\",\"description\":\"O Instituto de Engenharia promove a Engenharia em benef\u00edcio do desenvolvimento e da qualidade de vida da sociedade.\",\"publisher\":{\"@id\":\"https:\/\/www.institutodeengenharia.org.br\/site\/#organization\"},\"potentialAction\":[{\"@type\":\"SearchAction\",\"target\":{\"@type\":\"EntryPoint\",\"urlTemplate\":\"https:\/\/www.institutodeengenharia.org.br\/site\/?s={search_term_string}\"},\"query-input\":{\"@type\":\"PropertyValueSpecification\",\"valueRequired\":true,\"valueName\":\"search_term_string\"}}],\"inLanguage\":\"pt-BR\"},{\"@type\":\"Organization\",\"@id\":\"https:\/\/www.institutodeengenharia.org.br\/site\/#organization\",\"name\":\"Instituto de Engenharia\",\"url\":\"https:\/\/www.institutodeengenharia.org.br\/site\/\",\"logo\":{\"@type\":\"ImageObject\",\"inLanguage\":\"pt-BR\",\"@id\":\"https:\/\/www.institutodeengenharia.org.br\/site\/#\/schema\/logo\/image\/\",\"url\":\"https:\/\/www.institutodeengenharia.org.br\/site\/wp-content\/uploads\/2019\/03\/logo-novo-IE2018-1.jpg\",\"contentUrl\":\"https:\/\/www.institutodeengenharia.org.br\/site\/wp-content\/uploads\/2019\/03\/logo-novo-IE2018-1.jpg\",\"width\":1486,\"height\":1879,\"caption\":\"Instituto de Engenharia\"},\"image\":{\"@id\":\"https:\/\/www.institutodeengenharia.org.br\/site\/#\/schema\/logo\/image\/\"},\"sameAs\":[\"https:\/\/www.facebook.com\/institutodeengenharia\",\"https:\/\/x.com\/iengenharia\",\"https:\/\/www.instagram.com\/institutodeengenharia\/\",\"https:\/\/www.linkedin.com\/company\/instituto-de-engenharia\/\",\"https:\/\/www.youtube.com\/channel\/UCXiCAlsSMe977vamW915HxA\"]},{\"@type\":\"Person\",\"@id\":\"https:\/\/www.institutodeengenharia.org.br\/site\/#\/schema\/person\/3b1ff109facef084739fc2edcb9a127f\",\"name\":\"TMax Tecnologia\",\"image\":{\"@type\":\"ImageObject\",\"inLanguage\":\"pt-BR\",\"@id\":\"https:\/\/secure.gravatar.com\/avatar\/f912434ef7f389c92cb311fcdae346af848465d638912574b3c669070f797701?s=96&d=mm&r=g\",\"url\":\"https:\/\/secure.gravatar.com\/avatar\/f912434ef7f389c92cb311fcdae346af848465d638912574b3c669070f797701?s=96&d=mm&r=g\",\"contentUrl\":\"https:\/\/secure.gravatar.com\/avatar\/f912434ef7f389c92cb311fcdae346af848465d638912574b3c669070f797701?s=96&d=mm&r=g\",\"caption\":\"TMax Tecnologia\"},\"url\":\"https:\/\/www.institutodeengenharia.org.br\/site\/author\/tmax\/\"}]}<\/script>\n<!-- \/ Yoast SEO plugin. -->","yoast_head_json":{"title":"Confer\u00eancia internacional discute tend\u00eancias da reciclagem de res\u00edduos da constru\u00e7\u00e3o civil - Instituto de Engenharia","robots":{"index":"index","follow":"follow","max-snippet":"max-snippet:-1","max-image-preview":"max-image-preview:large","max-video-preview":"max-video-preview:-1"},"canonical":"https:\/\/www.institutodeengenharia.org.br\/site\/2008\/04\/24\/conferencia-internacional-discute-tendencias-da-reciclagem-de-residuos-da-construcao-civil\/","og_locale":"pt_BR","og_type":"article","og_title":"Confer\u00eancia internacional discute tend\u00eancias da reciclagem de res\u00edduos da constru\u00e7\u00e3o civil - Instituto de Engenharia","og_description":"As principais tend\u00eancias de reciclagem de res\u00edduos de constru\u00e7\u00e3o civil e de demoli\u00e7\u00e3o ser\u00e3o discutidas durante a Confer\u00eancia sobre Res\u00edduos de Constru\u00e7\u00e3o e Demoli\u00e7\u00e3o (RCD) como Material de Constru\u00e7\u00e3o, evento que ser\u00e1 realizado em S\u00e3o Paulo, no dia 28 de abril, nas depend\u00eancias da Escola Polit\u00e9cnica da Universidade de S\u00e3o Paulo (Poli-USP).\u00a0 Ser\u00e3o apresentados pesquisas [&hellip;]","og_url":"https:\/\/www.institutodeengenharia.org.br\/site\/2008\/04\/24\/conferencia-internacional-discute-tendencias-da-reciclagem-de-residuos-da-construcao-civil\/","og_site_name":"Instituto de Engenharia","article_publisher":"https:\/\/www.facebook.com\/institutodeengenharia","article_published_time":"2008-04-24T21:49:20+00:00","author":"TMax Tecnologia","twitter_card":"summary_large_image","twitter_creator":"@iengenharia","twitter_site":"@iengenharia","twitter_misc":{"Escrito por":"TMax Tecnologia","Est. tempo de leitura":"1 minuto"},"schema":{"@context":"https:\/\/schema.org","@graph":[{"@type":"Article","@id":"https:\/\/www.institutodeengenharia.org.br\/site\/2008\/04\/24\/conferencia-internacional-discute-tendencias-da-reciclagem-de-residuos-da-construcao-civil\/#article","isPartOf":{"@id":"https:\/\/www.institutodeengenharia.org.br\/site\/2008\/04\/24\/conferencia-internacional-discute-tendencias-da-reciclagem-de-residuos-da-construcao-civil\/"},"author":{"name":"TMax Tecnologia","@id":"https:\/\/www.institutodeengenharia.org.br\/site\/#\/schema\/person\/3b1ff109facef084739fc2edcb9a127f"},"headline":"Confer\u00eancia internacional discute tend\u00eancias da reciclagem de res\u00edduos da constru\u00e7\u00e3o civil","datePublished":"2008-04-24T21:49:20+00:00","mainEntityOfPage":{"@id":"https:\/\/www.institutodeengenharia.org.br\/site\/2008\/04\/24\/conferencia-internacional-discute-tendencias-da-reciclagem-de-residuos-da-construcao-civil\/"},"wordCount":280,"commentCount":0,"publisher":{"@id":"https:\/\/www.institutodeengenharia.org.br\/site\/#organization"},"articleSection":["Meio Ambiente","Not\u00edcias"],"inLanguage":"pt-BR","potentialAction":[{"@type":"CommentAction","name":"Comment","target":["https:\/\/www.institutodeengenharia.org.br\/site\/2008\/04\/24\/conferencia-internacional-discute-tendencias-da-reciclagem-de-residuos-da-construcao-civil\/#respond"]}]},{"@type":"WebPage","@id":"https:\/\/www.institutodeengenharia.org.br\/site\/2008\/04\/24\/conferencia-internacional-discute-tendencias-da-reciclagem-de-residuos-da-construcao-civil\/","url":"https:\/\/www.institutodeengenharia.org.br\/site\/2008\/04\/24\/conferencia-internacional-discute-tendencias-da-reciclagem-de-residuos-da-construcao-civil\/","name":"Confer\u00eancia internacional discute tend\u00eancias da reciclagem de res\u00edduos da constru\u00e7\u00e3o civil - Instituto de Engenharia","isPartOf":{"@id":"https:\/\/www.institutodeengenharia.org.br\/site\/#website"},"datePublished":"2008-04-24T21:49:20+00:00","breadcrumb":{"@id":"https:\/\/www.institutodeengenharia.org.br\/site\/2008\/04\/24\/conferencia-internacional-discute-tendencias-da-reciclagem-de-residuos-da-construcao-civil\/#breadcrumb"},"inLanguage":"pt-BR","potentialAction":[{"@type":"ReadAction","target":["https:\/\/www.institutodeengenharia.org.br\/site\/2008\/04\/24\/conferencia-internacional-discute-tendencias-da-reciclagem-de-residuos-da-construcao-civil\/"]}]},{"@type":"BreadcrumbList","@id":"https:\/\/www.institutodeengenharia.org.br\/site\/2008\/04\/24\/conferencia-internacional-discute-tendencias-da-reciclagem-de-residuos-da-construcao-civil\/#breadcrumb","itemListElement":[{"@type":"ListItem","position":1,"name":"In\u00edcio","item":"https:\/\/www.institutodeengenharia.org.br\/site\/"},{"@type":"ListItem","position":2,"name":"Confer\u00eancia internacional discute tend\u00eancias da reciclagem de res\u00edduos da constru\u00e7\u00e3o civil"}]},{"@type":"WebSite","@id":"https:\/\/www.institutodeengenharia.org.br\/site\/#website","url":"https:\/\/www.institutodeengenharia.org.br\/site\/","name":"Instituto de Engenharia","description":"O Instituto de Engenharia promove a Engenharia em benef\u00edcio do desenvolvimento e da qualidade de vida da sociedade.","publisher":{"@id":"https:\/\/www.institutodeengenharia.org.br\/site\/#organization"},"potentialAction":[{"@type":"SearchAction","target":{"@type":"EntryPoint","urlTemplate":"https:\/\/www.institutodeengenharia.org.br\/site\/?s={search_term_string}"},"query-input":{"@type":"PropertyValueSpecification","valueRequired":true,"valueName":"search_term_string"}}],"inLanguage":"pt-BR"},{"@type":"Organization","@id":"https:\/\/www.institutodeengenharia.org.br\/site\/#organization","name":"Instituto de Engenharia","url":"https:\/\/www.institutodeengenharia.org.br\/site\/","logo":{"@type":"ImageObject","inLanguage":"pt-BR","@id":"https:\/\/www.institutodeengenharia.org.br\/site\/#\/schema\/logo\/image\/","url":"https:\/\/www.institutodeengenharia.org.br\/site\/wp-content\/uploads\/2019\/03\/logo-novo-IE2018-1.jpg","contentUrl":"https:\/\/www.institutodeengenharia.org.br\/site\/wp-content\/uploads\/2019\/03\/logo-novo-IE2018-1.jpg","width":1486,"height":1879,"caption":"Instituto de Engenharia"},"image":{"@id":"https:\/\/www.institutodeengenharia.org.br\/site\/#\/schema\/logo\/image\/"},"sameAs":["https:\/\/www.facebook.com\/institutodeengenharia","https:\/\/x.com\/iengenharia","https:\/\/www.instagram.com\/institutodeengenharia\/","https:\/\/www.linkedin.com\/company\/instituto-de-engenharia\/","https:\/\/www.youtube.com\/channel\/UCXiCAlsSMe977vamW915HxA"]},{"@type":"Person","@id":"https:\/\/www.institutodeengenharia.org.br\/site\/#\/schema\/person\/3b1ff109facef084739fc2edcb9a127f","name":"TMax Tecnologia","image":{"@type":"ImageObject","inLanguage":"pt-BR","@id":"https:\/\/secure.gravatar.com\/avatar\/f912434ef7f389c92cb311fcdae346af848465d638912574b3c669070f797701?s=96&d=mm&r=g","url":"https:\/\/secure.gravatar.com\/avatar\/f912434ef7f389c92cb311fcdae346af848465d638912574b3c669070f797701?s=96&d=mm&r=g","contentUrl":"https:\/\/secure.gravatar.com\/avatar\/f912434ef7f389c92cb311fcdae346af848465d638912574b3c669070f797701?s=96&d=mm&r=g","caption":"TMax Tecnologia"},"url":"https:\/\/www.institutodeengenharia.org.br\/site\/author\/tmax\/"}]}},"_links":{"self":[{"href":"https:\/\/www.institutodeengenharia.org.br\/site\/wp-json\/wp\/v2\/posts\/14684","targetHints":{"allow":["GET"]}}],"collection":[{"href":"https:\/\/www.institutodeengenharia.org.br\/site\/wp-json\/wp\/v2\/posts"}],"about":[{"href":"https:\/\/www.institutodeengenharia.org.br\/site\/wp-json\/wp\/v2\/types\/post"}],"author":[{"embeddable":true,"href":"https:\/\/www.institutodeengenharia.org.br\/site\/wp-json\/wp\/v2\/users\/1"}],"replies":[{"embeddable":true,"href":"https:\/\/www.institutodeengenharia.org.br\/site\/wp-json\/wp\/v2\/comments?post=14684"}],"version-history":[{"count":0,"href":"https:\/\/www.institutodeengenharia.org.br\/site\/wp-json\/wp\/v2\/posts\/14684\/revisions"}],"wp:attachment":[{"href":"https:\/\/www.institutodeengenharia.org.br\/site\/wp-json\/wp\/v2\/media?parent=14684"}],"wp:term":[{"taxonomy":"category","embeddable":true,"href":"https:\/\/www.institutodeengenharia.org.br\/site\/wp-json\/wp\/v2\/categories?post=14684"},{"taxonomy":"post_tag","embeddable":true,"href":"https:\/\/www.institutodeengenharia.org.br\/site\/wp-json\/wp\/v2\/tags?post=14684"}],"curies":[{"name":"wp","href":"https:\/\/api.w.org\/{rel}","templated":true}]}}