{"id":14677,"date":"2008-04-24T21:49:14","date_gmt":"2008-04-24T21:49:14","guid":{"rendered":"https:\/\/www.institutodeengenharia.org.br\/?p=14677"},"modified":"2008-04-24T09:35:14","modified_gmt":"2008-04-24T09:35:14","slug":"saneamento-e-a-macrometropole-paulista-serao-os-assuntos-da-serie-de-seminarios-corealizados-pelo-instituto-de-engenharia","status":"publish","type":"post","link":"https:\/\/www.institutodeengenharia.org.br\/site\/2008\/04\/24\/saneamento-e-a-macrometropole-paulista-serao-os-assuntos-da-serie-de-seminarios-corealizados-pelo-instituto-de-engenharia\/","title":{"rendered":"Saneamento e a Macrometr\u00f3pole Paulista ser\u00e3o os assuntos da s\u00e9rie de semin\u00e1rios co-realizados pelo Instituto de Engenharia"},"content":{"rendered":"<p>Entre os meses de maio e setembro, o Instituto de Engenharia, por meio de suas Divis\u00f5es T\u00e9cnicas, co-realizar\u00e1 uma s\u00e9rie de semin\u00e1rios que ter\u00e3o como foco o saneamento no contexto da cidade de S\u00e3o Paulo.\u00a0<\/p>\n<p>Os encontros fazem parte do evento \u201cAno Internacional do Saneamento e a Macrometr\u00f3pole Paulista\u201d e conta com as parcerias da Associa\u00e7\u00e3o Brasileira de Engenharia Sanit\u00e1ria e Ambiental\/Se\u00e7\u00e3o S\u00e3o Paulo \u2013 ABES\/SP, da Associa\u00e7\u00e3o dos Engenheiros da SABESP &#8211; AESABESP, do Sindicato de Arquitetura e Engenharia &#8211; SINAENCO,da Associa\u00e7\u00e3o Paulista de Empresas de Consultoria em Saneamento \u2013 APECS e do Sindicato Nacional das Ind\u00fastrias de Equipamentos para Saneamento B\u00e1sico \u2013 SINDESAM.\u00a0<\/p>\n<p>Os temas descritos a seguir foram escolhidos com base no cen\u00e1rio atual das cidades, que v\u00eam crescendo desordenadamente. Esse cen\u00e1rio levou \u00e0 dificuldade de acesso \u00e0 \u00e1gua de boa qualidade, falta de tratamento de esgoto, disposi\u00e7\u00e3o inadequada de res\u00edduos s\u00f3lidos domiciliares e, conseq\u00fcentemente, a contamina\u00e7\u00e3o do solo e da \u00e1gua subterr\u00e2nea, entre outros problemas que afetam a popula\u00e7\u00e3o brasileira. <\/p>\n<p>Os tr\u00eas primeiros e o \u00faltimo\u00a0semin\u00e1rio acontecer\u00e3o na sede do Instituto de Engenharia, nos dias 19 de maio,\u00a0dois de junho,\u00a011 de agosto e 17 a 19 de setembro e\u00a0abordar\u00e3o, respectivamente, os seguintes temas:\u00a0<\/p>\n<p><a href=\"http:\/\/ie.org.br\/site\/evento.php?id_sessao=2&#038;id_evento=212\"><em>Qualidade da \u00e1gua no Estado de S\u00e3o Paulo<\/em>;<\/a>\u00a0<\/p>\n<p><a href=\"http:\/\/ie.org.br\/site\/evento.php?id_sessao=2&#038;id_evento=214\"><em>\u00c1gua para abastecimento p\u00fablico na Regi\u00e3o Metropolitana de S\u00e3o Paulo<\/em>,\u00a0<\/p>\n<p><\/a><em><a href=\"javascript:void(0);\/*1209416332343*\/\">Gest\u00e3o de Res\u00edduos S\u00f3lidos Urbano,<br \/>\n<\/a><br \/>\n<a href=\"http:\/\/ie.org.br\/site\/evento.php?id_sessao=2&#038;id_evento=215\">Tratamento e disposi\u00e7\u00e3o final de lodos de esta\u00e7\u00f5es de tratamento de \u00e1gua.<\/a><\/em><\/p>\n<p>O pen\u00faltimo semin\u00e1rio ser\u00e1 em 20 de agosto, no Pavilh\u00e3o Amarelo do Expo Center Norte. O tema em foco ser\u00e1 <em>Tratamento de Esgoto Sanit\u00e1rio<\/em>. <\/p>\n<p><b>Autor: Isabel Dianin<\/b><\/p>\n","protected":false},"excerpt":{"rendered":"<p>Entre os meses de maio e setembro, o Instituto de Engenharia, por meio de suas Divis\u00f5es T\u00e9cnicas, co-realizar\u00e1 uma s\u00e9rie de semin\u00e1rios que ter\u00e3o como foco o saneamento no contexto da cidade de S\u00e3o Paulo.\u00a0 Os encontros fazem parte do evento \u201cAno Internacional do Saneamento e a Macrometr\u00f3pole Paulista\u201d e conta com as parcerias da [&hellip;]<\/p>\n","protected":false},"author":1,"featured_media":0,"comment_status":"open","ping_status":"open","sticky":false,"template":"","format":"standard","meta":{"footnotes":""},"categories":[27,6],"tags":[],"class_list":{"0":"post-14677","1":"post","2":"type-post","3":"status-publish","4":"format-standard","6":"category-instituto-de-engenharia","7":"category-noticias"},"yoast_head":"<!-- This site is optimized with the Yoast SEO plugin v27.2 - https:\/\/yoast.com\/product\/yoast-seo-wordpress\/ -->\n<title>Saneamento e a Macrometr\u00f3pole Paulista ser\u00e3o os assuntos da s\u00e9rie de semin\u00e1rios co-realizados pelo Instituto de Engenharia - Instituto de Engenharia<\/title>\n<meta name=\"robots\" content=\"index, follow, max-snippet:-1, max-image-preview:large, max-video-preview:-1\" \/>\n<link rel=\"canonical\" href=\"https:\/\/www.institutodeengenharia.org.br\/site\/2008\/04\/24\/saneamento-e-a-macrometropole-paulista-serao-os-assuntos-da-serie-de-seminarios-corealizados-pelo-instituto-de-engenharia\/\" \/>\n<meta property=\"og:locale\" content=\"pt_BR\" \/>\n<meta property=\"og:type\" content=\"article\" \/>\n<meta property=\"og:title\" content=\"Saneamento e a Macrometr\u00f3pole Paulista ser\u00e3o os assuntos da s\u00e9rie de semin\u00e1rios co-realizados pelo Instituto de Engenharia - Instituto de Engenharia\" \/>\n<meta property=\"og:description\" content=\"Entre os meses de maio e setembro, o Instituto de Engenharia, por meio de suas Divis\u00f5es T\u00e9cnicas, co-realizar\u00e1 uma s\u00e9rie de semin\u00e1rios que ter\u00e3o como foco o saneamento no contexto da cidade de S\u00e3o Paulo.\u00a0 Os encontros fazem parte do evento \u201cAno Internacional do Saneamento e a Macrometr\u00f3pole Paulista\u201d e conta com as parcerias da [&hellip;]\" \/>\n<meta property=\"og:url\" content=\"https:\/\/www.institutodeengenharia.org.br\/site\/2008\/04\/24\/saneamento-e-a-macrometropole-paulista-serao-os-assuntos-da-serie-de-seminarios-corealizados-pelo-instituto-de-engenharia\/\" \/>\n<meta property=\"og:site_name\" content=\"Instituto de Engenharia\" \/>\n<meta property=\"article:publisher\" content=\"https:\/\/www.facebook.com\/institutodeengenharia\" \/>\n<meta property=\"article:published_time\" content=\"2008-04-24T21:49:14+00:00\" \/>\n<meta name=\"author\" content=\"TMax Tecnologia\" \/>\n<meta name=\"twitter:card\" content=\"summary_large_image\" \/>\n<meta name=\"twitter:creator\" content=\"@iengenharia\" \/>\n<meta name=\"twitter:site\" content=\"@iengenharia\" \/>\n<meta name=\"twitter:label1\" content=\"Escrito por\" \/>\n\t<meta name=\"twitter:data1\" content=\"TMax Tecnologia\" \/>\n\t<meta name=\"twitter:label2\" content=\"Est. tempo de leitura\" \/>\n\t<meta name=\"twitter:data2\" content=\"1 minuto\" \/>\n<script type=\"application\/ld+json\" class=\"yoast-schema-graph\">{\"@context\":\"https:\/\/schema.org\",\"@graph\":[{\"@type\":\"Article\",\"@id\":\"https:\/\/www.institutodeengenharia.org.br\/site\/2008\/04\/24\/saneamento-e-a-macrometropole-paulista-serao-os-assuntos-da-serie-de-seminarios-corealizados-pelo-instituto-de-engenharia\/#article\",\"isPartOf\":{\"@id\":\"https:\/\/www.institutodeengenharia.org.br\/site\/2008\/04\/24\/saneamento-e-a-macrometropole-paulista-serao-os-assuntos-da-serie-de-seminarios-corealizados-pelo-instituto-de-engenharia\/\"},\"author\":{\"name\":\"TMax Tecnologia\",\"@id\":\"https:\/\/www.institutodeengenharia.org.br\/site\/#\/schema\/person\/3b1ff109facef084739fc2edcb9a127f\"},\"headline\":\"Saneamento e a Macrometr\u00f3pole Paulista ser\u00e3o os assuntos da s\u00e9rie de semin\u00e1rios co-realizados pelo Instituto de Engenharia\",\"datePublished\":\"2008-04-24T21:49:14+00:00\",\"mainEntityOfPage\":{\"@id\":\"https:\/\/www.institutodeengenharia.org.br\/site\/2008\/04\/24\/saneamento-e-a-macrometropole-paulista-serao-os-assuntos-da-serie-de-seminarios-corealizados-pelo-instituto-de-engenharia\/\"},\"wordCount\":319,\"commentCount\":0,\"publisher\":{\"@id\":\"https:\/\/www.institutodeengenharia.org.br\/site\/#organization\"},\"articleSection\":[\"Instituto de Engenharia\",\"Not\u00edcias\"],\"inLanguage\":\"pt-BR\",\"potentialAction\":[{\"@type\":\"CommentAction\",\"name\":\"Comment\",\"target\":[\"https:\/\/www.institutodeengenharia.org.br\/site\/2008\/04\/24\/saneamento-e-a-macrometropole-paulista-serao-os-assuntos-da-serie-de-seminarios-corealizados-pelo-instituto-de-engenharia\/#respond\"]}]},{\"@type\":\"WebPage\",\"@id\":\"https:\/\/www.institutodeengenharia.org.br\/site\/2008\/04\/24\/saneamento-e-a-macrometropole-paulista-serao-os-assuntos-da-serie-de-seminarios-corealizados-pelo-instituto-de-engenharia\/\",\"url\":\"https:\/\/www.institutodeengenharia.org.br\/site\/2008\/04\/24\/saneamento-e-a-macrometropole-paulista-serao-os-assuntos-da-serie-de-seminarios-corealizados-pelo-instituto-de-engenharia\/\",\"name\":\"Saneamento e a Macrometr\u00f3pole Paulista ser\u00e3o os assuntos da s\u00e9rie de semin\u00e1rios co-realizados pelo Instituto de Engenharia - Instituto de Engenharia\",\"isPartOf\":{\"@id\":\"https:\/\/www.institutodeengenharia.org.br\/site\/#website\"},\"datePublished\":\"2008-04-24T21:49:14+00:00\",\"breadcrumb\":{\"@id\":\"https:\/\/www.institutodeengenharia.org.br\/site\/2008\/04\/24\/saneamento-e-a-macrometropole-paulista-serao-os-assuntos-da-serie-de-seminarios-corealizados-pelo-instituto-de-engenharia\/#breadcrumb\"},\"inLanguage\":\"pt-BR\",\"potentialAction\":[{\"@type\":\"ReadAction\",\"target\":[\"https:\/\/www.institutodeengenharia.org.br\/site\/2008\/04\/24\/saneamento-e-a-macrometropole-paulista-serao-os-assuntos-da-serie-de-seminarios-corealizados-pelo-instituto-de-engenharia\/\"]}]},{\"@type\":\"BreadcrumbList\",\"@id\":\"https:\/\/www.institutodeengenharia.org.br\/site\/2008\/04\/24\/saneamento-e-a-macrometropole-paulista-serao-os-assuntos-da-serie-de-seminarios-corealizados-pelo-instituto-de-engenharia\/#breadcrumb\",\"itemListElement\":[{\"@type\":\"ListItem\",\"position\":1,\"name\":\"In\u00edcio\",\"item\":\"https:\/\/www.institutodeengenharia.org.br\/site\/\"},{\"@type\":\"ListItem\",\"position\":2,\"name\":\"Saneamento e a Macrometr\u00f3pole Paulista ser\u00e3o os assuntos da s\u00e9rie de semin\u00e1rios co-realizados pelo Instituto de Engenharia\"}]},{\"@type\":\"WebSite\",\"@id\":\"https:\/\/www.institutodeengenharia.org.br\/site\/#website\",\"url\":\"https:\/\/www.institutodeengenharia.org.br\/site\/\",\"name\":\"Instituto de Engenharia\",\"description\":\"O Instituto de Engenharia promove a Engenharia em benef\u00edcio do desenvolvimento e da qualidade de vida da sociedade.\",\"publisher\":{\"@id\":\"https:\/\/www.institutodeengenharia.org.br\/site\/#organization\"},\"potentialAction\":[{\"@type\":\"SearchAction\",\"target\":{\"@type\":\"EntryPoint\",\"urlTemplate\":\"https:\/\/www.institutodeengenharia.org.br\/site\/?s={search_term_string}\"},\"query-input\":{\"@type\":\"PropertyValueSpecification\",\"valueRequired\":true,\"valueName\":\"search_term_string\"}}],\"inLanguage\":\"pt-BR\"},{\"@type\":\"Organization\",\"@id\":\"https:\/\/www.institutodeengenharia.org.br\/site\/#organization\",\"name\":\"Instituto de Engenharia\",\"url\":\"https:\/\/www.institutodeengenharia.org.br\/site\/\",\"logo\":{\"@type\":\"ImageObject\",\"inLanguage\":\"pt-BR\",\"@id\":\"https:\/\/www.institutodeengenharia.org.br\/site\/#\/schema\/logo\/image\/\",\"url\":\"https:\/\/www.institutodeengenharia.org.br\/site\/wp-content\/uploads\/2019\/03\/logo-novo-IE2018-1.jpg\",\"contentUrl\":\"https:\/\/www.institutodeengenharia.org.br\/site\/wp-content\/uploads\/2019\/03\/logo-novo-IE2018-1.jpg\",\"width\":1486,\"height\":1879,\"caption\":\"Instituto de Engenharia\"},\"image\":{\"@id\":\"https:\/\/www.institutodeengenharia.org.br\/site\/#\/schema\/logo\/image\/\"},\"sameAs\":[\"https:\/\/www.facebook.com\/institutodeengenharia\",\"https:\/\/x.com\/iengenharia\",\"https:\/\/www.instagram.com\/institutodeengenharia\/\",\"https:\/\/www.linkedin.com\/company\/instituto-de-engenharia\/\",\"https:\/\/www.youtube.com\/channel\/UCXiCAlsSMe977vamW915HxA\"]},{\"@type\":\"Person\",\"@id\":\"https:\/\/www.institutodeengenharia.org.br\/site\/#\/schema\/person\/3b1ff109facef084739fc2edcb9a127f\",\"name\":\"TMax Tecnologia\",\"image\":{\"@type\":\"ImageObject\",\"inLanguage\":\"pt-BR\",\"@id\":\"https:\/\/secure.gravatar.com\/avatar\/f912434ef7f389c92cb311fcdae346af848465d638912574b3c669070f797701?s=96&d=mm&r=g\",\"url\":\"https:\/\/secure.gravatar.com\/avatar\/f912434ef7f389c92cb311fcdae346af848465d638912574b3c669070f797701?s=96&d=mm&r=g\",\"contentUrl\":\"https:\/\/secure.gravatar.com\/avatar\/f912434ef7f389c92cb311fcdae346af848465d638912574b3c669070f797701?s=96&d=mm&r=g\",\"caption\":\"TMax Tecnologia\"},\"url\":\"https:\/\/www.institutodeengenharia.org.br\/site\/author\/tmax\/\"}]}<\/script>\n<!-- \/ Yoast SEO plugin. -->","yoast_head_json":{"title":"Saneamento e a Macrometr\u00f3pole Paulista ser\u00e3o os assuntos da s\u00e9rie de semin\u00e1rios co-realizados pelo Instituto de Engenharia - Instituto de Engenharia","robots":{"index":"index","follow":"follow","max-snippet":"max-snippet:-1","max-image-preview":"max-image-preview:large","max-video-preview":"max-video-preview:-1"},"canonical":"https:\/\/www.institutodeengenharia.org.br\/site\/2008\/04\/24\/saneamento-e-a-macrometropole-paulista-serao-os-assuntos-da-serie-de-seminarios-corealizados-pelo-instituto-de-engenharia\/","og_locale":"pt_BR","og_type":"article","og_title":"Saneamento e a Macrometr\u00f3pole Paulista ser\u00e3o os assuntos da s\u00e9rie de semin\u00e1rios co-realizados pelo Instituto de Engenharia - Instituto de Engenharia","og_description":"Entre os meses de maio e setembro, o Instituto de Engenharia, por meio de suas Divis\u00f5es T\u00e9cnicas, co-realizar\u00e1 uma s\u00e9rie de semin\u00e1rios que ter\u00e3o como foco o saneamento no contexto da cidade de S\u00e3o Paulo.\u00a0 Os encontros fazem parte do evento \u201cAno Internacional do Saneamento e a Macrometr\u00f3pole Paulista\u201d e conta com as parcerias da [&hellip;]","og_url":"https:\/\/www.institutodeengenharia.org.br\/site\/2008\/04\/24\/saneamento-e-a-macrometropole-paulista-serao-os-assuntos-da-serie-de-seminarios-corealizados-pelo-instituto-de-engenharia\/","og_site_name":"Instituto de Engenharia","article_publisher":"https:\/\/www.facebook.com\/institutodeengenharia","article_published_time":"2008-04-24T21:49:14+00:00","author":"TMax Tecnologia","twitter_card":"summary_large_image","twitter_creator":"@iengenharia","twitter_site":"@iengenharia","twitter_misc":{"Escrito por":"TMax Tecnologia","Est. tempo de leitura":"1 minuto"},"schema":{"@context":"https:\/\/schema.org","@graph":[{"@type":"Article","@id":"https:\/\/www.institutodeengenharia.org.br\/site\/2008\/04\/24\/saneamento-e-a-macrometropole-paulista-serao-os-assuntos-da-serie-de-seminarios-corealizados-pelo-instituto-de-engenharia\/#article","isPartOf":{"@id":"https:\/\/www.institutodeengenharia.org.br\/site\/2008\/04\/24\/saneamento-e-a-macrometropole-paulista-serao-os-assuntos-da-serie-de-seminarios-corealizados-pelo-instituto-de-engenharia\/"},"author":{"name":"TMax Tecnologia","@id":"https:\/\/www.institutodeengenharia.org.br\/site\/#\/schema\/person\/3b1ff109facef084739fc2edcb9a127f"},"headline":"Saneamento e a Macrometr\u00f3pole Paulista ser\u00e3o os assuntos da s\u00e9rie de semin\u00e1rios co-realizados pelo Instituto de Engenharia","datePublished":"2008-04-24T21:49:14+00:00","mainEntityOfPage":{"@id":"https:\/\/www.institutodeengenharia.org.br\/site\/2008\/04\/24\/saneamento-e-a-macrometropole-paulista-serao-os-assuntos-da-serie-de-seminarios-corealizados-pelo-instituto-de-engenharia\/"},"wordCount":319,"commentCount":0,"publisher":{"@id":"https:\/\/www.institutodeengenharia.org.br\/site\/#organization"},"articleSection":["Instituto de Engenharia","Not\u00edcias"],"inLanguage":"pt-BR","potentialAction":[{"@type":"CommentAction","name":"Comment","target":["https:\/\/www.institutodeengenharia.org.br\/site\/2008\/04\/24\/saneamento-e-a-macrometropole-paulista-serao-os-assuntos-da-serie-de-seminarios-corealizados-pelo-instituto-de-engenharia\/#respond"]}]},{"@type":"WebPage","@id":"https:\/\/www.institutodeengenharia.org.br\/site\/2008\/04\/24\/saneamento-e-a-macrometropole-paulista-serao-os-assuntos-da-serie-de-seminarios-corealizados-pelo-instituto-de-engenharia\/","url":"https:\/\/www.institutodeengenharia.org.br\/site\/2008\/04\/24\/saneamento-e-a-macrometropole-paulista-serao-os-assuntos-da-serie-de-seminarios-corealizados-pelo-instituto-de-engenharia\/","name":"Saneamento e a Macrometr\u00f3pole Paulista ser\u00e3o os assuntos da s\u00e9rie de semin\u00e1rios co-realizados pelo Instituto de Engenharia - Instituto de Engenharia","isPartOf":{"@id":"https:\/\/www.institutodeengenharia.org.br\/site\/#website"},"datePublished":"2008-04-24T21:49:14+00:00","breadcrumb":{"@id":"https:\/\/www.institutodeengenharia.org.br\/site\/2008\/04\/24\/saneamento-e-a-macrometropole-paulista-serao-os-assuntos-da-serie-de-seminarios-corealizados-pelo-instituto-de-engenharia\/#breadcrumb"},"inLanguage":"pt-BR","potentialAction":[{"@type":"ReadAction","target":["https:\/\/www.institutodeengenharia.org.br\/site\/2008\/04\/24\/saneamento-e-a-macrometropole-paulista-serao-os-assuntos-da-serie-de-seminarios-corealizados-pelo-instituto-de-engenharia\/"]}]},{"@type":"BreadcrumbList","@id":"https:\/\/www.institutodeengenharia.org.br\/site\/2008\/04\/24\/saneamento-e-a-macrometropole-paulista-serao-os-assuntos-da-serie-de-seminarios-corealizados-pelo-instituto-de-engenharia\/#breadcrumb","itemListElement":[{"@type":"ListItem","position":1,"name":"In\u00edcio","item":"https:\/\/www.institutodeengenharia.org.br\/site\/"},{"@type":"ListItem","position":2,"name":"Saneamento e a Macrometr\u00f3pole Paulista ser\u00e3o os assuntos da s\u00e9rie de semin\u00e1rios co-realizados pelo Instituto de Engenharia"}]},{"@type":"WebSite","@id":"https:\/\/www.institutodeengenharia.org.br\/site\/#website","url":"https:\/\/www.institutodeengenharia.org.br\/site\/","name":"Instituto de Engenharia","description":"O Instituto de Engenharia promove a Engenharia em benef\u00edcio do desenvolvimento e da qualidade de vida da sociedade.","publisher":{"@id":"https:\/\/www.institutodeengenharia.org.br\/site\/#organization"},"potentialAction":[{"@type":"SearchAction","target":{"@type":"EntryPoint","urlTemplate":"https:\/\/www.institutodeengenharia.org.br\/site\/?s={search_term_string}"},"query-input":{"@type":"PropertyValueSpecification","valueRequired":true,"valueName":"search_term_string"}}],"inLanguage":"pt-BR"},{"@type":"Organization","@id":"https:\/\/www.institutodeengenharia.org.br\/site\/#organization","name":"Instituto de Engenharia","url":"https:\/\/www.institutodeengenharia.org.br\/site\/","logo":{"@type":"ImageObject","inLanguage":"pt-BR","@id":"https:\/\/www.institutodeengenharia.org.br\/site\/#\/schema\/logo\/image\/","url":"https:\/\/www.institutodeengenharia.org.br\/site\/wp-content\/uploads\/2019\/03\/logo-novo-IE2018-1.jpg","contentUrl":"https:\/\/www.institutodeengenharia.org.br\/site\/wp-content\/uploads\/2019\/03\/logo-novo-IE2018-1.jpg","width":1486,"height":1879,"caption":"Instituto de Engenharia"},"image":{"@id":"https:\/\/www.institutodeengenharia.org.br\/site\/#\/schema\/logo\/image\/"},"sameAs":["https:\/\/www.facebook.com\/institutodeengenharia","https:\/\/x.com\/iengenharia","https:\/\/www.instagram.com\/institutodeengenharia\/","https:\/\/www.linkedin.com\/company\/instituto-de-engenharia\/","https:\/\/www.youtube.com\/channel\/UCXiCAlsSMe977vamW915HxA"]},{"@type":"Person","@id":"https:\/\/www.institutodeengenharia.org.br\/site\/#\/schema\/person\/3b1ff109facef084739fc2edcb9a127f","name":"TMax Tecnologia","image":{"@type":"ImageObject","inLanguage":"pt-BR","@id":"https:\/\/secure.gravatar.com\/avatar\/f912434ef7f389c92cb311fcdae346af848465d638912574b3c669070f797701?s=96&d=mm&r=g","url":"https:\/\/secure.gravatar.com\/avatar\/f912434ef7f389c92cb311fcdae346af848465d638912574b3c669070f797701?s=96&d=mm&r=g","contentUrl":"https:\/\/secure.gravatar.com\/avatar\/f912434ef7f389c92cb311fcdae346af848465d638912574b3c669070f797701?s=96&d=mm&r=g","caption":"TMax Tecnologia"},"url":"https:\/\/www.institutodeengenharia.org.br\/site\/author\/tmax\/"}]}},"_links":{"self":[{"href":"https:\/\/www.institutodeengenharia.org.br\/site\/wp-json\/wp\/v2\/posts\/14677","targetHints":{"allow":["GET"]}}],"collection":[{"href":"https:\/\/www.institutodeengenharia.org.br\/site\/wp-json\/wp\/v2\/posts"}],"about":[{"href":"https:\/\/www.institutodeengenharia.org.br\/site\/wp-json\/wp\/v2\/types\/post"}],"author":[{"embeddable":true,"href":"https:\/\/www.institutodeengenharia.org.br\/site\/wp-json\/wp\/v2\/users\/1"}],"replies":[{"embeddable":true,"href":"https:\/\/www.institutodeengenharia.org.br\/site\/wp-json\/wp\/v2\/comments?post=14677"}],"version-history":[{"count":0,"href":"https:\/\/www.institutodeengenharia.org.br\/site\/wp-json\/wp\/v2\/posts\/14677\/revisions"}],"wp:attachment":[{"href":"https:\/\/www.institutodeengenharia.org.br\/site\/wp-json\/wp\/v2\/media?parent=14677"}],"wp:term":[{"taxonomy":"category","embeddable":true,"href":"https:\/\/www.institutodeengenharia.org.br\/site\/wp-json\/wp\/v2\/categories?post=14677"},{"taxonomy":"post_tag","embeddable":true,"href":"https:\/\/www.institutodeengenharia.org.br\/site\/wp-json\/wp\/v2\/tags?post=14677"}],"curies":[{"name":"wp","href":"https:\/\/api.w.org\/{rel}","templated":true}]}}