{"id":14672,"date":"2008-04-22T21:49:08","date_gmt":"2008-04-22T21:49:08","guid":{"rendered":"https:\/\/www.institutodeengenharia.org.br\/?p=14672"},"modified":"2008-04-22T16:05:25","modified_gmt":"2008-04-22T16:05:25","slug":"conferencia-internacional-vai-apresentar-perspectivas-do-uso-dos-residuos-de-construcao-e-demolicao","status":"publish","type":"post","link":"https:\/\/www.institutodeengenharia.org.br\/site\/2008\/04\/22\/conferencia-internacional-vai-apresentar-perspectivas-do-uso-dos-residuos-de-construcao-e-demolicao\/","title":{"rendered":"Confer\u00eancia internacional vai apresentar perspectivas do uso dos res\u00edduos de constru\u00e7\u00e3o e demoli\u00e7\u00e3o"},"content":{"rendered":"<p>No dia 28 de abril acontece em s\u00e3o Paulo, no audit\u00f3rio do edif\u00edcio M\u00e1rio Covas, na Cidade Universit\u00e1ria, a confer\u00eancia RCD (Res\u00edduos de Constru\u00e7\u00e3o e Demoli\u00e7\u00e3o)como material de constru\u00e7\u00e3o. <\/p>\n<p>O evento surge num momento de investimento em constru\u00e7\u00e3o sustent\u00e1vel pelo mercado nacional. Com isso, a demanda por agregados reciclados tende a aumentar. Em outros pa\u00edses, a reciclagem do res\u00edduo de constru\u00e7\u00e3o e demoli\u00e7\u00e3o j\u00e1 tem tecnologia de processamento parcialmente consolidada, caso da Alemanha, Su\u00ed\u00e7a e Holanda.\u00a0<\/p>\n<p>Da\u00ed a inten\u00e7\u00e3o do evento, de apresentar uma perspectiva internacional sobre o uso dos res\u00edduos de constru\u00e7\u00e3o e demoli\u00e7\u00e3o na vis\u00e3o de pesquisadores que participam do grupo t\u00e9cnico da Rilem (International Union of Laboratories and Experts in Construction Materials, Systems and Structures), al\u00e9m de pesquisadores brasileiros. <\/p>\n<p>Em entrevista, os engenheiros Carina Ulsen e S\u00e9rgio Cirelli \u00c2ngulo, ambos pesquisadores do IPT e membros da comiss\u00e3o organizadora da Confer\u00eancia, falaram \u00e0 PINIweb sobre o evento, os avan\u00e7os e o potencial do uso de res\u00edduos de constru\u00e7\u00e3o e demoli\u00e7\u00e3o na Pa\u00eds. <\/p>\n<p><strong>Qual o objetivo do evento e quais ser\u00e3o os principais aspectos tratados?\u00a0<\/p>\n<p>S\u00e9rgio Cirelli \u00c2ngulo<\/strong> &#8211; O objetivo do evento \u00e9 apresentar uma perspectiva internacional sobre o uso de res\u00edduos de constru\u00e7\u00e3o e demoli\u00e7\u00e3o (RCD) como materiais de constru\u00e7\u00e3o na vis\u00e3o de pesquisadores que participam do grupo t\u00e9cnico da Rilem. O evento vai discutir tecnologia de processamento, controle de qualidade e normaliza\u00e7\u00e3o de agregados reciclados de RCD, al\u00e9m de novos mercados de reciclagem. <\/p>\n<p><strong>O potencial de reciclagem no Brasil \u00e9 aproveitado?\u00a0<\/p>\n<p>Carina Ulsen<\/strong> &#8211; Definitivamente, n\u00e3o. Come\u00e7amos a enxergar o problema gerado pelos res\u00edduos h\u00e1 poucos anos. A partir de 2002, com a resolu\u00e7\u00e3o 307 do Conama (Conselho Nacional do Meio Ambiente), a reciclagem foi estimulada, mas ainda carece de infra-estrutura e investimento. A maior parte das cidades brasileiras n\u00e3o tem um sistema de gest\u00e3o destes res\u00edduos. <br \/>\n\u00c2ngulo &#8211; O \u00edndice de reciclagem \u00e9 ainda pequeno e pouco explorado, menor que 5% do total gerado. \u00c9 necess\u00e1rio ampliar \u00e1reas de triagem e de reciclagem, tanto p\u00fablicas quanto privadas. <\/p>\n<p><strong>De que forma as construtoras podem tirar partido da reciclagem hoje?\u00a0<\/p>\n<p>\u00c2ngulo<\/strong> &#8211; A construtora, que \u00e9 uma grande geradora de RCD, pode triar o material no canteiro. Madeira, pl\u00e1stico e papel podem ser vendidos para recicladores nos centros urbanos, aumentando seus indicadores de sustentabilidade e reduzindo seus custos. As sobras de concreto, argamassa e cer\u00e2mica vermelha s\u00e3o potencialmente agregados reciclados sem, muitas vezes, requerer uma opera\u00e7\u00e3o de britagem. Pode-se utilizar a criatividade encontrando aplica\u00e7\u00f5es dentro do canteiro. Al\u00e9m disso, as construtoras podem e devem consumir o agregado reciclado em base, sub-base de pavimentos, argamassa e concreto. Isso \u00e9 ambientalmente correto, melhora os indicadores de sustentabilidade e \u00e9 economicamente vi\u00e1vel. <\/p>\n<p><strong>O mercado de agregados reciclados para pavimentos ainda n\u00e3o \u00e9 muito atrativo para o investidor privado. O neg\u00f3cio poderia ficar mais interessante com a possibilidade de venda de agregados para argamassa e concreto?\u00a0<\/p>\n<p>\u00c2ngulo<\/strong> &#8211; A situa\u00e7\u00e3o est\u00e1 mudando aos poucos, pois cada vez mais empresas privadas se interessam pelo mercado da reciclagem. A atratividade no mercado de agregado reciclado para pavimento n\u00e3o depende s\u00f3 do valor de mercado do produto, mas tamb\u00e9m da escala de produ\u00e7\u00e3o e da dist\u00e2ncia de transporte envolvida para recep\u00e7\u00e3o e fornecimento de mat\u00e9ria-prima. A produ\u00e7\u00e3o em larga escala pode melhorar essa atratividade. Essa atratividade tamb\u00e9m melhora na possibilidade de venda de agregado reciclado para argamassa e concreto. O mercado consumidor \u00e9 mais amplo e o produto tem maior valor agregado, sendo menos dependente da escala de produ\u00e7\u00e3o. <\/p>\n<p>\n<strong>A Escola Polit\u00e9cnica estava desenvolvendo uma forma de processamento que permitiria separar os agregados mais resistentes, adequados para a produ\u00e7\u00e3o de concreto e argamassas dos menos resistentes, que continuariam explorando o mercado de pavimentos. Em que est\u00e1gio se encontra essa pesquisa?\u00a0<\/p>\n<p>\u00c2ngulo<\/strong> &#8211; A pesquisa testou algumas tecnologias de processamento da Engenharia Mineral, em escala laboratorial, e obteve agregado reciclado mais resistente, com menor quantidade de vazios. As propriedades do agregado reciclado ficaram mais parecidas com as do agregado natural. Isso implicou em concretos e argamassas recicladas com consumos de cimentos similares aos concretos e argamassas convencionais. Isso \u00e9 economicamente muito interessante e atrativo para a ind\u00fastria. <br \/>\nCarina &#8211; A pesquisa continua e os resultados s\u00e3o promissores. A pr\u00f3xima etapa \u00e9 encontrar uma empresa interessada em aplicar o conhecimento aqui desenvolvido. <\/p>\n<p><strong>O que falta para tornar a reciclagem um neg\u00f3cio atrativo?\u00a0<\/p>\n<p>\u00c2ngulo<\/strong> &#8211; Melhorar e controlar a qualidade do agregado reciclado e ampliar e diversificar os mercados de reciclagem. <br \/>\nCarina &#8211; A reciclagem em si j\u00e1 \u00e9 um neg\u00f3cio atrativo por v\u00e1rias raz\u00f5es: o pr\u00f3prio ideal da reciclagem j\u00e1 \u00e9 um grande atrativo; empresas t\u00eam buscado qualifica\u00e7\u00f5es ambientais tal como selo verde para transmitir uma imagem de companhia ambientalmente correta. Al\u00e9m disso, \u00e9 poss\u00edvel fazer desta atividade um neg\u00f3cio lucrativo, e assim deve ser inclusive para estimular a reciclagem. Temos muito o que melhorar nos nossos sistemas produtivos atuais, e para dar um passo \u00e0 frente \u00e9 preciso romper tamb\u00e9m as barreiras do preconceito com a mat\u00e9ria prima reciclada. Al\u00e9m disso, a diversifica\u00e7\u00e3o dos produtos gerados em uma usina de reciclagem permite uma flexibilidade em \u00e9pocas de baixo consumo de determinado produto. <\/p>\n<p><strong>O que o poder p\u00fablico poderia fazer para incentivar esse mercado?\u00a0<\/p>\n<p>\u00c2ngulo<\/strong> &#8211; O poder p\u00fablico precisa usar seu poder de compra para estimular a reciclagem. A disponibilidade de mercado consumidor \u00e9 um ponto-chave para consolidar economicamente as empresas do mercado. <br \/>\nCarina &#8211; As administra\u00e7\u00f5es municipais dever\u00e3o criar normas que incentivem o uso de material reciclado e, por outro lado, apoiar a iniciativa e facilitar a implanta\u00e7\u00e3o de novas usinas. Investidores de capital privado passar\u00e3o a investir nesta atividade de motivados por interesses ambientais e econ\u00f4micos. <\/p>\n<p><strong>Para mais informa\u00e7\u00f5es sobre a Confer\u00eancia acesse o site: http:\/\/rcd08.pcc.usp.br <br \/>\n<\/strong><\/p>\n<p><b>Autor: PINIweb &#8211; Kelly Carvalho<\/b><\/p>\n","protected":false},"excerpt":{"rendered":"<p>No dia 28 de abril acontece em s\u00e3o Paulo, no audit\u00f3rio do edif\u00edcio M\u00e1rio Covas, na Cidade Universit\u00e1ria, a confer\u00eancia RCD (Res\u00edduos de Constru\u00e7\u00e3o e Demoli\u00e7\u00e3o)como material de constru\u00e7\u00e3o. O evento surge num momento de investimento em constru\u00e7\u00e3o sustent\u00e1vel pelo mercado nacional. Com isso, a demanda por agregados reciclados tende a aumentar. Em outros pa\u00edses, [&hellip;]<\/p>\n","protected":false},"author":1,"featured_media":0,"comment_status":"open","ping_status":"open","sticky":false,"template":"","format":"standard","meta":{"footnotes":""},"categories":[31,6],"tags":[],"class_list":{"0":"post-14672","1":"post","2":"type-post","3":"status-publish","4":"format-standard","6":"category-meio-ambiente","7":"category-noticias"},"yoast_head":"<!-- This site is optimized with the Yoast SEO plugin v27.2 - https:\/\/yoast.com\/product\/yoast-seo-wordpress\/ -->\n<title>Confer\u00eancia internacional vai apresentar perspectivas do uso dos res\u00edduos de constru\u00e7\u00e3o e demoli\u00e7\u00e3o - Instituto de Engenharia<\/title>\n<meta name=\"robots\" content=\"index, follow, max-snippet:-1, max-image-preview:large, max-video-preview:-1\" \/>\n<link rel=\"canonical\" href=\"https:\/\/www.institutodeengenharia.org.br\/site\/2008\/04\/22\/conferencia-internacional-vai-apresentar-perspectivas-do-uso-dos-residuos-de-construcao-e-demolicao\/\" \/>\n<meta property=\"og:locale\" content=\"pt_BR\" \/>\n<meta property=\"og:type\" content=\"article\" \/>\n<meta property=\"og:title\" content=\"Confer\u00eancia internacional vai apresentar perspectivas do uso dos res\u00edduos de constru\u00e7\u00e3o e demoli\u00e7\u00e3o - Instituto de Engenharia\" \/>\n<meta property=\"og:description\" content=\"No dia 28 de abril acontece em s\u00e3o Paulo, no audit\u00f3rio do edif\u00edcio M\u00e1rio Covas, na Cidade Universit\u00e1ria, a confer\u00eancia RCD (Res\u00edduos de Constru\u00e7\u00e3o e Demoli\u00e7\u00e3o)como material de constru\u00e7\u00e3o. O evento surge num momento de investimento em constru\u00e7\u00e3o sustent\u00e1vel pelo mercado nacional. Com isso, a demanda por agregados reciclados tende a aumentar. Em outros pa\u00edses, [&hellip;]\" \/>\n<meta property=\"og:url\" content=\"https:\/\/www.institutodeengenharia.org.br\/site\/2008\/04\/22\/conferencia-internacional-vai-apresentar-perspectivas-do-uso-dos-residuos-de-construcao-e-demolicao\/\" \/>\n<meta property=\"og:site_name\" content=\"Instituto de Engenharia\" \/>\n<meta property=\"article:publisher\" content=\"https:\/\/www.facebook.com\/institutodeengenharia\" \/>\n<meta property=\"article:published_time\" content=\"2008-04-22T21:49:08+00:00\" \/>\n<meta name=\"author\" content=\"TMax Tecnologia\" \/>\n<meta name=\"twitter:card\" content=\"summary_large_image\" \/>\n<meta name=\"twitter:creator\" content=\"@iengenharia\" \/>\n<meta name=\"twitter:site\" content=\"@iengenharia\" \/>\n<meta name=\"twitter:label1\" content=\"Escrito por\" \/>\n\t<meta name=\"twitter:data1\" content=\"TMax Tecnologia\" \/>\n\t<meta name=\"twitter:label2\" content=\"Est. tempo de leitura\" \/>\n\t<meta name=\"twitter:data2\" content=\"5 minutos\" \/>\n<script type=\"application\/ld+json\" class=\"yoast-schema-graph\">{\"@context\":\"https:\/\/schema.org\",\"@graph\":[{\"@type\":\"Article\",\"@id\":\"https:\/\/www.institutodeengenharia.org.br\/site\/2008\/04\/22\/conferencia-internacional-vai-apresentar-perspectivas-do-uso-dos-residuos-de-construcao-e-demolicao\/#article\",\"isPartOf\":{\"@id\":\"https:\/\/www.institutodeengenharia.org.br\/site\/2008\/04\/22\/conferencia-internacional-vai-apresentar-perspectivas-do-uso-dos-residuos-de-construcao-e-demolicao\/\"},\"author\":{\"name\":\"TMax Tecnologia\",\"@id\":\"https:\/\/www.institutodeengenharia.org.br\/site\/#\/schema\/person\/3b1ff109facef084739fc2edcb9a127f\"},\"headline\":\"Confer\u00eancia internacional vai apresentar perspectivas do uso dos res\u00edduos de constru\u00e7\u00e3o e demoli\u00e7\u00e3o\",\"datePublished\":\"2008-04-22T21:49:08+00:00\",\"mainEntityOfPage\":{\"@id\":\"https:\/\/www.institutodeengenharia.org.br\/site\/2008\/04\/22\/conferencia-internacional-vai-apresentar-perspectivas-do-uso-dos-residuos-de-construcao-e-demolicao\/\"},\"wordCount\":1047,\"commentCount\":0,\"publisher\":{\"@id\":\"https:\/\/www.institutodeengenharia.org.br\/site\/#organization\"},\"articleSection\":[\"Meio Ambiente\",\"Not\u00edcias\"],\"inLanguage\":\"pt-BR\",\"potentialAction\":[{\"@type\":\"CommentAction\",\"name\":\"Comment\",\"target\":[\"https:\/\/www.institutodeengenharia.org.br\/site\/2008\/04\/22\/conferencia-internacional-vai-apresentar-perspectivas-do-uso-dos-residuos-de-construcao-e-demolicao\/#respond\"]}]},{\"@type\":\"WebPage\",\"@id\":\"https:\/\/www.institutodeengenharia.org.br\/site\/2008\/04\/22\/conferencia-internacional-vai-apresentar-perspectivas-do-uso-dos-residuos-de-construcao-e-demolicao\/\",\"url\":\"https:\/\/www.institutodeengenharia.org.br\/site\/2008\/04\/22\/conferencia-internacional-vai-apresentar-perspectivas-do-uso-dos-residuos-de-construcao-e-demolicao\/\",\"name\":\"Confer\u00eancia internacional vai apresentar perspectivas do uso dos res\u00edduos de constru\u00e7\u00e3o e demoli\u00e7\u00e3o - Instituto de Engenharia\",\"isPartOf\":{\"@id\":\"https:\/\/www.institutodeengenharia.org.br\/site\/#website\"},\"datePublished\":\"2008-04-22T21:49:08+00:00\",\"breadcrumb\":{\"@id\":\"https:\/\/www.institutodeengenharia.org.br\/site\/2008\/04\/22\/conferencia-internacional-vai-apresentar-perspectivas-do-uso-dos-residuos-de-construcao-e-demolicao\/#breadcrumb\"},\"inLanguage\":\"pt-BR\",\"potentialAction\":[{\"@type\":\"ReadAction\",\"target\":[\"https:\/\/www.institutodeengenharia.org.br\/site\/2008\/04\/22\/conferencia-internacional-vai-apresentar-perspectivas-do-uso-dos-residuos-de-construcao-e-demolicao\/\"]}]},{\"@type\":\"BreadcrumbList\",\"@id\":\"https:\/\/www.institutodeengenharia.org.br\/site\/2008\/04\/22\/conferencia-internacional-vai-apresentar-perspectivas-do-uso-dos-residuos-de-construcao-e-demolicao\/#breadcrumb\",\"itemListElement\":[{\"@type\":\"ListItem\",\"position\":1,\"name\":\"In\u00edcio\",\"item\":\"https:\/\/www.institutodeengenharia.org.br\/site\/\"},{\"@type\":\"ListItem\",\"position\":2,\"name\":\"Confer\u00eancia internacional vai apresentar perspectivas do uso dos res\u00edduos de constru\u00e7\u00e3o e demoli\u00e7\u00e3o\"}]},{\"@type\":\"WebSite\",\"@id\":\"https:\/\/www.institutodeengenharia.org.br\/site\/#website\",\"url\":\"https:\/\/www.institutodeengenharia.org.br\/site\/\",\"name\":\"Instituto de Engenharia\",\"description\":\"O Instituto de Engenharia promove a Engenharia em benef\u00edcio do desenvolvimento e da qualidade de vida da sociedade.\",\"publisher\":{\"@id\":\"https:\/\/www.institutodeengenharia.org.br\/site\/#organization\"},\"potentialAction\":[{\"@type\":\"SearchAction\",\"target\":{\"@type\":\"EntryPoint\",\"urlTemplate\":\"https:\/\/www.institutodeengenharia.org.br\/site\/?s={search_term_string}\"},\"query-input\":{\"@type\":\"PropertyValueSpecification\",\"valueRequired\":true,\"valueName\":\"search_term_string\"}}],\"inLanguage\":\"pt-BR\"},{\"@type\":\"Organization\",\"@id\":\"https:\/\/www.institutodeengenharia.org.br\/site\/#organization\",\"name\":\"Instituto de Engenharia\",\"url\":\"https:\/\/www.institutodeengenharia.org.br\/site\/\",\"logo\":{\"@type\":\"ImageObject\",\"inLanguage\":\"pt-BR\",\"@id\":\"https:\/\/www.institutodeengenharia.org.br\/site\/#\/schema\/logo\/image\/\",\"url\":\"https:\/\/www.institutodeengenharia.org.br\/site\/wp-content\/uploads\/2019\/03\/logo-novo-IE2018-1.jpg\",\"contentUrl\":\"https:\/\/www.institutodeengenharia.org.br\/site\/wp-content\/uploads\/2019\/03\/logo-novo-IE2018-1.jpg\",\"width\":1486,\"height\":1879,\"caption\":\"Instituto de Engenharia\"},\"image\":{\"@id\":\"https:\/\/www.institutodeengenharia.org.br\/site\/#\/schema\/logo\/image\/\"},\"sameAs\":[\"https:\/\/www.facebook.com\/institutodeengenharia\",\"https:\/\/x.com\/iengenharia\",\"https:\/\/www.instagram.com\/institutodeengenharia\/\",\"https:\/\/www.linkedin.com\/company\/instituto-de-engenharia\/\",\"https:\/\/www.youtube.com\/channel\/UCXiCAlsSMe977vamW915HxA\"]},{\"@type\":\"Person\",\"@id\":\"https:\/\/www.institutodeengenharia.org.br\/site\/#\/schema\/person\/3b1ff109facef084739fc2edcb9a127f\",\"name\":\"TMax Tecnologia\",\"image\":{\"@type\":\"ImageObject\",\"inLanguage\":\"pt-BR\",\"@id\":\"https:\/\/secure.gravatar.com\/avatar\/f912434ef7f389c92cb311fcdae346af848465d638912574b3c669070f797701?s=96&d=mm&r=g\",\"url\":\"https:\/\/secure.gravatar.com\/avatar\/f912434ef7f389c92cb311fcdae346af848465d638912574b3c669070f797701?s=96&d=mm&r=g\",\"contentUrl\":\"https:\/\/secure.gravatar.com\/avatar\/f912434ef7f389c92cb311fcdae346af848465d638912574b3c669070f797701?s=96&d=mm&r=g\",\"caption\":\"TMax Tecnologia\"},\"url\":\"https:\/\/www.institutodeengenharia.org.br\/site\/author\/tmax\/\"}]}<\/script>\n<!-- \/ Yoast SEO plugin. -->","yoast_head_json":{"title":"Confer\u00eancia internacional vai apresentar perspectivas do uso dos res\u00edduos de constru\u00e7\u00e3o e demoli\u00e7\u00e3o - Instituto de Engenharia","robots":{"index":"index","follow":"follow","max-snippet":"max-snippet:-1","max-image-preview":"max-image-preview:large","max-video-preview":"max-video-preview:-1"},"canonical":"https:\/\/www.institutodeengenharia.org.br\/site\/2008\/04\/22\/conferencia-internacional-vai-apresentar-perspectivas-do-uso-dos-residuos-de-construcao-e-demolicao\/","og_locale":"pt_BR","og_type":"article","og_title":"Confer\u00eancia internacional vai apresentar perspectivas do uso dos res\u00edduos de constru\u00e7\u00e3o e demoli\u00e7\u00e3o - Instituto de Engenharia","og_description":"No dia 28 de abril acontece em s\u00e3o Paulo, no audit\u00f3rio do edif\u00edcio M\u00e1rio Covas, na Cidade Universit\u00e1ria, a confer\u00eancia RCD (Res\u00edduos de Constru\u00e7\u00e3o e Demoli\u00e7\u00e3o)como material de constru\u00e7\u00e3o. O evento surge num momento de investimento em constru\u00e7\u00e3o sustent\u00e1vel pelo mercado nacional. Com isso, a demanda por agregados reciclados tende a aumentar. Em outros pa\u00edses, [&hellip;]","og_url":"https:\/\/www.institutodeengenharia.org.br\/site\/2008\/04\/22\/conferencia-internacional-vai-apresentar-perspectivas-do-uso-dos-residuos-de-construcao-e-demolicao\/","og_site_name":"Instituto de Engenharia","article_publisher":"https:\/\/www.facebook.com\/institutodeengenharia","article_published_time":"2008-04-22T21:49:08+00:00","author":"TMax Tecnologia","twitter_card":"summary_large_image","twitter_creator":"@iengenharia","twitter_site":"@iengenharia","twitter_misc":{"Escrito por":"TMax Tecnologia","Est. tempo de leitura":"5 minutos"},"schema":{"@context":"https:\/\/schema.org","@graph":[{"@type":"Article","@id":"https:\/\/www.institutodeengenharia.org.br\/site\/2008\/04\/22\/conferencia-internacional-vai-apresentar-perspectivas-do-uso-dos-residuos-de-construcao-e-demolicao\/#article","isPartOf":{"@id":"https:\/\/www.institutodeengenharia.org.br\/site\/2008\/04\/22\/conferencia-internacional-vai-apresentar-perspectivas-do-uso-dos-residuos-de-construcao-e-demolicao\/"},"author":{"name":"TMax Tecnologia","@id":"https:\/\/www.institutodeengenharia.org.br\/site\/#\/schema\/person\/3b1ff109facef084739fc2edcb9a127f"},"headline":"Confer\u00eancia internacional vai apresentar perspectivas do uso dos res\u00edduos de constru\u00e7\u00e3o e demoli\u00e7\u00e3o","datePublished":"2008-04-22T21:49:08+00:00","mainEntityOfPage":{"@id":"https:\/\/www.institutodeengenharia.org.br\/site\/2008\/04\/22\/conferencia-internacional-vai-apresentar-perspectivas-do-uso-dos-residuos-de-construcao-e-demolicao\/"},"wordCount":1047,"commentCount":0,"publisher":{"@id":"https:\/\/www.institutodeengenharia.org.br\/site\/#organization"},"articleSection":["Meio Ambiente","Not\u00edcias"],"inLanguage":"pt-BR","potentialAction":[{"@type":"CommentAction","name":"Comment","target":["https:\/\/www.institutodeengenharia.org.br\/site\/2008\/04\/22\/conferencia-internacional-vai-apresentar-perspectivas-do-uso-dos-residuos-de-construcao-e-demolicao\/#respond"]}]},{"@type":"WebPage","@id":"https:\/\/www.institutodeengenharia.org.br\/site\/2008\/04\/22\/conferencia-internacional-vai-apresentar-perspectivas-do-uso-dos-residuos-de-construcao-e-demolicao\/","url":"https:\/\/www.institutodeengenharia.org.br\/site\/2008\/04\/22\/conferencia-internacional-vai-apresentar-perspectivas-do-uso-dos-residuos-de-construcao-e-demolicao\/","name":"Confer\u00eancia internacional vai apresentar perspectivas do uso dos res\u00edduos de constru\u00e7\u00e3o e demoli\u00e7\u00e3o - Instituto de Engenharia","isPartOf":{"@id":"https:\/\/www.institutodeengenharia.org.br\/site\/#website"},"datePublished":"2008-04-22T21:49:08+00:00","breadcrumb":{"@id":"https:\/\/www.institutodeengenharia.org.br\/site\/2008\/04\/22\/conferencia-internacional-vai-apresentar-perspectivas-do-uso-dos-residuos-de-construcao-e-demolicao\/#breadcrumb"},"inLanguage":"pt-BR","potentialAction":[{"@type":"ReadAction","target":["https:\/\/www.institutodeengenharia.org.br\/site\/2008\/04\/22\/conferencia-internacional-vai-apresentar-perspectivas-do-uso-dos-residuos-de-construcao-e-demolicao\/"]}]},{"@type":"BreadcrumbList","@id":"https:\/\/www.institutodeengenharia.org.br\/site\/2008\/04\/22\/conferencia-internacional-vai-apresentar-perspectivas-do-uso-dos-residuos-de-construcao-e-demolicao\/#breadcrumb","itemListElement":[{"@type":"ListItem","position":1,"name":"In\u00edcio","item":"https:\/\/www.institutodeengenharia.org.br\/site\/"},{"@type":"ListItem","position":2,"name":"Confer\u00eancia internacional vai apresentar perspectivas do uso dos res\u00edduos de constru\u00e7\u00e3o e demoli\u00e7\u00e3o"}]},{"@type":"WebSite","@id":"https:\/\/www.institutodeengenharia.org.br\/site\/#website","url":"https:\/\/www.institutodeengenharia.org.br\/site\/","name":"Instituto de Engenharia","description":"O Instituto de Engenharia promove a Engenharia em benef\u00edcio do desenvolvimento e da qualidade de vida da sociedade.","publisher":{"@id":"https:\/\/www.institutodeengenharia.org.br\/site\/#organization"},"potentialAction":[{"@type":"SearchAction","target":{"@type":"EntryPoint","urlTemplate":"https:\/\/www.institutodeengenharia.org.br\/site\/?s={search_term_string}"},"query-input":{"@type":"PropertyValueSpecification","valueRequired":true,"valueName":"search_term_string"}}],"inLanguage":"pt-BR"},{"@type":"Organization","@id":"https:\/\/www.institutodeengenharia.org.br\/site\/#organization","name":"Instituto de Engenharia","url":"https:\/\/www.institutodeengenharia.org.br\/site\/","logo":{"@type":"ImageObject","inLanguage":"pt-BR","@id":"https:\/\/www.institutodeengenharia.org.br\/site\/#\/schema\/logo\/image\/","url":"https:\/\/www.institutodeengenharia.org.br\/site\/wp-content\/uploads\/2019\/03\/logo-novo-IE2018-1.jpg","contentUrl":"https:\/\/www.institutodeengenharia.org.br\/site\/wp-content\/uploads\/2019\/03\/logo-novo-IE2018-1.jpg","width":1486,"height":1879,"caption":"Instituto de Engenharia"},"image":{"@id":"https:\/\/www.institutodeengenharia.org.br\/site\/#\/schema\/logo\/image\/"},"sameAs":["https:\/\/www.facebook.com\/institutodeengenharia","https:\/\/x.com\/iengenharia","https:\/\/www.instagram.com\/institutodeengenharia\/","https:\/\/www.linkedin.com\/company\/instituto-de-engenharia\/","https:\/\/www.youtube.com\/channel\/UCXiCAlsSMe977vamW915HxA"]},{"@type":"Person","@id":"https:\/\/www.institutodeengenharia.org.br\/site\/#\/schema\/person\/3b1ff109facef084739fc2edcb9a127f","name":"TMax Tecnologia","image":{"@type":"ImageObject","inLanguage":"pt-BR","@id":"https:\/\/secure.gravatar.com\/avatar\/f912434ef7f389c92cb311fcdae346af848465d638912574b3c669070f797701?s=96&d=mm&r=g","url":"https:\/\/secure.gravatar.com\/avatar\/f912434ef7f389c92cb311fcdae346af848465d638912574b3c669070f797701?s=96&d=mm&r=g","contentUrl":"https:\/\/secure.gravatar.com\/avatar\/f912434ef7f389c92cb311fcdae346af848465d638912574b3c669070f797701?s=96&d=mm&r=g","caption":"TMax Tecnologia"},"url":"https:\/\/www.institutodeengenharia.org.br\/site\/author\/tmax\/"}]}},"_links":{"self":[{"href":"https:\/\/www.institutodeengenharia.org.br\/site\/wp-json\/wp\/v2\/posts\/14672","targetHints":{"allow":["GET"]}}],"collection":[{"href":"https:\/\/www.institutodeengenharia.org.br\/site\/wp-json\/wp\/v2\/posts"}],"about":[{"href":"https:\/\/www.institutodeengenharia.org.br\/site\/wp-json\/wp\/v2\/types\/post"}],"author":[{"embeddable":true,"href":"https:\/\/www.institutodeengenharia.org.br\/site\/wp-json\/wp\/v2\/users\/1"}],"replies":[{"embeddable":true,"href":"https:\/\/www.institutodeengenharia.org.br\/site\/wp-json\/wp\/v2\/comments?post=14672"}],"version-history":[{"count":0,"href":"https:\/\/www.institutodeengenharia.org.br\/site\/wp-json\/wp\/v2\/posts\/14672\/revisions"}],"wp:attachment":[{"href":"https:\/\/www.institutodeengenharia.org.br\/site\/wp-json\/wp\/v2\/media?parent=14672"}],"wp:term":[{"taxonomy":"category","embeddable":true,"href":"https:\/\/www.institutodeengenharia.org.br\/site\/wp-json\/wp\/v2\/categories?post=14672"},{"taxonomy":"post_tag","embeddable":true,"href":"https:\/\/www.institutodeengenharia.org.br\/site\/wp-json\/wp\/v2\/tags?post=14672"}],"curies":[{"name":"wp","href":"https:\/\/api.w.org\/{rel}","templated":true}]}}