{"id":14664,"date":"2008-04-17T21:48:59","date_gmt":"2008-04-17T21:48:59","guid":{"rendered":"https:\/\/www.institutodeengenharia.org.br\/?p=14664"},"modified":"2008-04-17T17:42:08","modified_gmt":"2008-04-17T17:42:08","slug":"novo-aeroporto-de-florianopolis-tera-forma-de-asa-de-aviao","status":"publish","type":"post","link":"https:\/\/www.institutodeengenharia.org.br\/site\/2008\/04\/17\/novo-aeroporto-de-florianopolis-tera-forma-de-asa-de-aviao\/","title":{"rendered":"Novo Aeroporto de Florian\u00f3polis ter\u00e1 forma de asa de avi\u00e3o"},"content":{"rendered":"<p>Florian\u00f3polis vai ganhar um novo aeroporto. O projeto do arquiteto paulista M\u00e1rio Bizelli foi o escolhido entre os mais de 150 inscritos no concurso p\u00fablico realizado pela Infraero e o Instituto de Arquitetos do Brasil \u2013 IAB, em 2004, para definir qual seria a forma do novo Aeroporto Internacional Herc\u00edlio Luz. Ganhou a proposta do terminal com cobertura em forma de avi\u00e3o. <\/p>\n<p>Outra inova\u00e7\u00e3o do projeto \u00e9 a disposi\u00e7\u00e3o do Centro de Opera\u00e7\u00f5es Aeron\u00e1uticas, todo em vidro, que sai do mezanino e aparece de frente para o p\u00e1tio de aeronaves. O novo aeroporto deve come\u00e7ar a ser constru\u00eddo no final deste ano. A previs\u00e3o \u00e9 que seja entregue em dois anos. <\/p>\n<p>O terminal de passageiros ter\u00e1 uma \u00e1rea constru\u00edda estimada em 27,4 mil metros quadrados e custo previsto em R$68,5 milh\u00f5es. A capacidade do aeroporto passar\u00e1 dos atuais 1,2 milh\u00e3o para 2,7 milh\u00f5es de passageiros por ano. Em 2004, o aeroporto de Florian\u00f3polis recebeu 1,3 milh\u00e3o de passageiros. <\/p>\n<p>Esta \u00e9 a primeira vez que a Infraero realiza concurso p\u00fablico para escolher um projeto arquitet\u00f4nico para a constru\u00e7\u00e3o de um novo terminal aeroportu\u00e1rio. Normalmente, os projetos para amplia\u00e7\u00e3o e moderniza\u00e7\u00e3o dos 66 aeroportos administrados pela empresa s\u00e3o realizados por licita\u00e7\u00e3o a partir de um programa de necessidades, crit\u00e9rios e condicionantes apresentado pela \u00e1rea de Engenharia da Infraero. <\/p>\n<p>O presidente da Infraero, Carlos Wilson Campos, considera que esta \u00e9 a forma mais democr\u00e1tica e transparente de realizar projetos aeroportu\u00e1rios e garante que a partir de agora, as grandes obras da empresa ser\u00e3o realizadas por meio de concurso. \u201cA Infraero tem que se adequar \u00e0s novas realidades. N\u00e3o podemos construir aeroportos sem partir de um processo democr\u00e1tico, transparente, e que incentive a criatividade de novos talentos\u201d. <\/p>\n<p>Para a diretora de Engenharia da Infraero, Eleuza Lores, o n\u00edvel dos projetos apresentados foi surpreendente, principalmente porque projetos aeroportu\u00e1rios s\u00e3o muito espec\u00edficos. \u201cOs projetos s\u00e3o de alta qualidade. Todos atenderam as necessidades operacionais de um aeroporto, que n\u00e3o muda, e fizeram inova\u00e7\u00f5es na parte pl\u00e1stica.\u201d <\/p>\n<p>Aberto em mar\u00e7o de 2004, o concurso p\u00fablico teve 150 inscritos e 71 projetos apresentados. Destes, tr\u00eas foram selecionados como finalistas. Os projetos dos arquitetos Marcelo Consiglio Barbosa e S\u00e9rgio Parada foram classificados em segundo e terceiro lugar, respectivamente. <\/p>\n<p>Jos\u00e9 Roberto de Domenico, coordenador do concurso e membro do Conselho Superior do IAB pelo Distrito Federal, comemora a decis\u00e3o. \u201c\u00c9 muito importante que estas escolhas sejam realizadas por concurso. \u00c9 uma forma de enriquecer as solu\u00e7\u00f5es que a Infraero poder\u00e1 usar em novas constru\u00e7\u00f5es aeroportu\u00e1rias.\u201d <\/p>\n<p>O pr\u00f3ximo aeroporto a adotar concurso ser\u00e1 o Aeroporto de Uberl\u00e2ndia. Em breve, a Infraero e o IAB publicar\u00e3o o edital do concurso para escolher o projeto arquitet\u00f4nico do novo aeroporto. O projeto do novo Aeroporto Internacional de Viracopos tamb\u00e9m dever\u00e1 ser escolhido por concurso. <\/p>\n<p><b>Autor: Infraero<\/b><\/p>\n","protected":false},"excerpt":{"rendered":"<p>Florian\u00f3polis vai ganhar um novo aeroporto. O projeto do arquiteto paulista M\u00e1rio Bizelli foi o escolhido entre os mais de 150 inscritos no concurso p\u00fablico realizado pela Infraero e o Instituto de Arquitetos do Brasil \u2013 IAB, em 2004, para definir qual seria a forma do novo Aeroporto Internacional Herc\u00edlio Luz. Ganhou a proposta do [&hellip;]<\/p>\n","protected":false},"author":1,"featured_media":0,"comment_status":"open","ping_status":"open","sticky":false,"template":"","format":"standard","meta":{"footnotes":""},"categories":[6,42],"tags":[],"class_list":{"0":"post-14664","1":"post","2":"type-post","3":"status-publish","4":"format-standard","6":"category-noticias","7":"category-urbanismo"},"yoast_head":"<!-- This site is optimized with the Yoast SEO plugin v27.2 - https:\/\/yoast.com\/product\/yoast-seo-wordpress\/ -->\n<title>Novo Aeroporto de Florian\u00f3polis ter\u00e1 forma de asa de avi\u00e3o - Instituto de Engenharia<\/title>\n<meta name=\"robots\" content=\"index, follow, max-snippet:-1, max-image-preview:large, max-video-preview:-1\" \/>\n<link rel=\"canonical\" href=\"https:\/\/www.institutodeengenharia.org.br\/site\/2008\/04\/17\/novo-aeroporto-de-florianopolis-tera-forma-de-asa-de-aviao\/\" \/>\n<meta property=\"og:locale\" content=\"pt_BR\" \/>\n<meta property=\"og:type\" content=\"article\" \/>\n<meta property=\"og:title\" content=\"Novo Aeroporto de Florian\u00f3polis ter\u00e1 forma de asa de avi\u00e3o - Instituto de Engenharia\" \/>\n<meta property=\"og:description\" content=\"Florian\u00f3polis vai ganhar um novo aeroporto. O projeto do arquiteto paulista M\u00e1rio Bizelli foi o escolhido entre os mais de 150 inscritos no concurso p\u00fablico realizado pela Infraero e o Instituto de Arquitetos do Brasil \u2013 IAB, em 2004, para definir qual seria a forma do novo Aeroporto Internacional Herc\u00edlio Luz. Ganhou a proposta do [&hellip;]\" \/>\n<meta property=\"og:url\" content=\"https:\/\/www.institutodeengenharia.org.br\/site\/2008\/04\/17\/novo-aeroporto-de-florianopolis-tera-forma-de-asa-de-aviao\/\" \/>\n<meta property=\"og:site_name\" content=\"Instituto de Engenharia\" \/>\n<meta property=\"article:publisher\" content=\"https:\/\/www.facebook.com\/institutodeengenharia\" \/>\n<meta property=\"article:published_time\" content=\"2008-04-17T21:48:59+00:00\" \/>\n<meta name=\"author\" content=\"TMax Tecnologia\" \/>\n<meta name=\"twitter:card\" content=\"summary_large_image\" \/>\n<meta name=\"twitter:creator\" content=\"@iengenharia\" \/>\n<meta name=\"twitter:site\" content=\"@iengenharia\" \/>\n<meta name=\"twitter:label1\" content=\"Escrito por\" \/>\n\t<meta name=\"twitter:data1\" content=\"TMax Tecnologia\" \/>\n\t<meta name=\"twitter:label2\" content=\"Est. tempo de leitura\" \/>\n\t<meta name=\"twitter:data2\" content=\"2 minutos\" \/>\n<script type=\"application\/ld+json\" class=\"yoast-schema-graph\">{\"@context\":\"https:\/\/schema.org\",\"@graph\":[{\"@type\":\"Article\",\"@id\":\"https:\/\/www.institutodeengenharia.org.br\/site\/2008\/04\/17\/novo-aeroporto-de-florianopolis-tera-forma-de-asa-de-aviao\/#article\",\"isPartOf\":{\"@id\":\"https:\/\/www.institutodeengenharia.org.br\/site\/2008\/04\/17\/novo-aeroporto-de-florianopolis-tera-forma-de-asa-de-aviao\/\"},\"author\":{\"name\":\"TMax Tecnologia\",\"@id\":\"https:\/\/www.institutodeengenharia.org.br\/site\/#\/schema\/person\/3b1ff109facef084739fc2edcb9a127f\"},\"headline\":\"Novo Aeroporto de Florian\u00f3polis ter\u00e1 forma de asa de avi\u00e3o\",\"datePublished\":\"2008-04-17T21:48:59+00:00\",\"mainEntityOfPage\":{\"@id\":\"https:\/\/www.institutodeengenharia.org.br\/site\/2008\/04\/17\/novo-aeroporto-de-florianopolis-tera-forma-de-asa-de-aviao\/\"},\"wordCount\":509,\"commentCount\":0,\"publisher\":{\"@id\":\"https:\/\/www.institutodeengenharia.org.br\/site\/#organization\"},\"articleSection\":[\"Not\u00edcias\",\"Urbanismo\"],\"inLanguage\":\"pt-BR\",\"potentialAction\":[{\"@type\":\"CommentAction\",\"name\":\"Comment\",\"target\":[\"https:\/\/www.institutodeengenharia.org.br\/site\/2008\/04\/17\/novo-aeroporto-de-florianopolis-tera-forma-de-asa-de-aviao\/#respond\"]}]},{\"@type\":\"WebPage\",\"@id\":\"https:\/\/www.institutodeengenharia.org.br\/site\/2008\/04\/17\/novo-aeroporto-de-florianopolis-tera-forma-de-asa-de-aviao\/\",\"url\":\"https:\/\/www.institutodeengenharia.org.br\/site\/2008\/04\/17\/novo-aeroporto-de-florianopolis-tera-forma-de-asa-de-aviao\/\",\"name\":\"Novo Aeroporto de Florian\u00f3polis ter\u00e1 forma de asa de avi\u00e3o - Instituto de Engenharia\",\"isPartOf\":{\"@id\":\"https:\/\/www.institutodeengenharia.org.br\/site\/#website\"},\"datePublished\":\"2008-04-17T21:48:59+00:00\",\"breadcrumb\":{\"@id\":\"https:\/\/www.institutodeengenharia.org.br\/site\/2008\/04\/17\/novo-aeroporto-de-florianopolis-tera-forma-de-asa-de-aviao\/#breadcrumb\"},\"inLanguage\":\"pt-BR\",\"potentialAction\":[{\"@type\":\"ReadAction\",\"target\":[\"https:\/\/www.institutodeengenharia.org.br\/site\/2008\/04\/17\/novo-aeroporto-de-florianopolis-tera-forma-de-asa-de-aviao\/\"]}]},{\"@type\":\"BreadcrumbList\",\"@id\":\"https:\/\/www.institutodeengenharia.org.br\/site\/2008\/04\/17\/novo-aeroporto-de-florianopolis-tera-forma-de-asa-de-aviao\/#breadcrumb\",\"itemListElement\":[{\"@type\":\"ListItem\",\"position\":1,\"name\":\"In\u00edcio\",\"item\":\"https:\/\/www.institutodeengenharia.org.br\/site\/\"},{\"@type\":\"ListItem\",\"position\":2,\"name\":\"Novo Aeroporto de Florian\u00f3polis ter\u00e1 forma de asa de avi\u00e3o\"}]},{\"@type\":\"WebSite\",\"@id\":\"https:\/\/www.institutodeengenharia.org.br\/site\/#website\",\"url\":\"https:\/\/www.institutodeengenharia.org.br\/site\/\",\"name\":\"Instituto de Engenharia\",\"description\":\"O Instituto de Engenharia promove a Engenharia em benef\u00edcio do desenvolvimento e da qualidade de vida da sociedade.\",\"publisher\":{\"@id\":\"https:\/\/www.institutodeengenharia.org.br\/site\/#organization\"},\"potentialAction\":[{\"@type\":\"SearchAction\",\"target\":{\"@type\":\"EntryPoint\",\"urlTemplate\":\"https:\/\/www.institutodeengenharia.org.br\/site\/?s={search_term_string}\"},\"query-input\":{\"@type\":\"PropertyValueSpecification\",\"valueRequired\":true,\"valueName\":\"search_term_string\"}}],\"inLanguage\":\"pt-BR\"},{\"@type\":\"Organization\",\"@id\":\"https:\/\/www.institutodeengenharia.org.br\/site\/#organization\",\"name\":\"Instituto de Engenharia\",\"url\":\"https:\/\/www.institutodeengenharia.org.br\/site\/\",\"logo\":{\"@type\":\"ImageObject\",\"inLanguage\":\"pt-BR\",\"@id\":\"https:\/\/www.institutodeengenharia.org.br\/site\/#\/schema\/logo\/image\/\",\"url\":\"https:\/\/www.institutodeengenharia.org.br\/site\/wp-content\/uploads\/2019\/03\/logo-novo-IE2018-1.jpg\",\"contentUrl\":\"https:\/\/www.institutodeengenharia.org.br\/site\/wp-content\/uploads\/2019\/03\/logo-novo-IE2018-1.jpg\",\"width\":1486,\"height\":1879,\"caption\":\"Instituto de Engenharia\"},\"image\":{\"@id\":\"https:\/\/www.institutodeengenharia.org.br\/site\/#\/schema\/logo\/image\/\"},\"sameAs\":[\"https:\/\/www.facebook.com\/institutodeengenharia\",\"https:\/\/x.com\/iengenharia\",\"https:\/\/www.instagram.com\/institutodeengenharia\/\",\"https:\/\/www.linkedin.com\/company\/instituto-de-engenharia\/\",\"https:\/\/www.youtube.com\/channel\/UCXiCAlsSMe977vamW915HxA\"]},{\"@type\":\"Person\",\"@id\":\"https:\/\/www.institutodeengenharia.org.br\/site\/#\/schema\/person\/3b1ff109facef084739fc2edcb9a127f\",\"name\":\"TMax Tecnologia\",\"image\":{\"@type\":\"ImageObject\",\"inLanguage\":\"pt-BR\",\"@id\":\"https:\/\/secure.gravatar.com\/avatar\/f912434ef7f389c92cb311fcdae346af848465d638912574b3c669070f797701?s=96&d=mm&r=g\",\"url\":\"https:\/\/secure.gravatar.com\/avatar\/f912434ef7f389c92cb311fcdae346af848465d638912574b3c669070f797701?s=96&d=mm&r=g\",\"contentUrl\":\"https:\/\/secure.gravatar.com\/avatar\/f912434ef7f389c92cb311fcdae346af848465d638912574b3c669070f797701?s=96&d=mm&r=g\",\"caption\":\"TMax Tecnologia\"},\"url\":\"https:\/\/www.institutodeengenharia.org.br\/site\/author\/tmax\/\"}]}<\/script>\n<!-- \/ Yoast SEO plugin. -->","yoast_head_json":{"title":"Novo Aeroporto de Florian\u00f3polis ter\u00e1 forma de asa de avi\u00e3o - Instituto de Engenharia","robots":{"index":"index","follow":"follow","max-snippet":"max-snippet:-1","max-image-preview":"max-image-preview:large","max-video-preview":"max-video-preview:-1"},"canonical":"https:\/\/www.institutodeengenharia.org.br\/site\/2008\/04\/17\/novo-aeroporto-de-florianopolis-tera-forma-de-asa-de-aviao\/","og_locale":"pt_BR","og_type":"article","og_title":"Novo Aeroporto de Florian\u00f3polis ter\u00e1 forma de asa de avi\u00e3o - Instituto de Engenharia","og_description":"Florian\u00f3polis vai ganhar um novo aeroporto. O projeto do arquiteto paulista M\u00e1rio Bizelli foi o escolhido entre os mais de 150 inscritos no concurso p\u00fablico realizado pela Infraero e o Instituto de Arquitetos do Brasil \u2013 IAB, em 2004, para definir qual seria a forma do novo Aeroporto Internacional Herc\u00edlio Luz. Ganhou a proposta do [&hellip;]","og_url":"https:\/\/www.institutodeengenharia.org.br\/site\/2008\/04\/17\/novo-aeroporto-de-florianopolis-tera-forma-de-asa-de-aviao\/","og_site_name":"Instituto de Engenharia","article_publisher":"https:\/\/www.facebook.com\/institutodeengenharia","article_published_time":"2008-04-17T21:48:59+00:00","author":"TMax Tecnologia","twitter_card":"summary_large_image","twitter_creator":"@iengenharia","twitter_site":"@iengenharia","twitter_misc":{"Escrito por":"TMax Tecnologia","Est. tempo de leitura":"2 minutos"},"schema":{"@context":"https:\/\/schema.org","@graph":[{"@type":"Article","@id":"https:\/\/www.institutodeengenharia.org.br\/site\/2008\/04\/17\/novo-aeroporto-de-florianopolis-tera-forma-de-asa-de-aviao\/#article","isPartOf":{"@id":"https:\/\/www.institutodeengenharia.org.br\/site\/2008\/04\/17\/novo-aeroporto-de-florianopolis-tera-forma-de-asa-de-aviao\/"},"author":{"name":"TMax Tecnologia","@id":"https:\/\/www.institutodeengenharia.org.br\/site\/#\/schema\/person\/3b1ff109facef084739fc2edcb9a127f"},"headline":"Novo Aeroporto de Florian\u00f3polis ter\u00e1 forma de asa de avi\u00e3o","datePublished":"2008-04-17T21:48:59+00:00","mainEntityOfPage":{"@id":"https:\/\/www.institutodeengenharia.org.br\/site\/2008\/04\/17\/novo-aeroporto-de-florianopolis-tera-forma-de-asa-de-aviao\/"},"wordCount":509,"commentCount":0,"publisher":{"@id":"https:\/\/www.institutodeengenharia.org.br\/site\/#organization"},"articleSection":["Not\u00edcias","Urbanismo"],"inLanguage":"pt-BR","potentialAction":[{"@type":"CommentAction","name":"Comment","target":["https:\/\/www.institutodeengenharia.org.br\/site\/2008\/04\/17\/novo-aeroporto-de-florianopolis-tera-forma-de-asa-de-aviao\/#respond"]}]},{"@type":"WebPage","@id":"https:\/\/www.institutodeengenharia.org.br\/site\/2008\/04\/17\/novo-aeroporto-de-florianopolis-tera-forma-de-asa-de-aviao\/","url":"https:\/\/www.institutodeengenharia.org.br\/site\/2008\/04\/17\/novo-aeroporto-de-florianopolis-tera-forma-de-asa-de-aviao\/","name":"Novo Aeroporto de Florian\u00f3polis ter\u00e1 forma de asa de avi\u00e3o - Instituto de Engenharia","isPartOf":{"@id":"https:\/\/www.institutodeengenharia.org.br\/site\/#website"},"datePublished":"2008-04-17T21:48:59+00:00","breadcrumb":{"@id":"https:\/\/www.institutodeengenharia.org.br\/site\/2008\/04\/17\/novo-aeroporto-de-florianopolis-tera-forma-de-asa-de-aviao\/#breadcrumb"},"inLanguage":"pt-BR","potentialAction":[{"@type":"ReadAction","target":["https:\/\/www.institutodeengenharia.org.br\/site\/2008\/04\/17\/novo-aeroporto-de-florianopolis-tera-forma-de-asa-de-aviao\/"]}]},{"@type":"BreadcrumbList","@id":"https:\/\/www.institutodeengenharia.org.br\/site\/2008\/04\/17\/novo-aeroporto-de-florianopolis-tera-forma-de-asa-de-aviao\/#breadcrumb","itemListElement":[{"@type":"ListItem","position":1,"name":"In\u00edcio","item":"https:\/\/www.institutodeengenharia.org.br\/site\/"},{"@type":"ListItem","position":2,"name":"Novo Aeroporto de Florian\u00f3polis ter\u00e1 forma de asa de avi\u00e3o"}]},{"@type":"WebSite","@id":"https:\/\/www.institutodeengenharia.org.br\/site\/#website","url":"https:\/\/www.institutodeengenharia.org.br\/site\/","name":"Instituto de Engenharia","description":"O Instituto de Engenharia promove a Engenharia em benef\u00edcio do desenvolvimento e da qualidade de vida da sociedade.","publisher":{"@id":"https:\/\/www.institutodeengenharia.org.br\/site\/#organization"},"potentialAction":[{"@type":"SearchAction","target":{"@type":"EntryPoint","urlTemplate":"https:\/\/www.institutodeengenharia.org.br\/site\/?s={search_term_string}"},"query-input":{"@type":"PropertyValueSpecification","valueRequired":true,"valueName":"search_term_string"}}],"inLanguage":"pt-BR"},{"@type":"Organization","@id":"https:\/\/www.institutodeengenharia.org.br\/site\/#organization","name":"Instituto de Engenharia","url":"https:\/\/www.institutodeengenharia.org.br\/site\/","logo":{"@type":"ImageObject","inLanguage":"pt-BR","@id":"https:\/\/www.institutodeengenharia.org.br\/site\/#\/schema\/logo\/image\/","url":"https:\/\/www.institutodeengenharia.org.br\/site\/wp-content\/uploads\/2019\/03\/logo-novo-IE2018-1.jpg","contentUrl":"https:\/\/www.institutodeengenharia.org.br\/site\/wp-content\/uploads\/2019\/03\/logo-novo-IE2018-1.jpg","width":1486,"height":1879,"caption":"Instituto de Engenharia"},"image":{"@id":"https:\/\/www.institutodeengenharia.org.br\/site\/#\/schema\/logo\/image\/"},"sameAs":["https:\/\/www.facebook.com\/institutodeengenharia","https:\/\/x.com\/iengenharia","https:\/\/www.instagram.com\/institutodeengenharia\/","https:\/\/www.linkedin.com\/company\/instituto-de-engenharia\/","https:\/\/www.youtube.com\/channel\/UCXiCAlsSMe977vamW915HxA"]},{"@type":"Person","@id":"https:\/\/www.institutodeengenharia.org.br\/site\/#\/schema\/person\/3b1ff109facef084739fc2edcb9a127f","name":"TMax Tecnologia","image":{"@type":"ImageObject","inLanguage":"pt-BR","@id":"https:\/\/secure.gravatar.com\/avatar\/f912434ef7f389c92cb311fcdae346af848465d638912574b3c669070f797701?s=96&d=mm&r=g","url":"https:\/\/secure.gravatar.com\/avatar\/f912434ef7f389c92cb311fcdae346af848465d638912574b3c669070f797701?s=96&d=mm&r=g","contentUrl":"https:\/\/secure.gravatar.com\/avatar\/f912434ef7f389c92cb311fcdae346af848465d638912574b3c669070f797701?s=96&d=mm&r=g","caption":"TMax Tecnologia"},"url":"https:\/\/www.institutodeengenharia.org.br\/site\/author\/tmax\/"}]}},"_links":{"self":[{"href":"https:\/\/www.institutodeengenharia.org.br\/site\/wp-json\/wp\/v2\/posts\/14664","targetHints":{"allow":["GET"]}}],"collection":[{"href":"https:\/\/www.institutodeengenharia.org.br\/site\/wp-json\/wp\/v2\/posts"}],"about":[{"href":"https:\/\/www.institutodeengenharia.org.br\/site\/wp-json\/wp\/v2\/types\/post"}],"author":[{"embeddable":true,"href":"https:\/\/www.institutodeengenharia.org.br\/site\/wp-json\/wp\/v2\/users\/1"}],"replies":[{"embeddable":true,"href":"https:\/\/www.institutodeengenharia.org.br\/site\/wp-json\/wp\/v2\/comments?post=14664"}],"version-history":[{"count":0,"href":"https:\/\/www.institutodeengenharia.org.br\/site\/wp-json\/wp\/v2\/posts\/14664\/revisions"}],"wp:attachment":[{"href":"https:\/\/www.institutodeengenharia.org.br\/site\/wp-json\/wp\/v2\/media?parent=14664"}],"wp:term":[{"taxonomy":"category","embeddable":true,"href":"https:\/\/www.institutodeengenharia.org.br\/site\/wp-json\/wp\/v2\/categories?post=14664"},{"taxonomy":"post_tag","embeddable":true,"href":"https:\/\/www.institutodeengenharia.org.br\/site\/wp-json\/wp\/v2\/tags?post=14664"}],"curies":[{"name":"wp","href":"https:\/\/api.w.org\/{rel}","templated":true}]}}