{"id":14659,"date":"2008-04-17T21:48:54","date_gmt":"2008-04-17T21:48:54","guid":{"rendered":"https:\/\/www.institutodeengenharia.org.br\/?p=14659"},"modified":"2008-04-17T17:33:08","modified_gmt":"2008-04-17T17:33:08","slug":"engenheiro-indicado-para-diretoria-da-antt-preve-grande-ampliacao-de-investimentos-em-transportes-no-pais","status":"publish","type":"post","link":"https:\/\/www.institutodeengenharia.org.br\/site\/2008\/04\/17\/engenheiro-indicado-para-diretoria-da-antt-preve-grande-ampliacao-de-investimentos-em-transportes-no-pais\/","title":{"rendered":"Engenheiro indicado para diretoria da ANTT prev\u00ea grande amplia\u00e7\u00e3o de investimentos em transportes no pa\u00eds"},"content":{"rendered":"<p>O engenheiro M\u00e1rio Rodrigues J\u00fanior foi sabatinado nesta ter\u00e7a-feira (15), durante a reuni\u00e3o da Comiss\u00e3o de Servi\u00e7os de Infra-Estrutura (CI) que ratificou sua indica\u00e7\u00e3o para ocupar uma das diretorias da Ag\u00eancia Nacional de Transportes Terrestres (ANTT). P\u00f3s-graduado em engenharia de transportes, M\u00e1rio Rodrigues J\u00fanior disse que nos pr\u00f3ximos anos o Brasil ter\u00e1 uma grande amplia\u00e7\u00e3o nos investimentos nos diversos seguimentos de transporte, tanto por parte dos governos federal e estaduais quanto da iniciativa privada.\u00a0<\/p>\n<p>Ele afirmou que esses investimentos na infra-estrutura de transportes s\u00e3o de extrema import\u00e2ncia para sustentar o crescimento econ\u00f4mico brasileiro. Um dos grandes problemas do pa\u00eds, avaliou, \u00e9 a falta de interliga\u00e7\u00e3o entre os modais de transporte: ferrovi\u00e1rio, rodovi\u00e1rio e hidrovi\u00e1rio.\u00a0<\/p>\n<p>Para o pa\u00eds dar conta da demanda de recursos para realizar todos os investimentos necess\u00e1rios, disse M\u00e1rio Rodrigues J\u00fanior, al\u00e9m dos recursos p\u00fablicos o governo vem aumentando nos \u00faltimos anos &#8211; e pretende aumentar ainda mais &#8211; a participa\u00e7\u00e3o da iniciativa privada, por meio de concess\u00f5es, privatiza\u00e7\u00f5es e das chamadas Parcerias P\u00fablico-Privadas (PPPs).\u00a0<\/p>\n<p>Na \u00e1rea ferrovi\u00e1ria, ele exemplificou citando obras da Ferrovia Norte-Sul e PPPs para o projeto do trem-bala entre Rio de Janeiro e S\u00e3o Paulo e uma grande amplia\u00e7\u00e3o da malha ferrovi\u00e1ria do pa\u00eds. Quanto \u00e0s rodovias, acrescentou, a expectativa \u00e9 de concess\u00e3o, \u00e0 iniciativa privada, de aproximadamente dois mil quil\u00f4metros at\u00e9 2009. Tamb\u00e9m ser\u00e3o licitados projetos para recupera\u00e7\u00e3o de rodovias no valor de R$ 15 milh\u00f5es.\u00a0<\/p>\n<p>Na opini\u00e3o de M\u00e1rio Rodrigues J\u00fanior, al\u00e9m de empreendedor e investidor, o governo federal est\u00e1 passando a assumir os pap\u00e9is de gest\u00e3o, planejamento, controle e regulamenta\u00e7\u00e3o. Ele ressaltou a import\u00e2ncia fundamental da ANTT como reguladora e fiscalizadora do setor de transportes terrestres, al\u00e9m de organizadora dos processos licitat\u00f3rios. <\/p>\n<p><b>Autor: Ag\u00eancia Senado<\/b><\/p>\n","protected":false},"excerpt":{"rendered":"<p>O engenheiro M\u00e1rio Rodrigues J\u00fanior foi sabatinado nesta ter\u00e7a-feira (15), durante a reuni\u00e3o da Comiss\u00e3o de Servi\u00e7os de Infra-Estrutura (CI) que ratificou sua indica\u00e7\u00e3o para ocupar uma das diretorias da Ag\u00eancia Nacional de Transportes Terrestres (ANTT). P\u00f3s-graduado em engenharia de transportes, M\u00e1rio Rodrigues J\u00fanior disse que nos pr\u00f3ximos anos o Brasil ter\u00e1 uma grande amplia\u00e7\u00e3o [&hellip;]<\/p>\n","protected":false},"author":1,"featured_media":0,"comment_status":"open","ping_status":"open","sticky":false,"template":"","format":"standard","meta":{"footnotes":""},"categories":[6,41],"tags":[],"class_list":{"0":"post-14659","1":"post","2":"type-post","3":"status-publish","4":"format-standard","6":"category-noticias","7":"category-transportes"},"yoast_head":"<!-- This site is optimized with the Yoast SEO plugin v27.2 - https:\/\/yoast.com\/product\/yoast-seo-wordpress\/ -->\n<title>Engenheiro indicado para diretoria da ANTT prev\u00ea grande amplia\u00e7\u00e3o de investimentos em transportes no pa\u00eds - Instituto de Engenharia<\/title>\n<meta name=\"robots\" content=\"index, follow, max-snippet:-1, max-image-preview:large, max-video-preview:-1\" \/>\n<link rel=\"canonical\" href=\"https:\/\/www.institutodeengenharia.org.br\/site\/2008\/04\/17\/engenheiro-indicado-para-diretoria-da-antt-preve-grande-ampliacao-de-investimentos-em-transportes-no-pais\/\" \/>\n<meta property=\"og:locale\" content=\"pt_BR\" \/>\n<meta property=\"og:type\" content=\"article\" \/>\n<meta property=\"og:title\" content=\"Engenheiro indicado para diretoria da ANTT prev\u00ea grande amplia\u00e7\u00e3o de investimentos em transportes no pa\u00eds - Instituto de Engenharia\" \/>\n<meta property=\"og:description\" content=\"O engenheiro M\u00e1rio Rodrigues J\u00fanior foi sabatinado nesta ter\u00e7a-feira (15), durante a reuni\u00e3o da Comiss\u00e3o de Servi\u00e7os de Infra-Estrutura (CI) que ratificou sua indica\u00e7\u00e3o para ocupar uma das diretorias da Ag\u00eancia Nacional de Transportes Terrestres (ANTT). P\u00f3s-graduado em engenharia de transportes, M\u00e1rio Rodrigues J\u00fanior disse que nos pr\u00f3ximos anos o Brasil ter\u00e1 uma grande amplia\u00e7\u00e3o [&hellip;]\" \/>\n<meta property=\"og:url\" content=\"https:\/\/www.institutodeengenharia.org.br\/site\/2008\/04\/17\/engenheiro-indicado-para-diretoria-da-antt-preve-grande-ampliacao-de-investimentos-em-transportes-no-pais\/\" \/>\n<meta property=\"og:site_name\" content=\"Instituto de Engenharia\" \/>\n<meta property=\"article:publisher\" content=\"https:\/\/www.facebook.com\/institutodeengenharia\" \/>\n<meta property=\"article:published_time\" content=\"2008-04-17T21:48:54+00:00\" \/>\n<meta name=\"author\" content=\"TMax Tecnologia\" \/>\n<meta name=\"twitter:card\" content=\"summary_large_image\" \/>\n<meta name=\"twitter:creator\" content=\"@iengenharia\" \/>\n<meta name=\"twitter:site\" content=\"@iengenharia\" \/>\n<meta name=\"twitter:label1\" content=\"Escrito por\" \/>\n\t<meta name=\"twitter:data1\" content=\"TMax Tecnologia\" \/>\n\t<meta name=\"twitter:label2\" content=\"Est. tempo de leitura\" \/>\n\t<meta name=\"twitter:data2\" content=\"2 minutos\" \/>\n<script type=\"application\/ld+json\" class=\"yoast-schema-graph\">{\"@context\":\"https:\/\/schema.org\",\"@graph\":[{\"@type\":\"Article\",\"@id\":\"https:\/\/www.institutodeengenharia.org.br\/site\/2008\/04\/17\/engenheiro-indicado-para-diretoria-da-antt-preve-grande-ampliacao-de-investimentos-em-transportes-no-pais\/#article\",\"isPartOf\":{\"@id\":\"https:\/\/www.institutodeengenharia.org.br\/site\/2008\/04\/17\/engenheiro-indicado-para-diretoria-da-antt-preve-grande-ampliacao-de-investimentos-em-transportes-no-pais\/\"},\"author\":{\"name\":\"TMax Tecnologia\",\"@id\":\"https:\/\/www.institutodeengenharia.org.br\/site\/#\/schema\/person\/3b1ff109facef084739fc2edcb9a127f\"},\"headline\":\"Engenheiro indicado para diretoria da ANTT prev\u00ea grande amplia\u00e7\u00e3o de investimentos em transportes no pa\u00eds\",\"datePublished\":\"2008-04-17T21:48:54+00:00\",\"mainEntityOfPage\":{\"@id\":\"https:\/\/www.institutodeengenharia.org.br\/site\/2008\/04\/17\/engenheiro-indicado-para-diretoria-da-antt-preve-grande-ampliacao-de-investimentos-em-transportes-no-pais\/\"},\"wordCount\":348,\"commentCount\":0,\"publisher\":{\"@id\":\"https:\/\/www.institutodeengenharia.org.br\/site\/#organization\"},\"articleSection\":[\"Not\u00edcias\",\"Transportes\"],\"inLanguage\":\"pt-BR\",\"potentialAction\":[{\"@type\":\"CommentAction\",\"name\":\"Comment\",\"target\":[\"https:\/\/www.institutodeengenharia.org.br\/site\/2008\/04\/17\/engenheiro-indicado-para-diretoria-da-antt-preve-grande-ampliacao-de-investimentos-em-transportes-no-pais\/#respond\"]}]},{\"@type\":\"WebPage\",\"@id\":\"https:\/\/www.institutodeengenharia.org.br\/site\/2008\/04\/17\/engenheiro-indicado-para-diretoria-da-antt-preve-grande-ampliacao-de-investimentos-em-transportes-no-pais\/\",\"url\":\"https:\/\/www.institutodeengenharia.org.br\/site\/2008\/04\/17\/engenheiro-indicado-para-diretoria-da-antt-preve-grande-ampliacao-de-investimentos-em-transportes-no-pais\/\",\"name\":\"Engenheiro indicado para diretoria da ANTT prev\u00ea grande amplia\u00e7\u00e3o de investimentos em transportes no pa\u00eds - Instituto de Engenharia\",\"isPartOf\":{\"@id\":\"https:\/\/www.institutodeengenharia.org.br\/site\/#website\"},\"datePublished\":\"2008-04-17T21:48:54+00:00\",\"breadcrumb\":{\"@id\":\"https:\/\/www.institutodeengenharia.org.br\/site\/2008\/04\/17\/engenheiro-indicado-para-diretoria-da-antt-preve-grande-ampliacao-de-investimentos-em-transportes-no-pais\/#breadcrumb\"},\"inLanguage\":\"pt-BR\",\"potentialAction\":[{\"@type\":\"ReadAction\",\"target\":[\"https:\/\/www.institutodeengenharia.org.br\/site\/2008\/04\/17\/engenheiro-indicado-para-diretoria-da-antt-preve-grande-ampliacao-de-investimentos-em-transportes-no-pais\/\"]}]},{\"@type\":\"BreadcrumbList\",\"@id\":\"https:\/\/www.institutodeengenharia.org.br\/site\/2008\/04\/17\/engenheiro-indicado-para-diretoria-da-antt-preve-grande-ampliacao-de-investimentos-em-transportes-no-pais\/#breadcrumb\",\"itemListElement\":[{\"@type\":\"ListItem\",\"position\":1,\"name\":\"In\u00edcio\",\"item\":\"https:\/\/www.institutodeengenharia.org.br\/site\/\"},{\"@type\":\"ListItem\",\"position\":2,\"name\":\"Engenheiro indicado para diretoria da ANTT prev\u00ea grande amplia\u00e7\u00e3o de investimentos em transportes no pa\u00eds\"}]},{\"@type\":\"WebSite\",\"@id\":\"https:\/\/www.institutodeengenharia.org.br\/site\/#website\",\"url\":\"https:\/\/www.institutodeengenharia.org.br\/site\/\",\"name\":\"Instituto de Engenharia\",\"description\":\"O Instituto de Engenharia promove a Engenharia em benef\u00edcio do desenvolvimento e da qualidade de vida da sociedade.\",\"publisher\":{\"@id\":\"https:\/\/www.institutodeengenharia.org.br\/site\/#organization\"},\"potentialAction\":[{\"@type\":\"SearchAction\",\"target\":{\"@type\":\"EntryPoint\",\"urlTemplate\":\"https:\/\/www.institutodeengenharia.org.br\/site\/?s={search_term_string}\"},\"query-input\":{\"@type\":\"PropertyValueSpecification\",\"valueRequired\":true,\"valueName\":\"search_term_string\"}}],\"inLanguage\":\"pt-BR\"},{\"@type\":\"Organization\",\"@id\":\"https:\/\/www.institutodeengenharia.org.br\/site\/#organization\",\"name\":\"Instituto de Engenharia\",\"url\":\"https:\/\/www.institutodeengenharia.org.br\/site\/\",\"logo\":{\"@type\":\"ImageObject\",\"inLanguage\":\"pt-BR\",\"@id\":\"https:\/\/www.institutodeengenharia.org.br\/site\/#\/schema\/logo\/image\/\",\"url\":\"https:\/\/www.institutodeengenharia.org.br\/site\/wp-content\/uploads\/2019\/03\/logo-novo-IE2018-1.jpg\",\"contentUrl\":\"https:\/\/www.institutodeengenharia.org.br\/site\/wp-content\/uploads\/2019\/03\/logo-novo-IE2018-1.jpg\",\"width\":1486,\"height\":1879,\"caption\":\"Instituto de Engenharia\"},\"image\":{\"@id\":\"https:\/\/www.institutodeengenharia.org.br\/site\/#\/schema\/logo\/image\/\"},\"sameAs\":[\"https:\/\/www.facebook.com\/institutodeengenharia\",\"https:\/\/x.com\/iengenharia\",\"https:\/\/www.instagram.com\/institutodeengenharia\/\",\"https:\/\/www.linkedin.com\/company\/instituto-de-engenharia\/\",\"https:\/\/www.youtube.com\/channel\/UCXiCAlsSMe977vamW915HxA\"]},{\"@type\":\"Person\",\"@id\":\"https:\/\/www.institutodeengenharia.org.br\/site\/#\/schema\/person\/3b1ff109facef084739fc2edcb9a127f\",\"name\":\"TMax Tecnologia\",\"image\":{\"@type\":\"ImageObject\",\"inLanguage\":\"pt-BR\",\"@id\":\"https:\/\/secure.gravatar.com\/avatar\/f912434ef7f389c92cb311fcdae346af848465d638912574b3c669070f797701?s=96&d=mm&r=g\",\"url\":\"https:\/\/secure.gravatar.com\/avatar\/f912434ef7f389c92cb311fcdae346af848465d638912574b3c669070f797701?s=96&d=mm&r=g\",\"contentUrl\":\"https:\/\/secure.gravatar.com\/avatar\/f912434ef7f389c92cb311fcdae346af848465d638912574b3c669070f797701?s=96&d=mm&r=g\",\"caption\":\"TMax Tecnologia\"},\"url\":\"https:\/\/www.institutodeengenharia.org.br\/site\/author\/tmax\/\"}]}<\/script>\n<!-- \/ Yoast SEO plugin. -->","yoast_head_json":{"title":"Engenheiro indicado para diretoria da ANTT prev\u00ea grande amplia\u00e7\u00e3o de investimentos em transportes no pa\u00eds - Instituto de Engenharia","robots":{"index":"index","follow":"follow","max-snippet":"max-snippet:-1","max-image-preview":"max-image-preview:large","max-video-preview":"max-video-preview:-1"},"canonical":"https:\/\/www.institutodeengenharia.org.br\/site\/2008\/04\/17\/engenheiro-indicado-para-diretoria-da-antt-preve-grande-ampliacao-de-investimentos-em-transportes-no-pais\/","og_locale":"pt_BR","og_type":"article","og_title":"Engenheiro indicado para diretoria da ANTT prev\u00ea grande amplia\u00e7\u00e3o de investimentos em transportes no pa\u00eds - Instituto de Engenharia","og_description":"O engenheiro M\u00e1rio Rodrigues J\u00fanior foi sabatinado nesta ter\u00e7a-feira (15), durante a reuni\u00e3o da Comiss\u00e3o de Servi\u00e7os de Infra-Estrutura (CI) que ratificou sua indica\u00e7\u00e3o para ocupar uma das diretorias da Ag\u00eancia Nacional de Transportes Terrestres (ANTT). P\u00f3s-graduado em engenharia de transportes, M\u00e1rio Rodrigues J\u00fanior disse que nos pr\u00f3ximos anos o Brasil ter\u00e1 uma grande amplia\u00e7\u00e3o [&hellip;]","og_url":"https:\/\/www.institutodeengenharia.org.br\/site\/2008\/04\/17\/engenheiro-indicado-para-diretoria-da-antt-preve-grande-ampliacao-de-investimentos-em-transportes-no-pais\/","og_site_name":"Instituto de Engenharia","article_publisher":"https:\/\/www.facebook.com\/institutodeengenharia","article_published_time":"2008-04-17T21:48:54+00:00","author":"TMax Tecnologia","twitter_card":"summary_large_image","twitter_creator":"@iengenharia","twitter_site":"@iengenharia","twitter_misc":{"Escrito por":"TMax Tecnologia","Est. tempo de leitura":"2 minutos"},"schema":{"@context":"https:\/\/schema.org","@graph":[{"@type":"Article","@id":"https:\/\/www.institutodeengenharia.org.br\/site\/2008\/04\/17\/engenheiro-indicado-para-diretoria-da-antt-preve-grande-ampliacao-de-investimentos-em-transportes-no-pais\/#article","isPartOf":{"@id":"https:\/\/www.institutodeengenharia.org.br\/site\/2008\/04\/17\/engenheiro-indicado-para-diretoria-da-antt-preve-grande-ampliacao-de-investimentos-em-transportes-no-pais\/"},"author":{"name":"TMax Tecnologia","@id":"https:\/\/www.institutodeengenharia.org.br\/site\/#\/schema\/person\/3b1ff109facef084739fc2edcb9a127f"},"headline":"Engenheiro indicado para diretoria da ANTT prev\u00ea grande amplia\u00e7\u00e3o de investimentos em transportes no pa\u00eds","datePublished":"2008-04-17T21:48:54+00:00","mainEntityOfPage":{"@id":"https:\/\/www.institutodeengenharia.org.br\/site\/2008\/04\/17\/engenheiro-indicado-para-diretoria-da-antt-preve-grande-ampliacao-de-investimentos-em-transportes-no-pais\/"},"wordCount":348,"commentCount":0,"publisher":{"@id":"https:\/\/www.institutodeengenharia.org.br\/site\/#organization"},"articleSection":["Not\u00edcias","Transportes"],"inLanguage":"pt-BR","potentialAction":[{"@type":"CommentAction","name":"Comment","target":["https:\/\/www.institutodeengenharia.org.br\/site\/2008\/04\/17\/engenheiro-indicado-para-diretoria-da-antt-preve-grande-ampliacao-de-investimentos-em-transportes-no-pais\/#respond"]}]},{"@type":"WebPage","@id":"https:\/\/www.institutodeengenharia.org.br\/site\/2008\/04\/17\/engenheiro-indicado-para-diretoria-da-antt-preve-grande-ampliacao-de-investimentos-em-transportes-no-pais\/","url":"https:\/\/www.institutodeengenharia.org.br\/site\/2008\/04\/17\/engenheiro-indicado-para-diretoria-da-antt-preve-grande-ampliacao-de-investimentos-em-transportes-no-pais\/","name":"Engenheiro indicado para diretoria da ANTT prev\u00ea grande amplia\u00e7\u00e3o de investimentos em transportes no pa\u00eds - Instituto de Engenharia","isPartOf":{"@id":"https:\/\/www.institutodeengenharia.org.br\/site\/#website"},"datePublished":"2008-04-17T21:48:54+00:00","breadcrumb":{"@id":"https:\/\/www.institutodeengenharia.org.br\/site\/2008\/04\/17\/engenheiro-indicado-para-diretoria-da-antt-preve-grande-ampliacao-de-investimentos-em-transportes-no-pais\/#breadcrumb"},"inLanguage":"pt-BR","potentialAction":[{"@type":"ReadAction","target":["https:\/\/www.institutodeengenharia.org.br\/site\/2008\/04\/17\/engenheiro-indicado-para-diretoria-da-antt-preve-grande-ampliacao-de-investimentos-em-transportes-no-pais\/"]}]},{"@type":"BreadcrumbList","@id":"https:\/\/www.institutodeengenharia.org.br\/site\/2008\/04\/17\/engenheiro-indicado-para-diretoria-da-antt-preve-grande-ampliacao-de-investimentos-em-transportes-no-pais\/#breadcrumb","itemListElement":[{"@type":"ListItem","position":1,"name":"In\u00edcio","item":"https:\/\/www.institutodeengenharia.org.br\/site\/"},{"@type":"ListItem","position":2,"name":"Engenheiro indicado para diretoria da ANTT prev\u00ea grande amplia\u00e7\u00e3o de investimentos em transportes no pa\u00eds"}]},{"@type":"WebSite","@id":"https:\/\/www.institutodeengenharia.org.br\/site\/#website","url":"https:\/\/www.institutodeengenharia.org.br\/site\/","name":"Instituto de Engenharia","description":"O Instituto de Engenharia promove a Engenharia em benef\u00edcio do desenvolvimento e da qualidade de vida da sociedade.","publisher":{"@id":"https:\/\/www.institutodeengenharia.org.br\/site\/#organization"},"potentialAction":[{"@type":"SearchAction","target":{"@type":"EntryPoint","urlTemplate":"https:\/\/www.institutodeengenharia.org.br\/site\/?s={search_term_string}"},"query-input":{"@type":"PropertyValueSpecification","valueRequired":true,"valueName":"search_term_string"}}],"inLanguage":"pt-BR"},{"@type":"Organization","@id":"https:\/\/www.institutodeengenharia.org.br\/site\/#organization","name":"Instituto de Engenharia","url":"https:\/\/www.institutodeengenharia.org.br\/site\/","logo":{"@type":"ImageObject","inLanguage":"pt-BR","@id":"https:\/\/www.institutodeengenharia.org.br\/site\/#\/schema\/logo\/image\/","url":"https:\/\/www.institutodeengenharia.org.br\/site\/wp-content\/uploads\/2019\/03\/logo-novo-IE2018-1.jpg","contentUrl":"https:\/\/www.institutodeengenharia.org.br\/site\/wp-content\/uploads\/2019\/03\/logo-novo-IE2018-1.jpg","width":1486,"height":1879,"caption":"Instituto de Engenharia"},"image":{"@id":"https:\/\/www.institutodeengenharia.org.br\/site\/#\/schema\/logo\/image\/"},"sameAs":["https:\/\/www.facebook.com\/institutodeengenharia","https:\/\/x.com\/iengenharia","https:\/\/www.instagram.com\/institutodeengenharia\/","https:\/\/www.linkedin.com\/company\/instituto-de-engenharia\/","https:\/\/www.youtube.com\/channel\/UCXiCAlsSMe977vamW915HxA"]},{"@type":"Person","@id":"https:\/\/www.institutodeengenharia.org.br\/site\/#\/schema\/person\/3b1ff109facef084739fc2edcb9a127f","name":"TMax Tecnologia","image":{"@type":"ImageObject","inLanguage":"pt-BR","@id":"https:\/\/secure.gravatar.com\/avatar\/f912434ef7f389c92cb311fcdae346af848465d638912574b3c669070f797701?s=96&d=mm&r=g","url":"https:\/\/secure.gravatar.com\/avatar\/f912434ef7f389c92cb311fcdae346af848465d638912574b3c669070f797701?s=96&d=mm&r=g","contentUrl":"https:\/\/secure.gravatar.com\/avatar\/f912434ef7f389c92cb311fcdae346af848465d638912574b3c669070f797701?s=96&d=mm&r=g","caption":"TMax Tecnologia"},"url":"https:\/\/www.institutodeengenharia.org.br\/site\/author\/tmax\/"}]}},"_links":{"self":[{"href":"https:\/\/www.institutodeengenharia.org.br\/site\/wp-json\/wp\/v2\/posts\/14659","targetHints":{"allow":["GET"]}}],"collection":[{"href":"https:\/\/www.institutodeengenharia.org.br\/site\/wp-json\/wp\/v2\/posts"}],"about":[{"href":"https:\/\/www.institutodeengenharia.org.br\/site\/wp-json\/wp\/v2\/types\/post"}],"author":[{"embeddable":true,"href":"https:\/\/www.institutodeengenharia.org.br\/site\/wp-json\/wp\/v2\/users\/1"}],"replies":[{"embeddable":true,"href":"https:\/\/www.institutodeengenharia.org.br\/site\/wp-json\/wp\/v2\/comments?post=14659"}],"version-history":[{"count":0,"href":"https:\/\/www.institutodeengenharia.org.br\/site\/wp-json\/wp\/v2\/posts\/14659\/revisions"}],"wp:attachment":[{"href":"https:\/\/www.institutodeengenharia.org.br\/site\/wp-json\/wp\/v2\/media?parent=14659"}],"wp:term":[{"taxonomy":"category","embeddable":true,"href":"https:\/\/www.institutodeengenharia.org.br\/site\/wp-json\/wp\/v2\/categories?post=14659"},{"taxonomy":"post_tag","embeddable":true,"href":"https:\/\/www.institutodeengenharia.org.br\/site\/wp-json\/wp\/v2\/tags?post=14659"}],"curies":[{"name":"wp","href":"https:\/\/api.w.org\/{rel}","templated":true}]}}