{"id":14658,"date":"2008-04-17T21:48:53","date_gmt":"2008-04-17T21:48:53","guid":{"rendered":"https:\/\/www.institutodeengenharia.org.br\/?p=14658"},"modified":"2008-04-17T17:32:05","modified_gmt":"2008-04-17T17:32:05","slug":"dia-nacional-da-conservacao-do-solo-15-de-abril","status":"publish","type":"post","link":"https:\/\/www.institutodeengenharia.org.br\/site\/2008\/04\/17\/dia-nacional-da-conservacao-do-solo-15-de-abril\/","title":{"rendered":"Dia Nacional da Conserva\u00e7\u00e3o do Solo (15 de abril)"},"content":{"rendered":"<p>A Lei n\u00b0 7.876, homologada em 13 de novembro de 1989, quando nosso Pa\u00eds estava no 168\u00b0 ano de independ\u00eancia e 101\u00b0 de Rep\u00fablica, instituiu o Dia Nacional da Conserva\u00e7\u00e3o do Solo, a ser comemorado em todo territ\u00f3rio nacional no dia 15 de abril. Portanto, um dia para reflex\u00e3o e tamb\u00e9m de advert\u00eancia para recordar como os solos s\u00e3o formados e entender suas fragilidades desse recurso natural que est\u00e1 alicer\u00e7ando a sobreviv\u00eancia da na\u00e7\u00e3o. E tamb\u00e9m como s\u00e3o degradados para que possamos ter consciente desses processos e buscas outras pr\u00e1ticas que reduzam esses efeitos.\u00a0<\/p>\n<p>Esse dia foi escolhido em homenagem a um baluarte do conservacionismo internacional, ao nascimento de Hugh Hammond Bennett (15\/04\/1881 \u2013 07\/07\/1960) que \u00e9 considerado o pai da conserva\u00e7\u00e3o de solos e o primeiro respons\u00e1vel pelo Servi\u00e7o de Conserva\u00e7\u00e3o de Solos dos Estados Unidos. A escolha pode ser at\u00e9 questionada ou discutida e provavelmente, pode at\u00e9 ser mudada essa data conforme substituir esse por um outro homenageado nacional, por\u00e9m n\u00e3o ser deixada de existir um dia para a conserva\u00e7\u00e3o do solo.\u00a0<\/p>\n<p>O solo representa o registro do tempo em fun\u00e7\u00e3o dos fatores: geol\u00f3gico (litologia); geomorfol\u00f3gico (relevo); meteorol\u00f3gico (clima); biol\u00f3gico (organismos vivos) que permitem a rocha transformar em terra (solo) atrav\u00e9s do intemperismo. As diversidades desses fatores como tipos de rocha, tipos de relevo, classes de clima, e a ampla atividade dos organismos vivos ao longo do tempo, proporcionam uma diversidade de solos. Esse processo de forma\u00e7\u00e3o de solo que \u00e9 complexo e tamb\u00e9m lento que precisa de muito tempo para formar, numa ordem de grandeza de 5 cm de solo a cada 100 anos. Por isso o solo pode ser considerado um recurso natural n\u00e3o renov\u00e1vel a curto e m\u00e9dio tempo. O que torna importante saber manejar e conservar para a manuten\u00e7\u00e3o e melhoria da capacidade produtivo dos nossos solos.\u00a0<\/p>\n<p>Os processos de degrada\u00e7\u00e3o do solo s\u00e3o eros\u00e3o, desertifica\u00e7\u00e3o, saliniza\u00e7\u00e3o, compacta\u00e7\u00e3o, contamina\u00e7\u00e3o e esgotamento. Todos esses tipos de degrada\u00e7\u00e3o modificam as caracter\u00edsticas f\u00edsicas, qu\u00edmicas e biol\u00f3gicas do solo A eros\u00e3o representa uns dos principais processos de degrada\u00e7\u00e3o do solo que consiste em tr\u00eas etapas: destrui\u00e7\u00e3o da estrutura do solo, transporte e acumula\u00e7\u00e3o numa outra \u00e1reas ou manancial h\u00eddrico causando o assoreamento, enterro dos recursos h\u00eddricos.\u00a0<\/p>\n<p>Os agentes de eros\u00e3o determinam o tipo de eros\u00e3o: chuva a eros\u00e3o h\u00eddrica ou pluvial, vento a eros\u00e3o e\u00f3lica, gelo a eros\u00e3o glacial e mar a eros\u00e3o marinha. A eros\u00e3o h\u00eddrica \u00e9 a nossa maior preocupa\u00e7\u00e3o, por isso pensar em conserva\u00e7\u00e3o do solo tamb\u00e9m consiste em conservar a \u00e1gua e o solo.\u00a0<\/p>\n<p>As pr\u00e1ticas recomendadas para minimizar a eros\u00e3o h\u00eddrica s\u00e3o: evitar a primeira etapa que \u00e9 a destrui\u00e7\u00e3o da estrutura do solo atrav\u00e9s de manter o solo coberto por plantas de cobertura, cobertura morta, uso racional da pastagem, redu\u00e7\u00e3o do desmatamento, evitar a queimada, reflorestamento e ou recupera\u00e7\u00e3o de mata ciliar; evitar escoamento superficial como cultivos em faixa, cord\u00e3o vegetado, plantio em n\u00edvel, curva de n\u00edvel, terra\u00e7o, canais divergentes e escoadoures, distribui\u00e7\u00e3o e adequa\u00e7\u00e3o de estrada e carreadores; e outras pr\u00e1ticas como o plantio direto, quebra-vento, sistemas agroflorestas e uso do solo conforme sua aptid\u00e3o agr\u00edcola deva ser considerada no planejamento das atividades agr\u00edcola, portanto adotar o planejamento e as pr\u00e1ticas conservacionistas. Somente para ilustrar o efeito que pode provocar a eros\u00e3o h\u00eddrica uma perda de solo est\u00e1 na ordem de 700 kg\/ha\/ano em pastagem, 4 kg\/ha\/ano em floresta e chegar a 38.000 kg\/ha\/ano em cultivo anuais.\u00a0<\/p>\n<p>A \u00eanfase para a eros\u00e3o h\u00eddrica \u00e9 devido \u00e0 erosividade das chuvas no estado de Rond\u00f4nia \u00e9 considerada alta como para toda a regi\u00e3o Amaz\u00f4nica. A erosividade \u00e9 capacidade das chuvas em causar a eros\u00e3o que \u00e9 denominada por E30 que \u00e9 obtido pela intensidade m\u00e1xima da chuva durante trinta minutos cont\u00ednuos. O importante n\u00e3o \u00e9 considerar o valor anual, mas tamb\u00e9m os valores mensais para identificar o per\u00edodo mais cr\u00edtico. Esse per\u00edodo corresponde de novembro a abril, per\u00edodo das chuvas onde o \u00edndex atinge maiores \u00edndices nos meses de janeiro e fevereiro (E30 na faixa de 3.600 a 4.500 MJ.mm\/ha.h.m\u00eas enquanto que nos meses de maio a setembro apresentam menores valores, E30 inferior a 900 MJ.mm\/ha.h.m\u00eas, E a erosividade anual \u00e9 estimada na faixa de 16.000 a 18.000 MJ.mm\/ha.h.ano que \u00e9 considerada como uma classe de alta erosividade.\u00a0<\/p>\n<p>A Embrapa Rond\u00f4nia tem contribu\u00eddo com servi\u00e7o (laborat\u00f3rio de solos e plantas com padr\u00e3o de qualidade), pesquisa (recupera\u00e7\u00e3o do lago, sistemas agroflorestais, caf\u00e9 sombreado entre outras) e difus\u00e3o (dias de campos, cursos, campanha, publica\u00e7\u00f5es). E continuar\u00e1 participando com os demais t\u00e9cnicos das institui\u00e7\u00f5es p\u00fablicas e privadas e produtores e para o fortalecimento da agricultura, pecu\u00e1ria e florestal atrav\u00e9s da conserva\u00e7\u00e3o do solo e \u00e1gua. E inova\u00e7\u00f5es como laborat\u00f3rio reformado (em fase de conclus\u00e3o), novos projetos (sistema de plantio direto, transi\u00e7\u00e3o \u00e0 agroecologia em fase de proposta e outros como recupera\u00e7\u00e3o de mata ciliar e consorcia\u00e7\u00e3o de pastagem com leguminosa de projetos aprovados e em andamento) e fortalecimento da equipe de solo com novas contrata\u00e7\u00f5es de pesquisadores permitem fortalecimento da conserva\u00e7\u00e3o do solo e \u00e1gua em Rond\u00f4nia.\u00a0<\/p>\n<p>O nosso formulado de resultado de an\u00e1lise de solo e planta cont\u00e9m um slogan sobre o qual \u00e9 importante refletir neste dia: \u201cTerra: base da vida, sustento do homem. Analise-a\u201d. E tomando a liberdade para fazer uma par\u00f3dia desse. \u201cSolo: a base da vida, sustento do homem. Conserve-o!\u201d\u00a0<\/p>\n<p><strong>* \u00c9 pesquisador da Embrapa Rond\u00f4nia<\/strong>. \n<\/p>\n<p><b>Autor: \u00c2ngelo Mansur Mendes*<\/b><\/p>\n","protected":false},"excerpt":{"rendered":"<p>A Lei n\u00b0 7.876, homologada em 13 de novembro de 1989, quando nosso Pa\u00eds estava no 168\u00b0 ano de independ\u00eancia e 101\u00b0 de Rep\u00fablica, instituiu o Dia Nacional da Conserva\u00e7\u00e3o do Solo, a ser comemorado em todo territ\u00f3rio nacional no dia 15 de abril. Portanto, um dia para reflex\u00e3o e tamb\u00e9m de advert\u00eancia para recordar [&hellip;]<\/p>\n","protected":false},"author":1,"featured_media":0,"comment_status":"open","ping_status":"open","sticky":false,"template":"","format":"standard","meta":{"footnotes":""},"categories":[31,6],"tags":[],"class_list":{"0":"post-14658","1":"post","2":"type-post","3":"status-publish","4":"format-standard","6":"category-meio-ambiente","7":"category-noticias"},"yoast_head":"<!-- This site is optimized with the Yoast SEO plugin v27.2 - https:\/\/yoast.com\/product\/yoast-seo-wordpress\/ -->\n<title>Dia Nacional da Conserva\u00e7\u00e3o do Solo (15 de abril) - Instituto de Engenharia<\/title>\n<meta name=\"robots\" content=\"index, follow, max-snippet:-1, max-image-preview:large, max-video-preview:-1\" \/>\n<link rel=\"canonical\" href=\"https:\/\/www.institutodeengenharia.org.br\/site\/2008\/04\/17\/dia-nacional-da-conservacao-do-solo-15-de-abril\/\" \/>\n<meta property=\"og:locale\" content=\"pt_BR\" \/>\n<meta property=\"og:type\" content=\"article\" \/>\n<meta property=\"og:title\" content=\"Dia Nacional da Conserva\u00e7\u00e3o do Solo (15 de abril) - Instituto de Engenharia\" \/>\n<meta property=\"og:description\" content=\"A Lei n\u00b0 7.876, homologada em 13 de novembro de 1989, quando nosso Pa\u00eds estava no 168\u00b0 ano de independ\u00eancia e 101\u00b0 de Rep\u00fablica, instituiu o Dia Nacional da Conserva\u00e7\u00e3o do Solo, a ser comemorado em todo territ\u00f3rio nacional no dia 15 de abril. Portanto, um dia para reflex\u00e3o e tamb\u00e9m de advert\u00eancia para recordar [&hellip;]\" \/>\n<meta property=\"og:url\" content=\"https:\/\/www.institutodeengenharia.org.br\/site\/2008\/04\/17\/dia-nacional-da-conservacao-do-solo-15-de-abril\/\" \/>\n<meta property=\"og:site_name\" content=\"Instituto de Engenharia\" \/>\n<meta property=\"article:publisher\" content=\"https:\/\/www.facebook.com\/institutodeengenharia\" \/>\n<meta property=\"article:published_time\" content=\"2008-04-17T21:48:53+00:00\" \/>\n<meta name=\"author\" content=\"TMax Tecnologia\" \/>\n<meta name=\"twitter:card\" content=\"summary_large_image\" \/>\n<meta name=\"twitter:creator\" content=\"@iengenharia\" \/>\n<meta name=\"twitter:site\" content=\"@iengenharia\" \/>\n<meta name=\"twitter:label1\" content=\"Escrito por\" \/>\n\t<meta name=\"twitter:data1\" content=\"TMax Tecnologia\" \/>\n\t<meta name=\"twitter:label2\" content=\"Est. tempo de leitura\" \/>\n\t<meta name=\"twitter:data2\" content=\"5 minutos\" \/>\n<script type=\"application\/ld+json\" class=\"yoast-schema-graph\">{\"@context\":\"https:\/\/schema.org\",\"@graph\":[{\"@type\":\"Article\",\"@id\":\"https:\/\/www.institutodeengenharia.org.br\/site\/2008\/04\/17\/dia-nacional-da-conservacao-do-solo-15-de-abril\/#article\",\"isPartOf\":{\"@id\":\"https:\/\/www.institutodeengenharia.org.br\/site\/2008\/04\/17\/dia-nacional-da-conservacao-do-solo-15-de-abril\/\"},\"author\":{\"name\":\"TMax Tecnologia\",\"@id\":\"https:\/\/www.institutodeengenharia.org.br\/site\/#\/schema\/person\/3b1ff109facef084739fc2edcb9a127f\"},\"headline\":\"Dia Nacional da Conserva\u00e7\u00e3o do Solo (15 de abril)\",\"datePublished\":\"2008-04-17T21:48:53+00:00\",\"mainEntityOfPage\":{\"@id\":\"https:\/\/www.institutodeengenharia.org.br\/site\/2008\/04\/17\/dia-nacional-da-conservacao-do-solo-15-de-abril\/\"},\"wordCount\":1010,\"commentCount\":0,\"publisher\":{\"@id\":\"https:\/\/www.institutodeengenharia.org.br\/site\/#organization\"},\"articleSection\":[\"Meio Ambiente\",\"Not\u00edcias\"],\"inLanguage\":\"pt-BR\",\"potentialAction\":[{\"@type\":\"CommentAction\",\"name\":\"Comment\",\"target\":[\"https:\/\/www.institutodeengenharia.org.br\/site\/2008\/04\/17\/dia-nacional-da-conservacao-do-solo-15-de-abril\/#respond\"]}]},{\"@type\":\"WebPage\",\"@id\":\"https:\/\/www.institutodeengenharia.org.br\/site\/2008\/04\/17\/dia-nacional-da-conservacao-do-solo-15-de-abril\/\",\"url\":\"https:\/\/www.institutodeengenharia.org.br\/site\/2008\/04\/17\/dia-nacional-da-conservacao-do-solo-15-de-abril\/\",\"name\":\"Dia Nacional da Conserva\u00e7\u00e3o do Solo (15 de abril) - Instituto de Engenharia\",\"isPartOf\":{\"@id\":\"https:\/\/www.institutodeengenharia.org.br\/site\/#website\"},\"datePublished\":\"2008-04-17T21:48:53+00:00\",\"breadcrumb\":{\"@id\":\"https:\/\/www.institutodeengenharia.org.br\/site\/2008\/04\/17\/dia-nacional-da-conservacao-do-solo-15-de-abril\/#breadcrumb\"},\"inLanguage\":\"pt-BR\",\"potentialAction\":[{\"@type\":\"ReadAction\",\"target\":[\"https:\/\/www.institutodeengenharia.org.br\/site\/2008\/04\/17\/dia-nacional-da-conservacao-do-solo-15-de-abril\/\"]}]},{\"@type\":\"BreadcrumbList\",\"@id\":\"https:\/\/www.institutodeengenharia.org.br\/site\/2008\/04\/17\/dia-nacional-da-conservacao-do-solo-15-de-abril\/#breadcrumb\",\"itemListElement\":[{\"@type\":\"ListItem\",\"position\":1,\"name\":\"In\u00edcio\",\"item\":\"https:\/\/www.institutodeengenharia.org.br\/site\/\"},{\"@type\":\"ListItem\",\"position\":2,\"name\":\"Dia Nacional da Conserva\u00e7\u00e3o do Solo (15 de abril)\"}]},{\"@type\":\"WebSite\",\"@id\":\"https:\/\/www.institutodeengenharia.org.br\/site\/#website\",\"url\":\"https:\/\/www.institutodeengenharia.org.br\/site\/\",\"name\":\"Instituto de Engenharia\",\"description\":\"O Instituto de Engenharia promove a Engenharia em benef\u00edcio do desenvolvimento e da qualidade de vida da sociedade.\",\"publisher\":{\"@id\":\"https:\/\/www.institutodeengenharia.org.br\/site\/#organization\"},\"potentialAction\":[{\"@type\":\"SearchAction\",\"target\":{\"@type\":\"EntryPoint\",\"urlTemplate\":\"https:\/\/www.institutodeengenharia.org.br\/site\/?s={search_term_string}\"},\"query-input\":{\"@type\":\"PropertyValueSpecification\",\"valueRequired\":true,\"valueName\":\"search_term_string\"}}],\"inLanguage\":\"pt-BR\"},{\"@type\":\"Organization\",\"@id\":\"https:\/\/www.institutodeengenharia.org.br\/site\/#organization\",\"name\":\"Instituto de Engenharia\",\"url\":\"https:\/\/www.institutodeengenharia.org.br\/site\/\",\"logo\":{\"@type\":\"ImageObject\",\"inLanguage\":\"pt-BR\",\"@id\":\"https:\/\/www.institutodeengenharia.org.br\/site\/#\/schema\/logo\/image\/\",\"url\":\"https:\/\/www.institutodeengenharia.org.br\/site\/wp-content\/uploads\/2019\/03\/logo-novo-IE2018-1.jpg\",\"contentUrl\":\"https:\/\/www.institutodeengenharia.org.br\/site\/wp-content\/uploads\/2019\/03\/logo-novo-IE2018-1.jpg\",\"width\":1486,\"height\":1879,\"caption\":\"Instituto de Engenharia\"},\"image\":{\"@id\":\"https:\/\/www.institutodeengenharia.org.br\/site\/#\/schema\/logo\/image\/\"},\"sameAs\":[\"https:\/\/www.facebook.com\/institutodeengenharia\",\"https:\/\/x.com\/iengenharia\",\"https:\/\/www.instagram.com\/institutodeengenharia\/\",\"https:\/\/www.linkedin.com\/company\/instituto-de-engenharia\/\",\"https:\/\/www.youtube.com\/channel\/UCXiCAlsSMe977vamW915HxA\"]},{\"@type\":\"Person\",\"@id\":\"https:\/\/www.institutodeengenharia.org.br\/site\/#\/schema\/person\/3b1ff109facef084739fc2edcb9a127f\",\"name\":\"TMax Tecnologia\",\"image\":{\"@type\":\"ImageObject\",\"inLanguage\":\"pt-BR\",\"@id\":\"https:\/\/secure.gravatar.com\/avatar\/f912434ef7f389c92cb311fcdae346af848465d638912574b3c669070f797701?s=96&d=mm&r=g\",\"url\":\"https:\/\/secure.gravatar.com\/avatar\/f912434ef7f389c92cb311fcdae346af848465d638912574b3c669070f797701?s=96&d=mm&r=g\",\"contentUrl\":\"https:\/\/secure.gravatar.com\/avatar\/f912434ef7f389c92cb311fcdae346af848465d638912574b3c669070f797701?s=96&d=mm&r=g\",\"caption\":\"TMax Tecnologia\"},\"url\":\"https:\/\/www.institutodeengenharia.org.br\/site\/author\/tmax\/\"}]}<\/script>\n<!-- \/ Yoast SEO plugin. -->","yoast_head_json":{"title":"Dia Nacional da Conserva\u00e7\u00e3o do Solo (15 de abril) - Instituto de Engenharia","robots":{"index":"index","follow":"follow","max-snippet":"max-snippet:-1","max-image-preview":"max-image-preview:large","max-video-preview":"max-video-preview:-1"},"canonical":"https:\/\/www.institutodeengenharia.org.br\/site\/2008\/04\/17\/dia-nacional-da-conservacao-do-solo-15-de-abril\/","og_locale":"pt_BR","og_type":"article","og_title":"Dia Nacional da Conserva\u00e7\u00e3o do Solo (15 de abril) - Instituto de Engenharia","og_description":"A Lei n\u00b0 7.876, homologada em 13 de novembro de 1989, quando nosso Pa\u00eds estava no 168\u00b0 ano de independ\u00eancia e 101\u00b0 de Rep\u00fablica, instituiu o Dia Nacional da Conserva\u00e7\u00e3o do Solo, a ser comemorado em todo territ\u00f3rio nacional no dia 15 de abril. Portanto, um dia para reflex\u00e3o e tamb\u00e9m de advert\u00eancia para recordar [&hellip;]","og_url":"https:\/\/www.institutodeengenharia.org.br\/site\/2008\/04\/17\/dia-nacional-da-conservacao-do-solo-15-de-abril\/","og_site_name":"Instituto de Engenharia","article_publisher":"https:\/\/www.facebook.com\/institutodeengenharia","article_published_time":"2008-04-17T21:48:53+00:00","author":"TMax Tecnologia","twitter_card":"summary_large_image","twitter_creator":"@iengenharia","twitter_site":"@iengenharia","twitter_misc":{"Escrito por":"TMax Tecnologia","Est. tempo de leitura":"5 minutos"},"schema":{"@context":"https:\/\/schema.org","@graph":[{"@type":"Article","@id":"https:\/\/www.institutodeengenharia.org.br\/site\/2008\/04\/17\/dia-nacional-da-conservacao-do-solo-15-de-abril\/#article","isPartOf":{"@id":"https:\/\/www.institutodeengenharia.org.br\/site\/2008\/04\/17\/dia-nacional-da-conservacao-do-solo-15-de-abril\/"},"author":{"name":"TMax Tecnologia","@id":"https:\/\/www.institutodeengenharia.org.br\/site\/#\/schema\/person\/3b1ff109facef084739fc2edcb9a127f"},"headline":"Dia Nacional da Conserva\u00e7\u00e3o do Solo (15 de abril)","datePublished":"2008-04-17T21:48:53+00:00","mainEntityOfPage":{"@id":"https:\/\/www.institutodeengenharia.org.br\/site\/2008\/04\/17\/dia-nacional-da-conservacao-do-solo-15-de-abril\/"},"wordCount":1010,"commentCount":0,"publisher":{"@id":"https:\/\/www.institutodeengenharia.org.br\/site\/#organization"},"articleSection":["Meio Ambiente","Not\u00edcias"],"inLanguage":"pt-BR","potentialAction":[{"@type":"CommentAction","name":"Comment","target":["https:\/\/www.institutodeengenharia.org.br\/site\/2008\/04\/17\/dia-nacional-da-conservacao-do-solo-15-de-abril\/#respond"]}]},{"@type":"WebPage","@id":"https:\/\/www.institutodeengenharia.org.br\/site\/2008\/04\/17\/dia-nacional-da-conservacao-do-solo-15-de-abril\/","url":"https:\/\/www.institutodeengenharia.org.br\/site\/2008\/04\/17\/dia-nacional-da-conservacao-do-solo-15-de-abril\/","name":"Dia Nacional da Conserva\u00e7\u00e3o do Solo (15 de abril) - Instituto de Engenharia","isPartOf":{"@id":"https:\/\/www.institutodeengenharia.org.br\/site\/#website"},"datePublished":"2008-04-17T21:48:53+00:00","breadcrumb":{"@id":"https:\/\/www.institutodeengenharia.org.br\/site\/2008\/04\/17\/dia-nacional-da-conservacao-do-solo-15-de-abril\/#breadcrumb"},"inLanguage":"pt-BR","potentialAction":[{"@type":"ReadAction","target":["https:\/\/www.institutodeengenharia.org.br\/site\/2008\/04\/17\/dia-nacional-da-conservacao-do-solo-15-de-abril\/"]}]},{"@type":"BreadcrumbList","@id":"https:\/\/www.institutodeengenharia.org.br\/site\/2008\/04\/17\/dia-nacional-da-conservacao-do-solo-15-de-abril\/#breadcrumb","itemListElement":[{"@type":"ListItem","position":1,"name":"In\u00edcio","item":"https:\/\/www.institutodeengenharia.org.br\/site\/"},{"@type":"ListItem","position":2,"name":"Dia Nacional da Conserva\u00e7\u00e3o do Solo (15 de abril)"}]},{"@type":"WebSite","@id":"https:\/\/www.institutodeengenharia.org.br\/site\/#website","url":"https:\/\/www.institutodeengenharia.org.br\/site\/","name":"Instituto de Engenharia","description":"O Instituto de Engenharia promove a Engenharia em benef\u00edcio do desenvolvimento e da qualidade de vida da sociedade.","publisher":{"@id":"https:\/\/www.institutodeengenharia.org.br\/site\/#organization"},"potentialAction":[{"@type":"SearchAction","target":{"@type":"EntryPoint","urlTemplate":"https:\/\/www.institutodeengenharia.org.br\/site\/?s={search_term_string}"},"query-input":{"@type":"PropertyValueSpecification","valueRequired":true,"valueName":"search_term_string"}}],"inLanguage":"pt-BR"},{"@type":"Organization","@id":"https:\/\/www.institutodeengenharia.org.br\/site\/#organization","name":"Instituto de Engenharia","url":"https:\/\/www.institutodeengenharia.org.br\/site\/","logo":{"@type":"ImageObject","inLanguage":"pt-BR","@id":"https:\/\/www.institutodeengenharia.org.br\/site\/#\/schema\/logo\/image\/","url":"https:\/\/www.institutodeengenharia.org.br\/site\/wp-content\/uploads\/2019\/03\/logo-novo-IE2018-1.jpg","contentUrl":"https:\/\/www.institutodeengenharia.org.br\/site\/wp-content\/uploads\/2019\/03\/logo-novo-IE2018-1.jpg","width":1486,"height":1879,"caption":"Instituto de Engenharia"},"image":{"@id":"https:\/\/www.institutodeengenharia.org.br\/site\/#\/schema\/logo\/image\/"},"sameAs":["https:\/\/www.facebook.com\/institutodeengenharia","https:\/\/x.com\/iengenharia","https:\/\/www.instagram.com\/institutodeengenharia\/","https:\/\/www.linkedin.com\/company\/instituto-de-engenharia\/","https:\/\/www.youtube.com\/channel\/UCXiCAlsSMe977vamW915HxA"]},{"@type":"Person","@id":"https:\/\/www.institutodeengenharia.org.br\/site\/#\/schema\/person\/3b1ff109facef084739fc2edcb9a127f","name":"TMax Tecnologia","image":{"@type":"ImageObject","inLanguage":"pt-BR","@id":"https:\/\/secure.gravatar.com\/avatar\/f912434ef7f389c92cb311fcdae346af848465d638912574b3c669070f797701?s=96&d=mm&r=g","url":"https:\/\/secure.gravatar.com\/avatar\/f912434ef7f389c92cb311fcdae346af848465d638912574b3c669070f797701?s=96&d=mm&r=g","contentUrl":"https:\/\/secure.gravatar.com\/avatar\/f912434ef7f389c92cb311fcdae346af848465d638912574b3c669070f797701?s=96&d=mm&r=g","caption":"TMax Tecnologia"},"url":"https:\/\/www.institutodeengenharia.org.br\/site\/author\/tmax\/"}]}},"_links":{"self":[{"href":"https:\/\/www.institutodeengenharia.org.br\/site\/wp-json\/wp\/v2\/posts\/14658","targetHints":{"allow":["GET"]}}],"collection":[{"href":"https:\/\/www.institutodeengenharia.org.br\/site\/wp-json\/wp\/v2\/posts"}],"about":[{"href":"https:\/\/www.institutodeengenharia.org.br\/site\/wp-json\/wp\/v2\/types\/post"}],"author":[{"embeddable":true,"href":"https:\/\/www.institutodeengenharia.org.br\/site\/wp-json\/wp\/v2\/users\/1"}],"replies":[{"embeddable":true,"href":"https:\/\/www.institutodeengenharia.org.br\/site\/wp-json\/wp\/v2\/comments?post=14658"}],"version-history":[{"count":0,"href":"https:\/\/www.institutodeengenharia.org.br\/site\/wp-json\/wp\/v2\/posts\/14658\/revisions"}],"wp:attachment":[{"href":"https:\/\/www.institutodeengenharia.org.br\/site\/wp-json\/wp\/v2\/media?parent=14658"}],"wp:term":[{"taxonomy":"category","embeddable":true,"href":"https:\/\/www.institutodeengenharia.org.br\/site\/wp-json\/wp\/v2\/categories?post=14658"},{"taxonomy":"post_tag","embeddable":true,"href":"https:\/\/www.institutodeengenharia.org.br\/site\/wp-json\/wp\/v2\/tags?post=14658"}],"curies":[{"name":"wp","href":"https:\/\/api.w.org\/{rel}","templated":true}]}}