{"id":14650,"date":"2008-04-15T21:48:46","date_gmt":"2008-04-15T21:48:46","guid":{"rendered":"https:\/\/www.institutodeengenharia.org.br\/?p=14650"},"modified":"2008-04-15T13:33:13","modified_gmt":"2008-04-15T13:33:13","slug":"publicado-edital-para-o-leilao-da-uhe-jirau","status":"publish","type":"post","link":"https:\/\/www.institutodeengenharia.org.br\/site\/2008\/04\/15\/publicado-edital-para-o-leilao-da-uhe-jirau\/","title":{"rendered":"Publicado edital para o leil\u00e3o da UHE Jirau"},"content":{"rendered":"<p>A Aneel publicou no dia 11 de abril, no Di\u00e1rio Oficial da Uni\u00e3o, o aviso de convoca\u00e7\u00e3o para o leil\u00e3o de energia da usina hidrel\u00e9trica Jirau, que ser\u00e1 constru\u00edda no rio Madeira, em Rond\u00f4nia. A \u00edntegra do edital, cronograma e demais documentos est\u00e3o dispon\u00edveis hoje no perfil Espa\u00e7o do Empreendedor no link Editais de Gera\u00e7\u00e3o\/Leil\u00e3o 005\/2008 na p\u00e1gina eletr\u00f4nica www.aneel.gov.br.\u00a0<\/p>\n<p>O leil\u00e3o da segunda usina do Complexo do Rio Madeira ser\u00e1 realizado no pr\u00f3ximo dia 12 de maio, como definiu a portaria n\u00ba 148\/2008, do Minist\u00e9rio de Minas e Energia (MME). O certame ser\u00e1 realizado na sede da Ag\u00eancia em Bras\u00edlia, por sistema eletr\u00f4nico desenvolvido pela pr\u00f3pria Aneel. Por delega\u00e7\u00e3o da Ag\u00eancia, parte da operacionaliza\u00e7\u00e3o ficar\u00e1 a cargo da C\u00e2mara de Comercializa\u00e7\u00e3o de Energia El\u00e9trica (CCEE).\u00a0<\/p>\n<p>A usina Jirau ter\u00e1 3.300 megawatts (MW) de capacidade instalada e 1.975,3 MW m\u00e9dios de garantia f\u00edsica. O empreendimento dever\u00e1 gerar energia a partir de 2013.\u00a0<\/p>\n<p>O projeto inclui a instala\u00e7\u00e3o de 44 turbinas e a \u00e1rea do reservat\u00f3rio com 258 quil\u00f4metros quadrados. O prazo, contado desde a assinatura do contrato de concess\u00e3o, at\u00e9 a implanta\u00e7\u00e3o final do empreendimento \u00e9 de 90 meses, equivalente a 7,5 anos. O valor total do investimento, avaliado pela Empresa de Pesquisa Energ\u00e9tica (EPE), para a constru\u00e7\u00e3o da usina foi definido em R$ 8,7 bilh\u00f5es, com data de refer\u00eancia de outubro de 2007.\u00a0<\/p>\n<p>Cronograma \u2013 Pelo calend\u00e1rio estimado das atividades, a inscri\u00e7\u00e3o das empresas interessadas ocorrer\u00e1 nos dias 28 e 29 de abril, em local a ser divulgado. No dia 30 de abril ser\u00e1 realizado o aporte de garantias de participa\u00e7\u00e3o e entrega das senhas de acesso ao sistema do leil\u00e3o. <\/p>\n<p><b>Autor: Boletim Energia Aneel<\/b><\/p>\n","protected":false},"excerpt":{"rendered":"<p>A Aneel publicou no dia 11 de abril, no Di\u00e1rio Oficial da Uni\u00e3o, o aviso de convoca\u00e7\u00e3o para o leil\u00e3o de energia da usina hidrel\u00e9trica Jirau, que ser\u00e1 constru\u00edda no rio Madeira, em Rond\u00f4nia. A \u00edntegra do edital, cronograma e demais documentos est\u00e3o dispon\u00edveis hoje no perfil Espa\u00e7o do Empreendedor no link Editais de Gera\u00e7\u00e3o\/Leil\u00e3o [&hellip;]<\/p>\n","protected":false},"author":1,"featured_media":0,"comment_status":"open","ping_status":"open","sticky":false,"template":"","format":"standard","meta":{"footnotes":""},"categories":[24,6],"tags":[],"class_list":{"0":"post-14650","1":"post","2":"type-post","3":"status-publish","4":"format-standard","6":"category-energia","7":"category-noticias"},"yoast_head":"<!-- This site is optimized with the Yoast SEO plugin v27.2 - https:\/\/yoast.com\/product\/yoast-seo-wordpress\/ -->\n<title>Publicado edital para o leil\u00e3o da UHE Jirau - Instituto de Engenharia<\/title>\n<meta name=\"robots\" content=\"index, follow, max-snippet:-1, max-image-preview:large, max-video-preview:-1\" \/>\n<link rel=\"canonical\" href=\"https:\/\/www.institutodeengenharia.org.br\/site\/2008\/04\/15\/publicado-edital-para-o-leilao-da-uhe-jirau\/\" \/>\n<meta property=\"og:locale\" content=\"pt_BR\" \/>\n<meta property=\"og:type\" content=\"article\" \/>\n<meta property=\"og:title\" content=\"Publicado edital para o leil\u00e3o da UHE Jirau - Instituto de Engenharia\" \/>\n<meta property=\"og:description\" content=\"A Aneel publicou no dia 11 de abril, no Di\u00e1rio Oficial da Uni\u00e3o, o aviso de convoca\u00e7\u00e3o para o leil\u00e3o de energia da usina hidrel\u00e9trica Jirau, que ser\u00e1 constru\u00edda no rio Madeira, em Rond\u00f4nia. A \u00edntegra do edital, cronograma e demais documentos est\u00e3o dispon\u00edveis hoje no perfil Espa\u00e7o do Empreendedor no link Editais de Gera\u00e7\u00e3o\/Leil\u00e3o [&hellip;]\" \/>\n<meta property=\"og:url\" content=\"https:\/\/www.institutodeengenharia.org.br\/site\/2008\/04\/15\/publicado-edital-para-o-leilao-da-uhe-jirau\/\" \/>\n<meta property=\"og:site_name\" content=\"Instituto de Engenharia\" \/>\n<meta property=\"article:publisher\" content=\"https:\/\/www.facebook.com\/institutodeengenharia\" \/>\n<meta property=\"article:published_time\" content=\"2008-04-15T21:48:46+00:00\" \/>\n<meta name=\"author\" content=\"TMax Tecnologia\" \/>\n<meta name=\"twitter:card\" content=\"summary_large_image\" \/>\n<meta name=\"twitter:creator\" content=\"@iengenharia\" \/>\n<meta name=\"twitter:site\" content=\"@iengenharia\" \/>\n<meta name=\"twitter:label1\" content=\"Escrito por\" \/>\n\t<meta name=\"twitter:data1\" content=\"TMax Tecnologia\" \/>\n\t<meta name=\"twitter:label2\" content=\"Est. tempo de leitura\" \/>\n\t<meta name=\"twitter:data2\" content=\"2 minutos\" \/>\n<script type=\"application\/ld+json\" class=\"yoast-schema-graph\">{\"@context\":\"https:\/\/schema.org\",\"@graph\":[{\"@type\":\"Article\",\"@id\":\"https:\/\/www.institutodeengenharia.org.br\/site\/2008\/04\/15\/publicado-edital-para-o-leilao-da-uhe-jirau\/#article\",\"isPartOf\":{\"@id\":\"https:\/\/www.institutodeengenharia.org.br\/site\/2008\/04\/15\/publicado-edital-para-o-leilao-da-uhe-jirau\/\"},\"author\":{\"name\":\"TMax Tecnologia\",\"@id\":\"https:\/\/www.institutodeengenharia.org.br\/site\/#\/schema\/person\/3b1ff109facef084739fc2edcb9a127f\"},\"headline\":\"Publicado edital para o leil\u00e3o da UHE Jirau\",\"datePublished\":\"2008-04-15T21:48:46+00:00\",\"mainEntityOfPage\":{\"@id\":\"https:\/\/www.institutodeengenharia.org.br\/site\/2008\/04\/15\/publicado-edital-para-o-leilao-da-uhe-jirau\/\"},\"wordCount\":313,\"commentCount\":0,\"publisher\":{\"@id\":\"https:\/\/www.institutodeengenharia.org.br\/site\/#organization\"},\"articleSection\":[\"Energia\",\"Not\u00edcias\"],\"inLanguage\":\"pt-BR\",\"potentialAction\":[{\"@type\":\"CommentAction\",\"name\":\"Comment\",\"target\":[\"https:\/\/www.institutodeengenharia.org.br\/site\/2008\/04\/15\/publicado-edital-para-o-leilao-da-uhe-jirau\/#respond\"]}]},{\"@type\":\"WebPage\",\"@id\":\"https:\/\/www.institutodeengenharia.org.br\/site\/2008\/04\/15\/publicado-edital-para-o-leilao-da-uhe-jirau\/\",\"url\":\"https:\/\/www.institutodeengenharia.org.br\/site\/2008\/04\/15\/publicado-edital-para-o-leilao-da-uhe-jirau\/\",\"name\":\"Publicado edital para o leil\u00e3o da UHE Jirau - Instituto de Engenharia\",\"isPartOf\":{\"@id\":\"https:\/\/www.institutodeengenharia.org.br\/site\/#website\"},\"datePublished\":\"2008-04-15T21:48:46+00:00\",\"breadcrumb\":{\"@id\":\"https:\/\/www.institutodeengenharia.org.br\/site\/2008\/04\/15\/publicado-edital-para-o-leilao-da-uhe-jirau\/#breadcrumb\"},\"inLanguage\":\"pt-BR\",\"potentialAction\":[{\"@type\":\"ReadAction\",\"target\":[\"https:\/\/www.institutodeengenharia.org.br\/site\/2008\/04\/15\/publicado-edital-para-o-leilao-da-uhe-jirau\/\"]}]},{\"@type\":\"BreadcrumbList\",\"@id\":\"https:\/\/www.institutodeengenharia.org.br\/site\/2008\/04\/15\/publicado-edital-para-o-leilao-da-uhe-jirau\/#breadcrumb\",\"itemListElement\":[{\"@type\":\"ListItem\",\"position\":1,\"name\":\"In\u00edcio\",\"item\":\"https:\/\/www.institutodeengenharia.org.br\/site\/\"},{\"@type\":\"ListItem\",\"position\":2,\"name\":\"Publicado edital para o leil\u00e3o da UHE Jirau\"}]},{\"@type\":\"WebSite\",\"@id\":\"https:\/\/www.institutodeengenharia.org.br\/site\/#website\",\"url\":\"https:\/\/www.institutodeengenharia.org.br\/site\/\",\"name\":\"Instituto de Engenharia\",\"description\":\"O Instituto de Engenharia promove a Engenharia em benef\u00edcio do desenvolvimento e da qualidade de vida da sociedade.\",\"publisher\":{\"@id\":\"https:\/\/www.institutodeengenharia.org.br\/site\/#organization\"},\"potentialAction\":[{\"@type\":\"SearchAction\",\"target\":{\"@type\":\"EntryPoint\",\"urlTemplate\":\"https:\/\/www.institutodeengenharia.org.br\/site\/?s={search_term_string}\"},\"query-input\":{\"@type\":\"PropertyValueSpecification\",\"valueRequired\":true,\"valueName\":\"search_term_string\"}}],\"inLanguage\":\"pt-BR\"},{\"@type\":\"Organization\",\"@id\":\"https:\/\/www.institutodeengenharia.org.br\/site\/#organization\",\"name\":\"Instituto de Engenharia\",\"url\":\"https:\/\/www.institutodeengenharia.org.br\/site\/\",\"logo\":{\"@type\":\"ImageObject\",\"inLanguage\":\"pt-BR\",\"@id\":\"https:\/\/www.institutodeengenharia.org.br\/site\/#\/schema\/logo\/image\/\",\"url\":\"https:\/\/www.institutodeengenharia.org.br\/site\/wp-content\/uploads\/2019\/03\/logo-novo-IE2018-1.jpg\",\"contentUrl\":\"https:\/\/www.institutodeengenharia.org.br\/site\/wp-content\/uploads\/2019\/03\/logo-novo-IE2018-1.jpg\",\"width\":1486,\"height\":1879,\"caption\":\"Instituto de Engenharia\"},\"image\":{\"@id\":\"https:\/\/www.institutodeengenharia.org.br\/site\/#\/schema\/logo\/image\/\"},\"sameAs\":[\"https:\/\/www.facebook.com\/institutodeengenharia\",\"https:\/\/x.com\/iengenharia\",\"https:\/\/www.instagram.com\/institutodeengenharia\/\",\"https:\/\/www.linkedin.com\/company\/instituto-de-engenharia\/\",\"https:\/\/www.youtube.com\/channel\/UCXiCAlsSMe977vamW915HxA\"]},{\"@type\":\"Person\",\"@id\":\"https:\/\/www.institutodeengenharia.org.br\/site\/#\/schema\/person\/3b1ff109facef084739fc2edcb9a127f\",\"name\":\"TMax Tecnologia\",\"image\":{\"@type\":\"ImageObject\",\"inLanguage\":\"pt-BR\",\"@id\":\"https:\/\/secure.gravatar.com\/avatar\/f912434ef7f389c92cb311fcdae346af848465d638912574b3c669070f797701?s=96&d=mm&r=g\",\"url\":\"https:\/\/secure.gravatar.com\/avatar\/f912434ef7f389c92cb311fcdae346af848465d638912574b3c669070f797701?s=96&d=mm&r=g\",\"contentUrl\":\"https:\/\/secure.gravatar.com\/avatar\/f912434ef7f389c92cb311fcdae346af848465d638912574b3c669070f797701?s=96&d=mm&r=g\",\"caption\":\"TMax Tecnologia\"},\"url\":\"https:\/\/www.institutodeengenharia.org.br\/site\/author\/tmax\/\"}]}<\/script>\n<!-- \/ Yoast SEO plugin. -->","yoast_head_json":{"title":"Publicado edital para o leil\u00e3o da UHE Jirau - Instituto de Engenharia","robots":{"index":"index","follow":"follow","max-snippet":"max-snippet:-1","max-image-preview":"max-image-preview:large","max-video-preview":"max-video-preview:-1"},"canonical":"https:\/\/www.institutodeengenharia.org.br\/site\/2008\/04\/15\/publicado-edital-para-o-leilao-da-uhe-jirau\/","og_locale":"pt_BR","og_type":"article","og_title":"Publicado edital para o leil\u00e3o da UHE Jirau - Instituto de Engenharia","og_description":"A Aneel publicou no dia 11 de abril, no Di\u00e1rio Oficial da Uni\u00e3o, o aviso de convoca\u00e7\u00e3o para o leil\u00e3o de energia da usina hidrel\u00e9trica Jirau, que ser\u00e1 constru\u00edda no rio Madeira, em Rond\u00f4nia. A \u00edntegra do edital, cronograma e demais documentos est\u00e3o dispon\u00edveis hoje no perfil Espa\u00e7o do Empreendedor no link Editais de Gera\u00e7\u00e3o\/Leil\u00e3o [&hellip;]","og_url":"https:\/\/www.institutodeengenharia.org.br\/site\/2008\/04\/15\/publicado-edital-para-o-leilao-da-uhe-jirau\/","og_site_name":"Instituto de Engenharia","article_publisher":"https:\/\/www.facebook.com\/institutodeengenharia","article_published_time":"2008-04-15T21:48:46+00:00","author":"TMax Tecnologia","twitter_card":"summary_large_image","twitter_creator":"@iengenharia","twitter_site":"@iengenharia","twitter_misc":{"Escrito por":"TMax Tecnologia","Est. tempo de leitura":"2 minutos"},"schema":{"@context":"https:\/\/schema.org","@graph":[{"@type":"Article","@id":"https:\/\/www.institutodeengenharia.org.br\/site\/2008\/04\/15\/publicado-edital-para-o-leilao-da-uhe-jirau\/#article","isPartOf":{"@id":"https:\/\/www.institutodeengenharia.org.br\/site\/2008\/04\/15\/publicado-edital-para-o-leilao-da-uhe-jirau\/"},"author":{"name":"TMax Tecnologia","@id":"https:\/\/www.institutodeengenharia.org.br\/site\/#\/schema\/person\/3b1ff109facef084739fc2edcb9a127f"},"headline":"Publicado edital para o leil\u00e3o da UHE Jirau","datePublished":"2008-04-15T21:48:46+00:00","mainEntityOfPage":{"@id":"https:\/\/www.institutodeengenharia.org.br\/site\/2008\/04\/15\/publicado-edital-para-o-leilao-da-uhe-jirau\/"},"wordCount":313,"commentCount":0,"publisher":{"@id":"https:\/\/www.institutodeengenharia.org.br\/site\/#organization"},"articleSection":["Energia","Not\u00edcias"],"inLanguage":"pt-BR","potentialAction":[{"@type":"CommentAction","name":"Comment","target":["https:\/\/www.institutodeengenharia.org.br\/site\/2008\/04\/15\/publicado-edital-para-o-leilao-da-uhe-jirau\/#respond"]}]},{"@type":"WebPage","@id":"https:\/\/www.institutodeengenharia.org.br\/site\/2008\/04\/15\/publicado-edital-para-o-leilao-da-uhe-jirau\/","url":"https:\/\/www.institutodeengenharia.org.br\/site\/2008\/04\/15\/publicado-edital-para-o-leilao-da-uhe-jirau\/","name":"Publicado edital para o leil\u00e3o da UHE Jirau - Instituto de Engenharia","isPartOf":{"@id":"https:\/\/www.institutodeengenharia.org.br\/site\/#website"},"datePublished":"2008-04-15T21:48:46+00:00","breadcrumb":{"@id":"https:\/\/www.institutodeengenharia.org.br\/site\/2008\/04\/15\/publicado-edital-para-o-leilao-da-uhe-jirau\/#breadcrumb"},"inLanguage":"pt-BR","potentialAction":[{"@type":"ReadAction","target":["https:\/\/www.institutodeengenharia.org.br\/site\/2008\/04\/15\/publicado-edital-para-o-leilao-da-uhe-jirau\/"]}]},{"@type":"BreadcrumbList","@id":"https:\/\/www.institutodeengenharia.org.br\/site\/2008\/04\/15\/publicado-edital-para-o-leilao-da-uhe-jirau\/#breadcrumb","itemListElement":[{"@type":"ListItem","position":1,"name":"In\u00edcio","item":"https:\/\/www.institutodeengenharia.org.br\/site\/"},{"@type":"ListItem","position":2,"name":"Publicado edital para o leil\u00e3o da UHE Jirau"}]},{"@type":"WebSite","@id":"https:\/\/www.institutodeengenharia.org.br\/site\/#website","url":"https:\/\/www.institutodeengenharia.org.br\/site\/","name":"Instituto de Engenharia","description":"O Instituto de Engenharia promove a Engenharia em benef\u00edcio do desenvolvimento e da qualidade de vida da sociedade.","publisher":{"@id":"https:\/\/www.institutodeengenharia.org.br\/site\/#organization"},"potentialAction":[{"@type":"SearchAction","target":{"@type":"EntryPoint","urlTemplate":"https:\/\/www.institutodeengenharia.org.br\/site\/?s={search_term_string}"},"query-input":{"@type":"PropertyValueSpecification","valueRequired":true,"valueName":"search_term_string"}}],"inLanguage":"pt-BR"},{"@type":"Organization","@id":"https:\/\/www.institutodeengenharia.org.br\/site\/#organization","name":"Instituto de Engenharia","url":"https:\/\/www.institutodeengenharia.org.br\/site\/","logo":{"@type":"ImageObject","inLanguage":"pt-BR","@id":"https:\/\/www.institutodeengenharia.org.br\/site\/#\/schema\/logo\/image\/","url":"https:\/\/www.institutodeengenharia.org.br\/site\/wp-content\/uploads\/2019\/03\/logo-novo-IE2018-1.jpg","contentUrl":"https:\/\/www.institutodeengenharia.org.br\/site\/wp-content\/uploads\/2019\/03\/logo-novo-IE2018-1.jpg","width":1486,"height":1879,"caption":"Instituto de Engenharia"},"image":{"@id":"https:\/\/www.institutodeengenharia.org.br\/site\/#\/schema\/logo\/image\/"},"sameAs":["https:\/\/www.facebook.com\/institutodeengenharia","https:\/\/x.com\/iengenharia","https:\/\/www.instagram.com\/institutodeengenharia\/","https:\/\/www.linkedin.com\/company\/instituto-de-engenharia\/","https:\/\/www.youtube.com\/channel\/UCXiCAlsSMe977vamW915HxA"]},{"@type":"Person","@id":"https:\/\/www.institutodeengenharia.org.br\/site\/#\/schema\/person\/3b1ff109facef084739fc2edcb9a127f","name":"TMax Tecnologia","image":{"@type":"ImageObject","inLanguage":"pt-BR","@id":"https:\/\/secure.gravatar.com\/avatar\/f912434ef7f389c92cb311fcdae346af848465d638912574b3c669070f797701?s=96&d=mm&r=g","url":"https:\/\/secure.gravatar.com\/avatar\/f912434ef7f389c92cb311fcdae346af848465d638912574b3c669070f797701?s=96&d=mm&r=g","contentUrl":"https:\/\/secure.gravatar.com\/avatar\/f912434ef7f389c92cb311fcdae346af848465d638912574b3c669070f797701?s=96&d=mm&r=g","caption":"TMax Tecnologia"},"url":"https:\/\/www.institutodeengenharia.org.br\/site\/author\/tmax\/"}]}},"_links":{"self":[{"href":"https:\/\/www.institutodeengenharia.org.br\/site\/wp-json\/wp\/v2\/posts\/14650","targetHints":{"allow":["GET"]}}],"collection":[{"href":"https:\/\/www.institutodeengenharia.org.br\/site\/wp-json\/wp\/v2\/posts"}],"about":[{"href":"https:\/\/www.institutodeengenharia.org.br\/site\/wp-json\/wp\/v2\/types\/post"}],"author":[{"embeddable":true,"href":"https:\/\/www.institutodeengenharia.org.br\/site\/wp-json\/wp\/v2\/users\/1"}],"replies":[{"embeddable":true,"href":"https:\/\/www.institutodeengenharia.org.br\/site\/wp-json\/wp\/v2\/comments?post=14650"}],"version-history":[{"count":0,"href":"https:\/\/www.institutodeengenharia.org.br\/site\/wp-json\/wp\/v2\/posts\/14650\/revisions"}],"wp:attachment":[{"href":"https:\/\/www.institutodeengenharia.org.br\/site\/wp-json\/wp\/v2\/media?parent=14650"}],"wp:term":[{"taxonomy":"category","embeddable":true,"href":"https:\/\/www.institutodeengenharia.org.br\/site\/wp-json\/wp\/v2\/categories?post=14650"},{"taxonomy":"post_tag","embeddable":true,"href":"https:\/\/www.institutodeengenharia.org.br\/site\/wp-json\/wp\/v2\/tags?post=14650"}],"curies":[{"name":"wp","href":"https:\/\/api.w.org\/{rel}","templated":true}]}}