{"id":14640,"date":"2008-04-11T21:48:34","date_gmt":"2008-04-11T21:48:34","guid":{"rendered":"https:\/\/www.institutodeengenharia.org.br\/?p=14640"},"modified":"2008-04-11T11:28:16","modified_gmt":"2008-04-11T11:28:16","slug":"chesf-e-ana-farao-mapeamento-do-rio-sao-francisco","status":"publish","type":"post","link":"https:\/\/www.institutodeengenharia.org.br\/site\/2008\/04\/11\/chesf-e-ana-farao-mapeamento-do-rio-sao-francisco\/","title":{"rendered":"Chesf e ANA far\u00e3o mapeamento do Rio S\u00e3o Francisco"},"content":{"rendered":"<p>A Chesf e a Ag\u00eancia Nacional de \u00c1guas (ANA) firmaram Termo de Coopera\u00e7\u00e3o T\u00e9cnica para elabora\u00e7\u00e3o de mapeamento georeferenciado das \u00e1reas inund\u00e1veis nas margens do Rio S\u00e3o Francisco \u00e0 jusante do reservat\u00f3rio de Sobradinho (BA). <\/p>\n<p>Em entrevista coletiva concedida no dia 09 de abril, no Recife (PE), o diretor de Opera\u00e7\u00e3o da Chesf, Mozart Arnaud, destacou que o trabalho resultar\u00e1 na consolida\u00e7\u00e3o do Mapa de Uso e Ocupa\u00e7\u00e3o do Solo em \u00c1reas Cr\u00edticas e N\u00e3o-Cr\u00edticas, que vai registrar o movimento natural que o rio apresenta em tempos de chuvas e de estiagem, delimitando seu leito. <\/p>\n<p>O presidente da ANA, Jos\u00e9 Machado, afirmou que o Mapa ser\u00e1 um importante instrumento para a implementa\u00e7\u00e3o de pol\u00edticas p\u00fablicas para evitar que popula\u00e7\u00f5es venham a habitar em locais que ficam sujeitos a riscos, em caso de cheias do rio S\u00e3o Francisco. <\/p>\n<p>O trecho entre os reservat\u00f3rios de Sobradinho (BA) e Itaparica (PE) \u00e9 considerado \u00e1rea n\u00e3o-cr\u00edtica, com vaz\u00f5es variando entre 2.000 m\u00b3\/s a 6.000 m\u00b3\/s. J\u00e1 as zonas ribeirinhas dos munic\u00edpios de Petrolina (PE) e Juazeiro (BA) &#8211; incluindo o balne\u00e1rio da Ilha do Rodeadouro e o bairro de Angary, pertencentes aos dois munic\u00edpios, respectivamente &#8211; s\u00e3o apontadas como \u00e1reas cr\u00edticas, com vaz\u00f5es entre 2.000 m\u00b3\/s e 8.000 m\u00b3\/s. <\/p>\n<p><b>Autor: Assessoria de comunica\u00e7\u00e3o Chesf<\/b><\/p>\n","protected":false},"excerpt":{"rendered":"<p>A Chesf e a Ag\u00eancia Nacional de \u00c1guas (ANA) firmaram Termo de Coopera\u00e7\u00e3o T\u00e9cnica para elabora\u00e7\u00e3o de mapeamento georeferenciado das \u00e1reas inund\u00e1veis nas margens do Rio S\u00e3o Francisco \u00e0 jusante do reservat\u00f3rio de Sobradinho (BA). Em entrevista coletiva concedida no dia 09 de abril, no Recife (PE), o diretor de Opera\u00e7\u00e3o da Chesf, Mozart Arnaud, [&hellip;]<\/p>\n","protected":false},"author":1,"featured_media":0,"comment_status":"open","ping_status":"open","sticky":false,"template":"","format":"standard","meta":{"footnotes":""},"categories":[6,38],"tags":[],"class_list":{"0":"post-14640","1":"post","2":"type-post","3":"status-publish","4":"format-standard","6":"category-noticias","7":"category-recursos-hidricos"},"yoast_head":"<!-- This site is optimized with the Yoast SEO plugin v27.2 - https:\/\/yoast.com\/product\/yoast-seo-wordpress\/ -->\n<title>Chesf e ANA far\u00e3o mapeamento do Rio S\u00e3o Francisco - Instituto de Engenharia<\/title>\n<meta name=\"robots\" content=\"index, follow, max-snippet:-1, max-image-preview:large, max-video-preview:-1\" \/>\n<link rel=\"canonical\" href=\"https:\/\/www.institutodeengenharia.org.br\/site\/2008\/04\/11\/chesf-e-ana-farao-mapeamento-do-rio-sao-francisco\/\" \/>\n<meta property=\"og:locale\" content=\"pt_BR\" \/>\n<meta property=\"og:type\" content=\"article\" \/>\n<meta property=\"og:title\" content=\"Chesf e ANA far\u00e3o mapeamento do Rio S\u00e3o Francisco - Instituto de Engenharia\" \/>\n<meta property=\"og:description\" content=\"A Chesf e a Ag\u00eancia Nacional de \u00c1guas (ANA) firmaram Termo de Coopera\u00e7\u00e3o T\u00e9cnica para elabora\u00e7\u00e3o de mapeamento georeferenciado das \u00e1reas inund\u00e1veis nas margens do Rio S\u00e3o Francisco \u00e0 jusante do reservat\u00f3rio de Sobradinho (BA). Em entrevista coletiva concedida no dia 09 de abril, no Recife (PE), o diretor de Opera\u00e7\u00e3o da Chesf, Mozart Arnaud, [&hellip;]\" \/>\n<meta property=\"og:url\" content=\"https:\/\/www.institutodeengenharia.org.br\/site\/2008\/04\/11\/chesf-e-ana-farao-mapeamento-do-rio-sao-francisco\/\" \/>\n<meta property=\"og:site_name\" content=\"Instituto de Engenharia\" \/>\n<meta property=\"article:publisher\" content=\"https:\/\/www.facebook.com\/institutodeengenharia\" \/>\n<meta property=\"article:published_time\" content=\"2008-04-11T21:48:34+00:00\" \/>\n<meta name=\"author\" content=\"TMax Tecnologia\" \/>\n<meta name=\"twitter:card\" content=\"summary_large_image\" \/>\n<meta name=\"twitter:creator\" content=\"@iengenharia\" \/>\n<meta name=\"twitter:site\" content=\"@iengenharia\" \/>\n<meta name=\"twitter:label1\" content=\"Escrito por\" \/>\n\t<meta name=\"twitter:data1\" content=\"TMax Tecnologia\" \/>\n\t<meta name=\"twitter:label2\" content=\"Est. tempo de leitura\" \/>\n\t<meta name=\"twitter:data2\" content=\"1 minuto\" \/>\n<script type=\"application\/ld+json\" class=\"yoast-schema-graph\">{\"@context\":\"https:\/\/schema.org\",\"@graph\":[{\"@type\":\"Article\",\"@id\":\"https:\/\/www.institutodeengenharia.org.br\/site\/2008\/04\/11\/chesf-e-ana-farao-mapeamento-do-rio-sao-francisco\/#article\",\"isPartOf\":{\"@id\":\"https:\/\/www.institutodeengenharia.org.br\/site\/2008\/04\/11\/chesf-e-ana-farao-mapeamento-do-rio-sao-francisco\/\"},\"author\":{\"name\":\"TMax Tecnologia\",\"@id\":\"https:\/\/www.institutodeengenharia.org.br\/site\/#\/schema\/person\/3b1ff109facef084739fc2edcb9a127f\"},\"headline\":\"Chesf e ANA far\u00e3o mapeamento do Rio S\u00e3o Francisco\",\"datePublished\":\"2008-04-11T21:48:34+00:00\",\"mainEntityOfPage\":{\"@id\":\"https:\/\/www.institutodeengenharia.org.br\/site\/2008\/04\/11\/chesf-e-ana-farao-mapeamento-do-rio-sao-francisco\/\"},\"wordCount\":247,\"commentCount\":0,\"publisher\":{\"@id\":\"https:\/\/www.institutodeengenharia.org.br\/site\/#organization\"},\"articleSection\":[\"Not\u00edcias\",\"Recursos H\u00eddricos\"],\"inLanguage\":\"pt-BR\",\"potentialAction\":[{\"@type\":\"CommentAction\",\"name\":\"Comment\",\"target\":[\"https:\/\/www.institutodeengenharia.org.br\/site\/2008\/04\/11\/chesf-e-ana-farao-mapeamento-do-rio-sao-francisco\/#respond\"]}]},{\"@type\":\"WebPage\",\"@id\":\"https:\/\/www.institutodeengenharia.org.br\/site\/2008\/04\/11\/chesf-e-ana-farao-mapeamento-do-rio-sao-francisco\/\",\"url\":\"https:\/\/www.institutodeengenharia.org.br\/site\/2008\/04\/11\/chesf-e-ana-farao-mapeamento-do-rio-sao-francisco\/\",\"name\":\"Chesf e ANA far\u00e3o mapeamento do Rio S\u00e3o Francisco - Instituto de Engenharia\",\"isPartOf\":{\"@id\":\"https:\/\/www.institutodeengenharia.org.br\/site\/#website\"},\"datePublished\":\"2008-04-11T21:48:34+00:00\",\"breadcrumb\":{\"@id\":\"https:\/\/www.institutodeengenharia.org.br\/site\/2008\/04\/11\/chesf-e-ana-farao-mapeamento-do-rio-sao-francisco\/#breadcrumb\"},\"inLanguage\":\"pt-BR\",\"potentialAction\":[{\"@type\":\"ReadAction\",\"target\":[\"https:\/\/www.institutodeengenharia.org.br\/site\/2008\/04\/11\/chesf-e-ana-farao-mapeamento-do-rio-sao-francisco\/\"]}]},{\"@type\":\"BreadcrumbList\",\"@id\":\"https:\/\/www.institutodeengenharia.org.br\/site\/2008\/04\/11\/chesf-e-ana-farao-mapeamento-do-rio-sao-francisco\/#breadcrumb\",\"itemListElement\":[{\"@type\":\"ListItem\",\"position\":1,\"name\":\"In\u00edcio\",\"item\":\"https:\/\/www.institutodeengenharia.org.br\/site\/\"},{\"@type\":\"ListItem\",\"position\":2,\"name\":\"Chesf e ANA far\u00e3o mapeamento do Rio S\u00e3o Francisco\"}]},{\"@type\":\"WebSite\",\"@id\":\"https:\/\/www.institutodeengenharia.org.br\/site\/#website\",\"url\":\"https:\/\/www.institutodeengenharia.org.br\/site\/\",\"name\":\"Instituto de Engenharia\",\"description\":\"O Instituto de Engenharia promove a Engenharia em benef\u00edcio do desenvolvimento e da qualidade de vida da sociedade.\",\"publisher\":{\"@id\":\"https:\/\/www.institutodeengenharia.org.br\/site\/#organization\"},\"potentialAction\":[{\"@type\":\"SearchAction\",\"target\":{\"@type\":\"EntryPoint\",\"urlTemplate\":\"https:\/\/www.institutodeengenharia.org.br\/site\/?s={search_term_string}\"},\"query-input\":{\"@type\":\"PropertyValueSpecification\",\"valueRequired\":true,\"valueName\":\"search_term_string\"}}],\"inLanguage\":\"pt-BR\"},{\"@type\":\"Organization\",\"@id\":\"https:\/\/www.institutodeengenharia.org.br\/site\/#organization\",\"name\":\"Instituto de Engenharia\",\"url\":\"https:\/\/www.institutodeengenharia.org.br\/site\/\",\"logo\":{\"@type\":\"ImageObject\",\"inLanguage\":\"pt-BR\",\"@id\":\"https:\/\/www.institutodeengenharia.org.br\/site\/#\/schema\/logo\/image\/\",\"url\":\"https:\/\/www.institutodeengenharia.org.br\/site\/wp-content\/uploads\/2019\/03\/logo-novo-IE2018-1.jpg\",\"contentUrl\":\"https:\/\/www.institutodeengenharia.org.br\/site\/wp-content\/uploads\/2019\/03\/logo-novo-IE2018-1.jpg\",\"width\":1486,\"height\":1879,\"caption\":\"Instituto de Engenharia\"},\"image\":{\"@id\":\"https:\/\/www.institutodeengenharia.org.br\/site\/#\/schema\/logo\/image\/\"},\"sameAs\":[\"https:\/\/www.facebook.com\/institutodeengenharia\",\"https:\/\/x.com\/iengenharia\",\"https:\/\/www.instagram.com\/institutodeengenharia\/\",\"https:\/\/www.linkedin.com\/company\/instituto-de-engenharia\/\",\"https:\/\/www.youtube.com\/channel\/UCXiCAlsSMe977vamW915HxA\"]},{\"@type\":\"Person\",\"@id\":\"https:\/\/www.institutodeengenharia.org.br\/site\/#\/schema\/person\/3b1ff109facef084739fc2edcb9a127f\",\"name\":\"TMax Tecnologia\",\"image\":{\"@type\":\"ImageObject\",\"inLanguage\":\"pt-BR\",\"@id\":\"https:\/\/secure.gravatar.com\/avatar\/f912434ef7f389c92cb311fcdae346af848465d638912574b3c669070f797701?s=96&d=mm&r=g\",\"url\":\"https:\/\/secure.gravatar.com\/avatar\/f912434ef7f389c92cb311fcdae346af848465d638912574b3c669070f797701?s=96&d=mm&r=g\",\"contentUrl\":\"https:\/\/secure.gravatar.com\/avatar\/f912434ef7f389c92cb311fcdae346af848465d638912574b3c669070f797701?s=96&d=mm&r=g\",\"caption\":\"TMax Tecnologia\"},\"url\":\"https:\/\/www.institutodeengenharia.org.br\/site\/author\/tmax\/\"}]}<\/script>\n<!-- \/ Yoast SEO plugin. -->","yoast_head_json":{"title":"Chesf e ANA far\u00e3o mapeamento do Rio S\u00e3o Francisco - Instituto de Engenharia","robots":{"index":"index","follow":"follow","max-snippet":"max-snippet:-1","max-image-preview":"max-image-preview:large","max-video-preview":"max-video-preview:-1"},"canonical":"https:\/\/www.institutodeengenharia.org.br\/site\/2008\/04\/11\/chesf-e-ana-farao-mapeamento-do-rio-sao-francisco\/","og_locale":"pt_BR","og_type":"article","og_title":"Chesf e ANA far\u00e3o mapeamento do Rio S\u00e3o Francisco - Instituto de Engenharia","og_description":"A Chesf e a Ag\u00eancia Nacional de \u00c1guas (ANA) firmaram Termo de Coopera\u00e7\u00e3o T\u00e9cnica para elabora\u00e7\u00e3o de mapeamento georeferenciado das \u00e1reas inund\u00e1veis nas margens do Rio S\u00e3o Francisco \u00e0 jusante do reservat\u00f3rio de Sobradinho (BA). Em entrevista coletiva concedida no dia 09 de abril, no Recife (PE), o diretor de Opera\u00e7\u00e3o da Chesf, Mozart Arnaud, [&hellip;]","og_url":"https:\/\/www.institutodeengenharia.org.br\/site\/2008\/04\/11\/chesf-e-ana-farao-mapeamento-do-rio-sao-francisco\/","og_site_name":"Instituto de Engenharia","article_publisher":"https:\/\/www.facebook.com\/institutodeengenharia","article_published_time":"2008-04-11T21:48:34+00:00","author":"TMax Tecnologia","twitter_card":"summary_large_image","twitter_creator":"@iengenharia","twitter_site":"@iengenharia","twitter_misc":{"Escrito por":"TMax Tecnologia","Est. tempo de leitura":"1 minuto"},"schema":{"@context":"https:\/\/schema.org","@graph":[{"@type":"Article","@id":"https:\/\/www.institutodeengenharia.org.br\/site\/2008\/04\/11\/chesf-e-ana-farao-mapeamento-do-rio-sao-francisco\/#article","isPartOf":{"@id":"https:\/\/www.institutodeengenharia.org.br\/site\/2008\/04\/11\/chesf-e-ana-farao-mapeamento-do-rio-sao-francisco\/"},"author":{"name":"TMax Tecnologia","@id":"https:\/\/www.institutodeengenharia.org.br\/site\/#\/schema\/person\/3b1ff109facef084739fc2edcb9a127f"},"headline":"Chesf e ANA far\u00e3o mapeamento do Rio S\u00e3o Francisco","datePublished":"2008-04-11T21:48:34+00:00","mainEntityOfPage":{"@id":"https:\/\/www.institutodeengenharia.org.br\/site\/2008\/04\/11\/chesf-e-ana-farao-mapeamento-do-rio-sao-francisco\/"},"wordCount":247,"commentCount":0,"publisher":{"@id":"https:\/\/www.institutodeengenharia.org.br\/site\/#organization"},"articleSection":["Not\u00edcias","Recursos H\u00eddricos"],"inLanguage":"pt-BR","potentialAction":[{"@type":"CommentAction","name":"Comment","target":["https:\/\/www.institutodeengenharia.org.br\/site\/2008\/04\/11\/chesf-e-ana-farao-mapeamento-do-rio-sao-francisco\/#respond"]}]},{"@type":"WebPage","@id":"https:\/\/www.institutodeengenharia.org.br\/site\/2008\/04\/11\/chesf-e-ana-farao-mapeamento-do-rio-sao-francisco\/","url":"https:\/\/www.institutodeengenharia.org.br\/site\/2008\/04\/11\/chesf-e-ana-farao-mapeamento-do-rio-sao-francisco\/","name":"Chesf e ANA far\u00e3o mapeamento do Rio S\u00e3o Francisco - Instituto de Engenharia","isPartOf":{"@id":"https:\/\/www.institutodeengenharia.org.br\/site\/#website"},"datePublished":"2008-04-11T21:48:34+00:00","breadcrumb":{"@id":"https:\/\/www.institutodeengenharia.org.br\/site\/2008\/04\/11\/chesf-e-ana-farao-mapeamento-do-rio-sao-francisco\/#breadcrumb"},"inLanguage":"pt-BR","potentialAction":[{"@type":"ReadAction","target":["https:\/\/www.institutodeengenharia.org.br\/site\/2008\/04\/11\/chesf-e-ana-farao-mapeamento-do-rio-sao-francisco\/"]}]},{"@type":"BreadcrumbList","@id":"https:\/\/www.institutodeengenharia.org.br\/site\/2008\/04\/11\/chesf-e-ana-farao-mapeamento-do-rio-sao-francisco\/#breadcrumb","itemListElement":[{"@type":"ListItem","position":1,"name":"In\u00edcio","item":"https:\/\/www.institutodeengenharia.org.br\/site\/"},{"@type":"ListItem","position":2,"name":"Chesf e ANA far\u00e3o mapeamento do Rio S\u00e3o Francisco"}]},{"@type":"WebSite","@id":"https:\/\/www.institutodeengenharia.org.br\/site\/#website","url":"https:\/\/www.institutodeengenharia.org.br\/site\/","name":"Instituto de Engenharia","description":"O Instituto de Engenharia promove a Engenharia em benef\u00edcio do desenvolvimento e da qualidade de vida da sociedade.","publisher":{"@id":"https:\/\/www.institutodeengenharia.org.br\/site\/#organization"},"potentialAction":[{"@type":"SearchAction","target":{"@type":"EntryPoint","urlTemplate":"https:\/\/www.institutodeengenharia.org.br\/site\/?s={search_term_string}"},"query-input":{"@type":"PropertyValueSpecification","valueRequired":true,"valueName":"search_term_string"}}],"inLanguage":"pt-BR"},{"@type":"Organization","@id":"https:\/\/www.institutodeengenharia.org.br\/site\/#organization","name":"Instituto de Engenharia","url":"https:\/\/www.institutodeengenharia.org.br\/site\/","logo":{"@type":"ImageObject","inLanguage":"pt-BR","@id":"https:\/\/www.institutodeengenharia.org.br\/site\/#\/schema\/logo\/image\/","url":"https:\/\/www.institutodeengenharia.org.br\/site\/wp-content\/uploads\/2019\/03\/logo-novo-IE2018-1.jpg","contentUrl":"https:\/\/www.institutodeengenharia.org.br\/site\/wp-content\/uploads\/2019\/03\/logo-novo-IE2018-1.jpg","width":1486,"height":1879,"caption":"Instituto de Engenharia"},"image":{"@id":"https:\/\/www.institutodeengenharia.org.br\/site\/#\/schema\/logo\/image\/"},"sameAs":["https:\/\/www.facebook.com\/institutodeengenharia","https:\/\/x.com\/iengenharia","https:\/\/www.instagram.com\/institutodeengenharia\/","https:\/\/www.linkedin.com\/company\/instituto-de-engenharia\/","https:\/\/www.youtube.com\/channel\/UCXiCAlsSMe977vamW915HxA"]},{"@type":"Person","@id":"https:\/\/www.institutodeengenharia.org.br\/site\/#\/schema\/person\/3b1ff109facef084739fc2edcb9a127f","name":"TMax Tecnologia","image":{"@type":"ImageObject","inLanguage":"pt-BR","@id":"https:\/\/secure.gravatar.com\/avatar\/f912434ef7f389c92cb311fcdae346af848465d638912574b3c669070f797701?s=96&d=mm&r=g","url":"https:\/\/secure.gravatar.com\/avatar\/f912434ef7f389c92cb311fcdae346af848465d638912574b3c669070f797701?s=96&d=mm&r=g","contentUrl":"https:\/\/secure.gravatar.com\/avatar\/f912434ef7f389c92cb311fcdae346af848465d638912574b3c669070f797701?s=96&d=mm&r=g","caption":"TMax Tecnologia"},"url":"https:\/\/www.institutodeengenharia.org.br\/site\/author\/tmax\/"}]}},"_links":{"self":[{"href":"https:\/\/www.institutodeengenharia.org.br\/site\/wp-json\/wp\/v2\/posts\/14640","targetHints":{"allow":["GET"]}}],"collection":[{"href":"https:\/\/www.institutodeengenharia.org.br\/site\/wp-json\/wp\/v2\/posts"}],"about":[{"href":"https:\/\/www.institutodeengenharia.org.br\/site\/wp-json\/wp\/v2\/types\/post"}],"author":[{"embeddable":true,"href":"https:\/\/www.institutodeengenharia.org.br\/site\/wp-json\/wp\/v2\/users\/1"}],"replies":[{"embeddable":true,"href":"https:\/\/www.institutodeengenharia.org.br\/site\/wp-json\/wp\/v2\/comments?post=14640"}],"version-history":[{"count":0,"href":"https:\/\/www.institutodeengenharia.org.br\/site\/wp-json\/wp\/v2\/posts\/14640\/revisions"}],"wp:attachment":[{"href":"https:\/\/www.institutodeengenharia.org.br\/site\/wp-json\/wp\/v2\/media?parent=14640"}],"wp:term":[{"taxonomy":"category","embeddable":true,"href":"https:\/\/www.institutodeengenharia.org.br\/site\/wp-json\/wp\/v2\/categories?post=14640"},{"taxonomy":"post_tag","embeddable":true,"href":"https:\/\/www.institutodeengenharia.org.br\/site\/wp-json\/wp\/v2\/tags?post=14640"}],"curies":[{"name":"wp","href":"https:\/\/api.w.org\/{rel}","templated":true}]}}