{"id":14633,"date":"2008-04-11T21:48:27","date_gmt":"2008-04-11T21:48:27","guid":{"rendered":"https:\/\/www.institutodeengenharia.org.br\/?p=14633"},"modified":"2008-04-11T09:20:57","modified_gmt":"2008-04-11T09:20:57","slug":"sp-recebe-feira-de-arquitetura-e-construcao-corporativa","status":"publish","type":"post","link":"https:\/\/www.institutodeengenharia.org.br\/site\/2008\/04\/11\/sp-recebe-feira-de-arquitetura-e-construcao-corporativa\/","title":{"rendered":"SP recebe feira de arquitetura e constru\u00e7\u00e3o corporativa"},"content":{"rendered":"<p>Acontece no pr\u00f3ximo m\u00eas, na Bienal S\u00e3o Paulo (Parque do Ibirapuera), a 12\u00aa Office Solution ArquiShow FacilityShow. De 12 a 16 de maio, cerca de 190 expositores nacionais e estrangeiros v\u00e3o apresentar mais de 1.200 lan\u00e7amentos entre mobili\u00e1rio, cadeiras, pisos, lumin\u00e1rias, forros, persianas, entre outros produtos. \u201cNesta nova edi\u00e7\u00e3o, tudo o que for apresentando ser\u00e1 novidade para os visitantes\u201d antecipa Ricardo Aronovich, da Flex Eventos, respons\u00e1vel pela organiza\u00e7\u00e3o. <\/p>\n<p>Nos estandes da feira, que este ano ocupar\u00e1 um espa\u00e7o de 24,5 mil metros quadrados, haver\u00e1 produtos dirigidos a escrit\u00f3rios, shopping centers, hospitais, hot\u00e9is, empresas de call center, \u00f3rg\u00e3os p\u00fablicos e tantos outros empreendimentos. \u201cMuito do que \u00e9 apresentado na feira atende variadas necessidades e projetos. A feira \u00e9 uma grande vitrine e, por isso, tem crescido cada vez mais, tanto em expositores quanto em visita\u00e7\u00e3o\u201d, diz Aronovich. Para este ano, a expectativa \u00e9 de 44 mil visitantes e de que os neg\u00f3cios gerados durante a feira atinjam, aproximadamente, R$250 milh\u00f5es. <\/p>\n<p>Esse otimismo \u00e9 motivado pelo superaquecimento vivido pelo setor no pa\u00eds. No ano passado, no mercado imobili\u00e1rio foram investidos cerca de US$30 bilh\u00f5es. Por esse cen\u00e1rio, o organizador do evento j\u00e1 prev\u00ea uma enorme agita\u00e7\u00e3o no Pavilh\u00e3o Imobili\u00e1rio. \u201cAqui os visitantes v\u00e3o conhecer o que as incorporadoras e construtoras j\u00e1 t\u00eam para oferecer em projetos de im\u00f3veis comerciais, residenciais, centros de distribui\u00e7\u00e3o, entre outros.\u201d Segundo Aronovich, no pa\u00eds h\u00e1 previs\u00e3o para mais nove milh\u00f5es de metros quadrados em novos escrit\u00f3rios, 250 novos shoppings centers, novas redes hoteleiras e da \u00e1rea de sa\u00fade. <\/p>\n<p>Outro pavilh\u00e3o que tamb\u00e9m promete ser bastante movimentado \u00e9 do N\u00facleo de Pregoeiros, focado no mercado de compra e venda para o governo. Al\u00e9m de palestras com v\u00e1rios especialistas no assunto, no pavilh\u00e3o vai ter algumas esta\u00e7\u00f5es para quem quiser participar dos preg\u00f5es que v\u00e3o ser realizados por todo o pa\u00eds As tend\u00eancias dos processos de compra, pr\u00e9-qualifica\u00e7\u00e3o nas licita\u00e7\u00f5es e certifica\u00e7\u00e3o como garantia de fornecimento s\u00e3o alguns dos temas que ser\u00e3o debatidos pelo N\u00facleo de Pregoeiros. \u201c\u00c9 a chance que muitos t\u00eam de aprender em cinco dias o que, talvez, levariam muito mais tempo\u201d, conclui Aronovich.\u00a0<\/p>\n<p>Servi\u00e7o: <br \/>\n12\u00aa Office Solution ArquiShow FacilityShow <br \/>\nQuando: de 12 a 16 de maio <br \/>\nOnde: Bienal S\u00e3o Paulo (Parque do Ibirapuera) <br \/>\nHor\u00e1rio: das 14h \u00e0s 22h <br \/>\nEntrada franca (menores de 16 anos somente acompanhados por respons\u00e1vel) <br \/>\nwww.flexeventos.com.br <\/p>\n<p><b>Autor: Assessoria de imprensa<\/b><\/p>\n","protected":false},"excerpt":{"rendered":"<p>Acontece no pr\u00f3ximo m\u00eas, na Bienal S\u00e3o Paulo (Parque do Ibirapuera), a 12\u00aa Office Solution ArquiShow FacilityShow. De 12 a 16 de maio, cerca de 190 expositores nacionais e estrangeiros v\u00e3o apresentar mais de 1.200 lan\u00e7amentos entre mobili\u00e1rio, cadeiras, pisos, lumin\u00e1rias, forros, persianas, entre outros produtos. \u201cNesta nova edi\u00e7\u00e3o, tudo o que for apresentando ser\u00e1 [&hellip;]<\/p>\n","protected":false},"author":1,"featured_media":0,"comment_status":"open","ping_status":"open","sticky":false,"template":"","format":"standard","meta":{"footnotes":""},"categories":[6,42],"tags":[],"class_list":{"0":"post-14633","1":"post","2":"type-post","3":"status-publish","4":"format-standard","6":"category-noticias","7":"category-urbanismo"},"yoast_head":"<!-- This site is optimized with the Yoast SEO plugin v27.2 - https:\/\/yoast.com\/product\/yoast-seo-wordpress\/ -->\n<title>SP recebe feira de arquitetura e constru\u00e7\u00e3o corporativa - Instituto de Engenharia<\/title>\n<meta name=\"robots\" content=\"index, follow, max-snippet:-1, max-image-preview:large, max-video-preview:-1\" \/>\n<link rel=\"canonical\" href=\"https:\/\/www.institutodeengenharia.org.br\/site\/2008\/04\/11\/sp-recebe-feira-de-arquitetura-e-construcao-corporativa\/\" \/>\n<meta property=\"og:locale\" content=\"pt_BR\" \/>\n<meta property=\"og:type\" content=\"article\" \/>\n<meta property=\"og:title\" content=\"SP recebe feira de arquitetura e constru\u00e7\u00e3o corporativa - Instituto de Engenharia\" \/>\n<meta property=\"og:description\" content=\"Acontece no pr\u00f3ximo m\u00eas, na Bienal S\u00e3o Paulo (Parque do Ibirapuera), a 12\u00aa Office Solution ArquiShow FacilityShow. De 12 a 16 de maio, cerca de 190 expositores nacionais e estrangeiros v\u00e3o apresentar mais de 1.200 lan\u00e7amentos entre mobili\u00e1rio, cadeiras, pisos, lumin\u00e1rias, forros, persianas, entre outros produtos. \u201cNesta nova edi\u00e7\u00e3o, tudo o que for apresentando ser\u00e1 [&hellip;]\" \/>\n<meta property=\"og:url\" content=\"https:\/\/www.institutodeengenharia.org.br\/site\/2008\/04\/11\/sp-recebe-feira-de-arquitetura-e-construcao-corporativa\/\" \/>\n<meta property=\"og:site_name\" content=\"Instituto de Engenharia\" \/>\n<meta property=\"article:publisher\" content=\"https:\/\/www.facebook.com\/institutodeengenharia\" \/>\n<meta property=\"article:published_time\" content=\"2008-04-11T21:48:27+00:00\" \/>\n<meta name=\"author\" content=\"TMax Tecnologia\" \/>\n<meta name=\"twitter:card\" content=\"summary_large_image\" \/>\n<meta name=\"twitter:creator\" content=\"@iengenharia\" \/>\n<meta name=\"twitter:site\" content=\"@iengenharia\" \/>\n<meta name=\"twitter:label1\" content=\"Escrito por\" \/>\n\t<meta name=\"twitter:data1\" content=\"TMax Tecnologia\" \/>\n\t<meta name=\"twitter:label2\" content=\"Est. tempo de leitura\" \/>\n\t<meta name=\"twitter:data2\" content=\"2 minutos\" \/>\n<script type=\"application\/ld+json\" class=\"yoast-schema-graph\">{\"@context\":\"https:\/\/schema.org\",\"@graph\":[{\"@type\":\"Article\",\"@id\":\"https:\/\/www.institutodeengenharia.org.br\/site\/2008\/04\/11\/sp-recebe-feira-de-arquitetura-e-construcao-corporativa\/#article\",\"isPartOf\":{\"@id\":\"https:\/\/www.institutodeengenharia.org.br\/site\/2008\/04\/11\/sp-recebe-feira-de-arquitetura-e-construcao-corporativa\/\"},\"author\":{\"name\":\"TMax Tecnologia\",\"@id\":\"https:\/\/www.institutodeengenharia.org.br\/site\/#\/schema\/person\/3b1ff109facef084739fc2edcb9a127f\"},\"headline\":\"SP recebe feira de arquitetura e constru\u00e7\u00e3o corporativa\",\"datePublished\":\"2008-04-11T21:48:27+00:00\",\"mainEntityOfPage\":{\"@id\":\"https:\/\/www.institutodeengenharia.org.br\/site\/2008\/04\/11\/sp-recebe-feira-de-arquitetura-e-construcao-corporativa\/\"},\"wordCount\":439,\"commentCount\":0,\"publisher\":{\"@id\":\"https:\/\/www.institutodeengenharia.org.br\/site\/#organization\"},\"articleSection\":[\"Not\u00edcias\",\"Urbanismo\"],\"inLanguage\":\"pt-BR\",\"potentialAction\":[{\"@type\":\"CommentAction\",\"name\":\"Comment\",\"target\":[\"https:\/\/www.institutodeengenharia.org.br\/site\/2008\/04\/11\/sp-recebe-feira-de-arquitetura-e-construcao-corporativa\/#respond\"]}]},{\"@type\":\"WebPage\",\"@id\":\"https:\/\/www.institutodeengenharia.org.br\/site\/2008\/04\/11\/sp-recebe-feira-de-arquitetura-e-construcao-corporativa\/\",\"url\":\"https:\/\/www.institutodeengenharia.org.br\/site\/2008\/04\/11\/sp-recebe-feira-de-arquitetura-e-construcao-corporativa\/\",\"name\":\"SP recebe feira de arquitetura e constru\u00e7\u00e3o corporativa - Instituto de Engenharia\",\"isPartOf\":{\"@id\":\"https:\/\/www.institutodeengenharia.org.br\/site\/#website\"},\"datePublished\":\"2008-04-11T21:48:27+00:00\",\"breadcrumb\":{\"@id\":\"https:\/\/www.institutodeengenharia.org.br\/site\/2008\/04\/11\/sp-recebe-feira-de-arquitetura-e-construcao-corporativa\/#breadcrumb\"},\"inLanguage\":\"pt-BR\",\"potentialAction\":[{\"@type\":\"ReadAction\",\"target\":[\"https:\/\/www.institutodeengenharia.org.br\/site\/2008\/04\/11\/sp-recebe-feira-de-arquitetura-e-construcao-corporativa\/\"]}]},{\"@type\":\"BreadcrumbList\",\"@id\":\"https:\/\/www.institutodeengenharia.org.br\/site\/2008\/04\/11\/sp-recebe-feira-de-arquitetura-e-construcao-corporativa\/#breadcrumb\",\"itemListElement\":[{\"@type\":\"ListItem\",\"position\":1,\"name\":\"In\u00edcio\",\"item\":\"https:\/\/www.institutodeengenharia.org.br\/site\/\"},{\"@type\":\"ListItem\",\"position\":2,\"name\":\"SP recebe feira de arquitetura e constru\u00e7\u00e3o corporativa\"}]},{\"@type\":\"WebSite\",\"@id\":\"https:\/\/www.institutodeengenharia.org.br\/site\/#website\",\"url\":\"https:\/\/www.institutodeengenharia.org.br\/site\/\",\"name\":\"Instituto de Engenharia\",\"description\":\"O Instituto de Engenharia promove a Engenharia em benef\u00edcio do desenvolvimento e da qualidade de vida da sociedade.\",\"publisher\":{\"@id\":\"https:\/\/www.institutodeengenharia.org.br\/site\/#organization\"},\"potentialAction\":[{\"@type\":\"SearchAction\",\"target\":{\"@type\":\"EntryPoint\",\"urlTemplate\":\"https:\/\/www.institutodeengenharia.org.br\/site\/?s={search_term_string}\"},\"query-input\":{\"@type\":\"PropertyValueSpecification\",\"valueRequired\":true,\"valueName\":\"search_term_string\"}}],\"inLanguage\":\"pt-BR\"},{\"@type\":\"Organization\",\"@id\":\"https:\/\/www.institutodeengenharia.org.br\/site\/#organization\",\"name\":\"Instituto de Engenharia\",\"url\":\"https:\/\/www.institutodeengenharia.org.br\/site\/\",\"logo\":{\"@type\":\"ImageObject\",\"inLanguage\":\"pt-BR\",\"@id\":\"https:\/\/www.institutodeengenharia.org.br\/site\/#\/schema\/logo\/image\/\",\"url\":\"https:\/\/www.institutodeengenharia.org.br\/site\/wp-content\/uploads\/2019\/03\/logo-novo-IE2018-1.jpg\",\"contentUrl\":\"https:\/\/www.institutodeengenharia.org.br\/site\/wp-content\/uploads\/2019\/03\/logo-novo-IE2018-1.jpg\",\"width\":1486,\"height\":1879,\"caption\":\"Instituto de Engenharia\"},\"image\":{\"@id\":\"https:\/\/www.institutodeengenharia.org.br\/site\/#\/schema\/logo\/image\/\"},\"sameAs\":[\"https:\/\/www.facebook.com\/institutodeengenharia\",\"https:\/\/x.com\/iengenharia\",\"https:\/\/www.instagram.com\/institutodeengenharia\/\",\"https:\/\/www.linkedin.com\/company\/instituto-de-engenharia\/\",\"https:\/\/www.youtube.com\/channel\/UCXiCAlsSMe977vamW915HxA\"]},{\"@type\":\"Person\",\"@id\":\"https:\/\/www.institutodeengenharia.org.br\/site\/#\/schema\/person\/3b1ff109facef084739fc2edcb9a127f\",\"name\":\"TMax Tecnologia\",\"image\":{\"@type\":\"ImageObject\",\"inLanguage\":\"pt-BR\",\"@id\":\"https:\/\/secure.gravatar.com\/avatar\/f912434ef7f389c92cb311fcdae346af848465d638912574b3c669070f797701?s=96&d=mm&r=g\",\"url\":\"https:\/\/secure.gravatar.com\/avatar\/f912434ef7f389c92cb311fcdae346af848465d638912574b3c669070f797701?s=96&d=mm&r=g\",\"contentUrl\":\"https:\/\/secure.gravatar.com\/avatar\/f912434ef7f389c92cb311fcdae346af848465d638912574b3c669070f797701?s=96&d=mm&r=g\",\"caption\":\"TMax Tecnologia\"},\"url\":\"https:\/\/www.institutodeengenharia.org.br\/site\/author\/tmax\/\"}]}<\/script>\n<!-- \/ Yoast SEO plugin. -->","yoast_head_json":{"title":"SP recebe feira de arquitetura e constru\u00e7\u00e3o corporativa - Instituto de Engenharia","robots":{"index":"index","follow":"follow","max-snippet":"max-snippet:-1","max-image-preview":"max-image-preview:large","max-video-preview":"max-video-preview:-1"},"canonical":"https:\/\/www.institutodeengenharia.org.br\/site\/2008\/04\/11\/sp-recebe-feira-de-arquitetura-e-construcao-corporativa\/","og_locale":"pt_BR","og_type":"article","og_title":"SP recebe feira de arquitetura e constru\u00e7\u00e3o corporativa - Instituto de Engenharia","og_description":"Acontece no pr\u00f3ximo m\u00eas, na Bienal S\u00e3o Paulo (Parque do Ibirapuera), a 12\u00aa Office Solution ArquiShow FacilityShow. De 12 a 16 de maio, cerca de 190 expositores nacionais e estrangeiros v\u00e3o apresentar mais de 1.200 lan\u00e7amentos entre mobili\u00e1rio, cadeiras, pisos, lumin\u00e1rias, forros, persianas, entre outros produtos. \u201cNesta nova edi\u00e7\u00e3o, tudo o que for apresentando ser\u00e1 [&hellip;]","og_url":"https:\/\/www.institutodeengenharia.org.br\/site\/2008\/04\/11\/sp-recebe-feira-de-arquitetura-e-construcao-corporativa\/","og_site_name":"Instituto de Engenharia","article_publisher":"https:\/\/www.facebook.com\/institutodeengenharia","article_published_time":"2008-04-11T21:48:27+00:00","author":"TMax Tecnologia","twitter_card":"summary_large_image","twitter_creator":"@iengenharia","twitter_site":"@iengenharia","twitter_misc":{"Escrito por":"TMax Tecnologia","Est. tempo de leitura":"2 minutos"},"schema":{"@context":"https:\/\/schema.org","@graph":[{"@type":"Article","@id":"https:\/\/www.institutodeengenharia.org.br\/site\/2008\/04\/11\/sp-recebe-feira-de-arquitetura-e-construcao-corporativa\/#article","isPartOf":{"@id":"https:\/\/www.institutodeengenharia.org.br\/site\/2008\/04\/11\/sp-recebe-feira-de-arquitetura-e-construcao-corporativa\/"},"author":{"name":"TMax Tecnologia","@id":"https:\/\/www.institutodeengenharia.org.br\/site\/#\/schema\/person\/3b1ff109facef084739fc2edcb9a127f"},"headline":"SP recebe feira de arquitetura e constru\u00e7\u00e3o corporativa","datePublished":"2008-04-11T21:48:27+00:00","mainEntityOfPage":{"@id":"https:\/\/www.institutodeengenharia.org.br\/site\/2008\/04\/11\/sp-recebe-feira-de-arquitetura-e-construcao-corporativa\/"},"wordCount":439,"commentCount":0,"publisher":{"@id":"https:\/\/www.institutodeengenharia.org.br\/site\/#organization"},"articleSection":["Not\u00edcias","Urbanismo"],"inLanguage":"pt-BR","potentialAction":[{"@type":"CommentAction","name":"Comment","target":["https:\/\/www.institutodeengenharia.org.br\/site\/2008\/04\/11\/sp-recebe-feira-de-arquitetura-e-construcao-corporativa\/#respond"]}]},{"@type":"WebPage","@id":"https:\/\/www.institutodeengenharia.org.br\/site\/2008\/04\/11\/sp-recebe-feira-de-arquitetura-e-construcao-corporativa\/","url":"https:\/\/www.institutodeengenharia.org.br\/site\/2008\/04\/11\/sp-recebe-feira-de-arquitetura-e-construcao-corporativa\/","name":"SP recebe feira de arquitetura e constru\u00e7\u00e3o corporativa - Instituto de Engenharia","isPartOf":{"@id":"https:\/\/www.institutodeengenharia.org.br\/site\/#website"},"datePublished":"2008-04-11T21:48:27+00:00","breadcrumb":{"@id":"https:\/\/www.institutodeengenharia.org.br\/site\/2008\/04\/11\/sp-recebe-feira-de-arquitetura-e-construcao-corporativa\/#breadcrumb"},"inLanguage":"pt-BR","potentialAction":[{"@type":"ReadAction","target":["https:\/\/www.institutodeengenharia.org.br\/site\/2008\/04\/11\/sp-recebe-feira-de-arquitetura-e-construcao-corporativa\/"]}]},{"@type":"BreadcrumbList","@id":"https:\/\/www.institutodeengenharia.org.br\/site\/2008\/04\/11\/sp-recebe-feira-de-arquitetura-e-construcao-corporativa\/#breadcrumb","itemListElement":[{"@type":"ListItem","position":1,"name":"In\u00edcio","item":"https:\/\/www.institutodeengenharia.org.br\/site\/"},{"@type":"ListItem","position":2,"name":"SP recebe feira de arquitetura e constru\u00e7\u00e3o corporativa"}]},{"@type":"WebSite","@id":"https:\/\/www.institutodeengenharia.org.br\/site\/#website","url":"https:\/\/www.institutodeengenharia.org.br\/site\/","name":"Instituto de Engenharia","description":"O Instituto de Engenharia promove a Engenharia em benef\u00edcio do desenvolvimento e da qualidade de vida da sociedade.","publisher":{"@id":"https:\/\/www.institutodeengenharia.org.br\/site\/#organization"},"potentialAction":[{"@type":"SearchAction","target":{"@type":"EntryPoint","urlTemplate":"https:\/\/www.institutodeengenharia.org.br\/site\/?s={search_term_string}"},"query-input":{"@type":"PropertyValueSpecification","valueRequired":true,"valueName":"search_term_string"}}],"inLanguage":"pt-BR"},{"@type":"Organization","@id":"https:\/\/www.institutodeengenharia.org.br\/site\/#organization","name":"Instituto de Engenharia","url":"https:\/\/www.institutodeengenharia.org.br\/site\/","logo":{"@type":"ImageObject","inLanguage":"pt-BR","@id":"https:\/\/www.institutodeengenharia.org.br\/site\/#\/schema\/logo\/image\/","url":"https:\/\/www.institutodeengenharia.org.br\/site\/wp-content\/uploads\/2019\/03\/logo-novo-IE2018-1.jpg","contentUrl":"https:\/\/www.institutodeengenharia.org.br\/site\/wp-content\/uploads\/2019\/03\/logo-novo-IE2018-1.jpg","width":1486,"height":1879,"caption":"Instituto de Engenharia"},"image":{"@id":"https:\/\/www.institutodeengenharia.org.br\/site\/#\/schema\/logo\/image\/"},"sameAs":["https:\/\/www.facebook.com\/institutodeengenharia","https:\/\/x.com\/iengenharia","https:\/\/www.instagram.com\/institutodeengenharia\/","https:\/\/www.linkedin.com\/company\/instituto-de-engenharia\/","https:\/\/www.youtube.com\/channel\/UCXiCAlsSMe977vamW915HxA"]},{"@type":"Person","@id":"https:\/\/www.institutodeengenharia.org.br\/site\/#\/schema\/person\/3b1ff109facef084739fc2edcb9a127f","name":"TMax Tecnologia","image":{"@type":"ImageObject","inLanguage":"pt-BR","@id":"https:\/\/secure.gravatar.com\/avatar\/f912434ef7f389c92cb311fcdae346af848465d638912574b3c669070f797701?s=96&d=mm&r=g","url":"https:\/\/secure.gravatar.com\/avatar\/f912434ef7f389c92cb311fcdae346af848465d638912574b3c669070f797701?s=96&d=mm&r=g","contentUrl":"https:\/\/secure.gravatar.com\/avatar\/f912434ef7f389c92cb311fcdae346af848465d638912574b3c669070f797701?s=96&d=mm&r=g","caption":"TMax Tecnologia"},"url":"https:\/\/www.institutodeengenharia.org.br\/site\/author\/tmax\/"}]}},"_links":{"self":[{"href":"https:\/\/www.institutodeengenharia.org.br\/site\/wp-json\/wp\/v2\/posts\/14633","targetHints":{"allow":["GET"]}}],"collection":[{"href":"https:\/\/www.institutodeengenharia.org.br\/site\/wp-json\/wp\/v2\/posts"}],"about":[{"href":"https:\/\/www.institutodeengenharia.org.br\/site\/wp-json\/wp\/v2\/types\/post"}],"author":[{"embeddable":true,"href":"https:\/\/www.institutodeengenharia.org.br\/site\/wp-json\/wp\/v2\/users\/1"}],"replies":[{"embeddable":true,"href":"https:\/\/www.institutodeengenharia.org.br\/site\/wp-json\/wp\/v2\/comments?post=14633"}],"version-history":[{"count":0,"href":"https:\/\/www.institutodeengenharia.org.br\/site\/wp-json\/wp\/v2\/posts\/14633\/revisions"}],"wp:attachment":[{"href":"https:\/\/www.institutodeengenharia.org.br\/site\/wp-json\/wp\/v2\/media?parent=14633"}],"wp:term":[{"taxonomy":"category","embeddable":true,"href":"https:\/\/www.institutodeengenharia.org.br\/site\/wp-json\/wp\/v2\/categories?post=14633"},{"taxonomy":"post_tag","embeddable":true,"href":"https:\/\/www.institutodeengenharia.org.br\/site\/wp-json\/wp\/v2\/tags?post=14633"}],"curies":[{"name":"wp","href":"https:\/\/api.w.org\/{rel}","templated":true}]}}